{"id":81147,"date":"2022-07-06T09:37:30","date_gmt":"2022-07-06T12:37:30","guid":{"rendered":"https:\/\/www.informelitoral.com.ar\/?p=81147"},"modified":"2022-07-06T09:37:30","modified_gmt":"2022-07-06T12:37:30","slug":"river-velez-por-un-lugar-en-los-cuartos-de-final-de-la-copa-libertadores-hora-tv-y-formaciones","status":"publish","type":"post","link":"https:\/\/informelitoral.com.ar\/river-velez-por-un-lugar-en-los-cuartos-de-final-de-la-copa-libertadores-hora-tv-y-formaciones\/","title":{"rendered":"River-V\u00e9lez, por un lugar en los cuartos de final de la Copa Libertadores: hora, TV y formaciones"},"content":{"rendered":"<p class=\"paragraph\">Los octavos de final de la Copa Libertadores no se detienen y seguir\u00e1n su curso con cuatro compromisos. Uno de los m\u00e1s prometedores ser\u00e1 el que tendr\u00e1 lugar en el\u00a0<i>Antonio Vespucio Liberti<\/i>, escenario que pondr\u00e1 cara a cara a dos instituciones que ya saben lo que es levantar este trofeo. Desde las 21.30,<b>\u00a0River Plate recibir\u00e1 a V\u00e9lez Sarsfield\u00a0<\/b>con el arbitraje del chileno Roberto Tobar y con televisaci\u00f3n de Fox Sports. En la ida, disputada la semana pasada en Liniers,\u00a0<b>el\u00a0<\/b><i><b>Fort\u00edn\u00a0<\/b><\/i><b>se impuso por 1 a 0 con un gol de Lucas Janson.<\/b><\/p>\n<p class=\"paragraph\">El Millonario, si bien avanz\u00f3 a esta instancia tras ser el segundo mejor primera en las fases de grupo, no atraviesa su mejor presente y tuvo una muy mala noche en el\u00a0<i>Jos\u00e9 Amalfitani.<\/i>\u00a0\u201cM\u00e1s all\u00e1 de la incomodidad con la que nos hizo jugar V\u00e9lez, nosotros no nos encontramos. Futbol\u00edsticamente intentamos con variantes pero no nos encontramos. Y cuando el equipo juega mal no hay muchas explicaciones. Jugamos mal. Somos conscientes de eso y debemos mejorar para el partido que viene. La serie, gracias al resultado, est\u00e1 abierta. Tenemos que ser conscientes de que peor que esto no podemos jugar. Intentaremos cambiar la imagen la semana que viene\u201d, esboz\u00f3 Marcelo Gallardo en conferencia de prensa.<\/p>\n<p class=\"paragraph\">El\u00a0<i>Mu\u00f1eco<\/i>\u00a0tom\u00f3 nota de lo acontecido e intentar\u00e1 cambiar el rumbo con una modificaci\u00f3n dentro del equipo titular. Se destaca<b>\u00a0la importante vuelta del uruguayo Nicol\u00e1s De La Cruz, quien ya cuenta con el alta m\u00e9dica.<\/b>\u00a0De esta manera el que saldr\u00e1 del 11 ser\u00e1 el mediocampista Esequiel Barco.<\/p>\n<p class=\"paragraph\">En la ofensiva, por su parte, estar\u00e1n Juli\u00e1n \u00c1lvarez, que disputar\u00e1 su \u00faltimo partido con la camiseta del club de N\u00fa\u00f1ez antes de emigrar rumbo a Inglaterra para ponerse bajo las \u00f3rdenes de Pep Guardiola en el Manchester City, y Braian Romero, quien le gan\u00f3 nuevamente la pulseada a Lucas Beltr\u00e1n. Los del Mu\u00f1eco llegan a este compromiso tras caer por 3 a 2 ante Hurac\u00e1n por la sexta fecha de la Liga Profesional.<\/p>\n<p class=\"paragraph\">La defensa, pese a las cr\u00edticas que recibi\u00f3 por lo acontecido en Liniers, ser\u00e1 la misma: Emanuel Mammana, Paulo D\u00edaz, David Mart\u00ednez y Milton Casco.<\/p>\n<p class=\"paragraph\">La visita, por su parte, viene de caer por 1 a 0 ante Atl\u00e9tico Tucum\u00e1n en el torneo dom\u00e9stico, donde el Cacique Medina apost\u00f3 por una alineaci\u00f3n totalmente alternativa. El estratega uruguayo, conforme con lo realizado en el primer partido, apostar\u00e1 nuevamente por los mismos nombres, por lo que\u00a0<b>en la ofensiva estar\u00e1 el tridente conformado por Lucas Janson, Lucas Pratto y Walter Bou.<\/b><\/p>\n<p class=\"paragraph\">De esta manera, el ex Atl\u00e9tico Madrid Diego God\u00edn, uno de los refuerzos estelares de V\u00e9lez, aguardar\u00e1 por una oportunidad en el banco de suplentes.<\/p>\n<p class=\"paragraph\">Vale recordar que en esta edici\u00f3n de la Copa Libertadores dej\u00f3 de implementarse el gol de visitante en caso de igualdad en las series.<\/p>\n<p class=\"paragraph\">El ganador de este cruce se medir\u00e1 en los octavos de final ante el vencedor de la llave que protagonizar\u00e1n unas horas antes Col\u00f3n y Talleres (en la ida, disputada en C\u00f3rdoba, igualaron 1 a 1).<\/p>\n<p class=\"paragraph\"><b>River Plate:\u00a0<\/b>Franco Armani; Emanuel Mammana, Paulo D\u00edaz, David Mart\u00ednez, Milton Casco; Jos\u00e9 Paradela, Enzo P\u00e9rez, Enzo Fern\u00e1ndez, Nicol\u00e1s De La Cruz; Juli\u00e1n \u00c1lvarez y Braian Romero.<b>\u00a0DT:\u00a0<\/b>Marcelo Gallardo<\/p>\n<p class=\"paragraph\"><b>V\u00e9lez:\u00a0<\/b>Lucas Hoyos; Leonardo Jara, Mat\u00edas De los Santos, Valent\u00edn G\u00f3mez, Francisco Ortega; M\u00e1ximo Perrone, Nicol\u00e1s Garayalde; Luca Orellano, Lucas Pratto, Lucas Janson y Walter Bou.\u00a0<b>DT:\u00a0<\/b>Alexander Medina<\/p>\n<p class=\"paragraph\"><b>Estadio:\u00a0<\/b>Antonio Vespucio Liberti<\/p>\n<p class=\"paragraph\"><b>\u00c1rbitro:\u00a0<\/b>Roberto Tobar (Chile)<\/p>\n<p class=\"paragraph\"><b>Hora:\u00a0<\/b>21.30<\/p>\n<p class=\"paragraph\"><b>Televisaci\u00f3n:\u00a0<\/b>Fox Sports(<em>Infobae<\/em>)<\/p>\n","protected":false},"excerpt":{"rendered":"<p>El Millonario est\u00e1 obligado a doblegar al Fort\u00edn para dar vuelta la serie y avanzar de ronda en el certamen continental. Desde las 21.30, en el Monumental<\/p>\n","protected":false},"author":8,"featured_media":81149,"comment_status":"open","ping_status":"open","sticky":false,"template":"","format":"standard","meta":{"fifu_image_url":"","fifu_image_alt":"","footnotes":""},"categories":[13],"tags":[400,3528],"class_list":{"0":"post-81147","1":"post","2":"type-post","3":"status-publish","4":"format-standard","5":"has-post-thumbnail","7":"category-deportes","8":"tag-copa-libertadores","9":"tag-river-plate"},"yoast_head":"<title>River-V\u00e9lez, por un lugar en los cuartos de final de la Copa Libertadores: hora, TV y formaciones - Informe Litoral<\/title>\n<meta name=\"robots\" content=\"index, follow, max-snippet:-1, max-image-preview:large, max-video-preview:-1\" \/>\n<link rel=\"canonical\" href=\"https:\/\/informelitoral.com.ar\/river-velez-por-un-lugar-en-los-cuartos-de-final-de-la-copa-libertadores-hora-tv-y-formaciones\/\" \/>\n<meta property=\"og:locale\" content=\"es_ES\" \/>\n<meta property=\"og:type\" content=\"article\" \/>\n<meta property=\"og:title\" content=\"River-V\u00e9lez, por un lugar en los cuartos de final de la Copa Libertadores: hora, TV y formaciones - Informe Litoral\" \/>\n<meta property=\"og:description\" content=\"El Millonario est\u00e1 obligado a doblegar al Fort\u00edn para dar vuelta la serie y avanzar de ronda en el certamen continental. Desde las 21.30, en el Monumental\" \/>\n<meta property=\"og:url\" content=\"https:\/\/informelitoral.com.ar\/river-velez-por-un-lugar-en-los-cuartos-de-final-de-la-copa-libertadores-hora-tv-y-formaciones\/\" \/>\n<meta property=\"og:site_name\" content=\"Informe Litoral\" \/>\n<meta property=\"article:publisher\" content=\"https:\/\/www.facebook.com\/informelitoral\/\" \/>\n<meta property=\"article:published_time\" content=\"2022-07-06T12:37:30+00:00\" \/>\n<meta property=\"og:image\" content=\"https:\/\/informelitoral.com.ar\/%77%70%2d%63%6f%6e%74%65%6e%74\/uploads\/2022\/07\/image-1.png\" \/>\n\t<meta property=\"og:image:width\" content=\"740\" \/>\n\t<meta property=\"og:image:height\" content=\"416\" \/>\n\t<meta property=\"og:image:type\" content=\"image\/png\" \/>\n<meta name=\"author\" content=\"Sebastian\" \/>\n<meta name=\"twitter:card\" content=\"summary_large_image\" \/>\n<meta name=\"twitter:creator\" content=\"@InformeLitoral\" \/>\n<meta name=\"twitter:site\" content=\"@InformeLitoral\" \/>\n<meta name=\"twitter:label1\" content=\"Escrito por\" \/>\n\t<meta name=\"twitter:data1\" content=\"Sebastian\" \/>\n\t<meta name=\"twitter:label2\" content=\"Tiempo de lectura\" \/>\n\t<meta name=\"twitter:data2\" content=\"3 minutos\" \/>\n<script type=\"application\/ld+json\" class=\"yoast-schema-graph\">{\"@context\":\"https:\\\/\\\/schema.org\",\"@graph\":[{\"@type\":\"Article\",\"@id\":\"https:\\\/\\\/informelitoral.com.ar\\\/river-velez-por-un-lugar-en-los-cuartos-de-final-de-la-copa-libertadores-hora-tv-y-formaciones\\\/#article\",\"isPartOf\":{\"@id\":\"https:\\\/\\\/informelitoral.com.ar\\\/river-velez-por-un-lugar-en-los-cuartos-de-final-de-la-copa-libertadores-hora-tv-y-formaciones\\\/\"},\"author\":{\"name\":\"Sebastian\",\"@id\":\"https:\\\/\\\/informelitoral.com.ar\\\/#\\\/schema\\\/person\\\/f05f9f461677119578717524b127d6d5\"},\"headline\":\"River-V\u00e9lez, por un lugar en los cuartos de final de la Copa Libertadores: hora, TV y formaciones\",\"datePublished\":\"2022-07-06T12:37:30+00:00\",\"mainEntityOfPage\":{\"@id\":\"https:\\\/\\\/informelitoral.com.ar\\\/river-velez-por-un-lugar-en-los-cuartos-de-final-de-la-copa-libertadores-hora-tv-y-formaciones\\\/\"},\"wordCount\":635,\"commentCount\":0,\"publisher\":{\"@id\":\"https:\\\/\\\/informelitoral.com.ar\\\/#organization\"},\"image\":{\"@id\":\"https:\\\/\\\/informelitoral.com.ar\\\/river-velez-por-un-lugar-en-los-cuartos-de-final-de-la-copa-libertadores-hora-tv-y-formaciones\\\/#primaryimage\"},\"thumbnailUrl\":\"https:\\\/\\\/informelitoral.com.ar\\\/%77%70%2d%63%6f%6e%74%65%6e%74\\\/uploads\\\/2022\\\/07\\\/image-1.png\",\"keywords\":[\"Copa Libertadores\",\"River Plate\"],\"articleSection\":[\"Deportes\"],\"inLanguage\":\"es\",\"potentialAction\":[{\"@type\":\"CommentAction\",\"name\":\"Comment\",\"target\":[\"https:\\\/\\\/informelitoral.com.ar\\\/river-velez-por-un-lugar-en-los-cuartos-de-final-de-la-copa-libertadores-hora-tv-y-formaciones\\\/#respond\"]}]},{\"@type\":\"WebPage\",\"@id\":\"https:\\\/\\\/informelitoral.com.ar\\\/river-velez-por-un-lugar-en-los-cuartos-de-final-de-la-copa-libertadores-hora-tv-y-formaciones\\\/\",\"url\":\"https:\\\/\\\/informelitoral.com.ar\\\/river-velez-por-un-lugar-en-los-cuartos-de-final-de-la-copa-libertadores-hora-tv-y-formaciones\\\/\",\"name\":\"River-V\u00e9lez, por un lugar en los cuartos de final de la Copa Libertadores: hora, TV y formaciones - Informe Litoral\",\"isPartOf\":{\"@id\":\"https:\\\/\\\/informelitoral.com.ar\\\/#website\"},\"primaryImageOfPage\":{\"@id\":\"https:\\\/\\\/informelitoral.com.ar\\\/river-velez-por-un-lugar-en-los-cuartos-de-final-de-la-copa-libertadores-hora-tv-y-formaciones\\\/#primaryimage\"},\"image\":{\"@id\":\"https:\\\/\\\/informelitoral.com.ar\\\/river-velez-por-un-lugar-en-los-cuartos-de-final-de-la-copa-libertadores-hora-tv-y-formaciones\\\/#primaryimage\"},\"thumbnailUrl\":\"https:\\\/\\\/informelitoral.com.ar\\\/%77%70%2d%63%6f%6e%74%65%6e%74\\\/uploads\\\/2022\\\/07\\\/image-1.png\",\"datePublished\":\"2022-07-06T12:37:30+00:00\",\"breadcrumb\":{\"@id\":\"https:\\\/\\\/informelitoral.com.ar\\\/river-velez-por-un-lugar-en-los-cuartos-de-final-de-la-copa-libertadores-hora-tv-y-formaciones\\\/#breadcrumb\"},\"inLanguage\":\"es\",\"potentialAction\":[{\"@type\":\"ReadAction\",\"target\":[\"https:\\\/\\\/informelitoral.com.ar\\\/river-velez-por-un-lugar-en-los-cuartos-de-final-de-la-copa-libertadores-hora-tv-y-formaciones\\\/\"]}]},{\"@type\":\"ImageObject\",\"inLanguage\":\"es\",\"@id\":\"https:\\\/\\\/informelitoral.com.ar\\\/river-velez-por-un-lugar-en-los-cuartos-de-final-de-la-copa-libertadores-hora-tv-y-formaciones\\\/#primaryimage\",\"url\":\"https:\\\/\\\/informelitoral.com.ar\\\/%77%70%2d%63%6f%6e%74%65%6e%74\\\/uploads\\\/2022\\\/07\\\/image-1.png\",\"contentUrl\":\"https:\\\/\\\/informelitoral.com.ar\\\/%77%70%2d%63%6f%6e%74%65%6e%74\\\/uploads\\\/2022\\\/07\\\/image-1.png\",\"width\":740,\"height\":416},{\"@type\":\"BreadcrumbList\",\"@id\":\"https:\\\/\\\/informelitoral.com.ar\\\/river-velez-por-un-lugar-en-los-cuartos-de-final-de-la-copa-libertadores-hora-tv-y-formaciones\\\/#breadcrumb\",\"itemListElement\":[{\"@type\":\"ListItem\",\"position\":1,\"name\":\"Portada\",\"item\":\"https:\\\/\\\/informelitoral.com.ar\\\/\"},{\"@type\":\"ListItem\",\"position\":2,\"name\":\"River-V\u00e9lez, por un lugar en los cuartos de final de la Copa Libertadores: hora, TV y formaciones\"}]},{\"@type\":\"WebSite\",\"@id\":\"https:\\\/\\\/informelitoral.com.ar\\\/#website\",\"url\":\"https:\\\/\\\/informelitoral.com.ar\\\/\",\"name\":\"Informe Litoral\",\"description\":\"&quot;Nos informamos&quot; \",\"publisher\":{\"@id\":\"https:\\\/\\\/informelitoral.com.ar\\\/#organization\"},\"potentialAction\":[{\"@type\":\"SearchAction\",\"target\":{\"@type\":\"EntryPoint\",\"urlTemplate\":\"https:\\\/\\\/informelitoral.com.ar\\\/?s={search_term_string}\"},\"query-input\":{\"@type\":\"PropertyValueSpecification\",\"valueRequired\":true,\"valueName\":\"search_term_string\"}}],\"inLanguage\":\"es\"},{\"@type\":\"Organization\",\"@id\":\"https:\\\/\\\/informelitoral.com.ar\\\/#organization\",\"name\":\"Informe Litoral\",\"url\":\"https:\\\/\\\/informelitoral.com.ar\\\/\",\"logo\":{\"@type\":\"ImageObject\",\"inLanguage\":\"es\",\"@id\":\"https:\\\/\\\/informelitoral.com.ar\\\/#\\\/schema\\\/logo\\\/image\\\/\",\"url\":\"https:\\\/\\\/informelitoral.com.ar\\\/%77%70%2d%63%6f%6e%74%65%6e%74\\\/uploads\\\/2021\\\/01\\\/circulo.png\",\"contentUrl\":\"https:\\\/\\\/informelitoral.com.ar\\\/%77%70%2d%63%6f%6e%74%65%6e%74\\\/uploads\\\/2021\\\/01\\\/circulo.png\",\"width\":723,\"height\":731,\"caption\":\"Informe Litoral\"},\"image\":{\"@id\":\"https:\\\/\\\/informelitoral.com.ar\\\/#\\\/schema\\\/logo\\\/image\\\/\"},\"sameAs\":[\"https:\\\/\\\/www.facebook.com\\\/informelitoral\\\/\",\"https:\\\/\\\/x.com\\\/InformeLitoral\",\"https:\\\/\\\/www.instagram.com\\\/informelitoral\\\/\",\"https:\\\/\\\/www.youtube.com\\\/channel\\\/UCua4Qvz8Icb6MYqhoq9xLXw\"]},{\"@type\":\"Person\",\"@id\":\"https:\\\/\\\/informelitoral.com.ar\\\/#\\\/schema\\\/person\\\/f05f9f461677119578717524b127d6d5\",\"name\":\"Sebastian\",\"image\":{\"@type\":\"ImageObject\",\"inLanguage\":\"es\",\"@id\":\"https:\\\/\\\/secure.gravatar.com\\\/avatar\\\/b71bf7481d447dfb9583c7f2798e7cc64de6efb9067b74633ed8c31059a3bd82?s=96&d=mm&r=g\",\"url\":\"https:\\\/\\\/secure.gravatar.com\\\/avatar\\\/b71bf7481d447dfb9583c7f2798e7cc64de6efb9067b74633ed8c31059a3bd82?s=96&d=mm&r=g\",\"contentUrl\":\"https:\\\/\\\/secure.gravatar.com\\\/avatar\\\/b71bf7481d447dfb9583c7f2798e7cc64de6efb9067b74633ed8c31059a3bd82?s=96&d=mm&r=g\",\"caption\":\"Sebastian\"},\"url\":\"https:\\\/\\\/informelitoral.com.ar\\\/author\\\/sebastian\\\/\"}]}<\/script>","yoast_head_json":{"title":"River-V\u00e9lez, por un lugar en los cuartos de final de la Copa Libertadores: hora, TV y formaciones - Informe Litoral","robots":{"index":"index","follow":"follow","max-snippet":"max-snippet:-1","max-image-preview":"max-image-preview:large","max-video-preview":"max-video-preview:-1"},"canonical":"https:\/\/informelitoral.com.ar\/river-velez-por-un-lugar-en-los-cuartos-de-final-de-la-copa-libertadores-hora-tv-y-formaciones\/","og_locale":"es_ES","og_type":"article","og_title":"River-V\u00e9lez, por un lugar en los cuartos de final de la Copa Libertadores: hora, TV y formaciones - Informe Litoral","og_description":"El Millonario est\u00e1 obligado a doblegar al Fort\u00edn para dar vuelta la serie y avanzar de ronda en el certamen continental. Desde las 21.30, en el Monumental","og_url":"https:\/\/informelitoral.com.ar\/river-velez-por-un-lugar-en-los-cuartos-de-final-de-la-copa-libertadores-hora-tv-y-formaciones\/","og_site_name":"Informe Litoral","article_publisher":"https:\/\/www.facebook.com\/informelitoral\/","article_published_time":"2022-07-06T12:37:30+00:00","og_image":[{"width":740,"height":416,"url":"https:\/\/informelitoral.com.ar\/%77%70%2d%63%6f%6e%74%65%6e%74\/uploads\/2022\/07\/image-1.png","type":"image\/png"}],"author":"Sebastian","twitter_card":"summary_large_image","twitter_creator":"@InformeLitoral","twitter_site":"@InformeLitoral","twitter_misc":{"Escrito por":"Sebastian","Tiempo de lectura":"3 minutos"},"schema":{"@context":"https:\/\/schema.org","@graph":[{"@type":"Article","@id":"https:\/\/informelitoral.com.ar\/river-velez-por-un-lugar-en-los-cuartos-de-final-de-la-copa-libertadores-hora-tv-y-formaciones\/#article","isPartOf":{"@id":"https:\/\/informelitoral.com.ar\/river-velez-por-un-lugar-en-los-cuartos-de-final-de-la-copa-libertadores-hora-tv-y-formaciones\/"},"author":{"name":"Sebastian","@id":"https:\/\/informelitoral.com.ar\/#\/schema\/person\/f05f9f461677119578717524b127d6d5"},"headline":"River-V\u00e9lez, por un lugar en los cuartos de final de la Copa Libertadores: hora, TV y formaciones","datePublished":"2022-07-06T12:37:30+00:00","mainEntityOfPage":{"@id":"https:\/\/informelitoral.com.ar\/river-velez-por-un-lugar-en-los-cuartos-de-final-de-la-copa-libertadores-hora-tv-y-formaciones\/"},"wordCount":635,"commentCount":0,"publisher":{"@id":"https:\/\/informelitoral.com.ar\/#organization"},"image":{"@id":"https:\/\/informelitoral.com.ar\/river-velez-por-un-lugar-en-los-cuartos-de-final-de-la-copa-libertadores-hora-tv-y-formaciones\/#primaryimage"},"thumbnailUrl":"https:\/\/informelitoral.com.ar\/%77%70%2d%63%6f%6e%74%65%6e%74\/uploads\/2022\/07\/image-1.png","keywords":["Copa Libertadores","River Plate"],"articleSection":["Deportes"],"inLanguage":"es","potentialAction":[{"@type":"CommentAction","name":"Comment","target":["https:\/\/informelitoral.com.ar\/river-velez-por-un-lugar-en-los-cuartos-de-final-de-la-copa-libertadores-hora-tv-y-formaciones\/#respond"]}]},{"@type":"WebPage","@id":"https:\/\/informelitoral.com.ar\/river-velez-por-un-lugar-en-los-cuartos-de-final-de-la-copa-libertadores-hora-tv-y-formaciones\/","url":"https:\/\/informelitoral.com.ar\/river-velez-por-un-lugar-en-los-cuartos-de-final-de-la-copa-libertadores-hora-tv-y-formaciones\/","name":"River-V\u00e9lez, por un lugar en los cuartos de final de la Copa Libertadores: hora, TV y formaciones - Informe Litoral","isPartOf":{"@id":"https:\/\/informelitoral.com.ar\/#website"},"primaryImageOfPage":{"@id":"https:\/\/informelitoral.com.ar\/river-velez-por-un-lugar-en-los-cuartos-de-final-de-la-copa-libertadores-hora-tv-y-formaciones\/#primaryimage"},"image":{"@id":"https:\/\/informelitoral.com.ar\/river-velez-por-un-lugar-en-los-cuartos-de-final-de-la-copa-libertadores-hora-tv-y-formaciones\/#primaryimage"},"thumbnailUrl":"https:\/\/informelitoral.com.ar\/%77%70%2d%63%6f%6e%74%65%6e%74\/uploads\/2022\/07\/image-1.png","datePublished":"2022-07-06T12:37:30+00:00","breadcrumb":{"@id":"https:\/\/informelitoral.com.ar\/river-velez-por-un-lugar-en-los-cuartos-de-final-de-la-copa-libertadores-hora-tv-y-formaciones\/#breadcrumb"},"inLanguage":"es","potentialAction":[{"@type":"ReadAction","target":["https:\/\/informelitoral.com.ar\/river-velez-por-un-lugar-en-los-cuartos-de-final-de-la-copa-libertadores-hora-tv-y-formaciones\/"]}]},{"@type":"ImageObject","inLanguage":"es","@id":"https:\/\/informelitoral.com.ar\/river-velez-por-un-lugar-en-los-cuartos-de-final-de-la-copa-libertadores-hora-tv-y-formaciones\/#primaryimage","url":"https:\/\/informelitoral.com.ar\/%77%70%2d%63%6f%6e%74%65%6e%74\/uploads\/2022\/07\/image-1.png","contentUrl":"https:\/\/informelitoral.com.ar\/%77%70%2d%63%6f%6e%74%65%6e%74\/uploads\/2022\/07\/image-1.png","width":740,"height":416},{"@type":"BreadcrumbList","@id":"https:\/\/informelitoral.com.ar\/river-velez-por-un-lugar-en-los-cuartos-de-final-de-la-copa-libertadores-hora-tv-y-formaciones\/#breadcrumb","itemListElement":[{"@type":"ListItem","position":1,"name":"Portada","item":"https:\/\/informelitoral.com.ar\/"},{"@type":"ListItem","position":2,"name":"River-V\u00e9lez, por un lugar en los cuartos de final de la Copa Libertadores: hora, TV y formaciones"}]},{"@type":"WebSite","@id":"https:\/\/informelitoral.com.ar\/#website","url":"https:\/\/informelitoral.com.ar\/","name":"Informe Litoral","description":"&quot;Nos informamos&quot; ","publisher":{"@id":"https:\/\/informelitoral.com.ar\/#organization"},"potentialAction":[{"@type":"SearchAction","target":{"@type":"EntryPoint","urlTemplate":"https:\/\/informelitoral.com.ar\/?s={search_term_string}"},"query-input":{"@type":"PropertyValueSpecification","valueRequired":true,"valueName":"search_term_string"}}],"inLanguage":"es"},{"@type":"Organization","@id":"https:\/\/informelitoral.com.ar\/#organization","name":"Informe Litoral","url":"https:\/\/informelitoral.com.ar\/","logo":{"@type":"ImageObject","inLanguage":"es","@id":"https:\/\/informelitoral.com.ar\/#\/schema\/logo\/image\/","url":"https:\/\/informelitoral.com.ar\/%77%70%2d%63%6f%6e%74%65%6e%74\/uploads\/2021\/01\/circulo.png","contentUrl":"https:\/\/informelitoral.com.ar\/%77%70%2d%63%6f%6e%74%65%6e%74\/uploads\/2021\/01\/circulo.png","width":723,"height":731,"caption":"Informe Litoral"},"image":{"@id":"https:\/\/informelitoral.com.ar\/#\/schema\/logo\/image\/"},"sameAs":["https:\/\/www.facebook.com\/informelitoral\/","https:\/\/x.com\/InformeLitoral","https:\/\/www.instagram.com\/informelitoral\/","https:\/\/www.youtube.com\/channel\/UCua4Qvz8Icb6MYqhoq9xLXw"]},{"@type":"Person","@id":"https:\/\/informelitoral.com.ar\/#\/schema\/person\/f05f9f461677119578717524b127d6d5","name":"Sebastian","image":{"@type":"ImageObject","inLanguage":"es","@id":"https:\/\/secure.gravatar.com\/avatar\/b71bf7481d447dfb9583c7f2798e7cc64de6efb9067b74633ed8c31059a3bd82?s=96&d=mm&r=g","url":"https:\/\/secure.gravatar.com\/avatar\/b71bf7481d447dfb9583c7f2798e7cc64de6efb9067b74633ed8c31059a3bd82?s=96&d=mm&r=g","contentUrl":"https:\/\/secure.gravatar.com\/avatar\/b71bf7481d447dfb9583c7f2798e7cc64de6efb9067b74633ed8c31059a3bd82?s=96&d=mm&r=g","caption":"Sebastian"},"url":"https:\/\/informelitoral.com.ar\/author\/sebastian\/"}]}},"_links":{"self":[{"href":"https:\/\/informelitoral.com.ar\/%77%70%2d%6a%73%6f%6e\/wp\/v2\/posts\/81147","targetHints":{"allow":["GET"]}}],"collection":[{"href":"https:\/\/informelitoral.com.ar\/%77%70%2d%6a%73%6f%6e\/wp\/v2\/posts"}],"about":[{"href":"https:\/\/informelitoral.com.ar\/%77%70%2d%6a%73%6f%6e\/wp\/v2\/types\/post"}],"author":[{"embeddable":true,"href":"https:\/\/informelitoral.com.ar\/%77%70%2d%6a%73%6f%6e\/wp\/v2\/users\/8"}],"replies":[{"embeddable":true,"href":"https:\/\/informelitoral.com.ar\/%77%70%2d%6a%73%6f%6e\/wp\/v2\/comments?post=81147"}],"version-history":[{"count":0,"href":"https:\/\/informelitoral.com.ar\/%77%70%2d%6a%73%6f%6e\/wp\/v2\/posts\/81147\/revisions"}],"wp:featuredmedia":[{"embeddable":true,"href":"https:\/\/informelitoral.com.ar\/%77%70%2d%6a%73%6f%6e\/wp\/v2\/media\/81149"}],"wp:attachment":[{"href":"https:\/\/informelitoral.com.ar\/%77%70%2d%6a%73%6f%6e\/wp\/v2\/media?parent=81147"}],"wp:term":[{"taxonomy":"category","embeddable":true,"href":"https:\/\/informelitoral.com.ar\/%77%70%2d%6a%73%6f%6e\/wp\/v2\/categories?post=81147"},{"taxonomy":"post_tag","embeddable":true,"href":"https:\/\/informelitoral.com.ar\/%77%70%2d%6a%73%6f%6e\/wp\/v2\/tags?post=81147"}],"curies":[{"name":"wp","href":"https:\/\/api.w.org\/{rel}","templated":true}]}}