{"id":81141,"date":"2022-07-06T09:24:11","date_gmt":"2022-07-06T12:24:11","guid":{"rendered":"https:\/\/www.informelitoral.com.ar\/?p=81141"},"modified":"2022-07-06T11:27:24","modified_gmt":"2022-07-06T14:27:24","slug":"salario-basico-universal-a-quienes-alcanzaria-y-como-se-implementaria","status":"publish","type":"post","link":"https:\/\/informelitoral.com.ar\/salario-basico-universal-a-quienes-alcanzaria-y-como-se-implementaria\/","title":{"rendered":"\u201cSalario B\u00e1sico Universal\u201d: a qui\u00e9nes alcanzar\u00eda y c\u00f3mo se implementar\u00eda"},"content":{"rendered":"<p>Algunas bancas del bloque oficialista de la C\u00e1mara de Diputados aparecieron este martes con un cartel que reclamaba por un \u201csalario b\u00e1sico universal ya\u201d.<\/p>\n<p><b>El objetivo del proyecto ser\u00eda darle ingresos al 27% de la poblaci\u00f3n adulta, de entre 18 y 64 a\u00f1os, con un foco de cobertura sobre \u201cla poblaci\u00f3n inactiva, desocupada y asalariada no registrada\u201d<\/b>.<\/p>\n<h5><strong>Alcance y monto<\/strong><\/h5>\n<p>La llamada iniciativa de \u201csalario b\u00e1sico universal\u201d no ser\u00eda otra cosa que la creaci\u00f3n de una \u201cprestaci\u00f3n monetaria mensual no contributiva y de alcance nacional\u00a0<b>destinada a personas de bajos ingresos que se encuentren sin ocupaci\u00f3n plena\u201d, ya sea que se desempe\u00f1en como \u201ccuentapropistas\u201d o en la \u201ceconom\u00eda informal\u201d<\/b>, seg\u00fan explica el proyecto.<\/p>\n<p>De acuerdo a la letra de la iniciativa, que se bas\u00f3 en el trabajo del Observatorio de Coyuntura Econ\u00f3mica y Pol\u00edticas P\u00fablicas (OCEPP) que dirige Hagman, el Salario B\u00e1sico Universal (SBU)\u00a0<b>se medir\u00eda por el monto de una canasta b\u00e1sica alimentaria de un adulto, que en mayo pasado fue estimada en $14.401<\/b>.<\/p>\n<h5><strong>Poblaci\u00f3n objetivo<\/strong><\/h5>\n<p>La iniciativa de Hagman hace receptores del\u00a0<b>salario b\u00e1sico universal<\/b>\u00a0a \u201ctrabajadores desocupados, informales, monotributistas sociales, del sector agrario (trabajo temporario) y de casas particulares\u201d; y tambi\u00e9n a \u201cmonotributistas categor\u00eda A y asalariados registrados cuyos ingresos brutos no superen el l\u00edmite de $38.850 mensuales en 2022\u2033, detall\u00f3\u00a0<i>LaNaci\u00f3n<\/i>.<\/p>\n<p>En los estudios t\u00e9cnicos en los que se basa el proyecto,\u00a0<b>se calcula una \u201cpoblaci\u00f3n objetivo total de 13,9 millones de beneficiarios\u201d<\/b>, si es que no se establecen l\u00edmites por grupo familiar ni condicionamientos patrimoniales o de consumo. Mientras que, esa cifra\u00a0<b>baja a 11,2 millones si se fija un tope de dos SBU por grupo familiar. La iniciativa tambi\u00e9n tiene un modelo m\u00e1s acotado para 7,5 millones de personas<\/b>.<\/p>\n<h5><strong>Erogaci\u00f3n<\/strong><\/h5>\n<p>De acuerdo a las cuentas que hacen los diputados con pertenencia a las organizaciones sociales oficialistas,\u00a0<b>el salario b\u00e1sico universal tendr\u00eda un costo fiscal bruto anual de $826.068 millones, lo que equivaldr\u00eda al 1,8%<\/b>\u00a0del Producto Bruto Interno (PBI).<\/p>\n<p>Grabois, a quien responde pol\u00edticamente el diputado Hagman, exigi\u00f3 este martes que el proyecto salga \u201cpor decreto\u201d, porque \u201ces hora de actuar\u201d para \u201crecuperar -seg\u00fan denunci\u00f3- un poquito de lo que nos robaron\u201d, dijo.<\/p>\n<h5><strong>Acompa\u00f1amiento<\/strong><\/h5>\n<p>\u201cVamos a empujar el debate nosotros\u201d, asegur\u00f3 el diputado sindical Hugo Yasky, uno de los firmantes del proyecto de Hagman junto a colegas oficialistas como Carlos Selva, M\u00f3nica Macha, Jorge Romero, Pablo Carro, Juan Carlos Alderete, Graciela Landriscini, Natalia Zaracho, Federico Fagioli, Ver\u00f3nica Caliva, Claudia Ormachea, Mara Brawer, Mar\u00eda Rosa Mart\u00ednez y Leonardo Grosso. Del lado de enfrente, Juntos por el Cambio ya avis\u00f3 que no acompa\u00f1ar\u00e1 porque se pretende \u201cromper la relaci\u00f3n entre el esfuerzo y el salario\u201d.<\/p>\n","protected":false},"excerpt":{"rendered":"<p>El objetivo del proyecto presentado en Diputados, ser\u00eda que la poblaci\u00f3n inactiva, desocupada y asalariada no registrada, de entre 18 y 64 a\u00f1os, acceda a un ingreso m\u00ednimo. C\u00f3mo se establecer\u00eda ese monto y de cu\u00e1nto ser\u00eda.<\/p>\n","protected":false},"author":8,"featured_media":81143,"comment_status":"open","ping_status":"open","sticky":false,"template":"","format":"standard","meta":{"fifu_image_url":"","fifu_image_alt":"","footnotes":""},"categories":[1594],"tags":[3610],"class_list":{"0":"post-81141","1":"post","2":"type-post","3":"status-publish","4":"format-standard","5":"has-post-thumbnail","7":"category-economia","8":"tag-salario-basico-universal"},"yoast_head":"<title>\u201cSalario B\u00e1sico Universal\u201d: a qui\u00e9nes alcanzar\u00eda y c\u00f3mo se implementar\u00eda - Informe Litoral<\/title>\n<meta name=\"robots\" content=\"index, follow, max-snippet:-1, max-image-preview:large, max-video-preview:-1\" \/>\n<link rel=\"canonical\" href=\"https:\/\/informelitoral.com.ar\/salario-basico-universal-a-quienes-alcanzaria-y-como-se-implementaria\/\" \/>\n<meta property=\"og:locale\" content=\"es_ES\" \/>\n<meta property=\"og:type\" content=\"article\" \/>\n<meta property=\"og:title\" content=\"\u201cSalario B\u00e1sico Universal\u201d: a qui\u00e9nes alcanzar\u00eda y c\u00f3mo se implementar\u00eda - Informe Litoral\" \/>\n<meta property=\"og:description\" content=\"El objetivo del proyecto presentado en Diputados, ser\u00eda que la poblaci\u00f3n inactiva, desocupada y asalariada no registrada, de entre 18 y 64 a\u00f1os, acceda a un ingreso m\u00ednimo. C\u00f3mo se establecer\u00eda ese monto y de cu\u00e1nto ser\u00eda.\" \/>\n<meta property=\"og:url\" content=\"https:\/\/informelitoral.com.ar\/salario-basico-universal-a-quienes-alcanzaria-y-como-se-implementaria\/\" \/>\n<meta property=\"og:site_name\" content=\"Informe Litoral\" \/>\n<meta property=\"article:publisher\" content=\"https:\/\/www.facebook.com\/informelitoral\/\" \/>\n<meta property=\"article:published_time\" content=\"2022-07-06T12:24:11+00:00\" \/>\n<meta property=\"article:modified_time\" content=\"2022-07-06T14:27:24+00:00\" \/>\n<meta property=\"og:image\" content=\"https:\/\/informelitoral.com.ar\/%77%70%2d%63%6f%6e%74%65%6e%74\/uploads\/2022\/07\/UP5YJC24DBEQ3DAGCIC2YXTVFA.jpg\" \/>\n\t<meta property=\"og:image:width\" content=\"768\" \/>\n\t<meta property=\"og:image:height\" content=\"512\" \/>\n\t<meta property=\"og:image:type\" content=\"image\/jpeg\" \/>\n<meta name=\"author\" content=\"Sebastian\" \/>\n<meta name=\"twitter:card\" content=\"summary_large_image\" \/>\n<meta name=\"twitter:creator\" content=\"@InformeLitoral\" \/>\n<meta name=\"twitter:site\" content=\"@InformeLitoral\" \/>\n<meta name=\"twitter:label1\" content=\"Escrito por\" \/>\n\t<meta name=\"twitter:data1\" content=\"Sebastian\" \/>\n\t<meta name=\"twitter:label2\" content=\"Tiempo de lectura\" \/>\n\t<meta name=\"twitter:data2\" content=\"2 minutos\" \/>\n<script type=\"application\/ld+json\" class=\"yoast-schema-graph\">{\"@context\":\"https:\\\/\\\/schema.org\",\"@graph\":[{\"@type\":\"Article\",\"@id\":\"https:\\\/\\\/informelitoral.com.ar\\\/salario-basico-universal-a-quienes-alcanzaria-y-como-se-implementaria\\\/#article\",\"isPartOf\":{\"@id\":\"https:\\\/\\\/informelitoral.com.ar\\\/salario-basico-universal-a-quienes-alcanzaria-y-como-se-implementaria\\\/\"},\"author\":{\"name\":\"Sebastian\",\"@id\":\"https:\\\/\\\/informelitoral.com.ar\\\/#\\\/schema\\\/person\\\/f05f9f461677119578717524b127d6d5\"},\"headline\":\"\u201cSalario B\u00e1sico Universal\u201d: a qui\u00e9nes alcanzar\u00eda y c\u00f3mo se implementar\u00eda\",\"datePublished\":\"2022-07-06T12:24:11+00:00\",\"dateModified\":\"2022-07-06T14:27:24+00:00\",\"mainEntityOfPage\":{\"@id\":\"https:\\\/\\\/informelitoral.com.ar\\\/salario-basico-universal-a-quienes-alcanzaria-y-como-se-implementaria\\\/\"},\"wordCount\":488,\"commentCount\":0,\"publisher\":{\"@id\":\"https:\\\/\\\/informelitoral.com.ar\\\/#organization\"},\"image\":{\"@id\":\"https:\\\/\\\/informelitoral.com.ar\\\/salario-basico-universal-a-quienes-alcanzaria-y-como-se-implementaria\\\/#primaryimage\"},\"thumbnailUrl\":\"https:\\\/\\\/informelitoral.com.ar\\\/%77%70%2d%63%6f%6e%74%65%6e%74\\\/uploads\\\/2022\\\/07\\\/UP5YJC24DBEQ3DAGCIC2YXTVFA.jpg\",\"keywords\":[\"Salario b\u00e1sico universal\"],\"articleSection\":[\"Econom\u00eda\"],\"inLanguage\":\"es\",\"potentialAction\":[{\"@type\":\"CommentAction\",\"name\":\"Comment\",\"target\":[\"https:\\\/\\\/informelitoral.com.ar\\\/salario-basico-universal-a-quienes-alcanzaria-y-como-se-implementaria\\\/#respond\"]}]},{\"@type\":\"WebPage\",\"@id\":\"https:\\\/\\\/informelitoral.com.ar\\\/salario-basico-universal-a-quienes-alcanzaria-y-como-se-implementaria\\\/\",\"url\":\"https:\\\/\\\/informelitoral.com.ar\\\/salario-basico-universal-a-quienes-alcanzaria-y-como-se-implementaria\\\/\",\"name\":\"\u201cSalario B\u00e1sico Universal\u201d: a qui\u00e9nes alcanzar\u00eda y c\u00f3mo se implementar\u00eda - Informe Litoral\",\"isPartOf\":{\"@id\":\"https:\\\/\\\/informelitoral.com.ar\\\/#website\"},\"primaryImageOfPage\":{\"@id\":\"https:\\\/\\\/informelitoral.com.ar\\\/salario-basico-universal-a-quienes-alcanzaria-y-como-se-implementaria\\\/#primaryimage\"},\"image\":{\"@id\":\"https:\\\/\\\/informelitoral.com.ar\\\/salario-basico-universal-a-quienes-alcanzaria-y-como-se-implementaria\\\/#primaryimage\"},\"thumbnailUrl\":\"https:\\\/\\\/informelitoral.com.ar\\\/%77%70%2d%63%6f%6e%74%65%6e%74\\\/uploads\\\/2022\\\/07\\\/UP5YJC24DBEQ3DAGCIC2YXTVFA.jpg\",\"datePublished\":\"2022-07-06T12:24:11+00:00\",\"dateModified\":\"2022-07-06T14:27:24+00:00\",\"breadcrumb\":{\"@id\":\"https:\\\/\\\/informelitoral.com.ar\\\/salario-basico-universal-a-quienes-alcanzaria-y-como-se-implementaria\\\/#breadcrumb\"},\"inLanguage\":\"es\",\"potentialAction\":[{\"@type\":\"ReadAction\",\"target\":[\"https:\\\/\\\/informelitoral.com.ar\\\/salario-basico-universal-a-quienes-alcanzaria-y-como-se-implementaria\\\/\"]}]},{\"@type\":\"ImageObject\",\"inLanguage\":\"es\",\"@id\":\"https:\\\/\\\/informelitoral.com.ar\\\/salario-basico-universal-a-quienes-alcanzaria-y-como-se-implementaria\\\/#primaryimage\",\"url\":\"https:\\\/\\\/informelitoral.com.ar\\\/%77%70%2d%63%6f%6e%74%65%6e%74\\\/uploads\\\/2022\\\/07\\\/UP5YJC24DBEQ3DAGCIC2YXTVFA.jpg\",\"contentUrl\":\"https:\\\/\\\/informelitoral.com.ar\\\/%77%70%2d%63%6f%6e%74%65%6e%74\\\/uploads\\\/2022\\\/07\\\/UP5YJC24DBEQ3DAGCIC2YXTVFA.jpg\",\"width\":768,\"height\":512},{\"@type\":\"BreadcrumbList\",\"@id\":\"https:\\\/\\\/informelitoral.com.ar\\\/salario-basico-universal-a-quienes-alcanzaria-y-como-se-implementaria\\\/#breadcrumb\",\"itemListElement\":[{\"@type\":\"ListItem\",\"position\":1,\"name\":\"Portada\",\"item\":\"https:\\\/\\\/informelitoral.com.ar\\\/\"},{\"@type\":\"ListItem\",\"position\":2,\"name\":\"\u201cSalario B\u00e1sico Universal\u201d: a qui\u00e9nes alcanzar\u00eda y c\u00f3mo se implementar\u00eda\"}]},{\"@type\":\"WebSite\",\"@id\":\"https:\\\/\\\/informelitoral.com.ar\\\/#website\",\"url\":\"https:\\\/\\\/informelitoral.com.ar\\\/\",\"name\":\"Informe Litoral\",\"description\":\"&quot;Nos informamos&quot; \",\"publisher\":{\"@id\":\"https:\\\/\\\/informelitoral.com.ar\\\/#organization\"},\"potentialAction\":[{\"@type\":\"SearchAction\",\"target\":{\"@type\":\"EntryPoint\",\"urlTemplate\":\"https:\\\/\\\/informelitoral.com.ar\\\/?s={search_term_string}\"},\"query-input\":{\"@type\":\"PropertyValueSpecification\",\"valueRequired\":true,\"valueName\":\"search_term_string\"}}],\"inLanguage\":\"es\"},{\"@type\":\"Organization\",\"@id\":\"https:\\\/\\\/informelitoral.com.ar\\\/#organization\",\"name\":\"Informe Litoral\",\"url\":\"https:\\\/\\\/informelitoral.com.ar\\\/\",\"logo\":{\"@type\":\"ImageObject\",\"inLanguage\":\"es\",\"@id\":\"https:\\\/\\\/informelitoral.com.ar\\\/#\\\/schema\\\/logo\\\/image\\\/\",\"url\":\"https:\\\/\\\/informelitoral.com.ar\\\/%77%70%2d%63%6f%6e%74%65%6e%74\\\/uploads\\\/2021\\\/01\\\/circulo.png\",\"contentUrl\":\"https:\\\/\\\/informelitoral.com.ar\\\/%77%70%2d%63%6f%6e%74%65%6e%74\\\/uploads\\\/2021\\\/01\\\/circulo.png\",\"width\":723,\"height\":731,\"caption\":\"Informe Litoral\"},\"image\":{\"@id\":\"https:\\\/\\\/informelitoral.com.ar\\\/#\\\/schema\\\/logo\\\/image\\\/\"},\"sameAs\":[\"https:\\\/\\\/www.facebook.com\\\/informelitoral\\\/\",\"https:\\\/\\\/x.com\\\/InformeLitoral\",\"https:\\\/\\\/www.instagram.com\\\/informelitoral\\\/\",\"https:\\\/\\\/www.youtube.com\\\/channel\\\/UCua4Qvz8Icb6MYqhoq9xLXw\"]},{\"@type\":\"Person\",\"@id\":\"https:\\\/\\\/informelitoral.com.ar\\\/#\\\/schema\\\/person\\\/f05f9f461677119578717524b127d6d5\",\"name\":\"Sebastian\",\"image\":{\"@type\":\"ImageObject\",\"inLanguage\":\"es\",\"@id\":\"https:\\\/\\\/secure.gravatar.com\\\/avatar\\\/b71bf7481d447dfb9583c7f2798e7cc64de6efb9067b74633ed8c31059a3bd82?s=96&d=mm&r=g\",\"url\":\"https:\\\/\\\/secure.gravatar.com\\\/avatar\\\/b71bf7481d447dfb9583c7f2798e7cc64de6efb9067b74633ed8c31059a3bd82?s=96&d=mm&r=g\",\"contentUrl\":\"https:\\\/\\\/secure.gravatar.com\\\/avatar\\\/b71bf7481d447dfb9583c7f2798e7cc64de6efb9067b74633ed8c31059a3bd82?s=96&d=mm&r=g\",\"caption\":\"Sebastian\"},\"url\":\"https:\\\/\\\/informelitoral.com.ar\\\/author\\\/sebastian\\\/\"}]}<\/script>","yoast_head_json":{"title":"\u201cSalario B\u00e1sico Universal\u201d: a qui\u00e9nes alcanzar\u00eda y c\u00f3mo se implementar\u00eda - Informe Litoral","robots":{"index":"index","follow":"follow","max-snippet":"max-snippet:-1","max-image-preview":"max-image-preview:large","max-video-preview":"max-video-preview:-1"},"canonical":"https:\/\/informelitoral.com.ar\/salario-basico-universal-a-quienes-alcanzaria-y-como-se-implementaria\/","og_locale":"es_ES","og_type":"article","og_title":"\u201cSalario B\u00e1sico Universal\u201d: a qui\u00e9nes alcanzar\u00eda y c\u00f3mo se implementar\u00eda - Informe Litoral","og_description":"El objetivo del proyecto presentado en Diputados, ser\u00eda que la poblaci\u00f3n inactiva, desocupada y asalariada no registrada, de entre 18 y 64 a\u00f1os, acceda a un ingreso m\u00ednimo. C\u00f3mo se establecer\u00eda ese monto y de cu\u00e1nto ser\u00eda.","og_url":"https:\/\/informelitoral.com.ar\/salario-basico-universal-a-quienes-alcanzaria-y-como-se-implementaria\/","og_site_name":"Informe Litoral","article_publisher":"https:\/\/www.facebook.com\/informelitoral\/","article_published_time":"2022-07-06T12:24:11+00:00","article_modified_time":"2022-07-06T14:27:24+00:00","og_image":[{"width":768,"height":512,"url":"https:\/\/informelitoral.com.ar\/%77%70%2d%63%6f%6e%74%65%6e%74\/uploads\/2022\/07\/UP5YJC24DBEQ3DAGCIC2YXTVFA.jpg","type":"image\/jpeg"}],"author":"Sebastian","twitter_card":"summary_large_image","twitter_creator":"@InformeLitoral","twitter_site":"@InformeLitoral","twitter_misc":{"Escrito por":"Sebastian","Tiempo de lectura":"2 minutos"},"schema":{"@context":"https:\/\/schema.org","@graph":[{"@type":"Article","@id":"https:\/\/informelitoral.com.ar\/salario-basico-universal-a-quienes-alcanzaria-y-como-se-implementaria\/#article","isPartOf":{"@id":"https:\/\/informelitoral.com.ar\/salario-basico-universal-a-quienes-alcanzaria-y-como-se-implementaria\/"},"author":{"name":"Sebastian","@id":"https:\/\/informelitoral.com.ar\/#\/schema\/person\/f05f9f461677119578717524b127d6d5"},"headline":"\u201cSalario B\u00e1sico Universal\u201d: a qui\u00e9nes alcanzar\u00eda y c\u00f3mo se implementar\u00eda","datePublished":"2022-07-06T12:24:11+00:00","dateModified":"2022-07-06T14:27:24+00:00","mainEntityOfPage":{"@id":"https:\/\/informelitoral.com.ar\/salario-basico-universal-a-quienes-alcanzaria-y-como-se-implementaria\/"},"wordCount":488,"commentCount":0,"publisher":{"@id":"https:\/\/informelitoral.com.ar\/#organization"},"image":{"@id":"https:\/\/informelitoral.com.ar\/salario-basico-universal-a-quienes-alcanzaria-y-como-se-implementaria\/#primaryimage"},"thumbnailUrl":"https:\/\/informelitoral.com.ar\/%77%70%2d%63%6f%6e%74%65%6e%74\/uploads\/2022\/07\/UP5YJC24DBEQ3DAGCIC2YXTVFA.jpg","keywords":["Salario b\u00e1sico universal"],"articleSection":["Econom\u00eda"],"inLanguage":"es","potentialAction":[{"@type":"CommentAction","name":"Comment","target":["https:\/\/informelitoral.com.ar\/salario-basico-universal-a-quienes-alcanzaria-y-como-se-implementaria\/#respond"]}]},{"@type":"WebPage","@id":"https:\/\/informelitoral.com.ar\/salario-basico-universal-a-quienes-alcanzaria-y-como-se-implementaria\/","url":"https:\/\/informelitoral.com.ar\/salario-basico-universal-a-quienes-alcanzaria-y-como-se-implementaria\/","name":"\u201cSalario B\u00e1sico Universal\u201d: a qui\u00e9nes alcanzar\u00eda y c\u00f3mo se implementar\u00eda - Informe Litoral","isPartOf":{"@id":"https:\/\/informelitoral.com.ar\/#website"},"primaryImageOfPage":{"@id":"https:\/\/informelitoral.com.ar\/salario-basico-universal-a-quienes-alcanzaria-y-como-se-implementaria\/#primaryimage"},"image":{"@id":"https:\/\/informelitoral.com.ar\/salario-basico-universal-a-quienes-alcanzaria-y-como-se-implementaria\/#primaryimage"},"thumbnailUrl":"https:\/\/informelitoral.com.ar\/%77%70%2d%63%6f%6e%74%65%6e%74\/uploads\/2022\/07\/UP5YJC24DBEQ3DAGCIC2YXTVFA.jpg","datePublished":"2022-07-06T12:24:11+00:00","dateModified":"2022-07-06T14:27:24+00:00","breadcrumb":{"@id":"https:\/\/informelitoral.com.ar\/salario-basico-universal-a-quienes-alcanzaria-y-como-se-implementaria\/#breadcrumb"},"inLanguage":"es","potentialAction":[{"@type":"ReadAction","target":["https:\/\/informelitoral.com.ar\/salario-basico-universal-a-quienes-alcanzaria-y-como-se-implementaria\/"]}]},{"@type":"ImageObject","inLanguage":"es","@id":"https:\/\/informelitoral.com.ar\/salario-basico-universal-a-quienes-alcanzaria-y-como-se-implementaria\/#primaryimage","url":"https:\/\/informelitoral.com.ar\/%77%70%2d%63%6f%6e%74%65%6e%74\/uploads\/2022\/07\/UP5YJC24DBEQ3DAGCIC2YXTVFA.jpg","contentUrl":"https:\/\/informelitoral.com.ar\/%77%70%2d%63%6f%6e%74%65%6e%74\/uploads\/2022\/07\/UP5YJC24DBEQ3DAGCIC2YXTVFA.jpg","width":768,"height":512},{"@type":"BreadcrumbList","@id":"https:\/\/informelitoral.com.ar\/salario-basico-universal-a-quienes-alcanzaria-y-como-se-implementaria\/#breadcrumb","itemListElement":[{"@type":"ListItem","position":1,"name":"Portada","item":"https:\/\/informelitoral.com.ar\/"},{"@type":"ListItem","position":2,"name":"\u201cSalario B\u00e1sico Universal\u201d: a qui\u00e9nes alcanzar\u00eda y c\u00f3mo se implementar\u00eda"}]},{"@type":"WebSite","@id":"https:\/\/informelitoral.com.ar\/#website","url":"https:\/\/informelitoral.com.ar\/","name":"Informe Litoral","description":"&quot;Nos informamos&quot; ","publisher":{"@id":"https:\/\/informelitoral.com.ar\/#organization"},"potentialAction":[{"@type":"SearchAction","target":{"@type":"EntryPoint","urlTemplate":"https:\/\/informelitoral.com.ar\/?s={search_term_string}"},"query-input":{"@type":"PropertyValueSpecification","valueRequired":true,"valueName":"search_term_string"}}],"inLanguage":"es"},{"@type":"Organization","@id":"https:\/\/informelitoral.com.ar\/#organization","name":"Informe Litoral","url":"https:\/\/informelitoral.com.ar\/","logo":{"@type":"ImageObject","inLanguage":"es","@id":"https:\/\/informelitoral.com.ar\/#\/schema\/logo\/image\/","url":"https:\/\/informelitoral.com.ar\/%77%70%2d%63%6f%6e%74%65%6e%74\/uploads\/2021\/01\/circulo.png","contentUrl":"https:\/\/informelitoral.com.ar\/%77%70%2d%63%6f%6e%74%65%6e%74\/uploads\/2021\/01\/circulo.png","width":723,"height":731,"caption":"Informe Litoral"},"image":{"@id":"https:\/\/informelitoral.com.ar\/#\/schema\/logo\/image\/"},"sameAs":["https:\/\/www.facebook.com\/informelitoral\/","https:\/\/x.com\/InformeLitoral","https:\/\/www.instagram.com\/informelitoral\/","https:\/\/www.youtube.com\/channel\/UCua4Qvz8Icb6MYqhoq9xLXw"]},{"@type":"Person","@id":"https:\/\/informelitoral.com.ar\/#\/schema\/person\/f05f9f461677119578717524b127d6d5","name":"Sebastian","image":{"@type":"ImageObject","inLanguage":"es","@id":"https:\/\/secure.gravatar.com\/avatar\/b71bf7481d447dfb9583c7f2798e7cc64de6efb9067b74633ed8c31059a3bd82?s=96&d=mm&r=g","url":"https:\/\/secure.gravatar.com\/avatar\/b71bf7481d447dfb9583c7f2798e7cc64de6efb9067b74633ed8c31059a3bd82?s=96&d=mm&r=g","contentUrl":"https:\/\/secure.gravatar.com\/avatar\/b71bf7481d447dfb9583c7f2798e7cc64de6efb9067b74633ed8c31059a3bd82?s=96&d=mm&r=g","caption":"Sebastian"},"url":"https:\/\/informelitoral.com.ar\/author\/sebastian\/"}]}},"_links":{"self":[{"href":"https:\/\/informelitoral.com.ar\/%77%70%2d%6a%73%6f%6e\/wp\/v2\/posts\/81141","targetHints":{"allow":["GET"]}}],"collection":[{"href":"https:\/\/informelitoral.com.ar\/%77%70%2d%6a%73%6f%6e\/wp\/v2\/posts"}],"about":[{"href":"https:\/\/informelitoral.com.ar\/%77%70%2d%6a%73%6f%6e\/wp\/v2\/types\/post"}],"author":[{"embeddable":true,"href":"https:\/\/informelitoral.com.ar\/%77%70%2d%6a%73%6f%6e\/wp\/v2\/users\/8"}],"replies":[{"embeddable":true,"href":"https:\/\/informelitoral.com.ar\/%77%70%2d%6a%73%6f%6e\/wp\/v2\/comments?post=81141"}],"version-history":[{"count":0,"href":"https:\/\/informelitoral.com.ar\/%77%70%2d%6a%73%6f%6e\/wp\/v2\/posts\/81141\/revisions"}],"wp:featuredmedia":[{"embeddable":true,"href":"https:\/\/informelitoral.com.ar\/%77%70%2d%6a%73%6f%6e\/wp\/v2\/media\/81143"}],"wp:attachment":[{"href":"https:\/\/informelitoral.com.ar\/%77%70%2d%6a%73%6f%6e\/wp\/v2\/media?parent=81141"}],"wp:term":[{"taxonomy":"category","embeddable":true,"href":"https:\/\/informelitoral.com.ar\/%77%70%2d%6a%73%6f%6e\/wp\/v2\/categories?post=81141"},{"taxonomy":"post_tag","embeddable":true,"href":"https:\/\/informelitoral.com.ar\/%77%70%2d%6a%73%6f%6e\/wp\/v2\/tags?post=81141"}],"curies":[{"name":"wp","href":"https:\/\/api.w.org\/{rel}","templated":true}]}}