{"id":8095,"date":"2014-09-04T21:24:29","date_gmt":"2014-09-05T00:24:29","guid":{"rendered":"http:\/\/www.isletasnoticias.com.ar\/?p=8095"},"modified":"2014-09-04T21:27:35","modified_gmt":"2014-09-05T00:27:35","slug":"ramirez-este-sabado-fm-eco-en-vivo-desde-el-motoencuentro-por-v-ano","status":"publish","type":"post","link":"https:\/\/informelitoral.com.ar\/ramirez-este-sabado-fm-eco-en-vivo-desde-el-motoencuentro-por-v-ano\/","title":{"rendered":"Ram\u00edrez: este s\u00e1bado, FM Eco en vivo desde el Motoencuentro por V a\u00f1o"},"content":{"rendered":"<p><strong>La transmisi\u00f3n ser\u00e1 este s\u00e1bado 6, de 15:00 a 18:00, directamente desde el predio del complejo Valle de la Ensenada, donde se lleva a cabo por decimonoveno Motoencuentro Internacional.<a href=\"http:\/\/www.isletasnoticias.com.ar\/%77%70%2d%63%6f%6e%74%65%6e%74\/uploads\/2014\/09\/10592792_502454369898270_2473799677502376716_n.jpg\"><img loading=\"lazy\" decoding=\"async\" class=\"aligncenter size-medium wp-image-8096\" src=\"http:\/\/www.isletasnoticias.com.ar\/%77%70%2d%63%6f%6e%74%65%6e%74\/uploads\/2014\/09\/10592792_502454369898270_2473799677502376716_n-300x225.jpg\" alt=\"10592792_502454369898270_2473799677502376716_n\" width=\"300\" height=\"225\" srcset=\"https:\/\/informelitoral.com.ar\/%77%70%2d%63%6f%6e%74%65%6e%74\/uploads\/2014\/09\/10592792_502454369898270_2473799677502376716_n-300x225.jpg 300w, https:\/\/informelitoral.com.ar\/%77%70%2d%63%6f%6e%74%65%6e%74\/uploads\/2014\/09\/10592792_502454369898270_2473799677502376716_n.jpg 960w\" sizes=\"auto, (max-width: 300px) 100vw, 300px\" \/><\/a><\/strong><\/p>\n<p>El programa <a href=\"https:\/\/www.facebook.com\/profile.php?id=100004011341782&amp;ref=ts&amp;fref=ts\">Uno por Semana<\/a>, que desde el 6 de marzo del 2010 se emite por FM Eco 100.3 de General Ram\u00edrez, transmitir\u00e1 por quinto a\u00f1o consecutivo desde el Motoencuentro Internacional de Diamante.<\/p>\n<p>El ciclo radial que es conducido por Gonzalo Schmidt, operado t\u00e9cnicamente por Emiliano <a href=\"http:\/\/www.isletasnoticias.com.ar\/%77%70%2d%63%6f%6e%74%65%6e%74\/uploads\/2014\/09\/111.jpg\"><img loading=\"lazy\" decoding=\"async\" class=\"alignright wp-image-8097 size-medium\" src=\"http:\/\/www.isletasnoticias.com.ar\/%77%70%2d%63%6f%6e%74%65%6e%74\/uploads\/2014\/09\/111-300x225.jpg\" alt=\"111\" width=\"300\" height=\"225\" srcset=\"https:\/\/informelitoral.com.ar\/%77%70%2d%63%6f%6e%74%65%6e%74\/uploads\/2014\/09\/111-300x225.jpg 300w, https:\/\/informelitoral.com.ar\/%77%70%2d%63%6f%6e%74%65%6e%74\/uploads\/2014\/09\/111.jpg 960w\" sizes=\"auto, (max-width: 300px) 100vw, 300px\" \/><\/a>Sch\u00e1nzenbach, y cuenta con la participaci\u00f3n de Dar\u00edo L\u00f3pez, como corresponsal de Las Cuevas, va los s\u00e1bados de 15:00 a 18:00 por la emisora ramirense y tambi\u00e9n se lo puede sintonizar a trav\u00e9s de internet en: <a href=\"https:\/\/www.google.com.ar\/url?sa=t&amp;rct=j&amp;q=&amp;esrc=s&amp;source=web&amp;cd=1&amp;cad=rja&amp;uact=8&amp;ved=0CBsQFjAA&amp;url=http%3A%2F%2Fwww.fmeco1003.com.ar%2F&amp;ei=OwMJVPqQFI-jyAS0pYAw&amp;usg=AFQjCNFt2aM390TicrrS3LrYmFDe7UHlVQ&amp;sig2=gPtI4hxfAcaBrogy91TmAw&amp;bvm=bv.74649129,d.cGE\">www.fmeco1003.com.ar<\/a>.<\/p>\n<p>Seg\u00fan se inform\u00f3, la intenci\u00f3n durante las tres horas de programaci\u00f3n es transmitir el mayor tiempo posible en directo desde Diamante, \u201cno s\u00f3lo para pasar n\u00fameros que va dejando el evento, sino para hablar con todos los protagonistas; desde funcionarios, pasando por moteros que vienen de lejos o cerca, personal policial, de servicio y todo lo que vaya surgiendo a lo largo de la tarde\u201d, expres\u00f3 Schmidt.<\/p>\n<p>\u201cLa idea es hacer pasar un buen momento a los oyentes y en especial para que aquellos que no puedan ir y les guste, lo vivan a trav\u00e9s de la radio, por eso agradezco a quienes har\u00e1n posible un a\u00f1os m\u00e1s esta transmisi\u00f3n\u201d, finaliz\u00f3 el conductor. <em>(Isletas Noticias)<\/em><\/p>\n","protected":false},"excerpt":{"rendered":"<p>La transmisi&oacute;n ser&aacute; este s&aacute;bado 6, de 15:00 a 18:00, directamente desde el predio del complejo Valle de la Ensenada, donde se lleva a cabo por decimonoveno Motoencuentro Internacional. El programa Uno por Semana, que desde el 6 de marzo del 2010 se emite por FM Eco 100.3 de General Ram&iacute;rez, transmitir&aacute; por quinto a&ntilde;o [&hellip;]<\/p>\n","protected":false},"author":2,"featured_media":0,"comment_status":"open","ping_status":"open","sticky":false,"template":"","format":"standard","meta":{"fifu_image_url":"","fifu_image_alt":"","footnotes":""},"categories":[5,9],"tags":[],"class_list":{"0":"post-8095","1":"post","2":"type-post","3":"status-publish","4":"format-standard","6":"category-zonales","7":"category-sociedad"},"yoast_head":"<title>Ram\u00edrez: este s\u00e1bado, FM Eco en vivo desde el Motoencuentro por V a\u00f1o - Informe Litoral<\/title>\n<meta name=\"robots\" content=\"index, follow, max-snippet:-1, max-image-preview:large, max-video-preview:-1\" \/>\n<link rel=\"canonical\" href=\"https:\/\/informelitoral.com.ar\/ramirez-este-sabado-fm-eco-en-vivo-desde-el-motoencuentro-por-v-ano\/\" \/>\n<meta property=\"og:locale\" content=\"es_ES\" \/>\n<meta property=\"og:type\" content=\"article\" \/>\n<meta property=\"og:title\" content=\"Ram\u00edrez: este s\u00e1bado, FM Eco en vivo desde el Motoencuentro por V a\u00f1o - Informe Litoral\" \/>\n<meta property=\"og:description\" content=\"La transmisi&oacute;n ser&aacute; este s&aacute;bado 6, de 15:00 a 18:00, directamente desde el predio del complejo Valle de la Ensenada, donde se lleva a cabo por decimonoveno Motoencuentro Internacional. El programa Uno por Semana, que desde el 6 de marzo del 2010 se emite por FM Eco 100.3 de General Ram&iacute;rez, transmitir&aacute; por quinto a&ntilde;o [&hellip;]\" \/>\n<meta property=\"og:url\" content=\"https:\/\/informelitoral.com.ar\/ramirez-este-sabado-fm-eco-en-vivo-desde-el-motoencuentro-por-v-ano\/\" \/>\n<meta property=\"og:site_name\" content=\"Informe Litoral\" \/>\n<meta property=\"article:publisher\" content=\"https:\/\/www.facebook.com\/informelitoral\/\" \/>\n<meta property=\"article:published_time\" content=\"2014-09-05T00:24:29+00:00\" \/>\n<meta property=\"article:modified_time\" content=\"2014-09-05T00:27:35+00:00\" \/>\n<meta property=\"og:image\" content=\"https:\/\/informelitoral.com.ar\/%77%70%2d%63%6f%6e%74%65%6e%74\/uploads\/2014\/09\/10592792_502454369898270_2473799677502376716_n.jpg\" \/>\n\t<meta property=\"og:image:width\" content=\"960\" \/>\n\t<meta property=\"og:image:height\" content=\"720\" \/>\n\t<meta property=\"og:image:type\" content=\"image\/jpeg\" \/>\n<meta name=\"author\" content=\"Gonzalo Schmidt\" \/>\n<meta name=\"twitter:card\" content=\"summary_large_image\" \/>\n<meta name=\"twitter:creator\" content=\"@InformeLitoral\" \/>\n<meta name=\"twitter:site\" content=\"@InformeLitoral\" \/>\n<meta name=\"twitter:label1\" content=\"Escrito por\" \/>\n\t<meta name=\"twitter:data1\" content=\"Gonzalo Schmidt\" \/>\n\t<meta name=\"twitter:label2\" content=\"Tiempo de lectura\" \/>\n\t<meta name=\"twitter:data2\" content=\"1 minuto\" \/>\n<script type=\"application\/ld+json\" class=\"yoast-schema-graph\">{\"@context\":\"https:\\\/\\\/schema.org\",\"@graph\":[{\"@type\":\"Article\",\"@id\":\"https:\\\/\\\/informelitoral.com.ar\\\/ramirez-este-sabado-fm-eco-en-vivo-desde-el-motoencuentro-por-v-ano\\\/#article\",\"isPartOf\":{\"@id\":\"https:\\\/\\\/informelitoral.com.ar\\\/ramirez-este-sabado-fm-eco-en-vivo-desde-el-motoencuentro-por-v-ano\\\/\"},\"author\":{\"name\":\"Gonzalo Schmidt\",\"@id\":\"https:\\\/\\\/informelitoral.com.ar\\\/#\\\/schema\\\/person\\\/b9d00407c836482871ef1d57bf8e3180\"},\"headline\":\"Ram\u00edrez: este s\u00e1bado, FM Eco en vivo desde el Motoencuentro por V a\u00f1o\",\"datePublished\":\"2014-09-05T00:24:29+00:00\",\"dateModified\":\"2014-09-05T00:27:35+00:00\",\"mainEntityOfPage\":{\"@id\":\"https:\\\/\\\/informelitoral.com.ar\\\/ramirez-este-sabado-fm-eco-en-vivo-desde-el-motoencuentro-por-v-ano\\\/\"},\"wordCount\":260,\"commentCount\":0,\"publisher\":{\"@id\":\"https:\\\/\\\/informelitoral.com.ar\\\/#organization\"},\"image\":{\"@id\":\"https:\\\/\\\/informelitoral.com.ar\\\/ramirez-este-sabado-fm-eco-en-vivo-desde-el-motoencuentro-por-v-ano\\\/#primaryimage\"},\"thumbnailUrl\":\"http:\\\/\\\/www.isletasnoticias.com.ar\\\/%77%70%2d%63%6f%6e%74%65%6e%74\\\/uploads\\\/2014\\\/09\\\/10592792_502454369898270_2473799677502376716_n-300x225.jpg\",\"articleSection\":[\"Departamento Diamante\",\"Sociedad\"],\"inLanguage\":\"es\",\"potentialAction\":[{\"@type\":\"CommentAction\",\"name\":\"Comment\",\"target\":[\"https:\\\/\\\/informelitoral.com.ar\\\/ramirez-este-sabado-fm-eco-en-vivo-desde-el-motoencuentro-por-v-ano\\\/#respond\"]}]},{\"@type\":\"WebPage\",\"@id\":\"https:\\\/\\\/informelitoral.com.ar\\\/ramirez-este-sabado-fm-eco-en-vivo-desde-el-motoencuentro-por-v-ano\\\/\",\"url\":\"https:\\\/\\\/informelitoral.com.ar\\\/ramirez-este-sabado-fm-eco-en-vivo-desde-el-motoencuentro-por-v-ano\\\/\",\"name\":\"Ram\u00edrez: este s\u00e1bado, FM Eco en vivo desde el Motoencuentro por V a\u00f1o - Informe Litoral\",\"isPartOf\":{\"@id\":\"https:\\\/\\\/informelitoral.com.ar\\\/#website\"},\"primaryImageOfPage\":{\"@id\":\"https:\\\/\\\/informelitoral.com.ar\\\/ramirez-este-sabado-fm-eco-en-vivo-desde-el-motoencuentro-por-v-ano\\\/#primaryimage\"},\"image\":{\"@id\":\"https:\\\/\\\/informelitoral.com.ar\\\/ramirez-este-sabado-fm-eco-en-vivo-desde-el-motoencuentro-por-v-ano\\\/#primaryimage\"},\"thumbnailUrl\":\"http:\\\/\\\/www.isletasnoticias.com.ar\\\/%77%70%2d%63%6f%6e%74%65%6e%74\\\/uploads\\\/2014\\\/09\\\/10592792_502454369898270_2473799677502376716_n-300x225.jpg\",\"datePublished\":\"2014-09-05T00:24:29+00:00\",\"dateModified\":\"2014-09-05T00:27:35+00:00\",\"breadcrumb\":{\"@id\":\"https:\\\/\\\/informelitoral.com.ar\\\/ramirez-este-sabado-fm-eco-en-vivo-desde-el-motoencuentro-por-v-ano\\\/#breadcrumb\"},\"inLanguage\":\"es\",\"potentialAction\":[{\"@type\":\"ReadAction\",\"target\":[\"https:\\\/\\\/informelitoral.com.ar\\\/ramirez-este-sabado-fm-eco-en-vivo-desde-el-motoencuentro-por-v-ano\\\/\"]}]},{\"@type\":\"ImageObject\",\"inLanguage\":\"es\",\"@id\":\"https:\\\/\\\/informelitoral.com.ar\\\/ramirez-este-sabado-fm-eco-en-vivo-desde-el-motoencuentro-por-v-ano\\\/#primaryimage\",\"url\":\"http:\\\/\\\/www.isletasnoticias.com.ar\\\/%77%70%2d%63%6f%6e%74%65%6e%74\\\/uploads\\\/2014\\\/09\\\/10592792_502454369898270_2473799677502376716_n-300x225.jpg\",\"contentUrl\":\"http:\\\/\\\/www.isletasnoticias.com.ar\\\/%77%70%2d%63%6f%6e%74%65%6e%74\\\/uploads\\\/2014\\\/09\\\/10592792_502454369898270_2473799677502376716_n-300x225.jpg\"},{\"@type\":\"BreadcrumbList\",\"@id\":\"https:\\\/\\\/informelitoral.com.ar\\\/ramirez-este-sabado-fm-eco-en-vivo-desde-el-motoencuentro-por-v-ano\\\/#breadcrumb\",\"itemListElement\":[{\"@type\":\"ListItem\",\"position\":1,\"name\":\"Portada\",\"item\":\"https:\\\/\\\/informelitoral.com.ar\\\/\"},{\"@type\":\"ListItem\",\"position\":2,\"name\":\"Ram\u00edrez: este s\u00e1bado, FM Eco en vivo desde el Motoencuentro por V a\u00f1o\"}]},{\"@type\":\"WebSite\",\"@id\":\"https:\\\/\\\/informelitoral.com.ar\\\/#website\",\"url\":\"https:\\\/\\\/informelitoral.com.ar\\\/\",\"name\":\"Informe Litoral\",\"description\":\"&quot;Nos informamos&quot; \",\"publisher\":{\"@id\":\"https:\\\/\\\/informelitoral.com.ar\\\/#organization\"},\"potentialAction\":[{\"@type\":\"SearchAction\",\"target\":{\"@type\":\"EntryPoint\",\"urlTemplate\":\"https:\\\/\\\/informelitoral.com.ar\\\/?s={search_term_string}\"},\"query-input\":{\"@type\":\"PropertyValueSpecification\",\"valueRequired\":true,\"valueName\":\"search_term_string\"}}],\"inLanguage\":\"es\"},{\"@type\":\"Organization\",\"@id\":\"https:\\\/\\\/informelitoral.com.ar\\\/#organization\",\"name\":\"Informe Litoral\",\"url\":\"https:\\\/\\\/informelitoral.com.ar\\\/\",\"logo\":{\"@type\":\"ImageObject\",\"inLanguage\":\"es\",\"@id\":\"https:\\\/\\\/informelitoral.com.ar\\\/#\\\/schema\\\/logo\\\/image\\\/\",\"url\":\"https:\\\/\\\/informelitoral.com.ar\\\/%77%70%2d%63%6f%6e%74%65%6e%74\\\/uploads\\\/2021\\\/01\\\/circulo.png\",\"contentUrl\":\"https:\\\/\\\/informelitoral.com.ar\\\/%77%70%2d%63%6f%6e%74%65%6e%74\\\/uploads\\\/2021\\\/01\\\/circulo.png\",\"width\":723,\"height\":731,\"caption\":\"Informe Litoral\"},\"image\":{\"@id\":\"https:\\\/\\\/informelitoral.com.ar\\\/#\\\/schema\\\/logo\\\/image\\\/\"},\"sameAs\":[\"https:\\\/\\\/www.facebook.com\\\/informelitoral\\\/\",\"https:\\\/\\\/x.com\\\/InformeLitoral\",\"https:\\\/\\\/www.instagram.com\\\/informelitoral\\\/\",\"https:\\\/\\\/www.youtube.com\\\/channel\\\/UCua4Qvz8Icb6MYqhoq9xLXw\"]},{\"@type\":\"Person\",\"@id\":\"https:\\\/\\\/informelitoral.com.ar\\\/#\\\/schema\\\/person\\\/b9d00407c836482871ef1d57bf8e3180\",\"name\":\"Gonzalo Schmidt\",\"image\":{\"@type\":\"ImageObject\",\"inLanguage\":\"es\",\"@id\":\"https:\\\/\\\/secure.gravatar.com\\\/avatar\\\/31a1a7b66ff2de83bd0e9fd79d026630d2d99e55e8bfe501287647b4fd9743de?s=96&d=mm&r=g\",\"url\":\"https:\\\/\\\/secure.gravatar.com\\\/avatar\\\/31a1a7b66ff2de83bd0e9fd79d026630d2d99e55e8bfe501287647b4fd9743de?s=96&d=mm&r=g\",\"contentUrl\":\"https:\\\/\\\/secure.gravatar.com\\\/avatar\\\/31a1a7b66ff2de83bd0e9fd79d026630d2d99e55e8bfe501287647b4fd9743de?s=96&d=mm&r=g\",\"caption\":\"Gonzalo Schmidt\"},\"description\":\"Sitio web de noticias de la provincia de Entre R\u00edos, Argentina. Informaci\u00f3n y entretenimiento. Informe Litoral, nos informamos.\",\"sameAs\":[\"http:\\\/\\\/www.isletasnoticias.com.ar\"],\"url\":\"https:\\\/\\\/informelitoral.com.ar\\\/author\\\/gonzalo\\\/\"}]}<\/script>","yoast_head_json":{"title":"Ram\u00edrez: este s\u00e1bado, FM Eco en vivo desde el Motoencuentro por V a\u00f1o - Informe Litoral","robots":{"index":"index","follow":"follow","max-snippet":"max-snippet:-1","max-image-preview":"max-image-preview:large","max-video-preview":"max-video-preview:-1"},"canonical":"https:\/\/informelitoral.com.ar\/ramirez-este-sabado-fm-eco-en-vivo-desde-el-motoencuentro-por-v-ano\/","og_locale":"es_ES","og_type":"article","og_title":"Ram\u00edrez: este s\u00e1bado, FM Eco en vivo desde el Motoencuentro por V a\u00f1o - Informe Litoral","og_description":"La transmisi&oacute;n ser&aacute; este s&aacute;bado 6, de 15:00 a 18:00, directamente desde el predio del complejo Valle de la Ensenada, donde se lleva a cabo por decimonoveno Motoencuentro Internacional. El programa Uno por Semana, que desde el 6 de marzo del 2010 se emite por FM Eco 100.3 de General Ram&iacute;rez, transmitir&aacute; por quinto a&ntilde;o [&hellip;]","og_url":"https:\/\/informelitoral.com.ar\/ramirez-este-sabado-fm-eco-en-vivo-desde-el-motoencuentro-por-v-ano\/","og_site_name":"Informe Litoral","article_publisher":"https:\/\/www.facebook.com\/informelitoral\/","article_published_time":"2014-09-05T00:24:29+00:00","article_modified_time":"2014-09-05T00:27:35+00:00","og_image":[{"width":960,"height":720,"url":"https:\/\/informelitoral.com.ar\/%77%70%2d%63%6f%6e%74%65%6e%74\/uploads\/2014\/09\/10592792_502454369898270_2473799677502376716_n.jpg","type":"image\/jpeg"}],"author":"Gonzalo Schmidt","twitter_card":"summary_large_image","twitter_creator":"@InformeLitoral","twitter_site":"@InformeLitoral","twitter_misc":{"Escrito por":"Gonzalo Schmidt","Tiempo de lectura":"1 minuto"},"schema":{"@context":"https:\/\/schema.org","@graph":[{"@type":"Article","@id":"https:\/\/informelitoral.com.ar\/ramirez-este-sabado-fm-eco-en-vivo-desde-el-motoencuentro-por-v-ano\/#article","isPartOf":{"@id":"https:\/\/informelitoral.com.ar\/ramirez-este-sabado-fm-eco-en-vivo-desde-el-motoencuentro-por-v-ano\/"},"author":{"name":"Gonzalo Schmidt","@id":"https:\/\/informelitoral.com.ar\/#\/schema\/person\/b9d00407c836482871ef1d57bf8e3180"},"headline":"Ram\u00edrez: este s\u00e1bado, FM Eco en vivo desde el Motoencuentro por V a\u00f1o","datePublished":"2014-09-05T00:24:29+00:00","dateModified":"2014-09-05T00:27:35+00:00","mainEntityOfPage":{"@id":"https:\/\/informelitoral.com.ar\/ramirez-este-sabado-fm-eco-en-vivo-desde-el-motoencuentro-por-v-ano\/"},"wordCount":260,"commentCount":0,"publisher":{"@id":"https:\/\/informelitoral.com.ar\/#organization"},"image":{"@id":"https:\/\/informelitoral.com.ar\/ramirez-este-sabado-fm-eco-en-vivo-desde-el-motoencuentro-por-v-ano\/#primaryimage"},"thumbnailUrl":"http:\/\/www.isletasnoticias.com.ar\/%77%70%2d%63%6f%6e%74%65%6e%74\/uploads\/2014\/09\/10592792_502454369898270_2473799677502376716_n-300x225.jpg","articleSection":["Departamento Diamante","Sociedad"],"inLanguage":"es","potentialAction":[{"@type":"CommentAction","name":"Comment","target":["https:\/\/informelitoral.com.ar\/ramirez-este-sabado-fm-eco-en-vivo-desde-el-motoencuentro-por-v-ano\/#respond"]}]},{"@type":"WebPage","@id":"https:\/\/informelitoral.com.ar\/ramirez-este-sabado-fm-eco-en-vivo-desde-el-motoencuentro-por-v-ano\/","url":"https:\/\/informelitoral.com.ar\/ramirez-este-sabado-fm-eco-en-vivo-desde-el-motoencuentro-por-v-ano\/","name":"Ram\u00edrez: este s\u00e1bado, FM Eco en vivo desde el Motoencuentro por V a\u00f1o - Informe Litoral","isPartOf":{"@id":"https:\/\/informelitoral.com.ar\/#website"},"primaryImageOfPage":{"@id":"https:\/\/informelitoral.com.ar\/ramirez-este-sabado-fm-eco-en-vivo-desde-el-motoencuentro-por-v-ano\/#primaryimage"},"image":{"@id":"https:\/\/informelitoral.com.ar\/ramirez-este-sabado-fm-eco-en-vivo-desde-el-motoencuentro-por-v-ano\/#primaryimage"},"thumbnailUrl":"http:\/\/www.isletasnoticias.com.ar\/%77%70%2d%63%6f%6e%74%65%6e%74\/uploads\/2014\/09\/10592792_502454369898270_2473799677502376716_n-300x225.jpg","datePublished":"2014-09-05T00:24:29+00:00","dateModified":"2014-09-05T00:27:35+00:00","breadcrumb":{"@id":"https:\/\/informelitoral.com.ar\/ramirez-este-sabado-fm-eco-en-vivo-desde-el-motoencuentro-por-v-ano\/#breadcrumb"},"inLanguage":"es","potentialAction":[{"@type":"ReadAction","target":["https:\/\/informelitoral.com.ar\/ramirez-este-sabado-fm-eco-en-vivo-desde-el-motoencuentro-por-v-ano\/"]}]},{"@type":"ImageObject","inLanguage":"es","@id":"https:\/\/informelitoral.com.ar\/ramirez-este-sabado-fm-eco-en-vivo-desde-el-motoencuentro-por-v-ano\/#primaryimage","url":"http:\/\/www.isletasnoticias.com.ar\/%77%70%2d%63%6f%6e%74%65%6e%74\/uploads\/2014\/09\/10592792_502454369898270_2473799677502376716_n-300x225.jpg","contentUrl":"http:\/\/www.isletasnoticias.com.ar\/%77%70%2d%63%6f%6e%74%65%6e%74\/uploads\/2014\/09\/10592792_502454369898270_2473799677502376716_n-300x225.jpg"},{"@type":"BreadcrumbList","@id":"https:\/\/informelitoral.com.ar\/ramirez-este-sabado-fm-eco-en-vivo-desde-el-motoencuentro-por-v-ano\/#breadcrumb","itemListElement":[{"@type":"ListItem","position":1,"name":"Portada","item":"https:\/\/informelitoral.com.ar\/"},{"@type":"ListItem","position":2,"name":"Ram\u00edrez: este s\u00e1bado, FM Eco en vivo desde el Motoencuentro por V a\u00f1o"}]},{"@type":"WebSite","@id":"https:\/\/informelitoral.com.ar\/#website","url":"https:\/\/informelitoral.com.ar\/","name":"Informe Litoral","description":"&quot;Nos informamos&quot; ","publisher":{"@id":"https:\/\/informelitoral.com.ar\/#organization"},"potentialAction":[{"@type":"SearchAction","target":{"@type":"EntryPoint","urlTemplate":"https:\/\/informelitoral.com.ar\/?s={search_term_string}"},"query-input":{"@type":"PropertyValueSpecification","valueRequired":true,"valueName":"search_term_string"}}],"inLanguage":"es"},{"@type":"Organization","@id":"https:\/\/informelitoral.com.ar\/#organization","name":"Informe Litoral","url":"https:\/\/informelitoral.com.ar\/","logo":{"@type":"ImageObject","inLanguage":"es","@id":"https:\/\/informelitoral.com.ar\/#\/schema\/logo\/image\/","url":"https:\/\/informelitoral.com.ar\/%77%70%2d%63%6f%6e%74%65%6e%74\/uploads\/2021\/01\/circulo.png","contentUrl":"https:\/\/informelitoral.com.ar\/%77%70%2d%63%6f%6e%74%65%6e%74\/uploads\/2021\/01\/circulo.png","width":723,"height":731,"caption":"Informe Litoral"},"image":{"@id":"https:\/\/informelitoral.com.ar\/#\/schema\/logo\/image\/"},"sameAs":["https:\/\/www.facebook.com\/informelitoral\/","https:\/\/x.com\/InformeLitoral","https:\/\/www.instagram.com\/informelitoral\/","https:\/\/www.youtube.com\/channel\/UCua4Qvz8Icb6MYqhoq9xLXw"]},{"@type":"Person","@id":"https:\/\/informelitoral.com.ar\/#\/schema\/person\/b9d00407c836482871ef1d57bf8e3180","name":"Gonzalo Schmidt","image":{"@type":"ImageObject","inLanguage":"es","@id":"https:\/\/secure.gravatar.com\/avatar\/31a1a7b66ff2de83bd0e9fd79d026630d2d99e55e8bfe501287647b4fd9743de?s=96&d=mm&r=g","url":"https:\/\/secure.gravatar.com\/avatar\/31a1a7b66ff2de83bd0e9fd79d026630d2d99e55e8bfe501287647b4fd9743de?s=96&d=mm&r=g","contentUrl":"https:\/\/secure.gravatar.com\/avatar\/31a1a7b66ff2de83bd0e9fd79d026630d2d99e55e8bfe501287647b4fd9743de?s=96&d=mm&r=g","caption":"Gonzalo Schmidt"},"description":"Sitio web de noticias de la provincia de Entre R\u00edos, Argentina. Informaci\u00f3n y entretenimiento. Informe Litoral, nos informamos.","sameAs":["http:\/\/www.isletasnoticias.com.ar"],"url":"https:\/\/informelitoral.com.ar\/author\/gonzalo\/"}]}},"_links":{"self":[{"href":"https:\/\/informelitoral.com.ar\/%77%70%2d%6a%73%6f%6e\/wp\/v2\/posts\/8095","targetHints":{"allow":["GET"]}}],"collection":[{"href":"https:\/\/informelitoral.com.ar\/%77%70%2d%6a%73%6f%6e\/wp\/v2\/posts"}],"about":[{"href":"https:\/\/informelitoral.com.ar\/%77%70%2d%6a%73%6f%6e\/wp\/v2\/types\/post"}],"author":[{"embeddable":true,"href":"https:\/\/informelitoral.com.ar\/%77%70%2d%6a%73%6f%6e\/wp\/v2\/users\/2"}],"replies":[{"embeddable":true,"href":"https:\/\/informelitoral.com.ar\/%77%70%2d%6a%73%6f%6e\/wp\/v2\/comments?post=8095"}],"version-history":[{"count":0,"href":"https:\/\/informelitoral.com.ar\/%77%70%2d%6a%73%6f%6e\/wp\/v2\/posts\/8095\/revisions"}],"wp:attachment":[{"href":"https:\/\/informelitoral.com.ar\/%77%70%2d%6a%73%6f%6e\/wp\/v2\/media?parent=8095"}],"wp:term":[{"taxonomy":"category","embeddable":true,"href":"https:\/\/informelitoral.com.ar\/%77%70%2d%6a%73%6f%6e\/wp\/v2\/categories?post=8095"},{"taxonomy":"post_tag","embeddable":true,"href":"https:\/\/informelitoral.com.ar\/%77%70%2d%6a%73%6f%6e\/wp\/v2\/tags?post=8095"}],"curies":[{"name":"wp","href":"https:\/\/api.w.org\/{rel}","templated":true}]}}