{"id":80882,"date":"2022-07-01T12:38:00","date_gmt":"2022-07-01T15:38:00","guid":{"rendered":"https:\/\/www.informelitoral.com.ar\/?p=80882"},"modified":"2022-07-01T12:38:00","modified_gmt":"2022-07-01T15:38:00","slug":"nogoya-motociclista-sufrio-graves-lesiones-en-un-siniestro-vial","status":"publish","type":"post","link":"https:\/\/informelitoral.com.ar\/nogoya-motociclista-sufrio-graves-lesiones-en-un-siniestro-vial\/","title":{"rendered":"Nogoy\u00e1: Motociclista sufri\u00f3 graves lesiones en un siniestro vial"},"content":{"rendered":"<p>En el atardecer de este jueves, un siniestro vial moviliz\u00f3 a la polic\u00eda de Comisar\u00eda Villa 3 de Febrero, hasta donde tambi\u00e9n lleg\u00f3 el servicio de emergencia.<\/p>\n<p>El Jefe de la Departamental Nogoy\u00e1, Alejandro Fern\u00e1ndez, precis\u00f3 que \u00abalrededor de las 18:50, se tom\u00f3 conocimiento de un accidente de tr\u00e1nsito. En primera instancia, pudo establecerse que en circunstancias en que una mujer de 55 a\u00f1os de edad, transitaba por calle Hip\u00f3lito Irigoyen en su moto Guerrero, al tratar de evitar colisionar un Peugeot, que transitaba por calle Sixto Oris, perdi\u00f3 la estabilidad del motoveh\u00edculo. La se\u00f1ora cae al piso y por sus dolencias fue trasladada al Hospital San Blas\u00bb.<\/p>\n<p>El funcionario especific\u00f3 las lesiones que motivaron el inicio de actuaciones, con conocimiento de la Fiscal\u00eda en Turno: \u00abFue examinada por el m\u00e9dico de Polic\u00eda en turno, quien diagnostic\u00f3 fractura intercostal y politraumatismo, sin riesgo de vida, pero constituyendo lesiones de car\u00e1cter graves\u00bb.<\/p>\n<p>En la escena del hecho vial, intervino el gabinete criminal\u00edstico,para anexar informes periciales a la causa.(<em>Estaci\u00f3n Plus Crespo<\/em>)<\/p>\n","protected":false},"excerpt":{"rendered":"<p>En una maniobra por esquivar un veh\u00edculo para no llegar a impactarlo, la mujer cay\u00f3 con su moto. La conductora nogoyaense revisti\u00f3 serias secuelas.<\/p>\n","protected":false},"author":8,"featured_media":80884,"comment_status":"open","ping_status":"open","sticky":false,"template":"","format":"standard","meta":{"fifu_image_url":"","fifu_image_alt":"","footnotes":""},"categories":[14],"tags":[304],"class_list":{"0":"post-80882","1":"post","2":"type-post","3":"status-publish","4":"format-standard","5":"has-post-thumbnail","7":"category-policiales","8":"tag-accidente-vial"},"yoast_head":"<title>Nogoy\u00e1: Motociclista sufri\u00f3 graves lesiones en un siniestro vial - Informe Litoral<\/title>\n<meta name=\"robots\" content=\"index, follow, max-snippet:-1, max-image-preview:large, max-video-preview:-1\" \/>\n<link rel=\"canonical\" href=\"https:\/\/informelitoral.com.ar\/nogoya-motociclista-sufrio-graves-lesiones-en-un-siniestro-vial\/\" \/>\n<meta property=\"og:locale\" content=\"es_ES\" \/>\n<meta property=\"og:type\" content=\"article\" \/>\n<meta property=\"og:title\" content=\"Nogoy\u00e1: Motociclista sufri\u00f3 graves lesiones en un siniestro vial - Informe Litoral\" \/>\n<meta property=\"og:description\" content=\"En una maniobra por esquivar un veh\u00edculo para no llegar a impactarlo, la mujer cay\u00f3 con su moto. La conductora nogoyaense revisti\u00f3 serias secuelas.\" \/>\n<meta property=\"og:url\" content=\"https:\/\/informelitoral.com.ar\/nogoya-motociclista-sufrio-graves-lesiones-en-un-siniestro-vial\/\" \/>\n<meta property=\"og:site_name\" content=\"Informe Litoral\" \/>\n<meta property=\"article:publisher\" content=\"https:\/\/www.facebook.com\/informelitoral\/\" \/>\n<meta property=\"article:published_time\" content=\"2022-07-01T15:38:00+00:00\" \/>\n<meta property=\"og:image\" content=\"https:\/\/informelitoral.com.ar\/%77%70%2d%63%6f%6e%74%65%6e%74\/uploads\/2022\/07\/hjng.jpg\" \/>\n\t<meta property=\"og:image:width\" content=\"815\" \/>\n\t<meta property=\"og:image:height\" content=\"492\" \/>\n\t<meta property=\"og:image:type\" content=\"image\/jpeg\" \/>\n<meta name=\"author\" content=\"Sebastian\" \/>\n<meta name=\"twitter:card\" content=\"summary_large_image\" \/>\n<meta name=\"twitter:creator\" content=\"@InformeLitoral\" \/>\n<meta name=\"twitter:site\" content=\"@InformeLitoral\" \/>\n<meta name=\"twitter:label1\" content=\"Escrito por\" \/>\n\t<meta name=\"twitter:data1\" content=\"Sebastian\" \/>\n\t<meta name=\"twitter:label2\" content=\"Tiempo de lectura\" \/>\n\t<meta name=\"twitter:data2\" content=\"1 minuto\" \/>\n<script type=\"application\/ld+json\" class=\"yoast-schema-graph\">{\"@context\":\"https:\\\/\\\/schema.org\",\"@graph\":[{\"@type\":\"Article\",\"@id\":\"https:\\\/\\\/informelitoral.com.ar\\\/nogoya-motociclista-sufrio-graves-lesiones-en-un-siniestro-vial\\\/#article\",\"isPartOf\":{\"@id\":\"https:\\\/\\\/informelitoral.com.ar\\\/nogoya-motociclista-sufrio-graves-lesiones-en-un-siniestro-vial\\\/\"},\"author\":{\"name\":\"Sebastian\",\"@id\":\"https:\\\/\\\/informelitoral.com.ar\\\/#\\\/schema\\\/person\\\/f05f9f461677119578717524b127d6d5\"},\"headline\":\"Nogoy\u00e1: Motociclista sufri\u00f3 graves lesiones en un siniestro vial\",\"datePublished\":\"2022-07-01T15:38:00+00:00\",\"mainEntityOfPage\":{\"@id\":\"https:\\\/\\\/informelitoral.com.ar\\\/nogoya-motociclista-sufrio-graves-lesiones-en-un-siniestro-vial\\\/\"},\"wordCount\":192,\"commentCount\":0,\"publisher\":{\"@id\":\"https:\\\/\\\/informelitoral.com.ar\\\/#organization\"},\"image\":{\"@id\":\"https:\\\/\\\/informelitoral.com.ar\\\/nogoya-motociclista-sufrio-graves-lesiones-en-un-siniestro-vial\\\/#primaryimage\"},\"thumbnailUrl\":\"https:\\\/\\\/informelitoral.com.ar\\\/%77%70%2d%63%6f%6e%74%65%6e%74\\\/uploads\\\/2022\\\/07\\\/hjng.jpg\",\"keywords\":[\"Accidente vial\"],\"articleSection\":[\"Policiales\"],\"inLanguage\":\"es\",\"potentialAction\":[{\"@type\":\"CommentAction\",\"name\":\"Comment\",\"target\":[\"https:\\\/\\\/informelitoral.com.ar\\\/nogoya-motociclista-sufrio-graves-lesiones-en-un-siniestro-vial\\\/#respond\"]}]},{\"@type\":\"WebPage\",\"@id\":\"https:\\\/\\\/informelitoral.com.ar\\\/nogoya-motociclista-sufrio-graves-lesiones-en-un-siniestro-vial\\\/\",\"url\":\"https:\\\/\\\/informelitoral.com.ar\\\/nogoya-motociclista-sufrio-graves-lesiones-en-un-siniestro-vial\\\/\",\"name\":\"Nogoy\u00e1: Motociclista sufri\u00f3 graves lesiones en un siniestro vial - Informe Litoral\",\"isPartOf\":{\"@id\":\"https:\\\/\\\/informelitoral.com.ar\\\/#website\"},\"primaryImageOfPage\":{\"@id\":\"https:\\\/\\\/informelitoral.com.ar\\\/nogoya-motociclista-sufrio-graves-lesiones-en-un-siniestro-vial\\\/#primaryimage\"},\"image\":{\"@id\":\"https:\\\/\\\/informelitoral.com.ar\\\/nogoya-motociclista-sufrio-graves-lesiones-en-un-siniestro-vial\\\/#primaryimage\"},\"thumbnailUrl\":\"https:\\\/\\\/informelitoral.com.ar\\\/%77%70%2d%63%6f%6e%74%65%6e%74\\\/uploads\\\/2022\\\/07\\\/hjng.jpg\",\"datePublished\":\"2022-07-01T15:38:00+00:00\",\"breadcrumb\":{\"@id\":\"https:\\\/\\\/informelitoral.com.ar\\\/nogoya-motociclista-sufrio-graves-lesiones-en-un-siniestro-vial\\\/#breadcrumb\"},\"inLanguage\":\"es\",\"potentialAction\":[{\"@type\":\"ReadAction\",\"target\":[\"https:\\\/\\\/informelitoral.com.ar\\\/nogoya-motociclista-sufrio-graves-lesiones-en-un-siniestro-vial\\\/\"]}]},{\"@type\":\"ImageObject\",\"inLanguage\":\"es\",\"@id\":\"https:\\\/\\\/informelitoral.com.ar\\\/nogoya-motociclista-sufrio-graves-lesiones-en-un-siniestro-vial\\\/#primaryimage\",\"url\":\"https:\\\/\\\/informelitoral.com.ar\\\/%77%70%2d%63%6f%6e%74%65%6e%74\\\/uploads\\\/2022\\\/07\\\/hjng.jpg\",\"contentUrl\":\"https:\\\/\\\/informelitoral.com.ar\\\/%77%70%2d%63%6f%6e%74%65%6e%74\\\/uploads\\\/2022\\\/07\\\/hjng.jpg\",\"width\":815,\"height\":492},{\"@type\":\"BreadcrumbList\",\"@id\":\"https:\\\/\\\/informelitoral.com.ar\\\/nogoya-motociclista-sufrio-graves-lesiones-en-un-siniestro-vial\\\/#breadcrumb\",\"itemListElement\":[{\"@type\":\"ListItem\",\"position\":1,\"name\":\"Portada\",\"item\":\"https:\\\/\\\/informelitoral.com.ar\\\/\"},{\"@type\":\"ListItem\",\"position\":2,\"name\":\"Nogoy\u00e1: Motociclista sufri\u00f3 graves lesiones en un siniestro vial\"}]},{\"@type\":\"WebSite\",\"@id\":\"https:\\\/\\\/informelitoral.com.ar\\\/#website\",\"url\":\"https:\\\/\\\/informelitoral.com.ar\\\/\",\"name\":\"Informe Litoral\",\"description\":\"&quot;Nos informamos&quot; \",\"publisher\":{\"@id\":\"https:\\\/\\\/informelitoral.com.ar\\\/#organization\"},\"potentialAction\":[{\"@type\":\"SearchAction\",\"target\":{\"@type\":\"EntryPoint\",\"urlTemplate\":\"https:\\\/\\\/informelitoral.com.ar\\\/?s={search_term_string}\"},\"query-input\":{\"@type\":\"PropertyValueSpecification\",\"valueRequired\":true,\"valueName\":\"search_term_string\"}}],\"inLanguage\":\"es\"},{\"@type\":\"Organization\",\"@id\":\"https:\\\/\\\/informelitoral.com.ar\\\/#organization\",\"name\":\"Informe Litoral\",\"url\":\"https:\\\/\\\/informelitoral.com.ar\\\/\",\"logo\":{\"@type\":\"ImageObject\",\"inLanguage\":\"es\",\"@id\":\"https:\\\/\\\/informelitoral.com.ar\\\/#\\\/schema\\\/logo\\\/image\\\/\",\"url\":\"https:\\\/\\\/informelitoral.com.ar\\\/%77%70%2d%63%6f%6e%74%65%6e%74\\\/uploads\\\/2021\\\/01\\\/circulo.png\",\"contentUrl\":\"https:\\\/\\\/informelitoral.com.ar\\\/%77%70%2d%63%6f%6e%74%65%6e%74\\\/uploads\\\/2021\\\/01\\\/circulo.png\",\"width\":723,\"height\":731,\"caption\":\"Informe Litoral\"},\"image\":{\"@id\":\"https:\\\/\\\/informelitoral.com.ar\\\/#\\\/schema\\\/logo\\\/image\\\/\"},\"sameAs\":[\"https:\\\/\\\/www.facebook.com\\\/informelitoral\\\/\",\"https:\\\/\\\/x.com\\\/InformeLitoral\",\"https:\\\/\\\/www.instagram.com\\\/informelitoral\\\/\",\"https:\\\/\\\/www.youtube.com\\\/channel\\\/UCua4Qvz8Icb6MYqhoq9xLXw\"]},{\"@type\":\"Person\",\"@id\":\"https:\\\/\\\/informelitoral.com.ar\\\/#\\\/schema\\\/person\\\/f05f9f461677119578717524b127d6d5\",\"name\":\"Sebastian\",\"image\":{\"@type\":\"ImageObject\",\"inLanguage\":\"es\",\"@id\":\"https:\\\/\\\/secure.gravatar.com\\\/avatar\\\/b71bf7481d447dfb9583c7f2798e7cc64de6efb9067b74633ed8c31059a3bd82?s=96&d=mm&r=g\",\"url\":\"https:\\\/\\\/secure.gravatar.com\\\/avatar\\\/b71bf7481d447dfb9583c7f2798e7cc64de6efb9067b74633ed8c31059a3bd82?s=96&d=mm&r=g\",\"contentUrl\":\"https:\\\/\\\/secure.gravatar.com\\\/avatar\\\/b71bf7481d447dfb9583c7f2798e7cc64de6efb9067b74633ed8c31059a3bd82?s=96&d=mm&r=g\",\"caption\":\"Sebastian\"},\"url\":\"https:\\\/\\\/informelitoral.com.ar\\\/author\\\/sebastian\\\/\"}]}<\/script>","yoast_head_json":{"title":"Nogoy\u00e1: Motociclista sufri\u00f3 graves lesiones en un siniestro vial - Informe Litoral","robots":{"index":"index","follow":"follow","max-snippet":"max-snippet:-1","max-image-preview":"max-image-preview:large","max-video-preview":"max-video-preview:-1"},"canonical":"https:\/\/informelitoral.com.ar\/nogoya-motociclista-sufrio-graves-lesiones-en-un-siniestro-vial\/","og_locale":"es_ES","og_type":"article","og_title":"Nogoy\u00e1: Motociclista sufri\u00f3 graves lesiones en un siniestro vial - Informe Litoral","og_description":"En una maniobra por esquivar un veh\u00edculo para no llegar a impactarlo, la mujer cay\u00f3 con su moto. La conductora nogoyaense revisti\u00f3 serias secuelas.","og_url":"https:\/\/informelitoral.com.ar\/nogoya-motociclista-sufrio-graves-lesiones-en-un-siniestro-vial\/","og_site_name":"Informe Litoral","article_publisher":"https:\/\/www.facebook.com\/informelitoral\/","article_published_time":"2022-07-01T15:38:00+00:00","og_image":[{"width":815,"height":492,"url":"https:\/\/informelitoral.com.ar\/%77%70%2d%63%6f%6e%74%65%6e%74\/uploads\/2022\/07\/hjng.jpg","type":"image\/jpeg"}],"author":"Sebastian","twitter_card":"summary_large_image","twitter_creator":"@InformeLitoral","twitter_site":"@InformeLitoral","twitter_misc":{"Escrito por":"Sebastian","Tiempo de lectura":"1 minuto"},"schema":{"@context":"https:\/\/schema.org","@graph":[{"@type":"Article","@id":"https:\/\/informelitoral.com.ar\/nogoya-motociclista-sufrio-graves-lesiones-en-un-siniestro-vial\/#article","isPartOf":{"@id":"https:\/\/informelitoral.com.ar\/nogoya-motociclista-sufrio-graves-lesiones-en-un-siniestro-vial\/"},"author":{"name":"Sebastian","@id":"https:\/\/informelitoral.com.ar\/#\/schema\/person\/f05f9f461677119578717524b127d6d5"},"headline":"Nogoy\u00e1: Motociclista sufri\u00f3 graves lesiones en un siniestro vial","datePublished":"2022-07-01T15:38:00+00:00","mainEntityOfPage":{"@id":"https:\/\/informelitoral.com.ar\/nogoya-motociclista-sufrio-graves-lesiones-en-un-siniestro-vial\/"},"wordCount":192,"commentCount":0,"publisher":{"@id":"https:\/\/informelitoral.com.ar\/#organization"},"image":{"@id":"https:\/\/informelitoral.com.ar\/nogoya-motociclista-sufrio-graves-lesiones-en-un-siniestro-vial\/#primaryimage"},"thumbnailUrl":"https:\/\/informelitoral.com.ar\/%77%70%2d%63%6f%6e%74%65%6e%74\/uploads\/2022\/07\/hjng.jpg","keywords":["Accidente vial"],"articleSection":["Policiales"],"inLanguage":"es","potentialAction":[{"@type":"CommentAction","name":"Comment","target":["https:\/\/informelitoral.com.ar\/nogoya-motociclista-sufrio-graves-lesiones-en-un-siniestro-vial\/#respond"]}]},{"@type":"WebPage","@id":"https:\/\/informelitoral.com.ar\/nogoya-motociclista-sufrio-graves-lesiones-en-un-siniestro-vial\/","url":"https:\/\/informelitoral.com.ar\/nogoya-motociclista-sufrio-graves-lesiones-en-un-siniestro-vial\/","name":"Nogoy\u00e1: Motociclista sufri\u00f3 graves lesiones en un siniestro vial - Informe Litoral","isPartOf":{"@id":"https:\/\/informelitoral.com.ar\/#website"},"primaryImageOfPage":{"@id":"https:\/\/informelitoral.com.ar\/nogoya-motociclista-sufrio-graves-lesiones-en-un-siniestro-vial\/#primaryimage"},"image":{"@id":"https:\/\/informelitoral.com.ar\/nogoya-motociclista-sufrio-graves-lesiones-en-un-siniestro-vial\/#primaryimage"},"thumbnailUrl":"https:\/\/informelitoral.com.ar\/%77%70%2d%63%6f%6e%74%65%6e%74\/uploads\/2022\/07\/hjng.jpg","datePublished":"2022-07-01T15:38:00+00:00","breadcrumb":{"@id":"https:\/\/informelitoral.com.ar\/nogoya-motociclista-sufrio-graves-lesiones-en-un-siniestro-vial\/#breadcrumb"},"inLanguage":"es","potentialAction":[{"@type":"ReadAction","target":["https:\/\/informelitoral.com.ar\/nogoya-motociclista-sufrio-graves-lesiones-en-un-siniestro-vial\/"]}]},{"@type":"ImageObject","inLanguage":"es","@id":"https:\/\/informelitoral.com.ar\/nogoya-motociclista-sufrio-graves-lesiones-en-un-siniestro-vial\/#primaryimage","url":"https:\/\/informelitoral.com.ar\/%77%70%2d%63%6f%6e%74%65%6e%74\/uploads\/2022\/07\/hjng.jpg","contentUrl":"https:\/\/informelitoral.com.ar\/%77%70%2d%63%6f%6e%74%65%6e%74\/uploads\/2022\/07\/hjng.jpg","width":815,"height":492},{"@type":"BreadcrumbList","@id":"https:\/\/informelitoral.com.ar\/nogoya-motociclista-sufrio-graves-lesiones-en-un-siniestro-vial\/#breadcrumb","itemListElement":[{"@type":"ListItem","position":1,"name":"Portada","item":"https:\/\/informelitoral.com.ar\/"},{"@type":"ListItem","position":2,"name":"Nogoy\u00e1: Motociclista sufri\u00f3 graves lesiones en un siniestro vial"}]},{"@type":"WebSite","@id":"https:\/\/informelitoral.com.ar\/#website","url":"https:\/\/informelitoral.com.ar\/","name":"Informe Litoral","description":"&quot;Nos informamos&quot; ","publisher":{"@id":"https:\/\/informelitoral.com.ar\/#organization"},"potentialAction":[{"@type":"SearchAction","target":{"@type":"EntryPoint","urlTemplate":"https:\/\/informelitoral.com.ar\/?s={search_term_string}"},"query-input":{"@type":"PropertyValueSpecification","valueRequired":true,"valueName":"search_term_string"}}],"inLanguage":"es"},{"@type":"Organization","@id":"https:\/\/informelitoral.com.ar\/#organization","name":"Informe Litoral","url":"https:\/\/informelitoral.com.ar\/","logo":{"@type":"ImageObject","inLanguage":"es","@id":"https:\/\/informelitoral.com.ar\/#\/schema\/logo\/image\/","url":"https:\/\/informelitoral.com.ar\/%77%70%2d%63%6f%6e%74%65%6e%74\/uploads\/2021\/01\/circulo.png","contentUrl":"https:\/\/informelitoral.com.ar\/%77%70%2d%63%6f%6e%74%65%6e%74\/uploads\/2021\/01\/circulo.png","width":723,"height":731,"caption":"Informe Litoral"},"image":{"@id":"https:\/\/informelitoral.com.ar\/#\/schema\/logo\/image\/"},"sameAs":["https:\/\/www.facebook.com\/informelitoral\/","https:\/\/x.com\/InformeLitoral","https:\/\/www.instagram.com\/informelitoral\/","https:\/\/www.youtube.com\/channel\/UCua4Qvz8Icb6MYqhoq9xLXw"]},{"@type":"Person","@id":"https:\/\/informelitoral.com.ar\/#\/schema\/person\/f05f9f461677119578717524b127d6d5","name":"Sebastian","image":{"@type":"ImageObject","inLanguage":"es","@id":"https:\/\/secure.gravatar.com\/avatar\/b71bf7481d447dfb9583c7f2798e7cc64de6efb9067b74633ed8c31059a3bd82?s=96&d=mm&r=g","url":"https:\/\/secure.gravatar.com\/avatar\/b71bf7481d447dfb9583c7f2798e7cc64de6efb9067b74633ed8c31059a3bd82?s=96&d=mm&r=g","contentUrl":"https:\/\/secure.gravatar.com\/avatar\/b71bf7481d447dfb9583c7f2798e7cc64de6efb9067b74633ed8c31059a3bd82?s=96&d=mm&r=g","caption":"Sebastian"},"url":"https:\/\/informelitoral.com.ar\/author\/sebastian\/"}]}},"_links":{"self":[{"href":"https:\/\/informelitoral.com.ar\/%77%70%2d%6a%73%6f%6e\/wp\/v2\/posts\/80882","targetHints":{"allow":["GET"]}}],"collection":[{"href":"https:\/\/informelitoral.com.ar\/%77%70%2d%6a%73%6f%6e\/wp\/v2\/posts"}],"about":[{"href":"https:\/\/informelitoral.com.ar\/%77%70%2d%6a%73%6f%6e\/wp\/v2\/types\/post"}],"author":[{"embeddable":true,"href":"https:\/\/informelitoral.com.ar\/%77%70%2d%6a%73%6f%6e\/wp\/v2\/users\/8"}],"replies":[{"embeddable":true,"href":"https:\/\/informelitoral.com.ar\/%77%70%2d%6a%73%6f%6e\/wp\/v2\/comments?post=80882"}],"version-history":[{"count":0,"href":"https:\/\/informelitoral.com.ar\/%77%70%2d%6a%73%6f%6e\/wp\/v2\/posts\/80882\/revisions"}],"wp:featuredmedia":[{"embeddable":true,"href":"https:\/\/informelitoral.com.ar\/%77%70%2d%6a%73%6f%6e\/wp\/v2\/media\/80884"}],"wp:attachment":[{"href":"https:\/\/informelitoral.com.ar\/%77%70%2d%6a%73%6f%6e\/wp\/v2\/media?parent=80882"}],"wp:term":[{"taxonomy":"category","embeddable":true,"href":"https:\/\/informelitoral.com.ar\/%77%70%2d%6a%73%6f%6e\/wp\/v2\/categories?post=80882"},{"taxonomy":"post_tag","embeddable":true,"href":"https:\/\/informelitoral.com.ar\/%77%70%2d%6a%73%6f%6e\/wp\/v2\/tags?post=80882"}],"curies":[{"name":"wp","href":"https:\/\/api.w.org\/{rel}","templated":true}]}}