{"id":8083,"date":"2014-09-04T20:46:23","date_gmt":"2014-09-04T23:46:23","guid":{"rendered":"http:\/\/www.isletasnoticias.com.ar\/?p=8083"},"modified":"2014-09-04T20:51:16","modified_gmt":"2014-09-04T23:51:16","slug":"isletas-la-juventud-peronista-junto-a-la-campora-diamante-visitaron-tecnopolis","status":"publish","type":"post","link":"https:\/\/informelitoral.com.ar\/isletas-la-juventud-peronista-junto-a-la-campora-diamante-visitaron-tecnopolis\/","title":{"rendered":"Isletas: la Juventud Peronista junto a La C\u00e1mpora Diamante visitaron Tecn\u00f3polis"},"content":{"rendered":"<p><b>Invitados por La C\u00e1mpora Diamante, integrantes de la Juventud Peronista local, visitaron Tecn\u00f3polis este mi\u00e9rcoles 3. El objetivo ser\u00eda trabajar \u00abUnidos y Organizados\u00bb. El dirigente <em>Luis Ch\u00e9mez<\/em> agradeci\u00f3 la invitaci\u00f3n para que los j\u00f3venes locales puedan conocer la muestra.\u00a0<a href=\"http:\/\/www.isletasnoticias.com.ar\/%77%70%2d%63%6f%6e%74%65%6e%74\/uploads\/2014\/09\/10653790_455354921271559_5839554888222257966_n.jpg\"><img loading=\"lazy\" decoding=\"async\" class=\"aligncenter wp-image-8084 size-medium\" src=\"http:\/\/www.isletasnoticias.com.ar\/%77%70%2d%63%6f%6e%74%65%6e%74\/uploads\/2014\/09\/10653790_455354921271559_5839554888222257966_n-300x225.jpg\" alt=\"10653790_455354921271559_5839554888222257966_n\" width=\"300\" height=\"225\" srcset=\"https:\/\/informelitoral.com.ar\/%77%70%2d%63%6f%6e%74%65%6e%74\/uploads\/2014\/09\/10653790_455354921271559_5839554888222257966_n-300x225.jpg 300w, https:\/\/informelitoral.com.ar\/%77%70%2d%63%6f%6e%74%65%6e%74\/uploads\/2014\/09\/10653790_455354921271559_5839554888222257966_n.jpg 960w\" sizes=\"auto, (max-width: 300px) 100vw, 300px\" \/><\/a><\/b><br style=\"color: #37404e;\" \/>La Juventud Peronista de Isletas, junto a La C\u00e1mpora Diamante visitaron Tecn\u00f3polis este mi\u00e9rcoles 3.<\/p>\n<p><span class=\"text_exposed_show\" style=\"color: #37404e;\">\u00abLos j\u00f3venes vivieron la experiencia de visitar el campo tecnol\u00f3gico mas grande de Latinoam\u00e9rica, instalado en el predio del ex Regimiento de Villa Martelli, ubicado a la vera de la Avenida General Paz, que delimita Capital Federal y Provincia de Buenos Aires\u00bb, indicaron en un comunicado desde la agrupaci\u00f3n diamantina.<\/span><\/p>\n<p>Por otro lado, destacaron que \u00ablos visitantes quedaron asombrados de ver los adelantos tecnol\u00f3gicos usados en dicha muestra, que resalta la capacidad del pueblo argentino y de sus cient\u00edficos cuando se les brinda la oportunidad de trabajar apoyados por un gobierno que piensa en el pa\u00eds y que conf\u00eda en su gente\u00bb.<\/p>\n<p>Por su parte el candidato a presidente de la Junta de Gobierno en 2015 por el FPV,\u00a0<strong>Luis Ch\u00e9mez<\/strong>, expres\u00f3 que se siente muy conforme y contento al ver que los j\u00f3venes de su comuna tengan esta oportunidad y experiencia de ver y conocer los trabajos que se realizan en el pa\u00eds. \u00ab<span class=\"userContent\">Queremos agradecer a\u00a0La C\u00e1mpora Diamante\u00a0por brindarnos la hermosa posibilidad de viajar junto a ellos. Los chicos de la\u00a0Juventud Peronista Isletas\u00a0lograron conocer esto que es el futuro porque es una verdadera muestra del trabajo, de la industria y de la ciencia de los argentinos\u00bb, remarc\u00f3 Ch\u00e9mez.\u00a0<\/span><\/p>\n<p>En tanto, el referente de\u00a0La C\u00e1mpora Diamante,\u00a0<strong>Dante Grandolio<\/strong>, expres\u00f3 que \u00abest\u00e1 contento de haberles podido brindar, la posibilidad de conocer esta muestra y que al ver los j\u00f3venes militantes de Isletas, ve el futuro de una Junta pujante que trabaja y quiere lo mejor para su comuna, destac\u00f3 los trabajos que viene haciendo Ch\u00e9mez en su gesti\u00f3n y coment\u00f3 que pronto vuelve a Isletas con algunas respuesta de las solicitudes que manifestaron necesitar dentro de los pedidos que hicieran en nuestra visita a la mencionada localidad\u00bb, concluye el texto. <em>(Isletas Noticias)<\/em><\/p>\n","protected":false},"excerpt":{"rendered":"<p>Invitados por La C&aacute;mpora Diamante, integrantes de la Juventud Peronista local, visitaron Tecn&oacute;polis este mi&eacute;rcoles 3. El objetivo ser&iacute;a trabajar &laquo;Unidos y Organizados&raquo;. El dirigente Luis Ch&eacute;mez agradeci&oacute; la invitaci&oacute;n para que los j&oacute;venes locales puedan conocer la muestra.&nbsp;La Juventud Peronista de Isletas, junto a La C&aacute;mpora Diamante visitaron Tecn&oacute;polis este mi&eacute;rcoles 3. &laquo;Los j&oacute;venes [&hellip;]<\/p>\n","protected":false},"author":2,"featured_media":0,"comment_status":"open","ping_status":"open","sticky":false,"template":"","format":"standard","meta":{"fifu_image_url":"","fifu_image_alt":"","footnotes":""},"categories":[4,16],"tags":[],"class_list":{"0":"post-8083","1":"post","2":"type-post","3":"status-publish","4":"format-standard","6":"category-locales","7":"category-politi"},"yoast_head":"<title>Isletas: la Juventud Peronista junto a La C\u00e1mpora Diamante visitaron Tecn\u00f3polis - Informe Litoral<\/title>\n<meta name=\"robots\" content=\"index, follow, max-snippet:-1, max-image-preview:large, max-video-preview:-1\" \/>\n<link rel=\"canonical\" href=\"https:\/\/informelitoral.com.ar\/isletas-la-juventud-peronista-junto-a-la-campora-diamante-visitaron-tecnopolis\/\" \/>\n<meta property=\"og:locale\" content=\"es_ES\" \/>\n<meta property=\"og:type\" content=\"article\" \/>\n<meta property=\"og:title\" content=\"Isletas: la Juventud Peronista junto a La C\u00e1mpora Diamante visitaron Tecn\u00f3polis - Informe Litoral\" \/>\n<meta property=\"og:description\" content=\"Invitados por La C&aacute;mpora Diamante, integrantes de la Juventud Peronista local, visitaron Tecn&oacute;polis este mi&eacute;rcoles 3. El objetivo ser&iacute;a trabajar &laquo;Unidos y Organizados&raquo;. El dirigente Luis Ch&eacute;mez agradeci&oacute; la invitaci&oacute;n para que los j&oacute;venes locales puedan conocer la muestra.&nbsp;La Juventud Peronista de Isletas, junto a La C&aacute;mpora Diamante visitaron Tecn&oacute;polis este mi&eacute;rcoles 3. &laquo;Los j&oacute;venes [&hellip;]\" \/>\n<meta property=\"og:url\" content=\"https:\/\/informelitoral.com.ar\/isletas-la-juventud-peronista-junto-a-la-campora-diamante-visitaron-tecnopolis\/\" \/>\n<meta property=\"og:site_name\" content=\"Informe Litoral\" \/>\n<meta property=\"article:publisher\" content=\"https:\/\/www.facebook.com\/informelitoral\/\" \/>\n<meta property=\"article:published_time\" content=\"2014-09-04T23:46:23+00:00\" \/>\n<meta property=\"article:modified_time\" content=\"2014-09-04T23:51:16+00:00\" \/>\n<meta property=\"og:image\" content=\"https:\/\/informelitoral.com.ar\/%77%70%2d%63%6f%6e%74%65%6e%74\/uploads\/2014\/09\/10653790_455354921271559_5839554888222257966_n.jpg\" \/>\n\t<meta property=\"og:image:width\" content=\"960\" \/>\n\t<meta property=\"og:image:height\" content=\"720\" \/>\n\t<meta property=\"og:image:type\" content=\"image\/jpeg\" \/>\n<meta name=\"author\" content=\"Gonzalo Schmidt\" \/>\n<meta name=\"twitter:card\" content=\"summary_large_image\" \/>\n<meta name=\"twitter:creator\" content=\"@InformeLitoral\" \/>\n<meta name=\"twitter:site\" content=\"@InformeLitoral\" \/>\n<meta name=\"twitter:label1\" content=\"Escrito por\" \/>\n\t<meta name=\"twitter:data1\" content=\"Gonzalo Schmidt\" \/>\n\t<meta name=\"twitter:label2\" content=\"Tiempo de lectura\" \/>\n\t<meta name=\"twitter:data2\" content=\"2 minutos\" \/>\n<script type=\"application\/ld+json\" class=\"yoast-schema-graph\">{\"@context\":\"https:\\\/\\\/schema.org\",\"@graph\":[{\"@type\":\"Article\",\"@id\":\"https:\\\/\\\/informelitoral.com.ar\\\/isletas-la-juventud-peronista-junto-a-la-campora-diamante-visitaron-tecnopolis\\\/#article\",\"isPartOf\":{\"@id\":\"https:\\\/\\\/informelitoral.com.ar\\\/isletas-la-juventud-peronista-junto-a-la-campora-diamante-visitaron-tecnopolis\\\/\"},\"author\":{\"name\":\"Gonzalo Schmidt\",\"@id\":\"https:\\\/\\\/informelitoral.com.ar\\\/#\\\/schema\\\/person\\\/b9d00407c836482871ef1d57bf8e3180\"},\"headline\":\"Isletas: la Juventud Peronista junto a La C\u00e1mpora Diamante visitaron Tecn\u00f3polis\",\"datePublished\":\"2014-09-04T23:46:23+00:00\",\"dateModified\":\"2014-09-04T23:51:16+00:00\",\"mainEntityOfPage\":{\"@id\":\"https:\\\/\\\/informelitoral.com.ar\\\/isletas-la-juventud-peronista-junto-a-la-campora-diamante-visitaron-tecnopolis\\\/\"},\"wordCount\":387,\"commentCount\":0,\"publisher\":{\"@id\":\"https:\\\/\\\/informelitoral.com.ar\\\/#organization\"},\"image\":{\"@id\":\"https:\\\/\\\/informelitoral.com.ar\\\/isletas-la-juventud-peronista-junto-a-la-campora-diamante-visitaron-tecnopolis\\\/#primaryimage\"},\"thumbnailUrl\":\"http:\\\/\\\/www.isletasnoticias.com.ar\\\/%77%70%2d%63%6f%6e%74%65%6e%74\\\/uploads\\\/2014\\\/09\\\/10653790_455354921271559_5839554888222257966_n-300x225.jpg\",\"articleSection\":[\"Isletas\",\"Politica\"],\"inLanguage\":\"es\",\"potentialAction\":[{\"@type\":\"CommentAction\",\"name\":\"Comment\",\"target\":[\"https:\\\/\\\/informelitoral.com.ar\\\/isletas-la-juventud-peronista-junto-a-la-campora-diamante-visitaron-tecnopolis\\\/#respond\"]}]},{\"@type\":\"WebPage\",\"@id\":\"https:\\\/\\\/informelitoral.com.ar\\\/isletas-la-juventud-peronista-junto-a-la-campora-diamante-visitaron-tecnopolis\\\/\",\"url\":\"https:\\\/\\\/informelitoral.com.ar\\\/isletas-la-juventud-peronista-junto-a-la-campora-diamante-visitaron-tecnopolis\\\/\",\"name\":\"Isletas: la Juventud Peronista junto a La C\u00e1mpora Diamante visitaron Tecn\u00f3polis - Informe Litoral\",\"isPartOf\":{\"@id\":\"https:\\\/\\\/informelitoral.com.ar\\\/#website\"},\"primaryImageOfPage\":{\"@id\":\"https:\\\/\\\/informelitoral.com.ar\\\/isletas-la-juventud-peronista-junto-a-la-campora-diamante-visitaron-tecnopolis\\\/#primaryimage\"},\"image\":{\"@id\":\"https:\\\/\\\/informelitoral.com.ar\\\/isletas-la-juventud-peronista-junto-a-la-campora-diamante-visitaron-tecnopolis\\\/#primaryimage\"},\"thumbnailUrl\":\"http:\\\/\\\/www.isletasnoticias.com.ar\\\/%77%70%2d%63%6f%6e%74%65%6e%74\\\/uploads\\\/2014\\\/09\\\/10653790_455354921271559_5839554888222257966_n-300x225.jpg\",\"datePublished\":\"2014-09-04T23:46:23+00:00\",\"dateModified\":\"2014-09-04T23:51:16+00:00\",\"breadcrumb\":{\"@id\":\"https:\\\/\\\/informelitoral.com.ar\\\/isletas-la-juventud-peronista-junto-a-la-campora-diamante-visitaron-tecnopolis\\\/#breadcrumb\"},\"inLanguage\":\"es\",\"potentialAction\":[{\"@type\":\"ReadAction\",\"target\":[\"https:\\\/\\\/informelitoral.com.ar\\\/isletas-la-juventud-peronista-junto-a-la-campora-diamante-visitaron-tecnopolis\\\/\"]}]},{\"@type\":\"ImageObject\",\"inLanguage\":\"es\",\"@id\":\"https:\\\/\\\/informelitoral.com.ar\\\/isletas-la-juventud-peronista-junto-a-la-campora-diamante-visitaron-tecnopolis\\\/#primaryimage\",\"url\":\"http:\\\/\\\/www.isletasnoticias.com.ar\\\/%77%70%2d%63%6f%6e%74%65%6e%74\\\/uploads\\\/2014\\\/09\\\/10653790_455354921271559_5839554888222257966_n-300x225.jpg\",\"contentUrl\":\"http:\\\/\\\/www.isletasnoticias.com.ar\\\/%77%70%2d%63%6f%6e%74%65%6e%74\\\/uploads\\\/2014\\\/09\\\/10653790_455354921271559_5839554888222257966_n-300x225.jpg\"},{\"@type\":\"BreadcrumbList\",\"@id\":\"https:\\\/\\\/informelitoral.com.ar\\\/isletas-la-juventud-peronista-junto-a-la-campora-diamante-visitaron-tecnopolis\\\/#breadcrumb\",\"itemListElement\":[{\"@type\":\"ListItem\",\"position\":1,\"name\":\"Portada\",\"item\":\"https:\\\/\\\/informelitoral.com.ar\\\/\"},{\"@type\":\"ListItem\",\"position\":2,\"name\":\"Isletas: la Juventud Peronista junto a La C\u00e1mpora Diamante visitaron Tecn\u00f3polis\"}]},{\"@type\":\"WebSite\",\"@id\":\"https:\\\/\\\/informelitoral.com.ar\\\/#website\",\"url\":\"https:\\\/\\\/informelitoral.com.ar\\\/\",\"name\":\"Informe Litoral\",\"description\":\"&quot;Nos informamos&quot; \",\"publisher\":{\"@id\":\"https:\\\/\\\/informelitoral.com.ar\\\/#organization\"},\"potentialAction\":[{\"@type\":\"SearchAction\",\"target\":{\"@type\":\"EntryPoint\",\"urlTemplate\":\"https:\\\/\\\/informelitoral.com.ar\\\/?s={search_term_string}\"},\"query-input\":{\"@type\":\"PropertyValueSpecification\",\"valueRequired\":true,\"valueName\":\"search_term_string\"}}],\"inLanguage\":\"es\"},{\"@type\":\"Organization\",\"@id\":\"https:\\\/\\\/informelitoral.com.ar\\\/#organization\",\"name\":\"Informe Litoral\",\"url\":\"https:\\\/\\\/informelitoral.com.ar\\\/\",\"logo\":{\"@type\":\"ImageObject\",\"inLanguage\":\"es\",\"@id\":\"https:\\\/\\\/informelitoral.com.ar\\\/#\\\/schema\\\/logo\\\/image\\\/\",\"url\":\"https:\\\/\\\/informelitoral.com.ar\\\/%77%70%2d%63%6f%6e%74%65%6e%74\\\/uploads\\\/2021\\\/01\\\/circulo.png\",\"contentUrl\":\"https:\\\/\\\/informelitoral.com.ar\\\/%77%70%2d%63%6f%6e%74%65%6e%74\\\/uploads\\\/2021\\\/01\\\/circulo.png\",\"width\":723,\"height\":731,\"caption\":\"Informe Litoral\"},\"image\":{\"@id\":\"https:\\\/\\\/informelitoral.com.ar\\\/#\\\/schema\\\/logo\\\/image\\\/\"},\"sameAs\":[\"https:\\\/\\\/www.facebook.com\\\/informelitoral\\\/\",\"https:\\\/\\\/x.com\\\/InformeLitoral\",\"https:\\\/\\\/www.instagram.com\\\/informelitoral\\\/\",\"https:\\\/\\\/www.youtube.com\\\/channel\\\/UCua4Qvz8Icb6MYqhoq9xLXw\"]},{\"@type\":\"Person\",\"@id\":\"https:\\\/\\\/informelitoral.com.ar\\\/#\\\/schema\\\/person\\\/b9d00407c836482871ef1d57bf8e3180\",\"name\":\"Gonzalo Schmidt\",\"image\":{\"@type\":\"ImageObject\",\"inLanguage\":\"es\",\"@id\":\"https:\\\/\\\/secure.gravatar.com\\\/avatar\\\/31a1a7b66ff2de83bd0e9fd79d026630d2d99e55e8bfe501287647b4fd9743de?s=96&d=mm&r=g\",\"url\":\"https:\\\/\\\/secure.gravatar.com\\\/avatar\\\/31a1a7b66ff2de83bd0e9fd79d026630d2d99e55e8bfe501287647b4fd9743de?s=96&d=mm&r=g\",\"contentUrl\":\"https:\\\/\\\/secure.gravatar.com\\\/avatar\\\/31a1a7b66ff2de83bd0e9fd79d026630d2d99e55e8bfe501287647b4fd9743de?s=96&d=mm&r=g\",\"caption\":\"Gonzalo Schmidt\"},\"description\":\"Sitio web de noticias de la provincia de Entre R\u00edos, Argentina. Informaci\u00f3n y entretenimiento. Informe Litoral, nos informamos.\",\"sameAs\":[\"http:\\\/\\\/www.isletasnoticias.com.ar\"],\"url\":\"https:\\\/\\\/informelitoral.com.ar\\\/author\\\/gonzalo\\\/\"}]}<\/script>","yoast_head_json":{"title":"Isletas: la Juventud Peronista junto a La C\u00e1mpora Diamante visitaron Tecn\u00f3polis - Informe Litoral","robots":{"index":"index","follow":"follow","max-snippet":"max-snippet:-1","max-image-preview":"max-image-preview:large","max-video-preview":"max-video-preview:-1"},"canonical":"https:\/\/informelitoral.com.ar\/isletas-la-juventud-peronista-junto-a-la-campora-diamante-visitaron-tecnopolis\/","og_locale":"es_ES","og_type":"article","og_title":"Isletas: la Juventud Peronista junto a La C\u00e1mpora Diamante visitaron Tecn\u00f3polis - Informe Litoral","og_description":"Invitados por La C&aacute;mpora Diamante, integrantes de la Juventud Peronista local, visitaron Tecn&oacute;polis este mi&eacute;rcoles 3. El objetivo ser&iacute;a trabajar &laquo;Unidos y Organizados&raquo;. El dirigente Luis Ch&eacute;mez agradeci&oacute; la invitaci&oacute;n para que los j&oacute;venes locales puedan conocer la muestra.&nbsp;La Juventud Peronista de Isletas, junto a La C&aacute;mpora Diamante visitaron Tecn&oacute;polis este mi&eacute;rcoles 3. &laquo;Los j&oacute;venes [&hellip;]","og_url":"https:\/\/informelitoral.com.ar\/isletas-la-juventud-peronista-junto-a-la-campora-diamante-visitaron-tecnopolis\/","og_site_name":"Informe Litoral","article_publisher":"https:\/\/www.facebook.com\/informelitoral\/","article_published_time":"2014-09-04T23:46:23+00:00","article_modified_time":"2014-09-04T23:51:16+00:00","og_image":[{"width":960,"height":720,"url":"https:\/\/informelitoral.com.ar\/%77%70%2d%63%6f%6e%74%65%6e%74\/uploads\/2014\/09\/10653790_455354921271559_5839554888222257966_n.jpg","type":"image\/jpeg"}],"author":"Gonzalo Schmidt","twitter_card":"summary_large_image","twitter_creator":"@InformeLitoral","twitter_site":"@InformeLitoral","twitter_misc":{"Escrito por":"Gonzalo Schmidt","Tiempo de lectura":"2 minutos"},"schema":{"@context":"https:\/\/schema.org","@graph":[{"@type":"Article","@id":"https:\/\/informelitoral.com.ar\/isletas-la-juventud-peronista-junto-a-la-campora-diamante-visitaron-tecnopolis\/#article","isPartOf":{"@id":"https:\/\/informelitoral.com.ar\/isletas-la-juventud-peronista-junto-a-la-campora-diamante-visitaron-tecnopolis\/"},"author":{"name":"Gonzalo Schmidt","@id":"https:\/\/informelitoral.com.ar\/#\/schema\/person\/b9d00407c836482871ef1d57bf8e3180"},"headline":"Isletas: la Juventud Peronista junto a La C\u00e1mpora Diamante visitaron Tecn\u00f3polis","datePublished":"2014-09-04T23:46:23+00:00","dateModified":"2014-09-04T23:51:16+00:00","mainEntityOfPage":{"@id":"https:\/\/informelitoral.com.ar\/isletas-la-juventud-peronista-junto-a-la-campora-diamante-visitaron-tecnopolis\/"},"wordCount":387,"commentCount":0,"publisher":{"@id":"https:\/\/informelitoral.com.ar\/#organization"},"image":{"@id":"https:\/\/informelitoral.com.ar\/isletas-la-juventud-peronista-junto-a-la-campora-diamante-visitaron-tecnopolis\/#primaryimage"},"thumbnailUrl":"http:\/\/www.isletasnoticias.com.ar\/%77%70%2d%63%6f%6e%74%65%6e%74\/uploads\/2014\/09\/10653790_455354921271559_5839554888222257966_n-300x225.jpg","articleSection":["Isletas","Politica"],"inLanguage":"es","potentialAction":[{"@type":"CommentAction","name":"Comment","target":["https:\/\/informelitoral.com.ar\/isletas-la-juventud-peronista-junto-a-la-campora-diamante-visitaron-tecnopolis\/#respond"]}]},{"@type":"WebPage","@id":"https:\/\/informelitoral.com.ar\/isletas-la-juventud-peronista-junto-a-la-campora-diamante-visitaron-tecnopolis\/","url":"https:\/\/informelitoral.com.ar\/isletas-la-juventud-peronista-junto-a-la-campora-diamante-visitaron-tecnopolis\/","name":"Isletas: la Juventud Peronista junto a La C\u00e1mpora Diamante visitaron Tecn\u00f3polis - Informe Litoral","isPartOf":{"@id":"https:\/\/informelitoral.com.ar\/#website"},"primaryImageOfPage":{"@id":"https:\/\/informelitoral.com.ar\/isletas-la-juventud-peronista-junto-a-la-campora-diamante-visitaron-tecnopolis\/#primaryimage"},"image":{"@id":"https:\/\/informelitoral.com.ar\/isletas-la-juventud-peronista-junto-a-la-campora-diamante-visitaron-tecnopolis\/#primaryimage"},"thumbnailUrl":"http:\/\/www.isletasnoticias.com.ar\/%77%70%2d%63%6f%6e%74%65%6e%74\/uploads\/2014\/09\/10653790_455354921271559_5839554888222257966_n-300x225.jpg","datePublished":"2014-09-04T23:46:23+00:00","dateModified":"2014-09-04T23:51:16+00:00","breadcrumb":{"@id":"https:\/\/informelitoral.com.ar\/isletas-la-juventud-peronista-junto-a-la-campora-diamante-visitaron-tecnopolis\/#breadcrumb"},"inLanguage":"es","potentialAction":[{"@type":"ReadAction","target":["https:\/\/informelitoral.com.ar\/isletas-la-juventud-peronista-junto-a-la-campora-diamante-visitaron-tecnopolis\/"]}]},{"@type":"ImageObject","inLanguage":"es","@id":"https:\/\/informelitoral.com.ar\/isletas-la-juventud-peronista-junto-a-la-campora-diamante-visitaron-tecnopolis\/#primaryimage","url":"http:\/\/www.isletasnoticias.com.ar\/%77%70%2d%63%6f%6e%74%65%6e%74\/uploads\/2014\/09\/10653790_455354921271559_5839554888222257966_n-300x225.jpg","contentUrl":"http:\/\/www.isletasnoticias.com.ar\/%77%70%2d%63%6f%6e%74%65%6e%74\/uploads\/2014\/09\/10653790_455354921271559_5839554888222257966_n-300x225.jpg"},{"@type":"BreadcrumbList","@id":"https:\/\/informelitoral.com.ar\/isletas-la-juventud-peronista-junto-a-la-campora-diamante-visitaron-tecnopolis\/#breadcrumb","itemListElement":[{"@type":"ListItem","position":1,"name":"Portada","item":"https:\/\/informelitoral.com.ar\/"},{"@type":"ListItem","position":2,"name":"Isletas: la Juventud Peronista junto a La C\u00e1mpora Diamante visitaron Tecn\u00f3polis"}]},{"@type":"WebSite","@id":"https:\/\/informelitoral.com.ar\/#website","url":"https:\/\/informelitoral.com.ar\/","name":"Informe Litoral","description":"&quot;Nos informamos&quot; ","publisher":{"@id":"https:\/\/informelitoral.com.ar\/#organization"},"potentialAction":[{"@type":"SearchAction","target":{"@type":"EntryPoint","urlTemplate":"https:\/\/informelitoral.com.ar\/?s={search_term_string}"},"query-input":{"@type":"PropertyValueSpecification","valueRequired":true,"valueName":"search_term_string"}}],"inLanguage":"es"},{"@type":"Organization","@id":"https:\/\/informelitoral.com.ar\/#organization","name":"Informe Litoral","url":"https:\/\/informelitoral.com.ar\/","logo":{"@type":"ImageObject","inLanguage":"es","@id":"https:\/\/informelitoral.com.ar\/#\/schema\/logo\/image\/","url":"https:\/\/informelitoral.com.ar\/%77%70%2d%63%6f%6e%74%65%6e%74\/uploads\/2021\/01\/circulo.png","contentUrl":"https:\/\/informelitoral.com.ar\/%77%70%2d%63%6f%6e%74%65%6e%74\/uploads\/2021\/01\/circulo.png","width":723,"height":731,"caption":"Informe Litoral"},"image":{"@id":"https:\/\/informelitoral.com.ar\/#\/schema\/logo\/image\/"},"sameAs":["https:\/\/www.facebook.com\/informelitoral\/","https:\/\/x.com\/InformeLitoral","https:\/\/www.instagram.com\/informelitoral\/","https:\/\/www.youtube.com\/channel\/UCua4Qvz8Icb6MYqhoq9xLXw"]},{"@type":"Person","@id":"https:\/\/informelitoral.com.ar\/#\/schema\/person\/b9d00407c836482871ef1d57bf8e3180","name":"Gonzalo Schmidt","image":{"@type":"ImageObject","inLanguage":"es","@id":"https:\/\/secure.gravatar.com\/avatar\/31a1a7b66ff2de83bd0e9fd79d026630d2d99e55e8bfe501287647b4fd9743de?s=96&d=mm&r=g","url":"https:\/\/secure.gravatar.com\/avatar\/31a1a7b66ff2de83bd0e9fd79d026630d2d99e55e8bfe501287647b4fd9743de?s=96&d=mm&r=g","contentUrl":"https:\/\/secure.gravatar.com\/avatar\/31a1a7b66ff2de83bd0e9fd79d026630d2d99e55e8bfe501287647b4fd9743de?s=96&d=mm&r=g","caption":"Gonzalo Schmidt"},"description":"Sitio web de noticias de la provincia de Entre R\u00edos, Argentina. Informaci\u00f3n y entretenimiento. Informe Litoral, nos informamos.","sameAs":["http:\/\/www.isletasnoticias.com.ar"],"url":"https:\/\/informelitoral.com.ar\/author\/gonzalo\/"}]}},"_links":{"self":[{"href":"https:\/\/informelitoral.com.ar\/%77%70%2d%6a%73%6f%6e\/wp\/v2\/posts\/8083","targetHints":{"allow":["GET"]}}],"collection":[{"href":"https:\/\/informelitoral.com.ar\/%77%70%2d%6a%73%6f%6e\/wp\/v2\/posts"}],"about":[{"href":"https:\/\/informelitoral.com.ar\/%77%70%2d%6a%73%6f%6e\/wp\/v2\/types\/post"}],"author":[{"embeddable":true,"href":"https:\/\/informelitoral.com.ar\/%77%70%2d%6a%73%6f%6e\/wp\/v2\/users\/2"}],"replies":[{"embeddable":true,"href":"https:\/\/informelitoral.com.ar\/%77%70%2d%6a%73%6f%6e\/wp\/v2\/comments?post=8083"}],"version-history":[{"count":0,"href":"https:\/\/informelitoral.com.ar\/%77%70%2d%6a%73%6f%6e\/wp\/v2\/posts\/8083\/revisions"}],"wp:attachment":[{"href":"https:\/\/informelitoral.com.ar\/%77%70%2d%6a%73%6f%6e\/wp\/v2\/media?parent=8083"}],"wp:term":[{"taxonomy":"category","embeddable":true,"href":"https:\/\/informelitoral.com.ar\/%77%70%2d%6a%73%6f%6e\/wp\/v2\/categories?post=8083"},{"taxonomy":"post_tag","embeddable":true,"href":"https:\/\/informelitoral.com.ar\/%77%70%2d%6a%73%6f%6e\/wp\/v2\/tags?post=8083"}],"curies":[{"name":"wp","href":"https:\/\/api.w.org\/{rel}","templated":true}]}}