{"id":8080,"date":"2014-09-04T20:16:42","date_gmt":"2014-09-04T23:16:42","guid":{"rendered":"http:\/\/www.isletasnoticias.com.ar\/?p=8080"},"modified":"2014-09-04T20:16:42","modified_gmt":"2014-09-04T23:16:42","slug":"se-financiaran-nuevos-proyectos-para-fortalecer-las-cadenas-lactea-y-citricola","status":"publish","type":"post","link":"https:\/\/informelitoral.com.ar\/se-financiaran-nuevos-proyectos-para-fortalecer-las-cadenas-lactea-y-citricola\/","title":{"rendered":"Se financiar\u00e1n nuevos proyectos para fortalecer las cadenas l\u00e1ctea y citr\u00edcola"},"content":{"rendered":"<p><strong>El gobierno provincial aprob\u00f3 el financiamiento de 22 planes de negocios para apoyar a productores de las cadenas l\u00e1cteas y citr\u00edcolas, en el marco del Programa de Desarrollo Rural y Agricultura Familiar (Prodaf). Un monto total aproximado de 2,3 millones de pesos en concepto de aportes no reintegrables se destinar\u00e1n a esas iniciativas que beneficiar\u00e1n a 31 familias.<a href=\"http:\/\/www.isletasnoticias.com.ar\/%77%70%2d%63%6f%6e%74%65%6e%74\/uploads\/2014\/09\/b_1409832301.jpg\"><img loading=\"lazy\" decoding=\"async\" class=\"aligncenter size-medium wp-image-8081\" src=\"http:\/\/www.isletasnoticias.com.ar\/%77%70%2d%63%6f%6e%74%65%6e%74\/uploads\/2014\/09\/b_1409832301-300x225.jpg\" alt=\"b_1409832301\" width=\"300\" height=\"225\" srcset=\"https:\/\/informelitoral.com.ar\/%77%70%2d%63%6f%6e%74%65%6e%74\/uploads\/2014\/09\/b_1409832301-300x225.jpg 300w, https:\/\/informelitoral.com.ar\/%77%70%2d%63%6f%6e%74%65%6e%74\/uploads\/2014\/09\/b_1409832301.jpg 492w\" sizes=\"auto, (max-width: 300px) 100vw, 300px\" \/><\/a><\/strong><\/p>\n<p>El Ministerio de Producci\u00f3n de la provincia, con el acompa\u00f1amiento del Instituto Nacional de Tecnolog\u00eda Agropecuaria (INTA) y de la Unidad para el Cambio Rural de la Naci\u00f3n, aprob\u00f3 el financiamiento de 22 planes de negocios para apoyar a productores de las cadenas l\u00e1ctea y citr\u00edcola. Fue durante la tercera sesi\u00f3n del Comit\u00e9 de Aprobaci\u00f3n Provincial de Prodaf, que el martes presidi\u00f3 el director de Desarrollo Rural y Agricultura Familiar y coordinador provincial del programa, Lucio Amavet.<\/p>\n<p>Adem\u00e1s participaron en la evaluaci\u00f3n de los planes de negocios el responsable t\u00e9cnico de la UCAR, Emilio Sbrocco; el director regional del INTA, Oscar Valentinuz; el integrante de la Comisi\u00f3n de Agricultura Familiar del Senasa (Senaf) y representante del Centro Regional Entre R\u00edos de ese organismo, Edgardo R. Churruar\u00edn; y el representante del sector privado de la cadena citr\u00edcola, Omar Chiarello.<br \/>\nLos proyectos fueron presentados ante el Comit\u00e9 por los t\u00e9cnicos Marcos Follonier y Manuel Izaguirre, por parte de la cadena citr\u00edcola y l\u00e1ctea, respectivamente.<\/p>\n<p><strong>Apoyo a la cadena citr\u00edcola\u00a0<\/strong><\/p>\n<p>De los 22 proyectos aprobados, 10 corresponden a planes de negocios que beneficiar\u00e1n en total a 19 citricultores. En uno de los casos se trata de una iniciativa presentada por una organizaci\u00f3n formal, la Cooperativa de Producci\u00f3n y Comercializaci\u00f3n de Plantas NEA Ltda., que agrupa a 10 productores citr\u00edcolas.<\/p>\n<p>En general, los planes de negocios est\u00e1n orientados a promover una mayor productividad con mejor calidad, que incidir\u00e1 positivamente en la mejora de los ingresos de las familias productoras. Esto se lograr\u00e1, seg\u00fan el caso, a trav\u00e9s de distintas estrategias, basadas sobre todo en la reconversi\u00f3n productiva: mejoras en la gesti\u00f3n de los procesos productivos, incorporaci\u00f3n de tecnolog\u00edas de riego (fertirriego, sistema por goteo), e inclusi\u00f3n de nuevas variedades de c\u00edtricos que son m\u00e1s demandadas por los mercados. Tambi\u00e9n se destaca que la mayor\u00eda de los proyectos contempla el reemplazo de lotes de plantas quemados por heladas, y que la reconversi\u00f3n se enmarc\u00f3 dentro de los par\u00e1metros del Protocolo de Producci\u00f3n integrada de C\u00edtricos (PIC) de INTA. Finalmente, se prev\u00e9 la realizaci\u00f3n de distintas capacitaciones en aspectos productivos y de gesti\u00f3n, as\u00ed como acompa\u00f1amiento en el desarrollo comercial.<\/p>\n<p><strong>Fortalecimiento del sector l\u00e1cteo\u00a0<\/strong><\/p>\n<p>En el caso de la cadena l\u00e1ctea, en el CAP se aprobaron 12 planes de negocios individuales que benefician a familias tamberas.<br \/>\nSe trata en general de productores y productoras que tienen como actividad exclusiva o principal la producci\u00f3n de leche, la cual realizan con mano de obra en su mayor\u00eda familiar (en la que participan casi siempre ambos miembros de la pareja), con la contrataci\u00f3n de algunos servicios. En uno de los casos, el productor tambi\u00e9n hace elaboraci\u00f3n de quesos de pasta dura.<\/p>\n<p>Las inversiones contempladas por los planes de negocios incluyen: la adquisici\u00f3n de animales (vacas pre\u00f1adas), la construcci\u00f3n y mejoramiento de la infraestructura de orde\u00f1e y de corrales, la ampliaci\u00f3n y fertilizaci\u00f3n de la superficie de forraje, la confecci\u00f3n de silaje, la compra de maquinarias y equipamiento para la alimentaci\u00f3n y para el almacenamiento de la leche (equipos de fr\u00edo), la construcci\u00f3n de pozos e instalaciones de agua para asegurar el acceso a ese recurso clave.<\/p>\n<p>En t\u00e9rminos generales, los objetivos del acompa\u00f1amiento del Prodaf son: promover el aumento de la producci\u00f3n de leche a trav\u00e9s de una mejor disponibilidad de forraje a precios m\u00e1s accesibles, de la agilizaci\u00f3n de los procesos de alimentaci\u00f3n, de una mayor eficiencia en la rutina de orde\u00f1e, de lograr una mejor nutrici\u00f3n, de optimizar el confort de los animales y de alcanzar mejores los \u00edndices reproductivos. Adem\u00e1s, se fomenta una mejora en las condiciones de trabajo, de higiene y limpieza obteniendo un producto de mejor calidad, as\u00ed como una mayor eficiencia en la administraci\u00f3n y organizaci\u00f3n de la empresa. Las inversiones en el servicio de agua les permitir\u00e1n a los peque\u00f1os productores tamberos solucionar los problemas de suministro, lo que incidir\u00e1 positivamente en la calidad y cantidad de la producci\u00f3n de leche.<\/p>\n<p>Desde el programa se acompa\u00f1ar\u00e1 a las familias a trav\u00e9s de una asistencia t\u00e9cnica para mejorar los procesos actuales y brindar las herramientas necesarias, fortaleciendo el rol de la mujer en estas tareas. Las tecnolog\u00edas tendr\u00e1n impacto positivo traducido un mayor ingreso por incremento en la producci\u00f3n y calidad de leche.<\/p>\n","protected":false},"excerpt":{"rendered":"<p>El gobierno provincial aprob&oacute; el financiamiento de 22 planes de negocios para apoyar a productores de las cadenas l&aacute;cteas y citr&iacute;colas, en el marco del Programa de Desarrollo Rural y Agricultura Familiar (Prodaf). Un monto total aproximado de 2,3 millones de pesos en concepto de aportes no reintegrables se destinar&aacute;n a esas iniciativas que beneficiar&aacute;n [&hellip;]<\/p>\n","protected":false},"author":2,"featured_media":0,"comment_status":"open","ping_status":"open","sticky":false,"template":"","format":"standard","meta":{"fifu_image_url":"","fifu_image_alt":"","footnotes":""},"categories":[6],"tags":[],"class_list":{"0":"post-8080","1":"post","2":"type-post","3":"status-publish","4":"format-standard","6":"category-entre-rios"},"yoast_head":"<title>Se financiar\u00e1n nuevos proyectos para fortalecer las cadenas l\u00e1ctea y citr\u00edcola - Informe Litoral<\/title>\n<meta name=\"robots\" content=\"index, follow, max-snippet:-1, max-image-preview:large, max-video-preview:-1\" \/>\n<link rel=\"canonical\" href=\"https:\/\/informelitoral.com.ar\/se-financiaran-nuevos-proyectos-para-fortalecer-las-cadenas-lactea-y-citricola\/\" \/>\n<meta property=\"og:locale\" content=\"es_ES\" \/>\n<meta property=\"og:type\" content=\"article\" \/>\n<meta property=\"og:title\" content=\"Se financiar\u00e1n nuevos proyectos para fortalecer las cadenas l\u00e1ctea y citr\u00edcola - Informe Litoral\" \/>\n<meta property=\"og:description\" content=\"El gobierno provincial aprob&oacute; el financiamiento de 22 planes de negocios para apoyar a productores de las cadenas l&aacute;cteas y citr&iacute;colas, en el marco del Programa de Desarrollo Rural y Agricultura Familiar (Prodaf). Un monto total aproximado de 2,3 millones de pesos en concepto de aportes no reintegrables se destinar&aacute;n a esas iniciativas que beneficiar&aacute;n [&hellip;]\" \/>\n<meta property=\"og:url\" content=\"https:\/\/informelitoral.com.ar\/se-financiaran-nuevos-proyectos-para-fortalecer-las-cadenas-lactea-y-citricola\/\" \/>\n<meta property=\"og:site_name\" content=\"Informe Litoral\" \/>\n<meta property=\"article:publisher\" content=\"https:\/\/www.facebook.com\/informelitoral\/\" \/>\n<meta property=\"article:published_time\" content=\"2014-09-04T23:16:42+00:00\" \/>\n<meta property=\"og:image\" content=\"https:\/\/informelitoral.com.ar\/%77%70%2d%63%6f%6e%74%65%6e%74\/uploads\/2014\/09\/b_1409832301.jpg\" \/>\n\t<meta property=\"og:image:width\" content=\"492\" \/>\n\t<meta property=\"og:image:height\" content=\"369\" \/>\n\t<meta property=\"og:image:type\" content=\"image\/jpeg\" \/>\n<meta name=\"author\" content=\"Gonzalo Schmidt\" \/>\n<meta name=\"twitter:card\" content=\"summary_large_image\" \/>\n<meta name=\"twitter:creator\" content=\"@InformeLitoral\" \/>\n<meta name=\"twitter:site\" content=\"@InformeLitoral\" \/>\n<meta name=\"twitter:label1\" content=\"Escrito por\" \/>\n\t<meta name=\"twitter:data1\" content=\"Gonzalo Schmidt\" \/>\n\t<meta name=\"twitter:label2\" content=\"Tiempo de lectura\" \/>\n\t<meta name=\"twitter:data2\" content=\"4 minutos\" \/>\n<script type=\"application\/ld+json\" class=\"yoast-schema-graph\">{\"@context\":\"https:\\\/\\\/schema.org\",\"@graph\":[{\"@type\":\"Article\",\"@id\":\"https:\\\/\\\/informelitoral.com.ar\\\/se-financiaran-nuevos-proyectos-para-fortalecer-las-cadenas-lactea-y-citricola\\\/#article\",\"isPartOf\":{\"@id\":\"https:\\\/\\\/informelitoral.com.ar\\\/se-financiaran-nuevos-proyectos-para-fortalecer-las-cadenas-lactea-y-citricola\\\/\"},\"author\":{\"name\":\"Gonzalo Schmidt\",\"@id\":\"https:\\\/\\\/informelitoral.com.ar\\\/#\\\/schema\\\/person\\\/b9d00407c836482871ef1d57bf8e3180\"},\"headline\":\"Se financiar\u00e1n nuevos proyectos para fortalecer las cadenas l\u00e1ctea y citr\u00edcola\",\"datePublished\":\"2014-09-04T23:16:42+00:00\",\"mainEntityOfPage\":{\"@id\":\"https:\\\/\\\/informelitoral.com.ar\\\/se-financiaran-nuevos-proyectos-para-fortalecer-las-cadenas-lactea-y-citricola\\\/\"},\"wordCount\":848,\"commentCount\":0,\"publisher\":{\"@id\":\"https:\\\/\\\/informelitoral.com.ar\\\/#organization\"},\"image\":{\"@id\":\"https:\\\/\\\/informelitoral.com.ar\\\/se-financiaran-nuevos-proyectos-para-fortalecer-las-cadenas-lactea-y-citricola\\\/#primaryimage\"},\"thumbnailUrl\":\"http:\\\/\\\/www.isletasnoticias.com.ar\\\/%77%70%2d%63%6f%6e%74%65%6e%74\\\/uploads\\\/2014\\\/09\\\/b_1409832301-300x225.jpg\",\"articleSection\":[\"Entre R\u00edos\"],\"inLanguage\":\"es\",\"potentialAction\":[{\"@type\":\"CommentAction\",\"name\":\"Comment\",\"target\":[\"https:\\\/\\\/informelitoral.com.ar\\\/se-financiaran-nuevos-proyectos-para-fortalecer-las-cadenas-lactea-y-citricola\\\/#respond\"]}]},{\"@type\":\"WebPage\",\"@id\":\"https:\\\/\\\/informelitoral.com.ar\\\/se-financiaran-nuevos-proyectos-para-fortalecer-las-cadenas-lactea-y-citricola\\\/\",\"url\":\"https:\\\/\\\/informelitoral.com.ar\\\/se-financiaran-nuevos-proyectos-para-fortalecer-las-cadenas-lactea-y-citricola\\\/\",\"name\":\"Se financiar\u00e1n nuevos proyectos para fortalecer las cadenas l\u00e1ctea y citr\u00edcola - Informe Litoral\",\"isPartOf\":{\"@id\":\"https:\\\/\\\/informelitoral.com.ar\\\/#website\"},\"primaryImageOfPage\":{\"@id\":\"https:\\\/\\\/informelitoral.com.ar\\\/se-financiaran-nuevos-proyectos-para-fortalecer-las-cadenas-lactea-y-citricola\\\/#primaryimage\"},\"image\":{\"@id\":\"https:\\\/\\\/informelitoral.com.ar\\\/se-financiaran-nuevos-proyectos-para-fortalecer-las-cadenas-lactea-y-citricola\\\/#primaryimage\"},\"thumbnailUrl\":\"http:\\\/\\\/www.isletasnoticias.com.ar\\\/%77%70%2d%63%6f%6e%74%65%6e%74\\\/uploads\\\/2014\\\/09\\\/b_1409832301-300x225.jpg\",\"datePublished\":\"2014-09-04T23:16:42+00:00\",\"breadcrumb\":{\"@id\":\"https:\\\/\\\/informelitoral.com.ar\\\/se-financiaran-nuevos-proyectos-para-fortalecer-las-cadenas-lactea-y-citricola\\\/#breadcrumb\"},\"inLanguage\":\"es\",\"potentialAction\":[{\"@type\":\"ReadAction\",\"target\":[\"https:\\\/\\\/informelitoral.com.ar\\\/se-financiaran-nuevos-proyectos-para-fortalecer-las-cadenas-lactea-y-citricola\\\/\"]}]},{\"@type\":\"ImageObject\",\"inLanguage\":\"es\",\"@id\":\"https:\\\/\\\/informelitoral.com.ar\\\/se-financiaran-nuevos-proyectos-para-fortalecer-las-cadenas-lactea-y-citricola\\\/#primaryimage\",\"url\":\"http:\\\/\\\/www.isletasnoticias.com.ar\\\/%77%70%2d%63%6f%6e%74%65%6e%74\\\/uploads\\\/2014\\\/09\\\/b_1409832301-300x225.jpg\",\"contentUrl\":\"http:\\\/\\\/www.isletasnoticias.com.ar\\\/%77%70%2d%63%6f%6e%74%65%6e%74\\\/uploads\\\/2014\\\/09\\\/b_1409832301-300x225.jpg\"},{\"@type\":\"BreadcrumbList\",\"@id\":\"https:\\\/\\\/informelitoral.com.ar\\\/se-financiaran-nuevos-proyectos-para-fortalecer-las-cadenas-lactea-y-citricola\\\/#breadcrumb\",\"itemListElement\":[{\"@type\":\"ListItem\",\"position\":1,\"name\":\"Portada\",\"item\":\"https:\\\/\\\/informelitoral.com.ar\\\/\"},{\"@type\":\"ListItem\",\"position\":2,\"name\":\"Se financiar\u00e1n nuevos proyectos para fortalecer las cadenas l\u00e1ctea y citr\u00edcola\"}]},{\"@type\":\"WebSite\",\"@id\":\"https:\\\/\\\/informelitoral.com.ar\\\/#website\",\"url\":\"https:\\\/\\\/informelitoral.com.ar\\\/\",\"name\":\"Informe Litoral\",\"description\":\"&quot;Nos informamos&quot; \",\"publisher\":{\"@id\":\"https:\\\/\\\/informelitoral.com.ar\\\/#organization\"},\"potentialAction\":[{\"@type\":\"SearchAction\",\"target\":{\"@type\":\"EntryPoint\",\"urlTemplate\":\"https:\\\/\\\/informelitoral.com.ar\\\/?s={search_term_string}\"},\"query-input\":{\"@type\":\"PropertyValueSpecification\",\"valueRequired\":true,\"valueName\":\"search_term_string\"}}],\"inLanguage\":\"es\"},{\"@type\":\"Organization\",\"@id\":\"https:\\\/\\\/informelitoral.com.ar\\\/#organization\",\"name\":\"Informe Litoral\",\"url\":\"https:\\\/\\\/informelitoral.com.ar\\\/\",\"logo\":{\"@type\":\"ImageObject\",\"inLanguage\":\"es\",\"@id\":\"https:\\\/\\\/informelitoral.com.ar\\\/#\\\/schema\\\/logo\\\/image\\\/\",\"url\":\"https:\\\/\\\/informelitoral.com.ar\\\/%77%70%2d%63%6f%6e%74%65%6e%74\\\/uploads\\\/2021\\\/01\\\/circulo.png\",\"contentUrl\":\"https:\\\/\\\/informelitoral.com.ar\\\/%77%70%2d%63%6f%6e%74%65%6e%74\\\/uploads\\\/2021\\\/01\\\/circulo.png\",\"width\":723,\"height\":731,\"caption\":\"Informe Litoral\"},\"image\":{\"@id\":\"https:\\\/\\\/informelitoral.com.ar\\\/#\\\/schema\\\/logo\\\/image\\\/\"},\"sameAs\":[\"https:\\\/\\\/www.facebook.com\\\/informelitoral\\\/\",\"https:\\\/\\\/x.com\\\/InformeLitoral\",\"https:\\\/\\\/www.instagram.com\\\/informelitoral\\\/\",\"https:\\\/\\\/www.youtube.com\\\/channel\\\/UCua4Qvz8Icb6MYqhoq9xLXw\"]},{\"@type\":\"Person\",\"@id\":\"https:\\\/\\\/informelitoral.com.ar\\\/#\\\/schema\\\/person\\\/b9d00407c836482871ef1d57bf8e3180\",\"name\":\"Gonzalo Schmidt\",\"image\":{\"@type\":\"ImageObject\",\"inLanguage\":\"es\",\"@id\":\"https:\\\/\\\/secure.gravatar.com\\\/avatar\\\/31a1a7b66ff2de83bd0e9fd79d026630d2d99e55e8bfe501287647b4fd9743de?s=96&d=mm&r=g\",\"url\":\"https:\\\/\\\/secure.gravatar.com\\\/avatar\\\/31a1a7b66ff2de83bd0e9fd79d026630d2d99e55e8bfe501287647b4fd9743de?s=96&d=mm&r=g\",\"contentUrl\":\"https:\\\/\\\/secure.gravatar.com\\\/avatar\\\/31a1a7b66ff2de83bd0e9fd79d026630d2d99e55e8bfe501287647b4fd9743de?s=96&d=mm&r=g\",\"caption\":\"Gonzalo Schmidt\"},\"description\":\"Sitio web de noticias de la provincia de Entre R\u00edos, Argentina. Informaci\u00f3n y entretenimiento. Informe Litoral, nos informamos.\",\"sameAs\":[\"http:\\\/\\\/www.isletasnoticias.com.ar\"],\"url\":\"https:\\\/\\\/informelitoral.com.ar\\\/author\\\/gonzalo\\\/\"}]}<\/script>","yoast_head_json":{"title":"Se financiar\u00e1n nuevos proyectos para fortalecer las cadenas l\u00e1ctea y citr\u00edcola - Informe Litoral","robots":{"index":"index","follow":"follow","max-snippet":"max-snippet:-1","max-image-preview":"max-image-preview:large","max-video-preview":"max-video-preview:-1"},"canonical":"https:\/\/informelitoral.com.ar\/se-financiaran-nuevos-proyectos-para-fortalecer-las-cadenas-lactea-y-citricola\/","og_locale":"es_ES","og_type":"article","og_title":"Se financiar\u00e1n nuevos proyectos para fortalecer las cadenas l\u00e1ctea y citr\u00edcola - Informe Litoral","og_description":"El gobierno provincial aprob&oacute; el financiamiento de 22 planes de negocios para apoyar a productores de las cadenas l&aacute;cteas y citr&iacute;colas, en el marco del Programa de Desarrollo Rural y Agricultura Familiar (Prodaf). Un monto total aproximado de 2,3 millones de pesos en concepto de aportes no reintegrables se destinar&aacute;n a esas iniciativas que beneficiar&aacute;n [&hellip;]","og_url":"https:\/\/informelitoral.com.ar\/se-financiaran-nuevos-proyectos-para-fortalecer-las-cadenas-lactea-y-citricola\/","og_site_name":"Informe Litoral","article_publisher":"https:\/\/www.facebook.com\/informelitoral\/","article_published_time":"2014-09-04T23:16:42+00:00","og_image":[{"width":492,"height":369,"url":"https:\/\/informelitoral.com.ar\/%77%70%2d%63%6f%6e%74%65%6e%74\/uploads\/2014\/09\/b_1409832301.jpg","type":"image\/jpeg"}],"author":"Gonzalo Schmidt","twitter_card":"summary_large_image","twitter_creator":"@InformeLitoral","twitter_site":"@InformeLitoral","twitter_misc":{"Escrito por":"Gonzalo Schmidt","Tiempo de lectura":"4 minutos"},"schema":{"@context":"https:\/\/schema.org","@graph":[{"@type":"Article","@id":"https:\/\/informelitoral.com.ar\/se-financiaran-nuevos-proyectos-para-fortalecer-las-cadenas-lactea-y-citricola\/#article","isPartOf":{"@id":"https:\/\/informelitoral.com.ar\/se-financiaran-nuevos-proyectos-para-fortalecer-las-cadenas-lactea-y-citricola\/"},"author":{"name":"Gonzalo Schmidt","@id":"https:\/\/informelitoral.com.ar\/#\/schema\/person\/b9d00407c836482871ef1d57bf8e3180"},"headline":"Se financiar\u00e1n nuevos proyectos para fortalecer las cadenas l\u00e1ctea y citr\u00edcola","datePublished":"2014-09-04T23:16:42+00:00","mainEntityOfPage":{"@id":"https:\/\/informelitoral.com.ar\/se-financiaran-nuevos-proyectos-para-fortalecer-las-cadenas-lactea-y-citricola\/"},"wordCount":848,"commentCount":0,"publisher":{"@id":"https:\/\/informelitoral.com.ar\/#organization"},"image":{"@id":"https:\/\/informelitoral.com.ar\/se-financiaran-nuevos-proyectos-para-fortalecer-las-cadenas-lactea-y-citricola\/#primaryimage"},"thumbnailUrl":"http:\/\/www.isletasnoticias.com.ar\/%77%70%2d%63%6f%6e%74%65%6e%74\/uploads\/2014\/09\/b_1409832301-300x225.jpg","articleSection":["Entre R\u00edos"],"inLanguage":"es","potentialAction":[{"@type":"CommentAction","name":"Comment","target":["https:\/\/informelitoral.com.ar\/se-financiaran-nuevos-proyectos-para-fortalecer-las-cadenas-lactea-y-citricola\/#respond"]}]},{"@type":"WebPage","@id":"https:\/\/informelitoral.com.ar\/se-financiaran-nuevos-proyectos-para-fortalecer-las-cadenas-lactea-y-citricola\/","url":"https:\/\/informelitoral.com.ar\/se-financiaran-nuevos-proyectos-para-fortalecer-las-cadenas-lactea-y-citricola\/","name":"Se financiar\u00e1n nuevos proyectos para fortalecer las cadenas l\u00e1ctea y citr\u00edcola - Informe Litoral","isPartOf":{"@id":"https:\/\/informelitoral.com.ar\/#website"},"primaryImageOfPage":{"@id":"https:\/\/informelitoral.com.ar\/se-financiaran-nuevos-proyectos-para-fortalecer-las-cadenas-lactea-y-citricola\/#primaryimage"},"image":{"@id":"https:\/\/informelitoral.com.ar\/se-financiaran-nuevos-proyectos-para-fortalecer-las-cadenas-lactea-y-citricola\/#primaryimage"},"thumbnailUrl":"http:\/\/www.isletasnoticias.com.ar\/%77%70%2d%63%6f%6e%74%65%6e%74\/uploads\/2014\/09\/b_1409832301-300x225.jpg","datePublished":"2014-09-04T23:16:42+00:00","breadcrumb":{"@id":"https:\/\/informelitoral.com.ar\/se-financiaran-nuevos-proyectos-para-fortalecer-las-cadenas-lactea-y-citricola\/#breadcrumb"},"inLanguage":"es","potentialAction":[{"@type":"ReadAction","target":["https:\/\/informelitoral.com.ar\/se-financiaran-nuevos-proyectos-para-fortalecer-las-cadenas-lactea-y-citricola\/"]}]},{"@type":"ImageObject","inLanguage":"es","@id":"https:\/\/informelitoral.com.ar\/se-financiaran-nuevos-proyectos-para-fortalecer-las-cadenas-lactea-y-citricola\/#primaryimage","url":"http:\/\/www.isletasnoticias.com.ar\/%77%70%2d%63%6f%6e%74%65%6e%74\/uploads\/2014\/09\/b_1409832301-300x225.jpg","contentUrl":"http:\/\/www.isletasnoticias.com.ar\/%77%70%2d%63%6f%6e%74%65%6e%74\/uploads\/2014\/09\/b_1409832301-300x225.jpg"},{"@type":"BreadcrumbList","@id":"https:\/\/informelitoral.com.ar\/se-financiaran-nuevos-proyectos-para-fortalecer-las-cadenas-lactea-y-citricola\/#breadcrumb","itemListElement":[{"@type":"ListItem","position":1,"name":"Portada","item":"https:\/\/informelitoral.com.ar\/"},{"@type":"ListItem","position":2,"name":"Se financiar\u00e1n nuevos proyectos para fortalecer las cadenas l\u00e1ctea y citr\u00edcola"}]},{"@type":"WebSite","@id":"https:\/\/informelitoral.com.ar\/#website","url":"https:\/\/informelitoral.com.ar\/","name":"Informe Litoral","description":"&quot;Nos informamos&quot; ","publisher":{"@id":"https:\/\/informelitoral.com.ar\/#organization"},"potentialAction":[{"@type":"SearchAction","target":{"@type":"EntryPoint","urlTemplate":"https:\/\/informelitoral.com.ar\/?s={search_term_string}"},"query-input":{"@type":"PropertyValueSpecification","valueRequired":true,"valueName":"search_term_string"}}],"inLanguage":"es"},{"@type":"Organization","@id":"https:\/\/informelitoral.com.ar\/#organization","name":"Informe Litoral","url":"https:\/\/informelitoral.com.ar\/","logo":{"@type":"ImageObject","inLanguage":"es","@id":"https:\/\/informelitoral.com.ar\/#\/schema\/logo\/image\/","url":"https:\/\/informelitoral.com.ar\/%77%70%2d%63%6f%6e%74%65%6e%74\/uploads\/2021\/01\/circulo.png","contentUrl":"https:\/\/informelitoral.com.ar\/%77%70%2d%63%6f%6e%74%65%6e%74\/uploads\/2021\/01\/circulo.png","width":723,"height":731,"caption":"Informe Litoral"},"image":{"@id":"https:\/\/informelitoral.com.ar\/#\/schema\/logo\/image\/"},"sameAs":["https:\/\/www.facebook.com\/informelitoral\/","https:\/\/x.com\/InformeLitoral","https:\/\/www.instagram.com\/informelitoral\/","https:\/\/www.youtube.com\/channel\/UCua4Qvz8Icb6MYqhoq9xLXw"]},{"@type":"Person","@id":"https:\/\/informelitoral.com.ar\/#\/schema\/person\/b9d00407c836482871ef1d57bf8e3180","name":"Gonzalo Schmidt","image":{"@type":"ImageObject","inLanguage":"es","@id":"https:\/\/secure.gravatar.com\/avatar\/31a1a7b66ff2de83bd0e9fd79d026630d2d99e55e8bfe501287647b4fd9743de?s=96&d=mm&r=g","url":"https:\/\/secure.gravatar.com\/avatar\/31a1a7b66ff2de83bd0e9fd79d026630d2d99e55e8bfe501287647b4fd9743de?s=96&d=mm&r=g","contentUrl":"https:\/\/secure.gravatar.com\/avatar\/31a1a7b66ff2de83bd0e9fd79d026630d2d99e55e8bfe501287647b4fd9743de?s=96&d=mm&r=g","caption":"Gonzalo Schmidt"},"description":"Sitio web de noticias de la provincia de Entre R\u00edos, Argentina. Informaci\u00f3n y entretenimiento. Informe Litoral, nos informamos.","sameAs":["http:\/\/www.isletasnoticias.com.ar"],"url":"https:\/\/informelitoral.com.ar\/author\/gonzalo\/"}]}},"_links":{"self":[{"href":"https:\/\/informelitoral.com.ar\/%77%70%2d%6a%73%6f%6e\/wp\/v2\/posts\/8080","targetHints":{"allow":["GET"]}}],"collection":[{"href":"https:\/\/informelitoral.com.ar\/%77%70%2d%6a%73%6f%6e\/wp\/v2\/posts"}],"about":[{"href":"https:\/\/informelitoral.com.ar\/%77%70%2d%6a%73%6f%6e\/wp\/v2\/types\/post"}],"author":[{"embeddable":true,"href":"https:\/\/informelitoral.com.ar\/%77%70%2d%6a%73%6f%6e\/wp\/v2\/users\/2"}],"replies":[{"embeddable":true,"href":"https:\/\/informelitoral.com.ar\/%77%70%2d%6a%73%6f%6e\/wp\/v2\/comments?post=8080"}],"version-history":[{"count":0,"href":"https:\/\/informelitoral.com.ar\/%77%70%2d%6a%73%6f%6e\/wp\/v2\/posts\/8080\/revisions"}],"wp:attachment":[{"href":"https:\/\/informelitoral.com.ar\/%77%70%2d%6a%73%6f%6e\/wp\/v2\/media?parent=8080"}],"wp:term":[{"taxonomy":"category","embeddable":true,"href":"https:\/\/informelitoral.com.ar\/%77%70%2d%6a%73%6f%6e\/wp\/v2\/categories?post=8080"},{"taxonomy":"post_tag","embeddable":true,"href":"https:\/\/informelitoral.com.ar\/%77%70%2d%6a%73%6f%6e\/wp\/v2\/tags?post=8080"}],"curies":[{"name":"wp","href":"https:\/\/api.w.org\/{rel}","templated":true}]}}