{"id":80674,"date":"2022-06-29T08:50:32","date_gmt":"2022-06-29T11:50:32","guid":{"rendered":"https:\/\/www.informelitoral.com.ar\/?p=80674"},"modified":"2022-06-29T08:50:32","modified_gmt":"2022-06-29T11:50:32","slug":"river-plate-abrira-su-serie-de-octavos-de-final-de-la-copa-libertadores-ante-velez-en-liniers-hora-tv-y-formaciones","status":"publish","type":"post","link":"https:\/\/informelitoral.com.ar\/river-plate-abrira-su-serie-de-octavos-de-final-de-la-copa-libertadores-ante-velez-en-liniers-hora-tv-y-formaciones\/","title":{"rendered":"River Plate abrir\u00e1 su serie de octavos de final de la Copa Libertadores ante V\u00e9lez en Liniers: hora, TV y formaciones"},"content":{"rendered":"<p class=\"paragraph\">La Copa Libertadores no se detiene y continuar\u00e1 este mi\u00e9rcoles con cuatro compromisos. Uno de los m\u00e1s atrapantes ser\u00e1 el que tendr\u00e1 lugar en el\u00a0<i>Jos\u00e9 Amalfitani<\/i>, escenario que pondr\u00e1 cara a cara a dos equipos que saben lo que es levantar este ansiado trofeo. Desde las 21.30, con televisaci\u00f3n de\u00a0<i>Fox Sports<\/i>,\u00a0<b>se enfrentar\u00e1n V\u00e9lez Sarsfield y River Plate.<\/b>\u00a0El \u00e1rbitro ser\u00e1 el brasile\u00f1o Raphael Claus.<\/p>\n<p class=\"paragraph\"><b>El\u00a0<\/b><i><b>Millonario\u00a0<\/b><\/i><b>es uno de los principales candidatos al t\u00edtulo<\/b>\u00a0por nombres propios y presente, ya que avanz\u00f3 a esta instancia pr\u00e1cticamente sin complicaciones y como el segundo mejor primero de la fase de grupos. Los de N\u00fa\u00f1ez cosecharon un total de 16 unidades en una zona en la que enfrentaron a Fortaleza de Brasil, Colo Colo de Chile y Alianza Lima de Per\u00fa.<\/p>\n<p class=\"paragraph\">Los dirigidos por Marcelo Gallardo, adem\u00e1s, vienen de dejar atr\u00e1s un mal inicio en la Liga Profesional de f\u00fatbol tras hilvanar dos victorias en fila: goleada por 5 a 1 ante Uni\u00f3n en Santa Fe y victoria por 2 a 1 ante Lan\u00fas en el Monumental.<\/p>\n<p class=\"paragraph\">En la cabeza de Marcelo Gallardo ronda la idea de poner el mismo equipo que viene de vencer al\u00a0<i>Granate<\/i>, pero para ello deber\u00e1 aguardar por la evoluci\u00f3n de\u00a0<b>Nicol\u00e1s De La Cruz<\/b>, quien arrastra una molestia muscular.\u00a0<b>En caso de no poder ser de la partida su lugar ser\u00e1 ocupado por Esequiel Barco.<\/b><\/p>\n<p class=\"paragraph\">De esta manera,\u00a0<b>en el lateral derecho continuar\u00e1 Emanuel Mammana<\/b>, quien estar\u00e1 acompa\u00f1ado por Paulo D\u00edaz, H\u00e9ctor David Mart\u00ednez y El\u00edas G\u00f3mez. En el mediocampo tambi\u00e9n sobresale la presencia de Jos\u00e9 Paradela, una de las figuras en el \u00faltimo partido. En la medular tambi\u00e9n se destacan Enzo P\u00e9rez y Enzo Fern\u00e1ndez (tras la Copa Libertadores se marchar\u00e1 rumbo al Benfica). Arriba el acompa\u00f1ante de Juli\u00e1n \u00c1lvarez (luego de la serie con V\u00e9lez se sumar\u00e1 al Manchester City) ser\u00e1 Braian Romero.<\/p>\n<p class=\"paragraph\">Para esta instancia el\u00a0<i>Millonario<\/i>\u00a0realiz\u00f3 dos variantes en su lista de buena fe, ya que incluy\u00f3 a Rodrigo Aliendro y a Lucas Beltr\u00e1n en reemplazo de Cristian Ferreira y Flabian Londo\u00f1o Bedoya.<\/p>\n<p class=\"paragraph\">El\u00a0<i>Fort\u00edn<\/i>, por su parte, arrib\u00f3 a esta instancia de manera ag\u00f3nica tras quedarse con el segundo lugar del Grupo C, por detr\u00e1s de Estudiantes de La Plata y superando a Nacional de Uruguay y Bragantino de Brasil.<\/p>\n<p class=\"paragraph\">Aunque en la cabeza del uruguayo Alexander Medina est\u00e1 la idea de mantener la base del conjunto que viene de igualar 1 a 1 ante Defensa y Justicia en Florencio Varela,<b>\u00a0no se descarta que sea de la partida Walter Bou<\/b>, uno de los importantes fichajes que realiz\u00f3 el equipo de Liniers para afrontar esta serie.<b>\u00a0El otro nombre top es el del defensor uruguayo Diego God\u00edn<\/b>, quien qued\u00f3 afuera por una molestia muscular.<\/p>\n<p class=\"paragraph\">La vuelta ser\u00e1 el mi\u00e9rcoles 6 de julio, a las 21.30, en el\u00a0<i>Monumental<\/i>. El ganador de este cruce se medir\u00e1 en los cuartos de final ante el vencedor de la llave que protagonizar\u00e1n otros dos equipos argentinos: Talleres-Col\u00f3n.<\/p>\n<p class=\"paragraph\"><b>Probables formaciones:<\/b><\/p>\n<p class=\"paragraph\"><b>V\u00e9lez:\u00a0<\/b>Lucas Hoyos; Leonardo Jara, Mat\u00edas De los Santos, Valent\u00edn G\u00f3mez, Francisco Ortega; Nicol\u00e1s Garayalde, M\u00e1ximo Perrone, Joel So\u00f1ora o Walter Bou; Luca Orellano, Lucas Pratto y Lucas Janson.<b>\u00a0DT:\u00a0<\/b>Alexander Medina.<\/p>\n<p class=\"paragraph\"><b>River Plate:\u00a0<\/b>Franco Armani; Emanuel Mammana, Paulo D\u00edaz, David Mart\u00ednez, El\u00edas G\u00f3mez; Enzo P\u00e9rez, Enzo Fern\u00e1ndez; Nicol\u00e1s De La Cruz, Jos\u00e9 Paradela; Braian Romero y Juli\u00e1n \u00c1lvarez.<b>\u00a0DT.\u00a0<\/b>Marcelo Gallardo.<\/p>\n<p class=\"paragraph\"><b>Estadio:\u00a0<\/b>Jos\u00e9 Amalfitani<\/p>\n<p class=\"paragraph\"><b>\u00c1rbitro:\u00a0<\/b>Raphael Claus (Brasil)<\/p>\n<p class=\"paragraph\"><b>Hora:\u00a0<\/b>21.30<\/p>\n<p class=\"paragraph\"><b>Televisaci\u00f3n:\u00a0<\/b>Fox Sports(<em>Infobae<\/em>)<\/p>\n","protected":false},"excerpt":{"rendered":"<p>El Millonario y el Fort\u00edn se ver\u00e1n las caras, desde las 21.30, en el Jos\u00e9 Amalfitani. El \u00e1rbitro ser\u00e1 el brasile\u00f1o Raphael Claus y televisar\u00e1 Fox Sports<\/p>\n","protected":false},"author":8,"featured_media":80675,"comment_status":"open","ping_status":"open","sticky":false,"template":"","format":"standard","meta":{"fifu_image_url":"","fifu_image_alt":"","footnotes":""},"categories":[13],"tags":[400,3528],"class_list":{"0":"post-80674","1":"post","2":"type-post","3":"status-publish","4":"format-standard","5":"has-post-thumbnail","7":"category-deportes","8":"tag-copa-libertadores","9":"tag-river-plate"},"yoast_head":"<title>River Plate abrir\u00e1 su serie de octavos de final de la Copa Libertadores ante V\u00e9lez en Liniers: hora, TV y formaciones - Informe Litoral<\/title>\n<meta name=\"robots\" content=\"index, follow, max-snippet:-1, max-image-preview:large, max-video-preview:-1\" \/>\n<link rel=\"canonical\" href=\"https:\/\/informelitoral.com.ar\/river-plate-abrira-su-serie-de-octavos-de-final-de-la-copa-libertadores-ante-velez-en-liniers-hora-tv-y-formaciones\/\" \/>\n<meta property=\"og:locale\" content=\"es_ES\" \/>\n<meta property=\"og:type\" content=\"article\" \/>\n<meta property=\"og:title\" content=\"River Plate abrir\u00e1 su serie de octavos de final de la Copa Libertadores ante V\u00e9lez en Liniers: hora, TV y formaciones - Informe Litoral\" \/>\n<meta property=\"og:description\" content=\"El Millonario y el Fort\u00edn se ver\u00e1n las caras, desde las 21.30, en el Jos\u00e9 Amalfitani. El \u00e1rbitro ser\u00e1 el brasile\u00f1o Raphael Claus y televisar\u00e1 Fox Sports\" \/>\n<meta property=\"og:url\" content=\"https:\/\/informelitoral.com.ar\/river-plate-abrira-su-serie-de-octavos-de-final-de-la-copa-libertadores-ante-velez-en-liniers-hora-tv-y-formaciones\/\" \/>\n<meta property=\"og:site_name\" content=\"Informe Litoral\" \/>\n<meta property=\"article:publisher\" content=\"https:\/\/www.facebook.com\/informelitoral\/\" \/>\n<meta property=\"article:published_time\" content=\"2022-06-29T11:50:32+00:00\" \/>\n<meta property=\"og:image\" content=\"https:\/\/informelitoral.com.ar\/%77%70%2d%63%6f%6e%74%65%6e%74\/uploads\/2022\/06\/image-1.png\" \/>\n\t<meta property=\"og:image:width\" content=\"740\" \/>\n\t<meta property=\"og:image:height\" content=\"416\" \/>\n\t<meta property=\"og:image:type\" content=\"image\/png\" \/>\n<meta name=\"author\" content=\"Sebastian\" \/>\n<meta name=\"twitter:card\" content=\"summary_large_image\" \/>\n<meta name=\"twitter:creator\" content=\"@InformeLitoral\" \/>\n<meta name=\"twitter:site\" content=\"@InformeLitoral\" \/>\n<meta name=\"twitter:label1\" content=\"Escrito por\" \/>\n\t<meta name=\"twitter:data1\" content=\"Sebastian\" \/>\n\t<meta name=\"twitter:label2\" content=\"Tiempo de lectura\" \/>\n\t<meta name=\"twitter:data2\" content=\"3 minutos\" \/>\n<script type=\"application\/ld+json\" class=\"yoast-schema-graph\">{\"@context\":\"https:\\\/\\\/schema.org\",\"@graph\":[{\"@type\":\"Article\",\"@id\":\"https:\\\/\\\/informelitoral.com.ar\\\/river-plate-abrira-su-serie-de-octavos-de-final-de-la-copa-libertadores-ante-velez-en-liniers-hora-tv-y-formaciones\\\/#article\",\"isPartOf\":{\"@id\":\"https:\\\/\\\/informelitoral.com.ar\\\/river-plate-abrira-su-serie-de-octavos-de-final-de-la-copa-libertadores-ante-velez-en-liniers-hora-tv-y-formaciones\\\/\"},\"author\":{\"name\":\"Sebastian\",\"@id\":\"https:\\\/\\\/informelitoral.com.ar\\\/#\\\/schema\\\/person\\\/f05f9f461677119578717524b127d6d5\"},\"headline\":\"River Plate abrir\u00e1 su serie de octavos de final de la Copa Libertadores ante V\u00e9lez en Liniers: hora, TV y formaciones\",\"datePublished\":\"2022-06-29T11:50:32+00:00\",\"mainEntityOfPage\":{\"@id\":\"https:\\\/\\\/informelitoral.com.ar\\\/river-plate-abrira-su-serie-de-octavos-de-final-de-la-copa-libertadores-ante-velez-en-liniers-hora-tv-y-formaciones\\\/\"},\"wordCount\":637,\"commentCount\":0,\"publisher\":{\"@id\":\"https:\\\/\\\/informelitoral.com.ar\\\/#organization\"},\"image\":{\"@id\":\"https:\\\/\\\/informelitoral.com.ar\\\/river-plate-abrira-su-serie-de-octavos-de-final-de-la-copa-libertadores-ante-velez-en-liniers-hora-tv-y-formaciones\\\/#primaryimage\"},\"thumbnailUrl\":\"https:\\\/\\\/informelitoral.com.ar\\\/%77%70%2d%63%6f%6e%74%65%6e%74\\\/uploads\\\/2022\\\/06\\\/image-1.png\",\"keywords\":[\"Copa Libertadores\",\"River Plate\"],\"articleSection\":[\"Deportes\"],\"inLanguage\":\"es\",\"potentialAction\":[{\"@type\":\"CommentAction\",\"name\":\"Comment\",\"target\":[\"https:\\\/\\\/informelitoral.com.ar\\\/river-plate-abrira-su-serie-de-octavos-de-final-de-la-copa-libertadores-ante-velez-en-liniers-hora-tv-y-formaciones\\\/#respond\"]}]},{\"@type\":\"WebPage\",\"@id\":\"https:\\\/\\\/informelitoral.com.ar\\\/river-plate-abrira-su-serie-de-octavos-de-final-de-la-copa-libertadores-ante-velez-en-liniers-hora-tv-y-formaciones\\\/\",\"url\":\"https:\\\/\\\/informelitoral.com.ar\\\/river-plate-abrira-su-serie-de-octavos-de-final-de-la-copa-libertadores-ante-velez-en-liniers-hora-tv-y-formaciones\\\/\",\"name\":\"River Plate abrir\u00e1 su serie de octavos de final de la Copa Libertadores ante V\u00e9lez en Liniers: hora, TV y formaciones - Informe Litoral\",\"isPartOf\":{\"@id\":\"https:\\\/\\\/informelitoral.com.ar\\\/#website\"},\"primaryImageOfPage\":{\"@id\":\"https:\\\/\\\/informelitoral.com.ar\\\/river-plate-abrira-su-serie-de-octavos-de-final-de-la-copa-libertadores-ante-velez-en-liniers-hora-tv-y-formaciones\\\/#primaryimage\"},\"image\":{\"@id\":\"https:\\\/\\\/informelitoral.com.ar\\\/river-plate-abrira-su-serie-de-octavos-de-final-de-la-copa-libertadores-ante-velez-en-liniers-hora-tv-y-formaciones\\\/#primaryimage\"},\"thumbnailUrl\":\"https:\\\/\\\/informelitoral.com.ar\\\/%77%70%2d%63%6f%6e%74%65%6e%74\\\/uploads\\\/2022\\\/06\\\/image-1.png\",\"datePublished\":\"2022-06-29T11:50:32+00:00\",\"breadcrumb\":{\"@id\":\"https:\\\/\\\/informelitoral.com.ar\\\/river-plate-abrira-su-serie-de-octavos-de-final-de-la-copa-libertadores-ante-velez-en-liniers-hora-tv-y-formaciones\\\/#breadcrumb\"},\"inLanguage\":\"es\",\"potentialAction\":[{\"@type\":\"ReadAction\",\"target\":[\"https:\\\/\\\/informelitoral.com.ar\\\/river-plate-abrira-su-serie-de-octavos-de-final-de-la-copa-libertadores-ante-velez-en-liniers-hora-tv-y-formaciones\\\/\"]}]},{\"@type\":\"ImageObject\",\"inLanguage\":\"es\",\"@id\":\"https:\\\/\\\/informelitoral.com.ar\\\/river-plate-abrira-su-serie-de-octavos-de-final-de-la-copa-libertadores-ante-velez-en-liniers-hora-tv-y-formaciones\\\/#primaryimage\",\"url\":\"https:\\\/\\\/informelitoral.com.ar\\\/%77%70%2d%63%6f%6e%74%65%6e%74\\\/uploads\\\/2022\\\/06\\\/image-1.png\",\"contentUrl\":\"https:\\\/\\\/informelitoral.com.ar\\\/%77%70%2d%63%6f%6e%74%65%6e%74\\\/uploads\\\/2022\\\/06\\\/image-1.png\",\"width\":740,\"height\":416},{\"@type\":\"BreadcrumbList\",\"@id\":\"https:\\\/\\\/informelitoral.com.ar\\\/river-plate-abrira-su-serie-de-octavos-de-final-de-la-copa-libertadores-ante-velez-en-liniers-hora-tv-y-formaciones\\\/#breadcrumb\",\"itemListElement\":[{\"@type\":\"ListItem\",\"position\":1,\"name\":\"Portada\",\"item\":\"https:\\\/\\\/informelitoral.com.ar\\\/\"},{\"@type\":\"ListItem\",\"position\":2,\"name\":\"River Plate abrir\u00e1 su serie de octavos de final de la Copa Libertadores ante V\u00e9lez en Liniers: hora, TV y formaciones\"}]},{\"@type\":\"WebSite\",\"@id\":\"https:\\\/\\\/informelitoral.com.ar\\\/#website\",\"url\":\"https:\\\/\\\/informelitoral.com.ar\\\/\",\"name\":\"Informe Litoral\",\"description\":\"&quot;Nos informamos&quot; \",\"publisher\":{\"@id\":\"https:\\\/\\\/informelitoral.com.ar\\\/#organization\"},\"potentialAction\":[{\"@type\":\"SearchAction\",\"target\":{\"@type\":\"EntryPoint\",\"urlTemplate\":\"https:\\\/\\\/informelitoral.com.ar\\\/?s={search_term_string}\"},\"query-input\":{\"@type\":\"PropertyValueSpecification\",\"valueRequired\":true,\"valueName\":\"search_term_string\"}}],\"inLanguage\":\"es\"},{\"@type\":\"Organization\",\"@id\":\"https:\\\/\\\/informelitoral.com.ar\\\/#organization\",\"name\":\"Informe Litoral\",\"url\":\"https:\\\/\\\/informelitoral.com.ar\\\/\",\"logo\":{\"@type\":\"ImageObject\",\"inLanguage\":\"es\",\"@id\":\"https:\\\/\\\/informelitoral.com.ar\\\/#\\\/schema\\\/logo\\\/image\\\/\",\"url\":\"https:\\\/\\\/informelitoral.com.ar\\\/%77%70%2d%63%6f%6e%74%65%6e%74\\\/uploads\\\/2021\\\/01\\\/circulo.png\",\"contentUrl\":\"https:\\\/\\\/informelitoral.com.ar\\\/%77%70%2d%63%6f%6e%74%65%6e%74\\\/uploads\\\/2021\\\/01\\\/circulo.png\",\"width\":723,\"height\":731,\"caption\":\"Informe Litoral\"},\"image\":{\"@id\":\"https:\\\/\\\/informelitoral.com.ar\\\/#\\\/schema\\\/logo\\\/image\\\/\"},\"sameAs\":[\"https:\\\/\\\/www.facebook.com\\\/informelitoral\\\/\",\"https:\\\/\\\/x.com\\\/InformeLitoral\",\"https:\\\/\\\/www.instagram.com\\\/informelitoral\\\/\",\"https:\\\/\\\/www.youtube.com\\\/channel\\\/UCua4Qvz8Icb6MYqhoq9xLXw\"]},{\"@type\":\"Person\",\"@id\":\"https:\\\/\\\/informelitoral.com.ar\\\/#\\\/schema\\\/person\\\/f05f9f461677119578717524b127d6d5\",\"name\":\"Sebastian\",\"image\":{\"@type\":\"ImageObject\",\"inLanguage\":\"es\",\"@id\":\"https:\\\/\\\/secure.gravatar.com\\\/avatar\\\/b71bf7481d447dfb9583c7f2798e7cc64de6efb9067b74633ed8c31059a3bd82?s=96&d=mm&r=g\",\"url\":\"https:\\\/\\\/secure.gravatar.com\\\/avatar\\\/b71bf7481d447dfb9583c7f2798e7cc64de6efb9067b74633ed8c31059a3bd82?s=96&d=mm&r=g\",\"contentUrl\":\"https:\\\/\\\/secure.gravatar.com\\\/avatar\\\/b71bf7481d447dfb9583c7f2798e7cc64de6efb9067b74633ed8c31059a3bd82?s=96&d=mm&r=g\",\"caption\":\"Sebastian\"},\"url\":\"https:\\\/\\\/informelitoral.com.ar\\\/author\\\/sebastian\\\/\"}]}<\/script>","yoast_head_json":{"title":"River Plate abrir\u00e1 su serie de octavos de final de la Copa Libertadores ante V\u00e9lez en Liniers: hora, TV y formaciones - Informe Litoral","robots":{"index":"index","follow":"follow","max-snippet":"max-snippet:-1","max-image-preview":"max-image-preview:large","max-video-preview":"max-video-preview:-1"},"canonical":"https:\/\/informelitoral.com.ar\/river-plate-abrira-su-serie-de-octavos-de-final-de-la-copa-libertadores-ante-velez-en-liniers-hora-tv-y-formaciones\/","og_locale":"es_ES","og_type":"article","og_title":"River Plate abrir\u00e1 su serie de octavos de final de la Copa Libertadores ante V\u00e9lez en Liniers: hora, TV y formaciones - Informe Litoral","og_description":"El Millonario y el Fort\u00edn se ver\u00e1n las caras, desde las 21.30, en el Jos\u00e9 Amalfitani. El \u00e1rbitro ser\u00e1 el brasile\u00f1o Raphael Claus y televisar\u00e1 Fox Sports","og_url":"https:\/\/informelitoral.com.ar\/river-plate-abrira-su-serie-de-octavos-de-final-de-la-copa-libertadores-ante-velez-en-liniers-hora-tv-y-formaciones\/","og_site_name":"Informe Litoral","article_publisher":"https:\/\/www.facebook.com\/informelitoral\/","article_published_time":"2022-06-29T11:50:32+00:00","og_image":[{"width":740,"height":416,"url":"https:\/\/informelitoral.com.ar\/%77%70%2d%63%6f%6e%74%65%6e%74\/uploads\/2022\/06\/image-1.png","type":"image\/png"}],"author":"Sebastian","twitter_card":"summary_large_image","twitter_creator":"@InformeLitoral","twitter_site":"@InformeLitoral","twitter_misc":{"Escrito por":"Sebastian","Tiempo de lectura":"3 minutos"},"schema":{"@context":"https:\/\/schema.org","@graph":[{"@type":"Article","@id":"https:\/\/informelitoral.com.ar\/river-plate-abrira-su-serie-de-octavos-de-final-de-la-copa-libertadores-ante-velez-en-liniers-hora-tv-y-formaciones\/#article","isPartOf":{"@id":"https:\/\/informelitoral.com.ar\/river-plate-abrira-su-serie-de-octavos-de-final-de-la-copa-libertadores-ante-velez-en-liniers-hora-tv-y-formaciones\/"},"author":{"name":"Sebastian","@id":"https:\/\/informelitoral.com.ar\/#\/schema\/person\/f05f9f461677119578717524b127d6d5"},"headline":"River Plate abrir\u00e1 su serie de octavos de final de la Copa Libertadores ante V\u00e9lez en Liniers: hora, TV y formaciones","datePublished":"2022-06-29T11:50:32+00:00","mainEntityOfPage":{"@id":"https:\/\/informelitoral.com.ar\/river-plate-abrira-su-serie-de-octavos-de-final-de-la-copa-libertadores-ante-velez-en-liniers-hora-tv-y-formaciones\/"},"wordCount":637,"commentCount":0,"publisher":{"@id":"https:\/\/informelitoral.com.ar\/#organization"},"image":{"@id":"https:\/\/informelitoral.com.ar\/river-plate-abrira-su-serie-de-octavos-de-final-de-la-copa-libertadores-ante-velez-en-liniers-hora-tv-y-formaciones\/#primaryimage"},"thumbnailUrl":"https:\/\/informelitoral.com.ar\/%77%70%2d%63%6f%6e%74%65%6e%74\/uploads\/2022\/06\/image-1.png","keywords":["Copa Libertadores","River Plate"],"articleSection":["Deportes"],"inLanguage":"es","potentialAction":[{"@type":"CommentAction","name":"Comment","target":["https:\/\/informelitoral.com.ar\/river-plate-abrira-su-serie-de-octavos-de-final-de-la-copa-libertadores-ante-velez-en-liniers-hora-tv-y-formaciones\/#respond"]}]},{"@type":"WebPage","@id":"https:\/\/informelitoral.com.ar\/river-plate-abrira-su-serie-de-octavos-de-final-de-la-copa-libertadores-ante-velez-en-liniers-hora-tv-y-formaciones\/","url":"https:\/\/informelitoral.com.ar\/river-plate-abrira-su-serie-de-octavos-de-final-de-la-copa-libertadores-ante-velez-en-liniers-hora-tv-y-formaciones\/","name":"River Plate abrir\u00e1 su serie de octavos de final de la Copa Libertadores ante V\u00e9lez en Liniers: hora, TV y formaciones - Informe Litoral","isPartOf":{"@id":"https:\/\/informelitoral.com.ar\/#website"},"primaryImageOfPage":{"@id":"https:\/\/informelitoral.com.ar\/river-plate-abrira-su-serie-de-octavos-de-final-de-la-copa-libertadores-ante-velez-en-liniers-hora-tv-y-formaciones\/#primaryimage"},"image":{"@id":"https:\/\/informelitoral.com.ar\/river-plate-abrira-su-serie-de-octavos-de-final-de-la-copa-libertadores-ante-velez-en-liniers-hora-tv-y-formaciones\/#primaryimage"},"thumbnailUrl":"https:\/\/informelitoral.com.ar\/%77%70%2d%63%6f%6e%74%65%6e%74\/uploads\/2022\/06\/image-1.png","datePublished":"2022-06-29T11:50:32+00:00","breadcrumb":{"@id":"https:\/\/informelitoral.com.ar\/river-plate-abrira-su-serie-de-octavos-de-final-de-la-copa-libertadores-ante-velez-en-liniers-hora-tv-y-formaciones\/#breadcrumb"},"inLanguage":"es","potentialAction":[{"@type":"ReadAction","target":["https:\/\/informelitoral.com.ar\/river-plate-abrira-su-serie-de-octavos-de-final-de-la-copa-libertadores-ante-velez-en-liniers-hora-tv-y-formaciones\/"]}]},{"@type":"ImageObject","inLanguage":"es","@id":"https:\/\/informelitoral.com.ar\/river-plate-abrira-su-serie-de-octavos-de-final-de-la-copa-libertadores-ante-velez-en-liniers-hora-tv-y-formaciones\/#primaryimage","url":"https:\/\/informelitoral.com.ar\/%77%70%2d%63%6f%6e%74%65%6e%74\/uploads\/2022\/06\/image-1.png","contentUrl":"https:\/\/informelitoral.com.ar\/%77%70%2d%63%6f%6e%74%65%6e%74\/uploads\/2022\/06\/image-1.png","width":740,"height":416},{"@type":"BreadcrumbList","@id":"https:\/\/informelitoral.com.ar\/river-plate-abrira-su-serie-de-octavos-de-final-de-la-copa-libertadores-ante-velez-en-liniers-hora-tv-y-formaciones\/#breadcrumb","itemListElement":[{"@type":"ListItem","position":1,"name":"Portada","item":"https:\/\/informelitoral.com.ar\/"},{"@type":"ListItem","position":2,"name":"River Plate abrir\u00e1 su serie de octavos de final de la Copa Libertadores ante V\u00e9lez en Liniers: hora, TV y formaciones"}]},{"@type":"WebSite","@id":"https:\/\/informelitoral.com.ar\/#website","url":"https:\/\/informelitoral.com.ar\/","name":"Informe Litoral","description":"&quot;Nos informamos&quot; ","publisher":{"@id":"https:\/\/informelitoral.com.ar\/#organization"},"potentialAction":[{"@type":"SearchAction","target":{"@type":"EntryPoint","urlTemplate":"https:\/\/informelitoral.com.ar\/?s={search_term_string}"},"query-input":{"@type":"PropertyValueSpecification","valueRequired":true,"valueName":"search_term_string"}}],"inLanguage":"es"},{"@type":"Organization","@id":"https:\/\/informelitoral.com.ar\/#organization","name":"Informe Litoral","url":"https:\/\/informelitoral.com.ar\/","logo":{"@type":"ImageObject","inLanguage":"es","@id":"https:\/\/informelitoral.com.ar\/#\/schema\/logo\/image\/","url":"https:\/\/informelitoral.com.ar\/%77%70%2d%63%6f%6e%74%65%6e%74\/uploads\/2021\/01\/circulo.png","contentUrl":"https:\/\/informelitoral.com.ar\/%77%70%2d%63%6f%6e%74%65%6e%74\/uploads\/2021\/01\/circulo.png","width":723,"height":731,"caption":"Informe Litoral"},"image":{"@id":"https:\/\/informelitoral.com.ar\/#\/schema\/logo\/image\/"},"sameAs":["https:\/\/www.facebook.com\/informelitoral\/","https:\/\/x.com\/InformeLitoral","https:\/\/www.instagram.com\/informelitoral\/","https:\/\/www.youtube.com\/channel\/UCua4Qvz8Icb6MYqhoq9xLXw"]},{"@type":"Person","@id":"https:\/\/informelitoral.com.ar\/#\/schema\/person\/f05f9f461677119578717524b127d6d5","name":"Sebastian","image":{"@type":"ImageObject","inLanguage":"es","@id":"https:\/\/secure.gravatar.com\/avatar\/b71bf7481d447dfb9583c7f2798e7cc64de6efb9067b74633ed8c31059a3bd82?s=96&d=mm&r=g","url":"https:\/\/secure.gravatar.com\/avatar\/b71bf7481d447dfb9583c7f2798e7cc64de6efb9067b74633ed8c31059a3bd82?s=96&d=mm&r=g","contentUrl":"https:\/\/secure.gravatar.com\/avatar\/b71bf7481d447dfb9583c7f2798e7cc64de6efb9067b74633ed8c31059a3bd82?s=96&d=mm&r=g","caption":"Sebastian"},"url":"https:\/\/informelitoral.com.ar\/author\/sebastian\/"}]}},"_links":{"self":[{"href":"https:\/\/informelitoral.com.ar\/%77%70%2d%6a%73%6f%6e\/wp\/v2\/posts\/80674","targetHints":{"allow":["GET"]}}],"collection":[{"href":"https:\/\/informelitoral.com.ar\/%77%70%2d%6a%73%6f%6e\/wp\/v2\/posts"}],"about":[{"href":"https:\/\/informelitoral.com.ar\/%77%70%2d%6a%73%6f%6e\/wp\/v2\/types\/post"}],"author":[{"embeddable":true,"href":"https:\/\/informelitoral.com.ar\/%77%70%2d%6a%73%6f%6e\/wp\/v2\/users\/8"}],"replies":[{"embeddable":true,"href":"https:\/\/informelitoral.com.ar\/%77%70%2d%6a%73%6f%6e\/wp\/v2\/comments?post=80674"}],"version-history":[{"count":0,"href":"https:\/\/informelitoral.com.ar\/%77%70%2d%6a%73%6f%6e\/wp\/v2\/posts\/80674\/revisions"}],"wp:featuredmedia":[{"embeddable":true,"href":"https:\/\/informelitoral.com.ar\/%77%70%2d%6a%73%6f%6e\/wp\/v2\/media\/80675"}],"wp:attachment":[{"href":"https:\/\/informelitoral.com.ar\/%77%70%2d%6a%73%6f%6e\/wp\/v2\/media?parent=80674"}],"wp:term":[{"taxonomy":"category","embeddable":true,"href":"https:\/\/informelitoral.com.ar\/%77%70%2d%6a%73%6f%6e\/wp\/v2\/categories?post=80674"},{"taxonomy":"post_tag","embeddable":true,"href":"https:\/\/informelitoral.com.ar\/%77%70%2d%6a%73%6f%6e\/wp\/v2\/tags?post=80674"}],"curies":[{"name":"wp","href":"https:\/\/api.w.org\/{rel}","templated":true}]}}