{"id":80666,"date":"2022-06-29T07:50:55","date_gmt":"2022-06-29T10:50:55","guid":{"rendered":"https:\/\/www.informelitoral.com.ar\/?p=80666"},"modified":"2022-06-29T08:38:13","modified_gmt":"2022-06-29T11:38:13","slug":"suspendieron-cautelar-sobre-vencimientos-de-bienes-personales-y-ganancias","status":"publish","type":"post","link":"https:\/\/informelitoral.com.ar\/suspendieron-cautelar-sobre-vencimientos-de-bienes-personales-y-ganancias\/","title":{"rendered":"Suspendieron cautelar sobre vencimientos de Bienes Personales y Ganancias"},"content":{"rendered":"<p>El Juzgado Contencioso Administrativo Federal N\u00b012 no dio lugar este martes a la medida cautelar presentada esta semana por la Administraci\u00f3n Federal de Ingresos P\u00fablicos (AFIP) contra la orden de suspender los vencimientos del Impuesto a las Ganancias y los Bienes Personales.<\/p>\n<p>De esta forma, los plazos previstos en la normativa se encuentran vigentes, inform\u00f3 el organismo recaudador.<\/p>\n<p>La semana pasada la jueza Macarena Marra Gim\u00e9nez dict\u00f3 una medida precautelar ante un reclamo del Consejo Profesional de Ciencias Econ\u00f3micas de la Ciudad de Buenos Aires, que le pidi\u00f3 que ordenara a la AFIP la suspensi\u00f3n de los vencimientos de los tributos hasta el 12 de julio.<\/p>\n<p>Posteriormente, la magistrada dict\u00f3 una segunda medida que le concedi\u00f3 la cautelar a la entidad que representa a los profesionales.<\/p>\n<p>Ante esa situaci\u00f3n, la entidad que dirige Mercedes Marc\u00f3 del Pont advirti\u00f3 en una nota que \u201cfrente a la medida cautelar dictada por un juzgado de 1ra instancia, la AFIP reitera que los vencimientos para los impuestos sobre los Bienes Personales y Ganancias previstos para los d\u00edas 23, 24 y 27 de junio se encuentran vigentes\u201d.<\/p>\n<p>El texto agreg\u00f3: \u201cComo indic\u00f3 la AFIP, la medida s\u00f3lo alcanza a profesionales matriculados en el Consejo de Ciencias Econ\u00f3micas de la Ciudad de Buenos Aires por sus propias declaraciones juradas y cuando dichos profesionales ejerzan una relaci\u00f3n formal y comprobable con sus clientes\u201d.<\/p>\n","protected":false},"excerpt":{"rendered":"<p>El Juzgado Contencioso Administrativo Federal N\u00b012 no dio lugar este martes a la medida cautelar presentada esta semana por la AFIP contra la orden de suspender los vencimientos del Impuesto a las Ganancias y Bienes Personales.<\/p>\n","protected":false},"author":8,"featured_media":49380,"comment_status":"open","ping_status":"open","sticky":false,"template":"","format":"standard","meta":{"fifu_image_url":"","fifu_image_alt":"","footnotes":""},"categories":[1594],"tags":[158,1225,2247],"class_list":{"0":"post-80666","1":"post","2":"type-post","3":"status-publish","4":"format-standard","5":"has-post-thumbnail","7":"category-economia","8":"tag-afip","9":"tag-bienes-personales","10":"tag-impuesto-a-las-ganancias"},"yoast_head":"<title>Suspendieron cautelar sobre vencimientos de Bienes Personales y Ganancias - Informe Litoral<\/title>\n<meta name=\"robots\" content=\"index, follow, max-snippet:-1, max-image-preview:large, max-video-preview:-1\" \/>\n<link rel=\"canonical\" href=\"https:\/\/informelitoral.com.ar\/suspendieron-cautelar-sobre-vencimientos-de-bienes-personales-y-ganancias\/\" \/>\n<meta property=\"og:locale\" content=\"es_ES\" \/>\n<meta property=\"og:type\" content=\"article\" \/>\n<meta property=\"og:title\" content=\"Suspendieron cautelar sobre vencimientos de Bienes Personales y Ganancias - Informe Litoral\" \/>\n<meta property=\"og:description\" content=\"El Juzgado Contencioso Administrativo Federal N\u00b012 no dio lugar este martes a la medida cautelar presentada esta semana por la AFIP contra la orden de suspender los vencimientos del Impuesto a las Ganancias y Bienes Personales.\" \/>\n<meta property=\"og:url\" content=\"https:\/\/informelitoral.com.ar\/suspendieron-cautelar-sobre-vencimientos-de-bienes-personales-y-ganancias\/\" \/>\n<meta property=\"og:site_name\" content=\"Informe Litoral\" \/>\n<meta property=\"article:publisher\" content=\"https:\/\/www.facebook.com\/informelitoral\/\" \/>\n<meta property=\"article:published_time\" content=\"2022-06-29T10:50:55+00:00\" \/>\n<meta property=\"article:modified_time\" content=\"2022-06-29T11:38:13+00:00\" \/>\n<meta property=\"og:image\" content=\"https:\/\/informelitoral.com.ar\/%77%70%2d%63%6f%6e%74%65%6e%74\/uploads\/2020\/09\/Afip.jpg\" \/>\n\t<meta property=\"og:image:width\" content=\"1330\" \/>\n\t<meta property=\"og:image:height\" content=\"880\" \/>\n\t<meta property=\"og:image:type\" content=\"image\/jpeg\" \/>\n<meta name=\"author\" content=\"Sebastian\" \/>\n<meta name=\"twitter:card\" content=\"summary_large_image\" \/>\n<meta name=\"twitter:creator\" content=\"@InformeLitoral\" \/>\n<meta name=\"twitter:site\" content=\"@InformeLitoral\" \/>\n<meta name=\"twitter:label1\" content=\"Escrito por\" \/>\n\t<meta name=\"twitter:data1\" content=\"Sebastian\" \/>\n\t<meta name=\"twitter:label2\" content=\"Tiempo de lectura\" \/>\n\t<meta name=\"twitter:data2\" content=\"1 minuto\" \/>\n<script type=\"application\/ld+json\" class=\"yoast-schema-graph\">{\"@context\":\"https:\\\/\\\/schema.org\",\"@graph\":[{\"@type\":\"Article\",\"@id\":\"https:\\\/\\\/informelitoral.com.ar\\\/suspendieron-cautelar-sobre-vencimientos-de-bienes-personales-y-ganancias\\\/#article\",\"isPartOf\":{\"@id\":\"https:\\\/\\\/informelitoral.com.ar\\\/suspendieron-cautelar-sobre-vencimientos-de-bienes-personales-y-ganancias\\\/\"},\"author\":{\"name\":\"Sebastian\",\"@id\":\"https:\\\/\\\/informelitoral.com.ar\\\/#\\\/schema\\\/person\\\/f05f9f461677119578717524b127d6d5\"},\"headline\":\"Suspendieron cautelar sobre vencimientos de Bienes Personales y Ganancias\",\"datePublished\":\"2022-06-29T10:50:55+00:00\",\"dateModified\":\"2022-06-29T11:38:13+00:00\",\"mainEntityOfPage\":{\"@id\":\"https:\\\/\\\/informelitoral.com.ar\\\/suspendieron-cautelar-sobre-vencimientos-de-bienes-personales-y-ganancias\\\/\"},\"wordCount\":241,\"commentCount\":0,\"publisher\":{\"@id\":\"https:\\\/\\\/informelitoral.com.ar\\\/#organization\"},\"image\":{\"@id\":\"https:\\\/\\\/informelitoral.com.ar\\\/suspendieron-cautelar-sobre-vencimientos-de-bienes-personales-y-ganancias\\\/#primaryimage\"},\"thumbnailUrl\":\"https:\\\/\\\/informelitoral.com.ar\\\/%77%70%2d%63%6f%6e%74%65%6e%74\\\/uploads\\\/2020\\\/09\\\/Afip.jpg\",\"keywords\":[\"AFIP\",\"Bienes personales\",\"Impuesto a las Ganancias\"],\"articleSection\":[\"Econom\u00eda\"],\"inLanguage\":\"es\",\"potentialAction\":[{\"@type\":\"CommentAction\",\"name\":\"Comment\",\"target\":[\"https:\\\/\\\/informelitoral.com.ar\\\/suspendieron-cautelar-sobre-vencimientos-de-bienes-personales-y-ganancias\\\/#respond\"]}]},{\"@type\":\"WebPage\",\"@id\":\"https:\\\/\\\/informelitoral.com.ar\\\/suspendieron-cautelar-sobre-vencimientos-de-bienes-personales-y-ganancias\\\/\",\"url\":\"https:\\\/\\\/informelitoral.com.ar\\\/suspendieron-cautelar-sobre-vencimientos-de-bienes-personales-y-ganancias\\\/\",\"name\":\"Suspendieron cautelar sobre vencimientos de Bienes Personales y Ganancias - Informe Litoral\",\"isPartOf\":{\"@id\":\"https:\\\/\\\/informelitoral.com.ar\\\/#website\"},\"primaryImageOfPage\":{\"@id\":\"https:\\\/\\\/informelitoral.com.ar\\\/suspendieron-cautelar-sobre-vencimientos-de-bienes-personales-y-ganancias\\\/#primaryimage\"},\"image\":{\"@id\":\"https:\\\/\\\/informelitoral.com.ar\\\/suspendieron-cautelar-sobre-vencimientos-de-bienes-personales-y-ganancias\\\/#primaryimage\"},\"thumbnailUrl\":\"https:\\\/\\\/informelitoral.com.ar\\\/%77%70%2d%63%6f%6e%74%65%6e%74\\\/uploads\\\/2020\\\/09\\\/Afip.jpg\",\"datePublished\":\"2022-06-29T10:50:55+00:00\",\"dateModified\":\"2022-06-29T11:38:13+00:00\",\"breadcrumb\":{\"@id\":\"https:\\\/\\\/informelitoral.com.ar\\\/suspendieron-cautelar-sobre-vencimientos-de-bienes-personales-y-ganancias\\\/#breadcrumb\"},\"inLanguage\":\"es\",\"potentialAction\":[{\"@type\":\"ReadAction\",\"target\":[\"https:\\\/\\\/informelitoral.com.ar\\\/suspendieron-cautelar-sobre-vencimientos-de-bienes-personales-y-ganancias\\\/\"]}]},{\"@type\":\"ImageObject\",\"inLanguage\":\"es\",\"@id\":\"https:\\\/\\\/informelitoral.com.ar\\\/suspendieron-cautelar-sobre-vencimientos-de-bienes-personales-y-ganancias\\\/#primaryimage\",\"url\":\"https:\\\/\\\/informelitoral.com.ar\\\/%77%70%2d%63%6f%6e%74%65%6e%74\\\/uploads\\\/2020\\\/09\\\/Afip.jpg\",\"contentUrl\":\"https:\\\/\\\/informelitoral.com.ar\\\/%77%70%2d%63%6f%6e%74%65%6e%74\\\/uploads\\\/2020\\\/09\\\/Afip.jpg\",\"width\":1330,\"height\":880},{\"@type\":\"BreadcrumbList\",\"@id\":\"https:\\\/\\\/informelitoral.com.ar\\\/suspendieron-cautelar-sobre-vencimientos-de-bienes-personales-y-ganancias\\\/#breadcrumb\",\"itemListElement\":[{\"@type\":\"ListItem\",\"position\":1,\"name\":\"Portada\",\"item\":\"https:\\\/\\\/informelitoral.com.ar\\\/\"},{\"@type\":\"ListItem\",\"position\":2,\"name\":\"Suspendieron cautelar sobre vencimientos de Bienes Personales y Ganancias\"}]},{\"@type\":\"WebSite\",\"@id\":\"https:\\\/\\\/informelitoral.com.ar\\\/#website\",\"url\":\"https:\\\/\\\/informelitoral.com.ar\\\/\",\"name\":\"Informe Litoral\",\"description\":\"&quot;Nos informamos&quot; \",\"publisher\":{\"@id\":\"https:\\\/\\\/informelitoral.com.ar\\\/#organization\"},\"potentialAction\":[{\"@type\":\"SearchAction\",\"target\":{\"@type\":\"EntryPoint\",\"urlTemplate\":\"https:\\\/\\\/informelitoral.com.ar\\\/?s={search_term_string}\"},\"query-input\":{\"@type\":\"PropertyValueSpecification\",\"valueRequired\":true,\"valueName\":\"search_term_string\"}}],\"inLanguage\":\"es\"},{\"@type\":\"Organization\",\"@id\":\"https:\\\/\\\/informelitoral.com.ar\\\/#organization\",\"name\":\"Informe Litoral\",\"url\":\"https:\\\/\\\/informelitoral.com.ar\\\/\",\"logo\":{\"@type\":\"ImageObject\",\"inLanguage\":\"es\",\"@id\":\"https:\\\/\\\/informelitoral.com.ar\\\/#\\\/schema\\\/logo\\\/image\\\/\",\"url\":\"https:\\\/\\\/informelitoral.com.ar\\\/%77%70%2d%63%6f%6e%74%65%6e%74\\\/uploads\\\/2021\\\/01\\\/circulo.png\",\"contentUrl\":\"https:\\\/\\\/informelitoral.com.ar\\\/%77%70%2d%63%6f%6e%74%65%6e%74\\\/uploads\\\/2021\\\/01\\\/circulo.png\",\"width\":723,\"height\":731,\"caption\":\"Informe Litoral\"},\"image\":{\"@id\":\"https:\\\/\\\/informelitoral.com.ar\\\/#\\\/schema\\\/logo\\\/image\\\/\"},\"sameAs\":[\"https:\\\/\\\/www.facebook.com\\\/informelitoral\\\/\",\"https:\\\/\\\/x.com\\\/InformeLitoral\",\"https:\\\/\\\/www.instagram.com\\\/informelitoral\\\/\",\"https:\\\/\\\/www.youtube.com\\\/channel\\\/UCua4Qvz8Icb6MYqhoq9xLXw\"]},{\"@type\":\"Person\",\"@id\":\"https:\\\/\\\/informelitoral.com.ar\\\/#\\\/schema\\\/person\\\/f05f9f461677119578717524b127d6d5\",\"name\":\"Sebastian\",\"image\":{\"@type\":\"ImageObject\",\"inLanguage\":\"es\",\"@id\":\"https:\\\/\\\/secure.gravatar.com\\\/avatar\\\/b71bf7481d447dfb9583c7f2798e7cc64de6efb9067b74633ed8c31059a3bd82?s=96&d=mm&r=g\",\"url\":\"https:\\\/\\\/secure.gravatar.com\\\/avatar\\\/b71bf7481d447dfb9583c7f2798e7cc64de6efb9067b74633ed8c31059a3bd82?s=96&d=mm&r=g\",\"contentUrl\":\"https:\\\/\\\/secure.gravatar.com\\\/avatar\\\/b71bf7481d447dfb9583c7f2798e7cc64de6efb9067b74633ed8c31059a3bd82?s=96&d=mm&r=g\",\"caption\":\"Sebastian\"},\"url\":\"https:\\\/\\\/informelitoral.com.ar\\\/author\\\/sebastian\\\/\"}]}<\/script>","yoast_head_json":{"title":"Suspendieron cautelar sobre vencimientos de Bienes Personales y Ganancias - Informe Litoral","robots":{"index":"index","follow":"follow","max-snippet":"max-snippet:-1","max-image-preview":"max-image-preview:large","max-video-preview":"max-video-preview:-1"},"canonical":"https:\/\/informelitoral.com.ar\/suspendieron-cautelar-sobre-vencimientos-de-bienes-personales-y-ganancias\/","og_locale":"es_ES","og_type":"article","og_title":"Suspendieron cautelar sobre vencimientos de Bienes Personales y Ganancias - Informe Litoral","og_description":"El Juzgado Contencioso Administrativo Federal N\u00b012 no dio lugar este martes a la medida cautelar presentada esta semana por la AFIP contra la orden de suspender los vencimientos del Impuesto a las Ganancias y Bienes Personales.","og_url":"https:\/\/informelitoral.com.ar\/suspendieron-cautelar-sobre-vencimientos-de-bienes-personales-y-ganancias\/","og_site_name":"Informe Litoral","article_publisher":"https:\/\/www.facebook.com\/informelitoral\/","article_published_time":"2022-06-29T10:50:55+00:00","article_modified_time":"2022-06-29T11:38:13+00:00","og_image":[{"width":1330,"height":880,"url":"https:\/\/informelitoral.com.ar\/%77%70%2d%63%6f%6e%74%65%6e%74\/uploads\/2020\/09\/Afip.jpg","type":"image\/jpeg"}],"author":"Sebastian","twitter_card":"summary_large_image","twitter_creator":"@InformeLitoral","twitter_site":"@InformeLitoral","twitter_misc":{"Escrito por":"Sebastian","Tiempo de lectura":"1 minuto"},"schema":{"@context":"https:\/\/schema.org","@graph":[{"@type":"Article","@id":"https:\/\/informelitoral.com.ar\/suspendieron-cautelar-sobre-vencimientos-de-bienes-personales-y-ganancias\/#article","isPartOf":{"@id":"https:\/\/informelitoral.com.ar\/suspendieron-cautelar-sobre-vencimientos-de-bienes-personales-y-ganancias\/"},"author":{"name":"Sebastian","@id":"https:\/\/informelitoral.com.ar\/#\/schema\/person\/f05f9f461677119578717524b127d6d5"},"headline":"Suspendieron cautelar sobre vencimientos de Bienes Personales y Ganancias","datePublished":"2022-06-29T10:50:55+00:00","dateModified":"2022-06-29T11:38:13+00:00","mainEntityOfPage":{"@id":"https:\/\/informelitoral.com.ar\/suspendieron-cautelar-sobre-vencimientos-de-bienes-personales-y-ganancias\/"},"wordCount":241,"commentCount":0,"publisher":{"@id":"https:\/\/informelitoral.com.ar\/#organization"},"image":{"@id":"https:\/\/informelitoral.com.ar\/suspendieron-cautelar-sobre-vencimientos-de-bienes-personales-y-ganancias\/#primaryimage"},"thumbnailUrl":"https:\/\/informelitoral.com.ar\/%77%70%2d%63%6f%6e%74%65%6e%74\/uploads\/2020\/09\/Afip.jpg","keywords":["AFIP","Bienes personales","Impuesto a las Ganancias"],"articleSection":["Econom\u00eda"],"inLanguage":"es","potentialAction":[{"@type":"CommentAction","name":"Comment","target":["https:\/\/informelitoral.com.ar\/suspendieron-cautelar-sobre-vencimientos-de-bienes-personales-y-ganancias\/#respond"]}]},{"@type":"WebPage","@id":"https:\/\/informelitoral.com.ar\/suspendieron-cautelar-sobre-vencimientos-de-bienes-personales-y-ganancias\/","url":"https:\/\/informelitoral.com.ar\/suspendieron-cautelar-sobre-vencimientos-de-bienes-personales-y-ganancias\/","name":"Suspendieron cautelar sobre vencimientos de Bienes Personales y Ganancias - Informe Litoral","isPartOf":{"@id":"https:\/\/informelitoral.com.ar\/#website"},"primaryImageOfPage":{"@id":"https:\/\/informelitoral.com.ar\/suspendieron-cautelar-sobre-vencimientos-de-bienes-personales-y-ganancias\/#primaryimage"},"image":{"@id":"https:\/\/informelitoral.com.ar\/suspendieron-cautelar-sobre-vencimientos-de-bienes-personales-y-ganancias\/#primaryimage"},"thumbnailUrl":"https:\/\/informelitoral.com.ar\/%77%70%2d%63%6f%6e%74%65%6e%74\/uploads\/2020\/09\/Afip.jpg","datePublished":"2022-06-29T10:50:55+00:00","dateModified":"2022-06-29T11:38:13+00:00","breadcrumb":{"@id":"https:\/\/informelitoral.com.ar\/suspendieron-cautelar-sobre-vencimientos-de-bienes-personales-y-ganancias\/#breadcrumb"},"inLanguage":"es","potentialAction":[{"@type":"ReadAction","target":["https:\/\/informelitoral.com.ar\/suspendieron-cautelar-sobre-vencimientos-de-bienes-personales-y-ganancias\/"]}]},{"@type":"ImageObject","inLanguage":"es","@id":"https:\/\/informelitoral.com.ar\/suspendieron-cautelar-sobre-vencimientos-de-bienes-personales-y-ganancias\/#primaryimage","url":"https:\/\/informelitoral.com.ar\/%77%70%2d%63%6f%6e%74%65%6e%74\/uploads\/2020\/09\/Afip.jpg","contentUrl":"https:\/\/informelitoral.com.ar\/%77%70%2d%63%6f%6e%74%65%6e%74\/uploads\/2020\/09\/Afip.jpg","width":1330,"height":880},{"@type":"BreadcrumbList","@id":"https:\/\/informelitoral.com.ar\/suspendieron-cautelar-sobre-vencimientos-de-bienes-personales-y-ganancias\/#breadcrumb","itemListElement":[{"@type":"ListItem","position":1,"name":"Portada","item":"https:\/\/informelitoral.com.ar\/"},{"@type":"ListItem","position":2,"name":"Suspendieron cautelar sobre vencimientos de Bienes Personales y Ganancias"}]},{"@type":"WebSite","@id":"https:\/\/informelitoral.com.ar\/#website","url":"https:\/\/informelitoral.com.ar\/","name":"Informe Litoral","description":"&quot;Nos informamos&quot; ","publisher":{"@id":"https:\/\/informelitoral.com.ar\/#organization"},"potentialAction":[{"@type":"SearchAction","target":{"@type":"EntryPoint","urlTemplate":"https:\/\/informelitoral.com.ar\/?s={search_term_string}"},"query-input":{"@type":"PropertyValueSpecification","valueRequired":true,"valueName":"search_term_string"}}],"inLanguage":"es"},{"@type":"Organization","@id":"https:\/\/informelitoral.com.ar\/#organization","name":"Informe Litoral","url":"https:\/\/informelitoral.com.ar\/","logo":{"@type":"ImageObject","inLanguage":"es","@id":"https:\/\/informelitoral.com.ar\/#\/schema\/logo\/image\/","url":"https:\/\/informelitoral.com.ar\/%77%70%2d%63%6f%6e%74%65%6e%74\/uploads\/2021\/01\/circulo.png","contentUrl":"https:\/\/informelitoral.com.ar\/%77%70%2d%63%6f%6e%74%65%6e%74\/uploads\/2021\/01\/circulo.png","width":723,"height":731,"caption":"Informe Litoral"},"image":{"@id":"https:\/\/informelitoral.com.ar\/#\/schema\/logo\/image\/"},"sameAs":["https:\/\/www.facebook.com\/informelitoral\/","https:\/\/x.com\/InformeLitoral","https:\/\/www.instagram.com\/informelitoral\/","https:\/\/www.youtube.com\/channel\/UCua4Qvz8Icb6MYqhoq9xLXw"]},{"@type":"Person","@id":"https:\/\/informelitoral.com.ar\/#\/schema\/person\/f05f9f461677119578717524b127d6d5","name":"Sebastian","image":{"@type":"ImageObject","inLanguage":"es","@id":"https:\/\/secure.gravatar.com\/avatar\/b71bf7481d447dfb9583c7f2798e7cc64de6efb9067b74633ed8c31059a3bd82?s=96&d=mm&r=g","url":"https:\/\/secure.gravatar.com\/avatar\/b71bf7481d447dfb9583c7f2798e7cc64de6efb9067b74633ed8c31059a3bd82?s=96&d=mm&r=g","contentUrl":"https:\/\/secure.gravatar.com\/avatar\/b71bf7481d447dfb9583c7f2798e7cc64de6efb9067b74633ed8c31059a3bd82?s=96&d=mm&r=g","caption":"Sebastian"},"url":"https:\/\/informelitoral.com.ar\/author\/sebastian\/"}]}},"_links":{"self":[{"href":"https:\/\/informelitoral.com.ar\/%77%70%2d%6a%73%6f%6e\/wp\/v2\/posts\/80666","targetHints":{"allow":["GET"]}}],"collection":[{"href":"https:\/\/informelitoral.com.ar\/%77%70%2d%6a%73%6f%6e\/wp\/v2\/posts"}],"about":[{"href":"https:\/\/informelitoral.com.ar\/%77%70%2d%6a%73%6f%6e\/wp\/v2\/types\/post"}],"author":[{"embeddable":true,"href":"https:\/\/informelitoral.com.ar\/%77%70%2d%6a%73%6f%6e\/wp\/v2\/users\/8"}],"replies":[{"embeddable":true,"href":"https:\/\/informelitoral.com.ar\/%77%70%2d%6a%73%6f%6e\/wp\/v2\/comments?post=80666"}],"version-history":[{"count":0,"href":"https:\/\/informelitoral.com.ar\/%77%70%2d%6a%73%6f%6e\/wp\/v2\/posts\/80666\/revisions"}],"wp:featuredmedia":[{"embeddable":true,"href":"https:\/\/informelitoral.com.ar\/%77%70%2d%6a%73%6f%6e\/wp\/v2\/media\/49380"}],"wp:attachment":[{"href":"https:\/\/informelitoral.com.ar\/%77%70%2d%6a%73%6f%6e\/wp\/v2\/media?parent=80666"}],"wp:term":[{"taxonomy":"category","embeddable":true,"href":"https:\/\/informelitoral.com.ar\/%77%70%2d%6a%73%6f%6e\/wp\/v2\/categories?post=80666"},{"taxonomy":"post_tag","embeddable":true,"href":"https:\/\/informelitoral.com.ar\/%77%70%2d%6a%73%6f%6e\/wp\/v2\/tags?post=80666"}],"curies":[{"name":"wp","href":"https:\/\/api.w.org\/{rel}","templated":true}]}}