{"id":8064,"date":"2014-09-03T14:12:24","date_gmt":"2014-09-03T17:12:24","guid":{"rendered":"http:\/\/www.isletasnoticias.com.ar\/?p=8064"},"modified":"2014-09-03T14:17:26","modified_gmt":"2014-09-03T17:17:26","slug":"8064","status":"publish","type":"post","link":"https:\/\/informelitoral.com.ar\/8064\/","title":{"rendered":"El Motoencuentro de Diamante arranc\u00f3 con todo"},"content":{"rendered":"<p><strong>El XIX Motoencuentro de Diamante comenz\u00f3 con la mejor expectativa desde la organizaci\u00f3n. Con un predio en excelentes condiciones, el primer d\u00eda del evento recibi\u00f3 a un grupo de moteros bolivianos.<a href=\"http:\/\/www.isletasnoticias.com.ar\/%77%70%2d%63%6f%6e%74%65%6e%74\/uploads\/2014\/09\/540744b1b0191-2.jpg\"><img loading=\"lazy\" decoding=\"async\" class=\"aligncenter size-medium wp-image-8065\" src=\"http:\/\/www.isletasnoticias.com.ar\/%77%70%2d%63%6f%6e%74%65%6e%74\/uploads\/2014\/09\/540744b1b0191-2-300x201.jpg\" alt=\"540744b1b0191 (2)\" width=\"300\" height=\"201\" srcset=\"https:\/\/informelitoral.com.ar\/%77%70%2d%63%6f%6e%74%65%6e%74\/uploads\/2014\/09\/540744b1b0191-2-300x201.jpg 300w, https:\/\/informelitoral.com.ar\/%77%70%2d%63%6f%6e%74%65%6e%74\/uploads\/2014\/09\/540744b1b0191-2-1024x689.jpg 1024w\" sizes=\"auto, (max-width: 300px) 100vw, 300px\" \/><\/a><\/strong><\/p>\n<p>Desde Santa Cruz de la Sierra, Bolivia, llegaron Oliver Estrada, Franco Guti\u00e9rrez, Jos\u00e9 Luis Su\u00e1rez y Eric Ceballos. En realidad est\u00e1n en Diamante desde este martes, pero hoy ingresaron formalmente al Complejo Tur\u00edstico Valle de la Ensenada.<\/p>\n<p>\u201cA Dios gracias, todo el camino recorrido ha sido placentero, muy bonito. La gente se port\u00f3 muy bien en todos los lugares que par\u00e1bamos, donde acamp\u00e1bamos. Estamos muy agradecidos por todo\u201d, dijo Oliver Estrada, uno de los moteros.<\/p>\n<p>Cont\u00f3 que se quedar\u00e1n los cuatro d\u00edas y despu\u00e9s regresar\u00e1n por la Rep\u00fablica Oriental del Uruguay, para conocer ese pa\u00eds.<\/p>\n<p>\u201cNos motiv\u00f3 a venir el hecho de que es el evento m\u00e1s importante de Sudam\u00e9rica y tenemos una gran distancia, y eso es muy bueno porque nos encanta viajar mucho\u201d, coment\u00f3 Oliver. Y agreg\u00f3: \u201cSentimos amor por las motos, nos encanta viajar, compartir con los amigos, conocer nuevos lugares y disfrutarlos\u201d.<\/p>\n<p>El boliviano mencion\u00f3 que es el primer a\u00f1o que viene, aunque algunos de sus compa\u00f1eros vinieron en 2012. \u201cSalimos el viernes, y si bien el viaje es para hacerlo en tres d\u00edas, vinimos disfrut\u00e1ndolo\u201d, dijo.<\/p>\n<p>Oliver vino en una moto que tiene desde hace un a\u00f1o y medio. \u201cEs una Shadows 750 modelo 2003, versi\u00f3n Americana\u201d, cont\u00f3.<\/p>\n<p>Seg\u00fan Oliver, la motocicleta te da la sensaci\u00f3n de sentirte libre, ser vos mismo. \u201cTe quita mucho estr\u00e9s y ten\u00e9s la satisfacci\u00f3n de llegar a un lugar despu\u00e9s de un camino recorrido. Estamos en algo muy lindo que te deja satisfacciones como persona. Es incre\u00edble los sentimientos lindos que te da la moto\u201d, sentenci\u00f3.<\/p>\n<p>Todo a punto<\/p>\n<p>Hoy mi\u00e9rcoles, a las 15:00, comienza la actividad en el escenario Norberto Pappo Napolitano. La grilla de actuaciones es la siguiente:<\/p>\n<p>15:00: Apertura del Escenario Pappo Napolitano con el Certamen Pre Bandas<\/p>\n<p>Trident (Rosario &#8211; Santa Fe)<\/p>\n<p>Shredder (Concepci\u00f3n del Uruguay &#8211; Entre R\u00edos)<\/p>\n<p>La 220 (Crespo \u2013 Entre R\u00edos)<\/p>\n<p>Inestables (Paran\u00e1 &#8211; Entre R\u00edos)<\/p>\n<p>Sin querer queriendo (Paran\u00e1 &#8211; Entre R\u00edos)<\/p>\n<p>Locos pon nada (Paran\u00e1 &#8211; Entre R\u00edos)<\/p>\n<p>Tri\u00e1ngulo (Paran\u00e1 &#8211; Entre R\u00edos)<\/p>\n<p>La Creaci\u00f3n (Entre R\u00edos)<\/p>\n<p>Sordo Dancing (San Nicol\u00e1s &#8211; Bs. As.)<\/p>\n<p>Snail (Paran\u00e1 &#8211; Entre R\u00edos)<\/p>\n<p>Vida Cero (San Jorge &#8211; Santa Fe)<\/p>\n<p>Manipulaci\u00f3n (Paran\u00e1 &#8211; Entre R\u00edos)<\/p>\n<p>Yetaloba (Santa Fe)<\/p>\n<p>Dinamium (Rosario &#8211; Santa Fe)<\/p>\n<p>Tanto de todo (Mar\u00eda Grande &#8211; Entre R\u00edos)<\/p>\n<p>Magn\u00e9tica (Paran\u00e1 &#8211; Entre R\u00edos)<\/p>\n<p>New Men (Santa Fe)<\/p>\n<p>Ac\u00e9falo (Viale &#8211; Entre R\u00edos)<\/p>\n<p>Agnosis (Diamante &#8211; Entre R\u00edos)<\/p>\n<p>Silver Ling (Rosario &#8211; Santa Fe)<\/p>\n<p>Lord Divine (Rosario &#8211; Santa Fe)<\/p>\n<p>Benetnasch (Rosario &#8211; Santa Fe)<\/p>\n<p>Motor Machaque (Paran\u00e1 &#8211; Entre R\u00edos)<\/p>\n<p>Proyecto X (Rosario &#8211; Santa Fe)<\/p>\n<p>La grilla art\u00edstica para el resto de los d\u00edas es la siguiente:<\/p>\n<p><strong>Jueves 4 de septiembre<\/strong><\/p>\n<p>14:00: Juegos de destreza<\/p>\n<p>15:00: Apertura del Escenario Pappo Napolitano con el Certamen Pre Bandas<\/p>\n<p>Drako Brujo (Z\u00e1rate &#8211; Bs. As.)<\/p>\n<p>La Toscano (Buenos Aires)<\/p>\n<p>Fuerza Natural (Santa Fe)<\/p>\n<p>Krumah (Castelar &#8211; Bs. As.)<\/p>\n<p>Arsis (Buenos Aires)<\/p>\n<p>Coral (Buenos Aires)<\/p>\n<p>Dedos Negros (Am\u00e9rica &#8211; Bs. As.)<\/p>\n<p>Viejas Costumbres (Luj\u00e1n &#8211; Bs. As.)<\/p>\n<p>Monohumano (Caseros &#8211; Bs. As.)<\/p>\n<p>Rock Refugio (C\u00f3rdoba)<\/p>\n<p>Caravana de Almas (San Nicol\u00e1s &#8211; Bs. As.)<\/p>\n<p>Fal 82 (Diamante &#8211; Entre R\u00edos)<\/p>\n<p>Maldita Mar\u00eda (Paran\u00e1 -Entre R\u00edos)<\/p>\n<p>La Sarnosa (Villa Constituci\u00f3n &#8211; Santa Fe)<\/p>\n<p>\u00daltimo Grito (Reconquista &#8211; Santa Fe)<\/p>\n<p>Tottoven y Los Lobos Blues (Paran\u00e1 &#8211; Entre R\u00edos)<\/p>\n<p>Elixir (Villa Mar\u00eda &#8211; C\u00f3rdoba)<\/p>\n<p>No le digas a nadie (Ciudadela &#8211; Bs. As.)<\/p>\n<p>Blues y Trouble (Buenos Aires)<\/p>\n<p>D\u00f3lar Blue (Buenos Aires)<\/p>\n<p>\u00daltimo Trago (Diamante &#8211; Entre R\u00edos)<\/p>\n<p>Juan Alberto Undagoytia (Buenos Aires)<\/p>\n<p>AR-82 (Escobar &#8211; Bs. As.)<\/p>\n<p>Sociedad An\u00f3nima (Paran\u00e1\u00a0 -Entre R\u00edos)<\/p>\n<p>Cr\u00e1neo Candente (San Nicol\u00e1s &#8211; Bs. As)<\/p>\n<p>Miseria Espantosa (C\u00f3rdoba)<\/p>\n<p><strong>Viernes 5 de septiembre<\/strong><\/p>\n<p>14:00: Juegos de destreza<\/p>\n<p>15:00: Apertura del Escenario Pappo Napolitano con el Certamen Pre Bandas<\/p>\n<p>17:00: Anderson Paulo Da Silva (Destrezas sobre ruedas en Avda. Costanera, ingreso al predio)<\/p>\n<p>Perro Salvaje (Tigre &#8211; Bs. As)<\/p>\n<p>Cruz del Sur (Santa Fe)<\/p>\n<p>\u00daltimo Recurso (Z\u00e1rate &#8211; Bs. As)<\/p>\n<p>Stigma (Rosario &#8211; Santa Fe)<\/p>\n<p>Toskano (Berazategui &#8211; Bs. As)<\/p>\n<p>La mano sigue (Diamante &#8211; Entre R\u00edos)<\/p>\n<p>Black Piston (Salta &#8211; Capital)<\/p>\n<p>Dunas de Marte (Santa Fe)<\/p>\n<p>Dissident, Tributo a Pearl Jam (Rosario &#8211; Santa Fe)<\/p>\n<p>La Inefable (Barrancas &#8211; San Genaro &#8211; Santa Fe)<\/p>\n<p>Yayo\u00b4s Blues (Barranca &#8211; Santa Fe)<\/p>\n<p>Medieval, Tributo a Iron Maiden (San Nicol\u00e1s &#8211; Bs. As.)<\/p>\n<p>40 Grados (Rafaela &#8211; Santa Fe)<\/p>\n<p><strong>FACUNDO ARANA &amp; THE BLUE LIGHT ORQUESTRA<\/strong><\/p>\n<p><strong>S\u00e1bado 6 de septiembre<\/strong><\/p>\n<p>10:00: Caravana solidaria. Recorrer\u00e1 el Paseo de La Ribera, Cristo Pescador, Hospital Colonia de Salud Mental y futuro Complejo Termal<\/p>\n<p>15:00: Apertura del Escenario Pappo Napolitano con el Certamen Pre Bandas<\/p>\n<p>17:00: Caravana por la ciudad<\/p>\n<p>Tortuga Solar (Buenos Aires)<\/p>\n<p>Inquadra (Hurlinghan &#8211; Bs. As.)<\/p>\n<p>Chamarras Negras, Tributo a Kiss (Santa Fe)<\/p>\n<p>Maquinar (Paran\u00e1 &#8211; Entre R\u00edos)<\/p>\n<p>Rojo 7000 (Rosario &#8211; Santa Fe)<\/p>\n<p>Old School (Rosario &#8211; Santa Fe)<\/p>\n<p>Zelen (Buenos Aires)<\/p>\n<p><strong>ALMAFUERTE<\/strong><\/p>\n<p>Valores de ingreso<\/p>\n<p>Para los cuatro d\u00edas el costo del ingreso ser\u00e1 de 200 pesos por persona y esto dar\u00e1 derecho a utilizar el lugar de acampe por todo el evento, provisi\u00f3n gratuita de le\u00f1a, uso de ba\u00f1os y duchas acondicionadas, servicio m\u00e9dico dentro del predio con ambulancias y sala de atenci\u00f3n.<\/p>\n<p>Los valores se completar\u00edan de la siguiente manera. El motero y el acompa\u00f1ante pagar\u00e1n 200 pesos cada uno. Para ingresar por d\u00eda; el mi\u00e9rcoles costar\u00e1 50 pesos por persona; el jueves costar\u00e1 50 pesos; el viernes y s\u00e1bado la entrada costar\u00e1 200 pesos por d\u00eda. Los menores abonar\u00e1n 30 pesos y habr\u00e1 un abono para los diamantinos, que se podr\u00e1 adquirir el mi\u00e9rcoles por 200 pesos para todos los d\u00edas.<\/p>\n","protected":false},"excerpt":{"rendered":"<p>El XIX Motoencuentro de Diamante comenz&oacute; con la mejor expectativa desde la organizaci&oacute;n. Con un predio en excelentes condiciones, el primer d&iacute;a del evento recibi&oacute; a un grupo de moteros bolivianos. Desde Santa Cruz de la Sierra, Bolivia, llegaron Oliver Estrada, Franco Guti&eacute;rrez, Jos&eacute; Luis Su&aacute;rez y Eric Ceballos. En realidad est&aacute;n en Diamante desde [&hellip;]<\/p>\n","protected":false},"author":2,"featured_media":0,"comment_status":"open","ping_status":"open","sticky":false,"template":"","format":"standard","meta":{"fifu_image_url":"","fifu_image_alt":"","footnotes":""},"categories":[5,6],"tags":[],"class_list":{"0":"post-8064","1":"post","2":"type-post","3":"status-publish","4":"format-standard","6":"category-zonales","7":"category-entre-rios"},"yoast_head":"<title>El Motoencuentro de Diamante arranc\u00f3 con todo - Informe Litoral<\/title>\n<meta name=\"robots\" content=\"index, follow, max-snippet:-1, max-image-preview:large, max-video-preview:-1\" \/>\n<link rel=\"canonical\" href=\"https:\/\/informelitoral.com.ar\/8064\/\" \/>\n<meta property=\"og:locale\" content=\"es_ES\" \/>\n<meta property=\"og:type\" content=\"article\" \/>\n<meta property=\"og:title\" content=\"El Motoencuentro de Diamante arranc\u00f3 con todo - Informe Litoral\" \/>\n<meta property=\"og:description\" content=\"El XIX Motoencuentro de Diamante comenz&oacute; con la mejor expectativa desde la organizaci&oacute;n. Con un predio en excelentes condiciones, el primer d&iacute;a del evento recibi&oacute; a un grupo de moteros bolivianos. Desde Santa Cruz de la Sierra, Bolivia, llegaron Oliver Estrada, Franco Guti&eacute;rrez, Jos&eacute; Luis Su&aacute;rez y Eric Ceballos. En realidad est&aacute;n en Diamante desde [&hellip;]\" \/>\n<meta property=\"og:url\" content=\"https:\/\/informelitoral.com.ar\/8064\/\" \/>\n<meta property=\"og:site_name\" content=\"Informe Litoral\" \/>\n<meta property=\"article:publisher\" content=\"https:\/\/www.facebook.com\/informelitoral\/\" \/>\n<meta property=\"article:published_time\" content=\"2014-09-03T17:12:24+00:00\" \/>\n<meta property=\"article:modified_time\" content=\"2014-09-03T17:17:26+00:00\" \/>\n<meta property=\"og:image\" content=\"https:\/\/informelitoral.com.ar\/%77%70%2d%63%6f%6e%74%65%6e%74\/uploads\/2014\/09\/540744b1b0191-2.jpg\" \/>\n\t<meta property=\"og:image:width\" content=\"2351\" \/>\n\t<meta property=\"og:image:height\" content=\"1583\" \/>\n\t<meta property=\"og:image:type\" content=\"image\/jpeg\" \/>\n<meta name=\"author\" content=\"Gonzalo Schmidt\" \/>\n<meta name=\"twitter:card\" content=\"summary_large_image\" \/>\n<meta name=\"twitter:creator\" content=\"@InformeLitoral\" \/>\n<meta name=\"twitter:site\" content=\"@InformeLitoral\" \/>\n<meta name=\"twitter:label1\" content=\"Escrito por\" \/>\n\t<meta name=\"twitter:data1\" content=\"Gonzalo Schmidt\" \/>\n\t<meta name=\"twitter:label2\" content=\"Tiempo de lectura\" \/>\n\t<meta name=\"twitter:data2\" content=\"5 minutos\" \/>\n<script type=\"application\/ld+json\" class=\"yoast-schema-graph\">{\"@context\":\"https:\\\/\\\/schema.org\",\"@graph\":[{\"@type\":\"Article\",\"@id\":\"https:\\\/\\\/informelitoral.com.ar\\\/8064\\\/#article\",\"isPartOf\":{\"@id\":\"https:\\\/\\\/informelitoral.com.ar\\\/8064\\\/\"},\"author\":{\"name\":\"Gonzalo Schmidt\",\"@id\":\"https:\\\/\\\/informelitoral.com.ar\\\/#\\\/schema\\\/person\\\/b9d00407c836482871ef1d57bf8e3180\"},\"headline\":\"El Motoencuentro de Diamante arranc\u00f3 con todo\",\"datePublished\":\"2014-09-03T17:12:24+00:00\",\"dateModified\":\"2014-09-03T17:17:26+00:00\",\"mainEntityOfPage\":{\"@id\":\"https:\\\/\\\/informelitoral.com.ar\\\/8064\\\/\"},\"wordCount\":1025,\"commentCount\":0,\"publisher\":{\"@id\":\"https:\\\/\\\/informelitoral.com.ar\\\/#organization\"},\"image\":{\"@id\":\"https:\\\/\\\/informelitoral.com.ar\\\/8064\\\/#primaryimage\"},\"thumbnailUrl\":\"http:\\\/\\\/www.isletasnoticias.com.ar\\\/%77%70%2d%63%6f%6e%74%65%6e%74\\\/uploads\\\/2014\\\/09\\\/540744b1b0191-2-300x201.jpg\",\"articleSection\":[\"Departamento Diamante\",\"Entre R\u00edos\"],\"inLanguage\":\"es\",\"potentialAction\":[{\"@type\":\"CommentAction\",\"name\":\"Comment\",\"target\":[\"https:\\\/\\\/informelitoral.com.ar\\\/8064\\\/#respond\"]}]},{\"@type\":\"WebPage\",\"@id\":\"https:\\\/\\\/informelitoral.com.ar\\\/8064\\\/\",\"url\":\"https:\\\/\\\/informelitoral.com.ar\\\/8064\\\/\",\"name\":\"El Motoencuentro de Diamante arranc\u00f3 con todo - Informe Litoral\",\"isPartOf\":{\"@id\":\"https:\\\/\\\/informelitoral.com.ar\\\/#website\"},\"primaryImageOfPage\":{\"@id\":\"https:\\\/\\\/informelitoral.com.ar\\\/8064\\\/#primaryimage\"},\"image\":{\"@id\":\"https:\\\/\\\/informelitoral.com.ar\\\/8064\\\/#primaryimage\"},\"thumbnailUrl\":\"http:\\\/\\\/www.isletasnoticias.com.ar\\\/%77%70%2d%63%6f%6e%74%65%6e%74\\\/uploads\\\/2014\\\/09\\\/540744b1b0191-2-300x201.jpg\",\"datePublished\":\"2014-09-03T17:12:24+00:00\",\"dateModified\":\"2014-09-03T17:17:26+00:00\",\"breadcrumb\":{\"@id\":\"https:\\\/\\\/informelitoral.com.ar\\\/8064\\\/#breadcrumb\"},\"inLanguage\":\"es\",\"potentialAction\":[{\"@type\":\"ReadAction\",\"target\":[\"https:\\\/\\\/informelitoral.com.ar\\\/8064\\\/\"]}]},{\"@type\":\"ImageObject\",\"inLanguage\":\"es\",\"@id\":\"https:\\\/\\\/informelitoral.com.ar\\\/8064\\\/#primaryimage\",\"url\":\"http:\\\/\\\/www.isletasnoticias.com.ar\\\/%77%70%2d%63%6f%6e%74%65%6e%74\\\/uploads\\\/2014\\\/09\\\/540744b1b0191-2-300x201.jpg\",\"contentUrl\":\"http:\\\/\\\/www.isletasnoticias.com.ar\\\/%77%70%2d%63%6f%6e%74%65%6e%74\\\/uploads\\\/2014\\\/09\\\/540744b1b0191-2-300x201.jpg\"},{\"@type\":\"BreadcrumbList\",\"@id\":\"https:\\\/\\\/informelitoral.com.ar\\\/8064\\\/#breadcrumb\",\"itemListElement\":[{\"@type\":\"ListItem\",\"position\":1,\"name\":\"Portada\",\"item\":\"https:\\\/\\\/informelitoral.com.ar\\\/\"},{\"@type\":\"ListItem\",\"position\":2,\"name\":\"El Motoencuentro de Diamante arranc\u00f3 con todo\"}]},{\"@type\":\"WebSite\",\"@id\":\"https:\\\/\\\/informelitoral.com.ar\\\/#website\",\"url\":\"https:\\\/\\\/informelitoral.com.ar\\\/\",\"name\":\"Informe Litoral\",\"description\":\"&quot;Nos informamos&quot; \",\"publisher\":{\"@id\":\"https:\\\/\\\/informelitoral.com.ar\\\/#organization\"},\"potentialAction\":[{\"@type\":\"SearchAction\",\"target\":{\"@type\":\"EntryPoint\",\"urlTemplate\":\"https:\\\/\\\/informelitoral.com.ar\\\/?s={search_term_string}\"},\"query-input\":{\"@type\":\"PropertyValueSpecification\",\"valueRequired\":true,\"valueName\":\"search_term_string\"}}],\"inLanguage\":\"es\"},{\"@type\":\"Organization\",\"@id\":\"https:\\\/\\\/informelitoral.com.ar\\\/#organization\",\"name\":\"Informe Litoral\",\"url\":\"https:\\\/\\\/informelitoral.com.ar\\\/\",\"logo\":{\"@type\":\"ImageObject\",\"inLanguage\":\"es\",\"@id\":\"https:\\\/\\\/informelitoral.com.ar\\\/#\\\/schema\\\/logo\\\/image\\\/\",\"url\":\"https:\\\/\\\/informelitoral.com.ar\\\/%77%70%2d%63%6f%6e%74%65%6e%74\\\/uploads\\\/2021\\\/01\\\/circulo.png\",\"contentUrl\":\"https:\\\/\\\/informelitoral.com.ar\\\/%77%70%2d%63%6f%6e%74%65%6e%74\\\/uploads\\\/2021\\\/01\\\/circulo.png\",\"width\":723,\"height\":731,\"caption\":\"Informe Litoral\"},\"image\":{\"@id\":\"https:\\\/\\\/informelitoral.com.ar\\\/#\\\/schema\\\/logo\\\/image\\\/\"},\"sameAs\":[\"https:\\\/\\\/www.facebook.com\\\/informelitoral\\\/\",\"https:\\\/\\\/x.com\\\/InformeLitoral\",\"https:\\\/\\\/www.instagram.com\\\/informelitoral\\\/\",\"https:\\\/\\\/www.youtube.com\\\/channel\\\/UCua4Qvz8Icb6MYqhoq9xLXw\"]},{\"@type\":\"Person\",\"@id\":\"https:\\\/\\\/informelitoral.com.ar\\\/#\\\/schema\\\/person\\\/b9d00407c836482871ef1d57bf8e3180\",\"name\":\"Gonzalo Schmidt\",\"image\":{\"@type\":\"ImageObject\",\"inLanguage\":\"es\",\"@id\":\"https:\\\/\\\/secure.gravatar.com\\\/avatar\\\/31a1a7b66ff2de83bd0e9fd79d026630d2d99e55e8bfe501287647b4fd9743de?s=96&d=mm&r=g\",\"url\":\"https:\\\/\\\/secure.gravatar.com\\\/avatar\\\/31a1a7b66ff2de83bd0e9fd79d026630d2d99e55e8bfe501287647b4fd9743de?s=96&d=mm&r=g\",\"contentUrl\":\"https:\\\/\\\/secure.gravatar.com\\\/avatar\\\/31a1a7b66ff2de83bd0e9fd79d026630d2d99e55e8bfe501287647b4fd9743de?s=96&d=mm&r=g\",\"caption\":\"Gonzalo Schmidt\"},\"description\":\"Sitio web de noticias de la provincia de Entre R\u00edos, Argentina. Informaci\u00f3n y entretenimiento. Informe Litoral, nos informamos.\",\"sameAs\":[\"http:\\\/\\\/www.isletasnoticias.com.ar\"],\"url\":\"https:\\\/\\\/informelitoral.com.ar\\\/author\\\/gonzalo\\\/\"}]}<\/script>","yoast_head_json":{"title":"El Motoencuentro de Diamante arranc\u00f3 con todo - Informe Litoral","robots":{"index":"index","follow":"follow","max-snippet":"max-snippet:-1","max-image-preview":"max-image-preview:large","max-video-preview":"max-video-preview:-1"},"canonical":"https:\/\/informelitoral.com.ar\/8064\/","og_locale":"es_ES","og_type":"article","og_title":"El Motoencuentro de Diamante arranc\u00f3 con todo - Informe Litoral","og_description":"El XIX Motoencuentro de Diamante comenz&oacute; con la mejor expectativa desde la organizaci&oacute;n. Con un predio en excelentes condiciones, el primer d&iacute;a del evento recibi&oacute; a un grupo de moteros bolivianos. Desde Santa Cruz de la Sierra, Bolivia, llegaron Oliver Estrada, Franco Guti&eacute;rrez, Jos&eacute; Luis Su&aacute;rez y Eric Ceballos. En realidad est&aacute;n en Diamante desde [&hellip;]","og_url":"https:\/\/informelitoral.com.ar\/8064\/","og_site_name":"Informe Litoral","article_publisher":"https:\/\/www.facebook.com\/informelitoral\/","article_published_time":"2014-09-03T17:12:24+00:00","article_modified_time":"2014-09-03T17:17:26+00:00","og_image":[{"width":2351,"height":1583,"url":"https:\/\/informelitoral.com.ar\/%77%70%2d%63%6f%6e%74%65%6e%74\/uploads\/2014\/09\/540744b1b0191-2.jpg","type":"image\/jpeg"}],"author":"Gonzalo Schmidt","twitter_card":"summary_large_image","twitter_creator":"@InformeLitoral","twitter_site":"@InformeLitoral","twitter_misc":{"Escrito por":"Gonzalo Schmidt","Tiempo de lectura":"5 minutos"},"schema":{"@context":"https:\/\/schema.org","@graph":[{"@type":"Article","@id":"https:\/\/informelitoral.com.ar\/8064\/#article","isPartOf":{"@id":"https:\/\/informelitoral.com.ar\/8064\/"},"author":{"name":"Gonzalo Schmidt","@id":"https:\/\/informelitoral.com.ar\/#\/schema\/person\/b9d00407c836482871ef1d57bf8e3180"},"headline":"El Motoencuentro de Diamante arranc\u00f3 con todo","datePublished":"2014-09-03T17:12:24+00:00","dateModified":"2014-09-03T17:17:26+00:00","mainEntityOfPage":{"@id":"https:\/\/informelitoral.com.ar\/8064\/"},"wordCount":1025,"commentCount":0,"publisher":{"@id":"https:\/\/informelitoral.com.ar\/#organization"},"image":{"@id":"https:\/\/informelitoral.com.ar\/8064\/#primaryimage"},"thumbnailUrl":"http:\/\/www.isletasnoticias.com.ar\/%77%70%2d%63%6f%6e%74%65%6e%74\/uploads\/2014\/09\/540744b1b0191-2-300x201.jpg","articleSection":["Departamento Diamante","Entre R\u00edos"],"inLanguage":"es","potentialAction":[{"@type":"CommentAction","name":"Comment","target":["https:\/\/informelitoral.com.ar\/8064\/#respond"]}]},{"@type":"WebPage","@id":"https:\/\/informelitoral.com.ar\/8064\/","url":"https:\/\/informelitoral.com.ar\/8064\/","name":"El Motoencuentro de Diamante arranc\u00f3 con todo - Informe Litoral","isPartOf":{"@id":"https:\/\/informelitoral.com.ar\/#website"},"primaryImageOfPage":{"@id":"https:\/\/informelitoral.com.ar\/8064\/#primaryimage"},"image":{"@id":"https:\/\/informelitoral.com.ar\/8064\/#primaryimage"},"thumbnailUrl":"http:\/\/www.isletasnoticias.com.ar\/%77%70%2d%63%6f%6e%74%65%6e%74\/uploads\/2014\/09\/540744b1b0191-2-300x201.jpg","datePublished":"2014-09-03T17:12:24+00:00","dateModified":"2014-09-03T17:17:26+00:00","breadcrumb":{"@id":"https:\/\/informelitoral.com.ar\/8064\/#breadcrumb"},"inLanguage":"es","potentialAction":[{"@type":"ReadAction","target":["https:\/\/informelitoral.com.ar\/8064\/"]}]},{"@type":"ImageObject","inLanguage":"es","@id":"https:\/\/informelitoral.com.ar\/8064\/#primaryimage","url":"http:\/\/www.isletasnoticias.com.ar\/%77%70%2d%63%6f%6e%74%65%6e%74\/uploads\/2014\/09\/540744b1b0191-2-300x201.jpg","contentUrl":"http:\/\/www.isletasnoticias.com.ar\/%77%70%2d%63%6f%6e%74%65%6e%74\/uploads\/2014\/09\/540744b1b0191-2-300x201.jpg"},{"@type":"BreadcrumbList","@id":"https:\/\/informelitoral.com.ar\/8064\/#breadcrumb","itemListElement":[{"@type":"ListItem","position":1,"name":"Portada","item":"https:\/\/informelitoral.com.ar\/"},{"@type":"ListItem","position":2,"name":"El Motoencuentro de Diamante arranc\u00f3 con todo"}]},{"@type":"WebSite","@id":"https:\/\/informelitoral.com.ar\/#website","url":"https:\/\/informelitoral.com.ar\/","name":"Informe Litoral","description":"&quot;Nos informamos&quot; ","publisher":{"@id":"https:\/\/informelitoral.com.ar\/#organization"},"potentialAction":[{"@type":"SearchAction","target":{"@type":"EntryPoint","urlTemplate":"https:\/\/informelitoral.com.ar\/?s={search_term_string}"},"query-input":{"@type":"PropertyValueSpecification","valueRequired":true,"valueName":"search_term_string"}}],"inLanguage":"es"},{"@type":"Organization","@id":"https:\/\/informelitoral.com.ar\/#organization","name":"Informe Litoral","url":"https:\/\/informelitoral.com.ar\/","logo":{"@type":"ImageObject","inLanguage":"es","@id":"https:\/\/informelitoral.com.ar\/#\/schema\/logo\/image\/","url":"https:\/\/informelitoral.com.ar\/%77%70%2d%63%6f%6e%74%65%6e%74\/uploads\/2021\/01\/circulo.png","contentUrl":"https:\/\/informelitoral.com.ar\/%77%70%2d%63%6f%6e%74%65%6e%74\/uploads\/2021\/01\/circulo.png","width":723,"height":731,"caption":"Informe Litoral"},"image":{"@id":"https:\/\/informelitoral.com.ar\/#\/schema\/logo\/image\/"},"sameAs":["https:\/\/www.facebook.com\/informelitoral\/","https:\/\/x.com\/InformeLitoral","https:\/\/www.instagram.com\/informelitoral\/","https:\/\/www.youtube.com\/channel\/UCua4Qvz8Icb6MYqhoq9xLXw"]},{"@type":"Person","@id":"https:\/\/informelitoral.com.ar\/#\/schema\/person\/b9d00407c836482871ef1d57bf8e3180","name":"Gonzalo Schmidt","image":{"@type":"ImageObject","inLanguage":"es","@id":"https:\/\/secure.gravatar.com\/avatar\/31a1a7b66ff2de83bd0e9fd79d026630d2d99e55e8bfe501287647b4fd9743de?s=96&d=mm&r=g","url":"https:\/\/secure.gravatar.com\/avatar\/31a1a7b66ff2de83bd0e9fd79d026630d2d99e55e8bfe501287647b4fd9743de?s=96&d=mm&r=g","contentUrl":"https:\/\/secure.gravatar.com\/avatar\/31a1a7b66ff2de83bd0e9fd79d026630d2d99e55e8bfe501287647b4fd9743de?s=96&d=mm&r=g","caption":"Gonzalo Schmidt"},"description":"Sitio web de noticias de la provincia de Entre R\u00edos, Argentina. Informaci\u00f3n y entretenimiento. Informe Litoral, nos informamos.","sameAs":["http:\/\/www.isletasnoticias.com.ar"],"url":"https:\/\/informelitoral.com.ar\/author\/gonzalo\/"}]}},"_links":{"self":[{"href":"https:\/\/informelitoral.com.ar\/%77%70%2d%6a%73%6f%6e\/wp\/v2\/posts\/8064","targetHints":{"allow":["GET"]}}],"collection":[{"href":"https:\/\/informelitoral.com.ar\/%77%70%2d%6a%73%6f%6e\/wp\/v2\/posts"}],"about":[{"href":"https:\/\/informelitoral.com.ar\/%77%70%2d%6a%73%6f%6e\/wp\/v2\/types\/post"}],"author":[{"embeddable":true,"href":"https:\/\/informelitoral.com.ar\/%77%70%2d%6a%73%6f%6e\/wp\/v2\/users\/2"}],"replies":[{"embeddable":true,"href":"https:\/\/informelitoral.com.ar\/%77%70%2d%6a%73%6f%6e\/wp\/v2\/comments?post=8064"}],"version-history":[{"count":0,"href":"https:\/\/informelitoral.com.ar\/%77%70%2d%6a%73%6f%6e\/wp\/v2\/posts\/8064\/revisions"}],"wp:attachment":[{"href":"https:\/\/informelitoral.com.ar\/%77%70%2d%6a%73%6f%6e\/wp\/v2\/media?parent=8064"}],"wp:term":[{"taxonomy":"category","embeddable":true,"href":"https:\/\/informelitoral.com.ar\/%77%70%2d%6a%73%6f%6e\/wp\/v2\/categories?post=8064"},{"taxonomy":"post_tag","embeddable":true,"href":"https:\/\/informelitoral.com.ar\/%77%70%2d%6a%73%6f%6e\/wp\/v2\/tags?post=8064"}],"curies":[{"name":"wp","href":"https:\/\/api.w.org\/{rel}","templated":true}]}}