{"id":8061,"date":"2014-09-03T14:06:57","date_gmt":"2014-09-03T17:06:57","guid":{"rendered":"http:\/\/www.isletasnoticias.com.ar\/?p=8061"},"modified":"2014-09-03T14:20:08","modified_gmt":"2014-09-03T17:20:08","slug":"una-extrana-luz-se-visualizo-sobre-las-sierras-puntanas","status":"publish","type":"post","link":"https:\/\/informelitoral.com.ar\/una-extrana-luz-se-visualizo-sobre-las-sierras-puntanas\/","title":{"rendered":"Una extra\u00f1a luz se visualiz\u00f3 sobre las sierras puntanas"},"content":{"rendered":"<p><strong>El misterioso fen\u00f3meno fue visto desde San Luis, Villa Mercedes, Villa San Esteban y R\u00edo Cuarto, C\u00f3rdoba. La luz, color verde intenso, se mostr\u00f3 durante cinco segundos y abri\u00f3 un viejo debate \u00bfEstamos solos en el universo?<\/strong><\/p>\n<figure id=\"attachment_8062\" aria-describedby=\"caption-attachment-8062\" style=\"width: 300px\" class=\"wp-caption aligncenter\"><a href=\"http:\/\/www.isletasnoticias.com.ar\/%77%70%2d%63%6f%6e%74%65%6e%74\/uploads\/2014\/09\/ilustrativa_ovni.jpg_241676493-1.jpg\"><img loading=\"lazy\" decoding=\"async\" class=\"wp-image-8062 size-medium\" src=\"http:\/\/www.isletasnoticias.com.ar\/%77%70%2d%63%6f%6e%74%65%6e%74\/uploads\/2014\/09\/ilustrativa_ovni.jpg_241676493-1-300x217.jpg\" alt=\"ilustrativa_ovni.jpg_241676493 (1)\" width=\"300\" height=\"217\" srcset=\"https:\/\/informelitoral.com.ar\/%77%70%2d%63%6f%6e%74%65%6e%74\/uploads\/2014\/09\/ilustrativa_ovni.jpg_241676493-1-300x217.jpg 300w, https:\/\/informelitoral.com.ar\/%77%70%2d%63%6f%6e%74%65%6e%74\/uploads\/2014\/09\/ilustrativa_ovni.jpg_241676493-1.jpg 620w\" sizes=\"auto, (max-width: 300px) 100vw, 300px\" \/><\/a><figcaption id=\"caption-attachment-8062\" class=\"wp-caption-text\">(Imagen ilustrativa)<\/figcaption><\/figure>\n<p>Una extra\u00f1a e hipn\u00f3tica luz brill\u00f3 sobre las sierras puntanas durante unos cinco segundos el domingo por la noche y fue vista no s\u00f3lo en San Luis capital, sino tambi\u00e9n en Villa Mercedes y hasta en Villa San Esteban, C\u00f3rdoba.<\/p>\n<p>El destello, que seg\u00fan los afortunados que pudieron contemplarlo era de un verde intenso y emulaba a la luz que provocan las bengalas de auxilio que se pueden ver en las pel\u00edculas, apareci\u00f3 en direcci\u00f3n noreste si se toma como punto de vista la ciudad capital descendi\u00f3 lentamente hasta desparecer a un ritmo infinitamente menor que el de una estrella fugaz.<\/p>\n<p>La experiencia vivida se volvi\u00f3 pregunta en el muro de Facebook del periodista Nicol\u00e1s Varvara que 24 horas despu\u00e9s de haber visto aquel fen\u00f3meno, busc\u00f3 c\u00f3mplices entre sus amigos de la red social.<\/p>\n<p>\u00bfAlguien vio ayer en el cielo de San Luis una luz verde que subi\u00f3 y baj\u00f3 aproximadamente 5 segundos? Para m\u00ed fue una bengala de emergencia, pregunt\u00f3 y afirm\u00f3 Varvara \u00a0en su timeline de la red social y las r\u00e9plicas de personas que compartieron su suerte no se hicieron esperar.<\/p>\n<p>Carolina Fattore de Villa San Esteban, C\u00f3rdoba coment\u00f3: \u00a0\u00a0\u201cNico mira ac\u00e1, desde las sierras de C\u00f3rdoba mirando para el lado de traslasierras vimos tambi\u00e9n algo re extra\u00f1o, no se ilumin\u00f3 una parte del cielo como un s\u00faper flash est\u00e1bamos reunidos con amigos y \u00a1Todos vimos lo mismo!\u201d<\/p>\n<p>Vanesa Portela y Dalma Mendoza, dos amigas de Villa Mercedes aseguran que lo vieron y festejaron no ser las \u00fanicas en divisarlo.<\/p>\n<p>Carina Videla desde R\u00edo Cuarto tambi\u00e9n dio su versi\u00f3n: \u201cTambi\u00e9n vimos eso a esa hora y tal cual parec\u00eda una bengala, que por supuesto no era tal. \u00a1Muy bonito!\u201d<\/p>\n<p>Sebasti\u00e1n Funes desde Potrero tambi\u00e9n lo ratifica, en su posada fueron muchas las personas que la contemplaron y quedaron maravillados.<\/p>\n<p>Todos vieron el objeto volador no identificado (OVNI) pero nadie puede explicar qu\u00e9 hab\u00eda detr\u00e1s de aquella luz, tampoco se animan a vincularla con un fen\u00f3meno extraterrestre aunque por intensidad, velocidad y cercan\u00eda suena como la hip\u00f3tesis menos descartable. <em>(El Diario de la Rep\u00fablica)<\/em><\/p>\n","protected":false},"excerpt":{"rendered":"<p>El misterioso fen&oacute;meno fue visto desde San Luis, Villa Mercedes, Villa San Esteban y R&iacute;o Cuarto, C&oacute;rdoba. La luz, color verde intenso, se mostr&oacute; durante cinco segundos y abri&oacute; un viejo debate &iquest;Estamos solos en el universo? Una extra&ntilde;a e hipn&oacute;tica luz brill&oacute; sobre las sierras puntanas durante unos cinco segundos el domingo por la [&hellip;]<\/p>\n","protected":false},"author":2,"featured_media":0,"comment_status":"open","ping_status":"open","sticky":false,"template":"","format":"standard","meta":{"fifu_image_url":"","fifu_image_alt":"","footnotes":""},"categories":[7],"tags":[],"class_list":{"0":"post-8061","1":"post","2":"type-post","3":"status-publish","4":"format-standard","6":"category-nacionales"},"yoast_head":"<title>Una extra\u00f1a luz se visualiz\u00f3 sobre las sierras puntanas - Informe Litoral<\/title>\n<meta name=\"robots\" content=\"index, follow, max-snippet:-1, max-image-preview:large, max-video-preview:-1\" \/>\n<link rel=\"canonical\" href=\"https:\/\/informelitoral.com.ar\/una-extrana-luz-se-visualizo-sobre-las-sierras-puntanas\/\" \/>\n<meta property=\"og:locale\" content=\"es_ES\" \/>\n<meta property=\"og:type\" content=\"article\" \/>\n<meta property=\"og:title\" content=\"Una extra\u00f1a luz se visualiz\u00f3 sobre las sierras puntanas - Informe Litoral\" \/>\n<meta property=\"og:description\" content=\"El misterioso fen&oacute;meno fue visto desde San Luis, Villa Mercedes, Villa San Esteban y R&iacute;o Cuarto, C&oacute;rdoba. La luz, color verde intenso, se mostr&oacute; durante cinco segundos y abri&oacute; un viejo debate &iquest;Estamos solos en el universo? Una extra&ntilde;a e hipn&oacute;tica luz brill&oacute; sobre las sierras puntanas durante unos cinco segundos el domingo por la [&hellip;]\" \/>\n<meta property=\"og:url\" content=\"https:\/\/informelitoral.com.ar\/una-extrana-luz-se-visualizo-sobre-las-sierras-puntanas\/\" \/>\n<meta property=\"og:site_name\" content=\"Informe Litoral\" \/>\n<meta property=\"article:publisher\" content=\"https:\/\/www.facebook.com\/informelitoral\/\" \/>\n<meta property=\"article:published_time\" content=\"2014-09-03T17:06:57+00:00\" \/>\n<meta property=\"article:modified_time\" content=\"2014-09-03T17:20:08+00:00\" \/>\n<meta property=\"og:image\" content=\"https:\/\/informelitoral.com.ar\/%77%70%2d%63%6f%6e%74%65%6e%74\/uploads\/2014\/09\/ilustrativa_ovni.jpg_241676493-1.jpg\" \/>\n\t<meta property=\"og:image:width\" content=\"620\" \/>\n\t<meta property=\"og:image:height\" content=\"450\" \/>\n\t<meta property=\"og:image:type\" content=\"image\/jpeg\" \/>\n<meta name=\"author\" content=\"Gonzalo Schmidt\" \/>\n<meta name=\"twitter:card\" content=\"summary_large_image\" \/>\n<meta name=\"twitter:creator\" content=\"@InformeLitoral\" \/>\n<meta name=\"twitter:site\" content=\"@InformeLitoral\" \/>\n<meta name=\"twitter:label1\" content=\"Escrito por\" \/>\n\t<meta name=\"twitter:data1\" content=\"Gonzalo Schmidt\" \/>\n\t<meta name=\"twitter:label2\" content=\"Tiempo de lectura\" \/>\n\t<meta name=\"twitter:data2\" content=\"2 minutos\" \/>\n<script type=\"application\/ld+json\" class=\"yoast-schema-graph\">{\"@context\":\"https:\\\/\\\/schema.org\",\"@graph\":[{\"@type\":\"Article\",\"@id\":\"https:\\\/\\\/informelitoral.com.ar\\\/una-extrana-luz-se-visualizo-sobre-las-sierras-puntanas\\\/#article\",\"isPartOf\":{\"@id\":\"https:\\\/\\\/informelitoral.com.ar\\\/una-extrana-luz-se-visualizo-sobre-las-sierras-puntanas\\\/\"},\"author\":{\"name\":\"Gonzalo Schmidt\",\"@id\":\"https:\\\/\\\/informelitoral.com.ar\\\/#\\\/schema\\\/person\\\/b9d00407c836482871ef1d57bf8e3180\"},\"headline\":\"Una extra\u00f1a luz se visualiz\u00f3 sobre las sierras puntanas\",\"datePublished\":\"2014-09-03T17:06:57+00:00\",\"dateModified\":\"2014-09-03T17:20:08+00:00\",\"mainEntityOfPage\":{\"@id\":\"https:\\\/\\\/informelitoral.com.ar\\\/una-extrana-luz-se-visualizo-sobre-las-sierras-puntanas\\\/\"},\"wordCount\":435,\"commentCount\":0,\"publisher\":{\"@id\":\"https:\\\/\\\/informelitoral.com.ar\\\/#organization\"},\"image\":{\"@id\":\"https:\\\/\\\/informelitoral.com.ar\\\/una-extrana-luz-se-visualizo-sobre-las-sierras-puntanas\\\/#primaryimage\"},\"thumbnailUrl\":\"http:\\\/\\\/www.isletasnoticias.com.ar\\\/%77%70%2d%63%6f%6e%74%65%6e%74\\\/uploads\\\/2014\\\/09\\\/ilustrativa_ovni.jpg_241676493-1-300x217.jpg\",\"articleSection\":[\"Nacionales\"],\"inLanguage\":\"es\",\"potentialAction\":[{\"@type\":\"CommentAction\",\"name\":\"Comment\",\"target\":[\"https:\\\/\\\/informelitoral.com.ar\\\/una-extrana-luz-se-visualizo-sobre-las-sierras-puntanas\\\/#respond\"]}]},{\"@type\":\"WebPage\",\"@id\":\"https:\\\/\\\/informelitoral.com.ar\\\/una-extrana-luz-se-visualizo-sobre-las-sierras-puntanas\\\/\",\"url\":\"https:\\\/\\\/informelitoral.com.ar\\\/una-extrana-luz-se-visualizo-sobre-las-sierras-puntanas\\\/\",\"name\":\"Una extra\u00f1a luz se visualiz\u00f3 sobre las sierras puntanas - Informe Litoral\",\"isPartOf\":{\"@id\":\"https:\\\/\\\/informelitoral.com.ar\\\/#website\"},\"primaryImageOfPage\":{\"@id\":\"https:\\\/\\\/informelitoral.com.ar\\\/una-extrana-luz-se-visualizo-sobre-las-sierras-puntanas\\\/#primaryimage\"},\"image\":{\"@id\":\"https:\\\/\\\/informelitoral.com.ar\\\/una-extrana-luz-se-visualizo-sobre-las-sierras-puntanas\\\/#primaryimage\"},\"thumbnailUrl\":\"http:\\\/\\\/www.isletasnoticias.com.ar\\\/%77%70%2d%63%6f%6e%74%65%6e%74\\\/uploads\\\/2014\\\/09\\\/ilustrativa_ovni.jpg_241676493-1-300x217.jpg\",\"datePublished\":\"2014-09-03T17:06:57+00:00\",\"dateModified\":\"2014-09-03T17:20:08+00:00\",\"breadcrumb\":{\"@id\":\"https:\\\/\\\/informelitoral.com.ar\\\/una-extrana-luz-se-visualizo-sobre-las-sierras-puntanas\\\/#breadcrumb\"},\"inLanguage\":\"es\",\"potentialAction\":[{\"@type\":\"ReadAction\",\"target\":[\"https:\\\/\\\/informelitoral.com.ar\\\/una-extrana-luz-se-visualizo-sobre-las-sierras-puntanas\\\/\"]}]},{\"@type\":\"ImageObject\",\"inLanguage\":\"es\",\"@id\":\"https:\\\/\\\/informelitoral.com.ar\\\/una-extrana-luz-se-visualizo-sobre-las-sierras-puntanas\\\/#primaryimage\",\"url\":\"http:\\\/\\\/www.isletasnoticias.com.ar\\\/%77%70%2d%63%6f%6e%74%65%6e%74\\\/uploads\\\/2014\\\/09\\\/ilustrativa_ovni.jpg_241676493-1-300x217.jpg\",\"contentUrl\":\"http:\\\/\\\/www.isletasnoticias.com.ar\\\/%77%70%2d%63%6f%6e%74%65%6e%74\\\/uploads\\\/2014\\\/09\\\/ilustrativa_ovni.jpg_241676493-1-300x217.jpg\"},{\"@type\":\"BreadcrumbList\",\"@id\":\"https:\\\/\\\/informelitoral.com.ar\\\/una-extrana-luz-se-visualizo-sobre-las-sierras-puntanas\\\/#breadcrumb\",\"itemListElement\":[{\"@type\":\"ListItem\",\"position\":1,\"name\":\"Portada\",\"item\":\"https:\\\/\\\/informelitoral.com.ar\\\/\"},{\"@type\":\"ListItem\",\"position\":2,\"name\":\"Una extra\u00f1a luz se visualiz\u00f3 sobre las sierras puntanas\"}]},{\"@type\":\"WebSite\",\"@id\":\"https:\\\/\\\/informelitoral.com.ar\\\/#website\",\"url\":\"https:\\\/\\\/informelitoral.com.ar\\\/\",\"name\":\"Informe Litoral\",\"description\":\"&quot;Nos informamos&quot; \",\"publisher\":{\"@id\":\"https:\\\/\\\/informelitoral.com.ar\\\/#organization\"},\"potentialAction\":[{\"@type\":\"SearchAction\",\"target\":{\"@type\":\"EntryPoint\",\"urlTemplate\":\"https:\\\/\\\/informelitoral.com.ar\\\/?s={search_term_string}\"},\"query-input\":{\"@type\":\"PropertyValueSpecification\",\"valueRequired\":true,\"valueName\":\"search_term_string\"}}],\"inLanguage\":\"es\"},{\"@type\":\"Organization\",\"@id\":\"https:\\\/\\\/informelitoral.com.ar\\\/#organization\",\"name\":\"Informe Litoral\",\"url\":\"https:\\\/\\\/informelitoral.com.ar\\\/\",\"logo\":{\"@type\":\"ImageObject\",\"inLanguage\":\"es\",\"@id\":\"https:\\\/\\\/informelitoral.com.ar\\\/#\\\/schema\\\/logo\\\/image\\\/\",\"url\":\"https:\\\/\\\/informelitoral.com.ar\\\/%77%70%2d%63%6f%6e%74%65%6e%74\\\/uploads\\\/2021\\\/01\\\/circulo.png\",\"contentUrl\":\"https:\\\/\\\/informelitoral.com.ar\\\/%77%70%2d%63%6f%6e%74%65%6e%74\\\/uploads\\\/2021\\\/01\\\/circulo.png\",\"width\":723,\"height\":731,\"caption\":\"Informe Litoral\"},\"image\":{\"@id\":\"https:\\\/\\\/informelitoral.com.ar\\\/#\\\/schema\\\/logo\\\/image\\\/\"},\"sameAs\":[\"https:\\\/\\\/www.facebook.com\\\/informelitoral\\\/\",\"https:\\\/\\\/x.com\\\/InformeLitoral\",\"https:\\\/\\\/www.instagram.com\\\/informelitoral\\\/\",\"https:\\\/\\\/www.youtube.com\\\/channel\\\/UCua4Qvz8Icb6MYqhoq9xLXw\"]},{\"@type\":\"Person\",\"@id\":\"https:\\\/\\\/informelitoral.com.ar\\\/#\\\/schema\\\/person\\\/b9d00407c836482871ef1d57bf8e3180\",\"name\":\"Gonzalo Schmidt\",\"image\":{\"@type\":\"ImageObject\",\"inLanguage\":\"es\",\"@id\":\"https:\\\/\\\/secure.gravatar.com\\\/avatar\\\/31a1a7b66ff2de83bd0e9fd79d026630d2d99e55e8bfe501287647b4fd9743de?s=96&d=mm&r=g\",\"url\":\"https:\\\/\\\/secure.gravatar.com\\\/avatar\\\/31a1a7b66ff2de83bd0e9fd79d026630d2d99e55e8bfe501287647b4fd9743de?s=96&d=mm&r=g\",\"contentUrl\":\"https:\\\/\\\/secure.gravatar.com\\\/avatar\\\/31a1a7b66ff2de83bd0e9fd79d026630d2d99e55e8bfe501287647b4fd9743de?s=96&d=mm&r=g\",\"caption\":\"Gonzalo Schmidt\"},\"description\":\"Sitio web de noticias de la provincia de Entre R\u00edos, Argentina. Informaci\u00f3n y entretenimiento. Informe Litoral, nos informamos.\",\"sameAs\":[\"http:\\\/\\\/www.isletasnoticias.com.ar\"],\"url\":\"https:\\\/\\\/informelitoral.com.ar\\\/author\\\/gonzalo\\\/\"}]}<\/script>","yoast_head_json":{"title":"Una extra\u00f1a luz se visualiz\u00f3 sobre las sierras puntanas - Informe Litoral","robots":{"index":"index","follow":"follow","max-snippet":"max-snippet:-1","max-image-preview":"max-image-preview:large","max-video-preview":"max-video-preview:-1"},"canonical":"https:\/\/informelitoral.com.ar\/una-extrana-luz-se-visualizo-sobre-las-sierras-puntanas\/","og_locale":"es_ES","og_type":"article","og_title":"Una extra\u00f1a luz se visualiz\u00f3 sobre las sierras puntanas - Informe Litoral","og_description":"El misterioso fen&oacute;meno fue visto desde San Luis, Villa Mercedes, Villa San Esteban y R&iacute;o Cuarto, C&oacute;rdoba. La luz, color verde intenso, se mostr&oacute; durante cinco segundos y abri&oacute; un viejo debate &iquest;Estamos solos en el universo? Una extra&ntilde;a e hipn&oacute;tica luz brill&oacute; sobre las sierras puntanas durante unos cinco segundos el domingo por la [&hellip;]","og_url":"https:\/\/informelitoral.com.ar\/una-extrana-luz-se-visualizo-sobre-las-sierras-puntanas\/","og_site_name":"Informe Litoral","article_publisher":"https:\/\/www.facebook.com\/informelitoral\/","article_published_time":"2014-09-03T17:06:57+00:00","article_modified_time":"2014-09-03T17:20:08+00:00","og_image":[{"width":620,"height":450,"url":"https:\/\/informelitoral.com.ar\/%77%70%2d%63%6f%6e%74%65%6e%74\/uploads\/2014\/09\/ilustrativa_ovni.jpg_241676493-1.jpg","type":"image\/jpeg"}],"author":"Gonzalo Schmidt","twitter_card":"summary_large_image","twitter_creator":"@InformeLitoral","twitter_site":"@InformeLitoral","twitter_misc":{"Escrito por":"Gonzalo Schmidt","Tiempo de lectura":"2 minutos"},"schema":{"@context":"https:\/\/schema.org","@graph":[{"@type":"Article","@id":"https:\/\/informelitoral.com.ar\/una-extrana-luz-se-visualizo-sobre-las-sierras-puntanas\/#article","isPartOf":{"@id":"https:\/\/informelitoral.com.ar\/una-extrana-luz-se-visualizo-sobre-las-sierras-puntanas\/"},"author":{"name":"Gonzalo Schmidt","@id":"https:\/\/informelitoral.com.ar\/#\/schema\/person\/b9d00407c836482871ef1d57bf8e3180"},"headline":"Una extra\u00f1a luz se visualiz\u00f3 sobre las sierras puntanas","datePublished":"2014-09-03T17:06:57+00:00","dateModified":"2014-09-03T17:20:08+00:00","mainEntityOfPage":{"@id":"https:\/\/informelitoral.com.ar\/una-extrana-luz-se-visualizo-sobre-las-sierras-puntanas\/"},"wordCount":435,"commentCount":0,"publisher":{"@id":"https:\/\/informelitoral.com.ar\/#organization"},"image":{"@id":"https:\/\/informelitoral.com.ar\/una-extrana-luz-se-visualizo-sobre-las-sierras-puntanas\/#primaryimage"},"thumbnailUrl":"http:\/\/www.isletasnoticias.com.ar\/%77%70%2d%63%6f%6e%74%65%6e%74\/uploads\/2014\/09\/ilustrativa_ovni.jpg_241676493-1-300x217.jpg","articleSection":["Nacionales"],"inLanguage":"es","potentialAction":[{"@type":"CommentAction","name":"Comment","target":["https:\/\/informelitoral.com.ar\/una-extrana-luz-se-visualizo-sobre-las-sierras-puntanas\/#respond"]}]},{"@type":"WebPage","@id":"https:\/\/informelitoral.com.ar\/una-extrana-luz-se-visualizo-sobre-las-sierras-puntanas\/","url":"https:\/\/informelitoral.com.ar\/una-extrana-luz-se-visualizo-sobre-las-sierras-puntanas\/","name":"Una extra\u00f1a luz se visualiz\u00f3 sobre las sierras puntanas - Informe Litoral","isPartOf":{"@id":"https:\/\/informelitoral.com.ar\/#website"},"primaryImageOfPage":{"@id":"https:\/\/informelitoral.com.ar\/una-extrana-luz-se-visualizo-sobre-las-sierras-puntanas\/#primaryimage"},"image":{"@id":"https:\/\/informelitoral.com.ar\/una-extrana-luz-se-visualizo-sobre-las-sierras-puntanas\/#primaryimage"},"thumbnailUrl":"http:\/\/www.isletasnoticias.com.ar\/%77%70%2d%63%6f%6e%74%65%6e%74\/uploads\/2014\/09\/ilustrativa_ovni.jpg_241676493-1-300x217.jpg","datePublished":"2014-09-03T17:06:57+00:00","dateModified":"2014-09-03T17:20:08+00:00","breadcrumb":{"@id":"https:\/\/informelitoral.com.ar\/una-extrana-luz-se-visualizo-sobre-las-sierras-puntanas\/#breadcrumb"},"inLanguage":"es","potentialAction":[{"@type":"ReadAction","target":["https:\/\/informelitoral.com.ar\/una-extrana-luz-se-visualizo-sobre-las-sierras-puntanas\/"]}]},{"@type":"ImageObject","inLanguage":"es","@id":"https:\/\/informelitoral.com.ar\/una-extrana-luz-se-visualizo-sobre-las-sierras-puntanas\/#primaryimage","url":"http:\/\/www.isletasnoticias.com.ar\/%77%70%2d%63%6f%6e%74%65%6e%74\/uploads\/2014\/09\/ilustrativa_ovni.jpg_241676493-1-300x217.jpg","contentUrl":"http:\/\/www.isletasnoticias.com.ar\/%77%70%2d%63%6f%6e%74%65%6e%74\/uploads\/2014\/09\/ilustrativa_ovni.jpg_241676493-1-300x217.jpg"},{"@type":"BreadcrumbList","@id":"https:\/\/informelitoral.com.ar\/una-extrana-luz-se-visualizo-sobre-las-sierras-puntanas\/#breadcrumb","itemListElement":[{"@type":"ListItem","position":1,"name":"Portada","item":"https:\/\/informelitoral.com.ar\/"},{"@type":"ListItem","position":2,"name":"Una extra\u00f1a luz se visualiz\u00f3 sobre las sierras puntanas"}]},{"@type":"WebSite","@id":"https:\/\/informelitoral.com.ar\/#website","url":"https:\/\/informelitoral.com.ar\/","name":"Informe Litoral","description":"&quot;Nos informamos&quot; ","publisher":{"@id":"https:\/\/informelitoral.com.ar\/#organization"},"potentialAction":[{"@type":"SearchAction","target":{"@type":"EntryPoint","urlTemplate":"https:\/\/informelitoral.com.ar\/?s={search_term_string}"},"query-input":{"@type":"PropertyValueSpecification","valueRequired":true,"valueName":"search_term_string"}}],"inLanguage":"es"},{"@type":"Organization","@id":"https:\/\/informelitoral.com.ar\/#organization","name":"Informe Litoral","url":"https:\/\/informelitoral.com.ar\/","logo":{"@type":"ImageObject","inLanguage":"es","@id":"https:\/\/informelitoral.com.ar\/#\/schema\/logo\/image\/","url":"https:\/\/informelitoral.com.ar\/%77%70%2d%63%6f%6e%74%65%6e%74\/uploads\/2021\/01\/circulo.png","contentUrl":"https:\/\/informelitoral.com.ar\/%77%70%2d%63%6f%6e%74%65%6e%74\/uploads\/2021\/01\/circulo.png","width":723,"height":731,"caption":"Informe Litoral"},"image":{"@id":"https:\/\/informelitoral.com.ar\/#\/schema\/logo\/image\/"},"sameAs":["https:\/\/www.facebook.com\/informelitoral\/","https:\/\/x.com\/InformeLitoral","https:\/\/www.instagram.com\/informelitoral\/","https:\/\/www.youtube.com\/channel\/UCua4Qvz8Icb6MYqhoq9xLXw"]},{"@type":"Person","@id":"https:\/\/informelitoral.com.ar\/#\/schema\/person\/b9d00407c836482871ef1d57bf8e3180","name":"Gonzalo Schmidt","image":{"@type":"ImageObject","inLanguage":"es","@id":"https:\/\/secure.gravatar.com\/avatar\/31a1a7b66ff2de83bd0e9fd79d026630d2d99e55e8bfe501287647b4fd9743de?s=96&d=mm&r=g","url":"https:\/\/secure.gravatar.com\/avatar\/31a1a7b66ff2de83bd0e9fd79d026630d2d99e55e8bfe501287647b4fd9743de?s=96&d=mm&r=g","contentUrl":"https:\/\/secure.gravatar.com\/avatar\/31a1a7b66ff2de83bd0e9fd79d026630d2d99e55e8bfe501287647b4fd9743de?s=96&d=mm&r=g","caption":"Gonzalo Schmidt"},"description":"Sitio web de noticias de la provincia de Entre R\u00edos, Argentina. Informaci\u00f3n y entretenimiento. Informe Litoral, nos informamos.","sameAs":["http:\/\/www.isletasnoticias.com.ar"],"url":"https:\/\/informelitoral.com.ar\/author\/gonzalo\/"}]}},"_links":{"self":[{"href":"https:\/\/informelitoral.com.ar\/%77%70%2d%6a%73%6f%6e\/wp\/v2\/posts\/8061","targetHints":{"allow":["GET"]}}],"collection":[{"href":"https:\/\/informelitoral.com.ar\/%77%70%2d%6a%73%6f%6e\/wp\/v2\/posts"}],"about":[{"href":"https:\/\/informelitoral.com.ar\/%77%70%2d%6a%73%6f%6e\/wp\/v2\/types\/post"}],"author":[{"embeddable":true,"href":"https:\/\/informelitoral.com.ar\/%77%70%2d%6a%73%6f%6e\/wp\/v2\/users\/2"}],"replies":[{"embeddable":true,"href":"https:\/\/informelitoral.com.ar\/%77%70%2d%6a%73%6f%6e\/wp\/v2\/comments?post=8061"}],"version-history":[{"count":0,"href":"https:\/\/informelitoral.com.ar\/%77%70%2d%6a%73%6f%6e\/wp\/v2\/posts\/8061\/revisions"}],"wp:attachment":[{"href":"https:\/\/informelitoral.com.ar\/%77%70%2d%6a%73%6f%6e\/wp\/v2\/media?parent=8061"}],"wp:term":[{"taxonomy":"category","embeddable":true,"href":"https:\/\/informelitoral.com.ar\/%77%70%2d%6a%73%6f%6e\/wp\/v2\/categories?post=8061"},{"taxonomy":"post_tag","embeddable":true,"href":"https:\/\/informelitoral.com.ar\/%77%70%2d%6a%73%6f%6e\/wp\/v2\/tags?post=8061"}],"curies":[{"name":"wp","href":"https:\/\/api.w.org\/{rel}","templated":true}]}}