{"id":8058,"date":"2014-09-02T00:34:38","date_gmt":"2014-09-02T03:34:38","guid":{"rendered":"http:\/\/www.isletasnoticias.com.ar\/?p=8058"},"modified":"2014-09-02T00:34:38","modified_gmt":"2014-09-02T03:34:38","slug":"se-desarrolla-en-parana-el-congreso-argentino-de-periodistas-agropecuarios","status":"publish","type":"post","link":"https:\/\/informelitoral.com.ar\/se-desarrolla-en-parana-el-congreso-argentino-de-periodistas-agropecuarios\/","title":{"rendered":"Se desarrolla en Paran\u00e1 el Congreso Argentino de Periodistas Agropecuarios"},"content":{"rendered":"<p><strong>En el Sal\u00f3n Auditorio del Centro Mari\u00e1polis de Paran\u00e1 (Entre R\u00edos), se desarrolla el Congreso Argentino de Periodistas Agropecuarios, realizado en forma conjunta por la AEPA y CAPA.\u00a0El evento re\u00fane a m\u00e1s de 100 colegas de las provincias de Buenos Aires, Santa Fe, C\u00f3rdoba, Entre R\u00edos, Tucum\u00e1n, Misiones, Corrientes, Salta, R\u00edo Negro y de la Capital Federal.\u00a0<a href=\"http:\/\/www.isletasnoticias.com.ar\/%77%70%2d%63%6f%6e%74%65%6e%74\/uploads\/2014\/09\/DSC_3088.jpg\"><img loading=\"lazy\" decoding=\"async\" class=\"aligncenter size-medium wp-image-8059\" src=\"http:\/\/www.isletasnoticias.com.ar\/%77%70%2d%63%6f%6e%74%65%6e%74\/uploads\/2014\/09\/DSC_3088-300x199.jpg\" alt=\"DSC_3088\" width=\"300\" height=\"199\" srcset=\"https:\/\/informelitoral.com.ar\/%77%70%2d%63%6f%6e%74%65%6e%74\/uploads\/2014\/09\/DSC_3088-300x199.jpg 300w, https:\/\/informelitoral.com.ar\/%77%70%2d%63%6f%6e%74%65%6e%74\/uploads\/2014\/09\/DSC_3088.jpg 640w\" sizes=\"auto, (max-width: 300px) 100vw, 300px\" \/><\/a><\/strong><\/p>\n<p><span style=\"color: #4c4c4c;\">Miguel Ruberto, Presidente de Asociaci\u00f3n Entrerriana de Periodistas Agropecuarias (AEPA), abri\u00f3 el congreso agradeciendo la participaci\u00f3n de los colegas que se hicieron presentes en este encuentro en un d\u00eda especial: el D\u00eda del Periodista Agropecuario. Al mismo tiempo, siendo anfitri\u00f3n, expres\u00f3: \u201cEstamos muy contentos de recibirlos y esperamos que puedan disfrutar de estos dos d\u00edas en Paran\u00e1\u201d. Luego, Adalberto Rossi, Presidente del Circulo Argentino de Periodistas Agrarios (CAPA), destac\u00f3 la importancia de este evento y afirm\u00f3: \u201cHagamos de este congreso un evento inolvidable\u201d.\u00a0<\/span><br style=\"color: #4c4c4c;\" \/><br style=\"color: #4c4c4c;\" \/><span style=\"color: #4c4c4c;\">Este encuentro se est\u00e1 realizando por primera vez en la historia en Entre R\u00edos con el objetivo de profundizar los conocimientos de las cadenas agroalimentarias, sus pr\u00e1cticas profesionales, observar la cultura regional y a su gente. A lo largo de estas dos jornadas, se realizan debates sobre temas de actualidad, talleres de capacitaci\u00f3n, tours productivos y un c\u00f3ctel para conmemorar el D\u00eda del Periodista Agropecuario en el que participar\u00e1n representantes oficiales, empresarios, sindicales e institucionales.\u00a0<\/span><br style=\"color: #4c4c4c;\" \/><br style=\"color: #4c4c4c;\" \/><span style=\"color: #4c4c4c;\">Asimismo, la idea es generar v\u00ednculo con todos los periodistas del pa\u00eds para poder intercambiar opiniones con el objetivo de fortalecer el CAPA.\u00a0<\/span><\/p>\n","protected":false},"excerpt":{"rendered":"<p>En el Sal&oacute;n Auditorio del Centro Mari&aacute;polis de Paran&aacute; (Entre R&iacute;os), se desarrolla el Congreso Argentino de Periodistas Agropecuarios, realizado en forma conjunta por la AEPA y CAPA.&nbsp;El evento re&uacute;ne a m&aacute;s de 100 colegas de las provincias de Buenos Aires, Santa Fe, C&oacute;rdoba, Entre R&iacute;os, Tucum&aacute;n, Misiones, Corrientes, Salta, R&iacute;o Negro y de la [&hellip;]<\/p>\n","protected":false},"author":2,"featured_media":0,"comment_status":"open","ping_status":"open","sticky":false,"template":"","format":"standard","meta":{"fifu_image_url":"","fifu_image_alt":"","footnotes":""},"categories":[6],"tags":[],"class_list":{"0":"post-8058","1":"post","2":"type-post","3":"status-publish","4":"format-standard","6":"category-entre-rios"},"yoast_head":"<title>Se desarrolla en Paran\u00e1 el Congreso Argentino de Periodistas Agropecuarios - Informe Litoral<\/title>\n<meta name=\"robots\" content=\"index, follow, max-snippet:-1, max-image-preview:large, max-video-preview:-1\" \/>\n<link rel=\"canonical\" href=\"https:\/\/informelitoral.com.ar\/se-desarrolla-en-parana-el-congreso-argentino-de-periodistas-agropecuarios\/\" \/>\n<meta property=\"og:locale\" content=\"es_ES\" \/>\n<meta property=\"og:type\" content=\"article\" \/>\n<meta property=\"og:title\" content=\"Se desarrolla en Paran\u00e1 el Congreso Argentino de Periodistas Agropecuarios - Informe Litoral\" \/>\n<meta property=\"og:description\" content=\"En el Sal&oacute;n Auditorio del Centro Mari&aacute;polis de Paran&aacute; (Entre R&iacute;os), se desarrolla el Congreso Argentino de Periodistas Agropecuarios, realizado en forma conjunta por la AEPA y CAPA.&nbsp;El evento re&uacute;ne a m&aacute;s de 100 colegas de las provincias de Buenos Aires, Santa Fe, C&oacute;rdoba, Entre R&iacute;os, Tucum&aacute;n, Misiones, Corrientes, Salta, R&iacute;o Negro y de la [&hellip;]\" \/>\n<meta property=\"og:url\" content=\"https:\/\/informelitoral.com.ar\/se-desarrolla-en-parana-el-congreso-argentino-de-periodistas-agropecuarios\/\" \/>\n<meta property=\"og:site_name\" content=\"Informe Litoral\" \/>\n<meta property=\"article:publisher\" content=\"https:\/\/www.facebook.com\/informelitoral\/\" \/>\n<meta property=\"article:published_time\" content=\"2014-09-02T03:34:38+00:00\" \/>\n<meta property=\"og:image\" content=\"https:\/\/informelitoral.com.ar\/%77%70%2d%63%6f%6e%74%65%6e%74\/uploads\/2014\/09\/DSC_3088.jpg\" \/>\n\t<meta property=\"og:image:width\" content=\"640\" \/>\n\t<meta property=\"og:image:height\" content=\"425\" \/>\n\t<meta property=\"og:image:type\" content=\"image\/jpeg\" \/>\n<meta name=\"author\" content=\"Gonzalo Schmidt\" \/>\n<meta name=\"twitter:card\" content=\"summary_large_image\" \/>\n<meta name=\"twitter:creator\" content=\"@InformeLitoral\" \/>\n<meta name=\"twitter:site\" content=\"@InformeLitoral\" \/>\n<meta name=\"twitter:label1\" content=\"Escrito por\" \/>\n\t<meta name=\"twitter:data1\" content=\"Gonzalo Schmidt\" \/>\n\t<meta name=\"twitter:label2\" content=\"Tiempo de lectura\" \/>\n\t<meta name=\"twitter:data2\" content=\"1 minuto\" \/>\n<script type=\"application\/ld+json\" class=\"yoast-schema-graph\">{\"@context\":\"https:\\\/\\\/schema.org\",\"@graph\":[{\"@type\":\"Article\",\"@id\":\"https:\\\/\\\/informelitoral.com.ar\\\/se-desarrolla-en-parana-el-congreso-argentino-de-periodistas-agropecuarios\\\/#article\",\"isPartOf\":{\"@id\":\"https:\\\/\\\/informelitoral.com.ar\\\/se-desarrolla-en-parana-el-congreso-argentino-de-periodistas-agropecuarios\\\/\"},\"author\":{\"name\":\"Gonzalo Schmidt\",\"@id\":\"https:\\\/\\\/informelitoral.com.ar\\\/#\\\/schema\\\/person\\\/b9d00407c836482871ef1d57bf8e3180\"},\"headline\":\"Se desarrolla en Paran\u00e1 el Congreso Argentino de Periodistas Agropecuarios\",\"datePublished\":\"2014-09-02T03:34:38+00:00\",\"mainEntityOfPage\":{\"@id\":\"https:\\\/\\\/informelitoral.com.ar\\\/se-desarrolla-en-parana-el-congreso-argentino-de-periodistas-agropecuarios\\\/\"},\"wordCount\":271,\"commentCount\":0,\"publisher\":{\"@id\":\"https:\\\/\\\/informelitoral.com.ar\\\/#organization\"},\"image\":{\"@id\":\"https:\\\/\\\/informelitoral.com.ar\\\/se-desarrolla-en-parana-el-congreso-argentino-de-periodistas-agropecuarios\\\/#primaryimage\"},\"thumbnailUrl\":\"http:\\\/\\\/www.isletasnoticias.com.ar\\\/%77%70%2d%63%6f%6e%74%65%6e%74\\\/uploads\\\/2014\\\/09\\\/DSC_3088-300x199.jpg\",\"articleSection\":[\"Entre R\u00edos\"],\"inLanguage\":\"es\",\"potentialAction\":[{\"@type\":\"CommentAction\",\"name\":\"Comment\",\"target\":[\"https:\\\/\\\/informelitoral.com.ar\\\/se-desarrolla-en-parana-el-congreso-argentino-de-periodistas-agropecuarios\\\/#respond\"]}]},{\"@type\":\"WebPage\",\"@id\":\"https:\\\/\\\/informelitoral.com.ar\\\/se-desarrolla-en-parana-el-congreso-argentino-de-periodistas-agropecuarios\\\/\",\"url\":\"https:\\\/\\\/informelitoral.com.ar\\\/se-desarrolla-en-parana-el-congreso-argentino-de-periodistas-agropecuarios\\\/\",\"name\":\"Se desarrolla en Paran\u00e1 el Congreso Argentino de Periodistas Agropecuarios - Informe Litoral\",\"isPartOf\":{\"@id\":\"https:\\\/\\\/informelitoral.com.ar\\\/#website\"},\"primaryImageOfPage\":{\"@id\":\"https:\\\/\\\/informelitoral.com.ar\\\/se-desarrolla-en-parana-el-congreso-argentino-de-periodistas-agropecuarios\\\/#primaryimage\"},\"image\":{\"@id\":\"https:\\\/\\\/informelitoral.com.ar\\\/se-desarrolla-en-parana-el-congreso-argentino-de-periodistas-agropecuarios\\\/#primaryimage\"},\"thumbnailUrl\":\"http:\\\/\\\/www.isletasnoticias.com.ar\\\/%77%70%2d%63%6f%6e%74%65%6e%74\\\/uploads\\\/2014\\\/09\\\/DSC_3088-300x199.jpg\",\"datePublished\":\"2014-09-02T03:34:38+00:00\",\"breadcrumb\":{\"@id\":\"https:\\\/\\\/informelitoral.com.ar\\\/se-desarrolla-en-parana-el-congreso-argentino-de-periodistas-agropecuarios\\\/#breadcrumb\"},\"inLanguage\":\"es\",\"potentialAction\":[{\"@type\":\"ReadAction\",\"target\":[\"https:\\\/\\\/informelitoral.com.ar\\\/se-desarrolla-en-parana-el-congreso-argentino-de-periodistas-agropecuarios\\\/\"]}]},{\"@type\":\"ImageObject\",\"inLanguage\":\"es\",\"@id\":\"https:\\\/\\\/informelitoral.com.ar\\\/se-desarrolla-en-parana-el-congreso-argentino-de-periodistas-agropecuarios\\\/#primaryimage\",\"url\":\"http:\\\/\\\/www.isletasnoticias.com.ar\\\/%77%70%2d%63%6f%6e%74%65%6e%74\\\/uploads\\\/2014\\\/09\\\/DSC_3088-300x199.jpg\",\"contentUrl\":\"http:\\\/\\\/www.isletasnoticias.com.ar\\\/%77%70%2d%63%6f%6e%74%65%6e%74\\\/uploads\\\/2014\\\/09\\\/DSC_3088-300x199.jpg\"},{\"@type\":\"BreadcrumbList\",\"@id\":\"https:\\\/\\\/informelitoral.com.ar\\\/se-desarrolla-en-parana-el-congreso-argentino-de-periodistas-agropecuarios\\\/#breadcrumb\",\"itemListElement\":[{\"@type\":\"ListItem\",\"position\":1,\"name\":\"Portada\",\"item\":\"https:\\\/\\\/informelitoral.com.ar\\\/\"},{\"@type\":\"ListItem\",\"position\":2,\"name\":\"Se desarrolla en Paran\u00e1 el Congreso Argentino de Periodistas Agropecuarios\"}]},{\"@type\":\"WebSite\",\"@id\":\"https:\\\/\\\/informelitoral.com.ar\\\/#website\",\"url\":\"https:\\\/\\\/informelitoral.com.ar\\\/\",\"name\":\"Informe Litoral\",\"description\":\"&quot;Nos informamos&quot; \",\"publisher\":{\"@id\":\"https:\\\/\\\/informelitoral.com.ar\\\/#organization\"},\"potentialAction\":[{\"@type\":\"SearchAction\",\"target\":{\"@type\":\"EntryPoint\",\"urlTemplate\":\"https:\\\/\\\/informelitoral.com.ar\\\/?s={search_term_string}\"},\"query-input\":{\"@type\":\"PropertyValueSpecification\",\"valueRequired\":true,\"valueName\":\"search_term_string\"}}],\"inLanguage\":\"es\"},{\"@type\":\"Organization\",\"@id\":\"https:\\\/\\\/informelitoral.com.ar\\\/#organization\",\"name\":\"Informe Litoral\",\"url\":\"https:\\\/\\\/informelitoral.com.ar\\\/\",\"logo\":{\"@type\":\"ImageObject\",\"inLanguage\":\"es\",\"@id\":\"https:\\\/\\\/informelitoral.com.ar\\\/#\\\/schema\\\/logo\\\/image\\\/\",\"url\":\"https:\\\/\\\/informelitoral.com.ar\\\/%77%70%2d%63%6f%6e%74%65%6e%74\\\/uploads\\\/2021\\\/01\\\/circulo.png\",\"contentUrl\":\"https:\\\/\\\/informelitoral.com.ar\\\/%77%70%2d%63%6f%6e%74%65%6e%74\\\/uploads\\\/2021\\\/01\\\/circulo.png\",\"width\":723,\"height\":731,\"caption\":\"Informe Litoral\"},\"image\":{\"@id\":\"https:\\\/\\\/informelitoral.com.ar\\\/#\\\/schema\\\/logo\\\/image\\\/\"},\"sameAs\":[\"https:\\\/\\\/www.facebook.com\\\/informelitoral\\\/\",\"https:\\\/\\\/x.com\\\/InformeLitoral\",\"https:\\\/\\\/www.instagram.com\\\/informelitoral\\\/\",\"https:\\\/\\\/www.youtube.com\\\/channel\\\/UCua4Qvz8Icb6MYqhoq9xLXw\"]},{\"@type\":\"Person\",\"@id\":\"https:\\\/\\\/informelitoral.com.ar\\\/#\\\/schema\\\/person\\\/b9d00407c836482871ef1d57bf8e3180\",\"name\":\"Gonzalo Schmidt\",\"image\":{\"@type\":\"ImageObject\",\"inLanguage\":\"es\",\"@id\":\"https:\\\/\\\/secure.gravatar.com\\\/avatar\\\/31a1a7b66ff2de83bd0e9fd79d026630d2d99e55e8bfe501287647b4fd9743de?s=96&d=mm&r=g\",\"url\":\"https:\\\/\\\/secure.gravatar.com\\\/avatar\\\/31a1a7b66ff2de83bd0e9fd79d026630d2d99e55e8bfe501287647b4fd9743de?s=96&d=mm&r=g\",\"contentUrl\":\"https:\\\/\\\/secure.gravatar.com\\\/avatar\\\/31a1a7b66ff2de83bd0e9fd79d026630d2d99e55e8bfe501287647b4fd9743de?s=96&d=mm&r=g\",\"caption\":\"Gonzalo Schmidt\"},\"description\":\"Sitio web de noticias de la provincia de Entre R\u00edos, Argentina. Informaci\u00f3n y entretenimiento. Informe Litoral, nos informamos.\",\"sameAs\":[\"http:\\\/\\\/www.isletasnoticias.com.ar\"],\"url\":\"https:\\\/\\\/informelitoral.com.ar\\\/author\\\/gonzalo\\\/\"}]}<\/script>","yoast_head_json":{"title":"Se desarrolla en Paran\u00e1 el Congreso Argentino de Periodistas Agropecuarios - Informe Litoral","robots":{"index":"index","follow":"follow","max-snippet":"max-snippet:-1","max-image-preview":"max-image-preview:large","max-video-preview":"max-video-preview:-1"},"canonical":"https:\/\/informelitoral.com.ar\/se-desarrolla-en-parana-el-congreso-argentino-de-periodistas-agropecuarios\/","og_locale":"es_ES","og_type":"article","og_title":"Se desarrolla en Paran\u00e1 el Congreso Argentino de Periodistas Agropecuarios - Informe Litoral","og_description":"En el Sal&oacute;n Auditorio del Centro Mari&aacute;polis de Paran&aacute; (Entre R&iacute;os), se desarrolla el Congreso Argentino de Periodistas Agropecuarios, realizado en forma conjunta por la AEPA y CAPA.&nbsp;El evento re&uacute;ne a m&aacute;s de 100 colegas de las provincias de Buenos Aires, Santa Fe, C&oacute;rdoba, Entre R&iacute;os, Tucum&aacute;n, Misiones, Corrientes, Salta, R&iacute;o Negro y de la [&hellip;]","og_url":"https:\/\/informelitoral.com.ar\/se-desarrolla-en-parana-el-congreso-argentino-de-periodistas-agropecuarios\/","og_site_name":"Informe Litoral","article_publisher":"https:\/\/www.facebook.com\/informelitoral\/","article_published_time":"2014-09-02T03:34:38+00:00","og_image":[{"width":640,"height":425,"url":"https:\/\/informelitoral.com.ar\/%77%70%2d%63%6f%6e%74%65%6e%74\/uploads\/2014\/09\/DSC_3088.jpg","type":"image\/jpeg"}],"author":"Gonzalo Schmidt","twitter_card":"summary_large_image","twitter_creator":"@InformeLitoral","twitter_site":"@InformeLitoral","twitter_misc":{"Escrito por":"Gonzalo Schmidt","Tiempo de lectura":"1 minuto"},"schema":{"@context":"https:\/\/schema.org","@graph":[{"@type":"Article","@id":"https:\/\/informelitoral.com.ar\/se-desarrolla-en-parana-el-congreso-argentino-de-periodistas-agropecuarios\/#article","isPartOf":{"@id":"https:\/\/informelitoral.com.ar\/se-desarrolla-en-parana-el-congreso-argentino-de-periodistas-agropecuarios\/"},"author":{"name":"Gonzalo Schmidt","@id":"https:\/\/informelitoral.com.ar\/#\/schema\/person\/b9d00407c836482871ef1d57bf8e3180"},"headline":"Se desarrolla en Paran\u00e1 el Congreso Argentino de Periodistas Agropecuarios","datePublished":"2014-09-02T03:34:38+00:00","mainEntityOfPage":{"@id":"https:\/\/informelitoral.com.ar\/se-desarrolla-en-parana-el-congreso-argentino-de-periodistas-agropecuarios\/"},"wordCount":271,"commentCount":0,"publisher":{"@id":"https:\/\/informelitoral.com.ar\/#organization"},"image":{"@id":"https:\/\/informelitoral.com.ar\/se-desarrolla-en-parana-el-congreso-argentino-de-periodistas-agropecuarios\/#primaryimage"},"thumbnailUrl":"http:\/\/www.isletasnoticias.com.ar\/%77%70%2d%63%6f%6e%74%65%6e%74\/uploads\/2014\/09\/DSC_3088-300x199.jpg","articleSection":["Entre R\u00edos"],"inLanguage":"es","potentialAction":[{"@type":"CommentAction","name":"Comment","target":["https:\/\/informelitoral.com.ar\/se-desarrolla-en-parana-el-congreso-argentino-de-periodistas-agropecuarios\/#respond"]}]},{"@type":"WebPage","@id":"https:\/\/informelitoral.com.ar\/se-desarrolla-en-parana-el-congreso-argentino-de-periodistas-agropecuarios\/","url":"https:\/\/informelitoral.com.ar\/se-desarrolla-en-parana-el-congreso-argentino-de-periodistas-agropecuarios\/","name":"Se desarrolla en Paran\u00e1 el Congreso Argentino de Periodistas Agropecuarios - Informe Litoral","isPartOf":{"@id":"https:\/\/informelitoral.com.ar\/#website"},"primaryImageOfPage":{"@id":"https:\/\/informelitoral.com.ar\/se-desarrolla-en-parana-el-congreso-argentino-de-periodistas-agropecuarios\/#primaryimage"},"image":{"@id":"https:\/\/informelitoral.com.ar\/se-desarrolla-en-parana-el-congreso-argentino-de-periodistas-agropecuarios\/#primaryimage"},"thumbnailUrl":"http:\/\/www.isletasnoticias.com.ar\/%77%70%2d%63%6f%6e%74%65%6e%74\/uploads\/2014\/09\/DSC_3088-300x199.jpg","datePublished":"2014-09-02T03:34:38+00:00","breadcrumb":{"@id":"https:\/\/informelitoral.com.ar\/se-desarrolla-en-parana-el-congreso-argentino-de-periodistas-agropecuarios\/#breadcrumb"},"inLanguage":"es","potentialAction":[{"@type":"ReadAction","target":["https:\/\/informelitoral.com.ar\/se-desarrolla-en-parana-el-congreso-argentino-de-periodistas-agropecuarios\/"]}]},{"@type":"ImageObject","inLanguage":"es","@id":"https:\/\/informelitoral.com.ar\/se-desarrolla-en-parana-el-congreso-argentino-de-periodistas-agropecuarios\/#primaryimage","url":"http:\/\/www.isletasnoticias.com.ar\/%77%70%2d%63%6f%6e%74%65%6e%74\/uploads\/2014\/09\/DSC_3088-300x199.jpg","contentUrl":"http:\/\/www.isletasnoticias.com.ar\/%77%70%2d%63%6f%6e%74%65%6e%74\/uploads\/2014\/09\/DSC_3088-300x199.jpg"},{"@type":"BreadcrumbList","@id":"https:\/\/informelitoral.com.ar\/se-desarrolla-en-parana-el-congreso-argentino-de-periodistas-agropecuarios\/#breadcrumb","itemListElement":[{"@type":"ListItem","position":1,"name":"Portada","item":"https:\/\/informelitoral.com.ar\/"},{"@type":"ListItem","position":2,"name":"Se desarrolla en Paran\u00e1 el Congreso Argentino de Periodistas Agropecuarios"}]},{"@type":"WebSite","@id":"https:\/\/informelitoral.com.ar\/#website","url":"https:\/\/informelitoral.com.ar\/","name":"Informe Litoral","description":"&quot;Nos informamos&quot; ","publisher":{"@id":"https:\/\/informelitoral.com.ar\/#organization"},"potentialAction":[{"@type":"SearchAction","target":{"@type":"EntryPoint","urlTemplate":"https:\/\/informelitoral.com.ar\/?s={search_term_string}"},"query-input":{"@type":"PropertyValueSpecification","valueRequired":true,"valueName":"search_term_string"}}],"inLanguage":"es"},{"@type":"Organization","@id":"https:\/\/informelitoral.com.ar\/#organization","name":"Informe Litoral","url":"https:\/\/informelitoral.com.ar\/","logo":{"@type":"ImageObject","inLanguage":"es","@id":"https:\/\/informelitoral.com.ar\/#\/schema\/logo\/image\/","url":"https:\/\/informelitoral.com.ar\/%77%70%2d%63%6f%6e%74%65%6e%74\/uploads\/2021\/01\/circulo.png","contentUrl":"https:\/\/informelitoral.com.ar\/%77%70%2d%63%6f%6e%74%65%6e%74\/uploads\/2021\/01\/circulo.png","width":723,"height":731,"caption":"Informe Litoral"},"image":{"@id":"https:\/\/informelitoral.com.ar\/#\/schema\/logo\/image\/"},"sameAs":["https:\/\/www.facebook.com\/informelitoral\/","https:\/\/x.com\/InformeLitoral","https:\/\/www.instagram.com\/informelitoral\/","https:\/\/www.youtube.com\/channel\/UCua4Qvz8Icb6MYqhoq9xLXw"]},{"@type":"Person","@id":"https:\/\/informelitoral.com.ar\/#\/schema\/person\/b9d00407c836482871ef1d57bf8e3180","name":"Gonzalo Schmidt","image":{"@type":"ImageObject","inLanguage":"es","@id":"https:\/\/secure.gravatar.com\/avatar\/31a1a7b66ff2de83bd0e9fd79d026630d2d99e55e8bfe501287647b4fd9743de?s=96&d=mm&r=g","url":"https:\/\/secure.gravatar.com\/avatar\/31a1a7b66ff2de83bd0e9fd79d026630d2d99e55e8bfe501287647b4fd9743de?s=96&d=mm&r=g","contentUrl":"https:\/\/secure.gravatar.com\/avatar\/31a1a7b66ff2de83bd0e9fd79d026630d2d99e55e8bfe501287647b4fd9743de?s=96&d=mm&r=g","caption":"Gonzalo Schmidt"},"description":"Sitio web de noticias de la provincia de Entre R\u00edos, Argentina. Informaci\u00f3n y entretenimiento. Informe Litoral, nos informamos.","sameAs":["http:\/\/www.isletasnoticias.com.ar"],"url":"https:\/\/informelitoral.com.ar\/author\/gonzalo\/"}]}},"_links":{"self":[{"href":"https:\/\/informelitoral.com.ar\/%77%70%2d%6a%73%6f%6e\/wp\/v2\/posts\/8058","targetHints":{"allow":["GET"]}}],"collection":[{"href":"https:\/\/informelitoral.com.ar\/%77%70%2d%6a%73%6f%6e\/wp\/v2\/posts"}],"about":[{"href":"https:\/\/informelitoral.com.ar\/%77%70%2d%6a%73%6f%6e\/wp\/v2\/types\/post"}],"author":[{"embeddable":true,"href":"https:\/\/informelitoral.com.ar\/%77%70%2d%6a%73%6f%6e\/wp\/v2\/users\/2"}],"replies":[{"embeddable":true,"href":"https:\/\/informelitoral.com.ar\/%77%70%2d%6a%73%6f%6e\/wp\/v2\/comments?post=8058"}],"version-history":[{"count":0,"href":"https:\/\/informelitoral.com.ar\/%77%70%2d%6a%73%6f%6e\/wp\/v2\/posts\/8058\/revisions"}],"wp:attachment":[{"href":"https:\/\/informelitoral.com.ar\/%77%70%2d%6a%73%6f%6e\/wp\/v2\/media?parent=8058"}],"wp:term":[{"taxonomy":"category","embeddable":true,"href":"https:\/\/informelitoral.com.ar\/%77%70%2d%6a%73%6f%6e\/wp\/v2\/categories?post=8058"},{"taxonomy":"post_tag","embeddable":true,"href":"https:\/\/informelitoral.com.ar\/%77%70%2d%6a%73%6f%6e\/wp\/v2\/tags?post=8058"}],"curies":[{"name":"wp","href":"https:\/\/api.w.org\/{rel}","templated":true}]}}