{"id":80437,"date":"2022-06-27T07:50:13","date_gmt":"2022-06-27T10:50:13","guid":{"rendered":"https:\/\/www.informelitoral.com.ar\/?p=80437"},"modified":"2022-06-27T08:34:09","modified_gmt":"2022-06-27T11:34:09","slug":"la-provincia-de-entre-rios-lanzo-el-programa-que-impulsa-la-produccion-agropecuaria-sustentable","status":"publish","type":"post","link":"https:\/\/informelitoral.com.ar\/la-provincia-de-entre-rios-lanzo-el-programa-que-impulsa-la-produccion-agropecuaria-sustentable\/","title":{"rendered":"La provincia de Entre R\u00edos lanz\u00f3 el programa que impulsa la producci\u00f3n agropecuaria sustentable"},"content":{"rendered":"<p>En rigor, reconoce a los productores que, mediante la adhesi\u00f3n voluntaria, desarrollen pr\u00e1cticas productivas que respondan a un protocolo de calidad especialmente dise\u00f1ado.<\/p>\n<p>El gobernador Gustavo Bordet firm\u00f3 el decreto n\u00famero 1677\/22 MP que crea este programa que resulta de una labor meticulosa entre especialistas del gobierno provincial y representantes del sector productivo, y cuenta con el respaldo y aprobaci\u00f3n de 30 instituciones que conforman la mesa de Buenas Pr\u00e1cticas Agr\u00edcolas (BPA) de Entre R\u00edos.<\/p>\n<p>En el marco de la reuni\u00f3n plenaria realizada por la mesa BPA Entre R\u00edos, se dio a conocer la aprobaci\u00f3n oficial del PASE y se avanz\u00f3 sobre el trabajo de operatividad de dicho programa que se ejecutar\u00e1 de manera digital. La presentaci\u00f3n se concret\u00f3 hoy en el Centro Provincial de Convenciones de Paran\u00e1 ante las autoridades del conjunto de instituciones cient\u00edficas, acad\u00e9micas, gremiales y cooperativas de Entre R\u00edos. En ese marco el ministro de Producci\u00f3n, Juan Jos\u00e9 Bahillo, especific\u00f3: \u201cMe enorgullece concretar otra pol\u00edtica p\u00fablica surgida de la agenda com\u00fan que llevamos con las organizaciones sectoriales. Pusimos en marcha una nueva palanca de desarrollo que genera equidad y confianza en el sector productivo y en la comunidad\u201d.<\/p>\n<p>El jefe de la cartera productiva subray\u00f3 que \u201cel PASE expresa una construcci\u00f3n colectiva de todo el sector que participa de la mesa de BPA. Para nosotros es un programa transversal a cada una de las l\u00edneas de pol\u00edtica agropecuaria que hemos venido trabajando desde el Ministerio, porque est\u00e1 vinculado tambi\u00e9n al Plan de Desarrollo Ganadero Entrerriano, al de buenas pr\u00e1cticas frutihort\u00edcolas y a la aplicaci\u00f3n de fitosanitarios entre otros temas centrales\u201d.<\/p>\n<p>En tanto, el secretario de Agricultura y Ganader\u00eda, Lucio Amavet, sentenci\u00f3: \u201cCon el transitar del programa ir\u00e1n surgiendo diversas cuestiones a mejorar, incorporando ajustes que ser\u00e1n necesarios; pero tenemos la intenci\u00f3n presentarlo m\u00e1s adelante ante la legislatura y buscar que este programa sea ratificado por una ley que independientemente de las gestiones quede como una pol\u00edtica de Estado\u201d.<\/p>\n<p>La secretaria de Ambiente, Daniela Garc\u00eda, puso en valor la integraci\u00f3n: \u201cLa mirada p\u00fablica est\u00e1 en las cuestiones ambientales; la interpelaci\u00f3n es sostenida y debemos expresar con claridad que el camino para hacer las cosas bien es producir conservando. Es un deber que tenemos asumido y este programa PASE lo expresa\u201d.<\/p>\n<p>Entre las fundamentaciones del PASE el director general de Agricultura, Carlos Toledo, describi\u00f3 que \u201clos sistemas agropecuarios tanto en nuestro pa\u00eds como en la provincia, han sufrido profundas transformaciones en las \u00faltimas dos d\u00e9cadas. Durante este per\u00edodo, la agricultura increment\u00f3 de manera sostenida su superficie de siembra, principalmente de soja, avanzando sobre \u00e1reas tradicionalmente ocupadas por ganader\u00eda y con un menor potencial agr\u00edcola\u201d.<\/p>\n<p>El experto ponder\u00f3 que tal cosa gener\u00f3 \u201cuna gran preocupaci\u00f3n a nivel social, principalmente en lo que respecta al plano ambiental, a la sustentabilidad de los modelos productivos. Inexorablemente, la presi\u00f3n social sobre el cuidado ambiental recae sobre los productores agropecuarios, principalmente en lo que respecta al manejo de la tierra o la utilizaci\u00f3n de insumos para la producci\u00f3n, espec\u00edficamente fitosanitarios\u201d.<\/p>\n<p>Ante esta realidad, se pens\u00f3 justamente en crear un proyecto como el PASE que abarque la realizaci\u00f3n de un modelo productivo basado en la figura del Productor Agropecuario Sustentable Entrerriano. Esta iniciativa, beneficiar\u00e1 a aquellos productores que de modo voluntario est\u00e9n dispuestos a ingresar al sistema, comprometi\u00e9ndose a llevar adelante las actividades productivas de acuerdo a protocolos de calidad elaborados a tal efecto. Se promover\u00e1 la generaci\u00f3n de beneficios para todos los actores comprometidos en realizar pr\u00e1cticas sustentables de producci\u00f3n.<\/p>\n<p>\u201cEl valor diferencial de esta propuesta intenta definir cu\u00e1les son las buenas pr\u00e1cticas, mensurarlas y tratar de garantizar en cierta medida la sustentabilidad en el tiempo. Para esto se han elaborado indicadores de sustentabilidad que nos permitir\u00e1n cuantificarla desde distintas aristas: cuestiones productivas, econ\u00f3micas, ambientales y sociales\u201d, destac\u00f3 Toledo.<\/p>\n<p>El coordinador de la mesa BPA Entre R\u00edos, Pablo Guelper\u00edn, se\u00f1al\u00f3: \u201cLa gran mayor\u00eda de las instituciones del sector agropecuario formaron parte de este proyecto que naci\u00f3 el en plena pandemia. Se trabaj\u00f3 en equipos representados por profesionales expertos en cada una de las tem\u00e1ticas y productores y miembros de la mesa, para aportar tambi\u00e9n la mirada pr\u00e1ctica e instrumental de cada uno, a los temas propuestos\u201d.<\/p>\n<p>Por otra parte, el representante de los Grupos CREA, Sebasti\u00e1n Sabatini, , especific\u00f3 que \u00abtodo lo que se haga para promover las buenas pr\u00e1cticas es bienvenido y en este caso en particular destaco que es un plan que contempl\u00f3 todas las miradas y expresa el pensamiento y la acci\u00f3n colectiva\u00bb.<\/p>\n<p>En tanto que el representante de Federaci\u00f3n Agraria Argentina, Ricardio Garzia, indic\u00f3: \u201cCreemos que esto es un gran puntapi\u00e9, bregamos que la mirada del Estado provincial se enfoque en el productor y que este proyecto quede centrado en la sustentabilidad para nosotros es central\u201d.<\/p>\n<p>Por su parte el presidente de INTA, Guillermo Vicente, remarc\u00f3 \u201cque este proyecto del productor PASE refleja un trabajo fecundo entre todas las instituciones y si bien puedan surgir algunas observaciones para mejora, debemos rescatar el trabajo entre todas las instituciones. Me parece que las discusiones abiertas y s\u00f3lidas en el sentido de poder tener hacia adelante algo superador, es clave para todos. Esta oportunidad del gobierno provincial para poder trabajar en conjunto ha sido muy fruct\u00edfera y apoyamos plenamente el desarrollo de este proyecto\u201d.<\/p>\n<p>Edgardo Schneider, de la Federaci\u00f3n de Cooperativas de Entre R\u00edos, aport\u00f3 que \u201clas entidades solidarias estamos comprometidas con el cuidado del ambiente de manera esencial porque nos define el trabajo sustentable\u201d. Edgardo Barzola, de la misma organizaci\u00f3n, expres\u00f3 que \u201cnos satisface en gran forma poder profundizar una tarea que ampl\u00eda el horizonte y que se reconozca lo que hace el productor facilita mucho la relaci\u00f3n con la comunidad\u201d.<\/p>\n<p>La productora de Crespo, Mariela Gallinger, dijo que \u201cestamos para validar una tarea que tranquera adentro es com\u00fan y habitual pero que la gente en general desconoce. Que contemos con el programa PASE es un est\u00edmulo para poner en valor la producci\u00f3n de la provincia\u201d.<\/p>\n<p>Del mismo modo, la presidenta de la Asociaci\u00f3n de Periodistas Agropecuarios, Dana Olivera Taleb, habl\u00f3 del rol de la comunicaci\u00f3n: \u201cTenemos que ser capaces de contar c\u00f3mo se hacen las cosas en el campo, la tecnolog\u00eda que se aplica en la producci\u00f3n de alimentos, las estrategias de manejo que apuntan a la sustentabilidad permanente y la preservaci\u00f3n del ambiente. En ese marco estamos abocados a comenzar este a\u00f1o con una diplomatura para formar a periodistas\u201d.<\/p>\n<p>Por \u00faltimo, Jos\u00e9 Carlos Basald\u00faa, de la Federaci\u00f3n de Asociaciones Rurales de Entre R\u00edos, tambi\u00e9n habl\u00f3 de \u201cla importancia que tiene poder reconocer que se trabaja de manera sustentable y que sea posible protocolizarlo en un manual operativo\u201d.<\/p>\n","protected":false},"excerpt":{"rendered":"<p>La figura del Productor Agropecuario Sustentable Entrerriano (PASE), es una iniciativa conjunta del Estado, el sector productivo e instituciones cient\u00edficas y acad\u00e9micas, que pone en valor y estimula la generaci\u00f3n de riqueza en armon\u00eda con el ambiente.<\/p>\n","protected":false},"author":8,"featured_media":80438,"comment_status":"open","ping_status":"open","sticky":false,"template":"","format":"standard","meta":{"fifu_image_url":"","fifu_image_alt":"","footnotes":""},"categories":[10],"tags":[3570,3766],"class_list":{"0":"post-80437","1":"post","2":"type-post","3":"status-publish","4":"format-standard","5":"has-post-thumbnail","7":"category-campo","8":"tag-produccion-agropecuaria","9":"tag-sustentable"},"yoast_head":"<title>La provincia de Entre R\u00edos lanz\u00f3 el programa que impulsa la producci\u00f3n agropecuaria sustentable - Informe Litoral<\/title>\n<meta name=\"robots\" content=\"index, follow, max-snippet:-1, max-image-preview:large, max-video-preview:-1\" \/>\n<link rel=\"canonical\" href=\"https:\/\/informelitoral.com.ar\/la-provincia-de-entre-rios-lanzo-el-programa-que-impulsa-la-produccion-agropecuaria-sustentable\/\" \/>\n<meta property=\"og:locale\" content=\"es_ES\" \/>\n<meta property=\"og:type\" content=\"article\" \/>\n<meta property=\"og:title\" content=\"La provincia de Entre R\u00edos lanz\u00f3 el programa que impulsa la producci\u00f3n agropecuaria sustentable - Informe Litoral\" \/>\n<meta property=\"og:description\" content=\"La figura del Productor Agropecuario Sustentable Entrerriano (PASE), es una iniciativa conjunta del Estado, el sector productivo e instituciones cient\u00edficas y acad\u00e9micas, que pone en valor y estimula la generaci\u00f3n de riqueza en armon\u00eda con el ambiente.\" \/>\n<meta property=\"og:url\" content=\"https:\/\/informelitoral.com.ar\/la-provincia-de-entre-rios-lanzo-el-programa-que-impulsa-la-produccion-agropecuaria-sustentable\/\" \/>\n<meta property=\"og:site_name\" content=\"Informe Litoral\" \/>\n<meta property=\"article:publisher\" content=\"https:\/\/www.facebook.com\/informelitoral\/\" \/>\n<meta property=\"article:published_time\" content=\"2022-06-27T10:50:13+00:00\" \/>\n<meta property=\"article:modified_time\" content=\"2022-06-27T11:34:09+00:00\" \/>\n<meta property=\"og:image\" content=\"https:\/\/informelitoral.com.ar\/%77%70%2d%63%6f%6e%74%65%6e%74\/uploads\/2022\/06\/p_1656098589.jpg\" \/>\n\t<meta property=\"og:image:width\" content=\"1920\" \/>\n\t<meta property=\"og:image:height\" content=\"800\" \/>\n\t<meta property=\"og:image:type\" content=\"image\/jpeg\" \/>\n<meta name=\"author\" content=\"Sebastian\" \/>\n<meta name=\"twitter:card\" content=\"summary_large_image\" \/>\n<meta name=\"twitter:creator\" content=\"@InformeLitoral\" \/>\n<meta name=\"twitter:site\" content=\"@InformeLitoral\" \/>\n<meta name=\"twitter:label1\" content=\"Escrito por\" \/>\n\t<meta name=\"twitter:data1\" content=\"Sebastian\" \/>\n\t<meta name=\"twitter:label2\" content=\"Tiempo de lectura\" \/>\n\t<meta name=\"twitter:data2\" content=\"6 minutos\" \/>\n<script type=\"application\/ld+json\" class=\"yoast-schema-graph\">{\"@context\":\"https:\\\/\\\/schema.org\",\"@graph\":[{\"@type\":\"Article\",\"@id\":\"https:\\\/\\\/informelitoral.com.ar\\\/la-provincia-de-entre-rios-lanzo-el-programa-que-impulsa-la-produccion-agropecuaria-sustentable\\\/#article\",\"isPartOf\":{\"@id\":\"https:\\\/\\\/informelitoral.com.ar\\\/la-provincia-de-entre-rios-lanzo-el-programa-que-impulsa-la-produccion-agropecuaria-sustentable\\\/\"},\"author\":{\"name\":\"Sebastian\",\"@id\":\"https:\\\/\\\/informelitoral.com.ar\\\/#\\\/schema\\\/person\\\/f05f9f461677119578717524b127d6d5\"},\"headline\":\"La provincia de Entre R\u00edos lanz\u00f3 el programa que impulsa la producci\u00f3n agropecuaria sustentable\",\"datePublished\":\"2022-06-27T10:50:13+00:00\",\"dateModified\":\"2022-06-27T11:34:09+00:00\",\"mainEntityOfPage\":{\"@id\":\"https:\\\/\\\/informelitoral.com.ar\\\/la-provincia-de-entre-rios-lanzo-el-programa-que-impulsa-la-produccion-agropecuaria-sustentable\\\/\"},\"wordCount\":1199,\"commentCount\":0,\"publisher\":{\"@id\":\"https:\\\/\\\/informelitoral.com.ar\\\/#organization\"},\"image\":{\"@id\":\"https:\\\/\\\/informelitoral.com.ar\\\/la-provincia-de-entre-rios-lanzo-el-programa-que-impulsa-la-produccion-agropecuaria-sustentable\\\/#primaryimage\"},\"thumbnailUrl\":\"https:\\\/\\\/informelitoral.com.ar\\\/%77%70%2d%63%6f%6e%74%65%6e%74\\\/uploads\\\/2022\\\/06\\\/p_1656098589.jpg\",\"keywords\":[\"Producci\u00f3n agropecuaria\",\"Sustentable\"],\"articleSection\":[\"Campo\"],\"inLanguage\":\"es\",\"potentialAction\":[{\"@type\":\"CommentAction\",\"name\":\"Comment\",\"target\":[\"https:\\\/\\\/informelitoral.com.ar\\\/la-provincia-de-entre-rios-lanzo-el-programa-que-impulsa-la-produccion-agropecuaria-sustentable\\\/#respond\"]}]},{\"@type\":\"WebPage\",\"@id\":\"https:\\\/\\\/informelitoral.com.ar\\\/la-provincia-de-entre-rios-lanzo-el-programa-que-impulsa-la-produccion-agropecuaria-sustentable\\\/\",\"url\":\"https:\\\/\\\/informelitoral.com.ar\\\/la-provincia-de-entre-rios-lanzo-el-programa-que-impulsa-la-produccion-agropecuaria-sustentable\\\/\",\"name\":\"La provincia de Entre R\u00edos lanz\u00f3 el programa que impulsa la producci\u00f3n agropecuaria sustentable - Informe Litoral\",\"isPartOf\":{\"@id\":\"https:\\\/\\\/informelitoral.com.ar\\\/#website\"},\"primaryImageOfPage\":{\"@id\":\"https:\\\/\\\/informelitoral.com.ar\\\/la-provincia-de-entre-rios-lanzo-el-programa-que-impulsa-la-produccion-agropecuaria-sustentable\\\/#primaryimage\"},\"image\":{\"@id\":\"https:\\\/\\\/informelitoral.com.ar\\\/la-provincia-de-entre-rios-lanzo-el-programa-que-impulsa-la-produccion-agropecuaria-sustentable\\\/#primaryimage\"},\"thumbnailUrl\":\"https:\\\/\\\/informelitoral.com.ar\\\/%77%70%2d%63%6f%6e%74%65%6e%74\\\/uploads\\\/2022\\\/06\\\/p_1656098589.jpg\",\"datePublished\":\"2022-06-27T10:50:13+00:00\",\"dateModified\":\"2022-06-27T11:34:09+00:00\",\"breadcrumb\":{\"@id\":\"https:\\\/\\\/informelitoral.com.ar\\\/la-provincia-de-entre-rios-lanzo-el-programa-que-impulsa-la-produccion-agropecuaria-sustentable\\\/#breadcrumb\"},\"inLanguage\":\"es\",\"potentialAction\":[{\"@type\":\"ReadAction\",\"target\":[\"https:\\\/\\\/informelitoral.com.ar\\\/la-provincia-de-entre-rios-lanzo-el-programa-que-impulsa-la-produccion-agropecuaria-sustentable\\\/\"]}]},{\"@type\":\"ImageObject\",\"inLanguage\":\"es\",\"@id\":\"https:\\\/\\\/informelitoral.com.ar\\\/la-provincia-de-entre-rios-lanzo-el-programa-que-impulsa-la-produccion-agropecuaria-sustentable\\\/#primaryimage\",\"url\":\"https:\\\/\\\/informelitoral.com.ar\\\/%77%70%2d%63%6f%6e%74%65%6e%74\\\/uploads\\\/2022\\\/06\\\/p_1656098589.jpg\",\"contentUrl\":\"https:\\\/\\\/informelitoral.com.ar\\\/%77%70%2d%63%6f%6e%74%65%6e%74\\\/uploads\\\/2022\\\/06\\\/p_1656098589.jpg\",\"width\":1920,\"height\":800},{\"@type\":\"BreadcrumbList\",\"@id\":\"https:\\\/\\\/informelitoral.com.ar\\\/la-provincia-de-entre-rios-lanzo-el-programa-que-impulsa-la-produccion-agropecuaria-sustentable\\\/#breadcrumb\",\"itemListElement\":[{\"@type\":\"ListItem\",\"position\":1,\"name\":\"Portada\",\"item\":\"https:\\\/\\\/informelitoral.com.ar\\\/\"},{\"@type\":\"ListItem\",\"position\":2,\"name\":\"La provincia de Entre R\u00edos lanz\u00f3 el programa que impulsa la producci\u00f3n agropecuaria sustentable\"}]},{\"@type\":\"WebSite\",\"@id\":\"https:\\\/\\\/informelitoral.com.ar\\\/#website\",\"url\":\"https:\\\/\\\/informelitoral.com.ar\\\/\",\"name\":\"Informe Litoral\",\"description\":\"&quot;Nos informamos&quot; \",\"publisher\":{\"@id\":\"https:\\\/\\\/informelitoral.com.ar\\\/#organization\"},\"potentialAction\":[{\"@type\":\"SearchAction\",\"target\":{\"@type\":\"EntryPoint\",\"urlTemplate\":\"https:\\\/\\\/informelitoral.com.ar\\\/?s={search_term_string}\"},\"query-input\":{\"@type\":\"PropertyValueSpecification\",\"valueRequired\":true,\"valueName\":\"search_term_string\"}}],\"inLanguage\":\"es\"},{\"@type\":\"Organization\",\"@id\":\"https:\\\/\\\/informelitoral.com.ar\\\/#organization\",\"name\":\"Informe Litoral\",\"url\":\"https:\\\/\\\/informelitoral.com.ar\\\/\",\"logo\":{\"@type\":\"ImageObject\",\"inLanguage\":\"es\",\"@id\":\"https:\\\/\\\/informelitoral.com.ar\\\/#\\\/schema\\\/logo\\\/image\\\/\",\"url\":\"https:\\\/\\\/informelitoral.com.ar\\\/%77%70%2d%63%6f%6e%74%65%6e%74\\\/uploads\\\/2021\\\/01\\\/circulo.png\",\"contentUrl\":\"https:\\\/\\\/informelitoral.com.ar\\\/%77%70%2d%63%6f%6e%74%65%6e%74\\\/uploads\\\/2021\\\/01\\\/circulo.png\",\"width\":723,\"height\":731,\"caption\":\"Informe Litoral\"},\"image\":{\"@id\":\"https:\\\/\\\/informelitoral.com.ar\\\/#\\\/schema\\\/logo\\\/image\\\/\"},\"sameAs\":[\"https:\\\/\\\/www.facebook.com\\\/informelitoral\\\/\",\"https:\\\/\\\/x.com\\\/InformeLitoral\",\"https:\\\/\\\/www.instagram.com\\\/informelitoral\\\/\",\"https:\\\/\\\/www.youtube.com\\\/channel\\\/UCua4Qvz8Icb6MYqhoq9xLXw\"]},{\"@type\":\"Person\",\"@id\":\"https:\\\/\\\/informelitoral.com.ar\\\/#\\\/schema\\\/person\\\/f05f9f461677119578717524b127d6d5\",\"name\":\"Sebastian\",\"image\":{\"@type\":\"ImageObject\",\"inLanguage\":\"es\",\"@id\":\"https:\\\/\\\/secure.gravatar.com\\\/avatar\\\/b71bf7481d447dfb9583c7f2798e7cc64de6efb9067b74633ed8c31059a3bd82?s=96&d=mm&r=g\",\"url\":\"https:\\\/\\\/secure.gravatar.com\\\/avatar\\\/b71bf7481d447dfb9583c7f2798e7cc64de6efb9067b74633ed8c31059a3bd82?s=96&d=mm&r=g\",\"contentUrl\":\"https:\\\/\\\/secure.gravatar.com\\\/avatar\\\/b71bf7481d447dfb9583c7f2798e7cc64de6efb9067b74633ed8c31059a3bd82?s=96&d=mm&r=g\",\"caption\":\"Sebastian\"},\"url\":\"https:\\\/\\\/informelitoral.com.ar\\\/author\\\/sebastian\\\/\"}]}<\/script>","yoast_head_json":{"title":"La provincia de Entre R\u00edos lanz\u00f3 el programa que impulsa la producci\u00f3n agropecuaria sustentable - Informe Litoral","robots":{"index":"index","follow":"follow","max-snippet":"max-snippet:-1","max-image-preview":"max-image-preview:large","max-video-preview":"max-video-preview:-1"},"canonical":"https:\/\/informelitoral.com.ar\/la-provincia-de-entre-rios-lanzo-el-programa-que-impulsa-la-produccion-agropecuaria-sustentable\/","og_locale":"es_ES","og_type":"article","og_title":"La provincia de Entre R\u00edos lanz\u00f3 el programa que impulsa la producci\u00f3n agropecuaria sustentable - Informe Litoral","og_description":"La figura del Productor Agropecuario Sustentable Entrerriano (PASE), es una iniciativa conjunta del Estado, el sector productivo e instituciones cient\u00edficas y acad\u00e9micas, que pone en valor y estimula la generaci\u00f3n de riqueza en armon\u00eda con el ambiente.","og_url":"https:\/\/informelitoral.com.ar\/la-provincia-de-entre-rios-lanzo-el-programa-que-impulsa-la-produccion-agropecuaria-sustentable\/","og_site_name":"Informe Litoral","article_publisher":"https:\/\/www.facebook.com\/informelitoral\/","article_published_time":"2022-06-27T10:50:13+00:00","article_modified_time":"2022-06-27T11:34:09+00:00","og_image":[{"width":1920,"height":800,"url":"https:\/\/informelitoral.com.ar\/%77%70%2d%63%6f%6e%74%65%6e%74\/uploads\/2022\/06\/p_1656098589.jpg","type":"image\/jpeg"}],"author":"Sebastian","twitter_card":"summary_large_image","twitter_creator":"@InformeLitoral","twitter_site":"@InformeLitoral","twitter_misc":{"Escrito por":"Sebastian","Tiempo de lectura":"6 minutos"},"schema":{"@context":"https:\/\/schema.org","@graph":[{"@type":"Article","@id":"https:\/\/informelitoral.com.ar\/la-provincia-de-entre-rios-lanzo-el-programa-que-impulsa-la-produccion-agropecuaria-sustentable\/#article","isPartOf":{"@id":"https:\/\/informelitoral.com.ar\/la-provincia-de-entre-rios-lanzo-el-programa-que-impulsa-la-produccion-agropecuaria-sustentable\/"},"author":{"name":"Sebastian","@id":"https:\/\/informelitoral.com.ar\/#\/schema\/person\/f05f9f461677119578717524b127d6d5"},"headline":"La provincia de Entre R\u00edos lanz\u00f3 el programa que impulsa la producci\u00f3n agropecuaria sustentable","datePublished":"2022-06-27T10:50:13+00:00","dateModified":"2022-06-27T11:34:09+00:00","mainEntityOfPage":{"@id":"https:\/\/informelitoral.com.ar\/la-provincia-de-entre-rios-lanzo-el-programa-que-impulsa-la-produccion-agropecuaria-sustentable\/"},"wordCount":1199,"commentCount":0,"publisher":{"@id":"https:\/\/informelitoral.com.ar\/#organization"},"image":{"@id":"https:\/\/informelitoral.com.ar\/la-provincia-de-entre-rios-lanzo-el-programa-que-impulsa-la-produccion-agropecuaria-sustentable\/#primaryimage"},"thumbnailUrl":"https:\/\/informelitoral.com.ar\/%77%70%2d%63%6f%6e%74%65%6e%74\/uploads\/2022\/06\/p_1656098589.jpg","keywords":["Producci\u00f3n agropecuaria","Sustentable"],"articleSection":["Campo"],"inLanguage":"es","potentialAction":[{"@type":"CommentAction","name":"Comment","target":["https:\/\/informelitoral.com.ar\/la-provincia-de-entre-rios-lanzo-el-programa-que-impulsa-la-produccion-agropecuaria-sustentable\/#respond"]}]},{"@type":"WebPage","@id":"https:\/\/informelitoral.com.ar\/la-provincia-de-entre-rios-lanzo-el-programa-que-impulsa-la-produccion-agropecuaria-sustentable\/","url":"https:\/\/informelitoral.com.ar\/la-provincia-de-entre-rios-lanzo-el-programa-que-impulsa-la-produccion-agropecuaria-sustentable\/","name":"La provincia de Entre R\u00edos lanz\u00f3 el programa que impulsa la producci\u00f3n agropecuaria sustentable - Informe Litoral","isPartOf":{"@id":"https:\/\/informelitoral.com.ar\/#website"},"primaryImageOfPage":{"@id":"https:\/\/informelitoral.com.ar\/la-provincia-de-entre-rios-lanzo-el-programa-que-impulsa-la-produccion-agropecuaria-sustentable\/#primaryimage"},"image":{"@id":"https:\/\/informelitoral.com.ar\/la-provincia-de-entre-rios-lanzo-el-programa-que-impulsa-la-produccion-agropecuaria-sustentable\/#primaryimage"},"thumbnailUrl":"https:\/\/informelitoral.com.ar\/%77%70%2d%63%6f%6e%74%65%6e%74\/uploads\/2022\/06\/p_1656098589.jpg","datePublished":"2022-06-27T10:50:13+00:00","dateModified":"2022-06-27T11:34:09+00:00","breadcrumb":{"@id":"https:\/\/informelitoral.com.ar\/la-provincia-de-entre-rios-lanzo-el-programa-que-impulsa-la-produccion-agropecuaria-sustentable\/#breadcrumb"},"inLanguage":"es","potentialAction":[{"@type":"ReadAction","target":["https:\/\/informelitoral.com.ar\/la-provincia-de-entre-rios-lanzo-el-programa-que-impulsa-la-produccion-agropecuaria-sustentable\/"]}]},{"@type":"ImageObject","inLanguage":"es","@id":"https:\/\/informelitoral.com.ar\/la-provincia-de-entre-rios-lanzo-el-programa-que-impulsa-la-produccion-agropecuaria-sustentable\/#primaryimage","url":"https:\/\/informelitoral.com.ar\/%77%70%2d%63%6f%6e%74%65%6e%74\/uploads\/2022\/06\/p_1656098589.jpg","contentUrl":"https:\/\/informelitoral.com.ar\/%77%70%2d%63%6f%6e%74%65%6e%74\/uploads\/2022\/06\/p_1656098589.jpg","width":1920,"height":800},{"@type":"BreadcrumbList","@id":"https:\/\/informelitoral.com.ar\/la-provincia-de-entre-rios-lanzo-el-programa-que-impulsa-la-produccion-agropecuaria-sustentable\/#breadcrumb","itemListElement":[{"@type":"ListItem","position":1,"name":"Portada","item":"https:\/\/informelitoral.com.ar\/"},{"@type":"ListItem","position":2,"name":"La provincia de Entre R\u00edos lanz\u00f3 el programa que impulsa la producci\u00f3n agropecuaria sustentable"}]},{"@type":"WebSite","@id":"https:\/\/informelitoral.com.ar\/#website","url":"https:\/\/informelitoral.com.ar\/","name":"Informe Litoral","description":"&quot;Nos informamos&quot; ","publisher":{"@id":"https:\/\/informelitoral.com.ar\/#organization"},"potentialAction":[{"@type":"SearchAction","target":{"@type":"EntryPoint","urlTemplate":"https:\/\/informelitoral.com.ar\/?s={search_term_string}"},"query-input":{"@type":"PropertyValueSpecification","valueRequired":true,"valueName":"search_term_string"}}],"inLanguage":"es"},{"@type":"Organization","@id":"https:\/\/informelitoral.com.ar\/#organization","name":"Informe Litoral","url":"https:\/\/informelitoral.com.ar\/","logo":{"@type":"ImageObject","inLanguage":"es","@id":"https:\/\/informelitoral.com.ar\/#\/schema\/logo\/image\/","url":"https:\/\/informelitoral.com.ar\/%77%70%2d%63%6f%6e%74%65%6e%74\/uploads\/2021\/01\/circulo.png","contentUrl":"https:\/\/informelitoral.com.ar\/%77%70%2d%63%6f%6e%74%65%6e%74\/uploads\/2021\/01\/circulo.png","width":723,"height":731,"caption":"Informe Litoral"},"image":{"@id":"https:\/\/informelitoral.com.ar\/#\/schema\/logo\/image\/"},"sameAs":["https:\/\/www.facebook.com\/informelitoral\/","https:\/\/x.com\/InformeLitoral","https:\/\/www.instagram.com\/informelitoral\/","https:\/\/www.youtube.com\/channel\/UCua4Qvz8Icb6MYqhoq9xLXw"]},{"@type":"Person","@id":"https:\/\/informelitoral.com.ar\/#\/schema\/person\/f05f9f461677119578717524b127d6d5","name":"Sebastian","image":{"@type":"ImageObject","inLanguage":"es","@id":"https:\/\/secure.gravatar.com\/avatar\/b71bf7481d447dfb9583c7f2798e7cc64de6efb9067b74633ed8c31059a3bd82?s=96&d=mm&r=g","url":"https:\/\/secure.gravatar.com\/avatar\/b71bf7481d447dfb9583c7f2798e7cc64de6efb9067b74633ed8c31059a3bd82?s=96&d=mm&r=g","contentUrl":"https:\/\/secure.gravatar.com\/avatar\/b71bf7481d447dfb9583c7f2798e7cc64de6efb9067b74633ed8c31059a3bd82?s=96&d=mm&r=g","caption":"Sebastian"},"url":"https:\/\/informelitoral.com.ar\/author\/sebastian\/"}]}},"_links":{"self":[{"href":"https:\/\/informelitoral.com.ar\/%77%70%2d%6a%73%6f%6e\/wp\/v2\/posts\/80437","targetHints":{"allow":["GET"]}}],"collection":[{"href":"https:\/\/informelitoral.com.ar\/%77%70%2d%6a%73%6f%6e\/wp\/v2\/posts"}],"about":[{"href":"https:\/\/informelitoral.com.ar\/%77%70%2d%6a%73%6f%6e\/wp\/v2\/types\/post"}],"author":[{"embeddable":true,"href":"https:\/\/informelitoral.com.ar\/%77%70%2d%6a%73%6f%6e\/wp\/v2\/users\/8"}],"replies":[{"embeddable":true,"href":"https:\/\/informelitoral.com.ar\/%77%70%2d%6a%73%6f%6e\/wp\/v2\/comments?post=80437"}],"version-history":[{"count":0,"href":"https:\/\/informelitoral.com.ar\/%77%70%2d%6a%73%6f%6e\/wp\/v2\/posts\/80437\/revisions"}],"wp:featuredmedia":[{"embeddable":true,"href":"https:\/\/informelitoral.com.ar\/%77%70%2d%6a%73%6f%6e\/wp\/v2\/media\/80438"}],"wp:attachment":[{"href":"https:\/\/informelitoral.com.ar\/%77%70%2d%6a%73%6f%6e\/wp\/v2\/media?parent=80437"}],"wp:term":[{"taxonomy":"category","embeddable":true,"href":"https:\/\/informelitoral.com.ar\/%77%70%2d%6a%73%6f%6e\/wp\/v2\/categories?post=80437"},{"taxonomy":"post_tag","embeddable":true,"href":"https:\/\/informelitoral.com.ar\/%77%70%2d%6a%73%6f%6e\/wp\/v2\/tags?post=80437"}],"curies":[{"name":"wp","href":"https:\/\/api.w.org\/{rel}","templated":true}]}}