{"id":80242,"date":"2022-06-23T10:09:00","date_gmt":"2022-06-23T13:09:00","guid":{"rendered":"https:\/\/www.informelitoral.com.ar\/?p=80242"},"modified":"2022-06-23T10:09:00","modified_gmt":"2022-06-23T13:09:00","slug":"la-afip-ratifica-fechas-de-vencimiento-de-bienes-personales-y-ganancias","status":"publish","type":"post","link":"https:\/\/informelitoral.com.ar\/la-afip-ratifica-fechas-de-vencimiento-de-bienes-personales-y-ganancias\/","title":{"rendered":"La AFIP ratifica fechas de vencimiento de Bienes Personales y Ganancias"},"content":{"rendered":"<p>La Administraci\u00f3n Federal de Ingresos P\u00fablicos (AFIP) inform\u00f3 hoy que las fechas de vencimientos para los impuestos sobre los Bienes Personales y Ganancias contin\u00faan vigentes; y que la medida judicial que estipul\u00f3 su postergaci\u00f3n s\u00f3lo alcanza a los profesionales matriculados en el Consejo de Ciencias Econ\u00f3micas de la Ciudad de Buenos Aires.<\/p>\n<p>De esta forma, las fechas de presentaci\u00f3n de declaraciones juradas y de pagos de Ganancias y Bienes Personales para el per\u00edodo fiscal 2021 contin\u00faan previstas para el periodo comprendido entre los d\u00edas 23 y 27 de junio.<\/p>\n<p>Anoche, el juzgado en lo Contencioso Administrativo Federal N\u00ba 12 hizo lugar a un recurso de amparo presentado por el Consejo Profesional de Ciencias Econ\u00f3micas de la Capital Federal (Cpcecaba).<\/p>\n<p>El fallo, firmado por la jueza federal Macarena Marra Gim\u00e9nez, ordena prorrogar los vencimientos y el pago de ambos tributos \u201chasta despu\u00e9s de transcurridos sesenta (60) d\u00edas desde que fueron puestos a disposici\u00f3n los sistemas web necesarios para cumplir dicha labor, es decir a partir del d\u00eda 12 de julio en adelante\u00bb.<\/p>\n<p>El Cpcecaba argument\u00f3 que los aplicativos necesarios para la liquidaci\u00f3n de los tributos \u201cse hizo efectiva a mediados a mediados del mes de mayo, con errores que merecieron correcciones y que se constituyeron en un importante aporte a la confusi\u00f3n y a la complejidad en la realizaci\u00f3n de la tarea\u201d.<\/p>\n<p>En tanto, en un comunicado, la AFIP calific\u00f3 hoy a la medida judicial como \u201clamentable\u201d y subray\u00f3 que \u201cs\u00f3lo alcanza a los profesionales matriculados en el Cpcecaba\u201d.<\/p>\n<p>\u201cLa decisi\u00f3n judicial s\u00f3lo alcanza a sus propias declaraciones juradas y cuando dichos profesionales intervengan como representantes de clientes que les hayan delegado formalmente el acceso a los servicios de la AFIP\u201d, subray\u00f3 el organismo tributario dirigido por Mercedes Marc\u00f3 del Pont.<\/p>\n<p>Del mismo modo, record\u00f3 que aquellos profesionales del Cpcecaba que lo consideren \u201cpueden autoexcluirse y realizar sus presentaciones\u201d.<\/p>\n<p>\u201cResulta lamentable que una jueza de primera instancia dicte, contra los procedimientos previstos en la ley, una medida interina que pretende lesionar la capacidad del Estado para recaudar impuestos\u201d, cuestion\u00f3 la AFIP, e indic\u00f3 que \u201cse trata de un hecho de gravedad\u201d porque \u201cafecta la coparticipaci\u00f3n y, por lo tanto, el financiamiento de las provincias y municipios de todo el pa\u00eds\u201d.<\/p>\n<p>Tras el fallo, las \u00e1reas jur\u00eddicas de la AFIP presentar\u00e1n hoy el informe requerido por la Justicia.<\/p>\n<p>Seg\u00fan el organismo, \u201cm\u00e1s del 30% de las personas alcanzadas (por los tributos) ya cumplieron con sus obligaciones, incluso antes de que comiencen los vencimientos\u201d.<\/p>\n<p>En el comunicado, la AFIP anticip\u00f3 que \u201cverificar\u00e1 el correcto uso de las claves fiscales\u201d y record\u00f3 que la misma es \u201cpersonal e intransferible\u201d.<\/p>\n<p>Aunque \u201cexiste la posibilidad de delegar formalmente un servicio como la presentaci\u00f3n de una declaraci\u00f3n jurada\u201d, la AFIP enfatiz\u00f3 que no es legal \u201cque otra persona ingrese con una clave fiscal que no sea la propia para realizar tr\u00e1mites\u201d.<\/p>\n<p>Las presentaciones y pagos de Ganancias y Bienes Personales podr\u00e1n cumplirse hasta las siguientes fechas, seg\u00fan la terminaci\u00f3n de la Clave \u00danica de Identificaci\u00f3n Tributaria (CUIT) del contribuyente: los terminados en 0, 1, 2 y 3 tendr\u00e1n fecha de presentaci\u00f3n hasta el d\u00eda de hoy y fecha de pago hasta el 24 de junio; 4, 5 y 6 fecha de presentaci\u00f3n hasta el 24 de junio y de pago hasta el 27 de junio; y 7, 8 y 9 presentaci\u00f3n hasta el 27 de junio y pago hasta el 28 de junio.<\/p>\n","protected":false},"excerpt":{"rendered":"<p>\u00abLos vencimientos del impuesto a las Ganancias y sobre los Bienes Personales se encuentran vigentes. La presentaci\u00f3n de la declaraci\u00f3n jurada de ambas obligaciones est\u00e1 prevista entre los d\u00edas 23 y 27 de junio\u00bb, se\u00f1al\u00f3 la AFIP.<\/p>\n","protected":false},"author":8,"featured_media":49380,"comment_status":"open","ping_status":"open","sticky":false,"template":"","format":"standard","meta":{"fifu_image_url":"","fifu_image_alt":"","footnotes":""},"categories":[1594],"tags":[158,1225,3543],"class_list":{"0":"post-80242","1":"post","2":"type-post","3":"status-publish","4":"format-standard","5":"has-post-thumbnail","7":"category-economia","8":"tag-afip","9":"tag-bienes-personales","10":"tag-ganancias"},"yoast_head":"<title>La AFIP ratifica fechas de vencimiento de Bienes Personales y Ganancias - Informe Litoral<\/title>\n<meta name=\"robots\" content=\"index, follow, max-snippet:-1, max-image-preview:large, max-video-preview:-1\" \/>\n<link rel=\"canonical\" href=\"https:\/\/informelitoral.com.ar\/la-afip-ratifica-fechas-de-vencimiento-de-bienes-personales-y-ganancias\/\" \/>\n<meta property=\"og:locale\" content=\"es_ES\" \/>\n<meta property=\"og:type\" content=\"article\" \/>\n<meta property=\"og:title\" content=\"La AFIP ratifica fechas de vencimiento de Bienes Personales y Ganancias - Informe Litoral\" \/>\n<meta property=\"og:description\" content=\"&quot;Los vencimientos del impuesto a las Ganancias y sobre los Bienes Personales se encuentran vigentes. La presentaci\u00f3n de la declaraci\u00f3n jurada de ambas obligaciones est\u00e1 prevista entre los d\u00edas 23 y 27 de junio&quot;, se\u00f1al\u00f3 la AFIP.\" \/>\n<meta property=\"og:url\" content=\"https:\/\/informelitoral.com.ar\/la-afip-ratifica-fechas-de-vencimiento-de-bienes-personales-y-ganancias\/\" \/>\n<meta property=\"og:site_name\" content=\"Informe Litoral\" \/>\n<meta property=\"article:publisher\" content=\"https:\/\/www.facebook.com\/informelitoral\/\" \/>\n<meta property=\"article:published_time\" content=\"2022-06-23T13:09:00+00:00\" \/>\n<meta property=\"og:image\" content=\"https:\/\/informelitoral.com.ar\/%77%70%2d%63%6f%6e%74%65%6e%74\/uploads\/2020\/09\/Afip.jpg\" \/>\n\t<meta property=\"og:image:width\" content=\"1330\" \/>\n\t<meta property=\"og:image:height\" content=\"880\" \/>\n\t<meta property=\"og:image:type\" content=\"image\/jpeg\" \/>\n<meta name=\"author\" content=\"Sebastian\" \/>\n<meta name=\"twitter:card\" content=\"summary_large_image\" \/>\n<meta name=\"twitter:creator\" content=\"@InformeLitoral\" \/>\n<meta name=\"twitter:site\" content=\"@InformeLitoral\" \/>\n<meta name=\"twitter:label1\" content=\"Escrito por\" \/>\n\t<meta name=\"twitter:data1\" content=\"Sebastian\" \/>\n\t<meta name=\"twitter:label2\" content=\"Tiempo de lectura\" \/>\n\t<meta name=\"twitter:data2\" content=\"3 minutos\" \/>\n<script type=\"application\/ld+json\" class=\"yoast-schema-graph\">{\"@context\":\"https:\\\/\\\/schema.org\",\"@graph\":[{\"@type\":\"Article\",\"@id\":\"https:\\\/\\\/informelitoral.com.ar\\\/la-afip-ratifica-fechas-de-vencimiento-de-bienes-personales-y-ganancias\\\/#article\",\"isPartOf\":{\"@id\":\"https:\\\/\\\/informelitoral.com.ar\\\/la-afip-ratifica-fechas-de-vencimiento-de-bienes-personales-y-ganancias\\\/\"},\"author\":{\"name\":\"Sebastian\",\"@id\":\"https:\\\/\\\/informelitoral.com.ar\\\/#\\\/schema\\\/person\\\/f05f9f461677119578717524b127d6d5\"},\"headline\":\"La AFIP ratifica fechas de vencimiento de Bienes Personales y Ganancias\",\"datePublished\":\"2022-06-23T13:09:00+00:00\",\"mainEntityOfPage\":{\"@id\":\"https:\\\/\\\/informelitoral.com.ar\\\/la-afip-ratifica-fechas-de-vencimiento-de-bienes-personales-y-ganancias\\\/\"},\"wordCount\":595,\"commentCount\":0,\"publisher\":{\"@id\":\"https:\\\/\\\/informelitoral.com.ar\\\/#organization\"},\"image\":{\"@id\":\"https:\\\/\\\/informelitoral.com.ar\\\/la-afip-ratifica-fechas-de-vencimiento-de-bienes-personales-y-ganancias\\\/#primaryimage\"},\"thumbnailUrl\":\"https:\\\/\\\/informelitoral.com.ar\\\/%77%70%2d%63%6f%6e%74%65%6e%74\\\/uploads\\\/2020\\\/09\\\/Afip.jpg\",\"keywords\":[\"AFIP\",\"Bienes personales\",\"Ganancias\"],\"articleSection\":[\"Econom\u00eda\"],\"inLanguage\":\"es\",\"potentialAction\":[{\"@type\":\"CommentAction\",\"name\":\"Comment\",\"target\":[\"https:\\\/\\\/informelitoral.com.ar\\\/la-afip-ratifica-fechas-de-vencimiento-de-bienes-personales-y-ganancias\\\/#respond\"]}]},{\"@type\":\"WebPage\",\"@id\":\"https:\\\/\\\/informelitoral.com.ar\\\/la-afip-ratifica-fechas-de-vencimiento-de-bienes-personales-y-ganancias\\\/\",\"url\":\"https:\\\/\\\/informelitoral.com.ar\\\/la-afip-ratifica-fechas-de-vencimiento-de-bienes-personales-y-ganancias\\\/\",\"name\":\"La AFIP ratifica fechas de vencimiento de Bienes Personales y Ganancias - Informe Litoral\",\"isPartOf\":{\"@id\":\"https:\\\/\\\/informelitoral.com.ar\\\/#website\"},\"primaryImageOfPage\":{\"@id\":\"https:\\\/\\\/informelitoral.com.ar\\\/la-afip-ratifica-fechas-de-vencimiento-de-bienes-personales-y-ganancias\\\/#primaryimage\"},\"image\":{\"@id\":\"https:\\\/\\\/informelitoral.com.ar\\\/la-afip-ratifica-fechas-de-vencimiento-de-bienes-personales-y-ganancias\\\/#primaryimage\"},\"thumbnailUrl\":\"https:\\\/\\\/informelitoral.com.ar\\\/%77%70%2d%63%6f%6e%74%65%6e%74\\\/uploads\\\/2020\\\/09\\\/Afip.jpg\",\"datePublished\":\"2022-06-23T13:09:00+00:00\",\"breadcrumb\":{\"@id\":\"https:\\\/\\\/informelitoral.com.ar\\\/la-afip-ratifica-fechas-de-vencimiento-de-bienes-personales-y-ganancias\\\/#breadcrumb\"},\"inLanguage\":\"es\",\"potentialAction\":[{\"@type\":\"ReadAction\",\"target\":[\"https:\\\/\\\/informelitoral.com.ar\\\/la-afip-ratifica-fechas-de-vencimiento-de-bienes-personales-y-ganancias\\\/\"]}]},{\"@type\":\"ImageObject\",\"inLanguage\":\"es\",\"@id\":\"https:\\\/\\\/informelitoral.com.ar\\\/la-afip-ratifica-fechas-de-vencimiento-de-bienes-personales-y-ganancias\\\/#primaryimage\",\"url\":\"https:\\\/\\\/informelitoral.com.ar\\\/%77%70%2d%63%6f%6e%74%65%6e%74\\\/uploads\\\/2020\\\/09\\\/Afip.jpg\",\"contentUrl\":\"https:\\\/\\\/informelitoral.com.ar\\\/%77%70%2d%63%6f%6e%74%65%6e%74\\\/uploads\\\/2020\\\/09\\\/Afip.jpg\",\"width\":1330,\"height\":880},{\"@type\":\"BreadcrumbList\",\"@id\":\"https:\\\/\\\/informelitoral.com.ar\\\/la-afip-ratifica-fechas-de-vencimiento-de-bienes-personales-y-ganancias\\\/#breadcrumb\",\"itemListElement\":[{\"@type\":\"ListItem\",\"position\":1,\"name\":\"Portada\",\"item\":\"https:\\\/\\\/informelitoral.com.ar\\\/\"},{\"@type\":\"ListItem\",\"position\":2,\"name\":\"La AFIP ratifica fechas de vencimiento de Bienes Personales y Ganancias\"}]},{\"@type\":\"WebSite\",\"@id\":\"https:\\\/\\\/informelitoral.com.ar\\\/#website\",\"url\":\"https:\\\/\\\/informelitoral.com.ar\\\/\",\"name\":\"Informe Litoral\",\"description\":\"&quot;Nos informamos&quot; \",\"publisher\":{\"@id\":\"https:\\\/\\\/informelitoral.com.ar\\\/#organization\"},\"potentialAction\":[{\"@type\":\"SearchAction\",\"target\":{\"@type\":\"EntryPoint\",\"urlTemplate\":\"https:\\\/\\\/informelitoral.com.ar\\\/?s={search_term_string}\"},\"query-input\":{\"@type\":\"PropertyValueSpecification\",\"valueRequired\":true,\"valueName\":\"search_term_string\"}}],\"inLanguage\":\"es\"},{\"@type\":\"Organization\",\"@id\":\"https:\\\/\\\/informelitoral.com.ar\\\/#organization\",\"name\":\"Informe Litoral\",\"url\":\"https:\\\/\\\/informelitoral.com.ar\\\/\",\"logo\":{\"@type\":\"ImageObject\",\"inLanguage\":\"es\",\"@id\":\"https:\\\/\\\/informelitoral.com.ar\\\/#\\\/schema\\\/logo\\\/image\\\/\",\"url\":\"https:\\\/\\\/informelitoral.com.ar\\\/%77%70%2d%63%6f%6e%74%65%6e%74\\\/uploads\\\/2021\\\/01\\\/circulo.png\",\"contentUrl\":\"https:\\\/\\\/informelitoral.com.ar\\\/%77%70%2d%63%6f%6e%74%65%6e%74\\\/uploads\\\/2021\\\/01\\\/circulo.png\",\"width\":723,\"height\":731,\"caption\":\"Informe Litoral\"},\"image\":{\"@id\":\"https:\\\/\\\/informelitoral.com.ar\\\/#\\\/schema\\\/logo\\\/image\\\/\"},\"sameAs\":[\"https:\\\/\\\/www.facebook.com\\\/informelitoral\\\/\",\"https:\\\/\\\/x.com\\\/InformeLitoral\",\"https:\\\/\\\/www.instagram.com\\\/informelitoral\\\/\",\"https:\\\/\\\/www.youtube.com\\\/channel\\\/UCua4Qvz8Icb6MYqhoq9xLXw\"]},{\"@type\":\"Person\",\"@id\":\"https:\\\/\\\/informelitoral.com.ar\\\/#\\\/schema\\\/person\\\/f05f9f461677119578717524b127d6d5\",\"name\":\"Sebastian\",\"image\":{\"@type\":\"ImageObject\",\"inLanguage\":\"es\",\"@id\":\"https:\\\/\\\/secure.gravatar.com\\\/avatar\\\/b71bf7481d447dfb9583c7f2798e7cc64de6efb9067b74633ed8c31059a3bd82?s=96&d=mm&r=g\",\"url\":\"https:\\\/\\\/secure.gravatar.com\\\/avatar\\\/b71bf7481d447dfb9583c7f2798e7cc64de6efb9067b74633ed8c31059a3bd82?s=96&d=mm&r=g\",\"contentUrl\":\"https:\\\/\\\/secure.gravatar.com\\\/avatar\\\/b71bf7481d447dfb9583c7f2798e7cc64de6efb9067b74633ed8c31059a3bd82?s=96&d=mm&r=g\",\"caption\":\"Sebastian\"},\"url\":\"https:\\\/\\\/informelitoral.com.ar\\\/author\\\/sebastian\\\/\"}]}<\/script>","yoast_head_json":{"title":"La AFIP ratifica fechas de vencimiento de Bienes Personales y Ganancias - Informe Litoral","robots":{"index":"index","follow":"follow","max-snippet":"max-snippet:-1","max-image-preview":"max-image-preview:large","max-video-preview":"max-video-preview:-1"},"canonical":"https:\/\/informelitoral.com.ar\/la-afip-ratifica-fechas-de-vencimiento-de-bienes-personales-y-ganancias\/","og_locale":"es_ES","og_type":"article","og_title":"La AFIP ratifica fechas de vencimiento de Bienes Personales y Ganancias - Informe Litoral","og_description":"\"Los vencimientos del impuesto a las Ganancias y sobre los Bienes Personales se encuentran vigentes. La presentaci\u00f3n de la declaraci\u00f3n jurada de ambas obligaciones est\u00e1 prevista entre los d\u00edas 23 y 27 de junio\", se\u00f1al\u00f3 la AFIP.","og_url":"https:\/\/informelitoral.com.ar\/la-afip-ratifica-fechas-de-vencimiento-de-bienes-personales-y-ganancias\/","og_site_name":"Informe Litoral","article_publisher":"https:\/\/www.facebook.com\/informelitoral\/","article_published_time":"2022-06-23T13:09:00+00:00","og_image":[{"width":1330,"height":880,"url":"https:\/\/informelitoral.com.ar\/%77%70%2d%63%6f%6e%74%65%6e%74\/uploads\/2020\/09\/Afip.jpg","type":"image\/jpeg"}],"author":"Sebastian","twitter_card":"summary_large_image","twitter_creator":"@InformeLitoral","twitter_site":"@InformeLitoral","twitter_misc":{"Escrito por":"Sebastian","Tiempo de lectura":"3 minutos"},"schema":{"@context":"https:\/\/schema.org","@graph":[{"@type":"Article","@id":"https:\/\/informelitoral.com.ar\/la-afip-ratifica-fechas-de-vencimiento-de-bienes-personales-y-ganancias\/#article","isPartOf":{"@id":"https:\/\/informelitoral.com.ar\/la-afip-ratifica-fechas-de-vencimiento-de-bienes-personales-y-ganancias\/"},"author":{"name":"Sebastian","@id":"https:\/\/informelitoral.com.ar\/#\/schema\/person\/f05f9f461677119578717524b127d6d5"},"headline":"La AFIP ratifica fechas de vencimiento de Bienes Personales y Ganancias","datePublished":"2022-06-23T13:09:00+00:00","mainEntityOfPage":{"@id":"https:\/\/informelitoral.com.ar\/la-afip-ratifica-fechas-de-vencimiento-de-bienes-personales-y-ganancias\/"},"wordCount":595,"commentCount":0,"publisher":{"@id":"https:\/\/informelitoral.com.ar\/#organization"},"image":{"@id":"https:\/\/informelitoral.com.ar\/la-afip-ratifica-fechas-de-vencimiento-de-bienes-personales-y-ganancias\/#primaryimage"},"thumbnailUrl":"https:\/\/informelitoral.com.ar\/%77%70%2d%63%6f%6e%74%65%6e%74\/uploads\/2020\/09\/Afip.jpg","keywords":["AFIP","Bienes personales","Ganancias"],"articleSection":["Econom\u00eda"],"inLanguage":"es","potentialAction":[{"@type":"CommentAction","name":"Comment","target":["https:\/\/informelitoral.com.ar\/la-afip-ratifica-fechas-de-vencimiento-de-bienes-personales-y-ganancias\/#respond"]}]},{"@type":"WebPage","@id":"https:\/\/informelitoral.com.ar\/la-afip-ratifica-fechas-de-vencimiento-de-bienes-personales-y-ganancias\/","url":"https:\/\/informelitoral.com.ar\/la-afip-ratifica-fechas-de-vencimiento-de-bienes-personales-y-ganancias\/","name":"La AFIP ratifica fechas de vencimiento de Bienes Personales y Ganancias - Informe Litoral","isPartOf":{"@id":"https:\/\/informelitoral.com.ar\/#website"},"primaryImageOfPage":{"@id":"https:\/\/informelitoral.com.ar\/la-afip-ratifica-fechas-de-vencimiento-de-bienes-personales-y-ganancias\/#primaryimage"},"image":{"@id":"https:\/\/informelitoral.com.ar\/la-afip-ratifica-fechas-de-vencimiento-de-bienes-personales-y-ganancias\/#primaryimage"},"thumbnailUrl":"https:\/\/informelitoral.com.ar\/%77%70%2d%63%6f%6e%74%65%6e%74\/uploads\/2020\/09\/Afip.jpg","datePublished":"2022-06-23T13:09:00+00:00","breadcrumb":{"@id":"https:\/\/informelitoral.com.ar\/la-afip-ratifica-fechas-de-vencimiento-de-bienes-personales-y-ganancias\/#breadcrumb"},"inLanguage":"es","potentialAction":[{"@type":"ReadAction","target":["https:\/\/informelitoral.com.ar\/la-afip-ratifica-fechas-de-vencimiento-de-bienes-personales-y-ganancias\/"]}]},{"@type":"ImageObject","inLanguage":"es","@id":"https:\/\/informelitoral.com.ar\/la-afip-ratifica-fechas-de-vencimiento-de-bienes-personales-y-ganancias\/#primaryimage","url":"https:\/\/informelitoral.com.ar\/%77%70%2d%63%6f%6e%74%65%6e%74\/uploads\/2020\/09\/Afip.jpg","contentUrl":"https:\/\/informelitoral.com.ar\/%77%70%2d%63%6f%6e%74%65%6e%74\/uploads\/2020\/09\/Afip.jpg","width":1330,"height":880},{"@type":"BreadcrumbList","@id":"https:\/\/informelitoral.com.ar\/la-afip-ratifica-fechas-de-vencimiento-de-bienes-personales-y-ganancias\/#breadcrumb","itemListElement":[{"@type":"ListItem","position":1,"name":"Portada","item":"https:\/\/informelitoral.com.ar\/"},{"@type":"ListItem","position":2,"name":"La AFIP ratifica fechas de vencimiento de Bienes Personales y Ganancias"}]},{"@type":"WebSite","@id":"https:\/\/informelitoral.com.ar\/#website","url":"https:\/\/informelitoral.com.ar\/","name":"Informe Litoral","description":"&quot;Nos informamos&quot; ","publisher":{"@id":"https:\/\/informelitoral.com.ar\/#organization"},"potentialAction":[{"@type":"SearchAction","target":{"@type":"EntryPoint","urlTemplate":"https:\/\/informelitoral.com.ar\/?s={search_term_string}"},"query-input":{"@type":"PropertyValueSpecification","valueRequired":true,"valueName":"search_term_string"}}],"inLanguage":"es"},{"@type":"Organization","@id":"https:\/\/informelitoral.com.ar\/#organization","name":"Informe Litoral","url":"https:\/\/informelitoral.com.ar\/","logo":{"@type":"ImageObject","inLanguage":"es","@id":"https:\/\/informelitoral.com.ar\/#\/schema\/logo\/image\/","url":"https:\/\/informelitoral.com.ar\/%77%70%2d%63%6f%6e%74%65%6e%74\/uploads\/2021\/01\/circulo.png","contentUrl":"https:\/\/informelitoral.com.ar\/%77%70%2d%63%6f%6e%74%65%6e%74\/uploads\/2021\/01\/circulo.png","width":723,"height":731,"caption":"Informe Litoral"},"image":{"@id":"https:\/\/informelitoral.com.ar\/#\/schema\/logo\/image\/"},"sameAs":["https:\/\/www.facebook.com\/informelitoral\/","https:\/\/x.com\/InformeLitoral","https:\/\/www.instagram.com\/informelitoral\/","https:\/\/www.youtube.com\/channel\/UCua4Qvz8Icb6MYqhoq9xLXw"]},{"@type":"Person","@id":"https:\/\/informelitoral.com.ar\/#\/schema\/person\/f05f9f461677119578717524b127d6d5","name":"Sebastian","image":{"@type":"ImageObject","inLanguage":"es","@id":"https:\/\/secure.gravatar.com\/avatar\/b71bf7481d447dfb9583c7f2798e7cc64de6efb9067b74633ed8c31059a3bd82?s=96&d=mm&r=g","url":"https:\/\/secure.gravatar.com\/avatar\/b71bf7481d447dfb9583c7f2798e7cc64de6efb9067b74633ed8c31059a3bd82?s=96&d=mm&r=g","contentUrl":"https:\/\/secure.gravatar.com\/avatar\/b71bf7481d447dfb9583c7f2798e7cc64de6efb9067b74633ed8c31059a3bd82?s=96&d=mm&r=g","caption":"Sebastian"},"url":"https:\/\/informelitoral.com.ar\/author\/sebastian\/"}]}},"_links":{"self":[{"href":"https:\/\/informelitoral.com.ar\/%77%70%2d%6a%73%6f%6e\/wp\/v2\/posts\/80242","targetHints":{"allow":["GET"]}}],"collection":[{"href":"https:\/\/informelitoral.com.ar\/%77%70%2d%6a%73%6f%6e\/wp\/v2\/posts"}],"about":[{"href":"https:\/\/informelitoral.com.ar\/%77%70%2d%6a%73%6f%6e\/wp\/v2\/types\/post"}],"author":[{"embeddable":true,"href":"https:\/\/informelitoral.com.ar\/%77%70%2d%6a%73%6f%6e\/wp\/v2\/users\/8"}],"replies":[{"embeddable":true,"href":"https:\/\/informelitoral.com.ar\/%77%70%2d%6a%73%6f%6e\/wp\/v2\/comments?post=80242"}],"version-history":[{"count":0,"href":"https:\/\/informelitoral.com.ar\/%77%70%2d%6a%73%6f%6e\/wp\/v2\/posts\/80242\/revisions"}],"wp:featuredmedia":[{"embeddable":true,"href":"https:\/\/informelitoral.com.ar\/%77%70%2d%6a%73%6f%6e\/wp\/v2\/media\/49380"}],"wp:attachment":[{"href":"https:\/\/informelitoral.com.ar\/%77%70%2d%6a%73%6f%6e\/wp\/v2\/media?parent=80242"}],"wp:term":[{"taxonomy":"category","embeddable":true,"href":"https:\/\/informelitoral.com.ar\/%77%70%2d%6a%73%6f%6e\/wp\/v2\/categories?post=80242"},{"taxonomy":"post_tag","embeddable":true,"href":"https:\/\/informelitoral.com.ar\/%77%70%2d%6a%73%6f%6e\/wp\/v2\/tags?post=80242"}],"curies":[{"name":"wp","href":"https:\/\/api.w.org\/{rel}","templated":true}]}}