{"id":80238,"date":"2022-06-23T10:00:34","date_gmt":"2022-06-23T13:00:34","guid":{"rendered":"https:\/\/www.informelitoral.com.ar\/?p=80238"},"modified":"2022-06-23T10:07:28","modified_gmt":"2022-06-23T13:07:28","slug":"por-tragedia-vial-en-la-ruta-12-acuerdan-prision-condicional","status":"publish","type":"post","link":"https:\/\/informelitoral.com.ar\/por-tragedia-vial-en-la-ruta-12-acuerdan-prision-condicional\/","title":{"rendered":"Por tragedia vial en la ruta 12 acuerdan prisi\u00f3n condicional"},"content":{"rendered":"<p>Un grupo de j\u00f3venes de Crespo viajaba hacia General Ram\u00edrez en un auto para ir a bailar a una fiesta. Lo mismo hac\u00edan otros dos chicos de la misma localidad, que iban en una moto. En la ruta nacional 12, en un tramo con el asfalto en p\u00e9simo estado, el auto atropell\u00f3 de atr\u00e1s a la moto. Los dos motociclistas fallecieron en el acto. El conductor del auto fue imputado y ayer acord\u00f3 cumplir tres a\u00f1os de prisi\u00f3n condicional por la tragedia vial.<\/p>\n<p>Seg\u00fan se pudo establecer en la investigaci\u00f3n, se trat\u00f3 de una desgracia donde todos tuvieron algo de responsabilidad y mucho tuvieron que ver las condiciones viales y clim\u00e1ticas en que se produjo el accidente.<\/p>\n<p>El hecho ocurri\u00f3 en la madrugada del 22 de agosto de 2021. Unos minutos antes de las 3 de ese domingo transitaban ambos veh\u00edculos por el kil\u00f3metro 389 de la ruta nacional 12, a la altura del predio de la cooperativa La Ganadera, en cercan\u00edas de General Ram\u00edrez: un auto VW Gol Trend y una moto Guerrero de 110 cc. Ambos se dirig\u00edan en el mismo sentido de circulaci\u00f3n: desde Crespo hacia la localidad del Departamento Diamante.<\/p>\n<p>En el auto iban cuatro ocupantes, y en la moto iban dos. Todos j\u00f3venes de Crespo de entre 17 y 23 a\u00f1os. El VW Gol Trend era conducido por A.O.J., de 21, y en la moto iban el conductor Agust\u00edn D\u00edaz, de 24, acompa\u00f1ado por Roc\u00edo Guti\u00e9rrez, de 20.<\/p>\n<p>El auto embisti\u00f3 desde atr\u00e1s la moto y los dos crespenses fallecieron en forma pr\u00e1cticamente inmediata. La moto qued\u00f3 completamente destruida y el auto con el frente da\u00f1ado. Los automovilistas y otros transe\u00fantes que pasaron por el lugar y se encontraron con el siniestro llamaron a la Polic\u00eda en forma insistente y reiterada. Cuando una ambulancia lleg\u00f3 al lugar, el personal m\u00e9dico confirm\u00f3 que nada se pod\u00eda hacer para salvar a las v\u00edctimas.<\/p>\n<p>Durante varias horas la Polic\u00eda desarroll\u00f3 las tareas de rigor en el lugar, con intervenci\u00f3n de la Unidad Fiscal de Diamante, adem\u00e1s de efectuarse pericias a trav\u00e9s del gabinete de Accidentolog\u00eda Vial de esa Departamental.<\/p>\n<p>Seg\u00fan se inform\u00f3 a Diario Uno acerca de lo establecido en la investigaci\u00f3n, se habl\u00f3 de \u201cculpa concurrente\u201d: el automovilista iba en exceso de velocidad, en una ruta donde la m\u00e1xima es de 110 kil\u00f3metros por hora, y seg\u00fan las pericias el veh\u00edculo transitaba a 118. Asimismo, se mencion\u00f3 que la moto no habr\u00eda tenido las luces traseras en pleno funcionamiento.<\/p>\n<p>Por otra parte, las condiciones no eran las mejores: el asfalto en ese tramo se encontraba con profundos desniveles (a\u00fan sigue estando en este mal estado), y no hab\u00eda iluminaci\u00f3n pese a encontrarse cerca de uno de los accesos a Ram\u00edrez, lo que complicaba la visibilidad en la zona.<\/p>\n<p>Todo esto se tuvo en cuenta al momento de llegar al juicio, donde las partes optaron por un acuerdo en un procedimiento abreviado. Ayer por la ma\u00f1ana, la fiscal Mar\u00eda Florencia Acu\u00f1a present\u00f3 ante el juez de Garant\u00edas de Diamante Jorge Barbagelata Xavier el acuerdo al que arrib\u00f3 con el joven de 22 a\u00f1os, A.O.J., y su abogado defensor, Alberto Feu, de tres a\u00f1os de prisi\u00f3n condicional.<\/p>\n<p>En la sala de audiencias H\u00e9roes de Malvinas de la Justicia de Diamante, el imputado consinti\u00f3 la sanci\u00f3n que deber\u00e1 cumplir. La semana que viene, el mi\u00e9rcoles 29, el juez dar\u00e1 a conocer si homologa el acuerdo en una sentencia.<\/p>\n<p>Se indic\u00f3 que las familias, que no estaban representadas por querellas en la causa, de las v\u00edctimas habr\u00edan prestado su consentimiento con esta resoluci\u00f3n de la causa penal. <em>(UNO Entre R\u00edos)<\/em><\/p>\n","protected":false},"excerpt":{"rendered":"<p>El joven de Crespo que conduc\u00eda el auto y atropell\u00f3 a una moto, acept\u00f3 tres a\u00f1os de prisi\u00f3n por la tragedia donde murieron otros dos j\u00f3venes tambien oriundos de Crespo.<\/p>\n","protected":false},"author":8,"featured_media":80239,"comment_status":"open","ping_status":"open","sticky":false,"template":"","format":"standard","meta":{"fifu_image_url":"","fifu_image_alt":"","footnotes":""},"categories":[14],"tags":[304,208,3757,305],"class_list":{"0":"post-80238","1":"post","2":"type-post","3":"status-publish","4":"format-standard","5":"has-post-thumbnail","7":"category-policiales","8":"tag-accidente-vial","9":"tag-crespo","10":"tag-prision-condicional","11":"tag-ruta-12"},"yoast_head":"<title>Por tragedia vial en la ruta 12 acuerdan prisi\u00f3n condicional - Informe Litoral<\/title>\n<meta name=\"robots\" content=\"index, follow, max-snippet:-1, max-image-preview:large, max-video-preview:-1\" \/>\n<link rel=\"canonical\" href=\"https:\/\/informelitoral.com.ar\/por-tragedia-vial-en-la-ruta-12-acuerdan-prision-condicional\/\" \/>\n<meta property=\"og:locale\" content=\"es_ES\" \/>\n<meta property=\"og:type\" content=\"article\" \/>\n<meta property=\"og:title\" content=\"Por tragedia vial en la ruta 12 acuerdan prisi\u00f3n condicional - Informe Litoral\" \/>\n<meta property=\"og:description\" content=\"El joven de Crespo que conduc\u00eda el auto y atropell\u00f3 a una moto, acept\u00f3 tres a\u00f1os de prisi\u00f3n por la tragedia donde murieron otros dos j\u00f3venes tambien oriundos de Crespo.\" \/>\n<meta property=\"og:url\" content=\"https:\/\/informelitoral.com.ar\/por-tragedia-vial-en-la-ruta-12-acuerdan-prision-condicional\/\" \/>\n<meta property=\"og:site_name\" content=\"Informe Litoral\" \/>\n<meta property=\"article:publisher\" content=\"https:\/\/www.facebook.com\/informelitoral\/\" \/>\n<meta property=\"article:published_time\" content=\"2022-06-23T13:00:34+00:00\" \/>\n<meta property=\"article:modified_time\" content=\"2022-06-23T13:07:28+00:00\" \/>\n<meta property=\"og:image\" content=\"https:\/\/informelitoral.com.ar\/%77%70%2d%63%6f%6e%74%65%6e%74\/uploads\/2022\/06\/gjg.jpg\" \/>\n\t<meta property=\"og:image:width\" content=\"809\" \/>\n\t<meta property=\"og:image:height\" content=\"445\" \/>\n\t<meta property=\"og:image:type\" content=\"image\/jpeg\" \/>\n<meta name=\"author\" content=\"Sebastian\" \/>\n<meta name=\"twitter:card\" content=\"summary_large_image\" \/>\n<meta name=\"twitter:creator\" content=\"@InformeLitoral\" \/>\n<meta name=\"twitter:site\" content=\"@InformeLitoral\" \/>\n<meta name=\"twitter:label1\" content=\"Escrito por\" \/>\n\t<meta name=\"twitter:data1\" content=\"Sebastian\" \/>\n\t<meta name=\"twitter:label2\" content=\"Tiempo de lectura\" \/>\n\t<meta name=\"twitter:data2\" content=\"3 minutos\" \/>\n<script type=\"application\/ld+json\" class=\"yoast-schema-graph\">{\"@context\":\"https:\\\/\\\/schema.org\",\"@graph\":[{\"@type\":\"Article\",\"@id\":\"https:\\\/\\\/informelitoral.com.ar\\\/por-tragedia-vial-en-la-ruta-12-acuerdan-prision-condicional\\\/#article\",\"isPartOf\":{\"@id\":\"https:\\\/\\\/informelitoral.com.ar\\\/por-tragedia-vial-en-la-ruta-12-acuerdan-prision-condicional\\\/\"},\"author\":{\"name\":\"Sebastian\",\"@id\":\"https:\\\/\\\/informelitoral.com.ar\\\/#\\\/schema\\\/person\\\/f05f9f461677119578717524b127d6d5\"},\"headline\":\"Por tragedia vial en la ruta 12 acuerdan prisi\u00f3n condicional\",\"datePublished\":\"2022-06-23T13:00:34+00:00\",\"dateModified\":\"2022-06-23T13:07:28+00:00\",\"mainEntityOfPage\":{\"@id\":\"https:\\\/\\\/informelitoral.com.ar\\\/por-tragedia-vial-en-la-ruta-12-acuerdan-prision-condicional\\\/\"},\"wordCount\":658,\"commentCount\":0,\"publisher\":{\"@id\":\"https:\\\/\\\/informelitoral.com.ar\\\/#organization\"},\"image\":{\"@id\":\"https:\\\/\\\/informelitoral.com.ar\\\/por-tragedia-vial-en-la-ruta-12-acuerdan-prision-condicional\\\/#primaryimage\"},\"thumbnailUrl\":\"https:\\\/\\\/informelitoral.com.ar\\\/%77%70%2d%63%6f%6e%74%65%6e%74\\\/uploads\\\/2022\\\/06\\\/gjg.jpg\",\"keywords\":[\"Accidente vial\",\"Crespo\",\"Prisi\u00f3n condicional\",\"Ruta 12\"],\"articleSection\":[\"Policiales\"],\"inLanguage\":\"es\",\"potentialAction\":[{\"@type\":\"CommentAction\",\"name\":\"Comment\",\"target\":[\"https:\\\/\\\/informelitoral.com.ar\\\/por-tragedia-vial-en-la-ruta-12-acuerdan-prision-condicional\\\/#respond\"]}]},{\"@type\":\"WebPage\",\"@id\":\"https:\\\/\\\/informelitoral.com.ar\\\/por-tragedia-vial-en-la-ruta-12-acuerdan-prision-condicional\\\/\",\"url\":\"https:\\\/\\\/informelitoral.com.ar\\\/por-tragedia-vial-en-la-ruta-12-acuerdan-prision-condicional\\\/\",\"name\":\"Por tragedia vial en la ruta 12 acuerdan prisi\u00f3n condicional - Informe Litoral\",\"isPartOf\":{\"@id\":\"https:\\\/\\\/informelitoral.com.ar\\\/#website\"},\"primaryImageOfPage\":{\"@id\":\"https:\\\/\\\/informelitoral.com.ar\\\/por-tragedia-vial-en-la-ruta-12-acuerdan-prision-condicional\\\/#primaryimage\"},\"image\":{\"@id\":\"https:\\\/\\\/informelitoral.com.ar\\\/por-tragedia-vial-en-la-ruta-12-acuerdan-prision-condicional\\\/#primaryimage\"},\"thumbnailUrl\":\"https:\\\/\\\/informelitoral.com.ar\\\/%77%70%2d%63%6f%6e%74%65%6e%74\\\/uploads\\\/2022\\\/06\\\/gjg.jpg\",\"datePublished\":\"2022-06-23T13:00:34+00:00\",\"dateModified\":\"2022-06-23T13:07:28+00:00\",\"breadcrumb\":{\"@id\":\"https:\\\/\\\/informelitoral.com.ar\\\/por-tragedia-vial-en-la-ruta-12-acuerdan-prision-condicional\\\/#breadcrumb\"},\"inLanguage\":\"es\",\"potentialAction\":[{\"@type\":\"ReadAction\",\"target\":[\"https:\\\/\\\/informelitoral.com.ar\\\/por-tragedia-vial-en-la-ruta-12-acuerdan-prision-condicional\\\/\"]}]},{\"@type\":\"ImageObject\",\"inLanguage\":\"es\",\"@id\":\"https:\\\/\\\/informelitoral.com.ar\\\/por-tragedia-vial-en-la-ruta-12-acuerdan-prision-condicional\\\/#primaryimage\",\"url\":\"https:\\\/\\\/informelitoral.com.ar\\\/%77%70%2d%63%6f%6e%74%65%6e%74\\\/uploads\\\/2022\\\/06\\\/gjg.jpg\",\"contentUrl\":\"https:\\\/\\\/informelitoral.com.ar\\\/%77%70%2d%63%6f%6e%74%65%6e%74\\\/uploads\\\/2022\\\/06\\\/gjg.jpg\",\"width\":809,\"height\":445},{\"@type\":\"BreadcrumbList\",\"@id\":\"https:\\\/\\\/informelitoral.com.ar\\\/por-tragedia-vial-en-la-ruta-12-acuerdan-prision-condicional\\\/#breadcrumb\",\"itemListElement\":[{\"@type\":\"ListItem\",\"position\":1,\"name\":\"Portada\",\"item\":\"https:\\\/\\\/informelitoral.com.ar\\\/\"},{\"@type\":\"ListItem\",\"position\":2,\"name\":\"Por tragedia vial en la ruta 12 acuerdan prisi\u00f3n condicional\"}]},{\"@type\":\"WebSite\",\"@id\":\"https:\\\/\\\/informelitoral.com.ar\\\/#website\",\"url\":\"https:\\\/\\\/informelitoral.com.ar\\\/\",\"name\":\"Informe Litoral\",\"description\":\"&quot;Nos informamos&quot; \",\"publisher\":{\"@id\":\"https:\\\/\\\/informelitoral.com.ar\\\/#organization\"},\"potentialAction\":[{\"@type\":\"SearchAction\",\"target\":{\"@type\":\"EntryPoint\",\"urlTemplate\":\"https:\\\/\\\/informelitoral.com.ar\\\/?s={search_term_string}\"},\"query-input\":{\"@type\":\"PropertyValueSpecification\",\"valueRequired\":true,\"valueName\":\"search_term_string\"}}],\"inLanguage\":\"es\"},{\"@type\":\"Organization\",\"@id\":\"https:\\\/\\\/informelitoral.com.ar\\\/#organization\",\"name\":\"Informe Litoral\",\"url\":\"https:\\\/\\\/informelitoral.com.ar\\\/\",\"logo\":{\"@type\":\"ImageObject\",\"inLanguage\":\"es\",\"@id\":\"https:\\\/\\\/informelitoral.com.ar\\\/#\\\/schema\\\/logo\\\/image\\\/\",\"url\":\"https:\\\/\\\/informelitoral.com.ar\\\/%77%70%2d%63%6f%6e%74%65%6e%74\\\/uploads\\\/2021\\\/01\\\/circulo.png\",\"contentUrl\":\"https:\\\/\\\/informelitoral.com.ar\\\/%77%70%2d%63%6f%6e%74%65%6e%74\\\/uploads\\\/2021\\\/01\\\/circulo.png\",\"width\":723,\"height\":731,\"caption\":\"Informe Litoral\"},\"image\":{\"@id\":\"https:\\\/\\\/informelitoral.com.ar\\\/#\\\/schema\\\/logo\\\/image\\\/\"},\"sameAs\":[\"https:\\\/\\\/www.facebook.com\\\/informelitoral\\\/\",\"https:\\\/\\\/x.com\\\/InformeLitoral\",\"https:\\\/\\\/www.instagram.com\\\/informelitoral\\\/\",\"https:\\\/\\\/www.youtube.com\\\/channel\\\/UCua4Qvz8Icb6MYqhoq9xLXw\"]},{\"@type\":\"Person\",\"@id\":\"https:\\\/\\\/informelitoral.com.ar\\\/#\\\/schema\\\/person\\\/f05f9f461677119578717524b127d6d5\",\"name\":\"Sebastian\",\"image\":{\"@type\":\"ImageObject\",\"inLanguage\":\"es\",\"@id\":\"https:\\\/\\\/secure.gravatar.com\\\/avatar\\\/b71bf7481d447dfb9583c7f2798e7cc64de6efb9067b74633ed8c31059a3bd82?s=96&d=mm&r=g\",\"url\":\"https:\\\/\\\/secure.gravatar.com\\\/avatar\\\/b71bf7481d447dfb9583c7f2798e7cc64de6efb9067b74633ed8c31059a3bd82?s=96&d=mm&r=g\",\"contentUrl\":\"https:\\\/\\\/secure.gravatar.com\\\/avatar\\\/b71bf7481d447dfb9583c7f2798e7cc64de6efb9067b74633ed8c31059a3bd82?s=96&d=mm&r=g\",\"caption\":\"Sebastian\"},\"url\":\"https:\\\/\\\/informelitoral.com.ar\\\/author\\\/sebastian\\\/\"}]}<\/script>","yoast_head_json":{"title":"Por tragedia vial en la ruta 12 acuerdan prisi\u00f3n condicional - Informe Litoral","robots":{"index":"index","follow":"follow","max-snippet":"max-snippet:-1","max-image-preview":"max-image-preview:large","max-video-preview":"max-video-preview:-1"},"canonical":"https:\/\/informelitoral.com.ar\/por-tragedia-vial-en-la-ruta-12-acuerdan-prision-condicional\/","og_locale":"es_ES","og_type":"article","og_title":"Por tragedia vial en la ruta 12 acuerdan prisi\u00f3n condicional - Informe Litoral","og_description":"El joven de Crespo que conduc\u00eda el auto y atropell\u00f3 a una moto, acept\u00f3 tres a\u00f1os de prisi\u00f3n por la tragedia donde murieron otros dos j\u00f3venes tambien oriundos de Crespo.","og_url":"https:\/\/informelitoral.com.ar\/por-tragedia-vial-en-la-ruta-12-acuerdan-prision-condicional\/","og_site_name":"Informe Litoral","article_publisher":"https:\/\/www.facebook.com\/informelitoral\/","article_published_time":"2022-06-23T13:00:34+00:00","article_modified_time":"2022-06-23T13:07:28+00:00","og_image":[{"width":809,"height":445,"url":"https:\/\/informelitoral.com.ar\/%77%70%2d%63%6f%6e%74%65%6e%74\/uploads\/2022\/06\/gjg.jpg","type":"image\/jpeg"}],"author":"Sebastian","twitter_card":"summary_large_image","twitter_creator":"@InformeLitoral","twitter_site":"@InformeLitoral","twitter_misc":{"Escrito por":"Sebastian","Tiempo de lectura":"3 minutos"},"schema":{"@context":"https:\/\/schema.org","@graph":[{"@type":"Article","@id":"https:\/\/informelitoral.com.ar\/por-tragedia-vial-en-la-ruta-12-acuerdan-prision-condicional\/#article","isPartOf":{"@id":"https:\/\/informelitoral.com.ar\/por-tragedia-vial-en-la-ruta-12-acuerdan-prision-condicional\/"},"author":{"name":"Sebastian","@id":"https:\/\/informelitoral.com.ar\/#\/schema\/person\/f05f9f461677119578717524b127d6d5"},"headline":"Por tragedia vial en la ruta 12 acuerdan prisi\u00f3n condicional","datePublished":"2022-06-23T13:00:34+00:00","dateModified":"2022-06-23T13:07:28+00:00","mainEntityOfPage":{"@id":"https:\/\/informelitoral.com.ar\/por-tragedia-vial-en-la-ruta-12-acuerdan-prision-condicional\/"},"wordCount":658,"commentCount":0,"publisher":{"@id":"https:\/\/informelitoral.com.ar\/#organization"},"image":{"@id":"https:\/\/informelitoral.com.ar\/por-tragedia-vial-en-la-ruta-12-acuerdan-prision-condicional\/#primaryimage"},"thumbnailUrl":"https:\/\/informelitoral.com.ar\/%77%70%2d%63%6f%6e%74%65%6e%74\/uploads\/2022\/06\/gjg.jpg","keywords":["Accidente vial","Crespo","Prisi\u00f3n condicional","Ruta 12"],"articleSection":["Policiales"],"inLanguage":"es","potentialAction":[{"@type":"CommentAction","name":"Comment","target":["https:\/\/informelitoral.com.ar\/por-tragedia-vial-en-la-ruta-12-acuerdan-prision-condicional\/#respond"]}]},{"@type":"WebPage","@id":"https:\/\/informelitoral.com.ar\/por-tragedia-vial-en-la-ruta-12-acuerdan-prision-condicional\/","url":"https:\/\/informelitoral.com.ar\/por-tragedia-vial-en-la-ruta-12-acuerdan-prision-condicional\/","name":"Por tragedia vial en la ruta 12 acuerdan prisi\u00f3n condicional - Informe Litoral","isPartOf":{"@id":"https:\/\/informelitoral.com.ar\/#website"},"primaryImageOfPage":{"@id":"https:\/\/informelitoral.com.ar\/por-tragedia-vial-en-la-ruta-12-acuerdan-prision-condicional\/#primaryimage"},"image":{"@id":"https:\/\/informelitoral.com.ar\/por-tragedia-vial-en-la-ruta-12-acuerdan-prision-condicional\/#primaryimage"},"thumbnailUrl":"https:\/\/informelitoral.com.ar\/%77%70%2d%63%6f%6e%74%65%6e%74\/uploads\/2022\/06\/gjg.jpg","datePublished":"2022-06-23T13:00:34+00:00","dateModified":"2022-06-23T13:07:28+00:00","breadcrumb":{"@id":"https:\/\/informelitoral.com.ar\/por-tragedia-vial-en-la-ruta-12-acuerdan-prision-condicional\/#breadcrumb"},"inLanguage":"es","potentialAction":[{"@type":"ReadAction","target":["https:\/\/informelitoral.com.ar\/por-tragedia-vial-en-la-ruta-12-acuerdan-prision-condicional\/"]}]},{"@type":"ImageObject","inLanguage":"es","@id":"https:\/\/informelitoral.com.ar\/por-tragedia-vial-en-la-ruta-12-acuerdan-prision-condicional\/#primaryimage","url":"https:\/\/informelitoral.com.ar\/%77%70%2d%63%6f%6e%74%65%6e%74\/uploads\/2022\/06\/gjg.jpg","contentUrl":"https:\/\/informelitoral.com.ar\/%77%70%2d%63%6f%6e%74%65%6e%74\/uploads\/2022\/06\/gjg.jpg","width":809,"height":445},{"@type":"BreadcrumbList","@id":"https:\/\/informelitoral.com.ar\/por-tragedia-vial-en-la-ruta-12-acuerdan-prision-condicional\/#breadcrumb","itemListElement":[{"@type":"ListItem","position":1,"name":"Portada","item":"https:\/\/informelitoral.com.ar\/"},{"@type":"ListItem","position":2,"name":"Por tragedia vial en la ruta 12 acuerdan prisi\u00f3n condicional"}]},{"@type":"WebSite","@id":"https:\/\/informelitoral.com.ar\/#website","url":"https:\/\/informelitoral.com.ar\/","name":"Informe Litoral","description":"&quot;Nos informamos&quot; ","publisher":{"@id":"https:\/\/informelitoral.com.ar\/#organization"},"potentialAction":[{"@type":"SearchAction","target":{"@type":"EntryPoint","urlTemplate":"https:\/\/informelitoral.com.ar\/?s={search_term_string}"},"query-input":{"@type":"PropertyValueSpecification","valueRequired":true,"valueName":"search_term_string"}}],"inLanguage":"es"},{"@type":"Organization","@id":"https:\/\/informelitoral.com.ar\/#organization","name":"Informe Litoral","url":"https:\/\/informelitoral.com.ar\/","logo":{"@type":"ImageObject","inLanguage":"es","@id":"https:\/\/informelitoral.com.ar\/#\/schema\/logo\/image\/","url":"https:\/\/informelitoral.com.ar\/%77%70%2d%63%6f%6e%74%65%6e%74\/uploads\/2021\/01\/circulo.png","contentUrl":"https:\/\/informelitoral.com.ar\/%77%70%2d%63%6f%6e%74%65%6e%74\/uploads\/2021\/01\/circulo.png","width":723,"height":731,"caption":"Informe Litoral"},"image":{"@id":"https:\/\/informelitoral.com.ar\/#\/schema\/logo\/image\/"},"sameAs":["https:\/\/www.facebook.com\/informelitoral\/","https:\/\/x.com\/InformeLitoral","https:\/\/www.instagram.com\/informelitoral\/","https:\/\/www.youtube.com\/channel\/UCua4Qvz8Icb6MYqhoq9xLXw"]},{"@type":"Person","@id":"https:\/\/informelitoral.com.ar\/#\/schema\/person\/f05f9f461677119578717524b127d6d5","name":"Sebastian","image":{"@type":"ImageObject","inLanguage":"es","@id":"https:\/\/secure.gravatar.com\/avatar\/b71bf7481d447dfb9583c7f2798e7cc64de6efb9067b74633ed8c31059a3bd82?s=96&d=mm&r=g","url":"https:\/\/secure.gravatar.com\/avatar\/b71bf7481d447dfb9583c7f2798e7cc64de6efb9067b74633ed8c31059a3bd82?s=96&d=mm&r=g","contentUrl":"https:\/\/secure.gravatar.com\/avatar\/b71bf7481d447dfb9583c7f2798e7cc64de6efb9067b74633ed8c31059a3bd82?s=96&d=mm&r=g","caption":"Sebastian"},"url":"https:\/\/informelitoral.com.ar\/author\/sebastian\/"}]}},"_links":{"self":[{"href":"https:\/\/informelitoral.com.ar\/%77%70%2d%6a%73%6f%6e\/wp\/v2\/posts\/80238","targetHints":{"allow":["GET"]}}],"collection":[{"href":"https:\/\/informelitoral.com.ar\/%77%70%2d%6a%73%6f%6e\/wp\/v2\/posts"}],"about":[{"href":"https:\/\/informelitoral.com.ar\/%77%70%2d%6a%73%6f%6e\/wp\/v2\/types\/post"}],"author":[{"embeddable":true,"href":"https:\/\/informelitoral.com.ar\/%77%70%2d%6a%73%6f%6e\/wp\/v2\/users\/8"}],"replies":[{"embeddable":true,"href":"https:\/\/informelitoral.com.ar\/%77%70%2d%6a%73%6f%6e\/wp\/v2\/comments?post=80238"}],"version-history":[{"count":0,"href":"https:\/\/informelitoral.com.ar\/%77%70%2d%6a%73%6f%6e\/wp\/v2\/posts\/80238\/revisions"}],"wp:featuredmedia":[{"embeddable":true,"href":"https:\/\/informelitoral.com.ar\/%77%70%2d%6a%73%6f%6e\/wp\/v2\/media\/80239"}],"wp:attachment":[{"href":"https:\/\/informelitoral.com.ar\/%77%70%2d%6a%73%6f%6e\/wp\/v2\/media?parent=80238"}],"wp:term":[{"taxonomy":"category","embeddable":true,"href":"https:\/\/informelitoral.com.ar\/%77%70%2d%6a%73%6f%6e\/wp\/v2\/categories?post=80238"},{"taxonomy":"post_tag","embeddable":true,"href":"https:\/\/informelitoral.com.ar\/%77%70%2d%6a%73%6f%6e\/wp\/v2\/tags?post=80238"}],"curies":[{"name":"wp","href":"https:\/\/api.w.org\/{rel}","templated":true}]}}