{"id":80233,"date":"2022-06-23T09:48:53","date_gmt":"2022-06-23T12:48:53","guid":{"rendered":"https:\/\/www.informelitoral.com.ar\/?p=80233"},"modified":"2022-06-23T09:48:53","modified_gmt":"2022-06-23T12:48:53","slug":"pruebas-aprender-2021-preocupante-retroceso-en-lengua-tras-impacto-pandemico","status":"publish","type":"post","link":"https:\/\/informelitoral.com.ar\/pruebas-aprender-2021-preocupante-retroceso-en-lengua-tras-impacto-pandemico\/","title":{"rendered":"Pruebas Aprender 2021: preocupante retroceso en Lengua tras impacto pand\u00e9mico"},"content":{"rendered":"<p><strong>Los resultados de la Evaluaci\u00f3n Aprender 2021, la primera en poner una lupa nacional sobre el impacto de las restricciones en la presencialidad escolar por la pandemia y que alcanz\u00f3 en diciembre a m\u00e1s de 620 mil alumnos de 6to. grado de las escuelas primarias de todo el pa\u00eds, arrojaron \u00abuna relativa estabilidad\u00bb en el desempe\u00f1o en Matem\u00e1tica pero un preocupante retroceso en Lengua, con dificultades serias en la comprensi\u00f3n de textos.<\/strong><\/p>\n<p>\u00ab\u00cdbamos a medir las consecuencias de la pandemia y vemos algunos problemas como consecuencia de ella, pero que tienen antecedentes\u00bb, asegur\u00f3 este martes el ministro de Educaci\u00f3n,<strong>\u00a0Jaime Perczyk<\/strong>, en un encuentro con periodistas en el Palacio Sarmiento al que asisti\u00f3.<\/p>\n<p>\u00ab<strong>Ten\u00edamos problemas desde antes, y la pandemia los potenci\u00f3<\/strong>\u00ab, enfatiz\u00f3, sobre las pruebas desplegadas en diciembre.<strong>\u00a0El impacto mayor fue sobre los alumnos de los sectores socioecon\u00f3micos m\u00e1s bajos.<\/strong><\/p>\n<p><strong>Perczyk precis\u00f3 que \u00abcentralmente lo que muestra son dificultades en Lengua\u00bb.<\/strong><\/p>\n<p>\u00bfPor qu\u00e9 el mayor impacto en Lengua que en Matem\u00e1tica?. \u00ab<strong>Es un aprendizaje que se da colectivamente<\/strong>\u00ab, remarc\u00f3 el ministro, en referencia a las restricciones en la presencialidad definidas por el Gobierno nacional frente a la escalada en los contagios.<\/p>\n<p>Los gobernadores ya recibieron el informe detallado del desempe\u00f1o en sus provincias<strong>.\u00bbHay una que va a sorprender\u00bb<\/strong>, anticip\u00f3 Perczyk,<strong>\u00a0y dej\u00f3 entrever que la buena performance corresponde a Formosa, donde el gobierno de Gildo Insfr\u00e1n aplic\u00f3 una de las restricciones m\u00e1s duras en la presencialidad.<\/strong><\/p>\n<div id=\"hybs-mslot-8600-1\" class=\"hybs-mslot\"><\/div>\n<p><strong>En Lengua el 22,3% mostr\u00f3 un desempe\u00f1o \u00abpor debajo del b\u00e1sico\u00bb, y el 21,7% fue \u00abb\u00e1sico\u00bb.\u00a0<\/strong>En el 33,6% de los alumnos fue \u00absatisfactorio\u00bb, y en el caso de 22,4% fue \u00abavanzado\u00bb.<strong>\u00a0En 2018, el porcentaje de alumnos con desempe\u00f1o \u201cpor debajo del b\u00e1sico\u201d hab\u00eda sido del 7,1% (15,2 puntos porcentuales menos que en 2021) y, con resultado \u201cb\u00e1sico\u201d, del 17,6%.<\/strong><\/p>\n<p><strong>\u00abEsa dificultad la ten\u00edamos antes, ya lo marcaba el estudio de Unesco de 2019\u00bb, se\u00f1al\u00f3 Perczyk.<\/strong><\/p>\n<div id=\"hybs-mslot-8600-2\" class=\"hybs-mslot\"><\/div>\n<p><strong>El an\u00e1lisis en funci\u00f3n del nivel socioecon\u00f3mico arroja m\u00e1s resultados de preocupaci\u00f3n y vuelve a hacer foco en la erosi\u00f3n educativa de los niveles socio econ\u00f3micos m\u00e1s bajos, con 43,1% de los alumnos censados con rendimiento en Lengua por debajo del b\u00e1sico, contra un 8,6% de los sectores altos.<\/strong><\/p>\n<p>En Lengua\u00a0<strong>se evalu\u00f3 la comprensi\u00f3n lectora de diversos tipos de textos literarios y no literarios<\/strong>. En esa l\u00ednea, se indag\u00f3 sobre varias capacidades cognitivas: interpretar, extraer y reflexionar, y evaluar.<\/p>\n<div id=\"hybs-mslot-8600-3\" class=\"hybs-mslot\"><\/div>\n<p>\u201cLos factores asociados al rendimiento son el nivel socioecon\u00f3mico y educativo de las familias, la tenencia de libros en el hogar, el h\u00e1bito de la lectura, la repitencia y la sobreedad, el hecho de haber tenido clases virtuales, recursos tecnol\u00f3gicos y espacio f\u00edsico para estudiar\u201d, se\u00f1alaron desde la cartera educativa.<\/p>\n<p>En<strong>\u00a0Matem\u00e1tica<\/strong>, en tanto, el 23,1% de los alumnos mostr\u00f3 un desempe\u00f1o \u00abpor debajo del b\u00e1sico\u00bb y el 22,1% fue \u00abb\u00e1sico\u00bb, mientras que en el 39,1% de los casos fue \u00absatisfactorio\u00bb y s\u00f3lo en el 15,7% fue \u00abavanzado\u00bb.<strong>\u00a0En la comparativa con 2018, el porcentaje de estudiantes con rendimiento por debajo del b\u00e1sico hab\u00eda sido del 19,6%.<\/strong><\/p>\n<p>De cara a la agenda que viene con las estad\u00edsticas ya sobre la mano,\u00a0<strong>Perczyk advirti\u00f3 que \u00abla reversi\u00f3n\u00bb de este escenario llevar\u00e1 \u00abmucho tiempo, trabajo e inversi\u00f3n\u00bb.<\/strong><\/p>\n<p>El funcionario de\u00a0<strong>Alberto Fern\u00e1ndez\u00a0<\/strong>volvi\u00f3 adem\u00e1s a apuntar \u00aba los cuatro a\u00f1os desfinanciamiento educativo y de crecimiento de la pobreza infantil\u00bb, en referencia a la gesti\u00f3n de\u00a0<strong>Mauricio Macri,<\/strong>\u00a0como uno de los factores que incidieron en el resultado.<\/p>\n<p>La evaluaci\u00f3n fue desplegada el pasado 1 de diciembre en los alumnos de 6to. grado de las escuelas p\u00fablicas y privadas de todas las jurisdicciones, en los contenidos de Lengua y Matem\u00e1tica, con participaci\u00f3n \u00abmuy alta\u00bb de escuelas y estudiantes.<\/p>\n","protected":false},"excerpt":{"rendered":"<p>Los resultados arrojaron \u00abuna relativa estabilidad\u00bb en el desempe\u00f1o en Matem\u00e1tica pero un preocupante retroceso en Lengua. Los detalles.<\/p>\n","protected":false},"author":8,"featured_media":80234,"comment_status":"open","ping_status":"open","sticky":false,"template":"","format":"standard","meta":{"fifu_image_url":"","fifu_image_alt":"","footnotes":""},"categories":[7],"tags":[3756],"class_list":{"0":"post-80233","1":"post","2":"type-post","3":"status-publish","4":"format-standard","5":"has-post-thumbnail","7":"category-nacionales","8":"tag-prueba-aprender"},"yoast_head":"<title>Pruebas Aprender 2021: preocupante retroceso en Lengua tras impacto pand\u00e9mico - Informe Litoral<\/title>\n<meta name=\"robots\" content=\"index, follow, max-snippet:-1, max-image-preview:large, max-video-preview:-1\" \/>\n<link rel=\"canonical\" href=\"https:\/\/informelitoral.com.ar\/pruebas-aprender-2021-preocupante-retroceso-en-lengua-tras-impacto-pandemico\/\" \/>\n<meta property=\"og:locale\" content=\"es_ES\" \/>\n<meta property=\"og:type\" content=\"article\" \/>\n<meta property=\"og:title\" content=\"Pruebas Aprender 2021: preocupante retroceso en Lengua tras impacto pand\u00e9mico - Informe Litoral\" \/>\n<meta property=\"og:description\" content=\"Los resultados arrojaron &quot;una relativa estabilidad&quot; en el desempe\u00f1o en Matem\u00e1tica pero un preocupante retroceso en Lengua. Los detalles.\" \/>\n<meta property=\"og:url\" content=\"https:\/\/informelitoral.com.ar\/pruebas-aprender-2021-preocupante-retroceso-en-lengua-tras-impacto-pandemico\/\" \/>\n<meta property=\"og:site_name\" content=\"Informe Litoral\" \/>\n<meta property=\"article:publisher\" content=\"https:\/\/www.facebook.com\/informelitoral\/\" \/>\n<meta property=\"article:published_time\" content=\"2022-06-23T12:48:53+00:00\" \/>\n<meta property=\"og:image\" content=\"https:\/\/informelitoral.com.ar\/%77%70%2d%63%6f%6e%74%65%6e%74\/uploads\/2022\/06\/f.elconfidencial.com_original_fd0_16b_b30_fd016bb3084c0afd5024196507df9b78.jpg\" \/>\n\t<meta property=\"og:image:width\" content=\"557\" \/>\n\t<meta property=\"og:image:height\" content=\"418\" \/>\n\t<meta property=\"og:image:type\" content=\"image\/jpeg\" \/>\n<meta name=\"author\" content=\"Sebastian\" \/>\n<meta name=\"twitter:card\" content=\"summary_large_image\" \/>\n<meta name=\"twitter:creator\" content=\"@InformeLitoral\" \/>\n<meta name=\"twitter:site\" content=\"@InformeLitoral\" \/>\n<meta name=\"twitter:label1\" content=\"Escrito por\" \/>\n\t<meta name=\"twitter:data1\" content=\"Sebastian\" \/>\n\t<meta name=\"twitter:label2\" content=\"Tiempo de lectura\" \/>\n\t<meta name=\"twitter:data2\" content=\"3 minutos\" \/>\n<script type=\"application\/ld+json\" class=\"yoast-schema-graph\">{\"@context\":\"https:\\\/\\\/schema.org\",\"@graph\":[{\"@type\":\"Article\",\"@id\":\"https:\\\/\\\/informelitoral.com.ar\\\/pruebas-aprender-2021-preocupante-retroceso-en-lengua-tras-impacto-pandemico\\\/#article\",\"isPartOf\":{\"@id\":\"https:\\\/\\\/informelitoral.com.ar\\\/pruebas-aprender-2021-preocupante-retroceso-en-lengua-tras-impacto-pandemico\\\/\"},\"author\":{\"name\":\"Sebastian\",\"@id\":\"https:\\\/\\\/informelitoral.com.ar\\\/#\\\/schema\\\/person\\\/f05f9f461677119578717524b127d6d5\"},\"headline\":\"Pruebas Aprender 2021: preocupante retroceso en Lengua tras impacto pand\u00e9mico\",\"datePublished\":\"2022-06-23T12:48:53+00:00\",\"mainEntityOfPage\":{\"@id\":\"https:\\\/\\\/informelitoral.com.ar\\\/pruebas-aprender-2021-preocupante-retroceso-en-lengua-tras-impacto-pandemico\\\/\"},\"wordCount\":657,\"commentCount\":0,\"publisher\":{\"@id\":\"https:\\\/\\\/informelitoral.com.ar\\\/#organization\"},\"image\":{\"@id\":\"https:\\\/\\\/informelitoral.com.ar\\\/pruebas-aprender-2021-preocupante-retroceso-en-lengua-tras-impacto-pandemico\\\/#primaryimage\"},\"thumbnailUrl\":\"https:\\\/\\\/informelitoral.com.ar\\\/%77%70%2d%63%6f%6e%74%65%6e%74\\\/uploads\\\/2022\\\/06\\\/f.elconfidencial.com_original_fd0_16b_b30_fd016bb3084c0afd5024196507df9b78.jpg\",\"keywords\":[\"Prueba aprender\"],\"articleSection\":[\"Nacionales\"],\"inLanguage\":\"es\",\"potentialAction\":[{\"@type\":\"CommentAction\",\"name\":\"Comment\",\"target\":[\"https:\\\/\\\/informelitoral.com.ar\\\/pruebas-aprender-2021-preocupante-retroceso-en-lengua-tras-impacto-pandemico\\\/#respond\"]}]},{\"@type\":\"WebPage\",\"@id\":\"https:\\\/\\\/informelitoral.com.ar\\\/pruebas-aprender-2021-preocupante-retroceso-en-lengua-tras-impacto-pandemico\\\/\",\"url\":\"https:\\\/\\\/informelitoral.com.ar\\\/pruebas-aprender-2021-preocupante-retroceso-en-lengua-tras-impacto-pandemico\\\/\",\"name\":\"Pruebas Aprender 2021: preocupante retroceso en Lengua tras impacto pand\u00e9mico - Informe Litoral\",\"isPartOf\":{\"@id\":\"https:\\\/\\\/informelitoral.com.ar\\\/#website\"},\"primaryImageOfPage\":{\"@id\":\"https:\\\/\\\/informelitoral.com.ar\\\/pruebas-aprender-2021-preocupante-retroceso-en-lengua-tras-impacto-pandemico\\\/#primaryimage\"},\"image\":{\"@id\":\"https:\\\/\\\/informelitoral.com.ar\\\/pruebas-aprender-2021-preocupante-retroceso-en-lengua-tras-impacto-pandemico\\\/#primaryimage\"},\"thumbnailUrl\":\"https:\\\/\\\/informelitoral.com.ar\\\/%77%70%2d%63%6f%6e%74%65%6e%74\\\/uploads\\\/2022\\\/06\\\/f.elconfidencial.com_original_fd0_16b_b30_fd016bb3084c0afd5024196507df9b78.jpg\",\"datePublished\":\"2022-06-23T12:48:53+00:00\",\"breadcrumb\":{\"@id\":\"https:\\\/\\\/informelitoral.com.ar\\\/pruebas-aprender-2021-preocupante-retroceso-en-lengua-tras-impacto-pandemico\\\/#breadcrumb\"},\"inLanguage\":\"es\",\"potentialAction\":[{\"@type\":\"ReadAction\",\"target\":[\"https:\\\/\\\/informelitoral.com.ar\\\/pruebas-aprender-2021-preocupante-retroceso-en-lengua-tras-impacto-pandemico\\\/\"]}]},{\"@type\":\"ImageObject\",\"inLanguage\":\"es\",\"@id\":\"https:\\\/\\\/informelitoral.com.ar\\\/pruebas-aprender-2021-preocupante-retroceso-en-lengua-tras-impacto-pandemico\\\/#primaryimage\",\"url\":\"https:\\\/\\\/informelitoral.com.ar\\\/%77%70%2d%63%6f%6e%74%65%6e%74\\\/uploads\\\/2022\\\/06\\\/f.elconfidencial.com_original_fd0_16b_b30_fd016bb3084c0afd5024196507df9b78.jpg\",\"contentUrl\":\"https:\\\/\\\/informelitoral.com.ar\\\/%77%70%2d%63%6f%6e%74%65%6e%74\\\/uploads\\\/2022\\\/06\\\/f.elconfidencial.com_original_fd0_16b_b30_fd016bb3084c0afd5024196507df9b78.jpg\",\"width\":557,\"height\":418},{\"@type\":\"BreadcrumbList\",\"@id\":\"https:\\\/\\\/informelitoral.com.ar\\\/pruebas-aprender-2021-preocupante-retroceso-en-lengua-tras-impacto-pandemico\\\/#breadcrumb\",\"itemListElement\":[{\"@type\":\"ListItem\",\"position\":1,\"name\":\"Portada\",\"item\":\"https:\\\/\\\/informelitoral.com.ar\\\/\"},{\"@type\":\"ListItem\",\"position\":2,\"name\":\"Pruebas Aprender 2021: preocupante retroceso en Lengua tras impacto pand\u00e9mico\"}]},{\"@type\":\"WebSite\",\"@id\":\"https:\\\/\\\/informelitoral.com.ar\\\/#website\",\"url\":\"https:\\\/\\\/informelitoral.com.ar\\\/\",\"name\":\"Informe Litoral\",\"description\":\"&quot;Nos informamos&quot; \",\"publisher\":{\"@id\":\"https:\\\/\\\/informelitoral.com.ar\\\/#organization\"},\"potentialAction\":[{\"@type\":\"SearchAction\",\"target\":{\"@type\":\"EntryPoint\",\"urlTemplate\":\"https:\\\/\\\/informelitoral.com.ar\\\/?s={search_term_string}\"},\"query-input\":{\"@type\":\"PropertyValueSpecification\",\"valueRequired\":true,\"valueName\":\"search_term_string\"}}],\"inLanguage\":\"es\"},{\"@type\":\"Organization\",\"@id\":\"https:\\\/\\\/informelitoral.com.ar\\\/#organization\",\"name\":\"Informe Litoral\",\"url\":\"https:\\\/\\\/informelitoral.com.ar\\\/\",\"logo\":{\"@type\":\"ImageObject\",\"inLanguage\":\"es\",\"@id\":\"https:\\\/\\\/informelitoral.com.ar\\\/#\\\/schema\\\/logo\\\/image\\\/\",\"url\":\"https:\\\/\\\/informelitoral.com.ar\\\/%77%70%2d%63%6f%6e%74%65%6e%74\\\/uploads\\\/2021\\\/01\\\/circulo.png\",\"contentUrl\":\"https:\\\/\\\/informelitoral.com.ar\\\/%77%70%2d%63%6f%6e%74%65%6e%74\\\/uploads\\\/2021\\\/01\\\/circulo.png\",\"width\":723,\"height\":731,\"caption\":\"Informe Litoral\"},\"image\":{\"@id\":\"https:\\\/\\\/informelitoral.com.ar\\\/#\\\/schema\\\/logo\\\/image\\\/\"},\"sameAs\":[\"https:\\\/\\\/www.facebook.com\\\/informelitoral\\\/\",\"https:\\\/\\\/x.com\\\/InformeLitoral\",\"https:\\\/\\\/www.instagram.com\\\/informelitoral\\\/\",\"https:\\\/\\\/www.youtube.com\\\/channel\\\/UCua4Qvz8Icb6MYqhoq9xLXw\"]},{\"@type\":\"Person\",\"@id\":\"https:\\\/\\\/informelitoral.com.ar\\\/#\\\/schema\\\/person\\\/f05f9f461677119578717524b127d6d5\",\"name\":\"Sebastian\",\"image\":{\"@type\":\"ImageObject\",\"inLanguage\":\"es\",\"@id\":\"https:\\\/\\\/secure.gravatar.com\\\/avatar\\\/b71bf7481d447dfb9583c7f2798e7cc64de6efb9067b74633ed8c31059a3bd82?s=96&d=mm&r=g\",\"url\":\"https:\\\/\\\/secure.gravatar.com\\\/avatar\\\/b71bf7481d447dfb9583c7f2798e7cc64de6efb9067b74633ed8c31059a3bd82?s=96&d=mm&r=g\",\"contentUrl\":\"https:\\\/\\\/secure.gravatar.com\\\/avatar\\\/b71bf7481d447dfb9583c7f2798e7cc64de6efb9067b74633ed8c31059a3bd82?s=96&d=mm&r=g\",\"caption\":\"Sebastian\"},\"url\":\"https:\\\/\\\/informelitoral.com.ar\\\/author\\\/sebastian\\\/\"}]}<\/script>","yoast_head_json":{"title":"Pruebas Aprender 2021: preocupante retroceso en Lengua tras impacto pand\u00e9mico - Informe Litoral","robots":{"index":"index","follow":"follow","max-snippet":"max-snippet:-1","max-image-preview":"max-image-preview:large","max-video-preview":"max-video-preview:-1"},"canonical":"https:\/\/informelitoral.com.ar\/pruebas-aprender-2021-preocupante-retroceso-en-lengua-tras-impacto-pandemico\/","og_locale":"es_ES","og_type":"article","og_title":"Pruebas Aprender 2021: preocupante retroceso en Lengua tras impacto pand\u00e9mico - Informe Litoral","og_description":"Los resultados arrojaron \"una relativa estabilidad\" en el desempe\u00f1o en Matem\u00e1tica pero un preocupante retroceso en Lengua. Los detalles.","og_url":"https:\/\/informelitoral.com.ar\/pruebas-aprender-2021-preocupante-retroceso-en-lengua-tras-impacto-pandemico\/","og_site_name":"Informe Litoral","article_publisher":"https:\/\/www.facebook.com\/informelitoral\/","article_published_time":"2022-06-23T12:48:53+00:00","og_image":[{"width":557,"height":418,"url":"https:\/\/informelitoral.com.ar\/%77%70%2d%63%6f%6e%74%65%6e%74\/uploads\/2022\/06\/f.elconfidencial.com_original_fd0_16b_b30_fd016bb3084c0afd5024196507df9b78.jpg","type":"image\/jpeg"}],"author":"Sebastian","twitter_card":"summary_large_image","twitter_creator":"@InformeLitoral","twitter_site":"@InformeLitoral","twitter_misc":{"Escrito por":"Sebastian","Tiempo de lectura":"3 minutos"},"schema":{"@context":"https:\/\/schema.org","@graph":[{"@type":"Article","@id":"https:\/\/informelitoral.com.ar\/pruebas-aprender-2021-preocupante-retroceso-en-lengua-tras-impacto-pandemico\/#article","isPartOf":{"@id":"https:\/\/informelitoral.com.ar\/pruebas-aprender-2021-preocupante-retroceso-en-lengua-tras-impacto-pandemico\/"},"author":{"name":"Sebastian","@id":"https:\/\/informelitoral.com.ar\/#\/schema\/person\/f05f9f461677119578717524b127d6d5"},"headline":"Pruebas Aprender 2021: preocupante retroceso en Lengua tras impacto pand\u00e9mico","datePublished":"2022-06-23T12:48:53+00:00","mainEntityOfPage":{"@id":"https:\/\/informelitoral.com.ar\/pruebas-aprender-2021-preocupante-retroceso-en-lengua-tras-impacto-pandemico\/"},"wordCount":657,"commentCount":0,"publisher":{"@id":"https:\/\/informelitoral.com.ar\/#organization"},"image":{"@id":"https:\/\/informelitoral.com.ar\/pruebas-aprender-2021-preocupante-retroceso-en-lengua-tras-impacto-pandemico\/#primaryimage"},"thumbnailUrl":"https:\/\/informelitoral.com.ar\/%77%70%2d%63%6f%6e%74%65%6e%74\/uploads\/2022\/06\/f.elconfidencial.com_original_fd0_16b_b30_fd016bb3084c0afd5024196507df9b78.jpg","keywords":["Prueba aprender"],"articleSection":["Nacionales"],"inLanguage":"es","potentialAction":[{"@type":"CommentAction","name":"Comment","target":["https:\/\/informelitoral.com.ar\/pruebas-aprender-2021-preocupante-retroceso-en-lengua-tras-impacto-pandemico\/#respond"]}]},{"@type":"WebPage","@id":"https:\/\/informelitoral.com.ar\/pruebas-aprender-2021-preocupante-retroceso-en-lengua-tras-impacto-pandemico\/","url":"https:\/\/informelitoral.com.ar\/pruebas-aprender-2021-preocupante-retroceso-en-lengua-tras-impacto-pandemico\/","name":"Pruebas Aprender 2021: preocupante retroceso en Lengua tras impacto pand\u00e9mico - Informe Litoral","isPartOf":{"@id":"https:\/\/informelitoral.com.ar\/#website"},"primaryImageOfPage":{"@id":"https:\/\/informelitoral.com.ar\/pruebas-aprender-2021-preocupante-retroceso-en-lengua-tras-impacto-pandemico\/#primaryimage"},"image":{"@id":"https:\/\/informelitoral.com.ar\/pruebas-aprender-2021-preocupante-retroceso-en-lengua-tras-impacto-pandemico\/#primaryimage"},"thumbnailUrl":"https:\/\/informelitoral.com.ar\/%77%70%2d%63%6f%6e%74%65%6e%74\/uploads\/2022\/06\/f.elconfidencial.com_original_fd0_16b_b30_fd016bb3084c0afd5024196507df9b78.jpg","datePublished":"2022-06-23T12:48:53+00:00","breadcrumb":{"@id":"https:\/\/informelitoral.com.ar\/pruebas-aprender-2021-preocupante-retroceso-en-lengua-tras-impacto-pandemico\/#breadcrumb"},"inLanguage":"es","potentialAction":[{"@type":"ReadAction","target":["https:\/\/informelitoral.com.ar\/pruebas-aprender-2021-preocupante-retroceso-en-lengua-tras-impacto-pandemico\/"]}]},{"@type":"ImageObject","inLanguage":"es","@id":"https:\/\/informelitoral.com.ar\/pruebas-aprender-2021-preocupante-retroceso-en-lengua-tras-impacto-pandemico\/#primaryimage","url":"https:\/\/informelitoral.com.ar\/%77%70%2d%63%6f%6e%74%65%6e%74\/uploads\/2022\/06\/f.elconfidencial.com_original_fd0_16b_b30_fd016bb3084c0afd5024196507df9b78.jpg","contentUrl":"https:\/\/informelitoral.com.ar\/%77%70%2d%63%6f%6e%74%65%6e%74\/uploads\/2022\/06\/f.elconfidencial.com_original_fd0_16b_b30_fd016bb3084c0afd5024196507df9b78.jpg","width":557,"height":418},{"@type":"BreadcrumbList","@id":"https:\/\/informelitoral.com.ar\/pruebas-aprender-2021-preocupante-retroceso-en-lengua-tras-impacto-pandemico\/#breadcrumb","itemListElement":[{"@type":"ListItem","position":1,"name":"Portada","item":"https:\/\/informelitoral.com.ar\/"},{"@type":"ListItem","position":2,"name":"Pruebas Aprender 2021: preocupante retroceso en Lengua tras impacto pand\u00e9mico"}]},{"@type":"WebSite","@id":"https:\/\/informelitoral.com.ar\/#website","url":"https:\/\/informelitoral.com.ar\/","name":"Informe Litoral","description":"&quot;Nos informamos&quot; ","publisher":{"@id":"https:\/\/informelitoral.com.ar\/#organization"},"potentialAction":[{"@type":"SearchAction","target":{"@type":"EntryPoint","urlTemplate":"https:\/\/informelitoral.com.ar\/?s={search_term_string}"},"query-input":{"@type":"PropertyValueSpecification","valueRequired":true,"valueName":"search_term_string"}}],"inLanguage":"es"},{"@type":"Organization","@id":"https:\/\/informelitoral.com.ar\/#organization","name":"Informe Litoral","url":"https:\/\/informelitoral.com.ar\/","logo":{"@type":"ImageObject","inLanguage":"es","@id":"https:\/\/informelitoral.com.ar\/#\/schema\/logo\/image\/","url":"https:\/\/informelitoral.com.ar\/%77%70%2d%63%6f%6e%74%65%6e%74\/uploads\/2021\/01\/circulo.png","contentUrl":"https:\/\/informelitoral.com.ar\/%77%70%2d%63%6f%6e%74%65%6e%74\/uploads\/2021\/01\/circulo.png","width":723,"height":731,"caption":"Informe Litoral"},"image":{"@id":"https:\/\/informelitoral.com.ar\/#\/schema\/logo\/image\/"},"sameAs":["https:\/\/www.facebook.com\/informelitoral\/","https:\/\/x.com\/InformeLitoral","https:\/\/www.instagram.com\/informelitoral\/","https:\/\/www.youtube.com\/channel\/UCua4Qvz8Icb6MYqhoq9xLXw"]},{"@type":"Person","@id":"https:\/\/informelitoral.com.ar\/#\/schema\/person\/f05f9f461677119578717524b127d6d5","name":"Sebastian","image":{"@type":"ImageObject","inLanguage":"es","@id":"https:\/\/secure.gravatar.com\/avatar\/b71bf7481d447dfb9583c7f2798e7cc64de6efb9067b74633ed8c31059a3bd82?s=96&d=mm&r=g","url":"https:\/\/secure.gravatar.com\/avatar\/b71bf7481d447dfb9583c7f2798e7cc64de6efb9067b74633ed8c31059a3bd82?s=96&d=mm&r=g","contentUrl":"https:\/\/secure.gravatar.com\/avatar\/b71bf7481d447dfb9583c7f2798e7cc64de6efb9067b74633ed8c31059a3bd82?s=96&d=mm&r=g","caption":"Sebastian"},"url":"https:\/\/informelitoral.com.ar\/author\/sebastian\/"}]}},"_links":{"self":[{"href":"https:\/\/informelitoral.com.ar\/%77%70%2d%6a%73%6f%6e\/wp\/v2\/posts\/80233","targetHints":{"allow":["GET"]}}],"collection":[{"href":"https:\/\/informelitoral.com.ar\/%77%70%2d%6a%73%6f%6e\/wp\/v2\/posts"}],"about":[{"href":"https:\/\/informelitoral.com.ar\/%77%70%2d%6a%73%6f%6e\/wp\/v2\/types\/post"}],"author":[{"embeddable":true,"href":"https:\/\/informelitoral.com.ar\/%77%70%2d%6a%73%6f%6e\/wp\/v2\/users\/8"}],"replies":[{"embeddable":true,"href":"https:\/\/informelitoral.com.ar\/%77%70%2d%6a%73%6f%6e\/wp\/v2\/comments?post=80233"}],"version-history":[{"count":0,"href":"https:\/\/informelitoral.com.ar\/%77%70%2d%6a%73%6f%6e\/wp\/v2\/posts\/80233\/revisions"}],"wp:featuredmedia":[{"embeddable":true,"href":"https:\/\/informelitoral.com.ar\/%77%70%2d%6a%73%6f%6e\/wp\/v2\/media\/80234"}],"wp:attachment":[{"href":"https:\/\/informelitoral.com.ar\/%77%70%2d%6a%73%6f%6e\/wp\/v2\/media?parent=80233"}],"wp:term":[{"taxonomy":"category","embeddable":true,"href":"https:\/\/informelitoral.com.ar\/%77%70%2d%6a%73%6f%6e\/wp\/v2\/categories?post=80233"},{"taxonomy":"post_tag","embeddable":true,"href":"https:\/\/informelitoral.com.ar\/%77%70%2d%6a%73%6f%6e\/wp\/v2\/tags?post=80233"}],"curies":[{"name":"wp","href":"https:\/\/api.w.org\/{rel}","templated":true}]}}