{"id":80222,"date":"2022-06-23T09:02:00","date_gmt":"2022-06-23T12:02:00","guid":{"rendered":"https:\/\/www.informelitoral.com.ar\/?p=80222"},"modified":"2022-06-23T09:11:57","modified_gmt":"2022-06-23T12:11:57","slug":"nogoya-estafador-cayo-en-una-emboscada-policial-y-fue-detenido","status":"publish","type":"post","link":"https:\/\/informelitoral.com.ar\/nogoya-estafador-cayo-en-una-emboscada-policial-y-fue-detenido\/","title":{"rendered":"Nogoy\u00e1: Estafador cay\u00f3 en una emboscada policial y fue detenido"},"content":{"rendered":"<p>Poco antes del mediod\u00eda de este mi\u00e9rcoles, la polic\u00eda de Nogoy\u00e1 activ\u00f3 un r\u00e1pido dispositivo para apresar a un estafador, para lo cual cont\u00f3 con la suspicacia y valiosa colaboraci\u00f3n del vecino que estaba a punto de ser v\u00edctima del delito.<\/p>\n<p>El subjefe de la Departamental Nogoy\u00e1, Eduardo Godoy, precis\u00f3 que \u00abun ciudadano de 39 a\u00f1os de edad, oriundo de R\u00edo Cuarto, provincia de C\u00f3rdoba, fue detenido en pleno desarrollo del il\u00edcito, por el cual qued\u00f3 imputado por el supuesto delito de Tentativa de Estafa\u00bb, destacando que \u00absu aprehensi\u00f3n se produjo en flagrancia\u00bb.<\/p>\n<p>El funcionario puntualiz\u00f3 la modalidad, en la que la v\u00edctima tambi\u00e9n tuvo un rol protag\u00f3nico para el resultado obtenido: \u00abAlrededor de las 11:30, un vecino radicado en avenida Italia de esta ciudad, recibi\u00f3 un llamado telef\u00f3nico proveniente de una persona que le manifiesta que a ra\u00edz de un problema con el Fondo Monetario Internacional, deb\u00eda cambiar los d\u00f3lares que tuviera en su poder. El due\u00f1o de casa le confirma que ten\u00eda cierto monto en moneda extranjera, a lo cual le responden que un contador pasar\u00eda a retirarlos\u00bb.<\/p>\n<p>Hasta all\u00ed el \u00abCuento del T\u00edo\u00bb se estaba desarrollando con las caracter\u00edsticas tradicionales, aunque tuvo un giro inesperado. Al respecto, Godoy explic\u00f3: \u00abPasado unos 15 minutos y desconfiando de la maniobra que le hab\u00edan propuesto, el hombre sali\u00f3 afuera de su casa y observ\u00f3 a un masculino, quien se le acerc\u00f3 r\u00e1pidamente. A ese individuo, el denunciante le entreg\u00f3 un sobre manila envuelto en bolsa pl\u00e1stica, pero en vez de dinero, s\u00f3lo conten\u00eda una revista. La potencial v\u00edctima continu\u00f3 en comunicaci\u00f3n telef\u00f3nica con la persona que lo hab\u00eda llamado antes y \u00e9sta le advierte que hab\u00eda entregado el sobre con una revista, a lo que el hombre contest\u00f3 que se hab\u00eda equivocado producto de los nervios. Pero insisti\u00f3 en que ten\u00eda el sobre con los d\u00f3lares, por lo que acord\u00f3 un nuevo paso del contador por su casa\u00bb.<\/p>\n<p>La emboscada fue exitosa: \u00abPersonal policial de la Divisi\u00f3n Investigaciones fue comisionado al lugar, y al regresar el supuesto contador, haciendo entrega el damnificado nuevamente de otro sobre con revistas, es que se procede a la detenci\u00f3n del sujeto que se iba, creyendo llevar los d\u00f3lares solicitados\u00bb, indic\u00f3 el subjefe departamental.<\/p>\n<p>Asimismo, Eduardo Godoy, confirm\u00f3 que \u00aben esas circunstancias tambi\u00e9n se procedi\u00f3 al secuestro de un Volkswagen Gol Trend, color blanco, en el cual se movilizaba el detenido. Lo propio se concret\u00f3 con el tel\u00e9fono celular que ten\u00eda en su poder, el cual ser\u00e1 pasible de pericias; quedando todo a disposici\u00f3n del Juzgado interviniente\u00bb.(<em>Estaci\u00f3n Plus Crespo<\/em>)<\/p>\n","protected":false},"excerpt":{"rendered":"<p>Un sujeto pretendi\u00f3 apoderarse de los d\u00f3lares de un vecino de Nogoy\u00e1. Sin embargo, una ingeniosa excusa permiti\u00f3 que la polic\u00eda llegara y lo espera a uno de los implicados en el ardid, quien qued\u00f3 tras las rejas.<\/p>\n","protected":false},"author":8,"featured_media":80223,"comment_status":"open","ping_status":"open","sticky":false,"template":"","format":"standard","meta":{"fifu_image_url":"","fifu_image_alt":"","footnotes":""},"categories":[14],"tags":[307,3755],"class_list":{"0":"post-80222","1":"post","2":"type-post","3":"status-publish","4":"format-standard","5":"has-post-thumbnail","7":"category-policiales","8":"tag-detenido","9":"tag-estafador"},"yoast_head":"<title>Nogoy\u00e1: Estafador cay\u00f3 en una emboscada policial y fue detenido - Informe Litoral<\/title>\n<meta name=\"robots\" content=\"index, follow, max-snippet:-1, max-image-preview:large, max-video-preview:-1\" \/>\n<link rel=\"canonical\" href=\"https:\/\/informelitoral.com.ar\/nogoya-estafador-cayo-en-una-emboscada-policial-y-fue-detenido\/\" \/>\n<meta property=\"og:locale\" content=\"es_ES\" \/>\n<meta property=\"og:type\" content=\"article\" \/>\n<meta property=\"og:title\" content=\"Nogoy\u00e1: Estafador cay\u00f3 en una emboscada policial y fue detenido - Informe Litoral\" \/>\n<meta property=\"og:description\" content=\"Un sujeto pretendi\u00f3 apoderarse de los d\u00f3lares de un vecino de Nogoy\u00e1. Sin embargo, una ingeniosa excusa permiti\u00f3 que la polic\u00eda llegara y lo espera a uno de los implicados en el ardid, quien qued\u00f3 tras las rejas.\" \/>\n<meta property=\"og:url\" content=\"https:\/\/informelitoral.com.ar\/nogoya-estafador-cayo-en-una-emboscada-policial-y-fue-detenido\/\" \/>\n<meta property=\"og:site_name\" content=\"Informe Litoral\" \/>\n<meta property=\"article:publisher\" content=\"https:\/\/www.facebook.com\/informelitoral\/\" \/>\n<meta property=\"article:published_time\" content=\"2022-06-23T12:02:00+00:00\" \/>\n<meta property=\"article:modified_time\" content=\"2022-06-23T12:11:57+00:00\" \/>\n<meta property=\"og:image\" content=\"https:\/\/informelitoral.com.ar\/%77%70%2d%63%6f%6e%74%65%6e%74\/uploads\/2022\/06\/est.jpg\" \/>\n\t<meta property=\"og:image:width\" content=\"547\" \/>\n\t<meta property=\"og:image:height\" content=\"627\" \/>\n\t<meta property=\"og:image:type\" content=\"image\/jpeg\" \/>\n<meta name=\"author\" content=\"Sebastian\" \/>\n<meta name=\"twitter:card\" content=\"summary_large_image\" \/>\n<meta name=\"twitter:creator\" content=\"@InformeLitoral\" \/>\n<meta name=\"twitter:site\" content=\"@InformeLitoral\" \/>\n<meta name=\"twitter:label1\" content=\"Escrito por\" \/>\n\t<meta name=\"twitter:data1\" content=\"Sebastian\" \/>\n\t<meta name=\"twitter:label2\" content=\"Tiempo de lectura\" \/>\n\t<meta name=\"twitter:data2\" content=\"2 minutos\" \/>\n<script type=\"application\/ld+json\" class=\"yoast-schema-graph\">{\"@context\":\"https:\\\/\\\/schema.org\",\"@graph\":[{\"@type\":\"Article\",\"@id\":\"https:\\\/\\\/informelitoral.com.ar\\\/nogoya-estafador-cayo-en-una-emboscada-policial-y-fue-detenido\\\/#article\",\"isPartOf\":{\"@id\":\"https:\\\/\\\/informelitoral.com.ar\\\/nogoya-estafador-cayo-en-una-emboscada-policial-y-fue-detenido\\\/\"},\"author\":{\"name\":\"Sebastian\",\"@id\":\"https:\\\/\\\/informelitoral.com.ar\\\/#\\\/schema\\\/person\\\/f05f9f461677119578717524b127d6d5\"},\"headline\":\"Nogoy\u00e1: Estafador cay\u00f3 en una emboscada policial y fue detenido\",\"datePublished\":\"2022-06-23T12:02:00+00:00\",\"dateModified\":\"2022-06-23T12:11:57+00:00\",\"mainEntityOfPage\":{\"@id\":\"https:\\\/\\\/informelitoral.com.ar\\\/nogoya-estafador-cayo-en-una-emboscada-policial-y-fue-detenido\\\/\"},\"wordCount\":476,\"commentCount\":0,\"publisher\":{\"@id\":\"https:\\\/\\\/informelitoral.com.ar\\\/#organization\"},\"image\":{\"@id\":\"https:\\\/\\\/informelitoral.com.ar\\\/nogoya-estafador-cayo-en-una-emboscada-policial-y-fue-detenido\\\/#primaryimage\"},\"thumbnailUrl\":\"https:\\\/\\\/informelitoral.com.ar\\\/%77%70%2d%63%6f%6e%74%65%6e%74\\\/uploads\\\/2022\\\/06\\\/est.jpg\",\"keywords\":[\"Detenido\",\"Estafador\"],\"articleSection\":[\"Policiales\"],\"inLanguage\":\"es\",\"potentialAction\":[{\"@type\":\"CommentAction\",\"name\":\"Comment\",\"target\":[\"https:\\\/\\\/informelitoral.com.ar\\\/nogoya-estafador-cayo-en-una-emboscada-policial-y-fue-detenido\\\/#respond\"]}]},{\"@type\":\"WebPage\",\"@id\":\"https:\\\/\\\/informelitoral.com.ar\\\/nogoya-estafador-cayo-en-una-emboscada-policial-y-fue-detenido\\\/\",\"url\":\"https:\\\/\\\/informelitoral.com.ar\\\/nogoya-estafador-cayo-en-una-emboscada-policial-y-fue-detenido\\\/\",\"name\":\"Nogoy\u00e1: Estafador cay\u00f3 en una emboscada policial y fue detenido - Informe Litoral\",\"isPartOf\":{\"@id\":\"https:\\\/\\\/informelitoral.com.ar\\\/#website\"},\"primaryImageOfPage\":{\"@id\":\"https:\\\/\\\/informelitoral.com.ar\\\/nogoya-estafador-cayo-en-una-emboscada-policial-y-fue-detenido\\\/#primaryimage\"},\"image\":{\"@id\":\"https:\\\/\\\/informelitoral.com.ar\\\/nogoya-estafador-cayo-en-una-emboscada-policial-y-fue-detenido\\\/#primaryimage\"},\"thumbnailUrl\":\"https:\\\/\\\/informelitoral.com.ar\\\/%77%70%2d%63%6f%6e%74%65%6e%74\\\/uploads\\\/2022\\\/06\\\/est.jpg\",\"datePublished\":\"2022-06-23T12:02:00+00:00\",\"dateModified\":\"2022-06-23T12:11:57+00:00\",\"breadcrumb\":{\"@id\":\"https:\\\/\\\/informelitoral.com.ar\\\/nogoya-estafador-cayo-en-una-emboscada-policial-y-fue-detenido\\\/#breadcrumb\"},\"inLanguage\":\"es\",\"potentialAction\":[{\"@type\":\"ReadAction\",\"target\":[\"https:\\\/\\\/informelitoral.com.ar\\\/nogoya-estafador-cayo-en-una-emboscada-policial-y-fue-detenido\\\/\"]}]},{\"@type\":\"ImageObject\",\"inLanguage\":\"es\",\"@id\":\"https:\\\/\\\/informelitoral.com.ar\\\/nogoya-estafador-cayo-en-una-emboscada-policial-y-fue-detenido\\\/#primaryimage\",\"url\":\"https:\\\/\\\/informelitoral.com.ar\\\/%77%70%2d%63%6f%6e%74%65%6e%74\\\/uploads\\\/2022\\\/06\\\/est.jpg\",\"contentUrl\":\"https:\\\/\\\/informelitoral.com.ar\\\/%77%70%2d%63%6f%6e%74%65%6e%74\\\/uploads\\\/2022\\\/06\\\/est.jpg\",\"width\":547,\"height\":627},{\"@type\":\"BreadcrumbList\",\"@id\":\"https:\\\/\\\/informelitoral.com.ar\\\/nogoya-estafador-cayo-en-una-emboscada-policial-y-fue-detenido\\\/#breadcrumb\",\"itemListElement\":[{\"@type\":\"ListItem\",\"position\":1,\"name\":\"Portada\",\"item\":\"https:\\\/\\\/informelitoral.com.ar\\\/\"},{\"@type\":\"ListItem\",\"position\":2,\"name\":\"Nogoy\u00e1: Estafador cay\u00f3 en una emboscada policial y fue detenido\"}]},{\"@type\":\"WebSite\",\"@id\":\"https:\\\/\\\/informelitoral.com.ar\\\/#website\",\"url\":\"https:\\\/\\\/informelitoral.com.ar\\\/\",\"name\":\"Informe Litoral\",\"description\":\"&quot;Nos informamos&quot; \",\"publisher\":{\"@id\":\"https:\\\/\\\/informelitoral.com.ar\\\/#organization\"},\"potentialAction\":[{\"@type\":\"SearchAction\",\"target\":{\"@type\":\"EntryPoint\",\"urlTemplate\":\"https:\\\/\\\/informelitoral.com.ar\\\/?s={search_term_string}\"},\"query-input\":{\"@type\":\"PropertyValueSpecification\",\"valueRequired\":true,\"valueName\":\"search_term_string\"}}],\"inLanguage\":\"es\"},{\"@type\":\"Organization\",\"@id\":\"https:\\\/\\\/informelitoral.com.ar\\\/#organization\",\"name\":\"Informe Litoral\",\"url\":\"https:\\\/\\\/informelitoral.com.ar\\\/\",\"logo\":{\"@type\":\"ImageObject\",\"inLanguage\":\"es\",\"@id\":\"https:\\\/\\\/informelitoral.com.ar\\\/#\\\/schema\\\/logo\\\/image\\\/\",\"url\":\"https:\\\/\\\/informelitoral.com.ar\\\/%77%70%2d%63%6f%6e%74%65%6e%74\\\/uploads\\\/2021\\\/01\\\/circulo.png\",\"contentUrl\":\"https:\\\/\\\/informelitoral.com.ar\\\/%77%70%2d%63%6f%6e%74%65%6e%74\\\/uploads\\\/2021\\\/01\\\/circulo.png\",\"width\":723,\"height\":731,\"caption\":\"Informe Litoral\"},\"image\":{\"@id\":\"https:\\\/\\\/informelitoral.com.ar\\\/#\\\/schema\\\/logo\\\/image\\\/\"},\"sameAs\":[\"https:\\\/\\\/www.facebook.com\\\/informelitoral\\\/\",\"https:\\\/\\\/x.com\\\/InformeLitoral\",\"https:\\\/\\\/www.instagram.com\\\/informelitoral\\\/\",\"https:\\\/\\\/www.youtube.com\\\/channel\\\/UCua4Qvz8Icb6MYqhoq9xLXw\"]},{\"@type\":\"Person\",\"@id\":\"https:\\\/\\\/informelitoral.com.ar\\\/#\\\/schema\\\/person\\\/f05f9f461677119578717524b127d6d5\",\"name\":\"Sebastian\",\"image\":{\"@type\":\"ImageObject\",\"inLanguage\":\"es\",\"@id\":\"https:\\\/\\\/secure.gravatar.com\\\/avatar\\\/b71bf7481d447dfb9583c7f2798e7cc64de6efb9067b74633ed8c31059a3bd82?s=96&d=mm&r=g\",\"url\":\"https:\\\/\\\/secure.gravatar.com\\\/avatar\\\/b71bf7481d447dfb9583c7f2798e7cc64de6efb9067b74633ed8c31059a3bd82?s=96&d=mm&r=g\",\"contentUrl\":\"https:\\\/\\\/secure.gravatar.com\\\/avatar\\\/b71bf7481d447dfb9583c7f2798e7cc64de6efb9067b74633ed8c31059a3bd82?s=96&d=mm&r=g\",\"caption\":\"Sebastian\"},\"url\":\"https:\\\/\\\/informelitoral.com.ar\\\/author\\\/sebastian\\\/\"}]}<\/script>","yoast_head_json":{"title":"Nogoy\u00e1: Estafador cay\u00f3 en una emboscada policial y fue detenido - Informe Litoral","robots":{"index":"index","follow":"follow","max-snippet":"max-snippet:-1","max-image-preview":"max-image-preview:large","max-video-preview":"max-video-preview:-1"},"canonical":"https:\/\/informelitoral.com.ar\/nogoya-estafador-cayo-en-una-emboscada-policial-y-fue-detenido\/","og_locale":"es_ES","og_type":"article","og_title":"Nogoy\u00e1: Estafador cay\u00f3 en una emboscada policial y fue detenido - Informe Litoral","og_description":"Un sujeto pretendi\u00f3 apoderarse de los d\u00f3lares de un vecino de Nogoy\u00e1. Sin embargo, una ingeniosa excusa permiti\u00f3 que la polic\u00eda llegara y lo espera a uno de los implicados en el ardid, quien qued\u00f3 tras las rejas.","og_url":"https:\/\/informelitoral.com.ar\/nogoya-estafador-cayo-en-una-emboscada-policial-y-fue-detenido\/","og_site_name":"Informe Litoral","article_publisher":"https:\/\/www.facebook.com\/informelitoral\/","article_published_time":"2022-06-23T12:02:00+00:00","article_modified_time":"2022-06-23T12:11:57+00:00","og_image":[{"width":547,"height":627,"url":"https:\/\/informelitoral.com.ar\/%77%70%2d%63%6f%6e%74%65%6e%74\/uploads\/2022\/06\/est.jpg","type":"image\/jpeg"}],"author":"Sebastian","twitter_card":"summary_large_image","twitter_creator":"@InformeLitoral","twitter_site":"@InformeLitoral","twitter_misc":{"Escrito por":"Sebastian","Tiempo de lectura":"2 minutos"},"schema":{"@context":"https:\/\/schema.org","@graph":[{"@type":"Article","@id":"https:\/\/informelitoral.com.ar\/nogoya-estafador-cayo-en-una-emboscada-policial-y-fue-detenido\/#article","isPartOf":{"@id":"https:\/\/informelitoral.com.ar\/nogoya-estafador-cayo-en-una-emboscada-policial-y-fue-detenido\/"},"author":{"name":"Sebastian","@id":"https:\/\/informelitoral.com.ar\/#\/schema\/person\/f05f9f461677119578717524b127d6d5"},"headline":"Nogoy\u00e1: Estafador cay\u00f3 en una emboscada policial y fue detenido","datePublished":"2022-06-23T12:02:00+00:00","dateModified":"2022-06-23T12:11:57+00:00","mainEntityOfPage":{"@id":"https:\/\/informelitoral.com.ar\/nogoya-estafador-cayo-en-una-emboscada-policial-y-fue-detenido\/"},"wordCount":476,"commentCount":0,"publisher":{"@id":"https:\/\/informelitoral.com.ar\/#organization"},"image":{"@id":"https:\/\/informelitoral.com.ar\/nogoya-estafador-cayo-en-una-emboscada-policial-y-fue-detenido\/#primaryimage"},"thumbnailUrl":"https:\/\/informelitoral.com.ar\/%77%70%2d%63%6f%6e%74%65%6e%74\/uploads\/2022\/06\/est.jpg","keywords":["Detenido","Estafador"],"articleSection":["Policiales"],"inLanguage":"es","potentialAction":[{"@type":"CommentAction","name":"Comment","target":["https:\/\/informelitoral.com.ar\/nogoya-estafador-cayo-en-una-emboscada-policial-y-fue-detenido\/#respond"]}]},{"@type":"WebPage","@id":"https:\/\/informelitoral.com.ar\/nogoya-estafador-cayo-en-una-emboscada-policial-y-fue-detenido\/","url":"https:\/\/informelitoral.com.ar\/nogoya-estafador-cayo-en-una-emboscada-policial-y-fue-detenido\/","name":"Nogoy\u00e1: Estafador cay\u00f3 en una emboscada policial y fue detenido - Informe Litoral","isPartOf":{"@id":"https:\/\/informelitoral.com.ar\/#website"},"primaryImageOfPage":{"@id":"https:\/\/informelitoral.com.ar\/nogoya-estafador-cayo-en-una-emboscada-policial-y-fue-detenido\/#primaryimage"},"image":{"@id":"https:\/\/informelitoral.com.ar\/nogoya-estafador-cayo-en-una-emboscada-policial-y-fue-detenido\/#primaryimage"},"thumbnailUrl":"https:\/\/informelitoral.com.ar\/%77%70%2d%63%6f%6e%74%65%6e%74\/uploads\/2022\/06\/est.jpg","datePublished":"2022-06-23T12:02:00+00:00","dateModified":"2022-06-23T12:11:57+00:00","breadcrumb":{"@id":"https:\/\/informelitoral.com.ar\/nogoya-estafador-cayo-en-una-emboscada-policial-y-fue-detenido\/#breadcrumb"},"inLanguage":"es","potentialAction":[{"@type":"ReadAction","target":["https:\/\/informelitoral.com.ar\/nogoya-estafador-cayo-en-una-emboscada-policial-y-fue-detenido\/"]}]},{"@type":"ImageObject","inLanguage":"es","@id":"https:\/\/informelitoral.com.ar\/nogoya-estafador-cayo-en-una-emboscada-policial-y-fue-detenido\/#primaryimage","url":"https:\/\/informelitoral.com.ar\/%77%70%2d%63%6f%6e%74%65%6e%74\/uploads\/2022\/06\/est.jpg","contentUrl":"https:\/\/informelitoral.com.ar\/%77%70%2d%63%6f%6e%74%65%6e%74\/uploads\/2022\/06\/est.jpg","width":547,"height":627},{"@type":"BreadcrumbList","@id":"https:\/\/informelitoral.com.ar\/nogoya-estafador-cayo-en-una-emboscada-policial-y-fue-detenido\/#breadcrumb","itemListElement":[{"@type":"ListItem","position":1,"name":"Portada","item":"https:\/\/informelitoral.com.ar\/"},{"@type":"ListItem","position":2,"name":"Nogoy\u00e1: Estafador cay\u00f3 en una emboscada policial y fue detenido"}]},{"@type":"WebSite","@id":"https:\/\/informelitoral.com.ar\/#website","url":"https:\/\/informelitoral.com.ar\/","name":"Informe Litoral","description":"&quot;Nos informamos&quot; ","publisher":{"@id":"https:\/\/informelitoral.com.ar\/#organization"},"potentialAction":[{"@type":"SearchAction","target":{"@type":"EntryPoint","urlTemplate":"https:\/\/informelitoral.com.ar\/?s={search_term_string}"},"query-input":{"@type":"PropertyValueSpecification","valueRequired":true,"valueName":"search_term_string"}}],"inLanguage":"es"},{"@type":"Organization","@id":"https:\/\/informelitoral.com.ar\/#organization","name":"Informe Litoral","url":"https:\/\/informelitoral.com.ar\/","logo":{"@type":"ImageObject","inLanguage":"es","@id":"https:\/\/informelitoral.com.ar\/#\/schema\/logo\/image\/","url":"https:\/\/informelitoral.com.ar\/%77%70%2d%63%6f%6e%74%65%6e%74\/uploads\/2021\/01\/circulo.png","contentUrl":"https:\/\/informelitoral.com.ar\/%77%70%2d%63%6f%6e%74%65%6e%74\/uploads\/2021\/01\/circulo.png","width":723,"height":731,"caption":"Informe Litoral"},"image":{"@id":"https:\/\/informelitoral.com.ar\/#\/schema\/logo\/image\/"},"sameAs":["https:\/\/www.facebook.com\/informelitoral\/","https:\/\/x.com\/InformeLitoral","https:\/\/www.instagram.com\/informelitoral\/","https:\/\/www.youtube.com\/channel\/UCua4Qvz8Icb6MYqhoq9xLXw"]},{"@type":"Person","@id":"https:\/\/informelitoral.com.ar\/#\/schema\/person\/f05f9f461677119578717524b127d6d5","name":"Sebastian","image":{"@type":"ImageObject","inLanguage":"es","@id":"https:\/\/secure.gravatar.com\/avatar\/b71bf7481d447dfb9583c7f2798e7cc64de6efb9067b74633ed8c31059a3bd82?s=96&d=mm&r=g","url":"https:\/\/secure.gravatar.com\/avatar\/b71bf7481d447dfb9583c7f2798e7cc64de6efb9067b74633ed8c31059a3bd82?s=96&d=mm&r=g","contentUrl":"https:\/\/secure.gravatar.com\/avatar\/b71bf7481d447dfb9583c7f2798e7cc64de6efb9067b74633ed8c31059a3bd82?s=96&d=mm&r=g","caption":"Sebastian"},"url":"https:\/\/informelitoral.com.ar\/author\/sebastian\/"}]}},"_links":{"self":[{"href":"https:\/\/informelitoral.com.ar\/%77%70%2d%6a%73%6f%6e\/wp\/v2\/posts\/80222","targetHints":{"allow":["GET"]}}],"collection":[{"href":"https:\/\/informelitoral.com.ar\/%77%70%2d%6a%73%6f%6e\/wp\/v2\/posts"}],"about":[{"href":"https:\/\/informelitoral.com.ar\/%77%70%2d%6a%73%6f%6e\/wp\/v2\/types\/post"}],"author":[{"embeddable":true,"href":"https:\/\/informelitoral.com.ar\/%77%70%2d%6a%73%6f%6e\/wp\/v2\/users\/8"}],"replies":[{"embeddable":true,"href":"https:\/\/informelitoral.com.ar\/%77%70%2d%6a%73%6f%6e\/wp\/v2\/comments?post=80222"}],"version-history":[{"count":0,"href":"https:\/\/informelitoral.com.ar\/%77%70%2d%6a%73%6f%6e\/wp\/v2\/posts\/80222\/revisions"}],"wp:featuredmedia":[{"embeddable":true,"href":"https:\/\/informelitoral.com.ar\/%77%70%2d%6a%73%6f%6e\/wp\/v2\/media\/80223"}],"wp:attachment":[{"href":"https:\/\/informelitoral.com.ar\/%77%70%2d%6a%73%6f%6e\/wp\/v2\/media?parent=80222"}],"wp:term":[{"taxonomy":"category","embeddable":true,"href":"https:\/\/informelitoral.com.ar\/%77%70%2d%6a%73%6f%6e\/wp\/v2\/categories?post=80222"},{"taxonomy":"post_tag","embeddable":true,"href":"https:\/\/informelitoral.com.ar\/%77%70%2d%6a%73%6f%6e\/wp\/v2\/tags?post=80222"}],"curies":[{"name":"wp","href":"https:\/\/api.w.org\/{rel}","templated":true}]}}