{"id":80210,"date":"2022-06-23T08:41:40","date_gmt":"2022-06-23T11:41:40","guid":{"rendered":"https:\/\/www.informelitoral.com.ar\/?p=80210"},"modified":"2022-06-23T08:41:40","modified_gmt":"2022-06-23T11:41:40","slug":"se-encuentra-abierta-la-inscripcion-al-programa-de-consolidacion-productiva-dirigido-a-empresas-entrerrianas","status":"publish","type":"post","link":"https:\/\/informelitoral.com.ar\/se-encuentra-abierta-la-inscripcion-al-programa-de-consolidacion-productiva-dirigido-a-empresas-entrerrianas\/","title":{"rendered":"Se encuentra abierta la inscripci\u00f3n al programa de Consolidaci\u00f3n Productiva dirigido a empresas entrerrianas"},"content":{"rendered":"<p>Este programa brinda cr\u00e9ditos a sola firma de hasta 3.000.000 de pesos a tasa fija del 18 por ciento para capital de trabajo e inversi\u00f3n productiva, con el fin de promover el crecimiento y consolidaci\u00f3n de las empresas radicadas en la provincia de Entre R\u00edos. A su vez, otorga un plazo de gracia de hasta 12 meses, un plazo de devoluci\u00f3n de 18 meses y dispone, adem\u00e1s, de una bonificaci\u00f3n extra de tasa de 2 puntos porcentuales para empresas lideradas por mujeres.<\/p>\n<p>El secretario de Desarrollo Econ\u00f3mico y Emprendedor de la provincia, Pedro Gebhart, indic\u00f3 que \u201cel Programa surgi\u00f3 en el a\u00f1o 2020 para asistir a empresas afectadas por la pandemia, y luego se le dio continuidad porque entend\u00edamos que es una herramienta muy valiosa para las peque\u00f1as empresas. En el a\u00f1o 2021 se financiaron 33 empresas entrerrianas de los rubros industrial, alimenticio, agropecuario y textil por un monto total de m\u00e1s de 46.000.000 de pesos; y en el transcurso del a\u00f1o 2022 se han financiado y aprobado 10 proyectos de MiPyMEs por un total de 21.000.000 de pesos\u201d.<\/p>\n<p>Inscripci\u00f3n y requisitos<\/p>\n<p>Los requisitos para acceder al cr\u00e9dito son ser una MiPyME con antig\u00fcedad m\u00ednima de actividad verificable de 12 meses, tener certificado MiPyME vigente, estar inscripto en los organismos tributarios (AFIP y ATER) y cumplir con la normativa exigida para el desarrollo de su actividad, las normas de higiene y seguridad industrial exigibles y la normativa ambiental exigible.<\/p>\n<p>La inscripci\u00f3n se realiza mediante la p\u00e1gina web\u00a0<a href=\"https:\/\/www.entrerios.gov.ar\/economicoemprendedor\/pafinanciera\" target=\"_blank\" rel=\"noopener\">https:\/\/www.entrerios.gov.ar\/economicoemprendedor\/pafinanciera<\/a><\/p>\n","protected":false},"excerpt":{"rendered":"<p>El Ministerio de Producci\u00f3n, Turismo y Desarrollo Econ\u00f3mico de la provincia otorgar\u00e1 cr\u00e9ditos dirigidos a MiPyMEs entrerrianas destinados a capital de trabajo o proyectos de inversi\u00f3n y capital de trabajo asociado.<\/p>\n","protected":false},"author":8,"featured_media":80212,"comment_status":"open","ping_status":"open","sticky":false,"template":"","format":"standard","meta":{"fifu_image_url":"","fifu_image_alt":"","footnotes":""},"categories":[6],"tags":[3750,3556],"class_list":{"0":"post-80210","1":"post","2":"type-post","3":"status-publish","4":"format-standard","5":"has-post-thumbnail","7":"category-entre-rios","8":"tag-consolidacion-productiva","9":"tag-inscripcion"},"yoast_head":"<title>Se encuentra abierta la inscripci\u00f3n al programa de Consolidaci\u00f3n Productiva dirigido a empresas entrerrianas - Informe Litoral<\/title>\n<meta name=\"robots\" content=\"index, follow, max-snippet:-1, max-image-preview:large, max-video-preview:-1\" \/>\n<link rel=\"canonical\" href=\"https:\/\/informelitoral.com.ar\/se-encuentra-abierta-la-inscripcion-al-programa-de-consolidacion-productiva-dirigido-a-empresas-entrerrianas\/\" \/>\n<meta property=\"og:locale\" content=\"es_ES\" \/>\n<meta property=\"og:type\" content=\"article\" \/>\n<meta property=\"og:title\" content=\"Se encuentra abierta la inscripci\u00f3n al programa de Consolidaci\u00f3n Productiva dirigido a empresas entrerrianas - Informe Litoral\" \/>\n<meta property=\"og:description\" content=\"El Ministerio de Producci\u00f3n, Turismo y Desarrollo Econ\u00f3mico de la provincia otorgar\u00e1 cr\u00e9ditos dirigidos a MiPyMEs entrerrianas destinados a capital de trabajo o proyectos de inversi\u00f3n y capital de trabajo asociado.\" \/>\n<meta property=\"og:url\" content=\"https:\/\/informelitoral.com.ar\/se-encuentra-abierta-la-inscripcion-al-programa-de-consolidacion-productiva-dirigido-a-empresas-entrerrianas\/\" \/>\n<meta property=\"og:site_name\" content=\"Informe Litoral\" \/>\n<meta property=\"article:publisher\" content=\"https:\/\/www.facebook.com\/informelitoral\/\" \/>\n<meta property=\"article:published_time\" content=\"2022-06-23T11:41:40+00:00\" \/>\n<meta property=\"og:image\" content=\"https:\/\/informelitoral.com.ar\/%77%70%2d%63%6f%6e%74%65%6e%74\/uploads\/2022\/06\/p_1655909904-1.jpg\" \/>\n\t<meta property=\"og:image:width\" content=\"1920\" \/>\n\t<meta property=\"og:image:height\" content=\"800\" \/>\n\t<meta property=\"og:image:type\" content=\"image\/jpeg\" \/>\n<meta name=\"author\" content=\"Sebastian\" \/>\n<meta name=\"twitter:card\" content=\"summary_large_image\" \/>\n<meta name=\"twitter:creator\" content=\"@InformeLitoral\" \/>\n<meta name=\"twitter:site\" content=\"@InformeLitoral\" \/>\n<meta name=\"twitter:label1\" content=\"Escrito por\" \/>\n\t<meta name=\"twitter:data1\" content=\"Sebastian\" \/>\n\t<meta name=\"twitter:label2\" content=\"Tiempo de lectura\" \/>\n\t<meta name=\"twitter:data2\" content=\"1 minuto\" \/>\n<script type=\"application\/ld+json\" class=\"yoast-schema-graph\">{\"@context\":\"https:\\\/\\\/schema.org\",\"@graph\":[{\"@type\":\"Article\",\"@id\":\"https:\\\/\\\/informelitoral.com.ar\\\/se-encuentra-abierta-la-inscripcion-al-programa-de-consolidacion-productiva-dirigido-a-empresas-entrerrianas\\\/#article\",\"isPartOf\":{\"@id\":\"https:\\\/\\\/informelitoral.com.ar\\\/se-encuentra-abierta-la-inscripcion-al-programa-de-consolidacion-productiva-dirigido-a-empresas-entrerrianas\\\/\"},\"author\":{\"name\":\"Sebastian\",\"@id\":\"https:\\\/\\\/informelitoral.com.ar\\\/#\\\/schema\\\/person\\\/f05f9f461677119578717524b127d6d5\"},\"headline\":\"Se encuentra abierta la inscripci\u00f3n al programa de Consolidaci\u00f3n Productiva dirigido a empresas entrerrianas\",\"datePublished\":\"2022-06-23T11:41:40+00:00\",\"mainEntityOfPage\":{\"@id\":\"https:\\\/\\\/informelitoral.com.ar\\\/se-encuentra-abierta-la-inscripcion-al-programa-de-consolidacion-productiva-dirigido-a-empresas-entrerrianas\\\/\"},\"wordCount\":277,\"commentCount\":0,\"publisher\":{\"@id\":\"https:\\\/\\\/informelitoral.com.ar\\\/#organization\"},\"image\":{\"@id\":\"https:\\\/\\\/informelitoral.com.ar\\\/se-encuentra-abierta-la-inscripcion-al-programa-de-consolidacion-productiva-dirigido-a-empresas-entrerrianas\\\/#primaryimage\"},\"thumbnailUrl\":\"https:\\\/\\\/informelitoral.com.ar\\\/%77%70%2d%63%6f%6e%74%65%6e%74\\\/uploads\\\/2022\\\/06\\\/p_1655909904-1.jpg\",\"keywords\":[\"Consolidaci\u00f3n productiva\",\"Inscripci\u00f3n\"],\"articleSection\":[\"Entre R\u00edos\"],\"inLanguage\":\"es\",\"potentialAction\":[{\"@type\":\"CommentAction\",\"name\":\"Comment\",\"target\":[\"https:\\\/\\\/informelitoral.com.ar\\\/se-encuentra-abierta-la-inscripcion-al-programa-de-consolidacion-productiva-dirigido-a-empresas-entrerrianas\\\/#respond\"]}]},{\"@type\":\"WebPage\",\"@id\":\"https:\\\/\\\/informelitoral.com.ar\\\/se-encuentra-abierta-la-inscripcion-al-programa-de-consolidacion-productiva-dirigido-a-empresas-entrerrianas\\\/\",\"url\":\"https:\\\/\\\/informelitoral.com.ar\\\/se-encuentra-abierta-la-inscripcion-al-programa-de-consolidacion-productiva-dirigido-a-empresas-entrerrianas\\\/\",\"name\":\"Se encuentra abierta la inscripci\u00f3n al programa de Consolidaci\u00f3n Productiva dirigido a empresas entrerrianas - Informe Litoral\",\"isPartOf\":{\"@id\":\"https:\\\/\\\/informelitoral.com.ar\\\/#website\"},\"primaryImageOfPage\":{\"@id\":\"https:\\\/\\\/informelitoral.com.ar\\\/se-encuentra-abierta-la-inscripcion-al-programa-de-consolidacion-productiva-dirigido-a-empresas-entrerrianas\\\/#primaryimage\"},\"image\":{\"@id\":\"https:\\\/\\\/informelitoral.com.ar\\\/se-encuentra-abierta-la-inscripcion-al-programa-de-consolidacion-productiva-dirigido-a-empresas-entrerrianas\\\/#primaryimage\"},\"thumbnailUrl\":\"https:\\\/\\\/informelitoral.com.ar\\\/%77%70%2d%63%6f%6e%74%65%6e%74\\\/uploads\\\/2022\\\/06\\\/p_1655909904-1.jpg\",\"datePublished\":\"2022-06-23T11:41:40+00:00\",\"breadcrumb\":{\"@id\":\"https:\\\/\\\/informelitoral.com.ar\\\/se-encuentra-abierta-la-inscripcion-al-programa-de-consolidacion-productiva-dirigido-a-empresas-entrerrianas\\\/#breadcrumb\"},\"inLanguage\":\"es\",\"potentialAction\":[{\"@type\":\"ReadAction\",\"target\":[\"https:\\\/\\\/informelitoral.com.ar\\\/se-encuentra-abierta-la-inscripcion-al-programa-de-consolidacion-productiva-dirigido-a-empresas-entrerrianas\\\/\"]}]},{\"@type\":\"ImageObject\",\"inLanguage\":\"es\",\"@id\":\"https:\\\/\\\/informelitoral.com.ar\\\/se-encuentra-abierta-la-inscripcion-al-programa-de-consolidacion-productiva-dirigido-a-empresas-entrerrianas\\\/#primaryimage\",\"url\":\"https:\\\/\\\/informelitoral.com.ar\\\/%77%70%2d%63%6f%6e%74%65%6e%74\\\/uploads\\\/2022\\\/06\\\/p_1655909904-1.jpg\",\"contentUrl\":\"https:\\\/\\\/informelitoral.com.ar\\\/%77%70%2d%63%6f%6e%74%65%6e%74\\\/uploads\\\/2022\\\/06\\\/p_1655909904-1.jpg\",\"width\":1920,\"height\":800},{\"@type\":\"BreadcrumbList\",\"@id\":\"https:\\\/\\\/informelitoral.com.ar\\\/se-encuentra-abierta-la-inscripcion-al-programa-de-consolidacion-productiva-dirigido-a-empresas-entrerrianas\\\/#breadcrumb\",\"itemListElement\":[{\"@type\":\"ListItem\",\"position\":1,\"name\":\"Portada\",\"item\":\"https:\\\/\\\/informelitoral.com.ar\\\/\"},{\"@type\":\"ListItem\",\"position\":2,\"name\":\"Se encuentra abierta la inscripci\u00f3n al programa de Consolidaci\u00f3n Productiva dirigido a empresas entrerrianas\"}]},{\"@type\":\"WebSite\",\"@id\":\"https:\\\/\\\/informelitoral.com.ar\\\/#website\",\"url\":\"https:\\\/\\\/informelitoral.com.ar\\\/\",\"name\":\"Informe Litoral\",\"description\":\"&quot;Nos informamos&quot; \",\"publisher\":{\"@id\":\"https:\\\/\\\/informelitoral.com.ar\\\/#organization\"},\"potentialAction\":[{\"@type\":\"SearchAction\",\"target\":{\"@type\":\"EntryPoint\",\"urlTemplate\":\"https:\\\/\\\/informelitoral.com.ar\\\/?s={search_term_string}\"},\"query-input\":{\"@type\":\"PropertyValueSpecification\",\"valueRequired\":true,\"valueName\":\"search_term_string\"}}],\"inLanguage\":\"es\"},{\"@type\":\"Organization\",\"@id\":\"https:\\\/\\\/informelitoral.com.ar\\\/#organization\",\"name\":\"Informe Litoral\",\"url\":\"https:\\\/\\\/informelitoral.com.ar\\\/\",\"logo\":{\"@type\":\"ImageObject\",\"inLanguage\":\"es\",\"@id\":\"https:\\\/\\\/informelitoral.com.ar\\\/#\\\/schema\\\/logo\\\/image\\\/\",\"url\":\"https:\\\/\\\/informelitoral.com.ar\\\/%77%70%2d%63%6f%6e%74%65%6e%74\\\/uploads\\\/2021\\\/01\\\/circulo.png\",\"contentUrl\":\"https:\\\/\\\/informelitoral.com.ar\\\/%77%70%2d%63%6f%6e%74%65%6e%74\\\/uploads\\\/2021\\\/01\\\/circulo.png\",\"width\":723,\"height\":731,\"caption\":\"Informe Litoral\"},\"image\":{\"@id\":\"https:\\\/\\\/informelitoral.com.ar\\\/#\\\/schema\\\/logo\\\/image\\\/\"},\"sameAs\":[\"https:\\\/\\\/www.facebook.com\\\/informelitoral\\\/\",\"https:\\\/\\\/x.com\\\/InformeLitoral\",\"https:\\\/\\\/www.instagram.com\\\/informelitoral\\\/\",\"https:\\\/\\\/www.youtube.com\\\/channel\\\/UCua4Qvz8Icb6MYqhoq9xLXw\"]},{\"@type\":\"Person\",\"@id\":\"https:\\\/\\\/informelitoral.com.ar\\\/#\\\/schema\\\/person\\\/f05f9f461677119578717524b127d6d5\",\"name\":\"Sebastian\",\"image\":{\"@type\":\"ImageObject\",\"inLanguage\":\"es\",\"@id\":\"https:\\\/\\\/secure.gravatar.com\\\/avatar\\\/b71bf7481d447dfb9583c7f2798e7cc64de6efb9067b74633ed8c31059a3bd82?s=96&d=mm&r=g\",\"url\":\"https:\\\/\\\/secure.gravatar.com\\\/avatar\\\/b71bf7481d447dfb9583c7f2798e7cc64de6efb9067b74633ed8c31059a3bd82?s=96&d=mm&r=g\",\"contentUrl\":\"https:\\\/\\\/secure.gravatar.com\\\/avatar\\\/b71bf7481d447dfb9583c7f2798e7cc64de6efb9067b74633ed8c31059a3bd82?s=96&d=mm&r=g\",\"caption\":\"Sebastian\"},\"url\":\"https:\\\/\\\/informelitoral.com.ar\\\/author\\\/sebastian\\\/\"}]}<\/script>","yoast_head_json":{"title":"Se encuentra abierta la inscripci\u00f3n al programa de Consolidaci\u00f3n Productiva dirigido a empresas entrerrianas - Informe Litoral","robots":{"index":"index","follow":"follow","max-snippet":"max-snippet:-1","max-image-preview":"max-image-preview:large","max-video-preview":"max-video-preview:-1"},"canonical":"https:\/\/informelitoral.com.ar\/se-encuentra-abierta-la-inscripcion-al-programa-de-consolidacion-productiva-dirigido-a-empresas-entrerrianas\/","og_locale":"es_ES","og_type":"article","og_title":"Se encuentra abierta la inscripci\u00f3n al programa de Consolidaci\u00f3n Productiva dirigido a empresas entrerrianas - Informe Litoral","og_description":"El Ministerio de Producci\u00f3n, Turismo y Desarrollo Econ\u00f3mico de la provincia otorgar\u00e1 cr\u00e9ditos dirigidos a MiPyMEs entrerrianas destinados a capital de trabajo o proyectos de inversi\u00f3n y capital de trabajo asociado.","og_url":"https:\/\/informelitoral.com.ar\/se-encuentra-abierta-la-inscripcion-al-programa-de-consolidacion-productiva-dirigido-a-empresas-entrerrianas\/","og_site_name":"Informe Litoral","article_publisher":"https:\/\/www.facebook.com\/informelitoral\/","article_published_time":"2022-06-23T11:41:40+00:00","og_image":[{"width":1920,"height":800,"url":"https:\/\/informelitoral.com.ar\/%77%70%2d%63%6f%6e%74%65%6e%74\/uploads\/2022\/06\/p_1655909904-1.jpg","type":"image\/jpeg"}],"author":"Sebastian","twitter_card":"summary_large_image","twitter_creator":"@InformeLitoral","twitter_site":"@InformeLitoral","twitter_misc":{"Escrito por":"Sebastian","Tiempo de lectura":"1 minuto"},"schema":{"@context":"https:\/\/schema.org","@graph":[{"@type":"Article","@id":"https:\/\/informelitoral.com.ar\/se-encuentra-abierta-la-inscripcion-al-programa-de-consolidacion-productiva-dirigido-a-empresas-entrerrianas\/#article","isPartOf":{"@id":"https:\/\/informelitoral.com.ar\/se-encuentra-abierta-la-inscripcion-al-programa-de-consolidacion-productiva-dirigido-a-empresas-entrerrianas\/"},"author":{"name":"Sebastian","@id":"https:\/\/informelitoral.com.ar\/#\/schema\/person\/f05f9f461677119578717524b127d6d5"},"headline":"Se encuentra abierta la inscripci\u00f3n al programa de Consolidaci\u00f3n Productiva dirigido a empresas entrerrianas","datePublished":"2022-06-23T11:41:40+00:00","mainEntityOfPage":{"@id":"https:\/\/informelitoral.com.ar\/se-encuentra-abierta-la-inscripcion-al-programa-de-consolidacion-productiva-dirigido-a-empresas-entrerrianas\/"},"wordCount":277,"commentCount":0,"publisher":{"@id":"https:\/\/informelitoral.com.ar\/#organization"},"image":{"@id":"https:\/\/informelitoral.com.ar\/se-encuentra-abierta-la-inscripcion-al-programa-de-consolidacion-productiva-dirigido-a-empresas-entrerrianas\/#primaryimage"},"thumbnailUrl":"https:\/\/informelitoral.com.ar\/%77%70%2d%63%6f%6e%74%65%6e%74\/uploads\/2022\/06\/p_1655909904-1.jpg","keywords":["Consolidaci\u00f3n productiva","Inscripci\u00f3n"],"articleSection":["Entre R\u00edos"],"inLanguage":"es","potentialAction":[{"@type":"CommentAction","name":"Comment","target":["https:\/\/informelitoral.com.ar\/se-encuentra-abierta-la-inscripcion-al-programa-de-consolidacion-productiva-dirigido-a-empresas-entrerrianas\/#respond"]}]},{"@type":"WebPage","@id":"https:\/\/informelitoral.com.ar\/se-encuentra-abierta-la-inscripcion-al-programa-de-consolidacion-productiva-dirigido-a-empresas-entrerrianas\/","url":"https:\/\/informelitoral.com.ar\/se-encuentra-abierta-la-inscripcion-al-programa-de-consolidacion-productiva-dirigido-a-empresas-entrerrianas\/","name":"Se encuentra abierta la inscripci\u00f3n al programa de Consolidaci\u00f3n Productiva dirigido a empresas entrerrianas - Informe Litoral","isPartOf":{"@id":"https:\/\/informelitoral.com.ar\/#website"},"primaryImageOfPage":{"@id":"https:\/\/informelitoral.com.ar\/se-encuentra-abierta-la-inscripcion-al-programa-de-consolidacion-productiva-dirigido-a-empresas-entrerrianas\/#primaryimage"},"image":{"@id":"https:\/\/informelitoral.com.ar\/se-encuentra-abierta-la-inscripcion-al-programa-de-consolidacion-productiva-dirigido-a-empresas-entrerrianas\/#primaryimage"},"thumbnailUrl":"https:\/\/informelitoral.com.ar\/%77%70%2d%63%6f%6e%74%65%6e%74\/uploads\/2022\/06\/p_1655909904-1.jpg","datePublished":"2022-06-23T11:41:40+00:00","breadcrumb":{"@id":"https:\/\/informelitoral.com.ar\/se-encuentra-abierta-la-inscripcion-al-programa-de-consolidacion-productiva-dirigido-a-empresas-entrerrianas\/#breadcrumb"},"inLanguage":"es","potentialAction":[{"@type":"ReadAction","target":["https:\/\/informelitoral.com.ar\/se-encuentra-abierta-la-inscripcion-al-programa-de-consolidacion-productiva-dirigido-a-empresas-entrerrianas\/"]}]},{"@type":"ImageObject","inLanguage":"es","@id":"https:\/\/informelitoral.com.ar\/se-encuentra-abierta-la-inscripcion-al-programa-de-consolidacion-productiva-dirigido-a-empresas-entrerrianas\/#primaryimage","url":"https:\/\/informelitoral.com.ar\/%77%70%2d%63%6f%6e%74%65%6e%74\/uploads\/2022\/06\/p_1655909904-1.jpg","contentUrl":"https:\/\/informelitoral.com.ar\/%77%70%2d%63%6f%6e%74%65%6e%74\/uploads\/2022\/06\/p_1655909904-1.jpg","width":1920,"height":800},{"@type":"BreadcrumbList","@id":"https:\/\/informelitoral.com.ar\/se-encuentra-abierta-la-inscripcion-al-programa-de-consolidacion-productiva-dirigido-a-empresas-entrerrianas\/#breadcrumb","itemListElement":[{"@type":"ListItem","position":1,"name":"Portada","item":"https:\/\/informelitoral.com.ar\/"},{"@type":"ListItem","position":2,"name":"Se encuentra abierta la inscripci\u00f3n al programa de Consolidaci\u00f3n Productiva dirigido a empresas entrerrianas"}]},{"@type":"WebSite","@id":"https:\/\/informelitoral.com.ar\/#website","url":"https:\/\/informelitoral.com.ar\/","name":"Informe Litoral","description":"&quot;Nos informamos&quot; ","publisher":{"@id":"https:\/\/informelitoral.com.ar\/#organization"},"potentialAction":[{"@type":"SearchAction","target":{"@type":"EntryPoint","urlTemplate":"https:\/\/informelitoral.com.ar\/?s={search_term_string}"},"query-input":{"@type":"PropertyValueSpecification","valueRequired":true,"valueName":"search_term_string"}}],"inLanguage":"es"},{"@type":"Organization","@id":"https:\/\/informelitoral.com.ar\/#organization","name":"Informe Litoral","url":"https:\/\/informelitoral.com.ar\/","logo":{"@type":"ImageObject","inLanguage":"es","@id":"https:\/\/informelitoral.com.ar\/#\/schema\/logo\/image\/","url":"https:\/\/informelitoral.com.ar\/%77%70%2d%63%6f%6e%74%65%6e%74\/uploads\/2021\/01\/circulo.png","contentUrl":"https:\/\/informelitoral.com.ar\/%77%70%2d%63%6f%6e%74%65%6e%74\/uploads\/2021\/01\/circulo.png","width":723,"height":731,"caption":"Informe Litoral"},"image":{"@id":"https:\/\/informelitoral.com.ar\/#\/schema\/logo\/image\/"},"sameAs":["https:\/\/www.facebook.com\/informelitoral\/","https:\/\/x.com\/InformeLitoral","https:\/\/www.instagram.com\/informelitoral\/","https:\/\/www.youtube.com\/channel\/UCua4Qvz8Icb6MYqhoq9xLXw"]},{"@type":"Person","@id":"https:\/\/informelitoral.com.ar\/#\/schema\/person\/f05f9f461677119578717524b127d6d5","name":"Sebastian","image":{"@type":"ImageObject","inLanguage":"es","@id":"https:\/\/secure.gravatar.com\/avatar\/b71bf7481d447dfb9583c7f2798e7cc64de6efb9067b74633ed8c31059a3bd82?s=96&d=mm&r=g","url":"https:\/\/secure.gravatar.com\/avatar\/b71bf7481d447dfb9583c7f2798e7cc64de6efb9067b74633ed8c31059a3bd82?s=96&d=mm&r=g","contentUrl":"https:\/\/secure.gravatar.com\/avatar\/b71bf7481d447dfb9583c7f2798e7cc64de6efb9067b74633ed8c31059a3bd82?s=96&d=mm&r=g","caption":"Sebastian"},"url":"https:\/\/informelitoral.com.ar\/author\/sebastian\/"}]}},"_links":{"self":[{"href":"https:\/\/informelitoral.com.ar\/%77%70%2d%6a%73%6f%6e\/wp\/v2\/posts\/80210","targetHints":{"allow":["GET"]}}],"collection":[{"href":"https:\/\/informelitoral.com.ar\/%77%70%2d%6a%73%6f%6e\/wp\/v2\/posts"}],"about":[{"href":"https:\/\/informelitoral.com.ar\/%77%70%2d%6a%73%6f%6e\/wp\/v2\/types\/post"}],"author":[{"embeddable":true,"href":"https:\/\/informelitoral.com.ar\/%77%70%2d%6a%73%6f%6e\/wp\/v2\/users\/8"}],"replies":[{"embeddable":true,"href":"https:\/\/informelitoral.com.ar\/%77%70%2d%6a%73%6f%6e\/wp\/v2\/comments?post=80210"}],"version-history":[{"count":0,"href":"https:\/\/informelitoral.com.ar\/%77%70%2d%6a%73%6f%6e\/wp\/v2\/posts\/80210\/revisions"}],"wp:featuredmedia":[{"embeddable":true,"href":"https:\/\/informelitoral.com.ar\/%77%70%2d%6a%73%6f%6e\/wp\/v2\/media\/80212"}],"wp:attachment":[{"href":"https:\/\/informelitoral.com.ar\/%77%70%2d%6a%73%6f%6e\/wp\/v2\/media?parent=80210"}],"wp:term":[{"taxonomy":"category","embeddable":true,"href":"https:\/\/informelitoral.com.ar\/%77%70%2d%6a%73%6f%6e\/wp\/v2\/categories?post=80210"},{"taxonomy":"post_tag","embeddable":true,"href":"https:\/\/informelitoral.com.ar\/%77%70%2d%6a%73%6f%6e\/wp\/v2\/tags?post=80210"}],"curies":[{"name":"wp","href":"https:\/\/api.w.org\/{rel}","templated":true}]}}