{"id":80117,"date":"2022-06-22T08:39:49","date_gmt":"2022-06-22T11:39:49","guid":{"rendered":"https:\/\/www.informelitoral.com.ar\/?p=80117"},"modified":"2022-06-22T10:18:46","modified_gmt":"2022-06-22T13:18:46","slug":"don-cristobal-segundo-avanza-la-obra-del-acceso-y-solicitan-precaucion","status":"publish","type":"post","link":"https:\/\/informelitoral.com.ar\/don-cristobal-segundo-avanza-la-obra-del-acceso-y-solicitan-precaucion\/","title":{"rendered":"Don Crist\u00f3bal Segundo: Avanza la obra del acceso y solicitan precauci\u00f3n"},"content":{"rendered":"<p>Los operarios dependientes de la firma Lemiro Pablo Pietroboni SA, contin\u00faa progresivamente en la realizaci\u00f3n de trabajos de movimiento, acondicionamiento y compactaci\u00f3n de suelos, adem\u00e1s de tareas de conformaci\u00f3n de alcantarillas y pavimentaci\u00f3n del corredor vial.<\/p>\n<p>La din\u00e1mica de movimiento a lo largo del tramo intervenido acarrea la presencia de m\u00e1quinas y equipos viales, cuadrillas de trabajadores y veh\u00edculos de transporte de materiales e insumos necesarios para el suministro en los diferentes frentes de trabajo a lo largo del per\u00edodo de duraci\u00f3n del proyecto.<\/p>\n<p>Por este motivo, desde la empresa contratista se solicita a la poblaci\u00f3n que transita habitualmente por este corredor vial, respete las medidas de prevenci\u00f3n al circular por el tramo, cumplimentando las velocidades m\u00e1ximas de circulaci\u00f3n, acatando la informaci\u00f3n impartida en la se\u00f1alizaci\u00f3n vial dispuesta a lo largo de la traza y en los frentes de trabajo, aminorar la marcha en zonas de desv\u00edos transitorios.<\/p>\n<p>Asimismo y ante potenciales trabajos que demanden el corte parcial de la ruta, intervendr\u00e1n banderilleros cuyo rol es diligenciar la canalizaci\u00f3n segura y efectiva del tr\u00e1nsito, asistidos por se\u00f1al\u00e9tica y dispositivos de canalizaci\u00f3n de tr\u00e1nsito dispuestos en la secci\u00f3n alcanzada por los desv\u00edos. Es as\u00ed que tambi\u00e9n se ruega prestar especial atenci\u00f3n a las canalizaciones de tr\u00e1nsito que se establezcan durante la ejecuci\u00f3n de los trabajos, mantener una distancia prudencial, tanto hacia el personal de obra como tambi\u00e9n las m\u00e1quinas y equipos viales que operan en los frentes operativos.<\/p>\n<p>\u201cA su vez, se requiere no retirar carteles, conos, se\u00f1ales ni elementos destinados al balizamiento nocturno de las zonas de trabajo ya que estas acciones vand\u00e1licas pueden derivar en accidentes y\/o incidentes\u201d,\u00a0agregando que en el km. 5,5 al Oeste del ingreso a la localidad, se encuentra a disposici\u00f3n de la poblaci\u00f3n el \u201cLibro de Comunicaci\u00f3n Social\u201d que puede ser requerido para manifestar observaciones, comentarios, inquietudes y\/u oportunidades de mejora asociadas a la operatoria diaria de la obra.<\/p>\n","protected":false},"excerpt":{"rendered":"<p>Avanza la obra de \u201cReconstrucci\u00f3n de calzada y constituci\u00f3n de Obras de Arte\u201d, correspondientes al acceso a Don Crist\u00f3bal Segundo, por la Ruta Provincial N\u00ba 35, cuyo tramo se encuentra comprendido entre la intersecci\u00f3n de la RP N\u00ba 32 y dicha comunidad.<\/p>\n","protected":false},"author":8,"featured_media":80118,"comment_status":"open","ping_status":"open","sticky":false,"template":"","format":"standard","meta":{"fifu_image_url":"","fifu_image_alt":"","footnotes":""},"categories":[6],"tags":[830,283],"class_list":{"0":"post-80117","1":"post","2":"type-post","3":"status-publish","4":"format-standard","5":"has-post-thumbnail","7":"category-entre-rios","8":"tag-don-cristobal-2","9":"tag-obras"},"yoast_head":"<title>Don Crist\u00f3bal Segundo: Avanza la obra del acceso y solicitan precauci\u00f3n - Informe Litoral<\/title>\n<meta name=\"robots\" content=\"index, follow, max-snippet:-1, max-image-preview:large, max-video-preview:-1\" \/>\n<link rel=\"canonical\" href=\"https:\/\/informelitoral.com.ar\/don-cristobal-segundo-avanza-la-obra-del-acceso-y-solicitan-precaucion\/\" \/>\n<meta property=\"og:locale\" content=\"es_ES\" \/>\n<meta property=\"og:type\" content=\"article\" \/>\n<meta property=\"og:title\" content=\"Don Crist\u00f3bal Segundo: Avanza la obra del acceso y solicitan precauci\u00f3n - Informe Litoral\" \/>\n<meta property=\"og:description\" content=\"Avanza la obra de \u201cReconstrucci\u00f3n de calzada y constituci\u00f3n de Obras de Arte\u201d, correspondientes al acceso a Don Crist\u00f3bal Segundo, por la Ruta Provincial N\u00ba 35, cuyo tramo se encuentra comprendido entre la intersecci\u00f3n de la RP N\u00ba 32 y dicha comunidad.\" \/>\n<meta property=\"og:url\" content=\"https:\/\/informelitoral.com.ar\/don-cristobal-segundo-avanza-la-obra-del-acceso-y-solicitan-precaucion\/\" \/>\n<meta property=\"og:site_name\" content=\"Informe Litoral\" \/>\n<meta property=\"article:publisher\" content=\"https:\/\/www.facebook.com\/informelitoral\/\" \/>\n<meta property=\"article:published_time\" content=\"2022-06-22T11:39:49+00:00\" \/>\n<meta property=\"article:modified_time\" content=\"2022-06-22T13:18:46+00:00\" \/>\n<meta property=\"og:image\" content=\"https:\/\/informelitoral.com.ar\/%77%70%2d%63%6f%6e%74%65%6e%74\/uploads\/2022\/06\/1820-DON-CRISTOBAL-2a-ACCESO.jpg\" \/>\n\t<meta property=\"og:image:width\" content=\"1100\" \/>\n\t<meta property=\"og:image:height\" content=\"823\" \/>\n\t<meta property=\"og:image:type\" content=\"image\/jpeg\" \/>\n<meta name=\"author\" content=\"Sebastian\" \/>\n<meta name=\"twitter:card\" content=\"summary_large_image\" \/>\n<meta name=\"twitter:creator\" content=\"@InformeLitoral\" \/>\n<meta name=\"twitter:site\" content=\"@InformeLitoral\" \/>\n<meta name=\"twitter:label1\" content=\"Escrito por\" \/>\n\t<meta name=\"twitter:data1\" content=\"Sebastian\" \/>\n\t<meta name=\"twitter:label2\" content=\"Tiempo de lectura\" \/>\n\t<meta name=\"twitter:data2\" content=\"2 minutos\" \/>\n<script type=\"application\/ld+json\" class=\"yoast-schema-graph\">{\"@context\":\"https:\\\/\\\/schema.org\",\"@graph\":[{\"@type\":\"Article\",\"@id\":\"https:\\\/\\\/informelitoral.com.ar\\\/don-cristobal-segundo-avanza-la-obra-del-acceso-y-solicitan-precaucion\\\/#article\",\"isPartOf\":{\"@id\":\"https:\\\/\\\/informelitoral.com.ar\\\/don-cristobal-segundo-avanza-la-obra-del-acceso-y-solicitan-precaucion\\\/\"},\"author\":{\"name\":\"Sebastian\",\"@id\":\"https:\\\/\\\/informelitoral.com.ar\\\/#\\\/schema\\\/person\\\/f05f9f461677119578717524b127d6d5\"},\"headline\":\"Don Crist\u00f3bal Segundo: Avanza la obra del acceso y solicitan precauci\u00f3n\",\"datePublished\":\"2022-06-22T11:39:49+00:00\",\"dateModified\":\"2022-06-22T13:18:46+00:00\",\"mainEntityOfPage\":{\"@id\":\"https:\\\/\\\/informelitoral.com.ar\\\/don-cristobal-segundo-avanza-la-obra-del-acceso-y-solicitan-precaucion\\\/\"},\"wordCount\":368,\"commentCount\":0,\"publisher\":{\"@id\":\"https:\\\/\\\/informelitoral.com.ar\\\/#organization\"},\"image\":{\"@id\":\"https:\\\/\\\/informelitoral.com.ar\\\/don-cristobal-segundo-avanza-la-obra-del-acceso-y-solicitan-precaucion\\\/#primaryimage\"},\"thumbnailUrl\":\"https:\\\/\\\/informelitoral.com.ar\\\/%77%70%2d%63%6f%6e%74%65%6e%74\\\/uploads\\\/2022\\\/06\\\/1820-DON-CRISTOBAL-2a-ACCESO.jpg\",\"keywords\":[\"Don Crist\u00f3bal 2\u00b0\",\"Obras\"],\"articleSection\":[\"Entre R\u00edos\"],\"inLanguage\":\"es\",\"potentialAction\":[{\"@type\":\"CommentAction\",\"name\":\"Comment\",\"target\":[\"https:\\\/\\\/informelitoral.com.ar\\\/don-cristobal-segundo-avanza-la-obra-del-acceso-y-solicitan-precaucion\\\/#respond\"]}]},{\"@type\":\"WebPage\",\"@id\":\"https:\\\/\\\/informelitoral.com.ar\\\/don-cristobal-segundo-avanza-la-obra-del-acceso-y-solicitan-precaucion\\\/\",\"url\":\"https:\\\/\\\/informelitoral.com.ar\\\/don-cristobal-segundo-avanza-la-obra-del-acceso-y-solicitan-precaucion\\\/\",\"name\":\"Don Crist\u00f3bal Segundo: Avanza la obra del acceso y solicitan precauci\u00f3n - Informe Litoral\",\"isPartOf\":{\"@id\":\"https:\\\/\\\/informelitoral.com.ar\\\/#website\"},\"primaryImageOfPage\":{\"@id\":\"https:\\\/\\\/informelitoral.com.ar\\\/don-cristobal-segundo-avanza-la-obra-del-acceso-y-solicitan-precaucion\\\/#primaryimage\"},\"image\":{\"@id\":\"https:\\\/\\\/informelitoral.com.ar\\\/don-cristobal-segundo-avanza-la-obra-del-acceso-y-solicitan-precaucion\\\/#primaryimage\"},\"thumbnailUrl\":\"https:\\\/\\\/informelitoral.com.ar\\\/%77%70%2d%63%6f%6e%74%65%6e%74\\\/uploads\\\/2022\\\/06\\\/1820-DON-CRISTOBAL-2a-ACCESO.jpg\",\"datePublished\":\"2022-06-22T11:39:49+00:00\",\"dateModified\":\"2022-06-22T13:18:46+00:00\",\"breadcrumb\":{\"@id\":\"https:\\\/\\\/informelitoral.com.ar\\\/don-cristobal-segundo-avanza-la-obra-del-acceso-y-solicitan-precaucion\\\/#breadcrumb\"},\"inLanguage\":\"es\",\"potentialAction\":[{\"@type\":\"ReadAction\",\"target\":[\"https:\\\/\\\/informelitoral.com.ar\\\/don-cristobal-segundo-avanza-la-obra-del-acceso-y-solicitan-precaucion\\\/\"]}]},{\"@type\":\"ImageObject\",\"inLanguage\":\"es\",\"@id\":\"https:\\\/\\\/informelitoral.com.ar\\\/don-cristobal-segundo-avanza-la-obra-del-acceso-y-solicitan-precaucion\\\/#primaryimage\",\"url\":\"https:\\\/\\\/informelitoral.com.ar\\\/%77%70%2d%63%6f%6e%74%65%6e%74\\\/uploads\\\/2022\\\/06\\\/1820-DON-CRISTOBAL-2a-ACCESO.jpg\",\"contentUrl\":\"https:\\\/\\\/informelitoral.com.ar\\\/%77%70%2d%63%6f%6e%74%65%6e%74\\\/uploads\\\/2022\\\/06\\\/1820-DON-CRISTOBAL-2a-ACCESO.jpg\",\"width\":1100,\"height\":823},{\"@type\":\"BreadcrumbList\",\"@id\":\"https:\\\/\\\/informelitoral.com.ar\\\/don-cristobal-segundo-avanza-la-obra-del-acceso-y-solicitan-precaucion\\\/#breadcrumb\",\"itemListElement\":[{\"@type\":\"ListItem\",\"position\":1,\"name\":\"Portada\",\"item\":\"https:\\\/\\\/informelitoral.com.ar\\\/\"},{\"@type\":\"ListItem\",\"position\":2,\"name\":\"Don Crist\u00f3bal Segundo: Avanza la obra del acceso y solicitan precauci\u00f3n\"}]},{\"@type\":\"WebSite\",\"@id\":\"https:\\\/\\\/informelitoral.com.ar\\\/#website\",\"url\":\"https:\\\/\\\/informelitoral.com.ar\\\/\",\"name\":\"Informe Litoral\",\"description\":\"&quot;Nos informamos&quot; \",\"publisher\":{\"@id\":\"https:\\\/\\\/informelitoral.com.ar\\\/#organization\"},\"potentialAction\":[{\"@type\":\"SearchAction\",\"target\":{\"@type\":\"EntryPoint\",\"urlTemplate\":\"https:\\\/\\\/informelitoral.com.ar\\\/?s={search_term_string}\"},\"query-input\":{\"@type\":\"PropertyValueSpecification\",\"valueRequired\":true,\"valueName\":\"search_term_string\"}}],\"inLanguage\":\"es\"},{\"@type\":\"Organization\",\"@id\":\"https:\\\/\\\/informelitoral.com.ar\\\/#organization\",\"name\":\"Informe Litoral\",\"url\":\"https:\\\/\\\/informelitoral.com.ar\\\/\",\"logo\":{\"@type\":\"ImageObject\",\"inLanguage\":\"es\",\"@id\":\"https:\\\/\\\/informelitoral.com.ar\\\/#\\\/schema\\\/logo\\\/image\\\/\",\"url\":\"https:\\\/\\\/informelitoral.com.ar\\\/%77%70%2d%63%6f%6e%74%65%6e%74\\\/uploads\\\/2021\\\/01\\\/circulo.png\",\"contentUrl\":\"https:\\\/\\\/informelitoral.com.ar\\\/%77%70%2d%63%6f%6e%74%65%6e%74\\\/uploads\\\/2021\\\/01\\\/circulo.png\",\"width\":723,\"height\":731,\"caption\":\"Informe Litoral\"},\"image\":{\"@id\":\"https:\\\/\\\/informelitoral.com.ar\\\/#\\\/schema\\\/logo\\\/image\\\/\"},\"sameAs\":[\"https:\\\/\\\/www.facebook.com\\\/informelitoral\\\/\",\"https:\\\/\\\/x.com\\\/InformeLitoral\",\"https:\\\/\\\/www.instagram.com\\\/informelitoral\\\/\",\"https:\\\/\\\/www.youtube.com\\\/channel\\\/UCua4Qvz8Icb6MYqhoq9xLXw\"]},{\"@type\":\"Person\",\"@id\":\"https:\\\/\\\/informelitoral.com.ar\\\/#\\\/schema\\\/person\\\/f05f9f461677119578717524b127d6d5\",\"name\":\"Sebastian\",\"image\":{\"@type\":\"ImageObject\",\"inLanguage\":\"es\",\"@id\":\"https:\\\/\\\/secure.gravatar.com\\\/avatar\\\/b71bf7481d447dfb9583c7f2798e7cc64de6efb9067b74633ed8c31059a3bd82?s=96&d=mm&r=g\",\"url\":\"https:\\\/\\\/secure.gravatar.com\\\/avatar\\\/b71bf7481d447dfb9583c7f2798e7cc64de6efb9067b74633ed8c31059a3bd82?s=96&d=mm&r=g\",\"contentUrl\":\"https:\\\/\\\/secure.gravatar.com\\\/avatar\\\/b71bf7481d447dfb9583c7f2798e7cc64de6efb9067b74633ed8c31059a3bd82?s=96&d=mm&r=g\",\"caption\":\"Sebastian\"},\"url\":\"https:\\\/\\\/informelitoral.com.ar\\\/author\\\/sebastian\\\/\"}]}<\/script>","yoast_head_json":{"title":"Don Crist\u00f3bal Segundo: Avanza la obra del acceso y solicitan precauci\u00f3n - Informe Litoral","robots":{"index":"index","follow":"follow","max-snippet":"max-snippet:-1","max-image-preview":"max-image-preview:large","max-video-preview":"max-video-preview:-1"},"canonical":"https:\/\/informelitoral.com.ar\/don-cristobal-segundo-avanza-la-obra-del-acceso-y-solicitan-precaucion\/","og_locale":"es_ES","og_type":"article","og_title":"Don Crist\u00f3bal Segundo: Avanza la obra del acceso y solicitan precauci\u00f3n - Informe Litoral","og_description":"Avanza la obra de \u201cReconstrucci\u00f3n de calzada y constituci\u00f3n de Obras de Arte\u201d, correspondientes al acceso a Don Crist\u00f3bal Segundo, por la Ruta Provincial N\u00ba 35, cuyo tramo se encuentra comprendido entre la intersecci\u00f3n de la RP N\u00ba 32 y dicha comunidad.","og_url":"https:\/\/informelitoral.com.ar\/don-cristobal-segundo-avanza-la-obra-del-acceso-y-solicitan-precaucion\/","og_site_name":"Informe Litoral","article_publisher":"https:\/\/www.facebook.com\/informelitoral\/","article_published_time":"2022-06-22T11:39:49+00:00","article_modified_time":"2022-06-22T13:18:46+00:00","og_image":[{"width":1100,"height":823,"url":"https:\/\/informelitoral.com.ar\/%77%70%2d%63%6f%6e%74%65%6e%74\/uploads\/2022\/06\/1820-DON-CRISTOBAL-2a-ACCESO.jpg","type":"image\/jpeg"}],"author":"Sebastian","twitter_card":"summary_large_image","twitter_creator":"@InformeLitoral","twitter_site":"@InformeLitoral","twitter_misc":{"Escrito por":"Sebastian","Tiempo de lectura":"2 minutos"},"schema":{"@context":"https:\/\/schema.org","@graph":[{"@type":"Article","@id":"https:\/\/informelitoral.com.ar\/don-cristobal-segundo-avanza-la-obra-del-acceso-y-solicitan-precaucion\/#article","isPartOf":{"@id":"https:\/\/informelitoral.com.ar\/don-cristobal-segundo-avanza-la-obra-del-acceso-y-solicitan-precaucion\/"},"author":{"name":"Sebastian","@id":"https:\/\/informelitoral.com.ar\/#\/schema\/person\/f05f9f461677119578717524b127d6d5"},"headline":"Don Crist\u00f3bal Segundo: Avanza la obra del acceso y solicitan precauci\u00f3n","datePublished":"2022-06-22T11:39:49+00:00","dateModified":"2022-06-22T13:18:46+00:00","mainEntityOfPage":{"@id":"https:\/\/informelitoral.com.ar\/don-cristobal-segundo-avanza-la-obra-del-acceso-y-solicitan-precaucion\/"},"wordCount":368,"commentCount":0,"publisher":{"@id":"https:\/\/informelitoral.com.ar\/#organization"},"image":{"@id":"https:\/\/informelitoral.com.ar\/don-cristobal-segundo-avanza-la-obra-del-acceso-y-solicitan-precaucion\/#primaryimage"},"thumbnailUrl":"https:\/\/informelitoral.com.ar\/%77%70%2d%63%6f%6e%74%65%6e%74\/uploads\/2022\/06\/1820-DON-CRISTOBAL-2a-ACCESO.jpg","keywords":["Don Crist\u00f3bal 2\u00b0","Obras"],"articleSection":["Entre R\u00edos"],"inLanguage":"es","potentialAction":[{"@type":"CommentAction","name":"Comment","target":["https:\/\/informelitoral.com.ar\/don-cristobal-segundo-avanza-la-obra-del-acceso-y-solicitan-precaucion\/#respond"]}]},{"@type":"WebPage","@id":"https:\/\/informelitoral.com.ar\/don-cristobal-segundo-avanza-la-obra-del-acceso-y-solicitan-precaucion\/","url":"https:\/\/informelitoral.com.ar\/don-cristobal-segundo-avanza-la-obra-del-acceso-y-solicitan-precaucion\/","name":"Don Crist\u00f3bal Segundo: Avanza la obra del acceso y solicitan precauci\u00f3n - Informe Litoral","isPartOf":{"@id":"https:\/\/informelitoral.com.ar\/#website"},"primaryImageOfPage":{"@id":"https:\/\/informelitoral.com.ar\/don-cristobal-segundo-avanza-la-obra-del-acceso-y-solicitan-precaucion\/#primaryimage"},"image":{"@id":"https:\/\/informelitoral.com.ar\/don-cristobal-segundo-avanza-la-obra-del-acceso-y-solicitan-precaucion\/#primaryimage"},"thumbnailUrl":"https:\/\/informelitoral.com.ar\/%77%70%2d%63%6f%6e%74%65%6e%74\/uploads\/2022\/06\/1820-DON-CRISTOBAL-2a-ACCESO.jpg","datePublished":"2022-06-22T11:39:49+00:00","dateModified":"2022-06-22T13:18:46+00:00","breadcrumb":{"@id":"https:\/\/informelitoral.com.ar\/don-cristobal-segundo-avanza-la-obra-del-acceso-y-solicitan-precaucion\/#breadcrumb"},"inLanguage":"es","potentialAction":[{"@type":"ReadAction","target":["https:\/\/informelitoral.com.ar\/don-cristobal-segundo-avanza-la-obra-del-acceso-y-solicitan-precaucion\/"]}]},{"@type":"ImageObject","inLanguage":"es","@id":"https:\/\/informelitoral.com.ar\/don-cristobal-segundo-avanza-la-obra-del-acceso-y-solicitan-precaucion\/#primaryimage","url":"https:\/\/informelitoral.com.ar\/%77%70%2d%63%6f%6e%74%65%6e%74\/uploads\/2022\/06\/1820-DON-CRISTOBAL-2a-ACCESO.jpg","contentUrl":"https:\/\/informelitoral.com.ar\/%77%70%2d%63%6f%6e%74%65%6e%74\/uploads\/2022\/06\/1820-DON-CRISTOBAL-2a-ACCESO.jpg","width":1100,"height":823},{"@type":"BreadcrumbList","@id":"https:\/\/informelitoral.com.ar\/don-cristobal-segundo-avanza-la-obra-del-acceso-y-solicitan-precaucion\/#breadcrumb","itemListElement":[{"@type":"ListItem","position":1,"name":"Portada","item":"https:\/\/informelitoral.com.ar\/"},{"@type":"ListItem","position":2,"name":"Don Crist\u00f3bal Segundo: Avanza la obra del acceso y solicitan precauci\u00f3n"}]},{"@type":"WebSite","@id":"https:\/\/informelitoral.com.ar\/#website","url":"https:\/\/informelitoral.com.ar\/","name":"Informe Litoral","description":"&quot;Nos informamos&quot; ","publisher":{"@id":"https:\/\/informelitoral.com.ar\/#organization"},"potentialAction":[{"@type":"SearchAction","target":{"@type":"EntryPoint","urlTemplate":"https:\/\/informelitoral.com.ar\/?s={search_term_string}"},"query-input":{"@type":"PropertyValueSpecification","valueRequired":true,"valueName":"search_term_string"}}],"inLanguage":"es"},{"@type":"Organization","@id":"https:\/\/informelitoral.com.ar\/#organization","name":"Informe Litoral","url":"https:\/\/informelitoral.com.ar\/","logo":{"@type":"ImageObject","inLanguage":"es","@id":"https:\/\/informelitoral.com.ar\/#\/schema\/logo\/image\/","url":"https:\/\/informelitoral.com.ar\/%77%70%2d%63%6f%6e%74%65%6e%74\/uploads\/2021\/01\/circulo.png","contentUrl":"https:\/\/informelitoral.com.ar\/%77%70%2d%63%6f%6e%74%65%6e%74\/uploads\/2021\/01\/circulo.png","width":723,"height":731,"caption":"Informe Litoral"},"image":{"@id":"https:\/\/informelitoral.com.ar\/#\/schema\/logo\/image\/"},"sameAs":["https:\/\/www.facebook.com\/informelitoral\/","https:\/\/x.com\/InformeLitoral","https:\/\/www.instagram.com\/informelitoral\/","https:\/\/www.youtube.com\/channel\/UCua4Qvz8Icb6MYqhoq9xLXw"]},{"@type":"Person","@id":"https:\/\/informelitoral.com.ar\/#\/schema\/person\/f05f9f461677119578717524b127d6d5","name":"Sebastian","image":{"@type":"ImageObject","inLanguage":"es","@id":"https:\/\/secure.gravatar.com\/avatar\/b71bf7481d447dfb9583c7f2798e7cc64de6efb9067b74633ed8c31059a3bd82?s=96&d=mm&r=g","url":"https:\/\/secure.gravatar.com\/avatar\/b71bf7481d447dfb9583c7f2798e7cc64de6efb9067b74633ed8c31059a3bd82?s=96&d=mm&r=g","contentUrl":"https:\/\/secure.gravatar.com\/avatar\/b71bf7481d447dfb9583c7f2798e7cc64de6efb9067b74633ed8c31059a3bd82?s=96&d=mm&r=g","caption":"Sebastian"},"url":"https:\/\/informelitoral.com.ar\/author\/sebastian\/"}]}},"_links":{"self":[{"href":"https:\/\/informelitoral.com.ar\/%77%70%2d%6a%73%6f%6e\/wp\/v2\/posts\/80117","targetHints":{"allow":["GET"]}}],"collection":[{"href":"https:\/\/informelitoral.com.ar\/%77%70%2d%6a%73%6f%6e\/wp\/v2\/posts"}],"about":[{"href":"https:\/\/informelitoral.com.ar\/%77%70%2d%6a%73%6f%6e\/wp\/v2\/types\/post"}],"author":[{"embeddable":true,"href":"https:\/\/informelitoral.com.ar\/%77%70%2d%6a%73%6f%6e\/wp\/v2\/users\/8"}],"replies":[{"embeddable":true,"href":"https:\/\/informelitoral.com.ar\/%77%70%2d%6a%73%6f%6e\/wp\/v2\/comments?post=80117"}],"version-history":[{"count":0,"href":"https:\/\/informelitoral.com.ar\/%77%70%2d%6a%73%6f%6e\/wp\/v2\/posts\/80117\/revisions"}],"wp:featuredmedia":[{"embeddable":true,"href":"https:\/\/informelitoral.com.ar\/%77%70%2d%6a%73%6f%6e\/wp\/v2\/media\/80118"}],"wp:attachment":[{"href":"https:\/\/informelitoral.com.ar\/%77%70%2d%6a%73%6f%6e\/wp\/v2\/media?parent=80117"}],"wp:term":[{"taxonomy":"category","embeddable":true,"href":"https:\/\/informelitoral.com.ar\/%77%70%2d%6a%73%6f%6e\/wp\/v2\/categories?post=80117"},{"taxonomy":"post_tag","embeddable":true,"href":"https:\/\/informelitoral.com.ar\/%77%70%2d%6a%73%6f%6e\/wp\/v2\/tags?post=80117"}],"curies":[{"name":"wp","href":"https:\/\/api.w.org\/{rel}","templated":true}]}}