{"id":8001,"date":"2014-08-29T15:28:14","date_gmt":"2014-08-29T18:28:14","guid":{"rendered":"http:\/\/www.isletasnoticias.com.ar\/?p=8001"},"modified":"2014-08-29T15:29:41","modified_gmt":"2014-08-29T18:29:41","slug":"servini-de-cubria-hay-llamados-entre-algunos-narcos-y-los-telefonos-de-la-rosada","status":"publish","type":"post","link":"https:\/\/informelitoral.com.ar\/servini-de-cubria-hay-llamados-entre-algunos-narcos-y-los-telefonos-de-la-rosada\/","title":{"rendered":"Servini de Cubr\u00eda: \u00abHay llamados entre algunos narcos y los tel\u00e9fonos de la Rosada\u00bb"},"content":{"rendered":"<p><strong><span style=\"color: #111111;\">La jueza federal que investiga el caso de la efedrina admiti\u00f3 que en el expediente figuran llamados de supuestos narcotraficantes a la Casa Rosada. Dijo que las mafias de la droga operan con respaldo de \u00abalguien importante\u00bb. Critic\u00f3 a\u00a0<\/span>Justicia Leg\u00edtima.<a href=\"http:\/\/www.isletasnoticias.com.ar\/%77%70%2d%63%6f%6e%74%65%6e%74\/uploads\/2014\/08\/0011082465.jpg\"><img loading=\"lazy\" decoding=\"async\" class=\"aligncenter size-medium wp-image-8002\" src=\"http:\/\/www.isletasnoticias.com.ar\/%77%70%2d%63%6f%6e%74%65%6e%74\/uploads\/2014\/08\/0011082465-300x168.jpg\" alt=\"0011082465\" width=\"300\" height=\"168\" srcset=\"https:\/\/informelitoral.com.ar\/%77%70%2d%63%6f%6e%74%65%6e%74\/uploads\/2014\/08\/0011082465-300x168.jpg 300w, https:\/\/informelitoral.com.ar\/%77%70%2d%63%6f%6e%74%65%6e%74\/uploads\/2014\/08\/0011082465.jpg 770w\" sizes=\"auto, (max-width: 300px) 100vw, 300px\" \/><\/a><\/strong><\/p>\n<p>La jueza Mar\u00eda Servini de Cubr\u00eda admiti\u00f3 este mediod\u00eda que investiga un entrecruzamiento de llamadas entre supuestos narcotraficantes y funcionarios de la Casa Rosada. Es por eso que le pidi\u00f3 al secretario general de la Presidencia, Oscar Parrilli, que informe qui\u00e9nes utilizan los n\u00fameros que figuran en las pericias.<\/p>\n<div style=\"font-weight: inherit; font-style: inherit;\">\n<div style=\"font-weight: inherit; font-style: inherit;\">\n<div style=\"color: #111111;\">\u00abTenemos entrecruzamientos de algunos llamados entre tel\u00e9fonos de la Casa Rosada con algunos narcos. Queremos saber qui\u00e9nes usaron esos tel\u00e9fonos\u00bb, declar\u00f3 en di\u00e1logo con<i style=\"font-weight: inherit; font-style: italic;\"><\/i>radio\u00a0<i style=\"font-weight: inherit; font-style: italic;\">Mitre.<\/i><\/div>\n<div style=\"color: #111111;\"><i style=\"font-weight: inherit; font-style: italic;\">\u00a0<\/i><\/div>\n<div style=\"color: #111111;\">Servini de Cubr\u00eda reiter\u00f3 que pudo comprobar que ingres\u00f3 ilegalmente\u00a0efedrina\u00a0al pa\u00eds y que esas maniobras de narcotr\u00e1fico necesariamente tienen que contar con \u00abayuda de alguien de la pol\u00edtica\u00bb. \u00ab<span style=\"font-style: inherit;\">El narcotr\u00e1fico tiene que tener apoyo de adentro, de alguien importante, porque si no, la Polic\u00eda los localizar\u00eda de inmediato\u00bb, sostuvo.<\/span><\/div>\n<div style=\"color: #111111;\"><\/div>\n<div style=\"color: #111111;\">Para la jueza, Jos\u00e9 Granero, ex titular de la Sedronar, \u00abten\u00eda alg\u00fan amigo\u00bb que \u00abmanejaba\u00bb el ingreso de la efedrina a la Argentina. En este contexto, sostuvo que el propio Granero hac\u00eda las denuncias en distintos juzgados para demorar la investigaci\u00f3n.<\/div>\n<div style=\"color: #111111;\"><\/div>\n<div style=\"color: #111111;\">\u201cLa denuncia original se dividi\u00f3 en varias causas y as\u00ed es dif\u00edcil poder investigar; cuando se divide una causa en 20 o 50,\u00a0de alguna manera a uno le impiden la investigaci\u00f3n\u201d, enfatiz\u00f3.<\/div>\n<div style=\"color: #111111;\"><\/div>\n<div style=\"color: #111111;\">En tal sentido, Servini de Cubr\u00eda asegur\u00f3 que\u00a0en la Argentina \u00abes muy dif\u00edcil investigar\u00bb causas relacionadas con el narcotr\u00e1fico\u00a0por las \u00abpresiones que hay desde todos lados\u00bb. \u00abNunca tuve problemas con la pol\u00edtica, pero los abogados enloquecen; hay amenazas\u00bb, agreg\u00f3.<\/div>\n<div style=\"color: #111111;\"><\/div>\n<div style=\"color: #111111;\">Consultada sobre si mantiene una relaci\u00f3n conflictiva con el poder de turno, la jueza admiti\u00f3:\u00a0\u00abLlevo 24 a\u00f1os de jueza federal, he vivido momentos dif\u00edciles, pero este es un momento muy dif\u00edcil\u00bb.<\/div>\n<div style=\"color: #111111;\"><\/div>\n<div style=\"color: #111111;\">Servini de Cubr\u00eda remarc\u00f3 las divisiones que hay incluso dentro del poder judicial.\u00a0\u00abLa creaci\u00f3n de agrupaciones como Justicia Leg\u00edtima dividi\u00f3 m\u00e1s a la gente; hay empleados enfrentados unos con otros\u00bb, lament\u00f3.<\/div>\n<div style=\"color: #111111;\"><\/div>\n<div style=\"color: #111111;\">En este sentido, advirti\u00f3 que aunque no puede \u00abecharle la culpa al Gobierno ni a nadie, son las circunstancias actuales\u00bb, alert\u00f3 de que no ve un cambio en lo inmediato.\u00a0\u00abEsto se va a mantener, no me pregunten por qu\u00e9, es una intuici\u00f3n que tengo\u00bb, agreg\u00f3.<\/div>\n<\/div>\n<\/div>\n","protected":false},"excerpt":{"rendered":"<p>La jueza federal que investiga el caso de la efedrina admiti&oacute; que en el expediente figuran llamados de supuestos narcotraficantes a la Casa Rosada. Dijo que las mafias de la droga operan con respaldo de &laquo;alguien importante&raquo;. Critic&oacute; a&nbsp;Justicia Leg&iacute;tima. La jueza Mar&iacute;a Servini de Cubr&iacute;a admiti&oacute; este mediod&iacute;a que investiga un entrecruzamiento de llamadas [&hellip;]<\/p>\n","protected":false},"author":2,"featured_media":0,"comment_status":"open","ping_status":"open","sticky":false,"template":"","format":"standard","meta":{"fifu_image_url":"","fifu_image_alt":"","footnotes":""},"categories":[7,16],"tags":[],"class_list":{"0":"post-8001","1":"post","2":"type-post","3":"status-publish","4":"format-standard","6":"category-nacionales","7":"category-politi"},"yoast_head":"<title>Servini de Cubr\u00eda: &quot;Hay llamados entre algunos narcos y los tel\u00e9fonos de la Rosada&quot; - Informe Litoral<\/title>\n<meta name=\"robots\" content=\"index, follow, max-snippet:-1, max-image-preview:large, max-video-preview:-1\" \/>\n<link rel=\"canonical\" href=\"https:\/\/informelitoral.com.ar\/servini-de-cubria-hay-llamados-entre-algunos-narcos-y-los-telefonos-de-la-rosada\/\" \/>\n<meta property=\"og:locale\" content=\"es_ES\" \/>\n<meta property=\"og:type\" content=\"article\" \/>\n<meta property=\"og:title\" content=\"Servini de Cubr\u00eda: &quot;Hay llamados entre algunos narcos y los tel\u00e9fonos de la Rosada&quot; - Informe Litoral\" \/>\n<meta property=\"og:description\" content=\"La jueza federal que investiga el caso de la efedrina admiti&oacute; que en el expediente figuran llamados de supuestos narcotraficantes a la Casa Rosada. Dijo que las mafias de la droga operan con respaldo de &laquo;alguien importante&raquo;. Critic&oacute; a&nbsp;Justicia Leg&iacute;tima. La jueza Mar&iacute;a Servini de Cubr&iacute;a admiti&oacute; este mediod&iacute;a que investiga un entrecruzamiento de llamadas [&hellip;]\" \/>\n<meta property=\"og:url\" content=\"https:\/\/informelitoral.com.ar\/servini-de-cubria-hay-llamados-entre-algunos-narcos-y-los-telefonos-de-la-rosada\/\" \/>\n<meta property=\"og:site_name\" content=\"Informe Litoral\" \/>\n<meta property=\"article:publisher\" content=\"https:\/\/www.facebook.com\/informelitoral\/\" \/>\n<meta property=\"article:published_time\" content=\"2014-08-29T18:28:14+00:00\" \/>\n<meta property=\"article:modified_time\" content=\"2014-08-29T18:29:41+00:00\" \/>\n<meta property=\"og:image\" content=\"https:\/\/informelitoral.com.ar\/%77%70%2d%63%6f%6e%74%65%6e%74\/uploads\/2014\/08\/0011082465.jpg\" \/>\n\t<meta property=\"og:image:width\" content=\"770\" \/>\n\t<meta property=\"og:image:height\" content=\"433\" \/>\n\t<meta property=\"og:image:type\" content=\"image\/jpeg\" \/>\n<meta name=\"author\" content=\"Gonzalo Schmidt\" \/>\n<meta name=\"twitter:card\" content=\"summary_large_image\" \/>\n<meta name=\"twitter:creator\" content=\"@InformeLitoral\" \/>\n<meta name=\"twitter:site\" content=\"@InformeLitoral\" \/>\n<meta name=\"twitter:label1\" content=\"Escrito por\" \/>\n\t<meta name=\"twitter:data1\" content=\"Gonzalo Schmidt\" \/>\n\t<meta name=\"twitter:label2\" content=\"Tiempo de lectura\" \/>\n\t<meta name=\"twitter:data2\" content=\"2 minutos\" \/>\n<script type=\"application\/ld+json\" class=\"yoast-schema-graph\">{\"@context\":\"https:\\\/\\\/schema.org\",\"@graph\":[{\"@type\":\"Article\",\"@id\":\"https:\\\/\\\/informelitoral.com.ar\\\/servini-de-cubria-hay-llamados-entre-algunos-narcos-y-los-telefonos-de-la-rosada\\\/#article\",\"isPartOf\":{\"@id\":\"https:\\\/\\\/informelitoral.com.ar\\\/servini-de-cubria-hay-llamados-entre-algunos-narcos-y-los-telefonos-de-la-rosada\\\/\"},\"author\":{\"name\":\"Gonzalo Schmidt\",\"@id\":\"https:\\\/\\\/informelitoral.com.ar\\\/#\\\/schema\\\/person\\\/b9d00407c836482871ef1d57bf8e3180\"},\"headline\":\"Servini de Cubr\u00eda: \u00abHay llamados entre algunos narcos y los tel\u00e9fonos de la Rosada\u00bb\",\"datePublished\":\"2014-08-29T18:28:14+00:00\",\"dateModified\":\"2014-08-29T18:29:41+00:00\",\"mainEntityOfPage\":{\"@id\":\"https:\\\/\\\/informelitoral.com.ar\\\/servini-de-cubria-hay-llamados-entre-algunos-narcos-y-los-telefonos-de-la-rosada\\\/\"},\"wordCount\":441,\"commentCount\":0,\"publisher\":{\"@id\":\"https:\\\/\\\/informelitoral.com.ar\\\/#organization\"},\"image\":{\"@id\":\"https:\\\/\\\/informelitoral.com.ar\\\/servini-de-cubria-hay-llamados-entre-algunos-narcos-y-los-telefonos-de-la-rosada\\\/#primaryimage\"},\"thumbnailUrl\":\"http:\\\/\\\/www.isletasnoticias.com.ar\\\/%77%70%2d%63%6f%6e%74%65%6e%74\\\/uploads\\\/2014\\\/08\\\/0011082465-300x168.jpg\",\"articleSection\":[\"Nacionales\",\"Politica\"],\"inLanguage\":\"es\",\"potentialAction\":[{\"@type\":\"CommentAction\",\"name\":\"Comment\",\"target\":[\"https:\\\/\\\/informelitoral.com.ar\\\/servini-de-cubria-hay-llamados-entre-algunos-narcos-y-los-telefonos-de-la-rosada\\\/#respond\"]}]},{\"@type\":\"WebPage\",\"@id\":\"https:\\\/\\\/informelitoral.com.ar\\\/servini-de-cubria-hay-llamados-entre-algunos-narcos-y-los-telefonos-de-la-rosada\\\/\",\"url\":\"https:\\\/\\\/informelitoral.com.ar\\\/servini-de-cubria-hay-llamados-entre-algunos-narcos-y-los-telefonos-de-la-rosada\\\/\",\"name\":\"Servini de Cubr\u00eda: \\\"Hay llamados entre algunos narcos y los tel\u00e9fonos de la Rosada\\\" - Informe Litoral\",\"isPartOf\":{\"@id\":\"https:\\\/\\\/informelitoral.com.ar\\\/#website\"},\"primaryImageOfPage\":{\"@id\":\"https:\\\/\\\/informelitoral.com.ar\\\/servini-de-cubria-hay-llamados-entre-algunos-narcos-y-los-telefonos-de-la-rosada\\\/#primaryimage\"},\"image\":{\"@id\":\"https:\\\/\\\/informelitoral.com.ar\\\/servini-de-cubria-hay-llamados-entre-algunos-narcos-y-los-telefonos-de-la-rosada\\\/#primaryimage\"},\"thumbnailUrl\":\"http:\\\/\\\/www.isletasnoticias.com.ar\\\/%77%70%2d%63%6f%6e%74%65%6e%74\\\/uploads\\\/2014\\\/08\\\/0011082465-300x168.jpg\",\"datePublished\":\"2014-08-29T18:28:14+00:00\",\"dateModified\":\"2014-08-29T18:29:41+00:00\",\"breadcrumb\":{\"@id\":\"https:\\\/\\\/informelitoral.com.ar\\\/servini-de-cubria-hay-llamados-entre-algunos-narcos-y-los-telefonos-de-la-rosada\\\/#breadcrumb\"},\"inLanguage\":\"es\",\"potentialAction\":[{\"@type\":\"ReadAction\",\"target\":[\"https:\\\/\\\/informelitoral.com.ar\\\/servini-de-cubria-hay-llamados-entre-algunos-narcos-y-los-telefonos-de-la-rosada\\\/\"]}]},{\"@type\":\"ImageObject\",\"inLanguage\":\"es\",\"@id\":\"https:\\\/\\\/informelitoral.com.ar\\\/servini-de-cubria-hay-llamados-entre-algunos-narcos-y-los-telefonos-de-la-rosada\\\/#primaryimage\",\"url\":\"http:\\\/\\\/www.isletasnoticias.com.ar\\\/%77%70%2d%63%6f%6e%74%65%6e%74\\\/uploads\\\/2014\\\/08\\\/0011082465-300x168.jpg\",\"contentUrl\":\"http:\\\/\\\/www.isletasnoticias.com.ar\\\/%77%70%2d%63%6f%6e%74%65%6e%74\\\/uploads\\\/2014\\\/08\\\/0011082465-300x168.jpg\"},{\"@type\":\"BreadcrumbList\",\"@id\":\"https:\\\/\\\/informelitoral.com.ar\\\/servini-de-cubria-hay-llamados-entre-algunos-narcos-y-los-telefonos-de-la-rosada\\\/#breadcrumb\",\"itemListElement\":[{\"@type\":\"ListItem\",\"position\":1,\"name\":\"Portada\",\"item\":\"https:\\\/\\\/informelitoral.com.ar\\\/\"},{\"@type\":\"ListItem\",\"position\":2,\"name\":\"Servini de Cubr\u00eda: \u00abHay llamados entre algunos narcos y los tel\u00e9fonos de la Rosada\u00bb\"}]},{\"@type\":\"WebSite\",\"@id\":\"https:\\\/\\\/informelitoral.com.ar\\\/#website\",\"url\":\"https:\\\/\\\/informelitoral.com.ar\\\/\",\"name\":\"Informe Litoral\",\"description\":\"&quot;Nos informamos&quot; \",\"publisher\":{\"@id\":\"https:\\\/\\\/informelitoral.com.ar\\\/#organization\"},\"potentialAction\":[{\"@type\":\"SearchAction\",\"target\":{\"@type\":\"EntryPoint\",\"urlTemplate\":\"https:\\\/\\\/informelitoral.com.ar\\\/?s={search_term_string}\"},\"query-input\":{\"@type\":\"PropertyValueSpecification\",\"valueRequired\":true,\"valueName\":\"search_term_string\"}}],\"inLanguage\":\"es\"},{\"@type\":\"Organization\",\"@id\":\"https:\\\/\\\/informelitoral.com.ar\\\/#organization\",\"name\":\"Informe Litoral\",\"url\":\"https:\\\/\\\/informelitoral.com.ar\\\/\",\"logo\":{\"@type\":\"ImageObject\",\"inLanguage\":\"es\",\"@id\":\"https:\\\/\\\/informelitoral.com.ar\\\/#\\\/schema\\\/logo\\\/image\\\/\",\"url\":\"https:\\\/\\\/informelitoral.com.ar\\\/%77%70%2d%63%6f%6e%74%65%6e%74\\\/uploads\\\/2021\\\/01\\\/circulo.png\",\"contentUrl\":\"https:\\\/\\\/informelitoral.com.ar\\\/%77%70%2d%63%6f%6e%74%65%6e%74\\\/uploads\\\/2021\\\/01\\\/circulo.png\",\"width\":723,\"height\":731,\"caption\":\"Informe Litoral\"},\"image\":{\"@id\":\"https:\\\/\\\/informelitoral.com.ar\\\/#\\\/schema\\\/logo\\\/image\\\/\"},\"sameAs\":[\"https:\\\/\\\/www.facebook.com\\\/informelitoral\\\/\",\"https:\\\/\\\/x.com\\\/InformeLitoral\",\"https:\\\/\\\/www.instagram.com\\\/informelitoral\\\/\",\"https:\\\/\\\/www.youtube.com\\\/channel\\\/UCua4Qvz8Icb6MYqhoq9xLXw\"]},{\"@type\":\"Person\",\"@id\":\"https:\\\/\\\/informelitoral.com.ar\\\/#\\\/schema\\\/person\\\/b9d00407c836482871ef1d57bf8e3180\",\"name\":\"Gonzalo Schmidt\",\"image\":{\"@type\":\"ImageObject\",\"inLanguage\":\"es\",\"@id\":\"https:\\\/\\\/secure.gravatar.com\\\/avatar\\\/31a1a7b66ff2de83bd0e9fd79d026630d2d99e55e8bfe501287647b4fd9743de?s=96&d=mm&r=g\",\"url\":\"https:\\\/\\\/secure.gravatar.com\\\/avatar\\\/31a1a7b66ff2de83bd0e9fd79d026630d2d99e55e8bfe501287647b4fd9743de?s=96&d=mm&r=g\",\"contentUrl\":\"https:\\\/\\\/secure.gravatar.com\\\/avatar\\\/31a1a7b66ff2de83bd0e9fd79d026630d2d99e55e8bfe501287647b4fd9743de?s=96&d=mm&r=g\",\"caption\":\"Gonzalo Schmidt\"},\"description\":\"Sitio web de noticias de la provincia de Entre R\u00edos, Argentina. Informaci\u00f3n y entretenimiento. Informe Litoral, nos informamos.\",\"sameAs\":[\"http:\\\/\\\/www.isletasnoticias.com.ar\"],\"url\":\"https:\\\/\\\/informelitoral.com.ar\\\/author\\\/gonzalo\\\/\"}]}<\/script>","yoast_head_json":{"title":"Servini de Cubr\u00eda: \"Hay llamados entre algunos narcos y los tel\u00e9fonos de la Rosada\" - Informe Litoral","robots":{"index":"index","follow":"follow","max-snippet":"max-snippet:-1","max-image-preview":"max-image-preview:large","max-video-preview":"max-video-preview:-1"},"canonical":"https:\/\/informelitoral.com.ar\/servini-de-cubria-hay-llamados-entre-algunos-narcos-y-los-telefonos-de-la-rosada\/","og_locale":"es_ES","og_type":"article","og_title":"Servini de Cubr\u00eda: \"Hay llamados entre algunos narcos y los tel\u00e9fonos de la Rosada\" - Informe Litoral","og_description":"La jueza federal que investiga el caso de la efedrina admiti&oacute; que en el expediente figuran llamados de supuestos narcotraficantes a la Casa Rosada. Dijo que las mafias de la droga operan con respaldo de &laquo;alguien importante&raquo;. Critic&oacute; a&nbsp;Justicia Leg&iacute;tima. La jueza Mar&iacute;a Servini de Cubr&iacute;a admiti&oacute; este mediod&iacute;a que investiga un entrecruzamiento de llamadas [&hellip;]","og_url":"https:\/\/informelitoral.com.ar\/servini-de-cubria-hay-llamados-entre-algunos-narcos-y-los-telefonos-de-la-rosada\/","og_site_name":"Informe Litoral","article_publisher":"https:\/\/www.facebook.com\/informelitoral\/","article_published_time":"2014-08-29T18:28:14+00:00","article_modified_time":"2014-08-29T18:29:41+00:00","og_image":[{"width":770,"height":433,"url":"https:\/\/informelitoral.com.ar\/%77%70%2d%63%6f%6e%74%65%6e%74\/uploads\/2014\/08\/0011082465.jpg","type":"image\/jpeg"}],"author":"Gonzalo Schmidt","twitter_card":"summary_large_image","twitter_creator":"@InformeLitoral","twitter_site":"@InformeLitoral","twitter_misc":{"Escrito por":"Gonzalo Schmidt","Tiempo de lectura":"2 minutos"},"schema":{"@context":"https:\/\/schema.org","@graph":[{"@type":"Article","@id":"https:\/\/informelitoral.com.ar\/servini-de-cubria-hay-llamados-entre-algunos-narcos-y-los-telefonos-de-la-rosada\/#article","isPartOf":{"@id":"https:\/\/informelitoral.com.ar\/servini-de-cubria-hay-llamados-entre-algunos-narcos-y-los-telefonos-de-la-rosada\/"},"author":{"name":"Gonzalo Schmidt","@id":"https:\/\/informelitoral.com.ar\/#\/schema\/person\/b9d00407c836482871ef1d57bf8e3180"},"headline":"Servini de Cubr\u00eda: \u00abHay llamados entre algunos narcos y los tel\u00e9fonos de la Rosada\u00bb","datePublished":"2014-08-29T18:28:14+00:00","dateModified":"2014-08-29T18:29:41+00:00","mainEntityOfPage":{"@id":"https:\/\/informelitoral.com.ar\/servini-de-cubria-hay-llamados-entre-algunos-narcos-y-los-telefonos-de-la-rosada\/"},"wordCount":441,"commentCount":0,"publisher":{"@id":"https:\/\/informelitoral.com.ar\/#organization"},"image":{"@id":"https:\/\/informelitoral.com.ar\/servini-de-cubria-hay-llamados-entre-algunos-narcos-y-los-telefonos-de-la-rosada\/#primaryimage"},"thumbnailUrl":"http:\/\/www.isletasnoticias.com.ar\/%77%70%2d%63%6f%6e%74%65%6e%74\/uploads\/2014\/08\/0011082465-300x168.jpg","articleSection":["Nacionales","Politica"],"inLanguage":"es","potentialAction":[{"@type":"CommentAction","name":"Comment","target":["https:\/\/informelitoral.com.ar\/servini-de-cubria-hay-llamados-entre-algunos-narcos-y-los-telefonos-de-la-rosada\/#respond"]}]},{"@type":"WebPage","@id":"https:\/\/informelitoral.com.ar\/servini-de-cubria-hay-llamados-entre-algunos-narcos-y-los-telefonos-de-la-rosada\/","url":"https:\/\/informelitoral.com.ar\/servini-de-cubria-hay-llamados-entre-algunos-narcos-y-los-telefonos-de-la-rosada\/","name":"Servini de Cubr\u00eda: \"Hay llamados entre algunos narcos y los tel\u00e9fonos de la Rosada\" - Informe Litoral","isPartOf":{"@id":"https:\/\/informelitoral.com.ar\/#website"},"primaryImageOfPage":{"@id":"https:\/\/informelitoral.com.ar\/servini-de-cubria-hay-llamados-entre-algunos-narcos-y-los-telefonos-de-la-rosada\/#primaryimage"},"image":{"@id":"https:\/\/informelitoral.com.ar\/servini-de-cubria-hay-llamados-entre-algunos-narcos-y-los-telefonos-de-la-rosada\/#primaryimage"},"thumbnailUrl":"http:\/\/www.isletasnoticias.com.ar\/%77%70%2d%63%6f%6e%74%65%6e%74\/uploads\/2014\/08\/0011082465-300x168.jpg","datePublished":"2014-08-29T18:28:14+00:00","dateModified":"2014-08-29T18:29:41+00:00","breadcrumb":{"@id":"https:\/\/informelitoral.com.ar\/servini-de-cubria-hay-llamados-entre-algunos-narcos-y-los-telefonos-de-la-rosada\/#breadcrumb"},"inLanguage":"es","potentialAction":[{"@type":"ReadAction","target":["https:\/\/informelitoral.com.ar\/servini-de-cubria-hay-llamados-entre-algunos-narcos-y-los-telefonos-de-la-rosada\/"]}]},{"@type":"ImageObject","inLanguage":"es","@id":"https:\/\/informelitoral.com.ar\/servini-de-cubria-hay-llamados-entre-algunos-narcos-y-los-telefonos-de-la-rosada\/#primaryimage","url":"http:\/\/www.isletasnoticias.com.ar\/%77%70%2d%63%6f%6e%74%65%6e%74\/uploads\/2014\/08\/0011082465-300x168.jpg","contentUrl":"http:\/\/www.isletasnoticias.com.ar\/%77%70%2d%63%6f%6e%74%65%6e%74\/uploads\/2014\/08\/0011082465-300x168.jpg"},{"@type":"BreadcrumbList","@id":"https:\/\/informelitoral.com.ar\/servini-de-cubria-hay-llamados-entre-algunos-narcos-y-los-telefonos-de-la-rosada\/#breadcrumb","itemListElement":[{"@type":"ListItem","position":1,"name":"Portada","item":"https:\/\/informelitoral.com.ar\/"},{"@type":"ListItem","position":2,"name":"Servini de Cubr\u00eda: \u00abHay llamados entre algunos narcos y los tel\u00e9fonos de la Rosada\u00bb"}]},{"@type":"WebSite","@id":"https:\/\/informelitoral.com.ar\/#website","url":"https:\/\/informelitoral.com.ar\/","name":"Informe Litoral","description":"&quot;Nos informamos&quot; ","publisher":{"@id":"https:\/\/informelitoral.com.ar\/#organization"},"potentialAction":[{"@type":"SearchAction","target":{"@type":"EntryPoint","urlTemplate":"https:\/\/informelitoral.com.ar\/?s={search_term_string}"},"query-input":{"@type":"PropertyValueSpecification","valueRequired":true,"valueName":"search_term_string"}}],"inLanguage":"es"},{"@type":"Organization","@id":"https:\/\/informelitoral.com.ar\/#organization","name":"Informe Litoral","url":"https:\/\/informelitoral.com.ar\/","logo":{"@type":"ImageObject","inLanguage":"es","@id":"https:\/\/informelitoral.com.ar\/#\/schema\/logo\/image\/","url":"https:\/\/informelitoral.com.ar\/%77%70%2d%63%6f%6e%74%65%6e%74\/uploads\/2021\/01\/circulo.png","contentUrl":"https:\/\/informelitoral.com.ar\/%77%70%2d%63%6f%6e%74%65%6e%74\/uploads\/2021\/01\/circulo.png","width":723,"height":731,"caption":"Informe Litoral"},"image":{"@id":"https:\/\/informelitoral.com.ar\/#\/schema\/logo\/image\/"},"sameAs":["https:\/\/www.facebook.com\/informelitoral\/","https:\/\/x.com\/InformeLitoral","https:\/\/www.instagram.com\/informelitoral\/","https:\/\/www.youtube.com\/channel\/UCua4Qvz8Icb6MYqhoq9xLXw"]},{"@type":"Person","@id":"https:\/\/informelitoral.com.ar\/#\/schema\/person\/b9d00407c836482871ef1d57bf8e3180","name":"Gonzalo Schmidt","image":{"@type":"ImageObject","inLanguage":"es","@id":"https:\/\/secure.gravatar.com\/avatar\/31a1a7b66ff2de83bd0e9fd79d026630d2d99e55e8bfe501287647b4fd9743de?s=96&d=mm&r=g","url":"https:\/\/secure.gravatar.com\/avatar\/31a1a7b66ff2de83bd0e9fd79d026630d2d99e55e8bfe501287647b4fd9743de?s=96&d=mm&r=g","contentUrl":"https:\/\/secure.gravatar.com\/avatar\/31a1a7b66ff2de83bd0e9fd79d026630d2d99e55e8bfe501287647b4fd9743de?s=96&d=mm&r=g","caption":"Gonzalo Schmidt"},"description":"Sitio web de noticias de la provincia de Entre R\u00edos, Argentina. Informaci\u00f3n y entretenimiento. Informe Litoral, nos informamos.","sameAs":["http:\/\/www.isletasnoticias.com.ar"],"url":"https:\/\/informelitoral.com.ar\/author\/gonzalo\/"}]}},"_links":{"self":[{"href":"https:\/\/informelitoral.com.ar\/%77%70%2d%6a%73%6f%6e\/wp\/v2\/posts\/8001","targetHints":{"allow":["GET"]}}],"collection":[{"href":"https:\/\/informelitoral.com.ar\/%77%70%2d%6a%73%6f%6e\/wp\/v2\/posts"}],"about":[{"href":"https:\/\/informelitoral.com.ar\/%77%70%2d%6a%73%6f%6e\/wp\/v2\/types\/post"}],"author":[{"embeddable":true,"href":"https:\/\/informelitoral.com.ar\/%77%70%2d%6a%73%6f%6e\/wp\/v2\/users\/2"}],"replies":[{"embeddable":true,"href":"https:\/\/informelitoral.com.ar\/%77%70%2d%6a%73%6f%6e\/wp\/v2\/comments?post=8001"}],"version-history":[{"count":0,"href":"https:\/\/informelitoral.com.ar\/%77%70%2d%6a%73%6f%6e\/wp\/v2\/posts\/8001\/revisions"}],"wp:attachment":[{"href":"https:\/\/informelitoral.com.ar\/%77%70%2d%6a%73%6f%6e\/wp\/v2\/media?parent=8001"}],"wp:term":[{"taxonomy":"category","embeddable":true,"href":"https:\/\/informelitoral.com.ar\/%77%70%2d%6a%73%6f%6e\/wp\/v2\/categories?post=8001"},{"taxonomy":"post_tag","embeddable":true,"href":"https:\/\/informelitoral.com.ar\/%77%70%2d%6a%73%6f%6e\/wp\/v2\/tags?post=8001"}],"curies":[{"name":"wp","href":"https:\/\/api.w.org\/{rel}","templated":true}]}}