{"id":7995,"date":"2014-08-27T15:19:34","date_gmt":"2014-08-27T18:19:34","guid":{"rendered":"http:\/\/www.isletasnoticias.com.ar\/?p=7995"},"modified":"2014-08-27T15:19:34","modified_gmt":"2014-08-27T18:19:34","slug":"vecinos-de-ramirez-marcharon-para-pedir-seguridad-estamos-exigiendo-accionar-contra-los-delincuentes","status":"publish","type":"post","link":"https:\/\/informelitoral.com.ar\/vecinos-de-ramirez-marcharon-para-pedir-seguridad-estamos-exigiendo-accionar-contra-los-delincuentes\/","title":{"rendered":"Vecinos de Ram\u00edrez marcharon para pedir seguridad: \u201cEstamos exigiendo accionar contra los delincuentes\u201d"},"content":{"rendered":"<p><strong><span style=\"color: #000000;\">Habitantes de Ram\u00edrez se movilizaron y leyeron un petitorio redactado por los vecinos; luego dialogaron con el jefe de la Departamental Diamante.<\/span><span style=\"color: #000000;\">\u00a0Habr\u00e1 cambios en la dependencia local, pero los vecinos se oponen.<a href=\"http:\/\/www.isletasnoticias.com.ar\/%77%70%2d%63%6f%6e%74%65%6e%74\/uploads\/2014\/08\/10461465_562930317167215_8762877388380496780_n.jpg\"><img loading=\"lazy\" decoding=\"async\" class=\"aligncenter wp-image-7986 size-medium\" src=\"http:\/\/www.isletasnoticias.com.ar\/%77%70%2d%63%6f%6e%74%65%6e%74\/uploads\/2014\/08\/10461465_562930317167215_8762877388380496780_n-300x168.jpg\" alt=\"10461465_562930317167215_8762877388380496780_n\" width=\"300\" height=\"168\" srcset=\"https:\/\/informelitoral.com.ar\/%77%70%2d%63%6f%6e%74%65%6e%74\/uploads\/2014\/08\/10461465_562930317167215_8762877388380496780_n-300x168.jpg 300w, https:\/\/informelitoral.com.ar\/%77%70%2d%63%6f%6e%74%65%6e%74\/uploads\/2014\/08\/10461465_562930317167215_8762877388380496780_n.jpg 960w\" sizes=\"auto, (max-width: 300px) 100vw, 300px\" \/><\/a><\/span><\/strong><span style=\"color: #000000;\">La convocatoria a una marcha en contra de la inseguridad se dio de manera espont\u00e1nea, a trav\u00e9s de las redes sociales, entre los vecinos de la ciudad del departamento Diamante. Se realiz\u00f3 desde la Plaza de la Madre, en avenida San Mart\u00edn y Avellaneda, recorriendo diferentes calles de la ciudad.\u00a0<\/span><span style=\"font-size: 14px; line-height: 1.55;\">La preocupaci\u00f3n por varios hechos delictivos motiv\u00f3 la movilizaci\u00f3n. Destacan que la seguridad en General Ram\u00edrez era una de sus principales caracter\u00edsticas. Ahora \u201cla situaci\u00f3n ha cambiado\u201d.\u00a0<\/span><\/p>\n<p><span style=\"color: #000000;\">Los vecinos plantearon, en di\u00e1logo con los funcionarios policiales de la localidad, que \u201cla necesidad de estas movilizaciones surge en funci\u00f3n de la seguridad que perdimos hace un tiempo, en la ciudad\u201d y pusieron relevancia en que los autoconvocados \u201cno queremos ir al choque\u201d.\u00a0<\/span><\/p>\n<p><span style=\"color: #000000;\">\u201cTuve problemas de robos, unos diez; vivo en el campo. Siempre he sido bien atendido por los polic\u00edas, pero el problema no son ellos, sino el juez. Tenemos una buena polic\u00eda en Ram\u00edrez, todos tenemos que estar apoy\u00e1ndolos\u201d, dijo otro habitante de la zona.\u00a0<\/span><\/p>\n<p><span style=\"color: #000000;\">Al mismo tiempo, otra vecina asegur\u00f3: \u201cSe sabe qui\u00e9nes son los delincuentes. Nos conocemos y nos vemos la cara, todos los d\u00edas. Si son menores de edad, que vayan los padres a dar cuenta de los hechos ante la justicia\u201d. A la vez, al exponer el malestar, propuso: \u201cs\u00e1quenles los celulares, ll\u00e9venlos a trabajar, a hacer una huerta, a un centro comunitario, para que sepan lo que es romperse el alma. Salgo a las cinco de la ma\u00f1ana de mi casa, a trabajar, lo hago con miedo. Me da mucha impotencia y verg\u00fcenza lo que nos pasa en esta localidad\u201d.\u00a0<\/span><\/p>\n<p><span style=\"color: #000000;\">El jefe de Polic\u00eda de la departamental Diamante, Comisario Mayor Pedro Miguel Vergara habl\u00f3 con los vecinos y asegur\u00f3: \u201cTengo un despacho de puertas abiertas. Lo he puesto en pr\u00e1ctica desde que asum\u00ed. Me puse en contacto con el intendente municipal desde que llegue a la ciudad, para conocer la problem\u00e1tica de Ram\u00edrez. Han ocurrido hechos que se est\u00e1n investigando, estoy en conocimiento de qui\u00e9nes son los supuestos autores de algunos hechos. Me llam\u00f3 la atenci\u00f3n esta convocatoria que se hizo a trav\u00e9s de Facebook\u201d.\u00a0<\/span><\/p>\n<p><span style=\"color: #000000;\">Consider\u00f3 que \u201cel cambio de jefe de comisar\u00eda que se va a producir ma\u00f1ana mi\u00e9rcoles, surgi\u00f3 a partir de la informaci\u00f3n surgida en los medios. Qui\u00e9n asumir\u00e1 es una persona de amplia trayectoria, con 21 a\u00f1os de servicio. Sin desmerecer el trabajo que ha hecho hasta ahora el personal de esta dependencia, se reforzar\u00e1 la prevenci\u00f3n\u201d.\u00a0<\/span><\/p>\n<p><span style=\"color: #000000;\">\u201cSomos auxiliares de la justicia, no somos los que decidimos sobre la libertad o no de las personas. Cuando son menores hay una ley a la que debemos dar cumplimiento. En todos los casos, a excepci\u00f3n de algunos delitos graves, deben ser entregados a sus padres o responsables legales\u201d, record\u00f3.\u00a0<\/span><\/p>\n<p><span style=\"color: #000000;\">Vergara, ante la consulta de los vecinos, apunt\u00f3 que \u201cse est\u00e1 trabajando en el tema de toxicolog\u00eda, en todo el departamento. Hemos tenido procedimientos muy importantes. Recordemos que esto es un delito de competencia federal. Trabajamos con el Juzgado Federal. Es una tarea compleja, pero no por eso hemos dejado de trabajar\u201d.\u00a0<\/span><\/p>\n<p><span style=\"color: #000000;\">Se dej\u00f3 en claro tambi\u00e9n que la comunidad de Ram\u00edrez se compromete a colaborar con los costos que demande un sistema de videovigilancia, para la ciudad.\u00a0<\/span><\/p>\n<p><span style=\"color: #000000;\">Una vecina de la ciudad cont\u00f3 que \u201crecibieron amenazas\u201d a trav\u00e9s de las redes sociales de que \u201csi nos moviliz\u00e1bamos a la plaza, iban a golpear a nuestros hijos. Estos chicos no respetan nada. Estos malvivientes son capaces de quitar la vida a uno de nuestros hijos, para robarles las zapatillas y el celular. La desesperaci\u00f3n de Ram\u00edrez hoy es esa, estamos realmente preocupados. No creemos que con cambiar al comisario se soluciona. Tampoco se soluciona con charlas. Estamos exigiendo accionar\u201d.\u00a0<\/span><\/p>\n<p><span style=\"color: #000000;\">Desde la polic\u00eda se comprometieron, \u201cluego de escuchar las inquietudes de los vecinos, de esta charla debe salir consenso. Ustedes vecinos quieren lo mismo que queremos nosotros, para nuestras familias\u201d, dijo el subjefe de la Departamental Diamante, comisario principal Daniel Randisi.\u00a0<\/span><br style=\"color: #000000;\" \/><span style=\"color: #000000;\">\u201cEstamos a tiempo de ver c\u00f3mo solucionar el problema. Esta es una comunidad unida\u201d, enfatiz\u00f3.\u00a0<\/span><\/p>\n<p><span style=\"color: #000000;\">Los vecinos de la ciudad, al grito de \u201cQue no se vayan\u201d, pidieron que los cambios en la dependencia local, no se realicen, porque seg\u00fan los habitantes de la localidad \u201cno son ellos el problema\u201d. <em>(Elonce)<\/em><\/span><\/p>\n","protected":false},"excerpt":{"rendered":"<p>Habitantes de Ram&iacute;rez se movilizaron y leyeron un petitorio redactado por los vecinos; luego dialogaron con el jefe de la Departamental Diamante.&nbsp;Habr&aacute; cambios en la dependencia local, pero los vecinos se oponen.La convocatoria a una marcha en contra de la inseguridad se dio de manera espont&aacute;nea, a trav&eacute;s de las redes sociales, entre los vecinos [&hellip;]<\/p>\n","protected":false},"author":2,"featured_media":0,"comment_status":"open","ping_status":"open","sticky":false,"template":"","format":"standard","meta":{"fifu_image_url":"","fifu_image_alt":"","footnotes":""},"categories":[5],"tags":[],"class_list":{"0":"post-7995","1":"post","2":"type-post","3":"status-publish","4":"format-standard","6":"category-zonales"},"yoast_head":"<title>Vecinos de Ram\u00edrez marcharon para pedir seguridad: \u201cEstamos exigiendo accionar contra los delincuentes\u201d  - Informe Litoral<\/title>\n<meta name=\"robots\" content=\"index, follow, max-snippet:-1, max-image-preview:large, max-video-preview:-1\" \/>\n<link rel=\"canonical\" href=\"https:\/\/informelitoral.com.ar\/vecinos-de-ramirez-marcharon-para-pedir-seguridad-estamos-exigiendo-accionar-contra-los-delincuentes\/\" \/>\n<meta property=\"og:locale\" content=\"es_ES\" \/>\n<meta property=\"og:type\" content=\"article\" \/>\n<meta property=\"og:title\" content=\"Vecinos de Ram\u00edrez marcharon para pedir seguridad: \u201cEstamos exigiendo accionar contra los delincuentes\u201d  - Informe Litoral\" \/>\n<meta property=\"og:description\" content=\"Habitantes de Ram&iacute;rez se movilizaron y leyeron un petitorio redactado por los vecinos; luego dialogaron con el jefe de la Departamental Diamante.&nbsp;Habr&aacute; cambios en la dependencia local, pero los vecinos se oponen.La convocatoria a una marcha en contra de la inseguridad se dio de manera espont&aacute;nea, a trav&eacute;s de las redes sociales, entre los vecinos [&hellip;]\" \/>\n<meta property=\"og:url\" content=\"https:\/\/informelitoral.com.ar\/vecinos-de-ramirez-marcharon-para-pedir-seguridad-estamos-exigiendo-accionar-contra-los-delincuentes\/\" \/>\n<meta property=\"og:site_name\" content=\"Informe Litoral\" \/>\n<meta property=\"article:publisher\" content=\"https:\/\/www.facebook.com\/informelitoral\/\" \/>\n<meta property=\"article:published_time\" content=\"2014-08-27T18:19:34+00:00\" \/>\n<meta property=\"og:image\" content=\"https:\/\/informelitoral.com.ar\/%77%70%2d%63%6f%6e%74%65%6e%74\/uploads\/2014\/08\/10461465_562930317167215_8762877388380496780_n.jpg\" \/>\n\t<meta property=\"og:image:width\" content=\"960\" \/>\n\t<meta property=\"og:image:height\" content=\"540\" \/>\n\t<meta property=\"og:image:type\" content=\"image\/jpeg\" \/>\n<meta name=\"author\" content=\"Gonzalo Schmidt\" \/>\n<meta name=\"twitter:card\" content=\"summary_large_image\" \/>\n<meta name=\"twitter:creator\" content=\"@InformeLitoral\" \/>\n<meta name=\"twitter:site\" content=\"@InformeLitoral\" \/>\n<meta name=\"twitter:label1\" content=\"Escrito por\" \/>\n\t<meta name=\"twitter:data1\" content=\"Gonzalo Schmidt\" \/>\n\t<meta name=\"twitter:label2\" content=\"Tiempo de lectura\" \/>\n\t<meta name=\"twitter:data2\" content=\"4 minutos\" \/>\n<script type=\"application\/ld+json\" class=\"yoast-schema-graph\">{\"@context\":\"https:\\\/\\\/schema.org\",\"@graph\":[{\"@type\":\"Article\",\"@id\":\"https:\\\/\\\/informelitoral.com.ar\\\/vecinos-de-ramirez-marcharon-para-pedir-seguridad-estamos-exigiendo-accionar-contra-los-delincuentes\\\/#article\",\"isPartOf\":{\"@id\":\"https:\\\/\\\/informelitoral.com.ar\\\/vecinos-de-ramirez-marcharon-para-pedir-seguridad-estamos-exigiendo-accionar-contra-los-delincuentes\\\/\"},\"author\":{\"name\":\"Gonzalo Schmidt\",\"@id\":\"https:\\\/\\\/informelitoral.com.ar\\\/#\\\/schema\\\/person\\\/b9d00407c836482871ef1d57bf8e3180\"},\"headline\":\"Vecinos de Ram\u00edrez marcharon para pedir seguridad: \u201cEstamos exigiendo accionar contra los delincuentes\u201d\",\"datePublished\":\"2014-08-27T18:19:34+00:00\",\"mainEntityOfPage\":{\"@id\":\"https:\\\/\\\/informelitoral.com.ar\\\/vecinos-de-ramirez-marcharon-para-pedir-seguridad-estamos-exigiendo-accionar-contra-los-delincuentes\\\/\"},\"wordCount\":800,\"commentCount\":0,\"publisher\":{\"@id\":\"https:\\\/\\\/informelitoral.com.ar\\\/#organization\"},\"image\":{\"@id\":\"https:\\\/\\\/informelitoral.com.ar\\\/vecinos-de-ramirez-marcharon-para-pedir-seguridad-estamos-exigiendo-accionar-contra-los-delincuentes\\\/#primaryimage\"},\"thumbnailUrl\":\"http:\\\/\\\/www.isletasnoticias.com.ar\\\/%77%70%2d%63%6f%6e%74%65%6e%74\\\/uploads\\\/2014\\\/08\\\/10461465_562930317167215_8762877388380496780_n-300x168.jpg\",\"articleSection\":[\"Departamento Diamante\"],\"inLanguage\":\"es\",\"potentialAction\":[{\"@type\":\"CommentAction\",\"name\":\"Comment\",\"target\":[\"https:\\\/\\\/informelitoral.com.ar\\\/vecinos-de-ramirez-marcharon-para-pedir-seguridad-estamos-exigiendo-accionar-contra-los-delincuentes\\\/#respond\"]}]},{\"@type\":\"WebPage\",\"@id\":\"https:\\\/\\\/informelitoral.com.ar\\\/vecinos-de-ramirez-marcharon-para-pedir-seguridad-estamos-exigiendo-accionar-contra-los-delincuentes\\\/\",\"url\":\"https:\\\/\\\/informelitoral.com.ar\\\/vecinos-de-ramirez-marcharon-para-pedir-seguridad-estamos-exigiendo-accionar-contra-los-delincuentes\\\/\",\"name\":\"Vecinos de Ram\u00edrez marcharon para pedir seguridad: \u201cEstamos exigiendo accionar contra los delincuentes\u201d - Informe Litoral\",\"isPartOf\":{\"@id\":\"https:\\\/\\\/informelitoral.com.ar\\\/#website\"},\"primaryImageOfPage\":{\"@id\":\"https:\\\/\\\/informelitoral.com.ar\\\/vecinos-de-ramirez-marcharon-para-pedir-seguridad-estamos-exigiendo-accionar-contra-los-delincuentes\\\/#primaryimage\"},\"image\":{\"@id\":\"https:\\\/\\\/informelitoral.com.ar\\\/vecinos-de-ramirez-marcharon-para-pedir-seguridad-estamos-exigiendo-accionar-contra-los-delincuentes\\\/#primaryimage\"},\"thumbnailUrl\":\"http:\\\/\\\/www.isletasnoticias.com.ar\\\/%77%70%2d%63%6f%6e%74%65%6e%74\\\/uploads\\\/2014\\\/08\\\/10461465_562930317167215_8762877388380496780_n-300x168.jpg\",\"datePublished\":\"2014-08-27T18:19:34+00:00\",\"breadcrumb\":{\"@id\":\"https:\\\/\\\/informelitoral.com.ar\\\/vecinos-de-ramirez-marcharon-para-pedir-seguridad-estamos-exigiendo-accionar-contra-los-delincuentes\\\/#breadcrumb\"},\"inLanguage\":\"es\",\"potentialAction\":[{\"@type\":\"ReadAction\",\"target\":[\"https:\\\/\\\/informelitoral.com.ar\\\/vecinos-de-ramirez-marcharon-para-pedir-seguridad-estamos-exigiendo-accionar-contra-los-delincuentes\\\/\"]}]},{\"@type\":\"ImageObject\",\"inLanguage\":\"es\",\"@id\":\"https:\\\/\\\/informelitoral.com.ar\\\/vecinos-de-ramirez-marcharon-para-pedir-seguridad-estamos-exigiendo-accionar-contra-los-delincuentes\\\/#primaryimage\",\"url\":\"http:\\\/\\\/www.isletasnoticias.com.ar\\\/%77%70%2d%63%6f%6e%74%65%6e%74\\\/uploads\\\/2014\\\/08\\\/10461465_562930317167215_8762877388380496780_n-300x168.jpg\",\"contentUrl\":\"http:\\\/\\\/www.isletasnoticias.com.ar\\\/%77%70%2d%63%6f%6e%74%65%6e%74\\\/uploads\\\/2014\\\/08\\\/10461465_562930317167215_8762877388380496780_n-300x168.jpg\"},{\"@type\":\"BreadcrumbList\",\"@id\":\"https:\\\/\\\/informelitoral.com.ar\\\/vecinos-de-ramirez-marcharon-para-pedir-seguridad-estamos-exigiendo-accionar-contra-los-delincuentes\\\/#breadcrumb\",\"itemListElement\":[{\"@type\":\"ListItem\",\"position\":1,\"name\":\"Portada\",\"item\":\"https:\\\/\\\/informelitoral.com.ar\\\/\"},{\"@type\":\"ListItem\",\"position\":2,\"name\":\"Vecinos de Ram\u00edrez marcharon para pedir seguridad: \u201cEstamos exigiendo accionar contra los delincuentes\u201d\"}]},{\"@type\":\"WebSite\",\"@id\":\"https:\\\/\\\/informelitoral.com.ar\\\/#website\",\"url\":\"https:\\\/\\\/informelitoral.com.ar\\\/\",\"name\":\"Informe Litoral\",\"description\":\"&quot;Nos informamos&quot; \",\"publisher\":{\"@id\":\"https:\\\/\\\/informelitoral.com.ar\\\/#organization\"},\"potentialAction\":[{\"@type\":\"SearchAction\",\"target\":{\"@type\":\"EntryPoint\",\"urlTemplate\":\"https:\\\/\\\/informelitoral.com.ar\\\/?s={search_term_string}\"},\"query-input\":{\"@type\":\"PropertyValueSpecification\",\"valueRequired\":true,\"valueName\":\"search_term_string\"}}],\"inLanguage\":\"es\"},{\"@type\":\"Organization\",\"@id\":\"https:\\\/\\\/informelitoral.com.ar\\\/#organization\",\"name\":\"Informe Litoral\",\"url\":\"https:\\\/\\\/informelitoral.com.ar\\\/\",\"logo\":{\"@type\":\"ImageObject\",\"inLanguage\":\"es\",\"@id\":\"https:\\\/\\\/informelitoral.com.ar\\\/#\\\/schema\\\/logo\\\/image\\\/\",\"url\":\"https:\\\/\\\/informelitoral.com.ar\\\/%77%70%2d%63%6f%6e%74%65%6e%74\\\/uploads\\\/2021\\\/01\\\/circulo.png\",\"contentUrl\":\"https:\\\/\\\/informelitoral.com.ar\\\/%77%70%2d%63%6f%6e%74%65%6e%74\\\/uploads\\\/2021\\\/01\\\/circulo.png\",\"width\":723,\"height\":731,\"caption\":\"Informe Litoral\"},\"image\":{\"@id\":\"https:\\\/\\\/informelitoral.com.ar\\\/#\\\/schema\\\/logo\\\/image\\\/\"},\"sameAs\":[\"https:\\\/\\\/www.facebook.com\\\/informelitoral\\\/\",\"https:\\\/\\\/x.com\\\/InformeLitoral\",\"https:\\\/\\\/www.instagram.com\\\/informelitoral\\\/\",\"https:\\\/\\\/www.youtube.com\\\/channel\\\/UCua4Qvz8Icb6MYqhoq9xLXw\"]},{\"@type\":\"Person\",\"@id\":\"https:\\\/\\\/informelitoral.com.ar\\\/#\\\/schema\\\/person\\\/b9d00407c836482871ef1d57bf8e3180\",\"name\":\"Gonzalo Schmidt\",\"image\":{\"@type\":\"ImageObject\",\"inLanguage\":\"es\",\"@id\":\"https:\\\/\\\/secure.gravatar.com\\\/avatar\\\/31a1a7b66ff2de83bd0e9fd79d026630d2d99e55e8bfe501287647b4fd9743de?s=96&d=mm&r=g\",\"url\":\"https:\\\/\\\/secure.gravatar.com\\\/avatar\\\/31a1a7b66ff2de83bd0e9fd79d026630d2d99e55e8bfe501287647b4fd9743de?s=96&d=mm&r=g\",\"contentUrl\":\"https:\\\/\\\/secure.gravatar.com\\\/avatar\\\/31a1a7b66ff2de83bd0e9fd79d026630d2d99e55e8bfe501287647b4fd9743de?s=96&d=mm&r=g\",\"caption\":\"Gonzalo Schmidt\"},\"description\":\"Sitio web de noticias de la provincia de Entre R\u00edos, Argentina. Informaci\u00f3n y entretenimiento. Informe Litoral, nos informamos.\",\"sameAs\":[\"http:\\\/\\\/www.isletasnoticias.com.ar\"],\"url\":\"https:\\\/\\\/informelitoral.com.ar\\\/author\\\/gonzalo\\\/\"}]}<\/script>","yoast_head_json":{"title":"Vecinos de Ram\u00edrez marcharon para pedir seguridad: \u201cEstamos exigiendo accionar contra los delincuentes\u201d  - Informe Litoral","robots":{"index":"index","follow":"follow","max-snippet":"max-snippet:-1","max-image-preview":"max-image-preview:large","max-video-preview":"max-video-preview:-1"},"canonical":"https:\/\/informelitoral.com.ar\/vecinos-de-ramirez-marcharon-para-pedir-seguridad-estamos-exigiendo-accionar-contra-los-delincuentes\/","og_locale":"es_ES","og_type":"article","og_title":"Vecinos de Ram\u00edrez marcharon para pedir seguridad: \u201cEstamos exigiendo accionar contra los delincuentes\u201d  - Informe Litoral","og_description":"Habitantes de Ram&iacute;rez se movilizaron y leyeron un petitorio redactado por los vecinos; luego dialogaron con el jefe de la Departamental Diamante.&nbsp;Habr&aacute; cambios en la dependencia local, pero los vecinos se oponen.La convocatoria a una marcha en contra de la inseguridad se dio de manera espont&aacute;nea, a trav&eacute;s de las redes sociales, entre los vecinos [&hellip;]","og_url":"https:\/\/informelitoral.com.ar\/vecinos-de-ramirez-marcharon-para-pedir-seguridad-estamos-exigiendo-accionar-contra-los-delincuentes\/","og_site_name":"Informe Litoral","article_publisher":"https:\/\/www.facebook.com\/informelitoral\/","article_published_time":"2014-08-27T18:19:34+00:00","og_image":[{"width":960,"height":540,"url":"https:\/\/informelitoral.com.ar\/%77%70%2d%63%6f%6e%74%65%6e%74\/uploads\/2014\/08\/10461465_562930317167215_8762877388380496780_n.jpg","type":"image\/jpeg"}],"author":"Gonzalo Schmidt","twitter_card":"summary_large_image","twitter_creator":"@InformeLitoral","twitter_site":"@InformeLitoral","twitter_misc":{"Escrito por":"Gonzalo Schmidt","Tiempo de lectura":"4 minutos"},"schema":{"@context":"https:\/\/schema.org","@graph":[{"@type":"Article","@id":"https:\/\/informelitoral.com.ar\/vecinos-de-ramirez-marcharon-para-pedir-seguridad-estamos-exigiendo-accionar-contra-los-delincuentes\/#article","isPartOf":{"@id":"https:\/\/informelitoral.com.ar\/vecinos-de-ramirez-marcharon-para-pedir-seguridad-estamos-exigiendo-accionar-contra-los-delincuentes\/"},"author":{"name":"Gonzalo Schmidt","@id":"https:\/\/informelitoral.com.ar\/#\/schema\/person\/b9d00407c836482871ef1d57bf8e3180"},"headline":"Vecinos de Ram\u00edrez marcharon para pedir seguridad: \u201cEstamos exigiendo accionar contra los delincuentes\u201d","datePublished":"2014-08-27T18:19:34+00:00","mainEntityOfPage":{"@id":"https:\/\/informelitoral.com.ar\/vecinos-de-ramirez-marcharon-para-pedir-seguridad-estamos-exigiendo-accionar-contra-los-delincuentes\/"},"wordCount":800,"commentCount":0,"publisher":{"@id":"https:\/\/informelitoral.com.ar\/#organization"},"image":{"@id":"https:\/\/informelitoral.com.ar\/vecinos-de-ramirez-marcharon-para-pedir-seguridad-estamos-exigiendo-accionar-contra-los-delincuentes\/#primaryimage"},"thumbnailUrl":"http:\/\/www.isletasnoticias.com.ar\/%77%70%2d%63%6f%6e%74%65%6e%74\/uploads\/2014\/08\/10461465_562930317167215_8762877388380496780_n-300x168.jpg","articleSection":["Departamento Diamante"],"inLanguage":"es","potentialAction":[{"@type":"CommentAction","name":"Comment","target":["https:\/\/informelitoral.com.ar\/vecinos-de-ramirez-marcharon-para-pedir-seguridad-estamos-exigiendo-accionar-contra-los-delincuentes\/#respond"]}]},{"@type":"WebPage","@id":"https:\/\/informelitoral.com.ar\/vecinos-de-ramirez-marcharon-para-pedir-seguridad-estamos-exigiendo-accionar-contra-los-delincuentes\/","url":"https:\/\/informelitoral.com.ar\/vecinos-de-ramirez-marcharon-para-pedir-seguridad-estamos-exigiendo-accionar-contra-los-delincuentes\/","name":"Vecinos de Ram\u00edrez marcharon para pedir seguridad: \u201cEstamos exigiendo accionar contra los delincuentes\u201d - Informe Litoral","isPartOf":{"@id":"https:\/\/informelitoral.com.ar\/#website"},"primaryImageOfPage":{"@id":"https:\/\/informelitoral.com.ar\/vecinos-de-ramirez-marcharon-para-pedir-seguridad-estamos-exigiendo-accionar-contra-los-delincuentes\/#primaryimage"},"image":{"@id":"https:\/\/informelitoral.com.ar\/vecinos-de-ramirez-marcharon-para-pedir-seguridad-estamos-exigiendo-accionar-contra-los-delincuentes\/#primaryimage"},"thumbnailUrl":"http:\/\/www.isletasnoticias.com.ar\/%77%70%2d%63%6f%6e%74%65%6e%74\/uploads\/2014\/08\/10461465_562930317167215_8762877388380496780_n-300x168.jpg","datePublished":"2014-08-27T18:19:34+00:00","breadcrumb":{"@id":"https:\/\/informelitoral.com.ar\/vecinos-de-ramirez-marcharon-para-pedir-seguridad-estamos-exigiendo-accionar-contra-los-delincuentes\/#breadcrumb"},"inLanguage":"es","potentialAction":[{"@type":"ReadAction","target":["https:\/\/informelitoral.com.ar\/vecinos-de-ramirez-marcharon-para-pedir-seguridad-estamos-exigiendo-accionar-contra-los-delincuentes\/"]}]},{"@type":"ImageObject","inLanguage":"es","@id":"https:\/\/informelitoral.com.ar\/vecinos-de-ramirez-marcharon-para-pedir-seguridad-estamos-exigiendo-accionar-contra-los-delincuentes\/#primaryimage","url":"http:\/\/www.isletasnoticias.com.ar\/%77%70%2d%63%6f%6e%74%65%6e%74\/uploads\/2014\/08\/10461465_562930317167215_8762877388380496780_n-300x168.jpg","contentUrl":"http:\/\/www.isletasnoticias.com.ar\/%77%70%2d%63%6f%6e%74%65%6e%74\/uploads\/2014\/08\/10461465_562930317167215_8762877388380496780_n-300x168.jpg"},{"@type":"BreadcrumbList","@id":"https:\/\/informelitoral.com.ar\/vecinos-de-ramirez-marcharon-para-pedir-seguridad-estamos-exigiendo-accionar-contra-los-delincuentes\/#breadcrumb","itemListElement":[{"@type":"ListItem","position":1,"name":"Portada","item":"https:\/\/informelitoral.com.ar\/"},{"@type":"ListItem","position":2,"name":"Vecinos de Ram\u00edrez marcharon para pedir seguridad: \u201cEstamos exigiendo accionar contra los delincuentes\u201d"}]},{"@type":"WebSite","@id":"https:\/\/informelitoral.com.ar\/#website","url":"https:\/\/informelitoral.com.ar\/","name":"Informe Litoral","description":"&quot;Nos informamos&quot; ","publisher":{"@id":"https:\/\/informelitoral.com.ar\/#organization"},"potentialAction":[{"@type":"SearchAction","target":{"@type":"EntryPoint","urlTemplate":"https:\/\/informelitoral.com.ar\/?s={search_term_string}"},"query-input":{"@type":"PropertyValueSpecification","valueRequired":true,"valueName":"search_term_string"}}],"inLanguage":"es"},{"@type":"Organization","@id":"https:\/\/informelitoral.com.ar\/#organization","name":"Informe Litoral","url":"https:\/\/informelitoral.com.ar\/","logo":{"@type":"ImageObject","inLanguage":"es","@id":"https:\/\/informelitoral.com.ar\/#\/schema\/logo\/image\/","url":"https:\/\/informelitoral.com.ar\/%77%70%2d%63%6f%6e%74%65%6e%74\/uploads\/2021\/01\/circulo.png","contentUrl":"https:\/\/informelitoral.com.ar\/%77%70%2d%63%6f%6e%74%65%6e%74\/uploads\/2021\/01\/circulo.png","width":723,"height":731,"caption":"Informe Litoral"},"image":{"@id":"https:\/\/informelitoral.com.ar\/#\/schema\/logo\/image\/"},"sameAs":["https:\/\/www.facebook.com\/informelitoral\/","https:\/\/x.com\/InformeLitoral","https:\/\/www.instagram.com\/informelitoral\/","https:\/\/www.youtube.com\/channel\/UCua4Qvz8Icb6MYqhoq9xLXw"]},{"@type":"Person","@id":"https:\/\/informelitoral.com.ar\/#\/schema\/person\/b9d00407c836482871ef1d57bf8e3180","name":"Gonzalo Schmidt","image":{"@type":"ImageObject","inLanguage":"es","@id":"https:\/\/secure.gravatar.com\/avatar\/31a1a7b66ff2de83bd0e9fd79d026630d2d99e55e8bfe501287647b4fd9743de?s=96&d=mm&r=g","url":"https:\/\/secure.gravatar.com\/avatar\/31a1a7b66ff2de83bd0e9fd79d026630d2d99e55e8bfe501287647b4fd9743de?s=96&d=mm&r=g","contentUrl":"https:\/\/secure.gravatar.com\/avatar\/31a1a7b66ff2de83bd0e9fd79d026630d2d99e55e8bfe501287647b4fd9743de?s=96&d=mm&r=g","caption":"Gonzalo Schmidt"},"description":"Sitio web de noticias de la provincia de Entre R\u00edos, Argentina. Informaci\u00f3n y entretenimiento. Informe Litoral, nos informamos.","sameAs":["http:\/\/www.isletasnoticias.com.ar"],"url":"https:\/\/informelitoral.com.ar\/author\/gonzalo\/"}]}},"_links":{"self":[{"href":"https:\/\/informelitoral.com.ar\/%77%70%2d%6a%73%6f%6e\/wp\/v2\/posts\/7995","targetHints":{"allow":["GET"]}}],"collection":[{"href":"https:\/\/informelitoral.com.ar\/%77%70%2d%6a%73%6f%6e\/wp\/v2\/posts"}],"about":[{"href":"https:\/\/informelitoral.com.ar\/%77%70%2d%6a%73%6f%6e\/wp\/v2\/types\/post"}],"author":[{"embeddable":true,"href":"https:\/\/informelitoral.com.ar\/%77%70%2d%6a%73%6f%6e\/wp\/v2\/users\/2"}],"replies":[{"embeddable":true,"href":"https:\/\/informelitoral.com.ar\/%77%70%2d%6a%73%6f%6e\/wp\/v2\/comments?post=7995"}],"version-history":[{"count":0,"href":"https:\/\/informelitoral.com.ar\/%77%70%2d%6a%73%6f%6e\/wp\/v2\/posts\/7995\/revisions"}],"wp:attachment":[{"href":"https:\/\/informelitoral.com.ar\/%77%70%2d%6a%73%6f%6e\/wp\/v2\/media?parent=7995"}],"wp:term":[{"taxonomy":"category","embeddable":true,"href":"https:\/\/informelitoral.com.ar\/%77%70%2d%6a%73%6f%6e\/wp\/v2\/categories?post=7995"},{"taxonomy":"post_tag","embeddable":true,"href":"https:\/\/informelitoral.com.ar\/%77%70%2d%6a%73%6f%6e\/wp\/v2\/tags?post=7995"}],"curies":[{"name":"wp","href":"https:\/\/api.w.org\/{rel}","templated":true}]}}