{"id":79805,"date":"2022-06-16T20:15:12","date_gmt":"2022-06-16T23:15:12","guid":{"rendered":"https:\/\/www.informelitoral.com.ar\/?p=79805"},"modified":"2022-06-16T20:17:19","modified_gmt":"2022-06-16T23:17:19","slug":"licitaron-las-26-viviendas-del-iapv-que-se-construiran-en-aranguren","status":"publish","type":"post","link":"https:\/\/informelitoral.com.ar\/licitaron-las-26-viviendas-del-iapv-que-se-construiran-en-aranguren\/","title":{"rendered":"Licitaron las 26 viviendas del IAPV que se construir\u00e1n en Aranguren"},"content":{"rendered":"<p>Se realiz\u00f3 la licitaci\u00f3n de las<strong> 26 viviendas que se construir\u00e1n en Aranguren.<\/strong> Hubo un oferente: <strong>Viano Construcciones SRL, quien cotiz\u00f3 222.023.578,40 pesos, y tiene un plazo de ejecuci\u00f3n de 10 meses.<\/strong><\/p>\n<p><a href=\"https:\/\/www.informelitoral.com.ar\/%77%70%2d%63%6f%6e%74%65%6e%74\/uploads\/2022\/06\/288601043_333903892261576_473728051695867339_n.jpg\"><img loading=\"lazy\" decoding=\"async\" class=\"aligncenter wp-image-79806 size-full\" src=\"https:\/\/www.informelitoral.com.ar\/%77%70%2d%63%6f%6e%74%65%6e%74\/uploads\/2022\/06\/288601043_333903892261576_473728051695867339_n.jpg\" alt=\"\" width=\"2048\" height=\"1536\" srcset=\"https:\/\/informelitoral.com.ar\/%77%70%2d%63%6f%6e%74%65%6e%74\/uploads\/2022\/06\/288601043_333903892261576_473728051695867339_n.jpg 2048w, https:\/\/informelitoral.com.ar\/%77%70%2d%63%6f%6e%74%65%6e%74\/uploads\/2022\/06\/288601043_333903892261576_473728051695867339_n-300x225.jpg 300w, https:\/\/informelitoral.com.ar\/%77%70%2d%63%6f%6e%74%65%6e%74\/uploads\/2022\/06\/288601043_333903892261576_473728051695867339_n-1024x768.jpg 1024w, https:\/\/informelitoral.com.ar\/%77%70%2d%63%6f%6e%74%65%6e%74\/uploads\/2022\/06\/288601043_333903892261576_473728051695867339_n-768x576.jpg 768w, https:\/\/informelitoral.com.ar\/%77%70%2d%63%6f%6e%74%65%6e%74\/uploads\/2022\/06\/288601043_333903892261576_473728051695867339_n-1536x1152.jpg 1536w, https:\/\/informelitoral.com.ar\/%77%70%2d%63%6f%6e%74%65%6e%74\/uploads\/2022\/06\/288601043_333903892261576_473728051695867339_n-696x522.jpg 696w, https:\/\/informelitoral.com.ar\/%77%70%2d%63%6f%6e%74%65%6e%74\/uploads\/2022\/06\/288601043_333903892261576_473728051695867339_n-1068x801.jpg 1068w, https:\/\/informelitoral.com.ar\/%77%70%2d%63%6f%6e%74%65%6e%74\/uploads\/2022\/06\/288601043_333903892261576_473728051695867339_n-1920x1440.jpg 1920w, https:\/\/informelitoral.com.ar\/%77%70%2d%63%6f%6e%74%65%6e%74\/uploads\/2022\/06\/288601043_333903892261576_473728051695867339_n-560x420.jpg 560w, https:\/\/informelitoral.com.ar\/%77%70%2d%63%6f%6e%74%65%6e%74\/uploads\/2022\/06\/288601043_333903892261576_473728051695867339_n-80x60.jpg 80w, https:\/\/informelitoral.com.ar\/%77%70%2d%63%6f%6e%74%65%6e%74\/uploads\/2022\/06\/288601043_333903892261576_473728051695867339_n-265x198.jpg 265w\" sizes=\"auto, (max-width: 2048px) 100vw, 2048px\" \/><\/a><\/p>\n<p><span style=\"background-color: #ffff00;\">Cada unidad habitacional tiene una superficie de 63 m2, est\u00e1 compuesta de dos dormitorios y la posibilidad de ampliaci\u00f3n de otra habitaci\u00f3n, comedor-cocina, y ba\u00f1o; adem\u00e1s tiene un espacio para cochera y huerta, y contar\u00e1 con un termotanque solar de 180 litros con resistencia el\u00e9ctrica.<\/span><\/p>\n<p><a href=\"https:\/\/www.informelitoral.com.ar\/%77%70%2d%63%6f%6e%74%65%6e%74\/uploads\/2022\/06\/288322319_333903875594911_1027533139121685662_n.jpg\"><img loading=\"lazy\" decoding=\"async\" class=\"aligncenter wp-image-79807 size-full\" src=\"https:\/\/www.informelitoral.com.ar\/%77%70%2d%63%6f%6e%74%65%6e%74\/uploads\/2022\/06\/288322319_333903875594911_1027533139121685662_n.jpg\" alt=\"\" width=\"2048\" height=\"1536\" srcset=\"https:\/\/informelitoral.com.ar\/%77%70%2d%63%6f%6e%74%65%6e%74\/uploads\/2022\/06\/288322319_333903875594911_1027533139121685662_n.jpg 2048w, https:\/\/informelitoral.com.ar\/%77%70%2d%63%6f%6e%74%65%6e%74\/uploads\/2022\/06\/288322319_333903875594911_1027533139121685662_n-300x225.jpg 300w, https:\/\/informelitoral.com.ar\/%77%70%2d%63%6f%6e%74%65%6e%74\/uploads\/2022\/06\/288322319_333903875594911_1027533139121685662_n-1024x768.jpg 1024w, https:\/\/informelitoral.com.ar\/%77%70%2d%63%6f%6e%74%65%6e%74\/uploads\/2022\/06\/288322319_333903875594911_1027533139121685662_n-768x576.jpg 768w, https:\/\/informelitoral.com.ar\/%77%70%2d%63%6f%6e%74%65%6e%74\/uploads\/2022\/06\/288322319_333903875594911_1027533139121685662_n-1536x1152.jpg 1536w, https:\/\/informelitoral.com.ar\/%77%70%2d%63%6f%6e%74%65%6e%74\/uploads\/2022\/06\/288322319_333903875594911_1027533139121685662_n-696x522.jpg 696w, https:\/\/informelitoral.com.ar\/%77%70%2d%63%6f%6e%74%65%6e%74\/uploads\/2022\/06\/288322319_333903875594911_1027533139121685662_n-1068x801.jpg 1068w, https:\/\/informelitoral.com.ar\/%77%70%2d%63%6f%6e%74%65%6e%74\/uploads\/2022\/06\/288322319_333903875594911_1027533139121685662_n-1920x1440.jpg 1920w, https:\/\/informelitoral.com.ar\/%77%70%2d%63%6f%6e%74%65%6e%74\/uploads\/2022\/06\/288322319_333903875594911_1027533139121685662_n-560x420.jpg 560w, https:\/\/informelitoral.com.ar\/%77%70%2d%63%6f%6e%74%65%6e%74\/uploads\/2022\/06\/288322319_333903875594911_1027533139121685662_n-80x60.jpg 80w, https:\/\/informelitoral.com.ar\/%77%70%2d%63%6f%6e%74%65%6e%74\/uploads\/2022\/06\/288322319_333903875594911_1027533139121685662_n-265x198.jpg 265w\" sizes=\"auto, (max-width: 2048px) 100vw, 2048px\" \/><\/a><\/p>\n<p>Participaron de dicha licitaci\u00f3n <strong>Flavia Maidana,<\/strong> senadora departamental; el presidente municipal Luis \u00abLuchi\u00bb Siebenlist; la vicepresidenta municipal,<strong> Jorgelina Schreiner<\/strong> y el encargado de ambiente, <strong>Ramiro Mu\u00f1oz.<\/strong><\/p>\n<p>\u00abEstamos muy felices de dar un paso m\u00e1s en la concreci\u00f3n del sue\u00f1o de la casa propia de 26 familias\u00bb, valoraron desde el Ejecutivo.<\/p>\n","protected":false},"excerpt":{"rendered":"<p>Hubo un solo oferente por 222.023.578,40 pesos, y tiene un plazo de ejecuci\u00f3n de 10 meses. \u00abEstamos muy felices de dar un paso m\u00e1s en la concreci\u00f3n del sue\u00f1o de la casa propia de 26 familias\u00bb, valoraron desde el Ejecutivo.<\/p>\n","protected":false},"author":2,"featured_media":79808,"comment_status":"open","ping_status":"open","sticky":false,"template":"","format":"standard","meta":{"fifu_image_url":"","fifu_image_alt":"","footnotes":""},"categories":[6],"tags":[143,1517,352],"class_list":{"0":"post-79805","1":"post","2":"type-post","3":"status-publish","4":"format-standard","5":"has-post-thumbnail","7":"category-entre-rios","8":"tag-aranguren","9":"tag-iapv","10":"tag-viviendas"},"yoast_head":"<title>Licitaron las 26 viviendas del IAPV que se construir\u00e1n en Aranguren - Informe Litoral<\/title>\n<meta name=\"robots\" content=\"index, follow, max-snippet:-1, max-image-preview:large, max-video-preview:-1\" \/>\n<link rel=\"canonical\" href=\"https:\/\/informelitoral.com.ar\/licitaron-las-26-viviendas-del-iapv-que-se-construiran-en-aranguren\/\" \/>\n<meta property=\"og:locale\" content=\"es_ES\" \/>\n<meta property=\"og:type\" content=\"article\" \/>\n<meta property=\"og:title\" content=\"Licitaron las 26 viviendas del IAPV que se construir\u00e1n en Aranguren - Informe Litoral\" \/>\n<meta property=\"og:description\" content=\"Hubo un solo oferente por 222.023.578,40 pesos, y tiene un plazo de ejecuci\u00f3n de 10 meses. &quot;Estamos muy felices de dar un paso m\u00e1s en la concreci\u00f3n del sue\u00f1o de la casa propia de 26 familias&quot;, valoraron desde el Ejecutivo.\" \/>\n<meta property=\"og:url\" content=\"https:\/\/informelitoral.com.ar\/licitaron-las-26-viviendas-del-iapv-que-se-construiran-en-aranguren\/\" \/>\n<meta property=\"og:site_name\" content=\"Informe Litoral\" \/>\n<meta property=\"article:publisher\" content=\"https:\/\/www.facebook.com\/informelitoral\/\" \/>\n<meta property=\"article:published_time\" content=\"2022-06-16T23:15:12+00:00\" \/>\n<meta property=\"article:modified_time\" content=\"2022-06-16T23:17:19+00:00\" \/>\n<meta property=\"og:image\" content=\"https:\/\/informelitoral.com.ar\/%77%70%2d%63%6f%6e%74%65%6e%74\/uploads\/2022\/06\/288616518_333903752261590_684291655158918095_n.jpg\" \/>\n\t<meta property=\"og:image:width\" content=\"1280\" \/>\n\t<meta property=\"og:image:height\" content=\"720\" \/>\n\t<meta property=\"og:image:type\" content=\"image\/jpeg\" \/>\n<meta name=\"author\" content=\"Gonzalo Schmidt\" \/>\n<meta name=\"twitter:card\" content=\"summary_large_image\" \/>\n<meta name=\"twitter:creator\" content=\"@InformeLitoral\" \/>\n<meta name=\"twitter:site\" content=\"@InformeLitoral\" \/>\n<meta name=\"twitter:label1\" content=\"Escrito por\" \/>\n\t<meta name=\"twitter:data1\" content=\"Gonzalo Schmidt\" \/>\n\t<meta name=\"twitter:label2\" content=\"Tiempo de lectura\" \/>\n\t<meta name=\"twitter:data2\" content=\"1 minuto\" \/>\n<script type=\"application\/ld+json\" class=\"yoast-schema-graph\">{\"@context\":\"https:\\\/\\\/schema.org\",\"@graph\":[{\"@type\":\"Article\",\"@id\":\"https:\\\/\\\/informelitoral.com.ar\\\/licitaron-las-26-viviendas-del-iapv-que-se-construiran-en-aranguren\\\/#article\",\"isPartOf\":{\"@id\":\"https:\\\/\\\/informelitoral.com.ar\\\/licitaron-las-26-viviendas-del-iapv-que-se-construiran-en-aranguren\\\/\"},\"author\":{\"name\":\"Gonzalo Schmidt\",\"@id\":\"https:\\\/\\\/informelitoral.com.ar\\\/#\\\/schema\\\/person\\\/b9d00407c836482871ef1d57bf8e3180\"},\"headline\":\"Licitaron las 26 viviendas del IAPV que se construir\u00e1n en Aranguren\",\"datePublished\":\"2022-06-16T23:15:12+00:00\",\"dateModified\":\"2022-06-16T23:17:19+00:00\",\"mainEntityOfPage\":{\"@id\":\"https:\\\/\\\/informelitoral.com.ar\\\/licitaron-las-26-viviendas-del-iapv-que-se-construiran-en-aranguren\\\/\"},\"wordCount\":145,\"commentCount\":0,\"publisher\":{\"@id\":\"https:\\\/\\\/informelitoral.com.ar\\\/#organization\"},\"image\":{\"@id\":\"https:\\\/\\\/informelitoral.com.ar\\\/licitaron-las-26-viviendas-del-iapv-que-se-construiran-en-aranguren\\\/#primaryimage\"},\"thumbnailUrl\":\"https:\\\/\\\/informelitoral.com.ar\\\/%77%70%2d%63%6f%6e%74%65%6e%74\\\/uploads\\\/2022\\\/06\\\/288616518_333903752261590_684291655158918095_n.jpg\",\"keywords\":[\"Aranguren\",\"IAPV\",\"Viviendas\"],\"articleSection\":[\"Entre R\u00edos\"],\"inLanguage\":\"es\",\"potentialAction\":[{\"@type\":\"CommentAction\",\"name\":\"Comment\",\"target\":[\"https:\\\/\\\/informelitoral.com.ar\\\/licitaron-las-26-viviendas-del-iapv-que-se-construiran-en-aranguren\\\/#respond\"]}]},{\"@type\":\"WebPage\",\"@id\":\"https:\\\/\\\/informelitoral.com.ar\\\/licitaron-las-26-viviendas-del-iapv-que-se-construiran-en-aranguren\\\/\",\"url\":\"https:\\\/\\\/informelitoral.com.ar\\\/licitaron-las-26-viviendas-del-iapv-que-se-construiran-en-aranguren\\\/\",\"name\":\"Licitaron las 26 viviendas del IAPV que se construir\u00e1n en Aranguren - Informe Litoral\",\"isPartOf\":{\"@id\":\"https:\\\/\\\/informelitoral.com.ar\\\/#website\"},\"primaryImageOfPage\":{\"@id\":\"https:\\\/\\\/informelitoral.com.ar\\\/licitaron-las-26-viviendas-del-iapv-que-se-construiran-en-aranguren\\\/#primaryimage\"},\"image\":{\"@id\":\"https:\\\/\\\/informelitoral.com.ar\\\/licitaron-las-26-viviendas-del-iapv-que-se-construiran-en-aranguren\\\/#primaryimage\"},\"thumbnailUrl\":\"https:\\\/\\\/informelitoral.com.ar\\\/%77%70%2d%63%6f%6e%74%65%6e%74\\\/uploads\\\/2022\\\/06\\\/288616518_333903752261590_684291655158918095_n.jpg\",\"datePublished\":\"2022-06-16T23:15:12+00:00\",\"dateModified\":\"2022-06-16T23:17:19+00:00\",\"breadcrumb\":{\"@id\":\"https:\\\/\\\/informelitoral.com.ar\\\/licitaron-las-26-viviendas-del-iapv-que-se-construiran-en-aranguren\\\/#breadcrumb\"},\"inLanguage\":\"es\",\"potentialAction\":[{\"@type\":\"ReadAction\",\"target\":[\"https:\\\/\\\/informelitoral.com.ar\\\/licitaron-las-26-viviendas-del-iapv-que-se-construiran-en-aranguren\\\/\"]}]},{\"@type\":\"ImageObject\",\"inLanguage\":\"es\",\"@id\":\"https:\\\/\\\/informelitoral.com.ar\\\/licitaron-las-26-viviendas-del-iapv-que-se-construiran-en-aranguren\\\/#primaryimage\",\"url\":\"https:\\\/\\\/informelitoral.com.ar\\\/%77%70%2d%63%6f%6e%74%65%6e%74\\\/uploads\\\/2022\\\/06\\\/288616518_333903752261590_684291655158918095_n.jpg\",\"contentUrl\":\"https:\\\/\\\/informelitoral.com.ar\\\/%77%70%2d%63%6f%6e%74%65%6e%74\\\/uploads\\\/2022\\\/06\\\/288616518_333903752261590_684291655158918095_n.jpg\",\"width\":1280,\"height\":720},{\"@type\":\"BreadcrumbList\",\"@id\":\"https:\\\/\\\/informelitoral.com.ar\\\/licitaron-las-26-viviendas-del-iapv-que-se-construiran-en-aranguren\\\/#breadcrumb\",\"itemListElement\":[{\"@type\":\"ListItem\",\"position\":1,\"name\":\"Portada\",\"item\":\"https:\\\/\\\/informelitoral.com.ar\\\/\"},{\"@type\":\"ListItem\",\"position\":2,\"name\":\"Licitaron las 26 viviendas del IAPV que se construir\u00e1n en Aranguren\"}]},{\"@type\":\"WebSite\",\"@id\":\"https:\\\/\\\/informelitoral.com.ar\\\/#website\",\"url\":\"https:\\\/\\\/informelitoral.com.ar\\\/\",\"name\":\"Informe Litoral\",\"description\":\"&quot;Nos informamos&quot; \",\"publisher\":{\"@id\":\"https:\\\/\\\/informelitoral.com.ar\\\/#organization\"},\"potentialAction\":[{\"@type\":\"SearchAction\",\"target\":{\"@type\":\"EntryPoint\",\"urlTemplate\":\"https:\\\/\\\/informelitoral.com.ar\\\/?s={search_term_string}\"},\"query-input\":{\"@type\":\"PropertyValueSpecification\",\"valueRequired\":true,\"valueName\":\"search_term_string\"}}],\"inLanguage\":\"es\"},{\"@type\":\"Organization\",\"@id\":\"https:\\\/\\\/informelitoral.com.ar\\\/#organization\",\"name\":\"Informe Litoral\",\"url\":\"https:\\\/\\\/informelitoral.com.ar\\\/\",\"logo\":{\"@type\":\"ImageObject\",\"inLanguage\":\"es\",\"@id\":\"https:\\\/\\\/informelitoral.com.ar\\\/#\\\/schema\\\/logo\\\/image\\\/\",\"url\":\"https:\\\/\\\/informelitoral.com.ar\\\/%77%70%2d%63%6f%6e%74%65%6e%74\\\/uploads\\\/2021\\\/01\\\/circulo.png\",\"contentUrl\":\"https:\\\/\\\/informelitoral.com.ar\\\/%77%70%2d%63%6f%6e%74%65%6e%74\\\/uploads\\\/2021\\\/01\\\/circulo.png\",\"width\":723,\"height\":731,\"caption\":\"Informe Litoral\"},\"image\":{\"@id\":\"https:\\\/\\\/informelitoral.com.ar\\\/#\\\/schema\\\/logo\\\/image\\\/\"},\"sameAs\":[\"https:\\\/\\\/www.facebook.com\\\/informelitoral\\\/\",\"https:\\\/\\\/x.com\\\/InformeLitoral\",\"https:\\\/\\\/www.instagram.com\\\/informelitoral\\\/\",\"https:\\\/\\\/www.youtube.com\\\/channel\\\/UCua4Qvz8Icb6MYqhoq9xLXw\"]},{\"@type\":\"Person\",\"@id\":\"https:\\\/\\\/informelitoral.com.ar\\\/#\\\/schema\\\/person\\\/b9d00407c836482871ef1d57bf8e3180\",\"name\":\"Gonzalo Schmidt\",\"image\":{\"@type\":\"ImageObject\",\"inLanguage\":\"es\",\"@id\":\"https:\\\/\\\/secure.gravatar.com\\\/avatar\\\/31a1a7b66ff2de83bd0e9fd79d026630d2d99e55e8bfe501287647b4fd9743de?s=96&d=mm&r=g\",\"url\":\"https:\\\/\\\/secure.gravatar.com\\\/avatar\\\/31a1a7b66ff2de83bd0e9fd79d026630d2d99e55e8bfe501287647b4fd9743de?s=96&d=mm&r=g\",\"contentUrl\":\"https:\\\/\\\/secure.gravatar.com\\\/avatar\\\/31a1a7b66ff2de83bd0e9fd79d026630d2d99e55e8bfe501287647b4fd9743de?s=96&d=mm&r=g\",\"caption\":\"Gonzalo Schmidt\"},\"description\":\"Sitio web de noticias de la provincia de Entre R\u00edos, Argentina. Informaci\u00f3n y entretenimiento. Informe Litoral, nos informamos.\",\"sameAs\":[\"http:\\\/\\\/www.isletasnoticias.com.ar\"],\"url\":\"https:\\\/\\\/informelitoral.com.ar\\\/author\\\/gonzalo\\\/\"}]}<\/script>","yoast_head_json":{"title":"Licitaron las 26 viviendas del IAPV que se construir\u00e1n en Aranguren - Informe Litoral","robots":{"index":"index","follow":"follow","max-snippet":"max-snippet:-1","max-image-preview":"max-image-preview:large","max-video-preview":"max-video-preview:-1"},"canonical":"https:\/\/informelitoral.com.ar\/licitaron-las-26-viviendas-del-iapv-que-se-construiran-en-aranguren\/","og_locale":"es_ES","og_type":"article","og_title":"Licitaron las 26 viviendas del IAPV que se construir\u00e1n en Aranguren - Informe Litoral","og_description":"Hubo un solo oferente por 222.023.578,40 pesos, y tiene un plazo de ejecuci\u00f3n de 10 meses. \"Estamos muy felices de dar un paso m\u00e1s en la concreci\u00f3n del sue\u00f1o de la casa propia de 26 familias\", valoraron desde el Ejecutivo.","og_url":"https:\/\/informelitoral.com.ar\/licitaron-las-26-viviendas-del-iapv-que-se-construiran-en-aranguren\/","og_site_name":"Informe Litoral","article_publisher":"https:\/\/www.facebook.com\/informelitoral\/","article_published_time":"2022-06-16T23:15:12+00:00","article_modified_time":"2022-06-16T23:17:19+00:00","og_image":[{"width":1280,"height":720,"url":"https:\/\/informelitoral.com.ar\/%77%70%2d%63%6f%6e%74%65%6e%74\/uploads\/2022\/06\/288616518_333903752261590_684291655158918095_n.jpg","type":"image\/jpeg"}],"author":"Gonzalo Schmidt","twitter_card":"summary_large_image","twitter_creator":"@InformeLitoral","twitter_site":"@InformeLitoral","twitter_misc":{"Escrito por":"Gonzalo Schmidt","Tiempo de lectura":"1 minuto"},"schema":{"@context":"https:\/\/schema.org","@graph":[{"@type":"Article","@id":"https:\/\/informelitoral.com.ar\/licitaron-las-26-viviendas-del-iapv-que-se-construiran-en-aranguren\/#article","isPartOf":{"@id":"https:\/\/informelitoral.com.ar\/licitaron-las-26-viviendas-del-iapv-que-se-construiran-en-aranguren\/"},"author":{"name":"Gonzalo Schmidt","@id":"https:\/\/informelitoral.com.ar\/#\/schema\/person\/b9d00407c836482871ef1d57bf8e3180"},"headline":"Licitaron las 26 viviendas del IAPV que se construir\u00e1n en Aranguren","datePublished":"2022-06-16T23:15:12+00:00","dateModified":"2022-06-16T23:17:19+00:00","mainEntityOfPage":{"@id":"https:\/\/informelitoral.com.ar\/licitaron-las-26-viviendas-del-iapv-que-se-construiran-en-aranguren\/"},"wordCount":145,"commentCount":0,"publisher":{"@id":"https:\/\/informelitoral.com.ar\/#organization"},"image":{"@id":"https:\/\/informelitoral.com.ar\/licitaron-las-26-viviendas-del-iapv-que-se-construiran-en-aranguren\/#primaryimage"},"thumbnailUrl":"https:\/\/informelitoral.com.ar\/%77%70%2d%63%6f%6e%74%65%6e%74\/uploads\/2022\/06\/288616518_333903752261590_684291655158918095_n.jpg","keywords":["Aranguren","IAPV","Viviendas"],"articleSection":["Entre R\u00edos"],"inLanguage":"es","potentialAction":[{"@type":"CommentAction","name":"Comment","target":["https:\/\/informelitoral.com.ar\/licitaron-las-26-viviendas-del-iapv-que-se-construiran-en-aranguren\/#respond"]}]},{"@type":"WebPage","@id":"https:\/\/informelitoral.com.ar\/licitaron-las-26-viviendas-del-iapv-que-se-construiran-en-aranguren\/","url":"https:\/\/informelitoral.com.ar\/licitaron-las-26-viviendas-del-iapv-que-se-construiran-en-aranguren\/","name":"Licitaron las 26 viviendas del IAPV que se construir\u00e1n en Aranguren - Informe Litoral","isPartOf":{"@id":"https:\/\/informelitoral.com.ar\/#website"},"primaryImageOfPage":{"@id":"https:\/\/informelitoral.com.ar\/licitaron-las-26-viviendas-del-iapv-que-se-construiran-en-aranguren\/#primaryimage"},"image":{"@id":"https:\/\/informelitoral.com.ar\/licitaron-las-26-viviendas-del-iapv-que-se-construiran-en-aranguren\/#primaryimage"},"thumbnailUrl":"https:\/\/informelitoral.com.ar\/%77%70%2d%63%6f%6e%74%65%6e%74\/uploads\/2022\/06\/288616518_333903752261590_684291655158918095_n.jpg","datePublished":"2022-06-16T23:15:12+00:00","dateModified":"2022-06-16T23:17:19+00:00","breadcrumb":{"@id":"https:\/\/informelitoral.com.ar\/licitaron-las-26-viviendas-del-iapv-que-se-construiran-en-aranguren\/#breadcrumb"},"inLanguage":"es","potentialAction":[{"@type":"ReadAction","target":["https:\/\/informelitoral.com.ar\/licitaron-las-26-viviendas-del-iapv-que-se-construiran-en-aranguren\/"]}]},{"@type":"ImageObject","inLanguage":"es","@id":"https:\/\/informelitoral.com.ar\/licitaron-las-26-viviendas-del-iapv-que-se-construiran-en-aranguren\/#primaryimage","url":"https:\/\/informelitoral.com.ar\/%77%70%2d%63%6f%6e%74%65%6e%74\/uploads\/2022\/06\/288616518_333903752261590_684291655158918095_n.jpg","contentUrl":"https:\/\/informelitoral.com.ar\/%77%70%2d%63%6f%6e%74%65%6e%74\/uploads\/2022\/06\/288616518_333903752261590_684291655158918095_n.jpg","width":1280,"height":720},{"@type":"BreadcrumbList","@id":"https:\/\/informelitoral.com.ar\/licitaron-las-26-viviendas-del-iapv-que-se-construiran-en-aranguren\/#breadcrumb","itemListElement":[{"@type":"ListItem","position":1,"name":"Portada","item":"https:\/\/informelitoral.com.ar\/"},{"@type":"ListItem","position":2,"name":"Licitaron las 26 viviendas del IAPV que se construir\u00e1n en Aranguren"}]},{"@type":"WebSite","@id":"https:\/\/informelitoral.com.ar\/#website","url":"https:\/\/informelitoral.com.ar\/","name":"Informe Litoral","description":"&quot;Nos informamos&quot; ","publisher":{"@id":"https:\/\/informelitoral.com.ar\/#organization"},"potentialAction":[{"@type":"SearchAction","target":{"@type":"EntryPoint","urlTemplate":"https:\/\/informelitoral.com.ar\/?s={search_term_string}"},"query-input":{"@type":"PropertyValueSpecification","valueRequired":true,"valueName":"search_term_string"}}],"inLanguage":"es"},{"@type":"Organization","@id":"https:\/\/informelitoral.com.ar\/#organization","name":"Informe Litoral","url":"https:\/\/informelitoral.com.ar\/","logo":{"@type":"ImageObject","inLanguage":"es","@id":"https:\/\/informelitoral.com.ar\/#\/schema\/logo\/image\/","url":"https:\/\/informelitoral.com.ar\/%77%70%2d%63%6f%6e%74%65%6e%74\/uploads\/2021\/01\/circulo.png","contentUrl":"https:\/\/informelitoral.com.ar\/%77%70%2d%63%6f%6e%74%65%6e%74\/uploads\/2021\/01\/circulo.png","width":723,"height":731,"caption":"Informe Litoral"},"image":{"@id":"https:\/\/informelitoral.com.ar\/#\/schema\/logo\/image\/"},"sameAs":["https:\/\/www.facebook.com\/informelitoral\/","https:\/\/x.com\/InformeLitoral","https:\/\/www.instagram.com\/informelitoral\/","https:\/\/www.youtube.com\/channel\/UCua4Qvz8Icb6MYqhoq9xLXw"]},{"@type":"Person","@id":"https:\/\/informelitoral.com.ar\/#\/schema\/person\/b9d00407c836482871ef1d57bf8e3180","name":"Gonzalo Schmidt","image":{"@type":"ImageObject","inLanguage":"es","@id":"https:\/\/secure.gravatar.com\/avatar\/31a1a7b66ff2de83bd0e9fd79d026630d2d99e55e8bfe501287647b4fd9743de?s=96&d=mm&r=g","url":"https:\/\/secure.gravatar.com\/avatar\/31a1a7b66ff2de83bd0e9fd79d026630d2d99e55e8bfe501287647b4fd9743de?s=96&d=mm&r=g","contentUrl":"https:\/\/secure.gravatar.com\/avatar\/31a1a7b66ff2de83bd0e9fd79d026630d2d99e55e8bfe501287647b4fd9743de?s=96&d=mm&r=g","caption":"Gonzalo Schmidt"},"description":"Sitio web de noticias de la provincia de Entre R\u00edos, Argentina. Informaci\u00f3n y entretenimiento. Informe Litoral, nos informamos.","sameAs":["http:\/\/www.isletasnoticias.com.ar"],"url":"https:\/\/informelitoral.com.ar\/author\/gonzalo\/"}]}},"_links":{"self":[{"href":"https:\/\/informelitoral.com.ar\/%77%70%2d%6a%73%6f%6e\/wp\/v2\/posts\/79805","targetHints":{"allow":["GET"]}}],"collection":[{"href":"https:\/\/informelitoral.com.ar\/%77%70%2d%6a%73%6f%6e\/wp\/v2\/posts"}],"about":[{"href":"https:\/\/informelitoral.com.ar\/%77%70%2d%6a%73%6f%6e\/wp\/v2\/types\/post"}],"author":[{"embeddable":true,"href":"https:\/\/informelitoral.com.ar\/%77%70%2d%6a%73%6f%6e\/wp\/v2\/users\/2"}],"replies":[{"embeddable":true,"href":"https:\/\/informelitoral.com.ar\/%77%70%2d%6a%73%6f%6e\/wp\/v2\/comments?post=79805"}],"version-history":[{"count":0,"href":"https:\/\/informelitoral.com.ar\/%77%70%2d%6a%73%6f%6e\/wp\/v2\/posts\/79805\/revisions"}],"wp:featuredmedia":[{"embeddable":true,"href":"https:\/\/informelitoral.com.ar\/%77%70%2d%6a%73%6f%6e\/wp\/v2\/media\/79808"}],"wp:attachment":[{"href":"https:\/\/informelitoral.com.ar\/%77%70%2d%6a%73%6f%6e\/wp\/v2\/media?parent=79805"}],"wp:term":[{"taxonomy":"category","embeddable":true,"href":"https:\/\/informelitoral.com.ar\/%77%70%2d%6a%73%6f%6e\/wp\/v2\/categories?post=79805"},{"taxonomy":"post_tag","embeddable":true,"href":"https:\/\/informelitoral.com.ar\/%77%70%2d%6a%73%6f%6e\/wp\/v2\/tags?post=79805"}],"curies":[{"name":"wp","href":"https:\/\/api.w.org\/{rel}","templated":true}]}}