{"id":79676,"date":"2022-06-15T10:54:29","date_gmt":"2022-06-15T13:54:29","guid":{"rendered":"https:\/\/www.informelitoral.com.ar\/?p=79676"},"modified":"2022-06-15T17:22:34","modified_gmt":"2022-06-15T20:22:34","slug":"amparo-contra-resolucion-que-habilita-la-caza-como-sumarse-a-accion-colectiva","status":"publish","type":"post","link":"https:\/\/informelitoral.com.ar\/amparo-contra-resolucion-que-habilita-la-caza-como-sumarse-a-accion-colectiva\/","title":{"rendered":"Amparo contra resoluci\u00f3n que habilita la caza: c\u00f3mo sumarse a acci\u00f3n colectiva"},"content":{"rendered":"<p>El vocal de la C\u00e1mara Civil y Comercial, Sala III, de la ciudad de Paran\u00e1, Andr\u00e9s Manuel Marfil, resolvi\u00f3 dar curso al tr\u00e1mite del amparo ambiental presentado por el Centro para el Estudio y Defensas de las Aves Silvestres (CEYDAS); Foro Ecologista de Paran\u00e1, Conciencia Animal; Club de Amigos de las Aves Silvestres de Entre R\u00edos y la Asociaci\u00f3n Civil para la Justicia Ambiental (AJAM).<\/p>\n<p>Se recordar\u00e1 que cinco organizaciones ambientalistas y animalistas presentaron un recurso de amparo junto con una medida cautelar que solicita se derogue la resoluci\u00f3n N\u00b0 1099 de la Direcci\u00f3n de Miner\u00eda, Medio Ambiente y Recursos Naturales de Entre R\u00edos que habilit\u00f3, desde el 14 de mayo pasado y hasta el 15 de agosto, la caza de seis especies (cinco de ellas aut\u00f3ctonas), lo que provoc\u00f3 una ola de cr\u00edticas y repudios de gran parte de la sociedad.<\/p>\n<p>El vocal de la C\u00e1mara Civil y Comercial, Sala III, de la ciudad de Paran\u00e1, dispuso la medida el 10 de junio \u00faltimo, tras dar inicio al tr\u00e1mite del amparo ambiental presentado por el Centro para el Estudio y Defensa de las Aves Silvestres (CEYDAS); Foro Ecologista Paran\u00e1; Conciencia Animal; Club de Amigos de las Aves Silvestres de Entre R\u00edos; y la Asociaci\u00f3n Civil para la Justicia Ambiental (AJAM).<\/p>\n<p>Adem\u00e1s resolvi\u00f3 tenerlas por parte y con legitimaci\u00f3n acreditada de modo suficiente a estos fines:<\/p>\n<p>1) la declaraci\u00f3n de nulidad de la Resoluci\u00f3n N\u00ba 1099 de la Direcci\u00f3n de Miner\u00eda, Medio Ambiente y Recursos Naturales de la Provincia de Entre R\u00edos; 2) que se efect\u00faen los estudios pertinentes conforme lo plasma la Ley de Conservaci\u00f3n de la fauna N\u00b0 22.421 y su Decreto reglamentario N\u00b0 666\/97 y la Convenci\u00f3n sobre la Conservaci\u00f3n de las Especies Migratorias de Animales Silvestres y la Convenci\u00f3n de Ramsar; y 3) la declaraci\u00f3n de sujetos de derechos de las especies cuya caza se habilita.<\/p>\n<p>El magistrado tambi\u00e9n corri\u00f3 traslado de la demanda y libr\u00f3 el pertinente mandamiento contra el Superior Gobierno de la Provincia de Entre R\u00edos, para que en el plazo de siete d\u00edas corridos (art. 74 de la ley 8369, modificado por la ley 10.704), informe sobre la exactitud de los hechos que motivan la demanda, dando en su caso las razones pertinentes.<\/p>\n<p>La Resoluci\u00f3n 1099\/22 de la Direcci\u00f3n de Recursos Naturales de la provincia hab\u00eda dispuesto la temporada de caza deportiva menor desde el 14 de mayo al 15 de agosto venidero, habilitando la caza de liebre, perdiz chica, pato picazo, pato sirir\u00ed pampa, pato sirir\u00ed colorado y pato capuchino.<\/p>\n","protected":false},"excerpt":{"rendered":"<p>El viernes pr\u00f3ximo se cumplir\u00e1 el plazo de siete d\u00edas corridos para toda persona f\u00edsica o jur\u00eddica interesada en intervenir en el proceso colectivo dispuesto por el juez Andr\u00e9s Marfil.<\/p>\n","protected":false},"author":8,"featured_media":79677,"comment_status":"open","ping_status":"open","sticky":false,"template":"","format":"standard","meta":{"fifu_image_url":"","fifu_image_alt":"","footnotes":""},"categories":[6],"tags":[3729,81],"class_list":{"0":"post-79676","1":"post","2":"type-post","3":"status-publish","4":"format-standard","5":"has-post-thumbnail","7":"category-entre-rios","8":"tag-caza-de-animales","9":"tag-entre-rios"},"yoast_head":"<title>Amparo contra resoluci\u00f3n que habilita la caza: c\u00f3mo sumarse a acci\u00f3n colectiva - Informe Litoral<\/title>\n<meta name=\"robots\" content=\"index, follow, max-snippet:-1, max-image-preview:large, max-video-preview:-1\" \/>\n<link rel=\"canonical\" href=\"https:\/\/informelitoral.com.ar\/amparo-contra-resolucion-que-habilita-la-caza-como-sumarse-a-accion-colectiva\/\" \/>\n<meta property=\"og:locale\" content=\"es_ES\" \/>\n<meta property=\"og:type\" content=\"article\" \/>\n<meta property=\"og:title\" content=\"Amparo contra resoluci\u00f3n que habilita la caza: c\u00f3mo sumarse a acci\u00f3n colectiva - Informe Litoral\" \/>\n<meta property=\"og:description\" content=\"El viernes pr\u00f3ximo se cumplir\u00e1 el plazo de siete d\u00edas corridos para toda persona f\u00edsica o jur\u00eddica interesada en intervenir en el proceso colectivo dispuesto por el juez Andr\u00e9s Marfil.\" \/>\n<meta property=\"og:url\" content=\"https:\/\/informelitoral.com.ar\/amparo-contra-resolucion-que-habilita-la-caza-como-sumarse-a-accion-colectiva\/\" \/>\n<meta property=\"og:site_name\" content=\"Informe Litoral\" \/>\n<meta property=\"article:publisher\" content=\"https:\/\/www.facebook.com\/informelitoral\/\" \/>\n<meta property=\"article:published_time\" content=\"2022-06-15T13:54:29+00:00\" \/>\n<meta property=\"article:modified_time\" content=\"2022-06-15T20:22:34+00:00\" \/>\n<meta property=\"og:image\" content=\"https:\/\/informelitoral.com.ar\/%77%70%2d%63%6f%6e%74%65%6e%74\/uploads\/2022\/06\/f_1581021435.jpg\" \/>\n\t<meta property=\"og:image:width\" content=\"1032\" \/>\n\t<meta property=\"og:image:height\" content=\"688\" \/>\n\t<meta property=\"og:image:type\" content=\"image\/jpeg\" \/>\n<meta name=\"author\" content=\"Sebastian\" \/>\n<meta name=\"twitter:card\" content=\"summary_large_image\" \/>\n<meta name=\"twitter:creator\" content=\"@InformeLitoral\" \/>\n<meta name=\"twitter:site\" content=\"@InformeLitoral\" \/>\n<meta name=\"twitter:label1\" content=\"Escrito por\" \/>\n\t<meta name=\"twitter:data1\" content=\"Sebastian\" \/>\n\t<meta name=\"twitter:label2\" content=\"Tiempo de lectura\" \/>\n\t<meta name=\"twitter:data2\" content=\"2 minutos\" \/>\n<script type=\"application\/ld+json\" class=\"yoast-schema-graph\">{\"@context\":\"https:\\\/\\\/schema.org\",\"@graph\":[{\"@type\":\"Article\",\"@id\":\"https:\\\/\\\/informelitoral.com.ar\\\/amparo-contra-resolucion-que-habilita-la-caza-como-sumarse-a-accion-colectiva\\\/#article\",\"isPartOf\":{\"@id\":\"https:\\\/\\\/informelitoral.com.ar\\\/amparo-contra-resolucion-que-habilita-la-caza-como-sumarse-a-accion-colectiva\\\/\"},\"author\":{\"name\":\"Sebastian\",\"@id\":\"https:\\\/\\\/informelitoral.com.ar\\\/#\\\/schema\\\/person\\\/f05f9f461677119578717524b127d6d5\"},\"headline\":\"Amparo contra resoluci\u00f3n que habilita la caza: c\u00f3mo sumarse a acci\u00f3n colectiva\",\"datePublished\":\"2022-06-15T13:54:29+00:00\",\"dateModified\":\"2022-06-15T20:22:34+00:00\",\"mainEntityOfPage\":{\"@id\":\"https:\\\/\\\/informelitoral.com.ar\\\/amparo-contra-resolucion-que-habilita-la-caza-como-sumarse-a-accion-colectiva\\\/\"},\"wordCount\":452,\"commentCount\":0,\"publisher\":{\"@id\":\"https:\\\/\\\/informelitoral.com.ar\\\/#organization\"},\"image\":{\"@id\":\"https:\\\/\\\/informelitoral.com.ar\\\/amparo-contra-resolucion-que-habilita-la-caza-como-sumarse-a-accion-colectiva\\\/#primaryimage\"},\"thumbnailUrl\":\"https:\\\/\\\/informelitoral.com.ar\\\/%77%70%2d%63%6f%6e%74%65%6e%74\\\/uploads\\\/2022\\\/06\\\/f_1581021435.jpg\",\"keywords\":[\"Caza de animales\",\"Entre R\u00edos\"],\"articleSection\":[\"Entre R\u00edos\"],\"inLanguage\":\"es\",\"potentialAction\":[{\"@type\":\"CommentAction\",\"name\":\"Comment\",\"target\":[\"https:\\\/\\\/informelitoral.com.ar\\\/amparo-contra-resolucion-que-habilita-la-caza-como-sumarse-a-accion-colectiva\\\/#respond\"]}]},{\"@type\":\"WebPage\",\"@id\":\"https:\\\/\\\/informelitoral.com.ar\\\/amparo-contra-resolucion-que-habilita-la-caza-como-sumarse-a-accion-colectiva\\\/\",\"url\":\"https:\\\/\\\/informelitoral.com.ar\\\/amparo-contra-resolucion-que-habilita-la-caza-como-sumarse-a-accion-colectiva\\\/\",\"name\":\"Amparo contra resoluci\u00f3n que habilita la caza: c\u00f3mo sumarse a acci\u00f3n colectiva - Informe Litoral\",\"isPartOf\":{\"@id\":\"https:\\\/\\\/informelitoral.com.ar\\\/#website\"},\"primaryImageOfPage\":{\"@id\":\"https:\\\/\\\/informelitoral.com.ar\\\/amparo-contra-resolucion-que-habilita-la-caza-como-sumarse-a-accion-colectiva\\\/#primaryimage\"},\"image\":{\"@id\":\"https:\\\/\\\/informelitoral.com.ar\\\/amparo-contra-resolucion-que-habilita-la-caza-como-sumarse-a-accion-colectiva\\\/#primaryimage\"},\"thumbnailUrl\":\"https:\\\/\\\/informelitoral.com.ar\\\/%77%70%2d%63%6f%6e%74%65%6e%74\\\/uploads\\\/2022\\\/06\\\/f_1581021435.jpg\",\"datePublished\":\"2022-06-15T13:54:29+00:00\",\"dateModified\":\"2022-06-15T20:22:34+00:00\",\"breadcrumb\":{\"@id\":\"https:\\\/\\\/informelitoral.com.ar\\\/amparo-contra-resolucion-que-habilita-la-caza-como-sumarse-a-accion-colectiva\\\/#breadcrumb\"},\"inLanguage\":\"es\",\"potentialAction\":[{\"@type\":\"ReadAction\",\"target\":[\"https:\\\/\\\/informelitoral.com.ar\\\/amparo-contra-resolucion-que-habilita-la-caza-como-sumarse-a-accion-colectiva\\\/\"]}]},{\"@type\":\"ImageObject\",\"inLanguage\":\"es\",\"@id\":\"https:\\\/\\\/informelitoral.com.ar\\\/amparo-contra-resolucion-que-habilita-la-caza-como-sumarse-a-accion-colectiva\\\/#primaryimage\",\"url\":\"https:\\\/\\\/informelitoral.com.ar\\\/%77%70%2d%63%6f%6e%74%65%6e%74\\\/uploads\\\/2022\\\/06\\\/f_1581021435.jpg\",\"contentUrl\":\"https:\\\/\\\/informelitoral.com.ar\\\/%77%70%2d%63%6f%6e%74%65%6e%74\\\/uploads\\\/2022\\\/06\\\/f_1581021435.jpg\",\"width\":1032,\"height\":688},{\"@type\":\"BreadcrumbList\",\"@id\":\"https:\\\/\\\/informelitoral.com.ar\\\/amparo-contra-resolucion-que-habilita-la-caza-como-sumarse-a-accion-colectiva\\\/#breadcrumb\",\"itemListElement\":[{\"@type\":\"ListItem\",\"position\":1,\"name\":\"Portada\",\"item\":\"https:\\\/\\\/informelitoral.com.ar\\\/\"},{\"@type\":\"ListItem\",\"position\":2,\"name\":\"Amparo contra resoluci\u00f3n que habilita la caza: c\u00f3mo sumarse a acci\u00f3n colectiva\"}]},{\"@type\":\"WebSite\",\"@id\":\"https:\\\/\\\/informelitoral.com.ar\\\/#website\",\"url\":\"https:\\\/\\\/informelitoral.com.ar\\\/\",\"name\":\"Informe Litoral\",\"description\":\"&quot;Nos informamos&quot; \",\"publisher\":{\"@id\":\"https:\\\/\\\/informelitoral.com.ar\\\/#organization\"},\"potentialAction\":[{\"@type\":\"SearchAction\",\"target\":{\"@type\":\"EntryPoint\",\"urlTemplate\":\"https:\\\/\\\/informelitoral.com.ar\\\/?s={search_term_string}\"},\"query-input\":{\"@type\":\"PropertyValueSpecification\",\"valueRequired\":true,\"valueName\":\"search_term_string\"}}],\"inLanguage\":\"es\"},{\"@type\":\"Organization\",\"@id\":\"https:\\\/\\\/informelitoral.com.ar\\\/#organization\",\"name\":\"Informe Litoral\",\"url\":\"https:\\\/\\\/informelitoral.com.ar\\\/\",\"logo\":{\"@type\":\"ImageObject\",\"inLanguage\":\"es\",\"@id\":\"https:\\\/\\\/informelitoral.com.ar\\\/#\\\/schema\\\/logo\\\/image\\\/\",\"url\":\"https:\\\/\\\/informelitoral.com.ar\\\/%77%70%2d%63%6f%6e%74%65%6e%74\\\/uploads\\\/2021\\\/01\\\/circulo.png\",\"contentUrl\":\"https:\\\/\\\/informelitoral.com.ar\\\/%77%70%2d%63%6f%6e%74%65%6e%74\\\/uploads\\\/2021\\\/01\\\/circulo.png\",\"width\":723,\"height\":731,\"caption\":\"Informe Litoral\"},\"image\":{\"@id\":\"https:\\\/\\\/informelitoral.com.ar\\\/#\\\/schema\\\/logo\\\/image\\\/\"},\"sameAs\":[\"https:\\\/\\\/www.facebook.com\\\/informelitoral\\\/\",\"https:\\\/\\\/x.com\\\/InformeLitoral\",\"https:\\\/\\\/www.instagram.com\\\/informelitoral\\\/\",\"https:\\\/\\\/www.youtube.com\\\/channel\\\/UCua4Qvz8Icb6MYqhoq9xLXw\"]},{\"@type\":\"Person\",\"@id\":\"https:\\\/\\\/informelitoral.com.ar\\\/#\\\/schema\\\/person\\\/f05f9f461677119578717524b127d6d5\",\"name\":\"Sebastian\",\"image\":{\"@type\":\"ImageObject\",\"inLanguage\":\"es\",\"@id\":\"https:\\\/\\\/secure.gravatar.com\\\/avatar\\\/b71bf7481d447dfb9583c7f2798e7cc64de6efb9067b74633ed8c31059a3bd82?s=96&d=mm&r=g\",\"url\":\"https:\\\/\\\/secure.gravatar.com\\\/avatar\\\/b71bf7481d447dfb9583c7f2798e7cc64de6efb9067b74633ed8c31059a3bd82?s=96&d=mm&r=g\",\"contentUrl\":\"https:\\\/\\\/secure.gravatar.com\\\/avatar\\\/b71bf7481d447dfb9583c7f2798e7cc64de6efb9067b74633ed8c31059a3bd82?s=96&d=mm&r=g\",\"caption\":\"Sebastian\"},\"url\":\"https:\\\/\\\/informelitoral.com.ar\\\/author\\\/sebastian\\\/\"}]}<\/script>","yoast_head_json":{"title":"Amparo contra resoluci\u00f3n que habilita la caza: c\u00f3mo sumarse a acci\u00f3n colectiva - Informe Litoral","robots":{"index":"index","follow":"follow","max-snippet":"max-snippet:-1","max-image-preview":"max-image-preview:large","max-video-preview":"max-video-preview:-1"},"canonical":"https:\/\/informelitoral.com.ar\/amparo-contra-resolucion-que-habilita-la-caza-como-sumarse-a-accion-colectiva\/","og_locale":"es_ES","og_type":"article","og_title":"Amparo contra resoluci\u00f3n que habilita la caza: c\u00f3mo sumarse a acci\u00f3n colectiva - Informe Litoral","og_description":"El viernes pr\u00f3ximo se cumplir\u00e1 el plazo de siete d\u00edas corridos para toda persona f\u00edsica o jur\u00eddica interesada en intervenir en el proceso colectivo dispuesto por el juez Andr\u00e9s Marfil.","og_url":"https:\/\/informelitoral.com.ar\/amparo-contra-resolucion-que-habilita-la-caza-como-sumarse-a-accion-colectiva\/","og_site_name":"Informe Litoral","article_publisher":"https:\/\/www.facebook.com\/informelitoral\/","article_published_time":"2022-06-15T13:54:29+00:00","article_modified_time":"2022-06-15T20:22:34+00:00","og_image":[{"width":1032,"height":688,"url":"https:\/\/informelitoral.com.ar\/%77%70%2d%63%6f%6e%74%65%6e%74\/uploads\/2022\/06\/f_1581021435.jpg","type":"image\/jpeg"}],"author":"Sebastian","twitter_card":"summary_large_image","twitter_creator":"@InformeLitoral","twitter_site":"@InformeLitoral","twitter_misc":{"Escrito por":"Sebastian","Tiempo de lectura":"2 minutos"},"schema":{"@context":"https:\/\/schema.org","@graph":[{"@type":"Article","@id":"https:\/\/informelitoral.com.ar\/amparo-contra-resolucion-que-habilita-la-caza-como-sumarse-a-accion-colectiva\/#article","isPartOf":{"@id":"https:\/\/informelitoral.com.ar\/amparo-contra-resolucion-que-habilita-la-caza-como-sumarse-a-accion-colectiva\/"},"author":{"name":"Sebastian","@id":"https:\/\/informelitoral.com.ar\/#\/schema\/person\/f05f9f461677119578717524b127d6d5"},"headline":"Amparo contra resoluci\u00f3n que habilita la caza: c\u00f3mo sumarse a acci\u00f3n colectiva","datePublished":"2022-06-15T13:54:29+00:00","dateModified":"2022-06-15T20:22:34+00:00","mainEntityOfPage":{"@id":"https:\/\/informelitoral.com.ar\/amparo-contra-resolucion-que-habilita-la-caza-como-sumarse-a-accion-colectiva\/"},"wordCount":452,"commentCount":0,"publisher":{"@id":"https:\/\/informelitoral.com.ar\/#organization"},"image":{"@id":"https:\/\/informelitoral.com.ar\/amparo-contra-resolucion-que-habilita-la-caza-como-sumarse-a-accion-colectiva\/#primaryimage"},"thumbnailUrl":"https:\/\/informelitoral.com.ar\/%77%70%2d%63%6f%6e%74%65%6e%74\/uploads\/2022\/06\/f_1581021435.jpg","keywords":["Caza de animales","Entre R\u00edos"],"articleSection":["Entre R\u00edos"],"inLanguage":"es","potentialAction":[{"@type":"CommentAction","name":"Comment","target":["https:\/\/informelitoral.com.ar\/amparo-contra-resolucion-que-habilita-la-caza-como-sumarse-a-accion-colectiva\/#respond"]}]},{"@type":"WebPage","@id":"https:\/\/informelitoral.com.ar\/amparo-contra-resolucion-que-habilita-la-caza-como-sumarse-a-accion-colectiva\/","url":"https:\/\/informelitoral.com.ar\/amparo-contra-resolucion-que-habilita-la-caza-como-sumarse-a-accion-colectiva\/","name":"Amparo contra resoluci\u00f3n que habilita la caza: c\u00f3mo sumarse a acci\u00f3n colectiva - Informe Litoral","isPartOf":{"@id":"https:\/\/informelitoral.com.ar\/#website"},"primaryImageOfPage":{"@id":"https:\/\/informelitoral.com.ar\/amparo-contra-resolucion-que-habilita-la-caza-como-sumarse-a-accion-colectiva\/#primaryimage"},"image":{"@id":"https:\/\/informelitoral.com.ar\/amparo-contra-resolucion-que-habilita-la-caza-como-sumarse-a-accion-colectiva\/#primaryimage"},"thumbnailUrl":"https:\/\/informelitoral.com.ar\/%77%70%2d%63%6f%6e%74%65%6e%74\/uploads\/2022\/06\/f_1581021435.jpg","datePublished":"2022-06-15T13:54:29+00:00","dateModified":"2022-06-15T20:22:34+00:00","breadcrumb":{"@id":"https:\/\/informelitoral.com.ar\/amparo-contra-resolucion-que-habilita-la-caza-como-sumarse-a-accion-colectiva\/#breadcrumb"},"inLanguage":"es","potentialAction":[{"@type":"ReadAction","target":["https:\/\/informelitoral.com.ar\/amparo-contra-resolucion-que-habilita-la-caza-como-sumarse-a-accion-colectiva\/"]}]},{"@type":"ImageObject","inLanguage":"es","@id":"https:\/\/informelitoral.com.ar\/amparo-contra-resolucion-que-habilita-la-caza-como-sumarse-a-accion-colectiva\/#primaryimage","url":"https:\/\/informelitoral.com.ar\/%77%70%2d%63%6f%6e%74%65%6e%74\/uploads\/2022\/06\/f_1581021435.jpg","contentUrl":"https:\/\/informelitoral.com.ar\/%77%70%2d%63%6f%6e%74%65%6e%74\/uploads\/2022\/06\/f_1581021435.jpg","width":1032,"height":688},{"@type":"BreadcrumbList","@id":"https:\/\/informelitoral.com.ar\/amparo-contra-resolucion-que-habilita-la-caza-como-sumarse-a-accion-colectiva\/#breadcrumb","itemListElement":[{"@type":"ListItem","position":1,"name":"Portada","item":"https:\/\/informelitoral.com.ar\/"},{"@type":"ListItem","position":2,"name":"Amparo contra resoluci\u00f3n que habilita la caza: c\u00f3mo sumarse a acci\u00f3n colectiva"}]},{"@type":"WebSite","@id":"https:\/\/informelitoral.com.ar\/#website","url":"https:\/\/informelitoral.com.ar\/","name":"Informe Litoral","description":"&quot;Nos informamos&quot; ","publisher":{"@id":"https:\/\/informelitoral.com.ar\/#organization"},"potentialAction":[{"@type":"SearchAction","target":{"@type":"EntryPoint","urlTemplate":"https:\/\/informelitoral.com.ar\/?s={search_term_string}"},"query-input":{"@type":"PropertyValueSpecification","valueRequired":true,"valueName":"search_term_string"}}],"inLanguage":"es"},{"@type":"Organization","@id":"https:\/\/informelitoral.com.ar\/#organization","name":"Informe Litoral","url":"https:\/\/informelitoral.com.ar\/","logo":{"@type":"ImageObject","inLanguage":"es","@id":"https:\/\/informelitoral.com.ar\/#\/schema\/logo\/image\/","url":"https:\/\/informelitoral.com.ar\/%77%70%2d%63%6f%6e%74%65%6e%74\/uploads\/2021\/01\/circulo.png","contentUrl":"https:\/\/informelitoral.com.ar\/%77%70%2d%63%6f%6e%74%65%6e%74\/uploads\/2021\/01\/circulo.png","width":723,"height":731,"caption":"Informe Litoral"},"image":{"@id":"https:\/\/informelitoral.com.ar\/#\/schema\/logo\/image\/"},"sameAs":["https:\/\/www.facebook.com\/informelitoral\/","https:\/\/x.com\/InformeLitoral","https:\/\/www.instagram.com\/informelitoral\/","https:\/\/www.youtube.com\/channel\/UCua4Qvz8Icb6MYqhoq9xLXw"]},{"@type":"Person","@id":"https:\/\/informelitoral.com.ar\/#\/schema\/person\/f05f9f461677119578717524b127d6d5","name":"Sebastian","image":{"@type":"ImageObject","inLanguage":"es","@id":"https:\/\/secure.gravatar.com\/avatar\/b71bf7481d447dfb9583c7f2798e7cc64de6efb9067b74633ed8c31059a3bd82?s=96&d=mm&r=g","url":"https:\/\/secure.gravatar.com\/avatar\/b71bf7481d447dfb9583c7f2798e7cc64de6efb9067b74633ed8c31059a3bd82?s=96&d=mm&r=g","contentUrl":"https:\/\/secure.gravatar.com\/avatar\/b71bf7481d447dfb9583c7f2798e7cc64de6efb9067b74633ed8c31059a3bd82?s=96&d=mm&r=g","caption":"Sebastian"},"url":"https:\/\/informelitoral.com.ar\/author\/sebastian\/"}]}},"_links":{"self":[{"href":"https:\/\/informelitoral.com.ar\/%77%70%2d%6a%73%6f%6e\/wp\/v2\/posts\/79676","targetHints":{"allow":["GET"]}}],"collection":[{"href":"https:\/\/informelitoral.com.ar\/%77%70%2d%6a%73%6f%6e\/wp\/v2\/posts"}],"about":[{"href":"https:\/\/informelitoral.com.ar\/%77%70%2d%6a%73%6f%6e\/wp\/v2\/types\/post"}],"author":[{"embeddable":true,"href":"https:\/\/informelitoral.com.ar\/%77%70%2d%6a%73%6f%6e\/wp\/v2\/users\/8"}],"replies":[{"embeddable":true,"href":"https:\/\/informelitoral.com.ar\/%77%70%2d%6a%73%6f%6e\/wp\/v2\/comments?post=79676"}],"version-history":[{"count":0,"href":"https:\/\/informelitoral.com.ar\/%77%70%2d%6a%73%6f%6e\/wp\/v2\/posts\/79676\/revisions"}],"wp:featuredmedia":[{"embeddable":true,"href":"https:\/\/informelitoral.com.ar\/%77%70%2d%6a%73%6f%6e\/wp\/v2\/media\/79677"}],"wp:attachment":[{"href":"https:\/\/informelitoral.com.ar\/%77%70%2d%6a%73%6f%6e\/wp\/v2\/media?parent=79676"}],"wp:term":[{"taxonomy":"category","embeddable":true,"href":"https:\/\/informelitoral.com.ar\/%77%70%2d%6a%73%6f%6e\/wp\/v2\/categories?post=79676"},{"taxonomy":"post_tag","embeddable":true,"href":"https:\/\/informelitoral.com.ar\/%77%70%2d%6a%73%6f%6e\/wp\/v2\/tags?post=79676"}],"curies":[{"name":"wp","href":"https:\/\/api.w.org\/{rel}","templated":true}]}}