{"id":79673,"date":"2022-06-15T10:01:19","date_gmt":"2022-06-15T13:01:19","guid":{"rendered":"https:\/\/www.informelitoral.com.ar\/?p=79673"},"modified":"2022-06-15T10:01:19","modified_gmt":"2022-06-15T13:01:19","slug":"recuperaron-elementos-robados-de-panaderia-social-de-parana-hubo-un-detenido","status":"publish","type":"post","link":"https:\/\/informelitoral.com.ar\/recuperaron-elementos-robados-de-panaderia-social-de-parana-hubo-un-detenido\/","title":{"rendered":"Recuperaron elementos robados de panader\u00eda social de Paran\u00e1: hubo un detenido"},"content":{"rendered":"<p>Un sujeto,\u00a0<b>encapuchado<\/b>, ingres\u00f3 en dos oportunidades a la sede de la\u00a0<b>panader\u00eda social \u201cSan Jos\u00e9\u201d para robar utensilios e importantes herramientas de trabajo<\/b>\u00a0del local ubicado sobre calle Republica de Siria y pr\u00f3xima a la parroquia Ntra. Sra. de Guadalupe\u201d, en Paran\u00e1. El hecho de inseguridad, que ocurri\u00f3 en la madrugada de este martes, qued\u00f3 registrado en las c\u00e1maras de seguridad.<\/p>\n<p>Fuentes policiales confirmaron que, en relaci\u00f3n al hecho de inseguridad -que fue caratulado como Hurto- personal policial de comisar\u00eda quinta logr\u00f3 la detenci\u00f3n del presunto sospechoso, el cual fue trasladado a Alcaid\u00eda de Tribunales por disposici\u00f3n de la Fiscal\u00eda interviniente debido a que sobre \u00e9ste, adem\u00e1s, pesaba un pedido de captura por Rebeld\u00eda.<\/p>\n<p>Continuando con la investigaci\u00f3n, los uniformados recibieron en sede policial un llamado donde daban cuenta que dos sujetos estaban transportando elementos por calles 129 y Basualdo. Tras la intervenci\u00f3n del personal policial, los sospechosos se dieron a la fuga entre los pasillos y en la huida se descartaron los elementos. Se trataba de una balanza digital con bandeja de acero inoxidable marca Systel, una batidora de mano marca Liliana, y un rallador de pan el\u00e9ctrico marca Aire, los que correspond\u00edan con los que fueran denunciados por los responsables de la panader\u00eda social. En base a ello y habiendo comunicado la situaci\u00f3n a la Fiscal\u00eda, se dispuso la entrega de los mismos a la parte damnificada.<\/p>\n<p>La panader\u00eda social \u201cSan Jos\u00e9\u201d naci\u00f3 como un proyecto de inserci\u00f3n laboral para j\u00f3venes recuperados de las adicciones \u201cpara darles un oficio y que ellos puedan seguir con su vida\u201d.(<em>Elonce<\/em>)<\/p>\n","protected":false},"excerpt":{"rendered":"<p>Confirmaron que sobre el sospechoso por el robo pesaba un pedido de captura por Rebeld\u00eda. Los dos sujetos que hu\u00edan con los elementos robados lograron escapar. Se logr\u00f3 el recupero de una balanza, una batidora y un rallador.<\/p>\n","protected":false},"author":8,"featured_media":0,"comment_status":"open","ping_status":"open","sticky":false,"template":"","format":"standard","meta":{"fifu_image_url":"","fifu_image_alt":"","footnotes":""},"categories":[14],"tags":[3727,3728],"class_list":{"0":"post-79673","1":"post","2":"type-post","3":"status-publish","4":"format-standard","6":"category-policiales","7":"tag-elementos-robados","8":"tag-recuperado"},"yoast_head":"<title>Recuperaron elementos robados de panader\u00eda social de Paran\u00e1: hubo un detenido - Informe Litoral<\/title>\n<meta name=\"robots\" content=\"index, follow, max-snippet:-1, max-image-preview:large, max-video-preview:-1\" \/>\n<link rel=\"canonical\" href=\"https:\/\/informelitoral.com.ar\/recuperaron-elementos-robados-de-panaderia-social-de-parana-hubo-un-detenido\/\" \/>\n<meta property=\"og:locale\" content=\"es_ES\" \/>\n<meta property=\"og:type\" content=\"article\" \/>\n<meta property=\"og:title\" content=\"Recuperaron elementos robados de panader\u00eda social de Paran\u00e1: hubo un detenido - Informe Litoral\" \/>\n<meta property=\"og:description\" content=\"Confirmaron que sobre el sospechoso por el robo pesaba un pedido de captura por Rebeld\u00eda. Los dos sujetos que hu\u00edan con los elementos robados lograron escapar. Se logr\u00f3 el recupero de una balanza, una batidora y un rallador.\" \/>\n<meta property=\"og:url\" content=\"https:\/\/informelitoral.com.ar\/recuperaron-elementos-robados-de-panaderia-social-de-parana-hubo-un-detenido\/\" \/>\n<meta property=\"og:site_name\" content=\"Informe Litoral\" \/>\n<meta property=\"article:publisher\" content=\"https:\/\/www.facebook.com\/informelitoral\/\" \/>\n<meta property=\"article:published_time\" content=\"2022-06-15T13:01:19+00:00\" \/>\n<meta name=\"author\" content=\"Sebastian\" \/>\n<meta name=\"twitter:card\" content=\"summary_large_image\" \/>\n<meta name=\"twitter:creator\" content=\"@InformeLitoral\" \/>\n<meta name=\"twitter:site\" content=\"@InformeLitoral\" \/>\n<meta name=\"twitter:label1\" content=\"Escrito por\" \/>\n\t<meta name=\"twitter:data1\" content=\"Sebastian\" \/>\n\t<meta name=\"twitter:label2\" content=\"Tiempo de lectura\" \/>\n\t<meta name=\"twitter:data2\" content=\"1 minuto\" \/>\n<script type=\"application\/ld+json\" class=\"yoast-schema-graph\">{\"@context\":\"https:\\\/\\\/schema.org\",\"@graph\":[{\"@type\":\"Article\",\"@id\":\"https:\\\/\\\/informelitoral.com.ar\\\/recuperaron-elementos-robados-de-panaderia-social-de-parana-hubo-un-detenido\\\/#article\",\"isPartOf\":{\"@id\":\"https:\\\/\\\/informelitoral.com.ar\\\/recuperaron-elementos-robados-de-panaderia-social-de-parana-hubo-un-detenido\\\/\"},\"author\":{\"name\":\"Sebastian\",\"@id\":\"https:\\\/\\\/informelitoral.com.ar\\\/#\\\/schema\\\/person\\\/f05f9f461677119578717524b127d6d5\"},\"headline\":\"Recuperaron elementos robados de panader\u00eda social de Paran\u00e1: hubo un detenido\",\"datePublished\":\"2022-06-15T13:01:19+00:00\",\"mainEntityOfPage\":{\"@id\":\"https:\\\/\\\/informelitoral.com.ar\\\/recuperaron-elementos-robados-de-panaderia-social-de-parana-hubo-un-detenido\\\/\"},\"wordCount\":293,\"commentCount\":0,\"publisher\":{\"@id\":\"https:\\\/\\\/informelitoral.com.ar\\\/#organization\"},\"keywords\":[\"Elementos robados\",\"Recuperado\"],\"articleSection\":[\"Policiales\"],\"inLanguage\":\"es\",\"potentialAction\":[{\"@type\":\"CommentAction\",\"name\":\"Comment\",\"target\":[\"https:\\\/\\\/informelitoral.com.ar\\\/recuperaron-elementos-robados-de-panaderia-social-de-parana-hubo-un-detenido\\\/#respond\"]}]},{\"@type\":\"WebPage\",\"@id\":\"https:\\\/\\\/informelitoral.com.ar\\\/recuperaron-elementos-robados-de-panaderia-social-de-parana-hubo-un-detenido\\\/\",\"url\":\"https:\\\/\\\/informelitoral.com.ar\\\/recuperaron-elementos-robados-de-panaderia-social-de-parana-hubo-un-detenido\\\/\",\"name\":\"Recuperaron elementos robados de panader\u00eda social de Paran\u00e1: hubo un detenido - Informe Litoral\",\"isPartOf\":{\"@id\":\"https:\\\/\\\/informelitoral.com.ar\\\/#website\"},\"datePublished\":\"2022-06-15T13:01:19+00:00\",\"breadcrumb\":{\"@id\":\"https:\\\/\\\/informelitoral.com.ar\\\/recuperaron-elementos-robados-de-panaderia-social-de-parana-hubo-un-detenido\\\/#breadcrumb\"},\"inLanguage\":\"es\",\"potentialAction\":[{\"@type\":\"ReadAction\",\"target\":[\"https:\\\/\\\/informelitoral.com.ar\\\/recuperaron-elementos-robados-de-panaderia-social-de-parana-hubo-un-detenido\\\/\"]}]},{\"@type\":\"BreadcrumbList\",\"@id\":\"https:\\\/\\\/informelitoral.com.ar\\\/recuperaron-elementos-robados-de-panaderia-social-de-parana-hubo-un-detenido\\\/#breadcrumb\",\"itemListElement\":[{\"@type\":\"ListItem\",\"position\":1,\"name\":\"Portada\",\"item\":\"https:\\\/\\\/informelitoral.com.ar\\\/\"},{\"@type\":\"ListItem\",\"position\":2,\"name\":\"Recuperaron elementos robados de panader\u00eda social de Paran\u00e1: hubo un detenido\"}]},{\"@type\":\"WebSite\",\"@id\":\"https:\\\/\\\/informelitoral.com.ar\\\/#website\",\"url\":\"https:\\\/\\\/informelitoral.com.ar\\\/\",\"name\":\"Informe Litoral\",\"description\":\"&quot;Nos informamos&quot; \",\"publisher\":{\"@id\":\"https:\\\/\\\/informelitoral.com.ar\\\/#organization\"},\"potentialAction\":[{\"@type\":\"SearchAction\",\"target\":{\"@type\":\"EntryPoint\",\"urlTemplate\":\"https:\\\/\\\/informelitoral.com.ar\\\/?s={search_term_string}\"},\"query-input\":{\"@type\":\"PropertyValueSpecification\",\"valueRequired\":true,\"valueName\":\"search_term_string\"}}],\"inLanguage\":\"es\"},{\"@type\":\"Organization\",\"@id\":\"https:\\\/\\\/informelitoral.com.ar\\\/#organization\",\"name\":\"Informe Litoral\",\"url\":\"https:\\\/\\\/informelitoral.com.ar\\\/\",\"logo\":{\"@type\":\"ImageObject\",\"inLanguage\":\"es\",\"@id\":\"https:\\\/\\\/informelitoral.com.ar\\\/#\\\/schema\\\/logo\\\/image\\\/\",\"url\":\"https:\\\/\\\/informelitoral.com.ar\\\/%77%70%2d%63%6f%6e%74%65%6e%74\\\/uploads\\\/2021\\\/01\\\/circulo.png\",\"contentUrl\":\"https:\\\/\\\/informelitoral.com.ar\\\/%77%70%2d%63%6f%6e%74%65%6e%74\\\/uploads\\\/2021\\\/01\\\/circulo.png\",\"width\":723,\"height\":731,\"caption\":\"Informe Litoral\"},\"image\":{\"@id\":\"https:\\\/\\\/informelitoral.com.ar\\\/#\\\/schema\\\/logo\\\/image\\\/\"},\"sameAs\":[\"https:\\\/\\\/www.facebook.com\\\/informelitoral\\\/\",\"https:\\\/\\\/x.com\\\/InformeLitoral\",\"https:\\\/\\\/www.instagram.com\\\/informelitoral\\\/\",\"https:\\\/\\\/www.youtube.com\\\/channel\\\/UCua4Qvz8Icb6MYqhoq9xLXw\"]},{\"@type\":\"Person\",\"@id\":\"https:\\\/\\\/informelitoral.com.ar\\\/#\\\/schema\\\/person\\\/f05f9f461677119578717524b127d6d5\",\"name\":\"Sebastian\",\"image\":{\"@type\":\"ImageObject\",\"inLanguage\":\"es\",\"@id\":\"https:\\\/\\\/secure.gravatar.com\\\/avatar\\\/b71bf7481d447dfb9583c7f2798e7cc64de6efb9067b74633ed8c31059a3bd82?s=96&d=mm&r=g\",\"url\":\"https:\\\/\\\/secure.gravatar.com\\\/avatar\\\/b71bf7481d447dfb9583c7f2798e7cc64de6efb9067b74633ed8c31059a3bd82?s=96&d=mm&r=g\",\"contentUrl\":\"https:\\\/\\\/secure.gravatar.com\\\/avatar\\\/b71bf7481d447dfb9583c7f2798e7cc64de6efb9067b74633ed8c31059a3bd82?s=96&d=mm&r=g\",\"caption\":\"Sebastian\"},\"url\":\"https:\\\/\\\/informelitoral.com.ar\\\/author\\\/sebastian\\\/\"}]}<\/script>","yoast_head_json":{"title":"Recuperaron elementos robados de panader\u00eda social de Paran\u00e1: hubo un detenido - Informe Litoral","robots":{"index":"index","follow":"follow","max-snippet":"max-snippet:-1","max-image-preview":"max-image-preview:large","max-video-preview":"max-video-preview:-1"},"canonical":"https:\/\/informelitoral.com.ar\/recuperaron-elementos-robados-de-panaderia-social-de-parana-hubo-un-detenido\/","og_locale":"es_ES","og_type":"article","og_title":"Recuperaron elementos robados de panader\u00eda social de Paran\u00e1: hubo un detenido - Informe Litoral","og_description":"Confirmaron que sobre el sospechoso por el robo pesaba un pedido de captura por Rebeld\u00eda. Los dos sujetos que hu\u00edan con los elementos robados lograron escapar. Se logr\u00f3 el recupero de una balanza, una batidora y un rallador.","og_url":"https:\/\/informelitoral.com.ar\/recuperaron-elementos-robados-de-panaderia-social-de-parana-hubo-un-detenido\/","og_site_name":"Informe Litoral","article_publisher":"https:\/\/www.facebook.com\/informelitoral\/","article_published_time":"2022-06-15T13:01:19+00:00","author":"Sebastian","twitter_card":"summary_large_image","twitter_creator":"@InformeLitoral","twitter_site":"@InformeLitoral","twitter_misc":{"Escrito por":"Sebastian","Tiempo de lectura":"1 minuto"},"schema":{"@context":"https:\/\/schema.org","@graph":[{"@type":"Article","@id":"https:\/\/informelitoral.com.ar\/recuperaron-elementos-robados-de-panaderia-social-de-parana-hubo-un-detenido\/#article","isPartOf":{"@id":"https:\/\/informelitoral.com.ar\/recuperaron-elementos-robados-de-panaderia-social-de-parana-hubo-un-detenido\/"},"author":{"name":"Sebastian","@id":"https:\/\/informelitoral.com.ar\/#\/schema\/person\/f05f9f461677119578717524b127d6d5"},"headline":"Recuperaron elementos robados de panader\u00eda social de Paran\u00e1: hubo un detenido","datePublished":"2022-06-15T13:01:19+00:00","mainEntityOfPage":{"@id":"https:\/\/informelitoral.com.ar\/recuperaron-elementos-robados-de-panaderia-social-de-parana-hubo-un-detenido\/"},"wordCount":293,"commentCount":0,"publisher":{"@id":"https:\/\/informelitoral.com.ar\/#organization"},"keywords":["Elementos robados","Recuperado"],"articleSection":["Policiales"],"inLanguage":"es","potentialAction":[{"@type":"CommentAction","name":"Comment","target":["https:\/\/informelitoral.com.ar\/recuperaron-elementos-robados-de-panaderia-social-de-parana-hubo-un-detenido\/#respond"]}]},{"@type":"WebPage","@id":"https:\/\/informelitoral.com.ar\/recuperaron-elementos-robados-de-panaderia-social-de-parana-hubo-un-detenido\/","url":"https:\/\/informelitoral.com.ar\/recuperaron-elementos-robados-de-panaderia-social-de-parana-hubo-un-detenido\/","name":"Recuperaron elementos robados de panader\u00eda social de Paran\u00e1: hubo un detenido - Informe Litoral","isPartOf":{"@id":"https:\/\/informelitoral.com.ar\/#website"},"datePublished":"2022-06-15T13:01:19+00:00","breadcrumb":{"@id":"https:\/\/informelitoral.com.ar\/recuperaron-elementos-robados-de-panaderia-social-de-parana-hubo-un-detenido\/#breadcrumb"},"inLanguage":"es","potentialAction":[{"@type":"ReadAction","target":["https:\/\/informelitoral.com.ar\/recuperaron-elementos-robados-de-panaderia-social-de-parana-hubo-un-detenido\/"]}]},{"@type":"BreadcrumbList","@id":"https:\/\/informelitoral.com.ar\/recuperaron-elementos-robados-de-panaderia-social-de-parana-hubo-un-detenido\/#breadcrumb","itemListElement":[{"@type":"ListItem","position":1,"name":"Portada","item":"https:\/\/informelitoral.com.ar\/"},{"@type":"ListItem","position":2,"name":"Recuperaron elementos robados de panader\u00eda social de Paran\u00e1: hubo un detenido"}]},{"@type":"WebSite","@id":"https:\/\/informelitoral.com.ar\/#website","url":"https:\/\/informelitoral.com.ar\/","name":"Informe Litoral","description":"&quot;Nos informamos&quot; ","publisher":{"@id":"https:\/\/informelitoral.com.ar\/#organization"},"potentialAction":[{"@type":"SearchAction","target":{"@type":"EntryPoint","urlTemplate":"https:\/\/informelitoral.com.ar\/?s={search_term_string}"},"query-input":{"@type":"PropertyValueSpecification","valueRequired":true,"valueName":"search_term_string"}}],"inLanguage":"es"},{"@type":"Organization","@id":"https:\/\/informelitoral.com.ar\/#organization","name":"Informe Litoral","url":"https:\/\/informelitoral.com.ar\/","logo":{"@type":"ImageObject","inLanguage":"es","@id":"https:\/\/informelitoral.com.ar\/#\/schema\/logo\/image\/","url":"https:\/\/informelitoral.com.ar\/%77%70%2d%63%6f%6e%74%65%6e%74\/uploads\/2021\/01\/circulo.png","contentUrl":"https:\/\/informelitoral.com.ar\/%77%70%2d%63%6f%6e%74%65%6e%74\/uploads\/2021\/01\/circulo.png","width":723,"height":731,"caption":"Informe Litoral"},"image":{"@id":"https:\/\/informelitoral.com.ar\/#\/schema\/logo\/image\/"},"sameAs":["https:\/\/www.facebook.com\/informelitoral\/","https:\/\/x.com\/InformeLitoral","https:\/\/www.instagram.com\/informelitoral\/","https:\/\/www.youtube.com\/channel\/UCua4Qvz8Icb6MYqhoq9xLXw"]},{"@type":"Person","@id":"https:\/\/informelitoral.com.ar\/#\/schema\/person\/f05f9f461677119578717524b127d6d5","name":"Sebastian","image":{"@type":"ImageObject","inLanguage":"es","@id":"https:\/\/secure.gravatar.com\/avatar\/b71bf7481d447dfb9583c7f2798e7cc64de6efb9067b74633ed8c31059a3bd82?s=96&d=mm&r=g","url":"https:\/\/secure.gravatar.com\/avatar\/b71bf7481d447dfb9583c7f2798e7cc64de6efb9067b74633ed8c31059a3bd82?s=96&d=mm&r=g","contentUrl":"https:\/\/secure.gravatar.com\/avatar\/b71bf7481d447dfb9583c7f2798e7cc64de6efb9067b74633ed8c31059a3bd82?s=96&d=mm&r=g","caption":"Sebastian"},"url":"https:\/\/informelitoral.com.ar\/author\/sebastian\/"}]}},"_links":{"self":[{"href":"https:\/\/informelitoral.com.ar\/%77%70%2d%6a%73%6f%6e\/wp\/v2\/posts\/79673","targetHints":{"allow":["GET"]}}],"collection":[{"href":"https:\/\/informelitoral.com.ar\/%77%70%2d%6a%73%6f%6e\/wp\/v2\/posts"}],"about":[{"href":"https:\/\/informelitoral.com.ar\/%77%70%2d%6a%73%6f%6e\/wp\/v2\/types\/post"}],"author":[{"embeddable":true,"href":"https:\/\/informelitoral.com.ar\/%77%70%2d%6a%73%6f%6e\/wp\/v2\/users\/8"}],"replies":[{"embeddable":true,"href":"https:\/\/informelitoral.com.ar\/%77%70%2d%6a%73%6f%6e\/wp\/v2\/comments?post=79673"}],"version-history":[{"count":0,"href":"https:\/\/informelitoral.com.ar\/%77%70%2d%6a%73%6f%6e\/wp\/v2\/posts\/79673\/revisions"}],"wp:attachment":[{"href":"https:\/\/informelitoral.com.ar\/%77%70%2d%6a%73%6f%6e\/wp\/v2\/media?parent=79673"}],"wp:term":[{"taxonomy":"category","embeddable":true,"href":"https:\/\/informelitoral.com.ar\/%77%70%2d%6a%73%6f%6e\/wp\/v2\/categories?post=79673"},{"taxonomy":"post_tag","embeddable":true,"href":"https:\/\/informelitoral.com.ar\/%77%70%2d%6a%73%6f%6e\/wp\/v2\/tags?post=79673"}],"curies":[{"name":"wp","href":"https:\/\/api.w.org\/{rel}","templated":true}]}}