{"id":79669,"date":"2022-06-15T09:41:43","date_gmt":"2022-06-15T12:41:43","guid":{"rendered":"https:\/\/www.informelitoral.com.ar\/?p=79669"},"modified":"2022-06-15T09:41:43","modified_gmt":"2022-06-15T12:41:43","slug":"bordet-acordo-con-la-uier-potenciar-la-produccion-y-empleo-privado-en-la-provincia","status":"publish","type":"post","link":"https:\/\/informelitoral.com.ar\/bordet-acordo-con-la-uier-potenciar-la-produccion-y-empleo-privado-en-la-provincia\/","title":{"rendered":"Bordet acord\u00f3 con la UIER potenciar la producci\u00f3n y empleo privado en la provincia"},"content":{"rendered":"<p>El titular de la entidad, Gabriel Bourd\u00edn, ponder\u00f3 el orden en las cuentas p\u00fablicas de la provincia que permiten tomar medidas que impulsen al sector.<\/p>\n<p>En el encuentro, realizado en el Sal\u00f3n de Gobernadores de la Casa Gris, tambi\u00e9n participaron los ministros de Econom\u00eda, Hugo Ballay; y de Producci\u00f3n, Juan Jos\u00e9 Bahillo; y el secretario de Industria, Fernando Caviglia. Por la UIER concurrieron su presidente, Gabriel Bourd\u00edn; junto a los dem\u00e1s integrantes de la Comisi\u00f3n Directiva de la entidad.<\/p>\n<p>Tras la audiencia se destac\u00f3 la importancia del trabajo articulado y con objetivos comunes del gobierno provincial y los industriales entrerrianos en una agenda con objetivos comunes para lograr una sinergia entre lo p\u00fablico y privado en pos de alcanzar una mayor producci\u00f3n y empleo en la provincia.<\/p>\n<p>\u201cSe formalizaron los temas que se ven\u00edan conversando desde hace tiempo para poder avanzar y desarrollarnos en forma arm\u00f3nica en toda la provincia\u00bb, dijo Bourd\u00edn tras el encuentro y apunt\u00f3: \u00abEstamos avanzando en leyes muy importantes que consideramos que, con el apoyo del gobernador, en poco tiempo vamos a poder afrontar un paquete de medidas importantes nos s\u00f3lo para conservar las industrias que tenemos sino para plantear un crecimiento que realmente necesitamos\u00bb.<\/p>\n<p>En ese marco mencion\u00f3 la necesidad de fomentar el empleo privado a trav\u00e9s de medidas adoptadas en conjunto con el gobierno y consider\u00f3 que el ordenamiento de las cuentas p\u00fablicas del gobierno permiten afrontar estos desaf\u00edos. \u00abNosotros vamos viendo el avance de las cuentas p\u00fablicas de la provincia y vemos que va teniendo una deuda muy acomodada a largo plazo y que se est\u00e1 cumpliendo perfectamente. Dentro de todo lo que es el contexto del pa\u00eds, Entre R\u00edos ha honrado sus compromisos con los \u00f3rganos de cr\u00e9dito y esto nos pone en una situaci\u00f3n donde hoy podemos avanzar en estos temas tan importantes\u201d, valor\u00f3 el empresario.<\/p>\n<p>\u201cNos vamos muy contentos con este expl\u00edcito apoyo del gobernador y de sus funcionarios\u00bb, remarc\u00f3 Bourd\u00edn y destac\u00f3 \u00abel enorme potencial\u00bb que tiene la provincia en el sector. \u00abLa verdad que nos llena de orgullo estar sentados en esta mesa donde todos estamos pensando lo mismo y empujando para el mismo lado para, en poco tiempo, salir con todas estas pol\u00edticas p\u00fablicas que empiecen a cambiar en parte el perfil productivo que tiene la provincia\u00bb.<\/p>\n<p>Por su parte, el ministro Bahillo coment\u00f3: \u00abLa vocaci\u00f3n y la decisi\u00f3n del gobernador Bordet siempre es mantener un amplio y permanente di\u00e1logo con todos los sectores productivos de la provincia y con una agenda en conjunto. En este marco la Uni\u00f3n Industrial de Entre R\u00edos ha solicitado una audiencia y ha tra\u00eddo una agenda con temas que ya ven\u00edamos trabajando en conjunto y otros que han incorporado y que son un desaf\u00edo para trabajar con los mismos objetivos, de crecimiento y desarrollo de la provincia, con una agenda en com\u00fan entre los sectores p\u00fablico y privado\u201d.<\/p>\n<p>\u201cHemos recepcionado los temas planteados que tienen que ver con cuestiones energ\u00e9ticas, con promoci\u00f3n del empleo, con un ordenamiento territorial en los parques industriales y con una actualizaci\u00f3n de la Ley de Promoci\u00f3n Industrial de la provincia. El gobernador nos indic\u00f3 a los distintos funcionarios que avancemos en la propuesta de la UIER para dar respuesta a la brevedad a la agenda planteada\u00bb, complet\u00f3 Bahillo que consider\u00f3 como \u00abmuy productiva\u00bb la reuni\u00f3n.<\/p>\n","protected":false},"excerpt":{"rendered":"<p>El gobernador Gustavo Bordet, junto a la vicegobernadora Laura Stratta, recibi\u00f3 este martes en la Casa de Gobierno a la nueva Comisi\u00f3n Directiva de la Uni\u00f3n Industrial de Entre R\u00edos (UIER).<\/p>\n","protected":false},"author":8,"featured_media":79670,"comment_status":"open","ping_status":"open","sticky":false,"template":"","format":"standard","meta":{"fifu_image_url":"","fifu_image_alt":"","footnotes":""},"categories":[6],"tags":[167,120],"class_list":{"0":"post-79669","1":"post","2":"type-post","3":"status-publish","4":"format-standard","5":"has-post-thumbnail","7":"category-entre-rios","8":"tag-gustavo-bordet","9":"tag-produccion"},"yoast_head":"<title>Bordet acord\u00f3 con la UIER potenciar la producci\u00f3n y empleo privado en la provincia - Informe Litoral<\/title>\n<meta name=\"robots\" content=\"index, follow, max-snippet:-1, max-image-preview:large, max-video-preview:-1\" \/>\n<link rel=\"canonical\" href=\"https:\/\/informelitoral.com.ar\/bordet-acordo-con-la-uier-potenciar-la-produccion-y-empleo-privado-en-la-provincia\/\" \/>\n<meta property=\"og:locale\" content=\"es_ES\" \/>\n<meta property=\"og:type\" content=\"article\" \/>\n<meta property=\"og:title\" content=\"Bordet acord\u00f3 con la UIER potenciar la producci\u00f3n y empleo privado en la provincia - Informe Litoral\" \/>\n<meta property=\"og:description\" content=\"El gobernador Gustavo Bordet, junto a la vicegobernadora Laura Stratta, recibi\u00f3 este martes en la Casa de Gobierno a la nueva Comisi\u00f3n Directiva de la Uni\u00f3n Industrial de Entre R\u00edos (UIER).\" \/>\n<meta property=\"og:url\" content=\"https:\/\/informelitoral.com.ar\/bordet-acordo-con-la-uier-potenciar-la-produccion-y-empleo-privado-en-la-provincia\/\" \/>\n<meta property=\"og:site_name\" content=\"Informe Litoral\" \/>\n<meta property=\"article:publisher\" content=\"https:\/\/www.facebook.com\/informelitoral\/\" \/>\n<meta property=\"article:published_time\" content=\"2022-06-15T12:41:43+00:00\" \/>\n<meta property=\"og:image\" content=\"https:\/\/informelitoral.com.ar\/%77%70%2d%63%6f%6e%74%65%6e%74\/uploads\/2022\/06\/p_1655231099.jpg\" \/>\n\t<meta property=\"og:image:width\" content=\"1920\" \/>\n\t<meta property=\"og:image:height\" content=\"800\" \/>\n\t<meta property=\"og:image:type\" content=\"image\/jpeg\" \/>\n<meta name=\"author\" content=\"Sebastian\" \/>\n<meta name=\"twitter:card\" content=\"summary_large_image\" \/>\n<meta name=\"twitter:creator\" content=\"@InformeLitoral\" \/>\n<meta name=\"twitter:site\" content=\"@InformeLitoral\" \/>\n<meta name=\"twitter:label1\" content=\"Escrito por\" \/>\n\t<meta name=\"twitter:data1\" content=\"Sebastian\" \/>\n\t<meta name=\"twitter:label2\" content=\"Tiempo de lectura\" \/>\n\t<meta name=\"twitter:data2\" content=\"3 minutos\" \/>\n<script type=\"application\/ld+json\" class=\"yoast-schema-graph\">{\"@context\":\"https:\\\/\\\/schema.org\",\"@graph\":[{\"@type\":\"Article\",\"@id\":\"https:\\\/\\\/informelitoral.com.ar\\\/bordet-acordo-con-la-uier-potenciar-la-produccion-y-empleo-privado-en-la-provincia\\\/#article\",\"isPartOf\":{\"@id\":\"https:\\\/\\\/informelitoral.com.ar\\\/bordet-acordo-con-la-uier-potenciar-la-produccion-y-empleo-privado-en-la-provincia\\\/\"},\"author\":{\"name\":\"Sebastian\",\"@id\":\"https:\\\/\\\/informelitoral.com.ar\\\/#\\\/schema\\\/person\\\/f05f9f461677119578717524b127d6d5\"},\"headline\":\"Bordet acord\u00f3 con la UIER potenciar la producci\u00f3n y empleo privado en la provincia\",\"datePublished\":\"2022-06-15T12:41:43+00:00\",\"mainEntityOfPage\":{\"@id\":\"https:\\\/\\\/informelitoral.com.ar\\\/bordet-acordo-con-la-uier-potenciar-la-produccion-y-empleo-privado-en-la-provincia\\\/\"},\"wordCount\":606,\"commentCount\":0,\"publisher\":{\"@id\":\"https:\\\/\\\/informelitoral.com.ar\\\/#organization\"},\"image\":{\"@id\":\"https:\\\/\\\/informelitoral.com.ar\\\/bordet-acordo-con-la-uier-potenciar-la-produccion-y-empleo-privado-en-la-provincia\\\/#primaryimage\"},\"thumbnailUrl\":\"https:\\\/\\\/informelitoral.com.ar\\\/%77%70%2d%63%6f%6e%74%65%6e%74\\\/uploads\\\/2022\\\/06\\\/p_1655231099.jpg\",\"keywords\":[\"Gustavo Bordet\",\"Producci\u00f3n\"],\"articleSection\":[\"Entre R\u00edos\"],\"inLanguage\":\"es\",\"potentialAction\":[{\"@type\":\"CommentAction\",\"name\":\"Comment\",\"target\":[\"https:\\\/\\\/informelitoral.com.ar\\\/bordet-acordo-con-la-uier-potenciar-la-produccion-y-empleo-privado-en-la-provincia\\\/#respond\"]}]},{\"@type\":\"WebPage\",\"@id\":\"https:\\\/\\\/informelitoral.com.ar\\\/bordet-acordo-con-la-uier-potenciar-la-produccion-y-empleo-privado-en-la-provincia\\\/\",\"url\":\"https:\\\/\\\/informelitoral.com.ar\\\/bordet-acordo-con-la-uier-potenciar-la-produccion-y-empleo-privado-en-la-provincia\\\/\",\"name\":\"Bordet acord\u00f3 con la UIER potenciar la producci\u00f3n y empleo privado en la provincia - Informe Litoral\",\"isPartOf\":{\"@id\":\"https:\\\/\\\/informelitoral.com.ar\\\/#website\"},\"primaryImageOfPage\":{\"@id\":\"https:\\\/\\\/informelitoral.com.ar\\\/bordet-acordo-con-la-uier-potenciar-la-produccion-y-empleo-privado-en-la-provincia\\\/#primaryimage\"},\"image\":{\"@id\":\"https:\\\/\\\/informelitoral.com.ar\\\/bordet-acordo-con-la-uier-potenciar-la-produccion-y-empleo-privado-en-la-provincia\\\/#primaryimage\"},\"thumbnailUrl\":\"https:\\\/\\\/informelitoral.com.ar\\\/%77%70%2d%63%6f%6e%74%65%6e%74\\\/uploads\\\/2022\\\/06\\\/p_1655231099.jpg\",\"datePublished\":\"2022-06-15T12:41:43+00:00\",\"breadcrumb\":{\"@id\":\"https:\\\/\\\/informelitoral.com.ar\\\/bordet-acordo-con-la-uier-potenciar-la-produccion-y-empleo-privado-en-la-provincia\\\/#breadcrumb\"},\"inLanguage\":\"es\",\"potentialAction\":[{\"@type\":\"ReadAction\",\"target\":[\"https:\\\/\\\/informelitoral.com.ar\\\/bordet-acordo-con-la-uier-potenciar-la-produccion-y-empleo-privado-en-la-provincia\\\/\"]}]},{\"@type\":\"ImageObject\",\"inLanguage\":\"es\",\"@id\":\"https:\\\/\\\/informelitoral.com.ar\\\/bordet-acordo-con-la-uier-potenciar-la-produccion-y-empleo-privado-en-la-provincia\\\/#primaryimage\",\"url\":\"https:\\\/\\\/informelitoral.com.ar\\\/%77%70%2d%63%6f%6e%74%65%6e%74\\\/uploads\\\/2022\\\/06\\\/p_1655231099.jpg\",\"contentUrl\":\"https:\\\/\\\/informelitoral.com.ar\\\/%77%70%2d%63%6f%6e%74%65%6e%74\\\/uploads\\\/2022\\\/06\\\/p_1655231099.jpg\",\"width\":1920,\"height\":800},{\"@type\":\"BreadcrumbList\",\"@id\":\"https:\\\/\\\/informelitoral.com.ar\\\/bordet-acordo-con-la-uier-potenciar-la-produccion-y-empleo-privado-en-la-provincia\\\/#breadcrumb\",\"itemListElement\":[{\"@type\":\"ListItem\",\"position\":1,\"name\":\"Portada\",\"item\":\"https:\\\/\\\/informelitoral.com.ar\\\/\"},{\"@type\":\"ListItem\",\"position\":2,\"name\":\"Bordet acord\u00f3 con la UIER potenciar la producci\u00f3n y empleo privado en la provincia\"}]},{\"@type\":\"WebSite\",\"@id\":\"https:\\\/\\\/informelitoral.com.ar\\\/#website\",\"url\":\"https:\\\/\\\/informelitoral.com.ar\\\/\",\"name\":\"Informe Litoral\",\"description\":\"&quot;Nos informamos&quot; \",\"publisher\":{\"@id\":\"https:\\\/\\\/informelitoral.com.ar\\\/#organization\"},\"potentialAction\":[{\"@type\":\"SearchAction\",\"target\":{\"@type\":\"EntryPoint\",\"urlTemplate\":\"https:\\\/\\\/informelitoral.com.ar\\\/?s={search_term_string}\"},\"query-input\":{\"@type\":\"PropertyValueSpecification\",\"valueRequired\":true,\"valueName\":\"search_term_string\"}}],\"inLanguage\":\"es\"},{\"@type\":\"Organization\",\"@id\":\"https:\\\/\\\/informelitoral.com.ar\\\/#organization\",\"name\":\"Informe Litoral\",\"url\":\"https:\\\/\\\/informelitoral.com.ar\\\/\",\"logo\":{\"@type\":\"ImageObject\",\"inLanguage\":\"es\",\"@id\":\"https:\\\/\\\/informelitoral.com.ar\\\/#\\\/schema\\\/logo\\\/image\\\/\",\"url\":\"https:\\\/\\\/informelitoral.com.ar\\\/%77%70%2d%63%6f%6e%74%65%6e%74\\\/uploads\\\/2021\\\/01\\\/circulo.png\",\"contentUrl\":\"https:\\\/\\\/informelitoral.com.ar\\\/%77%70%2d%63%6f%6e%74%65%6e%74\\\/uploads\\\/2021\\\/01\\\/circulo.png\",\"width\":723,\"height\":731,\"caption\":\"Informe Litoral\"},\"image\":{\"@id\":\"https:\\\/\\\/informelitoral.com.ar\\\/#\\\/schema\\\/logo\\\/image\\\/\"},\"sameAs\":[\"https:\\\/\\\/www.facebook.com\\\/informelitoral\\\/\",\"https:\\\/\\\/x.com\\\/InformeLitoral\",\"https:\\\/\\\/www.instagram.com\\\/informelitoral\\\/\",\"https:\\\/\\\/www.youtube.com\\\/channel\\\/UCua4Qvz8Icb6MYqhoq9xLXw\"]},{\"@type\":\"Person\",\"@id\":\"https:\\\/\\\/informelitoral.com.ar\\\/#\\\/schema\\\/person\\\/f05f9f461677119578717524b127d6d5\",\"name\":\"Sebastian\",\"image\":{\"@type\":\"ImageObject\",\"inLanguage\":\"es\",\"@id\":\"https:\\\/\\\/secure.gravatar.com\\\/avatar\\\/b71bf7481d447dfb9583c7f2798e7cc64de6efb9067b74633ed8c31059a3bd82?s=96&d=mm&r=g\",\"url\":\"https:\\\/\\\/secure.gravatar.com\\\/avatar\\\/b71bf7481d447dfb9583c7f2798e7cc64de6efb9067b74633ed8c31059a3bd82?s=96&d=mm&r=g\",\"contentUrl\":\"https:\\\/\\\/secure.gravatar.com\\\/avatar\\\/b71bf7481d447dfb9583c7f2798e7cc64de6efb9067b74633ed8c31059a3bd82?s=96&d=mm&r=g\",\"caption\":\"Sebastian\"},\"url\":\"https:\\\/\\\/informelitoral.com.ar\\\/author\\\/sebastian\\\/\"}]}<\/script>","yoast_head_json":{"title":"Bordet acord\u00f3 con la UIER potenciar la producci\u00f3n y empleo privado en la provincia - Informe Litoral","robots":{"index":"index","follow":"follow","max-snippet":"max-snippet:-1","max-image-preview":"max-image-preview:large","max-video-preview":"max-video-preview:-1"},"canonical":"https:\/\/informelitoral.com.ar\/bordet-acordo-con-la-uier-potenciar-la-produccion-y-empleo-privado-en-la-provincia\/","og_locale":"es_ES","og_type":"article","og_title":"Bordet acord\u00f3 con la UIER potenciar la producci\u00f3n y empleo privado en la provincia - Informe Litoral","og_description":"El gobernador Gustavo Bordet, junto a la vicegobernadora Laura Stratta, recibi\u00f3 este martes en la Casa de Gobierno a la nueva Comisi\u00f3n Directiva de la Uni\u00f3n Industrial de Entre R\u00edos (UIER).","og_url":"https:\/\/informelitoral.com.ar\/bordet-acordo-con-la-uier-potenciar-la-produccion-y-empleo-privado-en-la-provincia\/","og_site_name":"Informe Litoral","article_publisher":"https:\/\/www.facebook.com\/informelitoral\/","article_published_time":"2022-06-15T12:41:43+00:00","og_image":[{"width":1920,"height":800,"url":"https:\/\/informelitoral.com.ar\/%77%70%2d%63%6f%6e%74%65%6e%74\/uploads\/2022\/06\/p_1655231099.jpg","type":"image\/jpeg"}],"author":"Sebastian","twitter_card":"summary_large_image","twitter_creator":"@InformeLitoral","twitter_site":"@InformeLitoral","twitter_misc":{"Escrito por":"Sebastian","Tiempo de lectura":"3 minutos"},"schema":{"@context":"https:\/\/schema.org","@graph":[{"@type":"Article","@id":"https:\/\/informelitoral.com.ar\/bordet-acordo-con-la-uier-potenciar-la-produccion-y-empleo-privado-en-la-provincia\/#article","isPartOf":{"@id":"https:\/\/informelitoral.com.ar\/bordet-acordo-con-la-uier-potenciar-la-produccion-y-empleo-privado-en-la-provincia\/"},"author":{"name":"Sebastian","@id":"https:\/\/informelitoral.com.ar\/#\/schema\/person\/f05f9f461677119578717524b127d6d5"},"headline":"Bordet acord\u00f3 con la UIER potenciar la producci\u00f3n y empleo privado en la provincia","datePublished":"2022-06-15T12:41:43+00:00","mainEntityOfPage":{"@id":"https:\/\/informelitoral.com.ar\/bordet-acordo-con-la-uier-potenciar-la-produccion-y-empleo-privado-en-la-provincia\/"},"wordCount":606,"commentCount":0,"publisher":{"@id":"https:\/\/informelitoral.com.ar\/#organization"},"image":{"@id":"https:\/\/informelitoral.com.ar\/bordet-acordo-con-la-uier-potenciar-la-produccion-y-empleo-privado-en-la-provincia\/#primaryimage"},"thumbnailUrl":"https:\/\/informelitoral.com.ar\/%77%70%2d%63%6f%6e%74%65%6e%74\/uploads\/2022\/06\/p_1655231099.jpg","keywords":["Gustavo Bordet","Producci\u00f3n"],"articleSection":["Entre R\u00edos"],"inLanguage":"es","potentialAction":[{"@type":"CommentAction","name":"Comment","target":["https:\/\/informelitoral.com.ar\/bordet-acordo-con-la-uier-potenciar-la-produccion-y-empleo-privado-en-la-provincia\/#respond"]}]},{"@type":"WebPage","@id":"https:\/\/informelitoral.com.ar\/bordet-acordo-con-la-uier-potenciar-la-produccion-y-empleo-privado-en-la-provincia\/","url":"https:\/\/informelitoral.com.ar\/bordet-acordo-con-la-uier-potenciar-la-produccion-y-empleo-privado-en-la-provincia\/","name":"Bordet acord\u00f3 con la UIER potenciar la producci\u00f3n y empleo privado en la provincia - Informe Litoral","isPartOf":{"@id":"https:\/\/informelitoral.com.ar\/#website"},"primaryImageOfPage":{"@id":"https:\/\/informelitoral.com.ar\/bordet-acordo-con-la-uier-potenciar-la-produccion-y-empleo-privado-en-la-provincia\/#primaryimage"},"image":{"@id":"https:\/\/informelitoral.com.ar\/bordet-acordo-con-la-uier-potenciar-la-produccion-y-empleo-privado-en-la-provincia\/#primaryimage"},"thumbnailUrl":"https:\/\/informelitoral.com.ar\/%77%70%2d%63%6f%6e%74%65%6e%74\/uploads\/2022\/06\/p_1655231099.jpg","datePublished":"2022-06-15T12:41:43+00:00","breadcrumb":{"@id":"https:\/\/informelitoral.com.ar\/bordet-acordo-con-la-uier-potenciar-la-produccion-y-empleo-privado-en-la-provincia\/#breadcrumb"},"inLanguage":"es","potentialAction":[{"@type":"ReadAction","target":["https:\/\/informelitoral.com.ar\/bordet-acordo-con-la-uier-potenciar-la-produccion-y-empleo-privado-en-la-provincia\/"]}]},{"@type":"ImageObject","inLanguage":"es","@id":"https:\/\/informelitoral.com.ar\/bordet-acordo-con-la-uier-potenciar-la-produccion-y-empleo-privado-en-la-provincia\/#primaryimage","url":"https:\/\/informelitoral.com.ar\/%77%70%2d%63%6f%6e%74%65%6e%74\/uploads\/2022\/06\/p_1655231099.jpg","contentUrl":"https:\/\/informelitoral.com.ar\/%77%70%2d%63%6f%6e%74%65%6e%74\/uploads\/2022\/06\/p_1655231099.jpg","width":1920,"height":800},{"@type":"BreadcrumbList","@id":"https:\/\/informelitoral.com.ar\/bordet-acordo-con-la-uier-potenciar-la-produccion-y-empleo-privado-en-la-provincia\/#breadcrumb","itemListElement":[{"@type":"ListItem","position":1,"name":"Portada","item":"https:\/\/informelitoral.com.ar\/"},{"@type":"ListItem","position":2,"name":"Bordet acord\u00f3 con la UIER potenciar la producci\u00f3n y empleo privado en la provincia"}]},{"@type":"WebSite","@id":"https:\/\/informelitoral.com.ar\/#website","url":"https:\/\/informelitoral.com.ar\/","name":"Informe Litoral","description":"&quot;Nos informamos&quot; ","publisher":{"@id":"https:\/\/informelitoral.com.ar\/#organization"},"potentialAction":[{"@type":"SearchAction","target":{"@type":"EntryPoint","urlTemplate":"https:\/\/informelitoral.com.ar\/?s={search_term_string}"},"query-input":{"@type":"PropertyValueSpecification","valueRequired":true,"valueName":"search_term_string"}}],"inLanguage":"es"},{"@type":"Organization","@id":"https:\/\/informelitoral.com.ar\/#organization","name":"Informe Litoral","url":"https:\/\/informelitoral.com.ar\/","logo":{"@type":"ImageObject","inLanguage":"es","@id":"https:\/\/informelitoral.com.ar\/#\/schema\/logo\/image\/","url":"https:\/\/informelitoral.com.ar\/%77%70%2d%63%6f%6e%74%65%6e%74\/uploads\/2021\/01\/circulo.png","contentUrl":"https:\/\/informelitoral.com.ar\/%77%70%2d%63%6f%6e%74%65%6e%74\/uploads\/2021\/01\/circulo.png","width":723,"height":731,"caption":"Informe Litoral"},"image":{"@id":"https:\/\/informelitoral.com.ar\/#\/schema\/logo\/image\/"},"sameAs":["https:\/\/www.facebook.com\/informelitoral\/","https:\/\/x.com\/InformeLitoral","https:\/\/www.instagram.com\/informelitoral\/","https:\/\/www.youtube.com\/channel\/UCua4Qvz8Icb6MYqhoq9xLXw"]},{"@type":"Person","@id":"https:\/\/informelitoral.com.ar\/#\/schema\/person\/f05f9f461677119578717524b127d6d5","name":"Sebastian","image":{"@type":"ImageObject","inLanguage":"es","@id":"https:\/\/secure.gravatar.com\/avatar\/b71bf7481d447dfb9583c7f2798e7cc64de6efb9067b74633ed8c31059a3bd82?s=96&d=mm&r=g","url":"https:\/\/secure.gravatar.com\/avatar\/b71bf7481d447dfb9583c7f2798e7cc64de6efb9067b74633ed8c31059a3bd82?s=96&d=mm&r=g","contentUrl":"https:\/\/secure.gravatar.com\/avatar\/b71bf7481d447dfb9583c7f2798e7cc64de6efb9067b74633ed8c31059a3bd82?s=96&d=mm&r=g","caption":"Sebastian"},"url":"https:\/\/informelitoral.com.ar\/author\/sebastian\/"}]}},"_links":{"self":[{"href":"https:\/\/informelitoral.com.ar\/%77%70%2d%6a%73%6f%6e\/wp\/v2\/posts\/79669","targetHints":{"allow":["GET"]}}],"collection":[{"href":"https:\/\/informelitoral.com.ar\/%77%70%2d%6a%73%6f%6e\/wp\/v2\/posts"}],"about":[{"href":"https:\/\/informelitoral.com.ar\/%77%70%2d%6a%73%6f%6e\/wp\/v2\/types\/post"}],"author":[{"embeddable":true,"href":"https:\/\/informelitoral.com.ar\/%77%70%2d%6a%73%6f%6e\/wp\/v2\/users\/8"}],"replies":[{"embeddable":true,"href":"https:\/\/informelitoral.com.ar\/%77%70%2d%6a%73%6f%6e\/wp\/v2\/comments?post=79669"}],"version-history":[{"count":0,"href":"https:\/\/informelitoral.com.ar\/%77%70%2d%6a%73%6f%6e\/wp\/v2\/posts\/79669\/revisions"}],"wp:featuredmedia":[{"embeddable":true,"href":"https:\/\/informelitoral.com.ar\/%77%70%2d%6a%73%6f%6e\/wp\/v2\/media\/79670"}],"wp:attachment":[{"href":"https:\/\/informelitoral.com.ar\/%77%70%2d%6a%73%6f%6e\/wp\/v2\/media?parent=79669"}],"wp:term":[{"taxonomy":"category","embeddable":true,"href":"https:\/\/informelitoral.com.ar\/%77%70%2d%6a%73%6f%6e\/wp\/v2\/categories?post=79669"},{"taxonomy":"post_tag","embeddable":true,"href":"https:\/\/informelitoral.com.ar\/%77%70%2d%6a%73%6f%6e\/wp\/v2\/tags?post=79669"}],"curies":[{"name":"wp","href":"https:\/\/api.w.org\/{rel}","templated":true}]}}