{"id":79665,"date":"2022-06-15T09:25:37","date_gmt":"2022-06-15T12:25:37","guid":{"rendered":"https:\/\/www.informelitoral.com.ar\/?p=79665"},"modified":"2022-06-15T09:25:37","modified_gmt":"2022-06-15T12:25:37","slug":"la-asociacion-de-porcinos-pondra-en-marcha-una-mesa-de-trabajo-con-el-ministerio-de-agricultura","status":"publish","type":"post","link":"https:\/\/informelitoral.com.ar\/la-asociacion-de-porcinos-pondra-en-marcha-una-mesa-de-trabajo-con-el-ministerio-de-agricultura\/","title":{"rendered":"La Asociaci\u00f3n de Porcinos pondr\u00e1 en marcha una mesa de trabajo con el ministerio de Agricultura"},"content":{"rendered":"<p>Esta semana, desde el 13 al 19 de junio, se est\u00e1 llevando adelante la\u00a0<strong>\u201cSemana de la Carne Porcina\u201d<\/strong>. Por ende, la cadena est\u00e1 muy activa analizando desaf\u00edos futuros y planes de acci\u00f3n para lo que resta de 2022.<\/p>\n<p>Como parte de estas tareas, este martes, las autoridades de la Asociaci\u00f3n Argentina de Productores Porcinos (AAPP) se reuni\u00f3 con el ministro de Agricultura, Ganader\u00eda y Pesca de la Naci\u00f3n, Juli\u00e1n Dom\u00ednguez.<\/p>\n<p>El ministro, en esta cita, tambi\u00e9n estuvo acompa\u00f1ado por el Secretario de Agricultura, Ganader\u00eda y Pesca, Mat\u00edas Lestani; el titular de la Unidad Gabinete de Asesores, Jorge Ruiz; y el subsecretario de Ganader\u00eda y Producci\u00f3n Animal, Jos\u00e9 Mar\u00eda Romero.<\/p>\n<p>De acuerdo a la informaci\u00f3n oficial, el titular de la Asociaci\u00f3n, Adolfo Franke, especific\u00f3 que se encontraron como la antesala de otra cita pr\u00f3xima y muy importante para la cadena: \u201cNos volveremos a reunir en los pr\u00f3ximos d\u00edas para avanzar desde una mesa de trabajo en las soluciones que precisa nuestro sector\u201d, dijo.<\/p>\n<p>M\u00e1s all\u00e1 de las soluciones, respecto a lo que se viene, quien agreg\u00f3 informaci\u00f3n extra fue el presidente de la Uni\u00f3n de la Industria C\u00e1rnica Argentina (UNICA), Gustavo Valsangi\u00e1como. \u00c9l particip\u00f3 de la cita con el ministro y remarc\u00f3 que \u201ctoda la cadena de valor aspira a producir m\u00e1s cerdos en la Argentina\u201d.<\/p>\n<p>Finalmente, Dom\u00ednguez tambi\u00e9n abon\u00f3 a los planes futuros. \u201cEstamos trabajando en el desarrollo de un plan estrat\u00e9gico para toda la cadena de producci\u00f3n, de construir los cimientos del sector en un proyecto de ley que se debata en el Congreso y genere una visi\u00f3n estrat\u00e9gica\u201d, complet\u00f3.<\/p>\n<p>Adem\u00e1s de Franke y Valsangi\u00e1como, participaron Elizabeth Da Silva, C\u00e1mara de Peque\u00f1os y Medianos Productores de Porcinos de Argentina (CAPeMPPor); Gustavo Lazzari, C\u00e1mara Argentina de la Industria de Chacinados y Afines (CAICHA); Jos\u00e9 Dodds, Federaci\u00f3n Porcina Argentina, y Ornella Giacosa, Federaci\u00f3n de Industrias Frigor\u00edficas Regionales Argentinas (FIFRA).<\/p>\n","protected":false},"excerpt":{"rendered":"<p>Autoridades de la Asociaci\u00f3n de Productores Porcinos se reunieron con Juli\u00e1n Dom\u00ednguez. Buscan m\u00e1s soluciones para el sector e incentivar la producci\u00f3n.<\/p>\n","protected":false},"author":8,"featured_media":79666,"comment_status":"open","ping_status":"open","sticky":false,"template":"","format":"standard","meta":{"fifu_image_url":"","fifu_image_alt":"","footnotes":""},"categories":[10],"tags":[3726,2456],"class_list":{"0":"post-79665","1":"post","2":"type-post","3":"status-publish","4":"format-standard","5":"has-post-thumbnail","7":"category-campo","8":"tag-asociacion-de-porcinos","9":"tag-julian-dominguez"},"yoast_head":"<title>La Asociaci\u00f3n de Porcinos pondr\u00e1 en marcha una mesa de trabajo con el ministerio de Agricultura - Informe Litoral<\/title>\n<meta name=\"robots\" content=\"index, follow, max-snippet:-1, max-image-preview:large, max-video-preview:-1\" \/>\n<link rel=\"canonical\" href=\"https:\/\/informelitoral.com.ar\/la-asociacion-de-porcinos-pondra-en-marcha-una-mesa-de-trabajo-con-el-ministerio-de-agricultura\/\" \/>\n<meta property=\"og:locale\" content=\"es_ES\" \/>\n<meta property=\"og:type\" content=\"article\" \/>\n<meta property=\"og:title\" content=\"La Asociaci\u00f3n de Porcinos pondr\u00e1 en marcha una mesa de trabajo con el ministerio de Agricultura - Informe Litoral\" \/>\n<meta property=\"og:description\" content=\"Autoridades de la Asociaci\u00f3n de Productores Porcinos se reunieron con Juli\u00e1n Dom\u00ednguez. Buscan m\u00e1s soluciones para el sector e incentivar la producci\u00f3n.\" \/>\n<meta property=\"og:url\" content=\"https:\/\/informelitoral.com.ar\/la-asociacion-de-porcinos-pondra-en-marcha-una-mesa-de-trabajo-con-el-ministerio-de-agricultura\/\" \/>\n<meta property=\"og:site_name\" content=\"Informe Litoral\" \/>\n<meta property=\"article:publisher\" content=\"https:\/\/www.facebook.com\/informelitoral\/\" \/>\n<meta property=\"article:published_time\" content=\"2022-06-15T12:25:37+00:00\" \/>\n<meta property=\"og:image\" content=\"https:\/\/informelitoral.com.ar\/%77%70%2d%63%6f%6e%74%65%6e%74\/uploads\/2022\/06\/YGZLKKR3LBCCPKRUHVDMYBZY2I.jpg\" \/>\n\t<meta property=\"og:image:width\" content=\"1440\" \/>\n\t<meta property=\"og:image:height\" content=\"806\" \/>\n\t<meta property=\"og:image:type\" content=\"image\/jpeg\" \/>\n<meta name=\"author\" content=\"Sebastian\" \/>\n<meta name=\"twitter:card\" content=\"summary_large_image\" \/>\n<meta name=\"twitter:creator\" content=\"@InformeLitoral\" \/>\n<meta name=\"twitter:site\" content=\"@InformeLitoral\" \/>\n<meta name=\"twitter:label1\" content=\"Escrito por\" \/>\n\t<meta name=\"twitter:data1\" content=\"Sebastian\" \/>\n\t<meta name=\"twitter:label2\" content=\"Tiempo de lectura\" \/>\n\t<meta name=\"twitter:data2\" content=\"2 minutos\" \/>\n<script type=\"application\/ld+json\" class=\"yoast-schema-graph\">{\"@context\":\"https:\\\/\\\/schema.org\",\"@graph\":[{\"@type\":\"Article\",\"@id\":\"https:\\\/\\\/informelitoral.com.ar\\\/la-asociacion-de-porcinos-pondra-en-marcha-una-mesa-de-trabajo-con-el-ministerio-de-agricultura\\\/#article\",\"isPartOf\":{\"@id\":\"https:\\\/\\\/informelitoral.com.ar\\\/la-asociacion-de-porcinos-pondra-en-marcha-una-mesa-de-trabajo-con-el-ministerio-de-agricultura\\\/\"},\"author\":{\"name\":\"Sebastian\",\"@id\":\"https:\\\/\\\/informelitoral.com.ar\\\/#\\\/schema\\\/person\\\/f05f9f461677119578717524b127d6d5\"},\"headline\":\"La Asociaci\u00f3n de Porcinos pondr\u00e1 en marcha una mesa de trabajo con el ministerio de Agricultura\",\"datePublished\":\"2022-06-15T12:25:37+00:00\",\"mainEntityOfPage\":{\"@id\":\"https:\\\/\\\/informelitoral.com.ar\\\/la-asociacion-de-porcinos-pondra-en-marcha-una-mesa-de-trabajo-con-el-ministerio-de-agricultura\\\/\"},\"wordCount\":362,\"commentCount\":0,\"publisher\":{\"@id\":\"https:\\\/\\\/informelitoral.com.ar\\\/#organization\"},\"image\":{\"@id\":\"https:\\\/\\\/informelitoral.com.ar\\\/la-asociacion-de-porcinos-pondra-en-marcha-una-mesa-de-trabajo-con-el-ministerio-de-agricultura\\\/#primaryimage\"},\"thumbnailUrl\":\"https:\\\/\\\/informelitoral.com.ar\\\/%77%70%2d%63%6f%6e%74%65%6e%74\\\/uploads\\\/2022\\\/06\\\/YGZLKKR3LBCCPKRUHVDMYBZY2I.jpg\",\"keywords\":[\"Asociaci\u00f3n de porcinos\",\"Juli\u00e1n Dom\u00ednguez\"],\"articleSection\":[\"Campo\"],\"inLanguage\":\"es\",\"potentialAction\":[{\"@type\":\"CommentAction\",\"name\":\"Comment\",\"target\":[\"https:\\\/\\\/informelitoral.com.ar\\\/la-asociacion-de-porcinos-pondra-en-marcha-una-mesa-de-trabajo-con-el-ministerio-de-agricultura\\\/#respond\"]}]},{\"@type\":\"WebPage\",\"@id\":\"https:\\\/\\\/informelitoral.com.ar\\\/la-asociacion-de-porcinos-pondra-en-marcha-una-mesa-de-trabajo-con-el-ministerio-de-agricultura\\\/\",\"url\":\"https:\\\/\\\/informelitoral.com.ar\\\/la-asociacion-de-porcinos-pondra-en-marcha-una-mesa-de-trabajo-con-el-ministerio-de-agricultura\\\/\",\"name\":\"La Asociaci\u00f3n de Porcinos pondr\u00e1 en marcha una mesa de trabajo con el ministerio de Agricultura - Informe Litoral\",\"isPartOf\":{\"@id\":\"https:\\\/\\\/informelitoral.com.ar\\\/#website\"},\"primaryImageOfPage\":{\"@id\":\"https:\\\/\\\/informelitoral.com.ar\\\/la-asociacion-de-porcinos-pondra-en-marcha-una-mesa-de-trabajo-con-el-ministerio-de-agricultura\\\/#primaryimage\"},\"image\":{\"@id\":\"https:\\\/\\\/informelitoral.com.ar\\\/la-asociacion-de-porcinos-pondra-en-marcha-una-mesa-de-trabajo-con-el-ministerio-de-agricultura\\\/#primaryimage\"},\"thumbnailUrl\":\"https:\\\/\\\/informelitoral.com.ar\\\/%77%70%2d%63%6f%6e%74%65%6e%74\\\/uploads\\\/2022\\\/06\\\/YGZLKKR3LBCCPKRUHVDMYBZY2I.jpg\",\"datePublished\":\"2022-06-15T12:25:37+00:00\",\"breadcrumb\":{\"@id\":\"https:\\\/\\\/informelitoral.com.ar\\\/la-asociacion-de-porcinos-pondra-en-marcha-una-mesa-de-trabajo-con-el-ministerio-de-agricultura\\\/#breadcrumb\"},\"inLanguage\":\"es\",\"potentialAction\":[{\"@type\":\"ReadAction\",\"target\":[\"https:\\\/\\\/informelitoral.com.ar\\\/la-asociacion-de-porcinos-pondra-en-marcha-una-mesa-de-trabajo-con-el-ministerio-de-agricultura\\\/\"]}]},{\"@type\":\"ImageObject\",\"inLanguage\":\"es\",\"@id\":\"https:\\\/\\\/informelitoral.com.ar\\\/la-asociacion-de-porcinos-pondra-en-marcha-una-mesa-de-trabajo-con-el-ministerio-de-agricultura\\\/#primaryimage\",\"url\":\"https:\\\/\\\/informelitoral.com.ar\\\/%77%70%2d%63%6f%6e%74%65%6e%74\\\/uploads\\\/2022\\\/06\\\/YGZLKKR3LBCCPKRUHVDMYBZY2I.jpg\",\"contentUrl\":\"https:\\\/\\\/informelitoral.com.ar\\\/%77%70%2d%63%6f%6e%74%65%6e%74\\\/uploads\\\/2022\\\/06\\\/YGZLKKR3LBCCPKRUHVDMYBZY2I.jpg\",\"width\":1440,\"height\":806},{\"@type\":\"BreadcrumbList\",\"@id\":\"https:\\\/\\\/informelitoral.com.ar\\\/la-asociacion-de-porcinos-pondra-en-marcha-una-mesa-de-trabajo-con-el-ministerio-de-agricultura\\\/#breadcrumb\",\"itemListElement\":[{\"@type\":\"ListItem\",\"position\":1,\"name\":\"Portada\",\"item\":\"https:\\\/\\\/informelitoral.com.ar\\\/\"},{\"@type\":\"ListItem\",\"position\":2,\"name\":\"La Asociaci\u00f3n de Porcinos pondr\u00e1 en marcha una mesa de trabajo con el ministerio de Agricultura\"}]},{\"@type\":\"WebSite\",\"@id\":\"https:\\\/\\\/informelitoral.com.ar\\\/#website\",\"url\":\"https:\\\/\\\/informelitoral.com.ar\\\/\",\"name\":\"Informe Litoral\",\"description\":\"&quot;Nos informamos&quot; \",\"publisher\":{\"@id\":\"https:\\\/\\\/informelitoral.com.ar\\\/#organization\"},\"potentialAction\":[{\"@type\":\"SearchAction\",\"target\":{\"@type\":\"EntryPoint\",\"urlTemplate\":\"https:\\\/\\\/informelitoral.com.ar\\\/?s={search_term_string}\"},\"query-input\":{\"@type\":\"PropertyValueSpecification\",\"valueRequired\":true,\"valueName\":\"search_term_string\"}}],\"inLanguage\":\"es\"},{\"@type\":\"Organization\",\"@id\":\"https:\\\/\\\/informelitoral.com.ar\\\/#organization\",\"name\":\"Informe Litoral\",\"url\":\"https:\\\/\\\/informelitoral.com.ar\\\/\",\"logo\":{\"@type\":\"ImageObject\",\"inLanguage\":\"es\",\"@id\":\"https:\\\/\\\/informelitoral.com.ar\\\/#\\\/schema\\\/logo\\\/image\\\/\",\"url\":\"https:\\\/\\\/informelitoral.com.ar\\\/%77%70%2d%63%6f%6e%74%65%6e%74\\\/uploads\\\/2021\\\/01\\\/circulo.png\",\"contentUrl\":\"https:\\\/\\\/informelitoral.com.ar\\\/%77%70%2d%63%6f%6e%74%65%6e%74\\\/uploads\\\/2021\\\/01\\\/circulo.png\",\"width\":723,\"height\":731,\"caption\":\"Informe Litoral\"},\"image\":{\"@id\":\"https:\\\/\\\/informelitoral.com.ar\\\/#\\\/schema\\\/logo\\\/image\\\/\"},\"sameAs\":[\"https:\\\/\\\/www.facebook.com\\\/informelitoral\\\/\",\"https:\\\/\\\/x.com\\\/InformeLitoral\",\"https:\\\/\\\/www.instagram.com\\\/informelitoral\\\/\",\"https:\\\/\\\/www.youtube.com\\\/channel\\\/UCua4Qvz8Icb6MYqhoq9xLXw\"]},{\"@type\":\"Person\",\"@id\":\"https:\\\/\\\/informelitoral.com.ar\\\/#\\\/schema\\\/person\\\/f05f9f461677119578717524b127d6d5\",\"name\":\"Sebastian\",\"image\":{\"@type\":\"ImageObject\",\"inLanguage\":\"es\",\"@id\":\"https:\\\/\\\/secure.gravatar.com\\\/avatar\\\/b71bf7481d447dfb9583c7f2798e7cc64de6efb9067b74633ed8c31059a3bd82?s=96&d=mm&r=g\",\"url\":\"https:\\\/\\\/secure.gravatar.com\\\/avatar\\\/b71bf7481d447dfb9583c7f2798e7cc64de6efb9067b74633ed8c31059a3bd82?s=96&d=mm&r=g\",\"contentUrl\":\"https:\\\/\\\/secure.gravatar.com\\\/avatar\\\/b71bf7481d447dfb9583c7f2798e7cc64de6efb9067b74633ed8c31059a3bd82?s=96&d=mm&r=g\",\"caption\":\"Sebastian\"},\"url\":\"https:\\\/\\\/informelitoral.com.ar\\\/author\\\/sebastian\\\/\"}]}<\/script>","yoast_head_json":{"title":"La Asociaci\u00f3n de Porcinos pondr\u00e1 en marcha una mesa de trabajo con el ministerio de Agricultura - Informe Litoral","robots":{"index":"index","follow":"follow","max-snippet":"max-snippet:-1","max-image-preview":"max-image-preview:large","max-video-preview":"max-video-preview:-1"},"canonical":"https:\/\/informelitoral.com.ar\/la-asociacion-de-porcinos-pondra-en-marcha-una-mesa-de-trabajo-con-el-ministerio-de-agricultura\/","og_locale":"es_ES","og_type":"article","og_title":"La Asociaci\u00f3n de Porcinos pondr\u00e1 en marcha una mesa de trabajo con el ministerio de Agricultura - Informe Litoral","og_description":"Autoridades de la Asociaci\u00f3n de Productores Porcinos se reunieron con Juli\u00e1n Dom\u00ednguez. Buscan m\u00e1s soluciones para el sector e incentivar la producci\u00f3n.","og_url":"https:\/\/informelitoral.com.ar\/la-asociacion-de-porcinos-pondra-en-marcha-una-mesa-de-trabajo-con-el-ministerio-de-agricultura\/","og_site_name":"Informe Litoral","article_publisher":"https:\/\/www.facebook.com\/informelitoral\/","article_published_time":"2022-06-15T12:25:37+00:00","og_image":[{"width":1440,"height":806,"url":"https:\/\/informelitoral.com.ar\/%77%70%2d%63%6f%6e%74%65%6e%74\/uploads\/2022\/06\/YGZLKKR3LBCCPKRUHVDMYBZY2I.jpg","type":"image\/jpeg"}],"author":"Sebastian","twitter_card":"summary_large_image","twitter_creator":"@InformeLitoral","twitter_site":"@InformeLitoral","twitter_misc":{"Escrito por":"Sebastian","Tiempo de lectura":"2 minutos"},"schema":{"@context":"https:\/\/schema.org","@graph":[{"@type":"Article","@id":"https:\/\/informelitoral.com.ar\/la-asociacion-de-porcinos-pondra-en-marcha-una-mesa-de-trabajo-con-el-ministerio-de-agricultura\/#article","isPartOf":{"@id":"https:\/\/informelitoral.com.ar\/la-asociacion-de-porcinos-pondra-en-marcha-una-mesa-de-trabajo-con-el-ministerio-de-agricultura\/"},"author":{"name":"Sebastian","@id":"https:\/\/informelitoral.com.ar\/#\/schema\/person\/f05f9f461677119578717524b127d6d5"},"headline":"La Asociaci\u00f3n de Porcinos pondr\u00e1 en marcha una mesa de trabajo con el ministerio de Agricultura","datePublished":"2022-06-15T12:25:37+00:00","mainEntityOfPage":{"@id":"https:\/\/informelitoral.com.ar\/la-asociacion-de-porcinos-pondra-en-marcha-una-mesa-de-trabajo-con-el-ministerio-de-agricultura\/"},"wordCount":362,"commentCount":0,"publisher":{"@id":"https:\/\/informelitoral.com.ar\/#organization"},"image":{"@id":"https:\/\/informelitoral.com.ar\/la-asociacion-de-porcinos-pondra-en-marcha-una-mesa-de-trabajo-con-el-ministerio-de-agricultura\/#primaryimage"},"thumbnailUrl":"https:\/\/informelitoral.com.ar\/%77%70%2d%63%6f%6e%74%65%6e%74\/uploads\/2022\/06\/YGZLKKR3LBCCPKRUHVDMYBZY2I.jpg","keywords":["Asociaci\u00f3n de porcinos","Juli\u00e1n Dom\u00ednguez"],"articleSection":["Campo"],"inLanguage":"es","potentialAction":[{"@type":"CommentAction","name":"Comment","target":["https:\/\/informelitoral.com.ar\/la-asociacion-de-porcinos-pondra-en-marcha-una-mesa-de-trabajo-con-el-ministerio-de-agricultura\/#respond"]}]},{"@type":"WebPage","@id":"https:\/\/informelitoral.com.ar\/la-asociacion-de-porcinos-pondra-en-marcha-una-mesa-de-trabajo-con-el-ministerio-de-agricultura\/","url":"https:\/\/informelitoral.com.ar\/la-asociacion-de-porcinos-pondra-en-marcha-una-mesa-de-trabajo-con-el-ministerio-de-agricultura\/","name":"La Asociaci\u00f3n de Porcinos pondr\u00e1 en marcha una mesa de trabajo con el ministerio de Agricultura - Informe Litoral","isPartOf":{"@id":"https:\/\/informelitoral.com.ar\/#website"},"primaryImageOfPage":{"@id":"https:\/\/informelitoral.com.ar\/la-asociacion-de-porcinos-pondra-en-marcha-una-mesa-de-trabajo-con-el-ministerio-de-agricultura\/#primaryimage"},"image":{"@id":"https:\/\/informelitoral.com.ar\/la-asociacion-de-porcinos-pondra-en-marcha-una-mesa-de-trabajo-con-el-ministerio-de-agricultura\/#primaryimage"},"thumbnailUrl":"https:\/\/informelitoral.com.ar\/%77%70%2d%63%6f%6e%74%65%6e%74\/uploads\/2022\/06\/YGZLKKR3LBCCPKRUHVDMYBZY2I.jpg","datePublished":"2022-06-15T12:25:37+00:00","breadcrumb":{"@id":"https:\/\/informelitoral.com.ar\/la-asociacion-de-porcinos-pondra-en-marcha-una-mesa-de-trabajo-con-el-ministerio-de-agricultura\/#breadcrumb"},"inLanguage":"es","potentialAction":[{"@type":"ReadAction","target":["https:\/\/informelitoral.com.ar\/la-asociacion-de-porcinos-pondra-en-marcha-una-mesa-de-trabajo-con-el-ministerio-de-agricultura\/"]}]},{"@type":"ImageObject","inLanguage":"es","@id":"https:\/\/informelitoral.com.ar\/la-asociacion-de-porcinos-pondra-en-marcha-una-mesa-de-trabajo-con-el-ministerio-de-agricultura\/#primaryimage","url":"https:\/\/informelitoral.com.ar\/%77%70%2d%63%6f%6e%74%65%6e%74\/uploads\/2022\/06\/YGZLKKR3LBCCPKRUHVDMYBZY2I.jpg","contentUrl":"https:\/\/informelitoral.com.ar\/%77%70%2d%63%6f%6e%74%65%6e%74\/uploads\/2022\/06\/YGZLKKR3LBCCPKRUHVDMYBZY2I.jpg","width":1440,"height":806},{"@type":"BreadcrumbList","@id":"https:\/\/informelitoral.com.ar\/la-asociacion-de-porcinos-pondra-en-marcha-una-mesa-de-trabajo-con-el-ministerio-de-agricultura\/#breadcrumb","itemListElement":[{"@type":"ListItem","position":1,"name":"Portada","item":"https:\/\/informelitoral.com.ar\/"},{"@type":"ListItem","position":2,"name":"La Asociaci\u00f3n de Porcinos pondr\u00e1 en marcha una mesa de trabajo con el ministerio de Agricultura"}]},{"@type":"WebSite","@id":"https:\/\/informelitoral.com.ar\/#website","url":"https:\/\/informelitoral.com.ar\/","name":"Informe Litoral","description":"&quot;Nos informamos&quot; ","publisher":{"@id":"https:\/\/informelitoral.com.ar\/#organization"},"potentialAction":[{"@type":"SearchAction","target":{"@type":"EntryPoint","urlTemplate":"https:\/\/informelitoral.com.ar\/?s={search_term_string}"},"query-input":{"@type":"PropertyValueSpecification","valueRequired":true,"valueName":"search_term_string"}}],"inLanguage":"es"},{"@type":"Organization","@id":"https:\/\/informelitoral.com.ar\/#organization","name":"Informe Litoral","url":"https:\/\/informelitoral.com.ar\/","logo":{"@type":"ImageObject","inLanguage":"es","@id":"https:\/\/informelitoral.com.ar\/#\/schema\/logo\/image\/","url":"https:\/\/informelitoral.com.ar\/%77%70%2d%63%6f%6e%74%65%6e%74\/uploads\/2021\/01\/circulo.png","contentUrl":"https:\/\/informelitoral.com.ar\/%77%70%2d%63%6f%6e%74%65%6e%74\/uploads\/2021\/01\/circulo.png","width":723,"height":731,"caption":"Informe Litoral"},"image":{"@id":"https:\/\/informelitoral.com.ar\/#\/schema\/logo\/image\/"},"sameAs":["https:\/\/www.facebook.com\/informelitoral\/","https:\/\/x.com\/InformeLitoral","https:\/\/www.instagram.com\/informelitoral\/","https:\/\/www.youtube.com\/channel\/UCua4Qvz8Icb6MYqhoq9xLXw"]},{"@type":"Person","@id":"https:\/\/informelitoral.com.ar\/#\/schema\/person\/f05f9f461677119578717524b127d6d5","name":"Sebastian","image":{"@type":"ImageObject","inLanguage":"es","@id":"https:\/\/secure.gravatar.com\/avatar\/b71bf7481d447dfb9583c7f2798e7cc64de6efb9067b74633ed8c31059a3bd82?s=96&d=mm&r=g","url":"https:\/\/secure.gravatar.com\/avatar\/b71bf7481d447dfb9583c7f2798e7cc64de6efb9067b74633ed8c31059a3bd82?s=96&d=mm&r=g","contentUrl":"https:\/\/secure.gravatar.com\/avatar\/b71bf7481d447dfb9583c7f2798e7cc64de6efb9067b74633ed8c31059a3bd82?s=96&d=mm&r=g","caption":"Sebastian"},"url":"https:\/\/informelitoral.com.ar\/author\/sebastian\/"}]}},"_links":{"self":[{"href":"https:\/\/informelitoral.com.ar\/%77%70%2d%6a%73%6f%6e\/wp\/v2\/posts\/79665","targetHints":{"allow":["GET"]}}],"collection":[{"href":"https:\/\/informelitoral.com.ar\/%77%70%2d%6a%73%6f%6e\/wp\/v2\/posts"}],"about":[{"href":"https:\/\/informelitoral.com.ar\/%77%70%2d%6a%73%6f%6e\/wp\/v2\/types\/post"}],"author":[{"embeddable":true,"href":"https:\/\/informelitoral.com.ar\/%77%70%2d%6a%73%6f%6e\/wp\/v2\/users\/8"}],"replies":[{"embeddable":true,"href":"https:\/\/informelitoral.com.ar\/%77%70%2d%6a%73%6f%6e\/wp\/v2\/comments?post=79665"}],"version-history":[{"count":0,"href":"https:\/\/informelitoral.com.ar\/%77%70%2d%6a%73%6f%6e\/wp\/v2\/posts\/79665\/revisions"}],"wp:featuredmedia":[{"embeddable":true,"href":"https:\/\/informelitoral.com.ar\/%77%70%2d%6a%73%6f%6e\/wp\/v2\/media\/79666"}],"wp:attachment":[{"href":"https:\/\/informelitoral.com.ar\/%77%70%2d%6a%73%6f%6e\/wp\/v2\/media?parent=79665"}],"wp:term":[{"taxonomy":"category","embeddable":true,"href":"https:\/\/informelitoral.com.ar\/%77%70%2d%6a%73%6f%6e\/wp\/v2\/categories?post=79665"},{"taxonomy":"post_tag","embeddable":true,"href":"https:\/\/informelitoral.com.ar\/%77%70%2d%6a%73%6f%6e\/wp\/v2\/tags?post=79665"}],"curies":[{"name":"wp","href":"https:\/\/api.w.org\/{rel}","templated":true}]}}