{"id":79658,"date":"2022-06-15T08:54:33","date_gmt":"2022-06-15T11:54:33","guid":{"rendered":"https:\/\/www.informelitoral.com.ar\/?p=79658"},"modified":"2022-06-15T08:54:33","modified_gmt":"2022-06-15T11:54:33","slug":"tratan-hoy-el-alivio-fiscal-para-monotributistas-y-autonomos-en-que-consiste","status":"publish","type":"post","link":"https:\/\/informelitoral.com.ar\/tratan-hoy-el-alivio-fiscal-para-monotributistas-y-autonomos-en-que-consiste\/","title":{"rendered":"Tratan hoy el alivio fiscal para monotributistas y aut\u00f3nomos: en qu\u00e9 consiste"},"content":{"rendered":"<p>La C\u00e1mara de Diputados buscar\u00e1 sancionar hoy, en una sesi\u00f3n especial impulsada por el Frente de Todos (FdT), el proyecto de ley de alivio fiscal que beneficiar\u00e1 a alrededor de 4,5 millones de monotributistas y 140.000 aut\u00f3nomos, como parte de las medidas que, seg\u00fan el oficialismo, apuntan a mejorar la situaci\u00f3n de estos sectores claves de la vida econ\u00f3mica del pa\u00eds.<\/p>\n<p>La iniciativa, impulsada por el presidente de la C\u00e1mara baja, Sergio Massa, busca por un lado\u00a0<b>actualizar la facturaci\u00f3n de los monotributistas para evitar que tengan que cambiar de categor\u00eda y pagar mayores cuotas; y por otro lado, aumentar las deducciones de ganancias que pagan los empleados que revisten en la categor\u00eda de aut\u00f3nomos<\/b>.<\/p>\n<p>El dictamen de la Comisi\u00f3n de Presupuesto y Hacienda para otorgar un alivio fiscal a los monotributistas y aut\u00f3nomos ser\u00e1 el primer punto del extenso temario que se abordar\u00e1 ma\u00f1ana en la sesi\u00f3n especial que comenzar\u00e1 las 11, donde tambi\u00e9n se tratar\u00e1n beneficios fiscales para las industrias culturales y para la adquisici\u00f3n de taxis.<\/p>\n<p>Esta iniciativa -que una vez aprobada ser\u00e1 girada al Senado- cuenta con el respaldo de los legisladores del FdT, del Interbloque Federal y Provincias Unidas, con lo ya se asegur\u00f3 129 votos positivos.<\/p>\n<p>Es probable que en la votaci\u00f3n tambi\u00e9n se sumen sufragios de Juntos por el Cambio (JxC), si bien en este bloque existe una disidencia sobre la deducci\u00f3n de los aut\u00f3nomos.<\/p>\n<p>El proyecto impulsado por el oficialismo\u00a0<b>adelanta al 1 de julio pr\u00f3ximo el ajuste para los montos m\u00e1ximos de facturaci\u00f3n, con la aplicaci\u00f3n del \u00edndice del 29,12%<\/b>.<\/p>\n<p>De esta manera, seg\u00fan se precis\u00f3,\u00a0<b>no incluir\u00e1 aumento en las cuotas mensuales a pagar, sino que s\u00f3lo se busca una actualizaci\u00f3n de los topes m\u00e1ximos de facturaci\u00f3n<\/b>\u00a0para que los monotributistas no tengan que saltar hacia una escala mayor, o quedar afuera del R\u00e9gimen Simplificado.<\/p>\n<p>Argumentan que los cambios impactar\u00e1n positivamente en la situaci\u00f3n econ\u00f3mica de 4.498.419 monotributistas de todo el pa\u00eds, lo que representa el 39% de AMBA y el 61% de las provincias.<\/p>\n<p>De acuerdo al dictamen,\u00a0<b>la facturaci\u00f3n que podr\u00e1 alcanzar cada categor\u00eda del monotributo ser\u00e1 la siguiente<\/b>: Categor\u00eda A $ 601.959,49; Categor\u00eda B $ 894.804,65; Categor\u00eda C $ 1.252.726,50; Categor\u00eda D $ 1.724.532,59; Categor\u00eda E $ 2.277.684,56; Categor\u00eda F $ 2.847.105,70; Categor\u00eda G $ 3.416.526,83; Categor\u00eda H $ 4.229.985,60; Categor\u00eda I $ 4.734.330,03; Categor\u00eda J $ 5.425.770,00; y Categor\u00eda K $ 6.019.594,89.<\/p>\n<p>Respecto a\u00a0<b>los aut\u00f3nomos que est\u00e1n alcanzados por el impuesto a las Ganancias<\/b>, el proyecto propone \u00abincrementar las deducciones a fin de que el m\u00ednimo no imponible quede m\u00e1s equitativo o cercano al que aplican los empleados en relaci\u00f3n de dependencia\u00bb.<\/p>\n<p>De esta manera,\u00a0<b>la deducci\u00f3n especial para los aut\u00f3nomos representar\u00eda dos veces la ganancia no imponible, pasando de $505.129,66 a $757.694,52<\/b>.<\/p>\n<p>As\u00ed, la \u00abbrecha\u00bb de la deducci\u00f3n especial entre el empleado y el aut\u00f3nomo se achicar\u00eda de $707.181,58 a $454.616,72, mientras que para los nuevos profesionales se eleva de 1,5 a 2,5 veces la ganancia no imponible.<\/p>\n","protected":false},"excerpt":{"rendered":"<p>Busca actualizar la facturaci\u00f3n de los monotributistas para evitar que tengan que cambiar de categor\u00eda y pagar mayores cuotas. Adem\u00e1s aumenta las deducciones de ganancias que pagan los aut\u00f3nomos.<\/p>\n","protected":false},"author":8,"featured_media":49380,"comment_status":"open","ping_status":"open","sticky":false,"template":"","format":"standard","meta":{"fifu_image_url":"","fifu_image_alt":"","footnotes":""},"categories":[1594],"tags":[158,3671],"class_list":{"0":"post-79658","1":"post","2":"type-post","3":"status-publish","4":"format-standard","5":"has-post-thumbnail","7":"category-economia","8":"tag-afip","9":"tag-alivio-fiscal"},"yoast_head":"<title>Tratan hoy el alivio fiscal para monotributistas y aut\u00f3nomos: en qu\u00e9 consiste - Informe Litoral<\/title>\n<meta name=\"robots\" content=\"index, follow, max-snippet:-1, max-image-preview:large, max-video-preview:-1\" \/>\n<link rel=\"canonical\" href=\"https:\/\/informelitoral.com.ar\/tratan-hoy-el-alivio-fiscal-para-monotributistas-y-autonomos-en-que-consiste\/\" \/>\n<meta property=\"og:locale\" content=\"es_ES\" \/>\n<meta property=\"og:type\" content=\"article\" \/>\n<meta property=\"og:title\" content=\"Tratan hoy el alivio fiscal para monotributistas y aut\u00f3nomos: en qu\u00e9 consiste - Informe Litoral\" \/>\n<meta property=\"og:description\" content=\"Busca actualizar la facturaci\u00f3n de los monotributistas para evitar que tengan que cambiar de categor\u00eda y pagar mayores cuotas. Adem\u00e1s aumenta las deducciones de ganancias que pagan los aut\u00f3nomos.\" \/>\n<meta property=\"og:url\" content=\"https:\/\/informelitoral.com.ar\/tratan-hoy-el-alivio-fiscal-para-monotributistas-y-autonomos-en-que-consiste\/\" \/>\n<meta property=\"og:site_name\" content=\"Informe Litoral\" \/>\n<meta property=\"article:publisher\" content=\"https:\/\/www.facebook.com\/informelitoral\/\" \/>\n<meta property=\"article:published_time\" content=\"2022-06-15T11:54:33+00:00\" \/>\n<meta property=\"og:image\" content=\"https:\/\/informelitoral.com.ar\/%77%70%2d%63%6f%6e%74%65%6e%74\/uploads\/2020\/09\/Afip.jpg\" \/>\n\t<meta property=\"og:image:width\" content=\"1330\" \/>\n\t<meta property=\"og:image:height\" content=\"880\" \/>\n\t<meta property=\"og:image:type\" content=\"image\/jpeg\" \/>\n<meta name=\"author\" content=\"Sebastian\" \/>\n<meta name=\"twitter:card\" content=\"summary_large_image\" \/>\n<meta name=\"twitter:creator\" content=\"@InformeLitoral\" \/>\n<meta name=\"twitter:site\" content=\"@InformeLitoral\" \/>\n<meta name=\"twitter:label1\" content=\"Escrito por\" \/>\n\t<meta name=\"twitter:data1\" content=\"Sebastian\" \/>\n\t<meta name=\"twitter:label2\" content=\"Tiempo de lectura\" \/>\n\t<meta name=\"twitter:data2\" content=\"3 minutos\" \/>\n<script type=\"application\/ld+json\" class=\"yoast-schema-graph\">{\"@context\":\"https:\\\/\\\/schema.org\",\"@graph\":[{\"@type\":\"Article\",\"@id\":\"https:\\\/\\\/informelitoral.com.ar\\\/tratan-hoy-el-alivio-fiscal-para-monotributistas-y-autonomos-en-que-consiste\\\/#article\",\"isPartOf\":{\"@id\":\"https:\\\/\\\/informelitoral.com.ar\\\/tratan-hoy-el-alivio-fiscal-para-monotributistas-y-autonomos-en-que-consiste\\\/\"},\"author\":{\"name\":\"Sebastian\",\"@id\":\"https:\\\/\\\/informelitoral.com.ar\\\/#\\\/schema\\\/person\\\/f05f9f461677119578717524b127d6d5\"},\"headline\":\"Tratan hoy el alivio fiscal para monotributistas y aut\u00f3nomos: en qu\u00e9 consiste\",\"datePublished\":\"2022-06-15T11:54:33+00:00\",\"mainEntityOfPage\":{\"@id\":\"https:\\\/\\\/informelitoral.com.ar\\\/tratan-hoy-el-alivio-fiscal-para-monotributistas-y-autonomos-en-que-consiste\\\/\"},\"wordCount\":531,\"commentCount\":0,\"publisher\":{\"@id\":\"https:\\\/\\\/informelitoral.com.ar\\\/#organization\"},\"image\":{\"@id\":\"https:\\\/\\\/informelitoral.com.ar\\\/tratan-hoy-el-alivio-fiscal-para-monotributistas-y-autonomos-en-que-consiste\\\/#primaryimage\"},\"thumbnailUrl\":\"https:\\\/\\\/informelitoral.com.ar\\\/%77%70%2d%63%6f%6e%74%65%6e%74\\\/uploads\\\/2020\\\/09\\\/Afip.jpg\",\"keywords\":[\"AFIP\",\"Alivio fiscal\"],\"articleSection\":[\"Econom\u00eda\"],\"inLanguage\":\"es\",\"potentialAction\":[{\"@type\":\"CommentAction\",\"name\":\"Comment\",\"target\":[\"https:\\\/\\\/informelitoral.com.ar\\\/tratan-hoy-el-alivio-fiscal-para-monotributistas-y-autonomos-en-que-consiste\\\/#respond\"]}]},{\"@type\":\"WebPage\",\"@id\":\"https:\\\/\\\/informelitoral.com.ar\\\/tratan-hoy-el-alivio-fiscal-para-monotributistas-y-autonomos-en-que-consiste\\\/\",\"url\":\"https:\\\/\\\/informelitoral.com.ar\\\/tratan-hoy-el-alivio-fiscal-para-monotributistas-y-autonomos-en-que-consiste\\\/\",\"name\":\"Tratan hoy el alivio fiscal para monotributistas y aut\u00f3nomos: en qu\u00e9 consiste - Informe Litoral\",\"isPartOf\":{\"@id\":\"https:\\\/\\\/informelitoral.com.ar\\\/#website\"},\"primaryImageOfPage\":{\"@id\":\"https:\\\/\\\/informelitoral.com.ar\\\/tratan-hoy-el-alivio-fiscal-para-monotributistas-y-autonomos-en-que-consiste\\\/#primaryimage\"},\"image\":{\"@id\":\"https:\\\/\\\/informelitoral.com.ar\\\/tratan-hoy-el-alivio-fiscal-para-monotributistas-y-autonomos-en-que-consiste\\\/#primaryimage\"},\"thumbnailUrl\":\"https:\\\/\\\/informelitoral.com.ar\\\/%77%70%2d%63%6f%6e%74%65%6e%74\\\/uploads\\\/2020\\\/09\\\/Afip.jpg\",\"datePublished\":\"2022-06-15T11:54:33+00:00\",\"breadcrumb\":{\"@id\":\"https:\\\/\\\/informelitoral.com.ar\\\/tratan-hoy-el-alivio-fiscal-para-monotributistas-y-autonomos-en-que-consiste\\\/#breadcrumb\"},\"inLanguage\":\"es\",\"potentialAction\":[{\"@type\":\"ReadAction\",\"target\":[\"https:\\\/\\\/informelitoral.com.ar\\\/tratan-hoy-el-alivio-fiscal-para-monotributistas-y-autonomos-en-que-consiste\\\/\"]}]},{\"@type\":\"ImageObject\",\"inLanguage\":\"es\",\"@id\":\"https:\\\/\\\/informelitoral.com.ar\\\/tratan-hoy-el-alivio-fiscal-para-monotributistas-y-autonomos-en-que-consiste\\\/#primaryimage\",\"url\":\"https:\\\/\\\/informelitoral.com.ar\\\/%77%70%2d%63%6f%6e%74%65%6e%74\\\/uploads\\\/2020\\\/09\\\/Afip.jpg\",\"contentUrl\":\"https:\\\/\\\/informelitoral.com.ar\\\/%77%70%2d%63%6f%6e%74%65%6e%74\\\/uploads\\\/2020\\\/09\\\/Afip.jpg\",\"width\":1330,\"height\":880},{\"@type\":\"BreadcrumbList\",\"@id\":\"https:\\\/\\\/informelitoral.com.ar\\\/tratan-hoy-el-alivio-fiscal-para-monotributistas-y-autonomos-en-que-consiste\\\/#breadcrumb\",\"itemListElement\":[{\"@type\":\"ListItem\",\"position\":1,\"name\":\"Portada\",\"item\":\"https:\\\/\\\/informelitoral.com.ar\\\/\"},{\"@type\":\"ListItem\",\"position\":2,\"name\":\"Tratan hoy el alivio fiscal para monotributistas y aut\u00f3nomos: en qu\u00e9 consiste\"}]},{\"@type\":\"WebSite\",\"@id\":\"https:\\\/\\\/informelitoral.com.ar\\\/#website\",\"url\":\"https:\\\/\\\/informelitoral.com.ar\\\/\",\"name\":\"Informe Litoral\",\"description\":\"&quot;Nos informamos&quot; \",\"publisher\":{\"@id\":\"https:\\\/\\\/informelitoral.com.ar\\\/#organization\"},\"potentialAction\":[{\"@type\":\"SearchAction\",\"target\":{\"@type\":\"EntryPoint\",\"urlTemplate\":\"https:\\\/\\\/informelitoral.com.ar\\\/?s={search_term_string}\"},\"query-input\":{\"@type\":\"PropertyValueSpecification\",\"valueRequired\":true,\"valueName\":\"search_term_string\"}}],\"inLanguage\":\"es\"},{\"@type\":\"Organization\",\"@id\":\"https:\\\/\\\/informelitoral.com.ar\\\/#organization\",\"name\":\"Informe Litoral\",\"url\":\"https:\\\/\\\/informelitoral.com.ar\\\/\",\"logo\":{\"@type\":\"ImageObject\",\"inLanguage\":\"es\",\"@id\":\"https:\\\/\\\/informelitoral.com.ar\\\/#\\\/schema\\\/logo\\\/image\\\/\",\"url\":\"https:\\\/\\\/informelitoral.com.ar\\\/%77%70%2d%63%6f%6e%74%65%6e%74\\\/uploads\\\/2021\\\/01\\\/circulo.png\",\"contentUrl\":\"https:\\\/\\\/informelitoral.com.ar\\\/%77%70%2d%63%6f%6e%74%65%6e%74\\\/uploads\\\/2021\\\/01\\\/circulo.png\",\"width\":723,\"height\":731,\"caption\":\"Informe Litoral\"},\"image\":{\"@id\":\"https:\\\/\\\/informelitoral.com.ar\\\/#\\\/schema\\\/logo\\\/image\\\/\"},\"sameAs\":[\"https:\\\/\\\/www.facebook.com\\\/informelitoral\\\/\",\"https:\\\/\\\/x.com\\\/InformeLitoral\",\"https:\\\/\\\/www.instagram.com\\\/informelitoral\\\/\",\"https:\\\/\\\/www.youtube.com\\\/channel\\\/UCua4Qvz8Icb6MYqhoq9xLXw\"]},{\"@type\":\"Person\",\"@id\":\"https:\\\/\\\/informelitoral.com.ar\\\/#\\\/schema\\\/person\\\/f05f9f461677119578717524b127d6d5\",\"name\":\"Sebastian\",\"image\":{\"@type\":\"ImageObject\",\"inLanguage\":\"es\",\"@id\":\"https:\\\/\\\/secure.gravatar.com\\\/avatar\\\/b71bf7481d447dfb9583c7f2798e7cc64de6efb9067b74633ed8c31059a3bd82?s=96&d=mm&r=g\",\"url\":\"https:\\\/\\\/secure.gravatar.com\\\/avatar\\\/b71bf7481d447dfb9583c7f2798e7cc64de6efb9067b74633ed8c31059a3bd82?s=96&d=mm&r=g\",\"contentUrl\":\"https:\\\/\\\/secure.gravatar.com\\\/avatar\\\/b71bf7481d447dfb9583c7f2798e7cc64de6efb9067b74633ed8c31059a3bd82?s=96&d=mm&r=g\",\"caption\":\"Sebastian\"},\"url\":\"https:\\\/\\\/informelitoral.com.ar\\\/author\\\/sebastian\\\/\"}]}<\/script>","yoast_head_json":{"title":"Tratan hoy el alivio fiscal para monotributistas y aut\u00f3nomos: en qu\u00e9 consiste - Informe Litoral","robots":{"index":"index","follow":"follow","max-snippet":"max-snippet:-1","max-image-preview":"max-image-preview:large","max-video-preview":"max-video-preview:-1"},"canonical":"https:\/\/informelitoral.com.ar\/tratan-hoy-el-alivio-fiscal-para-monotributistas-y-autonomos-en-que-consiste\/","og_locale":"es_ES","og_type":"article","og_title":"Tratan hoy el alivio fiscal para monotributistas y aut\u00f3nomos: en qu\u00e9 consiste - Informe Litoral","og_description":"Busca actualizar la facturaci\u00f3n de los monotributistas para evitar que tengan que cambiar de categor\u00eda y pagar mayores cuotas. Adem\u00e1s aumenta las deducciones de ganancias que pagan los aut\u00f3nomos.","og_url":"https:\/\/informelitoral.com.ar\/tratan-hoy-el-alivio-fiscal-para-monotributistas-y-autonomos-en-que-consiste\/","og_site_name":"Informe Litoral","article_publisher":"https:\/\/www.facebook.com\/informelitoral\/","article_published_time":"2022-06-15T11:54:33+00:00","og_image":[{"width":1330,"height":880,"url":"https:\/\/informelitoral.com.ar\/%77%70%2d%63%6f%6e%74%65%6e%74\/uploads\/2020\/09\/Afip.jpg","type":"image\/jpeg"}],"author":"Sebastian","twitter_card":"summary_large_image","twitter_creator":"@InformeLitoral","twitter_site":"@InformeLitoral","twitter_misc":{"Escrito por":"Sebastian","Tiempo de lectura":"3 minutos"},"schema":{"@context":"https:\/\/schema.org","@graph":[{"@type":"Article","@id":"https:\/\/informelitoral.com.ar\/tratan-hoy-el-alivio-fiscal-para-monotributistas-y-autonomos-en-que-consiste\/#article","isPartOf":{"@id":"https:\/\/informelitoral.com.ar\/tratan-hoy-el-alivio-fiscal-para-monotributistas-y-autonomos-en-que-consiste\/"},"author":{"name":"Sebastian","@id":"https:\/\/informelitoral.com.ar\/#\/schema\/person\/f05f9f461677119578717524b127d6d5"},"headline":"Tratan hoy el alivio fiscal para monotributistas y aut\u00f3nomos: en qu\u00e9 consiste","datePublished":"2022-06-15T11:54:33+00:00","mainEntityOfPage":{"@id":"https:\/\/informelitoral.com.ar\/tratan-hoy-el-alivio-fiscal-para-monotributistas-y-autonomos-en-que-consiste\/"},"wordCount":531,"commentCount":0,"publisher":{"@id":"https:\/\/informelitoral.com.ar\/#organization"},"image":{"@id":"https:\/\/informelitoral.com.ar\/tratan-hoy-el-alivio-fiscal-para-monotributistas-y-autonomos-en-que-consiste\/#primaryimage"},"thumbnailUrl":"https:\/\/informelitoral.com.ar\/%77%70%2d%63%6f%6e%74%65%6e%74\/uploads\/2020\/09\/Afip.jpg","keywords":["AFIP","Alivio fiscal"],"articleSection":["Econom\u00eda"],"inLanguage":"es","potentialAction":[{"@type":"CommentAction","name":"Comment","target":["https:\/\/informelitoral.com.ar\/tratan-hoy-el-alivio-fiscal-para-monotributistas-y-autonomos-en-que-consiste\/#respond"]}]},{"@type":"WebPage","@id":"https:\/\/informelitoral.com.ar\/tratan-hoy-el-alivio-fiscal-para-monotributistas-y-autonomos-en-que-consiste\/","url":"https:\/\/informelitoral.com.ar\/tratan-hoy-el-alivio-fiscal-para-monotributistas-y-autonomos-en-que-consiste\/","name":"Tratan hoy el alivio fiscal para monotributistas y aut\u00f3nomos: en qu\u00e9 consiste - Informe Litoral","isPartOf":{"@id":"https:\/\/informelitoral.com.ar\/#website"},"primaryImageOfPage":{"@id":"https:\/\/informelitoral.com.ar\/tratan-hoy-el-alivio-fiscal-para-monotributistas-y-autonomos-en-que-consiste\/#primaryimage"},"image":{"@id":"https:\/\/informelitoral.com.ar\/tratan-hoy-el-alivio-fiscal-para-monotributistas-y-autonomos-en-que-consiste\/#primaryimage"},"thumbnailUrl":"https:\/\/informelitoral.com.ar\/%77%70%2d%63%6f%6e%74%65%6e%74\/uploads\/2020\/09\/Afip.jpg","datePublished":"2022-06-15T11:54:33+00:00","breadcrumb":{"@id":"https:\/\/informelitoral.com.ar\/tratan-hoy-el-alivio-fiscal-para-monotributistas-y-autonomos-en-que-consiste\/#breadcrumb"},"inLanguage":"es","potentialAction":[{"@type":"ReadAction","target":["https:\/\/informelitoral.com.ar\/tratan-hoy-el-alivio-fiscal-para-monotributistas-y-autonomos-en-que-consiste\/"]}]},{"@type":"ImageObject","inLanguage":"es","@id":"https:\/\/informelitoral.com.ar\/tratan-hoy-el-alivio-fiscal-para-monotributistas-y-autonomos-en-que-consiste\/#primaryimage","url":"https:\/\/informelitoral.com.ar\/%77%70%2d%63%6f%6e%74%65%6e%74\/uploads\/2020\/09\/Afip.jpg","contentUrl":"https:\/\/informelitoral.com.ar\/%77%70%2d%63%6f%6e%74%65%6e%74\/uploads\/2020\/09\/Afip.jpg","width":1330,"height":880},{"@type":"BreadcrumbList","@id":"https:\/\/informelitoral.com.ar\/tratan-hoy-el-alivio-fiscal-para-monotributistas-y-autonomos-en-que-consiste\/#breadcrumb","itemListElement":[{"@type":"ListItem","position":1,"name":"Portada","item":"https:\/\/informelitoral.com.ar\/"},{"@type":"ListItem","position":2,"name":"Tratan hoy el alivio fiscal para monotributistas y aut\u00f3nomos: en qu\u00e9 consiste"}]},{"@type":"WebSite","@id":"https:\/\/informelitoral.com.ar\/#website","url":"https:\/\/informelitoral.com.ar\/","name":"Informe Litoral","description":"&quot;Nos informamos&quot; ","publisher":{"@id":"https:\/\/informelitoral.com.ar\/#organization"},"potentialAction":[{"@type":"SearchAction","target":{"@type":"EntryPoint","urlTemplate":"https:\/\/informelitoral.com.ar\/?s={search_term_string}"},"query-input":{"@type":"PropertyValueSpecification","valueRequired":true,"valueName":"search_term_string"}}],"inLanguage":"es"},{"@type":"Organization","@id":"https:\/\/informelitoral.com.ar\/#organization","name":"Informe Litoral","url":"https:\/\/informelitoral.com.ar\/","logo":{"@type":"ImageObject","inLanguage":"es","@id":"https:\/\/informelitoral.com.ar\/#\/schema\/logo\/image\/","url":"https:\/\/informelitoral.com.ar\/%77%70%2d%63%6f%6e%74%65%6e%74\/uploads\/2021\/01\/circulo.png","contentUrl":"https:\/\/informelitoral.com.ar\/%77%70%2d%63%6f%6e%74%65%6e%74\/uploads\/2021\/01\/circulo.png","width":723,"height":731,"caption":"Informe Litoral"},"image":{"@id":"https:\/\/informelitoral.com.ar\/#\/schema\/logo\/image\/"},"sameAs":["https:\/\/www.facebook.com\/informelitoral\/","https:\/\/x.com\/InformeLitoral","https:\/\/www.instagram.com\/informelitoral\/","https:\/\/www.youtube.com\/channel\/UCua4Qvz8Icb6MYqhoq9xLXw"]},{"@type":"Person","@id":"https:\/\/informelitoral.com.ar\/#\/schema\/person\/f05f9f461677119578717524b127d6d5","name":"Sebastian","image":{"@type":"ImageObject","inLanguage":"es","@id":"https:\/\/secure.gravatar.com\/avatar\/b71bf7481d447dfb9583c7f2798e7cc64de6efb9067b74633ed8c31059a3bd82?s=96&d=mm&r=g","url":"https:\/\/secure.gravatar.com\/avatar\/b71bf7481d447dfb9583c7f2798e7cc64de6efb9067b74633ed8c31059a3bd82?s=96&d=mm&r=g","contentUrl":"https:\/\/secure.gravatar.com\/avatar\/b71bf7481d447dfb9583c7f2798e7cc64de6efb9067b74633ed8c31059a3bd82?s=96&d=mm&r=g","caption":"Sebastian"},"url":"https:\/\/informelitoral.com.ar\/author\/sebastian\/"}]}},"_links":{"self":[{"href":"https:\/\/informelitoral.com.ar\/%77%70%2d%6a%73%6f%6e\/wp\/v2\/posts\/79658","targetHints":{"allow":["GET"]}}],"collection":[{"href":"https:\/\/informelitoral.com.ar\/%77%70%2d%6a%73%6f%6e\/wp\/v2\/posts"}],"about":[{"href":"https:\/\/informelitoral.com.ar\/%77%70%2d%6a%73%6f%6e\/wp\/v2\/types\/post"}],"author":[{"embeddable":true,"href":"https:\/\/informelitoral.com.ar\/%77%70%2d%6a%73%6f%6e\/wp\/v2\/users\/8"}],"replies":[{"embeddable":true,"href":"https:\/\/informelitoral.com.ar\/%77%70%2d%6a%73%6f%6e\/wp\/v2\/comments?post=79658"}],"version-history":[{"count":0,"href":"https:\/\/informelitoral.com.ar\/%77%70%2d%6a%73%6f%6e\/wp\/v2\/posts\/79658\/revisions"}],"wp:featuredmedia":[{"embeddable":true,"href":"https:\/\/informelitoral.com.ar\/%77%70%2d%6a%73%6f%6e\/wp\/v2\/media\/49380"}],"wp:attachment":[{"href":"https:\/\/informelitoral.com.ar\/%77%70%2d%6a%73%6f%6e\/wp\/v2\/media?parent=79658"}],"wp:term":[{"taxonomy":"category","embeddable":true,"href":"https:\/\/informelitoral.com.ar\/%77%70%2d%6a%73%6f%6e\/wp\/v2\/categories?post=79658"},{"taxonomy":"post_tag","embeddable":true,"href":"https:\/\/informelitoral.com.ar\/%77%70%2d%6a%73%6f%6e\/wp\/v2\/tags?post=79658"}],"curies":[{"name":"wp","href":"https:\/\/api.w.org\/{rel}","templated":true}]}}