{"id":79654,"date":"2022-06-15T08:49:08","date_gmt":"2022-06-15T11:49:08","guid":{"rendered":"https:\/\/www.informelitoral.com.ar\/?p=79654"},"modified":"2022-06-15T08:49:08","modified_gmt":"2022-06-15T11:49:08","slug":"parana-quiso-estacionar-y-su-auto-termino-con-una-rueda-trabada-en-un-pozo","status":"publish","type":"post","link":"https:\/\/informelitoral.com.ar\/parana-quiso-estacionar-y-su-auto-termino-con-una-rueda-trabada-en-un-pozo\/","title":{"rendered":"Parana: Quiso estacionar y su auto termin\u00f3 \u201ccon una rueda trabada\u201d en un pozo"},"content":{"rendered":"<div id=\"page\">\n<div id=\"container\">\n<div id=\"main\" class=\"column\">\n<div id=\"main-squeeze\">\n<div id=\"content\" role=\"main\">\n<div id=\"content-content\">\n<div class=\"post-interior\">\n<div class=\"cont-nota\">\n<article class=\"cont-cuerpo\">\n<div>\n<div class=\"builder-1eSmv\">\n<div class=\"builder-2KnXd\">\n<div>\n<div id=\"v-elonce-0\">\n<div id=\"_vdo_ads_player_ai_5302\" class=\"vdo_content\">\n<div class=\"vjs-poster\" tabindex=\"-1\" aria-disabled=\"false\"><\/div>\n<div class=\"vjs-text-track-display\" aria-live=\"off\" aria-atomic=\"true\">\n<div>Durante la tarde de este martes una mujer de 28 a\u00f1os que circulaba en su veh\u00edculo Volkswagen Golf por Avenida Ej\u00e9rcito, al decidir estacionar, qued\u00f3 con la rueda delantera derecha de su veh\u00edculo trabada en un pozo que estaba tapado por agua que sal\u00eda del mismo.<\/p>\n<p>Intervinieron personal de Tr\u00e1nsito y de Obras Sanitarias de la Municipalidad, adem\u00e1s de comisaria sexta.(<em>Elonce<\/em>)<\/div>\n<\/div>\n<\/div>\n<\/div>\n<\/div>\n<\/div>\n<\/div>\n<\/div>\n<\/article>\n<\/div>\n<\/div>\n<\/div>\n<\/div>\n<\/div>\n<\/div>\n<\/div>\n<\/div>\n<div class=\"ban_laterales\">\n<div class=\"ban_laterales_cont\">\n<div class=\"ban_laterales_div\">\n<div id=\"adv-ban-fixed-izq\"><\/div>\n<\/div>\n<div class=\"ban_laterales_div\">\n<div id=\"adv-ban-fixed-der\" data-google-query-id=\"CPOAs8qwr_gCFSpNuAQdnFoAHw\">\n<div id=\"google_ads_iframe_\/1017853\/Elonce_flotante_derecha_0__container__\"><\/div>\n<\/div>\n<\/div>\n<\/div>\n<\/div>\n<div id=\"fb-root\" class=\" fb_reset\">\n<div>\n<div><\/div>\n<\/div>\n<\/div>\n","protected":false},"excerpt":{"rendered":"<p>Mientras circulaba por Avenida Ej\u00e9rcito, una joven quiso estacionar y qued\u00f3 con una rueda trabada en un pozo. Dijo que no se percat\u00f3 de la situaci\u00f3n porque \u201cestaba tapado con agua\u201d.<\/p>\n","protected":false},"author":8,"featured_media":79655,"comment_status":"open","ping_status":"open","sticky":false,"template":"","format":"standard","meta":{"fifu_image_url":"","fifu_image_alt":"","footnotes":""},"categories":[14],"tags":[304],"class_list":{"0":"post-79654","1":"post","2":"type-post","3":"status-publish","4":"format-standard","5":"has-post-thumbnail","7":"category-policiales","8":"tag-accidente-vial"},"yoast_head":"<title>Parana: Quiso estacionar y su auto termin\u00f3 \u201ccon una rueda trabada\u201d en un pozo - Informe Litoral<\/title>\n<meta name=\"robots\" content=\"index, follow, max-snippet:-1, max-image-preview:large, max-video-preview:-1\" \/>\n<link rel=\"canonical\" href=\"https:\/\/informelitoral.com.ar\/parana-quiso-estacionar-y-su-auto-termino-con-una-rueda-trabada-en-un-pozo\/\" \/>\n<meta property=\"og:locale\" content=\"es_ES\" \/>\n<meta property=\"og:type\" content=\"article\" \/>\n<meta property=\"og:title\" content=\"Parana: Quiso estacionar y su auto termin\u00f3 \u201ccon una rueda trabada\u201d en un pozo - Informe Litoral\" \/>\n<meta property=\"og:description\" content=\"Mientras circulaba por Avenida Ej\u00e9rcito, una joven quiso estacionar y qued\u00f3 con una rueda trabada en un pozo. Dijo que no se percat\u00f3 de la situaci\u00f3n porque \u201cestaba tapado con agua\u201d.\" \/>\n<meta property=\"og:url\" content=\"https:\/\/informelitoral.com.ar\/parana-quiso-estacionar-y-su-auto-termino-con-una-rueda-trabada-en-un-pozo\/\" \/>\n<meta property=\"og:site_name\" content=\"Informe Litoral\" \/>\n<meta property=\"article:publisher\" content=\"https:\/\/www.facebook.com\/informelitoral\/\" \/>\n<meta property=\"article:published_time\" content=\"2022-06-15T11:49:08+00:00\" \/>\n<meta property=\"og:image\" content=\"https:\/\/informelitoral.com.ar\/%77%70%2d%63%6f%6e%74%65%6e%74\/uploads\/2022\/06\/o_1655251456.jpg\" \/>\n\t<meta property=\"og:image:width\" content=\"800\" \/>\n\t<meta property=\"og:image:height\" content=\"450\" \/>\n\t<meta property=\"og:image:type\" content=\"image\/jpeg\" \/>\n<meta name=\"author\" content=\"Sebastian\" \/>\n<meta name=\"twitter:card\" content=\"summary_large_image\" \/>\n<meta name=\"twitter:creator\" content=\"@InformeLitoral\" \/>\n<meta name=\"twitter:site\" content=\"@InformeLitoral\" \/>\n<meta name=\"twitter:label1\" content=\"Escrito por\" \/>\n\t<meta name=\"twitter:data1\" content=\"Sebastian\" \/>\n<script type=\"application\/ld+json\" class=\"yoast-schema-graph\">{\"@context\":\"https:\\\/\\\/schema.org\",\"@graph\":[{\"@type\":\"Article\",\"@id\":\"https:\\\/\\\/informelitoral.com.ar\\\/parana-quiso-estacionar-y-su-auto-termino-con-una-rueda-trabada-en-un-pozo\\\/#article\",\"isPartOf\":{\"@id\":\"https:\\\/\\\/informelitoral.com.ar\\\/parana-quiso-estacionar-y-su-auto-termino-con-una-rueda-trabada-en-un-pozo\\\/\"},\"author\":{\"name\":\"Sebastian\",\"@id\":\"https:\\\/\\\/informelitoral.com.ar\\\/#\\\/schema\\\/person\\\/f05f9f461677119578717524b127d6d5\"},\"headline\":\"Parana: Quiso estacionar y su auto termin\u00f3 \u201ccon una rueda trabada\u201d en un pozo\",\"datePublished\":\"2022-06-15T11:49:08+00:00\",\"mainEntityOfPage\":{\"@id\":\"https:\\\/\\\/informelitoral.com.ar\\\/parana-quiso-estacionar-y-su-auto-termino-con-una-rueda-trabada-en-un-pozo\\\/\"},\"wordCount\":82,\"commentCount\":0,\"publisher\":{\"@id\":\"https:\\\/\\\/informelitoral.com.ar\\\/#organization\"},\"image\":{\"@id\":\"https:\\\/\\\/informelitoral.com.ar\\\/parana-quiso-estacionar-y-su-auto-termino-con-una-rueda-trabada-en-un-pozo\\\/#primaryimage\"},\"thumbnailUrl\":\"https:\\\/\\\/informelitoral.com.ar\\\/%77%70%2d%63%6f%6e%74%65%6e%74\\\/uploads\\\/2022\\\/06\\\/o_1655251456.jpg\",\"keywords\":[\"Accidente vial\"],\"articleSection\":[\"Policiales\"],\"inLanguage\":\"es\",\"potentialAction\":[{\"@type\":\"CommentAction\",\"name\":\"Comment\",\"target\":[\"https:\\\/\\\/informelitoral.com.ar\\\/parana-quiso-estacionar-y-su-auto-termino-con-una-rueda-trabada-en-un-pozo\\\/#respond\"]}]},{\"@type\":\"WebPage\",\"@id\":\"https:\\\/\\\/informelitoral.com.ar\\\/parana-quiso-estacionar-y-su-auto-termino-con-una-rueda-trabada-en-un-pozo\\\/\",\"url\":\"https:\\\/\\\/informelitoral.com.ar\\\/parana-quiso-estacionar-y-su-auto-termino-con-una-rueda-trabada-en-un-pozo\\\/\",\"name\":\"Parana: Quiso estacionar y su auto termin\u00f3 \u201ccon una rueda trabada\u201d en un pozo - Informe Litoral\",\"isPartOf\":{\"@id\":\"https:\\\/\\\/informelitoral.com.ar\\\/#website\"},\"primaryImageOfPage\":{\"@id\":\"https:\\\/\\\/informelitoral.com.ar\\\/parana-quiso-estacionar-y-su-auto-termino-con-una-rueda-trabada-en-un-pozo\\\/#primaryimage\"},\"image\":{\"@id\":\"https:\\\/\\\/informelitoral.com.ar\\\/parana-quiso-estacionar-y-su-auto-termino-con-una-rueda-trabada-en-un-pozo\\\/#primaryimage\"},\"thumbnailUrl\":\"https:\\\/\\\/informelitoral.com.ar\\\/%77%70%2d%63%6f%6e%74%65%6e%74\\\/uploads\\\/2022\\\/06\\\/o_1655251456.jpg\",\"datePublished\":\"2022-06-15T11:49:08+00:00\",\"breadcrumb\":{\"@id\":\"https:\\\/\\\/informelitoral.com.ar\\\/parana-quiso-estacionar-y-su-auto-termino-con-una-rueda-trabada-en-un-pozo\\\/#breadcrumb\"},\"inLanguage\":\"es\",\"potentialAction\":[{\"@type\":\"ReadAction\",\"target\":[\"https:\\\/\\\/informelitoral.com.ar\\\/parana-quiso-estacionar-y-su-auto-termino-con-una-rueda-trabada-en-un-pozo\\\/\"]}]},{\"@type\":\"ImageObject\",\"inLanguage\":\"es\",\"@id\":\"https:\\\/\\\/informelitoral.com.ar\\\/parana-quiso-estacionar-y-su-auto-termino-con-una-rueda-trabada-en-un-pozo\\\/#primaryimage\",\"url\":\"https:\\\/\\\/informelitoral.com.ar\\\/%77%70%2d%63%6f%6e%74%65%6e%74\\\/uploads\\\/2022\\\/06\\\/o_1655251456.jpg\",\"contentUrl\":\"https:\\\/\\\/informelitoral.com.ar\\\/%77%70%2d%63%6f%6e%74%65%6e%74\\\/uploads\\\/2022\\\/06\\\/o_1655251456.jpg\",\"width\":800,\"height\":450},{\"@type\":\"BreadcrumbList\",\"@id\":\"https:\\\/\\\/informelitoral.com.ar\\\/parana-quiso-estacionar-y-su-auto-termino-con-una-rueda-trabada-en-un-pozo\\\/#breadcrumb\",\"itemListElement\":[{\"@type\":\"ListItem\",\"position\":1,\"name\":\"Portada\",\"item\":\"https:\\\/\\\/informelitoral.com.ar\\\/\"},{\"@type\":\"ListItem\",\"position\":2,\"name\":\"Parana: Quiso estacionar y su auto termin\u00f3 \u201ccon una rueda trabada\u201d en un pozo\"}]},{\"@type\":\"WebSite\",\"@id\":\"https:\\\/\\\/informelitoral.com.ar\\\/#website\",\"url\":\"https:\\\/\\\/informelitoral.com.ar\\\/\",\"name\":\"Informe Litoral\",\"description\":\"&quot;Nos informamos&quot; \",\"publisher\":{\"@id\":\"https:\\\/\\\/informelitoral.com.ar\\\/#organization\"},\"potentialAction\":[{\"@type\":\"SearchAction\",\"target\":{\"@type\":\"EntryPoint\",\"urlTemplate\":\"https:\\\/\\\/informelitoral.com.ar\\\/?s={search_term_string}\"},\"query-input\":{\"@type\":\"PropertyValueSpecification\",\"valueRequired\":true,\"valueName\":\"search_term_string\"}}],\"inLanguage\":\"es\"},{\"@type\":\"Organization\",\"@id\":\"https:\\\/\\\/informelitoral.com.ar\\\/#organization\",\"name\":\"Informe Litoral\",\"url\":\"https:\\\/\\\/informelitoral.com.ar\\\/\",\"logo\":{\"@type\":\"ImageObject\",\"inLanguage\":\"es\",\"@id\":\"https:\\\/\\\/informelitoral.com.ar\\\/#\\\/schema\\\/logo\\\/image\\\/\",\"url\":\"https:\\\/\\\/informelitoral.com.ar\\\/%77%70%2d%63%6f%6e%74%65%6e%74\\\/uploads\\\/2021\\\/01\\\/circulo.png\",\"contentUrl\":\"https:\\\/\\\/informelitoral.com.ar\\\/%77%70%2d%63%6f%6e%74%65%6e%74\\\/uploads\\\/2021\\\/01\\\/circulo.png\",\"width\":723,\"height\":731,\"caption\":\"Informe Litoral\"},\"image\":{\"@id\":\"https:\\\/\\\/informelitoral.com.ar\\\/#\\\/schema\\\/logo\\\/image\\\/\"},\"sameAs\":[\"https:\\\/\\\/www.facebook.com\\\/informelitoral\\\/\",\"https:\\\/\\\/x.com\\\/InformeLitoral\",\"https:\\\/\\\/www.instagram.com\\\/informelitoral\\\/\",\"https:\\\/\\\/www.youtube.com\\\/channel\\\/UCua4Qvz8Icb6MYqhoq9xLXw\"]},{\"@type\":\"Person\",\"@id\":\"https:\\\/\\\/informelitoral.com.ar\\\/#\\\/schema\\\/person\\\/f05f9f461677119578717524b127d6d5\",\"name\":\"Sebastian\",\"image\":{\"@type\":\"ImageObject\",\"inLanguage\":\"es\",\"@id\":\"https:\\\/\\\/secure.gravatar.com\\\/avatar\\\/b71bf7481d447dfb9583c7f2798e7cc64de6efb9067b74633ed8c31059a3bd82?s=96&d=mm&r=g\",\"url\":\"https:\\\/\\\/secure.gravatar.com\\\/avatar\\\/b71bf7481d447dfb9583c7f2798e7cc64de6efb9067b74633ed8c31059a3bd82?s=96&d=mm&r=g\",\"contentUrl\":\"https:\\\/\\\/secure.gravatar.com\\\/avatar\\\/b71bf7481d447dfb9583c7f2798e7cc64de6efb9067b74633ed8c31059a3bd82?s=96&d=mm&r=g\",\"caption\":\"Sebastian\"},\"url\":\"https:\\\/\\\/informelitoral.com.ar\\\/author\\\/sebastian\\\/\"}]}<\/script>","yoast_head_json":{"title":"Parana: Quiso estacionar y su auto termin\u00f3 \u201ccon una rueda trabada\u201d en un pozo - Informe Litoral","robots":{"index":"index","follow":"follow","max-snippet":"max-snippet:-1","max-image-preview":"max-image-preview:large","max-video-preview":"max-video-preview:-1"},"canonical":"https:\/\/informelitoral.com.ar\/parana-quiso-estacionar-y-su-auto-termino-con-una-rueda-trabada-en-un-pozo\/","og_locale":"es_ES","og_type":"article","og_title":"Parana: Quiso estacionar y su auto termin\u00f3 \u201ccon una rueda trabada\u201d en un pozo - Informe Litoral","og_description":"Mientras circulaba por Avenida Ej\u00e9rcito, una joven quiso estacionar y qued\u00f3 con una rueda trabada en un pozo. Dijo que no se percat\u00f3 de la situaci\u00f3n porque \u201cestaba tapado con agua\u201d.","og_url":"https:\/\/informelitoral.com.ar\/parana-quiso-estacionar-y-su-auto-termino-con-una-rueda-trabada-en-un-pozo\/","og_site_name":"Informe Litoral","article_publisher":"https:\/\/www.facebook.com\/informelitoral\/","article_published_time":"2022-06-15T11:49:08+00:00","og_image":[{"width":800,"height":450,"url":"https:\/\/informelitoral.com.ar\/%77%70%2d%63%6f%6e%74%65%6e%74\/uploads\/2022\/06\/o_1655251456.jpg","type":"image\/jpeg"}],"author":"Sebastian","twitter_card":"summary_large_image","twitter_creator":"@InformeLitoral","twitter_site":"@InformeLitoral","twitter_misc":{"Escrito por":"Sebastian"},"schema":{"@context":"https:\/\/schema.org","@graph":[{"@type":"Article","@id":"https:\/\/informelitoral.com.ar\/parana-quiso-estacionar-y-su-auto-termino-con-una-rueda-trabada-en-un-pozo\/#article","isPartOf":{"@id":"https:\/\/informelitoral.com.ar\/parana-quiso-estacionar-y-su-auto-termino-con-una-rueda-trabada-en-un-pozo\/"},"author":{"name":"Sebastian","@id":"https:\/\/informelitoral.com.ar\/#\/schema\/person\/f05f9f461677119578717524b127d6d5"},"headline":"Parana: Quiso estacionar y su auto termin\u00f3 \u201ccon una rueda trabada\u201d en un pozo","datePublished":"2022-06-15T11:49:08+00:00","mainEntityOfPage":{"@id":"https:\/\/informelitoral.com.ar\/parana-quiso-estacionar-y-su-auto-termino-con-una-rueda-trabada-en-un-pozo\/"},"wordCount":82,"commentCount":0,"publisher":{"@id":"https:\/\/informelitoral.com.ar\/#organization"},"image":{"@id":"https:\/\/informelitoral.com.ar\/parana-quiso-estacionar-y-su-auto-termino-con-una-rueda-trabada-en-un-pozo\/#primaryimage"},"thumbnailUrl":"https:\/\/informelitoral.com.ar\/%77%70%2d%63%6f%6e%74%65%6e%74\/uploads\/2022\/06\/o_1655251456.jpg","keywords":["Accidente vial"],"articleSection":["Policiales"],"inLanguage":"es","potentialAction":[{"@type":"CommentAction","name":"Comment","target":["https:\/\/informelitoral.com.ar\/parana-quiso-estacionar-y-su-auto-termino-con-una-rueda-trabada-en-un-pozo\/#respond"]}]},{"@type":"WebPage","@id":"https:\/\/informelitoral.com.ar\/parana-quiso-estacionar-y-su-auto-termino-con-una-rueda-trabada-en-un-pozo\/","url":"https:\/\/informelitoral.com.ar\/parana-quiso-estacionar-y-su-auto-termino-con-una-rueda-trabada-en-un-pozo\/","name":"Parana: Quiso estacionar y su auto termin\u00f3 \u201ccon una rueda trabada\u201d en un pozo - Informe Litoral","isPartOf":{"@id":"https:\/\/informelitoral.com.ar\/#website"},"primaryImageOfPage":{"@id":"https:\/\/informelitoral.com.ar\/parana-quiso-estacionar-y-su-auto-termino-con-una-rueda-trabada-en-un-pozo\/#primaryimage"},"image":{"@id":"https:\/\/informelitoral.com.ar\/parana-quiso-estacionar-y-su-auto-termino-con-una-rueda-trabada-en-un-pozo\/#primaryimage"},"thumbnailUrl":"https:\/\/informelitoral.com.ar\/%77%70%2d%63%6f%6e%74%65%6e%74\/uploads\/2022\/06\/o_1655251456.jpg","datePublished":"2022-06-15T11:49:08+00:00","breadcrumb":{"@id":"https:\/\/informelitoral.com.ar\/parana-quiso-estacionar-y-su-auto-termino-con-una-rueda-trabada-en-un-pozo\/#breadcrumb"},"inLanguage":"es","potentialAction":[{"@type":"ReadAction","target":["https:\/\/informelitoral.com.ar\/parana-quiso-estacionar-y-su-auto-termino-con-una-rueda-trabada-en-un-pozo\/"]}]},{"@type":"ImageObject","inLanguage":"es","@id":"https:\/\/informelitoral.com.ar\/parana-quiso-estacionar-y-su-auto-termino-con-una-rueda-trabada-en-un-pozo\/#primaryimage","url":"https:\/\/informelitoral.com.ar\/%77%70%2d%63%6f%6e%74%65%6e%74\/uploads\/2022\/06\/o_1655251456.jpg","contentUrl":"https:\/\/informelitoral.com.ar\/%77%70%2d%63%6f%6e%74%65%6e%74\/uploads\/2022\/06\/o_1655251456.jpg","width":800,"height":450},{"@type":"BreadcrumbList","@id":"https:\/\/informelitoral.com.ar\/parana-quiso-estacionar-y-su-auto-termino-con-una-rueda-trabada-en-un-pozo\/#breadcrumb","itemListElement":[{"@type":"ListItem","position":1,"name":"Portada","item":"https:\/\/informelitoral.com.ar\/"},{"@type":"ListItem","position":2,"name":"Parana: Quiso estacionar y su auto termin\u00f3 \u201ccon una rueda trabada\u201d en un pozo"}]},{"@type":"WebSite","@id":"https:\/\/informelitoral.com.ar\/#website","url":"https:\/\/informelitoral.com.ar\/","name":"Informe Litoral","description":"&quot;Nos informamos&quot; ","publisher":{"@id":"https:\/\/informelitoral.com.ar\/#organization"},"potentialAction":[{"@type":"SearchAction","target":{"@type":"EntryPoint","urlTemplate":"https:\/\/informelitoral.com.ar\/?s={search_term_string}"},"query-input":{"@type":"PropertyValueSpecification","valueRequired":true,"valueName":"search_term_string"}}],"inLanguage":"es"},{"@type":"Organization","@id":"https:\/\/informelitoral.com.ar\/#organization","name":"Informe Litoral","url":"https:\/\/informelitoral.com.ar\/","logo":{"@type":"ImageObject","inLanguage":"es","@id":"https:\/\/informelitoral.com.ar\/#\/schema\/logo\/image\/","url":"https:\/\/informelitoral.com.ar\/%77%70%2d%63%6f%6e%74%65%6e%74\/uploads\/2021\/01\/circulo.png","contentUrl":"https:\/\/informelitoral.com.ar\/%77%70%2d%63%6f%6e%74%65%6e%74\/uploads\/2021\/01\/circulo.png","width":723,"height":731,"caption":"Informe Litoral"},"image":{"@id":"https:\/\/informelitoral.com.ar\/#\/schema\/logo\/image\/"},"sameAs":["https:\/\/www.facebook.com\/informelitoral\/","https:\/\/x.com\/InformeLitoral","https:\/\/www.instagram.com\/informelitoral\/","https:\/\/www.youtube.com\/channel\/UCua4Qvz8Icb6MYqhoq9xLXw"]},{"@type":"Person","@id":"https:\/\/informelitoral.com.ar\/#\/schema\/person\/f05f9f461677119578717524b127d6d5","name":"Sebastian","image":{"@type":"ImageObject","inLanguage":"es","@id":"https:\/\/secure.gravatar.com\/avatar\/b71bf7481d447dfb9583c7f2798e7cc64de6efb9067b74633ed8c31059a3bd82?s=96&d=mm&r=g","url":"https:\/\/secure.gravatar.com\/avatar\/b71bf7481d447dfb9583c7f2798e7cc64de6efb9067b74633ed8c31059a3bd82?s=96&d=mm&r=g","contentUrl":"https:\/\/secure.gravatar.com\/avatar\/b71bf7481d447dfb9583c7f2798e7cc64de6efb9067b74633ed8c31059a3bd82?s=96&d=mm&r=g","caption":"Sebastian"},"url":"https:\/\/informelitoral.com.ar\/author\/sebastian\/"}]}},"_links":{"self":[{"href":"https:\/\/informelitoral.com.ar\/%77%70%2d%6a%73%6f%6e\/wp\/v2\/posts\/79654","targetHints":{"allow":["GET"]}}],"collection":[{"href":"https:\/\/informelitoral.com.ar\/%77%70%2d%6a%73%6f%6e\/wp\/v2\/posts"}],"about":[{"href":"https:\/\/informelitoral.com.ar\/%77%70%2d%6a%73%6f%6e\/wp\/v2\/types\/post"}],"author":[{"embeddable":true,"href":"https:\/\/informelitoral.com.ar\/%77%70%2d%6a%73%6f%6e\/wp\/v2\/users\/8"}],"replies":[{"embeddable":true,"href":"https:\/\/informelitoral.com.ar\/%77%70%2d%6a%73%6f%6e\/wp\/v2\/comments?post=79654"}],"version-history":[{"count":0,"href":"https:\/\/informelitoral.com.ar\/%77%70%2d%6a%73%6f%6e\/wp\/v2\/posts\/79654\/revisions"}],"wp:featuredmedia":[{"embeddable":true,"href":"https:\/\/informelitoral.com.ar\/%77%70%2d%6a%73%6f%6e\/wp\/v2\/media\/79655"}],"wp:attachment":[{"href":"https:\/\/informelitoral.com.ar\/%77%70%2d%6a%73%6f%6e\/wp\/v2\/media?parent=79654"}],"wp:term":[{"taxonomy":"category","embeddable":true,"href":"https:\/\/informelitoral.com.ar\/%77%70%2d%6a%73%6f%6e\/wp\/v2\/categories?post=79654"},{"taxonomy":"post_tag","embeddable":true,"href":"https:\/\/informelitoral.com.ar\/%77%70%2d%6a%73%6f%6e\/wp\/v2\/tags?post=79654"}],"curies":[{"name":"wp","href":"https:\/\/api.w.org\/{rel}","templated":true}]}}