{"id":79549,"date":"2022-06-13T09:58:55","date_gmt":"2022-06-13T12:58:55","guid":{"rendered":"https:\/\/www.informelitoral.com.ar\/?p=79549"},"modified":"2022-06-13T09:58:55","modified_gmt":"2022-06-13T12:58:55","slug":"se-construira-una-planta-farmaceutica-provincial-en-concepcion-del-uruguay","status":"publish","type":"post","link":"https:\/\/informelitoral.com.ar\/se-construira-una-planta-farmaceutica-provincial-en-concepcion-del-uruguay\/","title":{"rendered":"Se construir\u00e1 una planta farmac\u00e9utica provincial en Concepci\u00f3n del Uruguay"},"content":{"rendered":"<p>El gobernador Gustavo Bordet en Concepci\u00f3n del Uruguay firm\u00f3 los contratos para las obras de ampliaci\u00f3n en el hospital Justo Jos\u00e9 de Urquiza; y para la construcci\u00f3n de una planta farmac\u00e9utica provincial en el parque industrial de La Hist\u00f3rica. Adem\u00e1s, entreg\u00f3 un Aporte No Reembolsable para obras de infraestructura en el parque industrial, por m\u00e1s de 56 millones de pesos.<\/p>\n<p>\u201cHay un proyecto de ampliaci\u00f3n del hospital, y un proyecto de medicamentos, todo tiene que ver con la salud y el desarrollo\u201d, dijo el mandatario. \u201cPara m\u00ed es siempre un gusto siempre poder compartir una jornada de trabajo para seguir avanzando en trabajar y ponernos de acuerdo en proyectos que tiendan a generar nuevas acciones de gobierno que mejoren la calidad de vida de la gente\u00bb, asegur\u00f3.<\/p>\n<p>En esa l\u00ednea, afirm\u00f3 que esas \u201cson las cosas que nos entusiasman y nos obligan a seguir trabajando, muchas gracias por el acompa\u00f1amiento de todas las instituciones porque sin la participaci\u00f3n de las instituciones es muy dif\u00edcil poder llevar adelante este tipo de acciones\u201d, destac\u00f3.<\/p>\n<p>Record\u00f3 adem\u00e1s que \u00abhace mucho tiempo hab\u00edamos planteado la necesidad de retomar una sociedad que hab\u00eda sido creada, Industrias Farmac\u00e9uticas de Entre R\u00edos (Infader), con el objeto de poder generar la fabricaci\u00f3n de medicamentos en la provincia de Entre R\u00edos\u201d.<\/p>\n<p>Explic\u00f3 que Infader est\u00e1 integrada por el Instituto del Seguro, \u00abpor eso es que hicimos un trabajo muy silencioso pero continuo y constante durante muchos meses con el presidente del Instituto Aut\u00e1rquico Provincial del Seguro, Tom\u00e1s Proske, para desarrollar la construcci\u00f3n de este laboratorio que no es solamente la obra civil, que es lo que se va a hacer ahora, sino tambi\u00e9n el posterior desarrollo del plan estrat\u00e9gico de negocios que representa el laboratorio\u201d.<\/p>\n<p>El gobernador Bordet afirm\u00f3 que \u201cestamos cumpliendo con lo que hab\u00edamos comprometido, cuando me reun\u00ed al comienzo de gesti\u00f3n hab\u00edamos dise\u00f1ado y pensando esta ampliaci\u00f3n para el hospital, como estrat\u00e9gico para la ciudad de Concepci\u00f3n del Uruguay\u00bb, pero por la pandemia \u00abtuvimos que trabajar sobre la urgencia y poder resolver un problema que se nos presentaba ante la incertidumbre que se generaba y por eso se posterg\u00f3\u00bb.<\/p>\n<p>Tras hacer un recorrido por los tr\u00e1mites que se hicieron, dijo que eso posibilit\u00f3 \u201cllegar hoy a la firma del inicio de esta obra que estar\u00e1 comenzando en las pr\u00f3ximas semanas\u00bb, y explic\u00f3 que \u00abes una obra que se hace en dos etapas, esta es la primera y despu\u00e9s va a haber otra obra de ampliaci\u00f3n m\u00e1s para el hospital en una segunda etapa\u201d.<\/p>\n<p>Asimismo, resalt\u00f3 \u201cel alcance que tiene el hospital Urquiza, que es regional abarcando los departamentos Col\u00f3n, Tala y Uruguay; y tambi\u00e9n que Concepci\u00f3n del Uruguay es una ciudad que con una masa cr\u00edtica muy importante en profesionales de la salud que permite realizar este tipo de ampliaciones y poder tener una terapia pedi\u00e1trica porque los profesionales est\u00e1n aqu\u00ed y no hay que ir a buscarlos a otras ciudades\u00bb.<\/p>\n<p>P\u00e1rrafo aparte, inform\u00f3: \u00abTenemos algunas novedades para el parque industrial, hemos gestionado un aporte no reintegrable (ANR)\u00bb.<\/p>\n<p>Junto al gobernador Bordet, estuvieron la vicegobernadora Laura Stratta; el ministro de Planeamiento, Marcelo Richard; el secretario General de la Gobernaci\u00f3n, Franco Ferrari; el intendente de Concepci\u00f3n del Uruguay, Mart\u00edn Oliva; el senador por el departamento Uruguay, Horacio Amavet; la presidenta de la Fundaci\u00f3n Iapser, Mariel \u00c1vila; el presidente del IAPV, Marcelo Bisogni; el presidente de la C\u00e1mara de Diputados, \u00c1ngel Giano; el presidente del Instituto del Seguro, Tom\u00e1s Proske; intendentes de localidades del departamento Uruguay.<\/p>\n<p>Trabajando silenciosamente<\/p>\n<p>Por su parte, el titular del Instituto del Seguro, Tom\u00e1s Proske, explic\u00f3 que \u201ceste es un proyecto que venimos trabajando silenciosamente hace aproximadamente un a\u00f1o y medio, una sociedad que no ven\u00eda teniendo ning\u00fan tipo de actividad comercial, trabajamos fuertemente con todo el equipo del Iapser y Infader para regularizar esa sociedad donde el Instituto hoy es el accionista mayoritario con el 99 por ciento de las acciones y conformamos un pliego para llamar a licitaci\u00f3n para el proyecto y construcci\u00f3n de un laboratorio de productos medicinales\u00bb.<\/p>\n<p>\u201cHoy es un d\u00eda para festejar, hist\u00f3rico, porque estamos planteando un laboratorio en la provincia de Entre R\u00edos, p\u00fablico provincial con capitales p\u00fablicos, donde va a conformar una sinergia con el sector privado, tambi\u00e9n instituciones con las que ya nos reunimos\u201d, sostuvo.<\/p>\n<p>\u201cEsto es un paso importante para un proyecto estrat\u00e9gico y anhelado\u201d dijo Proske y mencion\u00f3: \u201cLa industria farmac\u00e9utica es una pieza clave dentro del sistema de salud de un pa\u00eds, permite facilitar e incluso garantizar el acceso a la medicaci\u00f3n a la poblaci\u00f3n y es en este sentido que se inicia un proyecto con grandes anhelos\u201d.<\/p>\n<p>Proske mencion\u00f3 que se ha firmado un acuerdo de colaboraci\u00f3n entre Infader y la Universidad de Entre R\u00edos a fin de ampliar las posibilidades de generaci\u00f3n de valor agregado, investigaci\u00f3n y desarrollo.<\/p>\n<p>Inform\u00f3 que la inversi\u00f3n supera los 100 millones de pesos, en una primera etapa y en otras etapas posteriores, van a tener inversiones de dos a tres millones de d\u00f3lares, \u201cson inversiones m\u00e1s que importantes para el parque industrial y para la ciudad de Concepci\u00f3n del Uruguay en un trabajo por indicaci\u00f3n del gobernador que nos inst\u00f3 a regularizar la sociedad y ponerla en marcha. Hoy estamos firmado el contrato y estamos muy contentos\u00bb, cerr\u00f3.<\/p>\n<p>Aporte para el parque industrial<\/p>\n<p>Por su parte, el ministro Bahiilo dio precisiones sobre el aporte para el parque industrial, y explic\u00f3 que \u201cese aporte no reembolsable para el parque industrial de Concepci\u00f3n del Uruguay, lo ha definido como prioritario el intendente y su equipo de trabajo, y est\u00e1 en el marco de las gestiones que llevamos en conjunto entre el gobierno provincial ante el Ministerio de Desarrollo Productivo de Naci\u00f3n\u00bb, dijo que es por \u201cun valor de 56.337.000 pesos que el intendente definir\u00e1 para las obras de infraestructura que considere necesarias\u00bb.<\/p>\n<p>Por \u00faltimo, el titular de la cartera productiva provincial, inform\u00f3 que \u201cEntre R\u00edos tiene 32 parques industriales aprobados, 23 en funcionamiento, somos la provincia con mayor cantidad de hect\u00e1reas en parques industriales. El desarrollo territorial que tienen los parques industriales en nuestra provincia con el desarrollo de infraestructura que le ha dado la obra p\u00fablica en los \u00faltimos seis a\u00f1os, m\u00e1s la priorizaci\u00f3n en un plan de conectividad que est\u00e1 llevando adelante el gobierno provincial, est\u00e1 dotando a los parques industriales de la provincia, de toda la infraestructura y las condiciones para poder desarrollar el potencial industrial que tenemos \u00ab.<\/p>\n<p>Detalles de ampliaci\u00f3n en el hospital<\/p>\n<p>Las obras de ampliaci\u00f3n del hospital Justo Jos\u00e9 de Urquiza prev\u00e9n la construcci\u00f3n de una nueva Unidad de Terapia Intensiva de 13 camas, que se ubicar\u00e1 en la totalidad del segundo piso del edificio, con una superficie aproximada de 492 m2. Se contemplan dos terrazas accesibles, que ser\u00e1n incorporadas a la superficie, sumando 76 m2 m\u00e1s.<\/p>\n<p>Asimismo, se prev\u00e9 la construcci\u00f3n de nuevos dormitorios para m\u00e9dicos de guardia, y una ampliaci\u00f3n al sector di\u00e1lisis, toda esta nueva obra en la planta baja del hospital. La obra fue adjudicada a la empresa Orlando Jos\u00e9 Mar\u00eda Peterson por m\u00e1s de 113 millones de pesos.<\/p>\n<p>Planta farmac\u00e9utica provincial<\/p>\n<p>En tanto que la planta farmac\u00e9utica se ejecutar\u00e1 en el Parque Industrial de Concepci\u00f3n del Uruguay por un monto de 116.846.868 pesos y la har\u00e1 la empresa Raposeiras Taylor SA.<\/p>\n<p>Entre R\u00edos es una provincia con un fuerte posicionamiento en la industria farmac\u00e9utica que cuenta con laboratorios privados de gran importancia. La puesta en marcha de Infader tiene entre sus estrategias el esfuerzo y articulaci\u00f3n p\u00fablico-privado a fin de generar una sinergia positiva en favor de profundizar el desarrollo provincial de este sector.<\/p>\n<p>Es as\u00ed que Infader como empresa entrerriana de medicamentos tender\u00e1 a fortalecer la producci\u00f3n p\u00fablica de medicamentos, articulando con los distintos actores y generando las vinculaciones entre las distintas \u00e1reas estrat\u00e9gicas a fin de lograr eficiencia y favorecer las necesidades de la pol\u00edtica sanitaria.<\/p>\n<p>En cuanto al sitio de emplazamiento desde la empresa se se\u00f1al\u00f3 que para la elecci\u00f3n del lugar de radicaci\u00f3n de la planta farmac\u00e9utica se analizaron los objetivos centrales del proyecto en cuanto a ser una opci\u00f3n a la generaci\u00f3n de recursos humanos en la provincia, garantizar el acceso a los medicamentos, integrarse al marco farmac\u00e9utico productivo de la provincia complementando la oferta de servicios y productos existentes, como tambi\u00e9n aspectos cl\u00e1sicos en la selecci\u00f3n del sitio de radicaci\u00f3n como comunicaciones, red vial, potencia el\u00e9ctrica y provisi\u00f3n de gas, recursos humanos, entre otros.<\/p>\n<p>Por su parte como aspecto estrat\u00e9gico se enfatiz\u00f3 la formaci\u00f3n de recursos humanos que se realiza en la Universidad de Entre R\u00edos en esa regi\u00f3n, ya que cuenta con dependencias de las especialidades de Farmacia y Bioqu\u00edmica en Gualeguaych\u00fa, y Medicina en Concepci\u00f3n del Uruguay. Este recurso de formaci\u00f3n de capital humano, junto a las instalaciones y equipamiento con el que las facultades cuentan, permiten una articulaci\u00f3n sin\u00e9rgica que entre las instituciones generar\u00e1n favoreciendo el desarrollo de la regi\u00f3n y potenciando en proyecto.<\/p>\n<p>En esta etapa del proyecto se ejecutar\u00e1 un dep\u00f3sito farmac\u00e9utico, oficinas y vestuarios de personal. Tambi\u00e9n se realizar\u00e1n las obras vinculadas a la infraestructura del predio, un laboratorio de Control de Calidad y un Laboratorio de Microbiolog\u00eda junto con \u00c1reas para Acondicionamiento Primario y Secundario de productos farmac\u00e9uticos y as\u00ed dar inicio al emprendimiento y convertirlo en el Laboratorio Farmac\u00e9utico Elaborador de Especialidades Medicinales de la provincia de Entre R\u00edos.<\/p>\n","protected":false},"excerpt":{"rendered":"<p>El gobernador Gustavo Bordet estuvo en Concepci\u00f3n del Uruguay, donde firm\u00f3 contratos para obras de ampliaci\u00f3n en el hospital Justo Jos\u00e9 de Urquiza y la construcci\u00f3n de una planta farmac\u00e9utica en el parque industrial de esa localidad.<\/p>\n","protected":false},"author":8,"featured_media":79550,"comment_status":"open","ping_status":"open","sticky":false,"template":"","format":"standard","meta":{"fifu_image_url":"","fifu_image_alt":"","footnotes":""},"categories":[6],"tags":[167,2928,3720],"class_list":{"0":"post-79549","1":"post","2":"type-post","3":"status-publish","4":"format-standard","5":"has-post-thumbnail","7":"category-entre-rios","8":"tag-gustavo-bordet","9":"tag-obra","10":"tag-planta-farmaceutica"},"yoast_head":"<title>Se construir\u00e1 una planta farmac\u00e9utica provincial en Concepci\u00f3n del Uruguay - Informe Litoral<\/title>\n<meta name=\"robots\" content=\"index, follow, max-snippet:-1, max-image-preview:large, max-video-preview:-1\" \/>\n<link rel=\"canonical\" href=\"https:\/\/informelitoral.com.ar\/se-construira-una-planta-farmaceutica-provincial-en-concepcion-del-uruguay\/\" \/>\n<meta property=\"og:locale\" content=\"es_ES\" \/>\n<meta property=\"og:type\" content=\"article\" \/>\n<meta property=\"og:title\" content=\"Se construir\u00e1 una planta farmac\u00e9utica provincial en Concepci\u00f3n del Uruguay - Informe Litoral\" \/>\n<meta property=\"og:description\" content=\"El gobernador Gustavo Bordet estuvo en Concepci\u00f3n del Uruguay, donde firm\u00f3 contratos para obras de ampliaci\u00f3n en el hospital Justo Jos\u00e9 de Urquiza y la construcci\u00f3n de una planta farmac\u00e9utica en el parque industrial de esa localidad.\" \/>\n<meta property=\"og:url\" content=\"https:\/\/informelitoral.com.ar\/se-construira-una-planta-farmaceutica-provincial-en-concepcion-del-uruguay\/\" \/>\n<meta property=\"og:site_name\" content=\"Informe Litoral\" \/>\n<meta property=\"article:publisher\" content=\"https:\/\/www.facebook.com\/informelitoral\/\" \/>\n<meta property=\"article:published_time\" content=\"2022-06-13T12:58:55+00:00\" \/>\n<meta property=\"og:image\" content=\"https:\/\/informelitoral.com.ar\/%77%70%2d%63%6f%6e%74%65%6e%74\/uploads\/2022\/06\/p_1655063885.jpg\" \/>\n\t<meta property=\"og:image:width\" content=\"1920\" \/>\n\t<meta property=\"og:image:height\" content=\"800\" \/>\n\t<meta property=\"og:image:type\" content=\"image\/jpeg\" \/>\n<meta name=\"author\" content=\"Sebastian\" \/>\n<meta name=\"twitter:card\" content=\"summary_large_image\" \/>\n<meta name=\"twitter:creator\" content=\"@InformeLitoral\" \/>\n<meta name=\"twitter:site\" content=\"@InformeLitoral\" \/>\n<meta name=\"twitter:label1\" content=\"Escrito por\" \/>\n\t<meta name=\"twitter:data1\" content=\"Sebastian\" \/>\n\t<meta name=\"twitter:label2\" content=\"Tiempo de lectura\" \/>\n\t<meta name=\"twitter:data2\" content=\"8 minutos\" \/>\n<script type=\"application\/ld+json\" class=\"yoast-schema-graph\">{\"@context\":\"https:\\\/\\\/schema.org\",\"@graph\":[{\"@type\":\"Article\",\"@id\":\"https:\\\/\\\/informelitoral.com.ar\\\/se-construira-una-planta-farmaceutica-provincial-en-concepcion-del-uruguay\\\/#article\",\"isPartOf\":{\"@id\":\"https:\\\/\\\/informelitoral.com.ar\\\/se-construira-una-planta-farmaceutica-provincial-en-concepcion-del-uruguay\\\/\"},\"author\":{\"name\":\"Sebastian\",\"@id\":\"https:\\\/\\\/informelitoral.com.ar\\\/#\\\/schema\\\/person\\\/f05f9f461677119578717524b127d6d5\"},\"headline\":\"Se construir\u00e1 una planta farmac\u00e9utica provincial en Concepci\u00f3n del Uruguay\",\"datePublished\":\"2022-06-13T12:58:55+00:00\",\"mainEntityOfPage\":{\"@id\":\"https:\\\/\\\/informelitoral.com.ar\\\/se-construira-una-planta-farmaceutica-provincial-en-concepcion-del-uruguay\\\/\"},\"wordCount\":1685,\"commentCount\":0,\"publisher\":{\"@id\":\"https:\\\/\\\/informelitoral.com.ar\\\/#organization\"},\"image\":{\"@id\":\"https:\\\/\\\/informelitoral.com.ar\\\/se-construira-una-planta-farmaceutica-provincial-en-concepcion-del-uruguay\\\/#primaryimage\"},\"thumbnailUrl\":\"https:\\\/\\\/informelitoral.com.ar\\\/%77%70%2d%63%6f%6e%74%65%6e%74\\\/uploads\\\/2022\\\/06\\\/p_1655063885.jpg\",\"keywords\":[\"Gustavo Bordet\",\"Obra\",\"Planta Farmac\u00e9utica\"],\"articleSection\":[\"Entre R\u00edos\"],\"inLanguage\":\"es\",\"potentialAction\":[{\"@type\":\"CommentAction\",\"name\":\"Comment\",\"target\":[\"https:\\\/\\\/informelitoral.com.ar\\\/se-construira-una-planta-farmaceutica-provincial-en-concepcion-del-uruguay\\\/#respond\"]}]},{\"@type\":\"WebPage\",\"@id\":\"https:\\\/\\\/informelitoral.com.ar\\\/se-construira-una-planta-farmaceutica-provincial-en-concepcion-del-uruguay\\\/\",\"url\":\"https:\\\/\\\/informelitoral.com.ar\\\/se-construira-una-planta-farmaceutica-provincial-en-concepcion-del-uruguay\\\/\",\"name\":\"Se construir\u00e1 una planta farmac\u00e9utica provincial en Concepci\u00f3n del Uruguay - Informe Litoral\",\"isPartOf\":{\"@id\":\"https:\\\/\\\/informelitoral.com.ar\\\/#website\"},\"primaryImageOfPage\":{\"@id\":\"https:\\\/\\\/informelitoral.com.ar\\\/se-construira-una-planta-farmaceutica-provincial-en-concepcion-del-uruguay\\\/#primaryimage\"},\"image\":{\"@id\":\"https:\\\/\\\/informelitoral.com.ar\\\/se-construira-una-planta-farmaceutica-provincial-en-concepcion-del-uruguay\\\/#primaryimage\"},\"thumbnailUrl\":\"https:\\\/\\\/informelitoral.com.ar\\\/%77%70%2d%63%6f%6e%74%65%6e%74\\\/uploads\\\/2022\\\/06\\\/p_1655063885.jpg\",\"datePublished\":\"2022-06-13T12:58:55+00:00\",\"breadcrumb\":{\"@id\":\"https:\\\/\\\/informelitoral.com.ar\\\/se-construira-una-planta-farmaceutica-provincial-en-concepcion-del-uruguay\\\/#breadcrumb\"},\"inLanguage\":\"es\",\"potentialAction\":[{\"@type\":\"ReadAction\",\"target\":[\"https:\\\/\\\/informelitoral.com.ar\\\/se-construira-una-planta-farmaceutica-provincial-en-concepcion-del-uruguay\\\/\"]}]},{\"@type\":\"ImageObject\",\"inLanguage\":\"es\",\"@id\":\"https:\\\/\\\/informelitoral.com.ar\\\/se-construira-una-planta-farmaceutica-provincial-en-concepcion-del-uruguay\\\/#primaryimage\",\"url\":\"https:\\\/\\\/informelitoral.com.ar\\\/%77%70%2d%63%6f%6e%74%65%6e%74\\\/uploads\\\/2022\\\/06\\\/p_1655063885.jpg\",\"contentUrl\":\"https:\\\/\\\/informelitoral.com.ar\\\/%77%70%2d%63%6f%6e%74%65%6e%74\\\/uploads\\\/2022\\\/06\\\/p_1655063885.jpg\",\"width\":1920,\"height\":800},{\"@type\":\"BreadcrumbList\",\"@id\":\"https:\\\/\\\/informelitoral.com.ar\\\/se-construira-una-planta-farmaceutica-provincial-en-concepcion-del-uruguay\\\/#breadcrumb\",\"itemListElement\":[{\"@type\":\"ListItem\",\"position\":1,\"name\":\"Portada\",\"item\":\"https:\\\/\\\/informelitoral.com.ar\\\/\"},{\"@type\":\"ListItem\",\"position\":2,\"name\":\"Se construir\u00e1 una planta farmac\u00e9utica provincial en Concepci\u00f3n del Uruguay\"}]},{\"@type\":\"WebSite\",\"@id\":\"https:\\\/\\\/informelitoral.com.ar\\\/#website\",\"url\":\"https:\\\/\\\/informelitoral.com.ar\\\/\",\"name\":\"Informe Litoral\",\"description\":\"&quot;Nos informamos&quot; \",\"publisher\":{\"@id\":\"https:\\\/\\\/informelitoral.com.ar\\\/#organization\"},\"potentialAction\":[{\"@type\":\"SearchAction\",\"target\":{\"@type\":\"EntryPoint\",\"urlTemplate\":\"https:\\\/\\\/informelitoral.com.ar\\\/?s={search_term_string}\"},\"query-input\":{\"@type\":\"PropertyValueSpecification\",\"valueRequired\":true,\"valueName\":\"search_term_string\"}}],\"inLanguage\":\"es\"},{\"@type\":\"Organization\",\"@id\":\"https:\\\/\\\/informelitoral.com.ar\\\/#organization\",\"name\":\"Informe Litoral\",\"url\":\"https:\\\/\\\/informelitoral.com.ar\\\/\",\"logo\":{\"@type\":\"ImageObject\",\"inLanguage\":\"es\",\"@id\":\"https:\\\/\\\/informelitoral.com.ar\\\/#\\\/schema\\\/logo\\\/image\\\/\",\"url\":\"https:\\\/\\\/informelitoral.com.ar\\\/%77%70%2d%63%6f%6e%74%65%6e%74\\\/uploads\\\/2021\\\/01\\\/circulo.png\",\"contentUrl\":\"https:\\\/\\\/informelitoral.com.ar\\\/%77%70%2d%63%6f%6e%74%65%6e%74\\\/uploads\\\/2021\\\/01\\\/circulo.png\",\"width\":723,\"height\":731,\"caption\":\"Informe Litoral\"},\"image\":{\"@id\":\"https:\\\/\\\/informelitoral.com.ar\\\/#\\\/schema\\\/logo\\\/image\\\/\"},\"sameAs\":[\"https:\\\/\\\/www.facebook.com\\\/informelitoral\\\/\",\"https:\\\/\\\/x.com\\\/InformeLitoral\",\"https:\\\/\\\/www.instagram.com\\\/informelitoral\\\/\",\"https:\\\/\\\/www.youtube.com\\\/channel\\\/UCua4Qvz8Icb6MYqhoq9xLXw\"]},{\"@type\":\"Person\",\"@id\":\"https:\\\/\\\/informelitoral.com.ar\\\/#\\\/schema\\\/person\\\/f05f9f461677119578717524b127d6d5\",\"name\":\"Sebastian\",\"image\":{\"@type\":\"ImageObject\",\"inLanguage\":\"es\",\"@id\":\"https:\\\/\\\/secure.gravatar.com\\\/avatar\\\/b71bf7481d447dfb9583c7f2798e7cc64de6efb9067b74633ed8c31059a3bd82?s=96&d=mm&r=g\",\"url\":\"https:\\\/\\\/secure.gravatar.com\\\/avatar\\\/b71bf7481d447dfb9583c7f2798e7cc64de6efb9067b74633ed8c31059a3bd82?s=96&d=mm&r=g\",\"contentUrl\":\"https:\\\/\\\/secure.gravatar.com\\\/avatar\\\/b71bf7481d447dfb9583c7f2798e7cc64de6efb9067b74633ed8c31059a3bd82?s=96&d=mm&r=g\",\"caption\":\"Sebastian\"},\"url\":\"https:\\\/\\\/informelitoral.com.ar\\\/author\\\/sebastian\\\/\"}]}<\/script>","yoast_head_json":{"title":"Se construir\u00e1 una planta farmac\u00e9utica provincial en Concepci\u00f3n del Uruguay - Informe Litoral","robots":{"index":"index","follow":"follow","max-snippet":"max-snippet:-1","max-image-preview":"max-image-preview:large","max-video-preview":"max-video-preview:-1"},"canonical":"https:\/\/informelitoral.com.ar\/se-construira-una-planta-farmaceutica-provincial-en-concepcion-del-uruguay\/","og_locale":"es_ES","og_type":"article","og_title":"Se construir\u00e1 una planta farmac\u00e9utica provincial en Concepci\u00f3n del Uruguay - Informe Litoral","og_description":"El gobernador Gustavo Bordet estuvo en Concepci\u00f3n del Uruguay, donde firm\u00f3 contratos para obras de ampliaci\u00f3n en el hospital Justo Jos\u00e9 de Urquiza y la construcci\u00f3n de una planta farmac\u00e9utica en el parque industrial de esa localidad.","og_url":"https:\/\/informelitoral.com.ar\/se-construira-una-planta-farmaceutica-provincial-en-concepcion-del-uruguay\/","og_site_name":"Informe Litoral","article_publisher":"https:\/\/www.facebook.com\/informelitoral\/","article_published_time":"2022-06-13T12:58:55+00:00","og_image":[{"width":1920,"height":800,"url":"https:\/\/informelitoral.com.ar\/%77%70%2d%63%6f%6e%74%65%6e%74\/uploads\/2022\/06\/p_1655063885.jpg","type":"image\/jpeg"}],"author":"Sebastian","twitter_card":"summary_large_image","twitter_creator":"@InformeLitoral","twitter_site":"@InformeLitoral","twitter_misc":{"Escrito por":"Sebastian","Tiempo de lectura":"8 minutos"},"schema":{"@context":"https:\/\/schema.org","@graph":[{"@type":"Article","@id":"https:\/\/informelitoral.com.ar\/se-construira-una-planta-farmaceutica-provincial-en-concepcion-del-uruguay\/#article","isPartOf":{"@id":"https:\/\/informelitoral.com.ar\/se-construira-una-planta-farmaceutica-provincial-en-concepcion-del-uruguay\/"},"author":{"name":"Sebastian","@id":"https:\/\/informelitoral.com.ar\/#\/schema\/person\/f05f9f461677119578717524b127d6d5"},"headline":"Se construir\u00e1 una planta farmac\u00e9utica provincial en Concepci\u00f3n del Uruguay","datePublished":"2022-06-13T12:58:55+00:00","mainEntityOfPage":{"@id":"https:\/\/informelitoral.com.ar\/se-construira-una-planta-farmaceutica-provincial-en-concepcion-del-uruguay\/"},"wordCount":1685,"commentCount":0,"publisher":{"@id":"https:\/\/informelitoral.com.ar\/#organization"},"image":{"@id":"https:\/\/informelitoral.com.ar\/se-construira-una-planta-farmaceutica-provincial-en-concepcion-del-uruguay\/#primaryimage"},"thumbnailUrl":"https:\/\/informelitoral.com.ar\/%77%70%2d%63%6f%6e%74%65%6e%74\/uploads\/2022\/06\/p_1655063885.jpg","keywords":["Gustavo Bordet","Obra","Planta Farmac\u00e9utica"],"articleSection":["Entre R\u00edos"],"inLanguage":"es","potentialAction":[{"@type":"CommentAction","name":"Comment","target":["https:\/\/informelitoral.com.ar\/se-construira-una-planta-farmaceutica-provincial-en-concepcion-del-uruguay\/#respond"]}]},{"@type":"WebPage","@id":"https:\/\/informelitoral.com.ar\/se-construira-una-planta-farmaceutica-provincial-en-concepcion-del-uruguay\/","url":"https:\/\/informelitoral.com.ar\/se-construira-una-planta-farmaceutica-provincial-en-concepcion-del-uruguay\/","name":"Se construir\u00e1 una planta farmac\u00e9utica provincial en Concepci\u00f3n del Uruguay - Informe Litoral","isPartOf":{"@id":"https:\/\/informelitoral.com.ar\/#website"},"primaryImageOfPage":{"@id":"https:\/\/informelitoral.com.ar\/se-construira-una-planta-farmaceutica-provincial-en-concepcion-del-uruguay\/#primaryimage"},"image":{"@id":"https:\/\/informelitoral.com.ar\/se-construira-una-planta-farmaceutica-provincial-en-concepcion-del-uruguay\/#primaryimage"},"thumbnailUrl":"https:\/\/informelitoral.com.ar\/%77%70%2d%63%6f%6e%74%65%6e%74\/uploads\/2022\/06\/p_1655063885.jpg","datePublished":"2022-06-13T12:58:55+00:00","breadcrumb":{"@id":"https:\/\/informelitoral.com.ar\/se-construira-una-planta-farmaceutica-provincial-en-concepcion-del-uruguay\/#breadcrumb"},"inLanguage":"es","potentialAction":[{"@type":"ReadAction","target":["https:\/\/informelitoral.com.ar\/se-construira-una-planta-farmaceutica-provincial-en-concepcion-del-uruguay\/"]}]},{"@type":"ImageObject","inLanguage":"es","@id":"https:\/\/informelitoral.com.ar\/se-construira-una-planta-farmaceutica-provincial-en-concepcion-del-uruguay\/#primaryimage","url":"https:\/\/informelitoral.com.ar\/%77%70%2d%63%6f%6e%74%65%6e%74\/uploads\/2022\/06\/p_1655063885.jpg","contentUrl":"https:\/\/informelitoral.com.ar\/%77%70%2d%63%6f%6e%74%65%6e%74\/uploads\/2022\/06\/p_1655063885.jpg","width":1920,"height":800},{"@type":"BreadcrumbList","@id":"https:\/\/informelitoral.com.ar\/se-construira-una-planta-farmaceutica-provincial-en-concepcion-del-uruguay\/#breadcrumb","itemListElement":[{"@type":"ListItem","position":1,"name":"Portada","item":"https:\/\/informelitoral.com.ar\/"},{"@type":"ListItem","position":2,"name":"Se construir\u00e1 una planta farmac\u00e9utica provincial en Concepci\u00f3n del Uruguay"}]},{"@type":"WebSite","@id":"https:\/\/informelitoral.com.ar\/#website","url":"https:\/\/informelitoral.com.ar\/","name":"Informe Litoral","description":"&quot;Nos informamos&quot; ","publisher":{"@id":"https:\/\/informelitoral.com.ar\/#organization"},"potentialAction":[{"@type":"SearchAction","target":{"@type":"EntryPoint","urlTemplate":"https:\/\/informelitoral.com.ar\/?s={search_term_string}"},"query-input":{"@type":"PropertyValueSpecification","valueRequired":true,"valueName":"search_term_string"}}],"inLanguage":"es"},{"@type":"Organization","@id":"https:\/\/informelitoral.com.ar\/#organization","name":"Informe Litoral","url":"https:\/\/informelitoral.com.ar\/","logo":{"@type":"ImageObject","inLanguage":"es","@id":"https:\/\/informelitoral.com.ar\/#\/schema\/logo\/image\/","url":"https:\/\/informelitoral.com.ar\/%77%70%2d%63%6f%6e%74%65%6e%74\/uploads\/2021\/01\/circulo.png","contentUrl":"https:\/\/informelitoral.com.ar\/%77%70%2d%63%6f%6e%74%65%6e%74\/uploads\/2021\/01\/circulo.png","width":723,"height":731,"caption":"Informe Litoral"},"image":{"@id":"https:\/\/informelitoral.com.ar\/#\/schema\/logo\/image\/"},"sameAs":["https:\/\/www.facebook.com\/informelitoral\/","https:\/\/x.com\/InformeLitoral","https:\/\/www.instagram.com\/informelitoral\/","https:\/\/www.youtube.com\/channel\/UCua4Qvz8Icb6MYqhoq9xLXw"]},{"@type":"Person","@id":"https:\/\/informelitoral.com.ar\/#\/schema\/person\/f05f9f461677119578717524b127d6d5","name":"Sebastian","image":{"@type":"ImageObject","inLanguage":"es","@id":"https:\/\/secure.gravatar.com\/avatar\/b71bf7481d447dfb9583c7f2798e7cc64de6efb9067b74633ed8c31059a3bd82?s=96&d=mm&r=g","url":"https:\/\/secure.gravatar.com\/avatar\/b71bf7481d447dfb9583c7f2798e7cc64de6efb9067b74633ed8c31059a3bd82?s=96&d=mm&r=g","contentUrl":"https:\/\/secure.gravatar.com\/avatar\/b71bf7481d447dfb9583c7f2798e7cc64de6efb9067b74633ed8c31059a3bd82?s=96&d=mm&r=g","caption":"Sebastian"},"url":"https:\/\/informelitoral.com.ar\/author\/sebastian\/"}]}},"_links":{"self":[{"href":"https:\/\/informelitoral.com.ar\/%77%70%2d%6a%73%6f%6e\/wp\/v2\/posts\/79549","targetHints":{"allow":["GET"]}}],"collection":[{"href":"https:\/\/informelitoral.com.ar\/%77%70%2d%6a%73%6f%6e\/wp\/v2\/posts"}],"about":[{"href":"https:\/\/informelitoral.com.ar\/%77%70%2d%6a%73%6f%6e\/wp\/v2\/types\/post"}],"author":[{"embeddable":true,"href":"https:\/\/informelitoral.com.ar\/%77%70%2d%6a%73%6f%6e\/wp\/v2\/users\/8"}],"replies":[{"embeddable":true,"href":"https:\/\/informelitoral.com.ar\/%77%70%2d%6a%73%6f%6e\/wp\/v2\/comments?post=79549"}],"version-history":[{"count":0,"href":"https:\/\/informelitoral.com.ar\/%77%70%2d%6a%73%6f%6e\/wp\/v2\/posts\/79549\/revisions"}],"wp:featuredmedia":[{"embeddable":true,"href":"https:\/\/informelitoral.com.ar\/%77%70%2d%6a%73%6f%6e\/wp\/v2\/media\/79550"}],"wp:attachment":[{"href":"https:\/\/informelitoral.com.ar\/%77%70%2d%6a%73%6f%6e\/wp\/v2\/media?parent=79549"}],"wp:term":[{"taxonomy":"category","embeddable":true,"href":"https:\/\/informelitoral.com.ar\/%77%70%2d%6a%73%6f%6e\/wp\/v2\/categories?post=79549"},{"taxonomy":"post_tag","embeddable":true,"href":"https:\/\/informelitoral.com.ar\/%77%70%2d%6a%73%6f%6e\/wp\/v2\/tags?post=79549"}],"curies":[{"name":"wp","href":"https:\/\/api.w.org\/{rel}","templated":true}]}}