{"id":79543,"date":"2022-06-13T09:30:06","date_gmt":"2022-06-13T12:30:06","guid":{"rendered":"https:\/\/www.informelitoral.com.ar\/?p=79543"},"modified":"2022-06-13T09:30:06","modified_gmt":"2022-06-13T12:30:06","slug":"evaluan-la-marcha-de-las-obras-en-ejecucion-y-los-proyectos-para-el-departamento-diamante","status":"publish","type":"post","link":"https:\/\/informelitoral.com.ar\/evaluan-la-marcha-de-las-obras-en-ejecucion-y-los-proyectos-para-el-departamento-diamante\/","title":{"rendered":"Eval\u00faan la marcha de las obras en ejecuci\u00f3n y los proyectos para el departamento Diamante"},"content":{"rendered":"<p>Acompa\u00f1ados por la secretaria de Planeamiento, Eugenia Mayr, los funcionarios abordaron una agenda importante de obras, gestiones, proyectos, para distintas localidades del departamento.<\/p>\n<p>Al respecto, la senadora Claudia Gieco indic\u00f3: \u201cLa reuni\u00f3n con el ministro Richard y Eugenia Mayr estuvo encuadrada en hacer un repaso de las obras pendientes y en ejecuci\u00f3n en el departamento. Tambi\u00e9n se plantearon algunas obras que queremos ver, como es el acueducto, su proyecto, para que quede plasmado su financiamiento\u201d.<\/p>\n<p>Por otro lado, la legisladora coment\u00f3 que se llev\u00f3 adelante \u201cuna revisi\u00f3n de obras que, actualmente, est\u00e1n los tiempos de finalizaci\u00f3n y repasamos su avance. Estuvimos evaluando tambi\u00e9n algunos proyectos, como el de cloacas de Strobel, el centro cultural de Diamante, el hospital escuela de General Ram\u00edrez y el futuro hospital para esta ciudad. Hay una decisi\u00f3n pol\u00edtica de conseguir el financiamiento para el hospital escuela de Ram\u00edrez y Diamante\u201d.<\/p>\n<p>Finalmente, la senadora Gieco precis\u00f3 que en relaci\u00f3n a la escuela t\u00e9cnica de Villa Valle Mar\u00eda \u201cest\u00e1 en carpeta, est\u00e1 avanzando a trav\u00e9s de Naci\u00f3n, con el trabajo que lleva adelante el CGE\u201d<\/p>\n","protected":false},"excerpt":{"rendered":"<p>El ministro de Planeamiento, Marcelo Richard, repas\u00f3 junto a la senadora Claudia Gieco, las obras y proyectos que se vienen ejecutando y planificando para el departamento Diamante.<\/p>\n","protected":false},"author":8,"featured_media":79544,"comment_status":"open","ping_status":"open","sticky":false,"template":"","format":"standard","meta":{"fifu_image_url":"","fifu_image_alt":"","footnotes":""},"categories":[5],"tags":[1037,1385,283],"class_list":{"0":"post-79543","1":"post","2":"type-post","3":"status-publish","4":"format-standard","5":"has-post-thumbnail","7":"category-zonales","8":"tag-claudia-gieco","9":"tag-departamento-diamante","10":"tag-obras"},"yoast_head":"<title>Eval\u00faan la marcha de las obras en ejecuci\u00f3n y los proyectos para el departamento Diamante - Informe Litoral<\/title>\n<meta name=\"robots\" content=\"index, follow, max-snippet:-1, max-image-preview:large, max-video-preview:-1\" \/>\n<link rel=\"canonical\" href=\"https:\/\/informelitoral.com.ar\/evaluan-la-marcha-de-las-obras-en-ejecucion-y-los-proyectos-para-el-departamento-diamante\/\" \/>\n<meta property=\"og:locale\" content=\"es_ES\" \/>\n<meta property=\"og:type\" content=\"article\" \/>\n<meta property=\"og:title\" content=\"Eval\u00faan la marcha de las obras en ejecuci\u00f3n y los proyectos para el departamento Diamante - Informe Litoral\" \/>\n<meta property=\"og:description\" content=\"El ministro de Planeamiento, Marcelo Richard, repas\u00f3 junto a la senadora Claudia Gieco, las obras y proyectos que se vienen ejecutando y planificando para el departamento Diamante.\" \/>\n<meta property=\"og:url\" content=\"https:\/\/informelitoral.com.ar\/evaluan-la-marcha-de-las-obras-en-ejecucion-y-los-proyectos-para-el-departamento-diamante\/\" \/>\n<meta property=\"og:site_name\" content=\"Informe Litoral\" \/>\n<meta property=\"article:publisher\" content=\"https:\/\/www.facebook.com\/informelitoral\/\" \/>\n<meta property=\"article:published_time\" content=\"2022-06-13T12:30:06+00:00\" \/>\n<meta property=\"og:image\" content=\"https:\/\/informelitoral.com.ar\/%77%70%2d%63%6f%6e%74%65%6e%74\/uploads\/2022\/06\/p_1655121908.jpg\" \/>\n\t<meta property=\"og:image:width\" content=\"1920\" \/>\n\t<meta property=\"og:image:height\" content=\"800\" \/>\n\t<meta property=\"og:image:type\" content=\"image\/jpeg\" \/>\n<meta name=\"author\" content=\"Sebastian\" \/>\n<meta name=\"twitter:card\" content=\"summary_large_image\" \/>\n<meta name=\"twitter:creator\" content=\"@InformeLitoral\" \/>\n<meta name=\"twitter:site\" content=\"@InformeLitoral\" \/>\n<meta name=\"twitter:label1\" content=\"Escrito por\" \/>\n\t<meta name=\"twitter:data1\" content=\"Sebastian\" \/>\n\t<meta name=\"twitter:label2\" content=\"Tiempo de lectura\" \/>\n\t<meta name=\"twitter:data2\" content=\"1 minuto\" \/>\n<script type=\"application\/ld+json\" class=\"yoast-schema-graph\">{\"@context\":\"https:\\\/\\\/schema.org\",\"@graph\":[{\"@type\":\"Article\",\"@id\":\"https:\\\/\\\/informelitoral.com.ar\\\/evaluan-la-marcha-de-las-obras-en-ejecucion-y-los-proyectos-para-el-departamento-diamante\\\/#article\",\"isPartOf\":{\"@id\":\"https:\\\/\\\/informelitoral.com.ar\\\/evaluan-la-marcha-de-las-obras-en-ejecucion-y-los-proyectos-para-el-departamento-diamante\\\/\"},\"author\":{\"name\":\"Sebastian\",\"@id\":\"https:\\\/\\\/informelitoral.com.ar\\\/#\\\/schema\\\/person\\\/f05f9f461677119578717524b127d6d5\"},\"headline\":\"Eval\u00faan la marcha de las obras en ejecuci\u00f3n y los proyectos para el departamento Diamante\",\"datePublished\":\"2022-06-13T12:30:06+00:00\",\"mainEntityOfPage\":{\"@id\":\"https:\\\/\\\/informelitoral.com.ar\\\/evaluan-la-marcha-de-las-obras-en-ejecucion-y-los-proyectos-para-el-departamento-diamante\\\/\"},\"wordCount\":212,\"commentCount\":0,\"publisher\":{\"@id\":\"https:\\\/\\\/informelitoral.com.ar\\\/#organization\"},\"image\":{\"@id\":\"https:\\\/\\\/informelitoral.com.ar\\\/evaluan-la-marcha-de-las-obras-en-ejecucion-y-los-proyectos-para-el-departamento-diamante\\\/#primaryimage\"},\"thumbnailUrl\":\"https:\\\/\\\/informelitoral.com.ar\\\/%77%70%2d%63%6f%6e%74%65%6e%74\\\/uploads\\\/2022\\\/06\\\/p_1655121908.jpg\",\"keywords\":[\"Claudia Gieco\",\"Departamento Diamante\",\"Obras\"],\"articleSection\":[\"Departamento Diamante\"],\"inLanguage\":\"es\",\"potentialAction\":[{\"@type\":\"CommentAction\",\"name\":\"Comment\",\"target\":[\"https:\\\/\\\/informelitoral.com.ar\\\/evaluan-la-marcha-de-las-obras-en-ejecucion-y-los-proyectos-para-el-departamento-diamante\\\/#respond\"]}]},{\"@type\":\"WebPage\",\"@id\":\"https:\\\/\\\/informelitoral.com.ar\\\/evaluan-la-marcha-de-las-obras-en-ejecucion-y-los-proyectos-para-el-departamento-diamante\\\/\",\"url\":\"https:\\\/\\\/informelitoral.com.ar\\\/evaluan-la-marcha-de-las-obras-en-ejecucion-y-los-proyectos-para-el-departamento-diamante\\\/\",\"name\":\"Eval\u00faan la marcha de las obras en ejecuci\u00f3n y los proyectos para el departamento Diamante - Informe Litoral\",\"isPartOf\":{\"@id\":\"https:\\\/\\\/informelitoral.com.ar\\\/#website\"},\"primaryImageOfPage\":{\"@id\":\"https:\\\/\\\/informelitoral.com.ar\\\/evaluan-la-marcha-de-las-obras-en-ejecucion-y-los-proyectos-para-el-departamento-diamante\\\/#primaryimage\"},\"image\":{\"@id\":\"https:\\\/\\\/informelitoral.com.ar\\\/evaluan-la-marcha-de-las-obras-en-ejecucion-y-los-proyectos-para-el-departamento-diamante\\\/#primaryimage\"},\"thumbnailUrl\":\"https:\\\/\\\/informelitoral.com.ar\\\/%77%70%2d%63%6f%6e%74%65%6e%74\\\/uploads\\\/2022\\\/06\\\/p_1655121908.jpg\",\"datePublished\":\"2022-06-13T12:30:06+00:00\",\"breadcrumb\":{\"@id\":\"https:\\\/\\\/informelitoral.com.ar\\\/evaluan-la-marcha-de-las-obras-en-ejecucion-y-los-proyectos-para-el-departamento-diamante\\\/#breadcrumb\"},\"inLanguage\":\"es\",\"potentialAction\":[{\"@type\":\"ReadAction\",\"target\":[\"https:\\\/\\\/informelitoral.com.ar\\\/evaluan-la-marcha-de-las-obras-en-ejecucion-y-los-proyectos-para-el-departamento-diamante\\\/\"]}]},{\"@type\":\"ImageObject\",\"inLanguage\":\"es\",\"@id\":\"https:\\\/\\\/informelitoral.com.ar\\\/evaluan-la-marcha-de-las-obras-en-ejecucion-y-los-proyectos-para-el-departamento-diamante\\\/#primaryimage\",\"url\":\"https:\\\/\\\/informelitoral.com.ar\\\/%77%70%2d%63%6f%6e%74%65%6e%74\\\/uploads\\\/2022\\\/06\\\/p_1655121908.jpg\",\"contentUrl\":\"https:\\\/\\\/informelitoral.com.ar\\\/%77%70%2d%63%6f%6e%74%65%6e%74\\\/uploads\\\/2022\\\/06\\\/p_1655121908.jpg\",\"width\":1920,\"height\":800},{\"@type\":\"BreadcrumbList\",\"@id\":\"https:\\\/\\\/informelitoral.com.ar\\\/evaluan-la-marcha-de-las-obras-en-ejecucion-y-los-proyectos-para-el-departamento-diamante\\\/#breadcrumb\",\"itemListElement\":[{\"@type\":\"ListItem\",\"position\":1,\"name\":\"Portada\",\"item\":\"https:\\\/\\\/informelitoral.com.ar\\\/\"},{\"@type\":\"ListItem\",\"position\":2,\"name\":\"Eval\u00faan la marcha de las obras en ejecuci\u00f3n y los proyectos para el departamento Diamante\"}]},{\"@type\":\"WebSite\",\"@id\":\"https:\\\/\\\/informelitoral.com.ar\\\/#website\",\"url\":\"https:\\\/\\\/informelitoral.com.ar\\\/\",\"name\":\"Informe Litoral\",\"description\":\"&quot;Nos informamos&quot; \",\"publisher\":{\"@id\":\"https:\\\/\\\/informelitoral.com.ar\\\/#organization\"},\"potentialAction\":[{\"@type\":\"SearchAction\",\"target\":{\"@type\":\"EntryPoint\",\"urlTemplate\":\"https:\\\/\\\/informelitoral.com.ar\\\/?s={search_term_string}\"},\"query-input\":{\"@type\":\"PropertyValueSpecification\",\"valueRequired\":true,\"valueName\":\"search_term_string\"}}],\"inLanguage\":\"es\"},{\"@type\":\"Organization\",\"@id\":\"https:\\\/\\\/informelitoral.com.ar\\\/#organization\",\"name\":\"Informe Litoral\",\"url\":\"https:\\\/\\\/informelitoral.com.ar\\\/\",\"logo\":{\"@type\":\"ImageObject\",\"inLanguage\":\"es\",\"@id\":\"https:\\\/\\\/informelitoral.com.ar\\\/#\\\/schema\\\/logo\\\/image\\\/\",\"url\":\"https:\\\/\\\/informelitoral.com.ar\\\/%77%70%2d%63%6f%6e%74%65%6e%74\\\/uploads\\\/2021\\\/01\\\/circulo.png\",\"contentUrl\":\"https:\\\/\\\/informelitoral.com.ar\\\/%77%70%2d%63%6f%6e%74%65%6e%74\\\/uploads\\\/2021\\\/01\\\/circulo.png\",\"width\":723,\"height\":731,\"caption\":\"Informe Litoral\"},\"image\":{\"@id\":\"https:\\\/\\\/informelitoral.com.ar\\\/#\\\/schema\\\/logo\\\/image\\\/\"},\"sameAs\":[\"https:\\\/\\\/www.facebook.com\\\/informelitoral\\\/\",\"https:\\\/\\\/x.com\\\/InformeLitoral\",\"https:\\\/\\\/www.instagram.com\\\/informelitoral\\\/\",\"https:\\\/\\\/www.youtube.com\\\/channel\\\/UCua4Qvz8Icb6MYqhoq9xLXw\"]},{\"@type\":\"Person\",\"@id\":\"https:\\\/\\\/informelitoral.com.ar\\\/#\\\/schema\\\/person\\\/f05f9f461677119578717524b127d6d5\",\"name\":\"Sebastian\",\"image\":{\"@type\":\"ImageObject\",\"inLanguage\":\"es\",\"@id\":\"https:\\\/\\\/secure.gravatar.com\\\/avatar\\\/b71bf7481d447dfb9583c7f2798e7cc64de6efb9067b74633ed8c31059a3bd82?s=96&d=mm&r=g\",\"url\":\"https:\\\/\\\/secure.gravatar.com\\\/avatar\\\/b71bf7481d447dfb9583c7f2798e7cc64de6efb9067b74633ed8c31059a3bd82?s=96&d=mm&r=g\",\"contentUrl\":\"https:\\\/\\\/secure.gravatar.com\\\/avatar\\\/b71bf7481d447dfb9583c7f2798e7cc64de6efb9067b74633ed8c31059a3bd82?s=96&d=mm&r=g\",\"caption\":\"Sebastian\"},\"url\":\"https:\\\/\\\/informelitoral.com.ar\\\/author\\\/sebastian\\\/\"}]}<\/script>","yoast_head_json":{"title":"Eval\u00faan la marcha de las obras en ejecuci\u00f3n y los proyectos para el departamento Diamante - Informe Litoral","robots":{"index":"index","follow":"follow","max-snippet":"max-snippet:-1","max-image-preview":"max-image-preview:large","max-video-preview":"max-video-preview:-1"},"canonical":"https:\/\/informelitoral.com.ar\/evaluan-la-marcha-de-las-obras-en-ejecucion-y-los-proyectos-para-el-departamento-diamante\/","og_locale":"es_ES","og_type":"article","og_title":"Eval\u00faan la marcha de las obras en ejecuci\u00f3n y los proyectos para el departamento Diamante - Informe Litoral","og_description":"El ministro de Planeamiento, Marcelo Richard, repas\u00f3 junto a la senadora Claudia Gieco, las obras y proyectos que se vienen ejecutando y planificando para el departamento Diamante.","og_url":"https:\/\/informelitoral.com.ar\/evaluan-la-marcha-de-las-obras-en-ejecucion-y-los-proyectos-para-el-departamento-diamante\/","og_site_name":"Informe Litoral","article_publisher":"https:\/\/www.facebook.com\/informelitoral\/","article_published_time":"2022-06-13T12:30:06+00:00","og_image":[{"width":1920,"height":800,"url":"https:\/\/informelitoral.com.ar\/%77%70%2d%63%6f%6e%74%65%6e%74\/uploads\/2022\/06\/p_1655121908.jpg","type":"image\/jpeg"}],"author":"Sebastian","twitter_card":"summary_large_image","twitter_creator":"@InformeLitoral","twitter_site":"@InformeLitoral","twitter_misc":{"Escrito por":"Sebastian","Tiempo de lectura":"1 minuto"},"schema":{"@context":"https:\/\/schema.org","@graph":[{"@type":"Article","@id":"https:\/\/informelitoral.com.ar\/evaluan-la-marcha-de-las-obras-en-ejecucion-y-los-proyectos-para-el-departamento-diamante\/#article","isPartOf":{"@id":"https:\/\/informelitoral.com.ar\/evaluan-la-marcha-de-las-obras-en-ejecucion-y-los-proyectos-para-el-departamento-diamante\/"},"author":{"name":"Sebastian","@id":"https:\/\/informelitoral.com.ar\/#\/schema\/person\/f05f9f461677119578717524b127d6d5"},"headline":"Eval\u00faan la marcha de las obras en ejecuci\u00f3n y los proyectos para el departamento Diamante","datePublished":"2022-06-13T12:30:06+00:00","mainEntityOfPage":{"@id":"https:\/\/informelitoral.com.ar\/evaluan-la-marcha-de-las-obras-en-ejecucion-y-los-proyectos-para-el-departamento-diamante\/"},"wordCount":212,"commentCount":0,"publisher":{"@id":"https:\/\/informelitoral.com.ar\/#organization"},"image":{"@id":"https:\/\/informelitoral.com.ar\/evaluan-la-marcha-de-las-obras-en-ejecucion-y-los-proyectos-para-el-departamento-diamante\/#primaryimage"},"thumbnailUrl":"https:\/\/informelitoral.com.ar\/%77%70%2d%63%6f%6e%74%65%6e%74\/uploads\/2022\/06\/p_1655121908.jpg","keywords":["Claudia Gieco","Departamento Diamante","Obras"],"articleSection":["Departamento Diamante"],"inLanguage":"es","potentialAction":[{"@type":"CommentAction","name":"Comment","target":["https:\/\/informelitoral.com.ar\/evaluan-la-marcha-de-las-obras-en-ejecucion-y-los-proyectos-para-el-departamento-diamante\/#respond"]}]},{"@type":"WebPage","@id":"https:\/\/informelitoral.com.ar\/evaluan-la-marcha-de-las-obras-en-ejecucion-y-los-proyectos-para-el-departamento-diamante\/","url":"https:\/\/informelitoral.com.ar\/evaluan-la-marcha-de-las-obras-en-ejecucion-y-los-proyectos-para-el-departamento-diamante\/","name":"Eval\u00faan la marcha de las obras en ejecuci\u00f3n y los proyectos para el departamento Diamante - Informe Litoral","isPartOf":{"@id":"https:\/\/informelitoral.com.ar\/#website"},"primaryImageOfPage":{"@id":"https:\/\/informelitoral.com.ar\/evaluan-la-marcha-de-las-obras-en-ejecucion-y-los-proyectos-para-el-departamento-diamante\/#primaryimage"},"image":{"@id":"https:\/\/informelitoral.com.ar\/evaluan-la-marcha-de-las-obras-en-ejecucion-y-los-proyectos-para-el-departamento-diamante\/#primaryimage"},"thumbnailUrl":"https:\/\/informelitoral.com.ar\/%77%70%2d%63%6f%6e%74%65%6e%74\/uploads\/2022\/06\/p_1655121908.jpg","datePublished":"2022-06-13T12:30:06+00:00","breadcrumb":{"@id":"https:\/\/informelitoral.com.ar\/evaluan-la-marcha-de-las-obras-en-ejecucion-y-los-proyectos-para-el-departamento-diamante\/#breadcrumb"},"inLanguage":"es","potentialAction":[{"@type":"ReadAction","target":["https:\/\/informelitoral.com.ar\/evaluan-la-marcha-de-las-obras-en-ejecucion-y-los-proyectos-para-el-departamento-diamante\/"]}]},{"@type":"ImageObject","inLanguage":"es","@id":"https:\/\/informelitoral.com.ar\/evaluan-la-marcha-de-las-obras-en-ejecucion-y-los-proyectos-para-el-departamento-diamante\/#primaryimage","url":"https:\/\/informelitoral.com.ar\/%77%70%2d%63%6f%6e%74%65%6e%74\/uploads\/2022\/06\/p_1655121908.jpg","contentUrl":"https:\/\/informelitoral.com.ar\/%77%70%2d%63%6f%6e%74%65%6e%74\/uploads\/2022\/06\/p_1655121908.jpg","width":1920,"height":800},{"@type":"BreadcrumbList","@id":"https:\/\/informelitoral.com.ar\/evaluan-la-marcha-de-las-obras-en-ejecucion-y-los-proyectos-para-el-departamento-diamante\/#breadcrumb","itemListElement":[{"@type":"ListItem","position":1,"name":"Portada","item":"https:\/\/informelitoral.com.ar\/"},{"@type":"ListItem","position":2,"name":"Eval\u00faan la marcha de las obras en ejecuci\u00f3n y los proyectos para el departamento Diamante"}]},{"@type":"WebSite","@id":"https:\/\/informelitoral.com.ar\/#website","url":"https:\/\/informelitoral.com.ar\/","name":"Informe Litoral","description":"&quot;Nos informamos&quot; ","publisher":{"@id":"https:\/\/informelitoral.com.ar\/#organization"},"potentialAction":[{"@type":"SearchAction","target":{"@type":"EntryPoint","urlTemplate":"https:\/\/informelitoral.com.ar\/?s={search_term_string}"},"query-input":{"@type":"PropertyValueSpecification","valueRequired":true,"valueName":"search_term_string"}}],"inLanguage":"es"},{"@type":"Organization","@id":"https:\/\/informelitoral.com.ar\/#organization","name":"Informe Litoral","url":"https:\/\/informelitoral.com.ar\/","logo":{"@type":"ImageObject","inLanguage":"es","@id":"https:\/\/informelitoral.com.ar\/#\/schema\/logo\/image\/","url":"https:\/\/informelitoral.com.ar\/%77%70%2d%63%6f%6e%74%65%6e%74\/uploads\/2021\/01\/circulo.png","contentUrl":"https:\/\/informelitoral.com.ar\/%77%70%2d%63%6f%6e%74%65%6e%74\/uploads\/2021\/01\/circulo.png","width":723,"height":731,"caption":"Informe Litoral"},"image":{"@id":"https:\/\/informelitoral.com.ar\/#\/schema\/logo\/image\/"},"sameAs":["https:\/\/www.facebook.com\/informelitoral\/","https:\/\/x.com\/InformeLitoral","https:\/\/www.instagram.com\/informelitoral\/","https:\/\/www.youtube.com\/channel\/UCua4Qvz8Icb6MYqhoq9xLXw"]},{"@type":"Person","@id":"https:\/\/informelitoral.com.ar\/#\/schema\/person\/f05f9f461677119578717524b127d6d5","name":"Sebastian","image":{"@type":"ImageObject","inLanguage":"es","@id":"https:\/\/secure.gravatar.com\/avatar\/b71bf7481d447dfb9583c7f2798e7cc64de6efb9067b74633ed8c31059a3bd82?s=96&d=mm&r=g","url":"https:\/\/secure.gravatar.com\/avatar\/b71bf7481d447dfb9583c7f2798e7cc64de6efb9067b74633ed8c31059a3bd82?s=96&d=mm&r=g","contentUrl":"https:\/\/secure.gravatar.com\/avatar\/b71bf7481d447dfb9583c7f2798e7cc64de6efb9067b74633ed8c31059a3bd82?s=96&d=mm&r=g","caption":"Sebastian"},"url":"https:\/\/informelitoral.com.ar\/author\/sebastian\/"}]}},"_links":{"self":[{"href":"https:\/\/informelitoral.com.ar\/%77%70%2d%6a%73%6f%6e\/wp\/v2\/posts\/79543","targetHints":{"allow":["GET"]}}],"collection":[{"href":"https:\/\/informelitoral.com.ar\/%77%70%2d%6a%73%6f%6e\/wp\/v2\/posts"}],"about":[{"href":"https:\/\/informelitoral.com.ar\/%77%70%2d%6a%73%6f%6e\/wp\/v2\/types\/post"}],"author":[{"embeddable":true,"href":"https:\/\/informelitoral.com.ar\/%77%70%2d%6a%73%6f%6e\/wp\/v2\/users\/8"}],"replies":[{"embeddable":true,"href":"https:\/\/informelitoral.com.ar\/%77%70%2d%6a%73%6f%6e\/wp\/v2\/comments?post=79543"}],"version-history":[{"count":0,"href":"https:\/\/informelitoral.com.ar\/%77%70%2d%6a%73%6f%6e\/wp\/v2\/posts\/79543\/revisions"}],"wp:featuredmedia":[{"embeddable":true,"href":"https:\/\/informelitoral.com.ar\/%77%70%2d%6a%73%6f%6e\/wp\/v2\/media\/79544"}],"wp:attachment":[{"href":"https:\/\/informelitoral.com.ar\/%77%70%2d%6a%73%6f%6e\/wp\/v2\/media?parent=79543"}],"wp:term":[{"taxonomy":"category","embeddable":true,"href":"https:\/\/informelitoral.com.ar\/%77%70%2d%6a%73%6f%6e\/wp\/v2\/categories?post=79543"},{"taxonomy":"post_tag","embeddable":true,"href":"https:\/\/informelitoral.com.ar\/%77%70%2d%6a%73%6f%6e\/wp\/v2\/tags?post=79543"}],"curies":[{"name":"wp","href":"https:\/\/api.w.org\/{rel}","templated":true}]}}