{"id":7953,"date":"2014-08-25T13:45:04","date_gmt":"2014-08-25T16:45:04","guid":{"rendered":"http:\/\/www.isletasnoticias.com.ar\/?p=7953"},"modified":"2014-08-25T14:04:54","modified_gmt":"2014-08-25T17:04:54","slug":"kramer-hay-que-hacer-la-denuncia-con-nombre-y-apellido-para-que-la-policia-pueda-actuar","status":"publish","type":"post","link":"https:\/\/informelitoral.com.ar\/kramer-hay-que-hacer-la-denuncia-con-nombre-y-apellido-para-que-la-policia-pueda-actuar\/","title":{"rendered":"Kr\u00e4mer: \u201chay que hacer la denuncia con nombre y apellido para que la polic\u00eda pueda actuar\u201d"},"content":{"rendered":"<p><strong>As\u00ed se expres\u00f3 en declaraciones radiales el intendente de General Ram\u00edrez, <em>Edelmiro Kr\u00e4mer<\/em> sobre los \u00faltimos hechos de inseguridad que afectan a la ciudad. Tambi\u00e9n habl\u00f3 de la ampliaci\u00f3n del \u00c1rea Industrial, al destacar que en total se contar\u00e1n con unas 45 o 50 empresas. Valor\u00f3\u00a0<\/strong><strong>las obras en marcha y afirm\u00f3: <\/strong>\u201c<strong>voy a terminar\u00a0<\/strong><strong>la gesti\u00f3n con 200 viviendas construidas<\/strong>\u201d.<\/p>\n<figure id=\"attachment_3779\" aria-describedby=\"caption-attachment-3779\" style=\"width: 300px\" class=\"wp-caption alignright\"><img loading=\"lazy\" decoding=\"async\" class=\"wp-image-3779 size-medium\" src=\"http:\/\/www.isletasnoticias.com.ar\/%77%70%2d%63%6f%6e%74%65%6e%74\/uploads\/2013\/10\/edelmiro-kramer-300x199.jpg\" alt=\"edelmiro kramer\" width=\"300\" height=\"199\" srcset=\"https:\/\/informelitoral.com.ar\/%77%70%2d%63%6f%6e%74%65%6e%74\/uploads\/2013\/10\/edelmiro-kramer-300x199.jpg 300w, https:\/\/informelitoral.com.ar\/%77%70%2d%63%6f%6e%74%65%6e%74\/uploads\/2013\/10\/edelmiro-kramer.jpg 800w\" sizes=\"auto, (max-width: 300px) 100vw, 300px\" \/><figcaption id=\"caption-attachment-3779\" class=\"wp-caption-text\">(Imagen de archivo)<\/figcaption><\/figure>\n<p>El intendente de Ram\u00edrez <strong>Edelmiro Kr\u00e4mer<\/strong>, en declaraciones a <em>FM Eco 100.3<\/em>, expres\u00f3 que \u201c<strong>estamos trabajando a full en distintos puntos de la ciudad<\/strong>. Hacemos\u00a0cordones cuneta, se colocan alrededor de 40 columnas de iluminaci\u00f3n en diferentes barrios, construimos veredas, se embrozan calles y hacemos cloacas\u201d, enumer\u00f3 el intendente y a\u00f1adi\u00f3 que \u201c<strong>hay un crecimiento fenomenal<\/strong>, la gente est\u00e1 construyendo y uno lo percibe cuando recorre la ciudad, lo cual es importante para nuestros negocios. <strong>Es uno de los pueblos que m\u00e1s ha crecido en los \u00faltimos a\u00f1os<\/strong>\u201d, remarc\u00f3 el dirigente.<\/p>\n<p>Respecto a una reuni\u00f3n que mantuvo la semana pasada con empresarios locales, Kr\u00e4mer coment\u00f3 que se habl\u00f3 de la ampliaci\u00f3n del \u00c1rea Industrial \u201cdonde son 17 las empresas que se quieren instalar, con lo cual <strong>tendremos un Parque Industrial con unos 45 o 50 emprendimientos, lo que implica un desarrollo a largo plazo para la ciudad<\/strong> que debe ser acompa\u00f1ado por el municipio, brindando servicios b\u00e1sicos como cloacas, alumbrado y agua\u201d, dijo el intendente y adelant\u00f3 que \u201cla semana que viene (por esta semana) tendremos una audiencia en Paran\u00e1, con autoridades del Nuevo Banco de Entre R\u00edos y del gobierno provincial\u201d. En el encuentro se conform\u00f3 una comisi\u00f3n que representa a todos los empresarios, la cual ser\u00e1 la encargada de hacer las diferentes gestiones para disponer del terreno perteneciente a la entidad financiera.<\/p>\n<p>El mandatario municipal tambi\u00e9n se refiri\u00f3 a un tema candente en la ciudad, como es el reclamo por mayor seguridad, tras producirse algunos robos en la v\u00eda p\u00fablica. Al respecto afirm\u00f3 que \u201cpermanentemente estoy en contacto con la Polic\u00eda local, departamental y provincial, para pedirles que est\u00e9n en la calle, pero <strong>es muy dif\u00edcil cuando el comisario no cuenta con el personal suficiente o con los elementos necesarios para cubrir la ciudad<\/strong>. Adem\u00e1s tendr\u00edamos que tener una Subjefatura en Ram\u00edrez\u201d, reconoci\u00f3 el intendente y fue m\u00e1s all\u00e1 al sostener que \u201c<strong>el comisario los detiene, los tienen preso 14 o 15 horas, lo eleva a la justicia de Diamante y los largan<\/strong>\u201d.<\/p>\n<p>En el mismo sentido, el dirigente dijo que \u201chay mucha gente que hace el comentario pero la polic\u00eda no tiene ni la denuncia y no tiene que ser as\u00ed. <strong>Hay que hacer la denuncia con nombre y apellido para que la polic\u00eda pueda actuar.<\/strong> Tambi\u00e9n le ped\u00ed al ministro Ad\u00e1n Bahl un fiscal para Ram\u00edrez y un Registro del Automotor para que la gente no tenga que ir a Diamante a hacer los tr\u00e1mites lo cual es muy engorroso. <strong>Vamos a lograr solucionar estos temas, pero entre todos<\/strong>. Muchas veces los comentarios tambi\u00e9n se agrandan un poco\u201d, lament\u00f3. Recordemos que para este martes a las 20.30 est\u00e1 prevista una <strong><a href=\"http:\/\/www.isletasnoticias.com.ar\/?p=7938\">manifestaci\u00f3n en reclamo de mayor seguridad<\/a><\/strong> en la Plaza de la Madre.<\/p>\n<p>Finalmente, sobre las unidades habitacionales que se construyen, expuso que \u201cen septiembre se entregar\u00e1n 26 viviendas sociales y las 50 del IAPV (Instituto Aut\u00e1rquico Provincial de la vivienda) en octubre\u00a0 y estamos trabajando sobre m\u00e1s viviendas. Son casas de primer nivel, no nos alcanzan los terrenos\u201d, destac\u00f3 y para concluir afirm\u00f3: \u201c<strong>Voy a terminar la gesti\u00f3n con 200 viviendas construidas<\/strong>\u201d. <em>(Isletas Noticias)<\/em><\/p>\n","protected":false},"excerpt":{"rendered":"<p>As&iacute; se expres&oacute; en declaraciones radiales el intendente de General Ram&iacute;rez, Edelmiro Kr&auml;mer sobre los &uacute;ltimos hechos de inseguridad que afectan a la ciudad. Tambi&eacute;n habl&oacute; de la ampliaci&oacute;n del &Aacute;rea Industrial, al destacar que en total se contar&aacute;n con unas 45 o 50 empresas. Valor&oacute;&nbsp;las obras en marcha y afirm&oacute;: &ldquo;voy a terminar&nbsp;la gesti&oacute;n [&hellip;]<\/p>\n","protected":false},"author":2,"featured_media":0,"comment_status":"open","ping_status":"open","sticky":false,"template":"","format":"standard","meta":{"fifu_image_url":"","fifu_image_alt":"","footnotes":""},"categories":[5,16],"tags":[],"class_list":{"0":"post-7953","1":"post","2":"type-post","3":"status-publish","4":"format-standard","6":"category-zonales","7":"category-politi"},"yoast_head":"<title>Kr\u00e4mer: \u201chay que hacer la denuncia con nombre y apellido para que la polic\u00eda pueda actuar\u201d - Informe Litoral<\/title>\n<meta name=\"robots\" content=\"index, follow, max-snippet:-1, max-image-preview:large, max-video-preview:-1\" \/>\n<link rel=\"canonical\" href=\"https:\/\/informelitoral.com.ar\/kramer-hay-que-hacer-la-denuncia-con-nombre-y-apellido-para-que-la-policia-pueda-actuar\/\" \/>\n<meta property=\"og:locale\" content=\"es_ES\" \/>\n<meta property=\"og:type\" content=\"article\" \/>\n<meta property=\"og:title\" content=\"Kr\u00e4mer: \u201chay que hacer la denuncia con nombre y apellido para que la polic\u00eda pueda actuar\u201d - Informe Litoral\" \/>\n<meta property=\"og:description\" content=\"As&iacute; se expres&oacute; en declaraciones radiales el intendente de General Ram&iacute;rez, Edelmiro Kr&auml;mer sobre los &uacute;ltimos hechos de inseguridad que afectan a la ciudad. Tambi&eacute;n habl&oacute; de la ampliaci&oacute;n del &Aacute;rea Industrial, al destacar que en total se contar&aacute;n con unas 45 o 50 empresas. Valor&oacute;&nbsp;las obras en marcha y afirm&oacute;: &ldquo;voy a terminar&nbsp;la gesti&oacute;n [&hellip;]\" \/>\n<meta property=\"og:url\" content=\"https:\/\/informelitoral.com.ar\/kramer-hay-que-hacer-la-denuncia-con-nombre-y-apellido-para-que-la-policia-pueda-actuar\/\" \/>\n<meta property=\"og:site_name\" content=\"Informe Litoral\" \/>\n<meta property=\"article:publisher\" content=\"https:\/\/www.facebook.com\/informelitoral\/\" \/>\n<meta property=\"article:published_time\" content=\"2014-08-25T16:45:04+00:00\" \/>\n<meta property=\"article:modified_time\" content=\"2014-08-25T17:04:54+00:00\" \/>\n<meta property=\"og:image\" content=\"https:\/\/informelitoral.com.ar\/%77%70%2d%63%6f%6e%74%65%6e%74\/uploads\/2013\/10\/edelmiro-kramer.jpg\" \/>\n\t<meta property=\"og:image:width\" content=\"800\" \/>\n\t<meta property=\"og:image:height\" content=\"532\" \/>\n\t<meta property=\"og:image:type\" content=\"image\/jpeg\" \/>\n<meta name=\"author\" content=\"Gonzalo Schmidt\" \/>\n<meta name=\"twitter:card\" content=\"summary_large_image\" \/>\n<meta name=\"twitter:creator\" content=\"@InformeLitoral\" \/>\n<meta name=\"twitter:site\" content=\"@InformeLitoral\" \/>\n<meta name=\"twitter:label1\" content=\"Escrito por\" \/>\n\t<meta name=\"twitter:data1\" content=\"Gonzalo Schmidt\" \/>\n\t<meta name=\"twitter:label2\" content=\"Tiempo de lectura\" \/>\n\t<meta name=\"twitter:data2\" content=\"3 minutos\" \/>\n<script type=\"application\/ld+json\" class=\"yoast-schema-graph\">{\"@context\":\"https:\\\/\\\/schema.org\",\"@graph\":[{\"@type\":\"Article\",\"@id\":\"https:\\\/\\\/informelitoral.com.ar\\\/kramer-hay-que-hacer-la-denuncia-con-nombre-y-apellido-para-que-la-policia-pueda-actuar\\\/#article\",\"isPartOf\":{\"@id\":\"https:\\\/\\\/informelitoral.com.ar\\\/kramer-hay-que-hacer-la-denuncia-con-nombre-y-apellido-para-que-la-policia-pueda-actuar\\\/\"},\"author\":{\"name\":\"Gonzalo Schmidt\",\"@id\":\"https:\\\/\\\/informelitoral.com.ar\\\/#\\\/schema\\\/person\\\/b9d00407c836482871ef1d57bf8e3180\"},\"headline\":\"Kr\u00e4mer: \u201chay que hacer la denuncia con nombre y apellido para que la polic\u00eda pueda actuar\u201d\",\"datePublished\":\"2014-08-25T16:45:04+00:00\",\"dateModified\":\"2014-08-25T17:04:54+00:00\",\"mainEntityOfPage\":{\"@id\":\"https:\\\/\\\/informelitoral.com.ar\\\/kramer-hay-que-hacer-la-denuncia-con-nombre-y-apellido-para-que-la-policia-pueda-actuar\\\/\"},\"wordCount\":634,\"commentCount\":0,\"publisher\":{\"@id\":\"https:\\\/\\\/informelitoral.com.ar\\\/#organization\"},\"image\":{\"@id\":\"https:\\\/\\\/informelitoral.com.ar\\\/kramer-hay-que-hacer-la-denuncia-con-nombre-y-apellido-para-que-la-policia-pueda-actuar\\\/#primaryimage\"},\"thumbnailUrl\":\"http:\\\/\\\/www.isletasnoticias.com.ar\\\/%77%70%2d%63%6f%6e%74%65%6e%74\\\/uploads\\\/2013\\\/10\\\/edelmiro-kramer-300x199.jpg\",\"articleSection\":[\"Departamento Diamante\",\"Politica\"],\"inLanguage\":\"es\",\"potentialAction\":[{\"@type\":\"CommentAction\",\"name\":\"Comment\",\"target\":[\"https:\\\/\\\/informelitoral.com.ar\\\/kramer-hay-que-hacer-la-denuncia-con-nombre-y-apellido-para-que-la-policia-pueda-actuar\\\/#respond\"]}]},{\"@type\":\"WebPage\",\"@id\":\"https:\\\/\\\/informelitoral.com.ar\\\/kramer-hay-que-hacer-la-denuncia-con-nombre-y-apellido-para-que-la-policia-pueda-actuar\\\/\",\"url\":\"https:\\\/\\\/informelitoral.com.ar\\\/kramer-hay-que-hacer-la-denuncia-con-nombre-y-apellido-para-que-la-policia-pueda-actuar\\\/\",\"name\":\"Kr\u00e4mer: \u201chay que hacer la denuncia con nombre y apellido para que la polic\u00eda pueda actuar\u201d - Informe Litoral\",\"isPartOf\":{\"@id\":\"https:\\\/\\\/informelitoral.com.ar\\\/#website\"},\"primaryImageOfPage\":{\"@id\":\"https:\\\/\\\/informelitoral.com.ar\\\/kramer-hay-que-hacer-la-denuncia-con-nombre-y-apellido-para-que-la-policia-pueda-actuar\\\/#primaryimage\"},\"image\":{\"@id\":\"https:\\\/\\\/informelitoral.com.ar\\\/kramer-hay-que-hacer-la-denuncia-con-nombre-y-apellido-para-que-la-policia-pueda-actuar\\\/#primaryimage\"},\"thumbnailUrl\":\"http:\\\/\\\/www.isletasnoticias.com.ar\\\/%77%70%2d%63%6f%6e%74%65%6e%74\\\/uploads\\\/2013\\\/10\\\/edelmiro-kramer-300x199.jpg\",\"datePublished\":\"2014-08-25T16:45:04+00:00\",\"dateModified\":\"2014-08-25T17:04:54+00:00\",\"breadcrumb\":{\"@id\":\"https:\\\/\\\/informelitoral.com.ar\\\/kramer-hay-que-hacer-la-denuncia-con-nombre-y-apellido-para-que-la-policia-pueda-actuar\\\/#breadcrumb\"},\"inLanguage\":\"es\",\"potentialAction\":[{\"@type\":\"ReadAction\",\"target\":[\"https:\\\/\\\/informelitoral.com.ar\\\/kramer-hay-que-hacer-la-denuncia-con-nombre-y-apellido-para-que-la-policia-pueda-actuar\\\/\"]}]},{\"@type\":\"ImageObject\",\"inLanguage\":\"es\",\"@id\":\"https:\\\/\\\/informelitoral.com.ar\\\/kramer-hay-que-hacer-la-denuncia-con-nombre-y-apellido-para-que-la-policia-pueda-actuar\\\/#primaryimage\",\"url\":\"http:\\\/\\\/www.isletasnoticias.com.ar\\\/%77%70%2d%63%6f%6e%74%65%6e%74\\\/uploads\\\/2013\\\/10\\\/edelmiro-kramer-300x199.jpg\",\"contentUrl\":\"http:\\\/\\\/www.isletasnoticias.com.ar\\\/%77%70%2d%63%6f%6e%74%65%6e%74\\\/uploads\\\/2013\\\/10\\\/edelmiro-kramer-300x199.jpg\"},{\"@type\":\"BreadcrumbList\",\"@id\":\"https:\\\/\\\/informelitoral.com.ar\\\/kramer-hay-que-hacer-la-denuncia-con-nombre-y-apellido-para-que-la-policia-pueda-actuar\\\/#breadcrumb\",\"itemListElement\":[{\"@type\":\"ListItem\",\"position\":1,\"name\":\"Portada\",\"item\":\"https:\\\/\\\/informelitoral.com.ar\\\/\"},{\"@type\":\"ListItem\",\"position\":2,\"name\":\"Kr\u00e4mer: \u201chay que hacer la denuncia con nombre y apellido para que la polic\u00eda pueda actuar\u201d\"}]},{\"@type\":\"WebSite\",\"@id\":\"https:\\\/\\\/informelitoral.com.ar\\\/#website\",\"url\":\"https:\\\/\\\/informelitoral.com.ar\\\/\",\"name\":\"Informe Litoral\",\"description\":\"&quot;Nos informamos&quot; \",\"publisher\":{\"@id\":\"https:\\\/\\\/informelitoral.com.ar\\\/#organization\"},\"potentialAction\":[{\"@type\":\"SearchAction\",\"target\":{\"@type\":\"EntryPoint\",\"urlTemplate\":\"https:\\\/\\\/informelitoral.com.ar\\\/?s={search_term_string}\"},\"query-input\":{\"@type\":\"PropertyValueSpecification\",\"valueRequired\":true,\"valueName\":\"search_term_string\"}}],\"inLanguage\":\"es\"},{\"@type\":\"Organization\",\"@id\":\"https:\\\/\\\/informelitoral.com.ar\\\/#organization\",\"name\":\"Informe Litoral\",\"url\":\"https:\\\/\\\/informelitoral.com.ar\\\/\",\"logo\":{\"@type\":\"ImageObject\",\"inLanguage\":\"es\",\"@id\":\"https:\\\/\\\/informelitoral.com.ar\\\/#\\\/schema\\\/logo\\\/image\\\/\",\"url\":\"https:\\\/\\\/informelitoral.com.ar\\\/%77%70%2d%63%6f%6e%74%65%6e%74\\\/uploads\\\/2021\\\/01\\\/circulo.png\",\"contentUrl\":\"https:\\\/\\\/informelitoral.com.ar\\\/%77%70%2d%63%6f%6e%74%65%6e%74\\\/uploads\\\/2021\\\/01\\\/circulo.png\",\"width\":723,\"height\":731,\"caption\":\"Informe Litoral\"},\"image\":{\"@id\":\"https:\\\/\\\/informelitoral.com.ar\\\/#\\\/schema\\\/logo\\\/image\\\/\"},\"sameAs\":[\"https:\\\/\\\/www.facebook.com\\\/informelitoral\\\/\",\"https:\\\/\\\/x.com\\\/InformeLitoral\",\"https:\\\/\\\/www.instagram.com\\\/informelitoral\\\/\",\"https:\\\/\\\/www.youtube.com\\\/channel\\\/UCua4Qvz8Icb6MYqhoq9xLXw\"]},{\"@type\":\"Person\",\"@id\":\"https:\\\/\\\/informelitoral.com.ar\\\/#\\\/schema\\\/person\\\/b9d00407c836482871ef1d57bf8e3180\",\"name\":\"Gonzalo Schmidt\",\"image\":{\"@type\":\"ImageObject\",\"inLanguage\":\"es\",\"@id\":\"https:\\\/\\\/secure.gravatar.com\\\/avatar\\\/31a1a7b66ff2de83bd0e9fd79d026630d2d99e55e8bfe501287647b4fd9743de?s=96&d=mm&r=g\",\"url\":\"https:\\\/\\\/secure.gravatar.com\\\/avatar\\\/31a1a7b66ff2de83bd0e9fd79d026630d2d99e55e8bfe501287647b4fd9743de?s=96&d=mm&r=g\",\"contentUrl\":\"https:\\\/\\\/secure.gravatar.com\\\/avatar\\\/31a1a7b66ff2de83bd0e9fd79d026630d2d99e55e8bfe501287647b4fd9743de?s=96&d=mm&r=g\",\"caption\":\"Gonzalo Schmidt\"},\"description\":\"Sitio web de noticias de la provincia de Entre R\u00edos, Argentina. Informaci\u00f3n y entretenimiento. Informe Litoral, nos informamos.\",\"sameAs\":[\"http:\\\/\\\/www.isletasnoticias.com.ar\"],\"url\":\"https:\\\/\\\/informelitoral.com.ar\\\/author\\\/gonzalo\\\/\"}]}<\/script>","yoast_head_json":{"title":"Kr\u00e4mer: \u201chay que hacer la denuncia con nombre y apellido para que la polic\u00eda pueda actuar\u201d - Informe Litoral","robots":{"index":"index","follow":"follow","max-snippet":"max-snippet:-1","max-image-preview":"max-image-preview:large","max-video-preview":"max-video-preview:-1"},"canonical":"https:\/\/informelitoral.com.ar\/kramer-hay-que-hacer-la-denuncia-con-nombre-y-apellido-para-que-la-policia-pueda-actuar\/","og_locale":"es_ES","og_type":"article","og_title":"Kr\u00e4mer: \u201chay que hacer la denuncia con nombre y apellido para que la polic\u00eda pueda actuar\u201d - Informe Litoral","og_description":"As&iacute; se expres&oacute; en declaraciones radiales el intendente de General Ram&iacute;rez, Edelmiro Kr&auml;mer sobre los &uacute;ltimos hechos de inseguridad que afectan a la ciudad. Tambi&eacute;n habl&oacute; de la ampliaci&oacute;n del &Aacute;rea Industrial, al destacar que en total se contar&aacute;n con unas 45 o 50 empresas. Valor&oacute;&nbsp;las obras en marcha y afirm&oacute;: &ldquo;voy a terminar&nbsp;la gesti&oacute;n [&hellip;]","og_url":"https:\/\/informelitoral.com.ar\/kramer-hay-que-hacer-la-denuncia-con-nombre-y-apellido-para-que-la-policia-pueda-actuar\/","og_site_name":"Informe Litoral","article_publisher":"https:\/\/www.facebook.com\/informelitoral\/","article_published_time":"2014-08-25T16:45:04+00:00","article_modified_time":"2014-08-25T17:04:54+00:00","og_image":[{"width":800,"height":532,"url":"https:\/\/informelitoral.com.ar\/%77%70%2d%63%6f%6e%74%65%6e%74\/uploads\/2013\/10\/edelmiro-kramer.jpg","type":"image\/jpeg"}],"author":"Gonzalo Schmidt","twitter_card":"summary_large_image","twitter_creator":"@InformeLitoral","twitter_site":"@InformeLitoral","twitter_misc":{"Escrito por":"Gonzalo Schmidt","Tiempo de lectura":"3 minutos"},"schema":{"@context":"https:\/\/schema.org","@graph":[{"@type":"Article","@id":"https:\/\/informelitoral.com.ar\/kramer-hay-que-hacer-la-denuncia-con-nombre-y-apellido-para-que-la-policia-pueda-actuar\/#article","isPartOf":{"@id":"https:\/\/informelitoral.com.ar\/kramer-hay-que-hacer-la-denuncia-con-nombre-y-apellido-para-que-la-policia-pueda-actuar\/"},"author":{"name":"Gonzalo Schmidt","@id":"https:\/\/informelitoral.com.ar\/#\/schema\/person\/b9d00407c836482871ef1d57bf8e3180"},"headline":"Kr\u00e4mer: \u201chay que hacer la denuncia con nombre y apellido para que la polic\u00eda pueda actuar\u201d","datePublished":"2014-08-25T16:45:04+00:00","dateModified":"2014-08-25T17:04:54+00:00","mainEntityOfPage":{"@id":"https:\/\/informelitoral.com.ar\/kramer-hay-que-hacer-la-denuncia-con-nombre-y-apellido-para-que-la-policia-pueda-actuar\/"},"wordCount":634,"commentCount":0,"publisher":{"@id":"https:\/\/informelitoral.com.ar\/#organization"},"image":{"@id":"https:\/\/informelitoral.com.ar\/kramer-hay-que-hacer-la-denuncia-con-nombre-y-apellido-para-que-la-policia-pueda-actuar\/#primaryimage"},"thumbnailUrl":"http:\/\/www.isletasnoticias.com.ar\/%77%70%2d%63%6f%6e%74%65%6e%74\/uploads\/2013\/10\/edelmiro-kramer-300x199.jpg","articleSection":["Departamento Diamante","Politica"],"inLanguage":"es","potentialAction":[{"@type":"CommentAction","name":"Comment","target":["https:\/\/informelitoral.com.ar\/kramer-hay-que-hacer-la-denuncia-con-nombre-y-apellido-para-que-la-policia-pueda-actuar\/#respond"]}]},{"@type":"WebPage","@id":"https:\/\/informelitoral.com.ar\/kramer-hay-que-hacer-la-denuncia-con-nombre-y-apellido-para-que-la-policia-pueda-actuar\/","url":"https:\/\/informelitoral.com.ar\/kramer-hay-que-hacer-la-denuncia-con-nombre-y-apellido-para-que-la-policia-pueda-actuar\/","name":"Kr\u00e4mer: \u201chay que hacer la denuncia con nombre y apellido para que la polic\u00eda pueda actuar\u201d - Informe Litoral","isPartOf":{"@id":"https:\/\/informelitoral.com.ar\/#website"},"primaryImageOfPage":{"@id":"https:\/\/informelitoral.com.ar\/kramer-hay-que-hacer-la-denuncia-con-nombre-y-apellido-para-que-la-policia-pueda-actuar\/#primaryimage"},"image":{"@id":"https:\/\/informelitoral.com.ar\/kramer-hay-que-hacer-la-denuncia-con-nombre-y-apellido-para-que-la-policia-pueda-actuar\/#primaryimage"},"thumbnailUrl":"http:\/\/www.isletasnoticias.com.ar\/%77%70%2d%63%6f%6e%74%65%6e%74\/uploads\/2013\/10\/edelmiro-kramer-300x199.jpg","datePublished":"2014-08-25T16:45:04+00:00","dateModified":"2014-08-25T17:04:54+00:00","breadcrumb":{"@id":"https:\/\/informelitoral.com.ar\/kramer-hay-que-hacer-la-denuncia-con-nombre-y-apellido-para-que-la-policia-pueda-actuar\/#breadcrumb"},"inLanguage":"es","potentialAction":[{"@type":"ReadAction","target":["https:\/\/informelitoral.com.ar\/kramer-hay-que-hacer-la-denuncia-con-nombre-y-apellido-para-que-la-policia-pueda-actuar\/"]}]},{"@type":"ImageObject","inLanguage":"es","@id":"https:\/\/informelitoral.com.ar\/kramer-hay-que-hacer-la-denuncia-con-nombre-y-apellido-para-que-la-policia-pueda-actuar\/#primaryimage","url":"http:\/\/www.isletasnoticias.com.ar\/%77%70%2d%63%6f%6e%74%65%6e%74\/uploads\/2013\/10\/edelmiro-kramer-300x199.jpg","contentUrl":"http:\/\/www.isletasnoticias.com.ar\/%77%70%2d%63%6f%6e%74%65%6e%74\/uploads\/2013\/10\/edelmiro-kramer-300x199.jpg"},{"@type":"BreadcrumbList","@id":"https:\/\/informelitoral.com.ar\/kramer-hay-que-hacer-la-denuncia-con-nombre-y-apellido-para-que-la-policia-pueda-actuar\/#breadcrumb","itemListElement":[{"@type":"ListItem","position":1,"name":"Portada","item":"https:\/\/informelitoral.com.ar\/"},{"@type":"ListItem","position":2,"name":"Kr\u00e4mer: \u201chay que hacer la denuncia con nombre y apellido para que la polic\u00eda pueda actuar\u201d"}]},{"@type":"WebSite","@id":"https:\/\/informelitoral.com.ar\/#website","url":"https:\/\/informelitoral.com.ar\/","name":"Informe Litoral","description":"&quot;Nos informamos&quot; ","publisher":{"@id":"https:\/\/informelitoral.com.ar\/#organization"},"potentialAction":[{"@type":"SearchAction","target":{"@type":"EntryPoint","urlTemplate":"https:\/\/informelitoral.com.ar\/?s={search_term_string}"},"query-input":{"@type":"PropertyValueSpecification","valueRequired":true,"valueName":"search_term_string"}}],"inLanguage":"es"},{"@type":"Organization","@id":"https:\/\/informelitoral.com.ar\/#organization","name":"Informe Litoral","url":"https:\/\/informelitoral.com.ar\/","logo":{"@type":"ImageObject","inLanguage":"es","@id":"https:\/\/informelitoral.com.ar\/#\/schema\/logo\/image\/","url":"https:\/\/informelitoral.com.ar\/%77%70%2d%63%6f%6e%74%65%6e%74\/uploads\/2021\/01\/circulo.png","contentUrl":"https:\/\/informelitoral.com.ar\/%77%70%2d%63%6f%6e%74%65%6e%74\/uploads\/2021\/01\/circulo.png","width":723,"height":731,"caption":"Informe Litoral"},"image":{"@id":"https:\/\/informelitoral.com.ar\/#\/schema\/logo\/image\/"},"sameAs":["https:\/\/www.facebook.com\/informelitoral\/","https:\/\/x.com\/InformeLitoral","https:\/\/www.instagram.com\/informelitoral\/","https:\/\/www.youtube.com\/channel\/UCua4Qvz8Icb6MYqhoq9xLXw"]},{"@type":"Person","@id":"https:\/\/informelitoral.com.ar\/#\/schema\/person\/b9d00407c836482871ef1d57bf8e3180","name":"Gonzalo Schmidt","image":{"@type":"ImageObject","inLanguage":"es","@id":"https:\/\/secure.gravatar.com\/avatar\/31a1a7b66ff2de83bd0e9fd79d026630d2d99e55e8bfe501287647b4fd9743de?s=96&d=mm&r=g","url":"https:\/\/secure.gravatar.com\/avatar\/31a1a7b66ff2de83bd0e9fd79d026630d2d99e55e8bfe501287647b4fd9743de?s=96&d=mm&r=g","contentUrl":"https:\/\/secure.gravatar.com\/avatar\/31a1a7b66ff2de83bd0e9fd79d026630d2d99e55e8bfe501287647b4fd9743de?s=96&d=mm&r=g","caption":"Gonzalo Schmidt"},"description":"Sitio web de noticias de la provincia de Entre R\u00edos, Argentina. Informaci\u00f3n y entretenimiento. Informe Litoral, nos informamos.","sameAs":["http:\/\/www.isletasnoticias.com.ar"],"url":"https:\/\/informelitoral.com.ar\/author\/gonzalo\/"}]}},"_links":{"self":[{"href":"https:\/\/informelitoral.com.ar\/%77%70%2d%6a%73%6f%6e\/wp\/v2\/posts\/7953","targetHints":{"allow":["GET"]}}],"collection":[{"href":"https:\/\/informelitoral.com.ar\/%77%70%2d%6a%73%6f%6e\/wp\/v2\/posts"}],"about":[{"href":"https:\/\/informelitoral.com.ar\/%77%70%2d%6a%73%6f%6e\/wp\/v2\/types\/post"}],"author":[{"embeddable":true,"href":"https:\/\/informelitoral.com.ar\/%77%70%2d%6a%73%6f%6e\/wp\/v2\/users\/2"}],"replies":[{"embeddable":true,"href":"https:\/\/informelitoral.com.ar\/%77%70%2d%6a%73%6f%6e\/wp\/v2\/comments?post=7953"}],"version-history":[{"count":0,"href":"https:\/\/informelitoral.com.ar\/%77%70%2d%6a%73%6f%6e\/wp\/v2\/posts\/7953\/revisions"}],"wp:attachment":[{"href":"https:\/\/informelitoral.com.ar\/%77%70%2d%6a%73%6f%6e\/wp\/v2\/media?parent=7953"}],"wp:term":[{"taxonomy":"category","embeddable":true,"href":"https:\/\/informelitoral.com.ar\/%77%70%2d%6a%73%6f%6e\/wp\/v2\/categories?post=7953"},{"taxonomy":"post_tag","embeddable":true,"href":"https:\/\/informelitoral.com.ar\/%77%70%2d%6a%73%6f%6e\/wp\/v2\/tags?post=7953"}],"curies":[{"name":"wp","href":"https:\/\/api.w.org\/{rel}","templated":true}]}}