{"id":7943,"date":"2014-08-22T23:34:09","date_gmt":"2014-08-23T02:34:09","guid":{"rendered":"http:\/\/www.isletasnoticias.com.ar\/?p=7943"},"modified":"2014-08-22T23:39:38","modified_gmt":"2014-08-23T02:39:38","slug":"isletas-la-campora-diamante-se-reunio-con-chemez-y-la-juventud-peronista","status":"publish","type":"post","link":"https:\/\/informelitoral.com.ar\/isletas-la-campora-diamante-se-reunio-con-chemez-y-la-juventud-peronista\/","title":{"rendered":"Isletas: La C\u00e1mpora Diamante se reuni\u00f3 con Ch\u00e9mez y la Juventud Peronista"},"content":{"rendered":"<p style=\"color: #2c2b2b;\"><strong><em>Luis Ch\u00e9mez (FPV)<\/em> y la Juventud Peronista local, recibieron a integrantes de La C\u00e1mpora Diamante. Fue en horas de la tarde de este viernes. Acordaron trabajar en conjunto.\u00a0<\/strong><\/p>\n<p style=\"color: #2c2b2b;\"><a href=\"http:\/\/www.isletasnoticias.com.ar\/%77%70%2d%63%6f%6e%74%65%6e%74\/uploads\/2014\/08\/C\u00e1mpora-Dte.jpg\"><img loading=\"lazy\" decoding=\"async\" class=\"aligncenter wp-image-7945 size-medium\" src=\"http:\/\/www.isletasnoticias.com.ar\/%77%70%2d%63%6f%6e%74%65%6e%74\/uploads\/2014\/08\/C\u00e1mpora-Dte-300x225.jpg\" alt=\"C\u00e1mpora Dte\" width=\"300\" height=\"225\" srcset=\"https:\/\/informelitoral.com.ar\/%77%70%2d%63%6f%6e%74%65%6e%74\/uploads\/2014\/08\/C\u00e1mpora-Dte-300x225.jpg 300w, https:\/\/informelitoral.com.ar\/%77%70%2d%63%6f%6e%74%65%6e%74\/uploads\/2014\/08\/C\u00e1mpora-Dte.jpg 600w\" sizes=\"auto, (max-width: 300px) 100vw, 300px\" \/><\/a><\/p>\n<p style=\"color: #2c2b2b;\">En la tarde de este viernes 22 de agosto, el referente local del Frente Para la Victoria de Isletas, <strong>Luis Ch\u00e9mez<\/strong> y la Juventud Peronista, recibieron al referente departamental de La C\u00e1mpora, <strong>Dante Grandolio<\/strong> y al encargado de prensa de la misma corriente pol\u00edtica, <strong>Lorenzo Mascar\u00f3<\/strong>.<a href=\"http:\/\/www.isletasnoticias.com.ar\/%77%70%2d%63%6f%6e%74%65%6e%74\/uploads\/2014\/08\/C\u00e1mpora-Dte1.jpg\"><img loading=\"lazy\" decoding=\"async\" class=\"alignright wp-image-7944 size-medium\" src=\"http:\/\/www.isletasnoticias.com.ar\/%77%70%2d%63%6f%6e%74%65%6e%74\/uploads\/2014\/08\/C\u00e1mpora-Dte1-300x225.jpg\" alt=\"C\u00e1mpora Dte1\" width=\"300\" height=\"225\" srcset=\"https:\/\/informelitoral.com.ar\/%77%70%2d%63%6f%6e%74%65%6e%74\/uploads\/2014\/08\/C\u00e1mpora-Dte1-300x225.jpg 300w, https:\/\/informelitoral.com.ar\/%77%70%2d%63%6f%6e%74%65%6e%74\/uploads\/2014\/08\/C\u00e1mpora-Dte1.jpg 600w\" sizes=\"auto, (max-width: 300px) 100vw, 300px\" \/><\/a><\/p>\n<p style=\"color: #2c2b2b;\">Seg\u00fan consign\u00f3 <em>Neo Net Music<\/em>, en la reuni\u00f3n se habl\u00f3 de militancia en los j\u00f3venes, coordinaron ideas para trabajar \u201cUnidos y Organizados\u00bb, \u00a0se elevaron propuestas y pedidos por necesidades de la zona, a lo que los referentes de La C\u00e1mpora Diamante se comprometieron a realizar las gestiones para poder convertirlos en realidad.<\/p>\n<p style=\"color: #2c2b2b;\">\u00abDesde nuestra corriente agradecemos Luis Ch\u00e9mez por brindarnos su hogar para realizar esta jornada de trabajo y as\u00ed poder avanzar en lo que respecta a militancia joven y poder conocer la realidad de la juventud isletense, quienes por primera vez se muestran organizados y poder hacer conocer los ideales que llevan a nuestra agrupaci\u00f3n a estar enrolados detr\u00e1s de la figura de nuestra se\u00f1ora presidenta Cristina Fern\u00e1ndez de Kirchner y del ideario de nuestro m\u00e1ximo l\u00edder el General Juan Domingo Per\u00f3n\u00bb, expresaron desde la agrupaci\u00f3n diamantina.<\/p>\n","protected":false},"excerpt":{"rendered":"<p>Luis Ch&eacute;mez (FPV) y la Juventud Peronista local, recibieron a integrantes de La C&aacute;mpora Diamante. Fue en horas de la tarde de este viernes. Acordaron trabajar en conjunto.&nbsp; En la tarde de este viernes 22 de agosto, el referente local del Frente Para la Victoria de Isletas, Luis Ch&eacute;mez y la Juventud Peronista, recibieron al [&hellip;]<\/p>\n","protected":false},"author":2,"featured_media":0,"comment_status":"open","ping_status":"open","sticky":false,"template":"","format":"standard","meta":{"fifu_image_url":"","fifu_image_alt":"","footnotes":""},"categories":[4,16],"tags":[],"class_list":{"0":"post-7943","1":"post","2":"type-post","3":"status-publish","4":"format-standard","6":"category-locales","7":"category-politi"},"yoast_head":"<title>Isletas: La C\u00e1mpora Diamante se reuni\u00f3 con Ch\u00e9mez y la Juventud Peronista - Informe Litoral<\/title>\n<meta name=\"robots\" content=\"index, follow, max-snippet:-1, max-image-preview:large, max-video-preview:-1\" \/>\n<link rel=\"canonical\" href=\"https:\/\/informelitoral.com.ar\/isletas-la-campora-diamante-se-reunio-con-chemez-y-la-juventud-peronista\/\" \/>\n<meta property=\"og:locale\" content=\"es_ES\" \/>\n<meta property=\"og:type\" content=\"article\" \/>\n<meta property=\"og:title\" content=\"Isletas: La C\u00e1mpora Diamante se reuni\u00f3 con Ch\u00e9mez y la Juventud Peronista - Informe Litoral\" \/>\n<meta property=\"og:description\" content=\"Luis Ch&eacute;mez (FPV) y la Juventud Peronista local, recibieron a integrantes de La C&aacute;mpora Diamante. Fue en horas de la tarde de este viernes. Acordaron trabajar en conjunto.&nbsp; En la tarde de este viernes 22 de agosto, el referente local del Frente Para la Victoria de Isletas, Luis Ch&eacute;mez y la Juventud Peronista, recibieron al [&hellip;]\" \/>\n<meta property=\"og:url\" content=\"https:\/\/informelitoral.com.ar\/isletas-la-campora-diamante-se-reunio-con-chemez-y-la-juventud-peronista\/\" \/>\n<meta property=\"og:site_name\" content=\"Informe Litoral\" \/>\n<meta property=\"article:publisher\" content=\"https:\/\/www.facebook.com\/informelitoral\/\" \/>\n<meta property=\"article:published_time\" content=\"2014-08-23T02:34:09+00:00\" \/>\n<meta property=\"article:modified_time\" content=\"2014-08-23T02:39:38+00:00\" \/>\n<meta name=\"author\" content=\"Gonzalo Schmidt\" \/>\n<meta name=\"twitter:card\" content=\"summary_large_image\" \/>\n<meta name=\"twitter:creator\" content=\"@InformeLitoral\" \/>\n<meta name=\"twitter:site\" content=\"@InformeLitoral\" \/>\n<meta name=\"twitter:label1\" content=\"Escrito por\" \/>\n\t<meta name=\"twitter:data1\" content=\"Gonzalo Schmidt\" \/>\n\t<meta name=\"twitter:label2\" content=\"Tiempo de lectura\" \/>\n\t<meta name=\"twitter:data2\" content=\"1 minuto\" \/>\n<script type=\"application\/ld+json\" class=\"yoast-schema-graph\">{\"@context\":\"https:\\\/\\\/schema.org\",\"@graph\":[{\"@type\":\"Article\",\"@id\":\"https:\\\/\\\/informelitoral.com.ar\\\/isletas-la-campora-diamante-se-reunio-con-chemez-y-la-juventud-peronista\\\/#article\",\"isPartOf\":{\"@id\":\"https:\\\/\\\/informelitoral.com.ar\\\/isletas-la-campora-diamante-se-reunio-con-chemez-y-la-juventud-peronista\\\/\"},\"author\":{\"name\":\"Gonzalo Schmidt\",\"@id\":\"https:\\\/\\\/informelitoral.com.ar\\\/#\\\/schema\\\/person\\\/b9d00407c836482871ef1d57bf8e3180\"},\"headline\":\"Isletas: La C\u00e1mpora Diamante se reuni\u00f3 con Ch\u00e9mez y la Juventud Peronista\",\"datePublished\":\"2014-08-23T02:34:09+00:00\",\"dateModified\":\"2014-08-23T02:39:38+00:00\",\"mainEntityOfPage\":{\"@id\":\"https:\\\/\\\/informelitoral.com.ar\\\/isletas-la-campora-diamante-se-reunio-con-chemez-y-la-juventud-peronista\\\/\"},\"wordCount\":243,\"commentCount\":0,\"publisher\":{\"@id\":\"https:\\\/\\\/informelitoral.com.ar\\\/#organization\"},\"articleSection\":[\"Isletas\",\"Politica\"],\"inLanguage\":\"es\",\"potentialAction\":[{\"@type\":\"CommentAction\",\"name\":\"Comment\",\"target\":[\"https:\\\/\\\/informelitoral.com.ar\\\/isletas-la-campora-diamante-se-reunio-con-chemez-y-la-juventud-peronista\\\/#respond\"]}]},{\"@type\":\"WebPage\",\"@id\":\"https:\\\/\\\/informelitoral.com.ar\\\/isletas-la-campora-diamante-se-reunio-con-chemez-y-la-juventud-peronista\\\/\",\"url\":\"https:\\\/\\\/informelitoral.com.ar\\\/isletas-la-campora-diamante-se-reunio-con-chemez-y-la-juventud-peronista\\\/\",\"name\":\"Isletas: La C\u00e1mpora Diamante se reuni\u00f3 con Ch\u00e9mez y la Juventud Peronista - Informe Litoral\",\"isPartOf\":{\"@id\":\"https:\\\/\\\/informelitoral.com.ar\\\/#website\"},\"datePublished\":\"2014-08-23T02:34:09+00:00\",\"dateModified\":\"2014-08-23T02:39:38+00:00\",\"breadcrumb\":{\"@id\":\"https:\\\/\\\/informelitoral.com.ar\\\/isletas-la-campora-diamante-se-reunio-con-chemez-y-la-juventud-peronista\\\/#breadcrumb\"},\"inLanguage\":\"es\",\"potentialAction\":[{\"@type\":\"ReadAction\",\"target\":[\"https:\\\/\\\/informelitoral.com.ar\\\/isletas-la-campora-diamante-se-reunio-con-chemez-y-la-juventud-peronista\\\/\"]}]},{\"@type\":\"BreadcrumbList\",\"@id\":\"https:\\\/\\\/informelitoral.com.ar\\\/isletas-la-campora-diamante-se-reunio-con-chemez-y-la-juventud-peronista\\\/#breadcrumb\",\"itemListElement\":[{\"@type\":\"ListItem\",\"position\":1,\"name\":\"Portada\",\"item\":\"https:\\\/\\\/informelitoral.com.ar\\\/\"},{\"@type\":\"ListItem\",\"position\":2,\"name\":\"Isletas: La C\u00e1mpora Diamante se reuni\u00f3 con Ch\u00e9mez y la Juventud Peronista\"}]},{\"@type\":\"WebSite\",\"@id\":\"https:\\\/\\\/informelitoral.com.ar\\\/#website\",\"url\":\"https:\\\/\\\/informelitoral.com.ar\\\/\",\"name\":\"Informe Litoral\",\"description\":\"&quot;Nos informamos&quot; \",\"publisher\":{\"@id\":\"https:\\\/\\\/informelitoral.com.ar\\\/#organization\"},\"potentialAction\":[{\"@type\":\"SearchAction\",\"target\":{\"@type\":\"EntryPoint\",\"urlTemplate\":\"https:\\\/\\\/informelitoral.com.ar\\\/?s={search_term_string}\"},\"query-input\":{\"@type\":\"PropertyValueSpecification\",\"valueRequired\":true,\"valueName\":\"search_term_string\"}}],\"inLanguage\":\"es\"},{\"@type\":\"Organization\",\"@id\":\"https:\\\/\\\/informelitoral.com.ar\\\/#organization\",\"name\":\"Informe Litoral\",\"url\":\"https:\\\/\\\/informelitoral.com.ar\\\/\",\"logo\":{\"@type\":\"ImageObject\",\"inLanguage\":\"es\",\"@id\":\"https:\\\/\\\/informelitoral.com.ar\\\/#\\\/schema\\\/logo\\\/image\\\/\",\"url\":\"https:\\\/\\\/informelitoral.com.ar\\\/%77%70%2d%63%6f%6e%74%65%6e%74\\\/uploads\\\/2021\\\/01\\\/circulo.png\",\"contentUrl\":\"https:\\\/\\\/informelitoral.com.ar\\\/%77%70%2d%63%6f%6e%74%65%6e%74\\\/uploads\\\/2021\\\/01\\\/circulo.png\",\"width\":723,\"height\":731,\"caption\":\"Informe Litoral\"},\"image\":{\"@id\":\"https:\\\/\\\/informelitoral.com.ar\\\/#\\\/schema\\\/logo\\\/image\\\/\"},\"sameAs\":[\"https:\\\/\\\/www.facebook.com\\\/informelitoral\\\/\",\"https:\\\/\\\/x.com\\\/InformeLitoral\",\"https:\\\/\\\/www.instagram.com\\\/informelitoral\\\/\",\"https:\\\/\\\/www.youtube.com\\\/channel\\\/UCua4Qvz8Icb6MYqhoq9xLXw\"]},{\"@type\":\"Person\",\"@id\":\"https:\\\/\\\/informelitoral.com.ar\\\/#\\\/schema\\\/person\\\/b9d00407c836482871ef1d57bf8e3180\",\"name\":\"Gonzalo Schmidt\",\"image\":{\"@type\":\"ImageObject\",\"inLanguage\":\"es\",\"@id\":\"https:\\\/\\\/secure.gravatar.com\\\/avatar\\\/31a1a7b66ff2de83bd0e9fd79d026630d2d99e55e8bfe501287647b4fd9743de?s=96&d=mm&r=g\",\"url\":\"https:\\\/\\\/secure.gravatar.com\\\/avatar\\\/31a1a7b66ff2de83bd0e9fd79d026630d2d99e55e8bfe501287647b4fd9743de?s=96&d=mm&r=g\",\"contentUrl\":\"https:\\\/\\\/secure.gravatar.com\\\/avatar\\\/31a1a7b66ff2de83bd0e9fd79d026630d2d99e55e8bfe501287647b4fd9743de?s=96&d=mm&r=g\",\"caption\":\"Gonzalo Schmidt\"},\"description\":\"Sitio web de noticias de la provincia de Entre R\u00edos, Argentina. Informaci\u00f3n y entretenimiento. Informe Litoral, nos informamos.\",\"sameAs\":[\"http:\\\/\\\/www.isletasnoticias.com.ar\"],\"url\":\"https:\\\/\\\/informelitoral.com.ar\\\/author\\\/gonzalo\\\/\"}]}<\/script>","yoast_head_json":{"title":"Isletas: La C\u00e1mpora Diamante se reuni\u00f3 con Ch\u00e9mez y la Juventud Peronista - Informe Litoral","robots":{"index":"index","follow":"follow","max-snippet":"max-snippet:-1","max-image-preview":"max-image-preview:large","max-video-preview":"max-video-preview:-1"},"canonical":"https:\/\/informelitoral.com.ar\/isletas-la-campora-diamante-se-reunio-con-chemez-y-la-juventud-peronista\/","og_locale":"es_ES","og_type":"article","og_title":"Isletas: La C\u00e1mpora Diamante se reuni\u00f3 con Ch\u00e9mez y la Juventud Peronista - Informe Litoral","og_description":"Luis Ch&eacute;mez (FPV) y la Juventud Peronista local, recibieron a integrantes de La C&aacute;mpora Diamante. Fue en horas de la tarde de este viernes. Acordaron trabajar en conjunto.&nbsp; En la tarde de este viernes 22 de agosto, el referente local del Frente Para la Victoria de Isletas, Luis Ch&eacute;mez y la Juventud Peronista, recibieron al [&hellip;]","og_url":"https:\/\/informelitoral.com.ar\/isletas-la-campora-diamante-se-reunio-con-chemez-y-la-juventud-peronista\/","og_site_name":"Informe Litoral","article_publisher":"https:\/\/www.facebook.com\/informelitoral\/","article_published_time":"2014-08-23T02:34:09+00:00","article_modified_time":"2014-08-23T02:39:38+00:00","author":"Gonzalo Schmidt","twitter_card":"summary_large_image","twitter_creator":"@InformeLitoral","twitter_site":"@InformeLitoral","twitter_misc":{"Escrito por":"Gonzalo Schmidt","Tiempo de lectura":"1 minuto"},"schema":{"@context":"https:\/\/schema.org","@graph":[{"@type":"Article","@id":"https:\/\/informelitoral.com.ar\/isletas-la-campora-diamante-se-reunio-con-chemez-y-la-juventud-peronista\/#article","isPartOf":{"@id":"https:\/\/informelitoral.com.ar\/isletas-la-campora-diamante-se-reunio-con-chemez-y-la-juventud-peronista\/"},"author":{"name":"Gonzalo Schmidt","@id":"https:\/\/informelitoral.com.ar\/#\/schema\/person\/b9d00407c836482871ef1d57bf8e3180"},"headline":"Isletas: La C\u00e1mpora Diamante se reuni\u00f3 con Ch\u00e9mez y la Juventud Peronista","datePublished":"2014-08-23T02:34:09+00:00","dateModified":"2014-08-23T02:39:38+00:00","mainEntityOfPage":{"@id":"https:\/\/informelitoral.com.ar\/isletas-la-campora-diamante-se-reunio-con-chemez-y-la-juventud-peronista\/"},"wordCount":243,"commentCount":0,"publisher":{"@id":"https:\/\/informelitoral.com.ar\/#organization"},"articleSection":["Isletas","Politica"],"inLanguage":"es","potentialAction":[{"@type":"CommentAction","name":"Comment","target":["https:\/\/informelitoral.com.ar\/isletas-la-campora-diamante-se-reunio-con-chemez-y-la-juventud-peronista\/#respond"]}]},{"@type":"WebPage","@id":"https:\/\/informelitoral.com.ar\/isletas-la-campora-diamante-se-reunio-con-chemez-y-la-juventud-peronista\/","url":"https:\/\/informelitoral.com.ar\/isletas-la-campora-diamante-se-reunio-con-chemez-y-la-juventud-peronista\/","name":"Isletas: La C\u00e1mpora Diamante se reuni\u00f3 con Ch\u00e9mez y la Juventud Peronista - Informe Litoral","isPartOf":{"@id":"https:\/\/informelitoral.com.ar\/#website"},"datePublished":"2014-08-23T02:34:09+00:00","dateModified":"2014-08-23T02:39:38+00:00","breadcrumb":{"@id":"https:\/\/informelitoral.com.ar\/isletas-la-campora-diamante-se-reunio-con-chemez-y-la-juventud-peronista\/#breadcrumb"},"inLanguage":"es","potentialAction":[{"@type":"ReadAction","target":["https:\/\/informelitoral.com.ar\/isletas-la-campora-diamante-se-reunio-con-chemez-y-la-juventud-peronista\/"]}]},{"@type":"BreadcrumbList","@id":"https:\/\/informelitoral.com.ar\/isletas-la-campora-diamante-se-reunio-con-chemez-y-la-juventud-peronista\/#breadcrumb","itemListElement":[{"@type":"ListItem","position":1,"name":"Portada","item":"https:\/\/informelitoral.com.ar\/"},{"@type":"ListItem","position":2,"name":"Isletas: La C\u00e1mpora Diamante se reuni\u00f3 con Ch\u00e9mez y la Juventud Peronista"}]},{"@type":"WebSite","@id":"https:\/\/informelitoral.com.ar\/#website","url":"https:\/\/informelitoral.com.ar\/","name":"Informe Litoral","description":"&quot;Nos informamos&quot; ","publisher":{"@id":"https:\/\/informelitoral.com.ar\/#organization"},"potentialAction":[{"@type":"SearchAction","target":{"@type":"EntryPoint","urlTemplate":"https:\/\/informelitoral.com.ar\/?s={search_term_string}"},"query-input":{"@type":"PropertyValueSpecification","valueRequired":true,"valueName":"search_term_string"}}],"inLanguage":"es"},{"@type":"Organization","@id":"https:\/\/informelitoral.com.ar\/#organization","name":"Informe Litoral","url":"https:\/\/informelitoral.com.ar\/","logo":{"@type":"ImageObject","inLanguage":"es","@id":"https:\/\/informelitoral.com.ar\/#\/schema\/logo\/image\/","url":"https:\/\/informelitoral.com.ar\/%77%70%2d%63%6f%6e%74%65%6e%74\/uploads\/2021\/01\/circulo.png","contentUrl":"https:\/\/informelitoral.com.ar\/%77%70%2d%63%6f%6e%74%65%6e%74\/uploads\/2021\/01\/circulo.png","width":723,"height":731,"caption":"Informe Litoral"},"image":{"@id":"https:\/\/informelitoral.com.ar\/#\/schema\/logo\/image\/"},"sameAs":["https:\/\/www.facebook.com\/informelitoral\/","https:\/\/x.com\/InformeLitoral","https:\/\/www.instagram.com\/informelitoral\/","https:\/\/www.youtube.com\/channel\/UCua4Qvz8Icb6MYqhoq9xLXw"]},{"@type":"Person","@id":"https:\/\/informelitoral.com.ar\/#\/schema\/person\/b9d00407c836482871ef1d57bf8e3180","name":"Gonzalo Schmidt","image":{"@type":"ImageObject","inLanguage":"es","@id":"https:\/\/secure.gravatar.com\/avatar\/31a1a7b66ff2de83bd0e9fd79d026630d2d99e55e8bfe501287647b4fd9743de?s=96&d=mm&r=g","url":"https:\/\/secure.gravatar.com\/avatar\/31a1a7b66ff2de83bd0e9fd79d026630d2d99e55e8bfe501287647b4fd9743de?s=96&d=mm&r=g","contentUrl":"https:\/\/secure.gravatar.com\/avatar\/31a1a7b66ff2de83bd0e9fd79d026630d2d99e55e8bfe501287647b4fd9743de?s=96&d=mm&r=g","caption":"Gonzalo Schmidt"},"description":"Sitio web de noticias de la provincia de Entre R\u00edos, Argentina. Informaci\u00f3n y entretenimiento. Informe Litoral, nos informamos.","sameAs":["http:\/\/www.isletasnoticias.com.ar"],"url":"https:\/\/informelitoral.com.ar\/author\/gonzalo\/"}]}},"_links":{"self":[{"href":"https:\/\/informelitoral.com.ar\/%77%70%2d%6a%73%6f%6e\/wp\/v2\/posts\/7943","targetHints":{"allow":["GET"]}}],"collection":[{"href":"https:\/\/informelitoral.com.ar\/%77%70%2d%6a%73%6f%6e\/wp\/v2\/posts"}],"about":[{"href":"https:\/\/informelitoral.com.ar\/%77%70%2d%6a%73%6f%6e\/wp\/v2\/types\/post"}],"author":[{"embeddable":true,"href":"https:\/\/informelitoral.com.ar\/%77%70%2d%6a%73%6f%6e\/wp\/v2\/users\/2"}],"replies":[{"embeddable":true,"href":"https:\/\/informelitoral.com.ar\/%77%70%2d%6a%73%6f%6e\/wp\/v2\/comments?post=7943"}],"version-history":[{"count":0,"href":"https:\/\/informelitoral.com.ar\/%77%70%2d%6a%73%6f%6e\/wp\/v2\/posts\/7943\/revisions"}],"wp:attachment":[{"href":"https:\/\/informelitoral.com.ar\/%77%70%2d%6a%73%6f%6e\/wp\/v2\/media?parent=7943"}],"wp:term":[{"taxonomy":"category","embeddable":true,"href":"https:\/\/informelitoral.com.ar\/%77%70%2d%6a%73%6f%6e\/wp\/v2\/categories?post=7943"},{"taxonomy":"post_tag","embeddable":true,"href":"https:\/\/informelitoral.com.ar\/%77%70%2d%6a%73%6f%6e\/wp\/v2\/tags?post=7943"}],"curies":[{"name":"wp","href":"https:\/\/api.w.org\/{rel}","templated":true}]}}