{"id":7938,"date":"2014-08-22T23:14:54","date_gmt":"2014-08-23T02:14:54","guid":{"rendered":"http:\/\/www.isletasnoticias.com.ar\/?p=7938"},"modified":"2014-08-23T09:10:07","modified_gmt":"2014-08-23T12:10:07","slug":"ramirez-convocan-a-una-movilizacion-por-la-inseguridad","status":"publish","type":"post","link":"https:\/\/informelitoral.com.ar\/ramirez-convocan-a-una-movilizacion-por-la-inseguridad\/","title":{"rendered":"Ram\u00edrez: convocan a una \u00abmovilizaci\u00f3n por la inseguridad\u00bb"},"content":{"rendered":"<p><strong>Ser\u00e1 el martes 26 en la Plaza de la\u00a0<\/strong><strong>Madre.<\/strong><strong>Seg\u00fan indicaron, es en repudio al incremento de robos en la v\u00eda p\u00fablica y en un comercio. Los autores de los hechos ser\u00ed<img loading=\"lazy\" decoding=\"async\" class=\"alignright wp-image-7939 size-medium\" src=\"http:\/\/www.isletasnoticias.com.ar\/%77%70%2d%63%6f%6e%74%65%6e%74\/uploads\/2014\/08\/22727311-300x225.jpg\" alt=\"22727311\" width=\"300\" height=\"225\" srcset=\"https:\/\/informelitoral.com.ar\/%77%70%2d%63%6f%6e%74%65%6e%74\/uploads\/2014\/08\/22727311-300x225.jpg 300w, https:\/\/informelitoral.com.ar\/%77%70%2d%63%6f%6e%74%65%6e%74\/uploads\/2014\/08\/22727311.jpg 1024w\" sizes=\"auto, (max-width: 300px) 100vw, 300px\" \/>an menores de edad.\u00a0<\/strong><\/p>\n<p>Desde hace varios d\u00edas un grupo de vecinos indignados por los \u00faltimos\u00a0hechos de inseguridad en la v\u00eda p\u00fablica planificaban una movilizaci\u00f3n, hasta que finalmente en las \u00faltimas horas acordaron la fecha.<\/p>\n<p>Seg\u00fan informaron, la marcha ser\u00e1 el pr\u00f3ximo martes 26, a las 20.30, en la Plaza de la Madre, ubicada en pleno centro de la ciudad, en el Bulevar San Mart\u00edn.<\/p>\n<p>Los organizadores solicitan que la movilizaci\u00f3n se realice de forma pacifica e invitan a los vecinos a luchar \u00abporque somos los perjudicados y esto ya no puede seguir\u00bb.<\/p>\n<p>Desde la Comisar\u00eda local, tendr\u00edan identificados a los presuntos ladrones, aunque por tratarse de menores de edad, \u00abentran por una puerta y salen por la otra\u00bb, reconocieron y adem\u00e1s muchos afectados no realizar\u00edan la correspondiente denuncia. \u00a0<em>(Isletas Noticias)<\/em><\/p>\n","protected":false},"excerpt":{"rendered":"<p>Ser&aacute; el martes 26 en la Plaza de la&nbsp;Madre.Seg&uacute;n indicaron, es en repudio al incremento de robos en la v&iacute;a p&uacute;blica y en un comercio. Los autores de los hechos ser&iacute;an menores de edad.&nbsp; Desde hace varios d&iacute;as un grupo de vecinos indignados por los &uacute;ltimos&nbsp;hechos de inseguridad en la v&iacute;a p&uacute;blica planificaban una movilizaci&oacute;n, [&hellip;]<\/p>\n","protected":false},"author":2,"featured_media":0,"comment_status":"open","ping_status":"open","sticky":false,"template":"","format":"standard","meta":{"fifu_image_url":"","fifu_image_alt":"","footnotes":""},"categories":[5],"tags":[],"class_list":{"0":"post-7938","1":"post","2":"type-post","3":"status-publish","4":"format-standard","6":"category-zonales"},"yoast_head":"<title>Ram\u00edrez: convocan a una &quot;movilizaci\u00f3n por la inseguridad&quot; - Informe Litoral<\/title>\n<meta name=\"robots\" content=\"index, follow, max-snippet:-1, max-image-preview:large, max-video-preview:-1\" \/>\n<link rel=\"canonical\" href=\"https:\/\/informelitoral.com.ar\/ramirez-convocan-a-una-movilizacion-por-la-inseguridad\/\" \/>\n<meta property=\"og:locale\" content=\"es_ES\" \/>\n<meta property=\"og:type\" content=\"article\" \/>\n<meta property=\"og:title\" content=\"Ram\u00edrez: convocan a una &quot;movilizaci\u00f3n por la inseguridad&quot; - Informe Litoral\" \/>\n<meta property=\"og:description\" content=\"Ser&aacute; el martes 26 en la Plaza de la&nbsp;Madre.Seg&uacute;n indicaron, es en repudio al incremento de robos en la v&iacute;a p&uacute;blica y en un comercio. Los autores de los hechos ser&iacute;an menores de edad.&nbsp; Desde hace varios d&iacute;as un grupo de vecinos indignados por los &uacute;ltimos&nbsp;hechos de inseguridad en la v&iacute;a p&uacute;blica planificaban una movilizaci&oacute;n, [&hellip;]\" \/>\n<meta property=\"og:url\" content=\"https:\/\/informelitoral.com.ar\/ramirez-convocan-a-una-movilizacion-por-la-inseguridad\/\" \/>\n<meta property=\"og:site_name\" content=\"Informe Litoral\" \/>\n<meta property=\"article:publisher\" content=\"https:\/\/www.facebook.com\/informelitoral\/\" \/>\n<meta property=\"article:published_time\" content=\"2014-08-23T02:14:54+00:00\" \/>\n<meta property=\"article:modified_time\" content=\"2014-08-23T12:10:07+00:00\" \/>\n<meta property=\"og:image\" content=\"https:\/\/informelitoral.com.ar\/%77%70%2d%63%6f%6e%74%65%6e%74\/uploads\/2014\/08\/22727311.jpg\" \/>\n\t<meta property=\"og:image:width\" content=\"1024\" \/>\n\t<meta property=\"og:image:height\" content=\"768\" \/>\n\t<meta property=\"og:image:type\" content=\"image\/jpeg\" \/>\n<meta name=\"author\" content=\"Gonzalo Schmidt\" \/>\n<meta name=\"twitter:card\" content=\"summary_large_image\" \/>\n<meta name=\"twitter:creator\" content=\"@InformeLitoral\" \/>\n<meta name=\"twitter:site\" content=\"@InformeLitoral\" \/>\n<meta name=\"twitter:label1\" content=\"Escrito por\" \/>\n\t<meta name=\"twitter:data1\" content=\"Gonzalo Schmidt\" \/>\n\t<meta name=\"twitter:label2\" content=\"Tiempo de lectura\" \/>\n\t<meta name=\"twitter:data2\" content=\"1 minuto\" \/>\n<script type=\"application\/ld+json\" class=\"yoast-schema-graph\">{\"@context\":\"https:\\\/\\\/schema.org\",\"@graph\":[{\"@type\":\"Article\",\"@id\":\"https:\\\/\\\/informelitoral.com.ar\\\/ramirez-convocan-a-una-movilizacion-por-la-inseguridad\\\/#article\",\"isPartOf\":{\"@id\":\"https:\\\/\\\/informelitoral.com.ar\\\/ramirez-convocan-a-una-movilizacion-por-la-inseguridad\\\/\"},\"author\":{\"name\":\"Gonzalo Schmidt\",\"@id\":\"https:\\\/\\\/informelitoral.com.ar\\\/#\\\/schema\\\/person\\\/b9d00407c836482871ef1d57bf8e3180\"},\"headline\":\"Ram\u00edrez: convocan a una \u00abmovilizaci\u00f3n por la inseguridad\u00bb\",\"datePublished\":\"2014-08-23T02:14:54+00:00\",\"dateModified\":\"2014-08-23T12:10:07+00:00\",\"mainEntityOfPage\":{\"@id\":\"https:\\\/\\\/informelitoral.com.ar\\\/ramirez-convocan-a-una-movilizacion-por-la-inseguridad\\\/\"},\"wordCount\":187,\"commentCount\":0,\"publisher\":{\"@id\":\"https:\\\/\\\/informelitoral.com.ar\\\/#organization\"},\"image\":{\"@id\":\"https:\\\/\\\/informelitoral.com.ar\\\/ramirez-convocan-a-una-movilizacion-por-la-inseguridad\\\/#primaryimage\"},\"thumbnailUrl\":\"http:\\\/\\\/www.isletasnoticias.com.ar\\\/%77%70%2d%63%6f%6e%74%65%6e%74\\\/uploads\\\/2014\\\/08\\\/22727311-300x225.jpg\",\"articleSection\":[\"Departamento Diamante\"],\"inLanguage\":\"es\",\"potentialAction\":[{\"@type\":\"CommentAction\",\"name\":\"Comment\",\"target\":[\"https:\\\/\\\/informelitoral.com.ar\\\/ramirez-convocan-a-una-movilizacion-por-la-inseguridad\\\/#respond\"]}]},{\"@type\":\"WebPage\",\"@id\":\"https:\\\/\\\/informelitoral.com.ar\\\/ramirez-convocan-a-una-movilizacion-por-la-inseguridad\\\/\",\"url\":\"https:\\\/\\\/informelitoral.com.ar\\\/ramirez-convocan-a-una-movilizacion-por-la-inseguridad\\\/\",\"name\":\"Ram\u00edrez: convocan a una \\\"movilizaci\u00f3n por la inseguridad\\\" - Informe Litoral\",\"isPartOf\":{\"@id\":\"https:\\\/\\\/informelitoral.com.ar\\\/#website\"},\"primaryImageOfPage\":{\"@id\":\"https:\\\/\\\/informelitoral.com.ar\\\/ramirez-convocan-a-una-movilizacion-por-la-inseguridad\\\/#primaryimage\"},\"image\":{\"@id\":\"https:\\\/\\\/informelitoral.com.ar\\\/ramirez-convocan-a-una-movilizacion-por-la-inseguridad\\\/#primaryimage\"},\"thumbnailUrl\":\"http:\\\/\\\/www.isletasnoticias.com.ar\\\/%77%70%2d%63%6f%6e%74%65%6e%74\\\/uploads\\\/2014\\\/08\\\/22727311-300x225.jpg\",\"datePublished\":\"2014-08-23T02:14:54+00:00\",\"dateModified\":\"2014-08-23T12:10:07+00:00\",\"breadcrumb\":{\"@id\":\"https:\\\/\\\/informelitoral.com.ar\\\/ramirez-convocan-a-una-movilizacion-por-la-inseguridad\\\/#breadcrumb\"},\"inLanguage\":\"es\",\"potentialAction\":[{\"@type\":\"ReadAction\",\"target\":[\"https:\\\/\\\/informelitoral.com.ar\\\/ramirez-convocan-a-una-movilizacion-por-la-inseguridad\\\/\"]}]},{\"@type\":\"ImageObject\",\"inLanguage\":\"es\",\"@id\":\"https:\\\/\\\/informelitoral.com.ar\\\/ramirez-convocan-a-una-movilizacion-por-la-inseguridad\\\/#primaryimage\",\"url\":\"http:\\\/\\\/www.isletasnoticias.com.ar\\\/%77%70%2d%63%6f%6e%74%65%6e%74\\\/uploads\\\/2014\\\/08\\\/22727311-300x225.jpg\",\"contentUrl\":\"http:\\\/\\\/www.isletasnoticias.com.ar\\\/%77%70%2d%63%6f%6e%74%65%6e%74\\\/uploads\\\/2014\\\/08\\\/22727311-300x225.jpg\"},{\"@type\":\"BreadcrumbList\",\"@id\":\"https:\\\/\\\/informelitoral.com.ar\\\/ramirez-convocan-a-una-movilizacion-por-la-inseguridad\\\/#breadcrumb\",\"itemListElement\":[{\"@type\":\"ListItem\",\"position\":1,\"name\":\"Portada\",\"item\":\"https:\\\/\\\/informelitoral.com.ar\\\/\"},{\"@type\":\"ListItem\",\"position\":2,\"name\":\"Ram\u00edrez: convocan a una \u00abmovilizaci\u00f3n por la inseguridad\u00bb\"}]},{\"@type\":\"WebSite\",\"@id\":\"https:\\\/\\\/informelitoral.com.ar\\\/#website\",\"url\":\"https:\\\/\\\/informelitoral.com.ar\\\/\",\"name\":\"Informe Litoral\",\"description\":\"&quot;Nos informamos&quot; \",\"publisher\":{\"@id\":\"https:\\\/\\\/informelitoral.com.ar\\\/#organization\"},\"potentialAction\":[{\"@type\":\"SearchAction\",\"target\":{\"@type\":\"EntryPoint\",\"urlTemplate\":\"https:\\\/\\\/informelitoral.com.ar\\\/?s={search_term_string}\"},\"query-input\":{\"@type\":\"PropertyValueSpecification\",\"valueRequired\":true,\"valueName\":\"search_term_string\"}}],\"inLanguage\":\"es\"},{\"@type\":\"Organization\",\"@id\":\"https:\\\/\\\/informelitoral.com.ar\\\/#organization\",\"name\":\"Informe Litoral\",\"url\":\"https:\\\/\\\/informelitoral.com.ar\\\/\",\"logo\":{\"@type\":\"ImageObject\",\"inLanguage\":\"es\",\"@id\":\"https:\\\/\\\/informelitoral.com.ar\\\/#\\\/schema\\\/logo\\\/image\\\/\",\"url\":\"https:\\\/\\\/informelitoral.com.ar\\\/%77%70%2d%63%6f%6e%74%65%6e%74\\\/uploads\\\/2021\\\/01\\\/circulo.png\",\"contentUrl\":\"https:\\\/\\\/informelitoral.com.ar\\\/%77%70%2d%63%6f%6e%74%65%6e%74\\\/uploads\\\/2021\\\/01\\\/circulo.png\",\"width\":723,\"height\":731,\"caption\":\"Informe Litoral\"},\"image\":{\"@id\":\"https:\\\/\\\/informelitoral.com.ar\\\/#\\\/schema\\\/logo\\\/image\\\/\"},\"sameAs\":[\"https:\\\/\\\/www.facebook.com\\\/informelitoral\\\/\",\"https:\\\/\\\/x.com\\\/InformeLitoral\",\"https:\\\/\\\/www.instagram.com\\\/informelitoral\\\/\",\"https:\\\/\\\/www.youtube.com\\\/channel\\\/UCua4Qvz8Icb6MYqhoq9xLXw\"]},{\"@type\":\"Person\",\"@id\":\"https:\\\/\\\/informelitoral.com.ar\\\/#\\\/schema\\\/person\\\/b9d00407c836482871ef1d57bf8e3180\",\"name\":\"Gonzalo Schmidt\",\"image\":{\"@type\":\"ImageObject\",\"inLanguage\":\"es\",\"@id\":\"https:\\\/\\\/secure.gravatar.com\\\/avatar\\\/31a1a7b66ff2de83bd0e9fd79d026630d2d99e55e8bfe501287647b4fd9743de?s=96&d=mm&r=g\",\"url\":\"https:\\\/\\\/secure.gravatar.com\\\/avatar\\\/31a1a7b66ff2de83bd0e9fd79d026630d2d99e55e8bfe501287647b4fd9743de?s=96&d=mm&r=g\",\"contentUrl\":\"https:\\\/\\\/secure.gravatar.com\\\/avatar\\\/31a1a7b66ff2de83bd0e9fd79d026630d2d99e55e8bfe501287647b4fd9743de?s=96&d=mm&r=g\",\"caption\":\"Gonzalo Schmidt\"},\"description\":\"Sitio web de noticias de la provincia de Entre R\u00edos, Argentina. Informaci\u00f3n y entretenimiento. Informe Litoral, nos informamos.\",\"sameAs\":[\"http:\\\/\\\/www.isletasnoticias.com.ar\"],\"url\":\"https:\\\/\\\/informelitoral.com.ar\\\/author\\\/gonzalo\\\/\"}]}<\/script>","yoast_head_json":{"title":"Ram\u00edrez: convocan a una \"movilizaci\u00f3n por la inseguridad\" - Informe Litoral","robots":{"index":"index","follow":"follow","max-snippet":"max-snippet:-1","max-image-preview":"max-image-preview:large","max-video-preview":"max-video-preview:-1"},"canonical":"https:\/\/informelitoral.com.ar\/ramirez-convocan-a-una-movilizacion-por-la-inseguridad\/","og_locale":"es_ES","og_type":"article","og_title":"Ram\u00edrez: convocan a una \"movilizaci\u00f3n por la inseguridad\" - Informe Litoral","og_description":"Ser&aacute; el martes 26 en la Plaza de la&nbsp;Madre.Seg&uacute;n indicaron, es en repudio al incremento de robos en la v&iacute;a p&uacute;blica y en un comercio. Los autores de los hechos ser&iacute;an menores de edad.&nbsp; Desde hace varios d&iacute;as un grupo de vecinos indignados por los &uacute;ltimos&nbsp;hechos de inseguridad en la v&iacute;a p&uacute;blica planificaban una movilizaci&oacute;n, [&hellip;]","og_url":"https:\/\/informelitoral.com.ar\/ramirez-convocan-a-una-movilizacion-por-la-inseguridad\/","og_site_name":"Informe Litoral","article_publisher":"https:\/\/www.facebook.com\/informelitoral\/","article_published_time":"2014-08-23T02:14:54+00:00","article_modified_time":"2014-08-23T12:10:07+00:00","og_image":[{"width":1024,"height":768,"url":"https:\/\/informelitoral.com.ar\/%77%70%2d%63%6f%6e%74%65%6e%74\/uploads\/2014\/08\/22727311.jpg","type":"image\/jpeg"}],"author":"Gonzalo Schmidt","twitter_card":"summary_large_image","twitter_creator":"@InformeLitoral","twitter_site":"@InformeLitoral","twitter_misc":{"Escrito por":"Gonzalo Schmidt","Tiempo de lectura":"1 minuto"},"schema":{"@context":"https:\/\/schema.org","@graph":[{"@type":"Article","@id":"https:\/\/informelitoral.com.ar\/ramirez-convocan-a-una-movilizacion-por-la-inseguridad\/#article","isPartOf":{"@id":"https:\/\/informelitoral.com.ar\/ramirez-convocan-a-una-movilizacion-por-la-inseguridad\/"},"author":{"name":"Gonzalo Schmidt","@id":"https:\/\/informelitoral.com.ar\/#\/schema\/person\/b9d00407c836482871ef1d57bf8e3180"},"headline":"Ram\u00edrez: convocan a una \u00abmovilizaci\u00f3n por la inseguridad\u00bb","datePublished":"2014-08-23T02:14:54+00:00","dateModified":"2014-08-23T12:10:07+00:00","mainEntityOfPage":{"@id":"https:\/\/informelitoral.com.ar\/ramirez-convocan-a-una-movilizacion-por-la-inseguridad\/"},"wordCount":187,"commentCount":0,"publisher":{"@id":"https:\/\/informelitoral.com.ar\/#organization"},"image":{"@id":"https:\/\/informelitoral.com.ar\/ramirez-convocan-a-una-movilizacion-por-la-inseguridad\/#primaryimage"},"thumbnailUrl":"http:\/\/www.isletasnoticias.com.ar\/%77%70%2d%63%6f%6e%74%65%6e%74\/uploads\/2014\/08\/22727311-300x225.jpg","articleSection":["Departamento Diamante"],"inLanguage":"es","potentialAction":[{"@type":"CommentAction","name":"Comment","target":["https:\/\/informelitoral.com.ar\/ramirez-convocan-a-una-movilizacion-por-la-inseguridad\/#respond"]}]},{"@type":"WebPage","@id":"https:\/\/informelitoral.com.ar\/ramirez-convocan-a-una-movilizacion-por-la-inseguridad\/","url":"https:\/\/informelitoral.com.ar\/ramirez-convocan-a-una-movilizacion-por-la-inseguridad\/","name":"Ram\u00edrez: convocan a una \"movilizaci\u00f3n por la inseguridad\" - Informe Litoral","isPartOf":{"@id":"https:\/\/informelitoral.com.ar\/#website"},"primaryImageOfPage":{"@id":"https:\/\/informelitoral.com.ar\/ramirez-convocan-a-una-movilizacion-por-la-inseguridad\/#primaryimage"},"image":{"@id":"https:\/\/informelitoral.com.ar\/ramirez-convocan-a-una-movilizacion-por-la-inseguridad\/#primaryimage"},"thumbnailUrl":"http:\/\/www.isletasnoticias.com.ar\/%77%70%2d%63%6f%6e%74%65%6e%74\/uploads\/2014\/08\/22727311-300x225.jpg","datePublished":"2014-08-23T02:14:54+00:00","dateModified":"2014-08-23T12:10:07+00:00","breadcrumb":{"@id":"https:\/\/informelitoral.com.ar\/ramirez-convocan-a-una-movilizacion-por-la-inseguridad\/#breadcrumb"},"inLanguage":"es","potentialAction":[{"@type":"ReadAction","target":["https:\/\/informelitoral.com.ar\/ramirez-convocan-a-una-movilizacion-por-la-inseguridad\/"]}]},{"@type":"ImageObject","inLanguage":"es","@id":"https:\/\/informelitoral.com.ar\/ramirez-convocan-a-una-movilizacion-por-la-inseguridad\/#primaryimage","url":"http:\/\/www.isletasnoticias.com.ar\/%77%70%2d%63%6f%6e%74%65%6e%74\/uploads\/2014\/08\/22727311-300x225.jpg","contentUrl":"http:\/\/www.isletasnoticias.com.ar\/%77%70%2d%63%6f%6e%74%65%6e%74\/uploads\/2014\/08\/22727311-300x225.jpg"},{"@type":"BreadcrumbList","@id":"https:\/\/informelitoral.com.ar\/ramirez-convocan-a-una-movilizacion-por-la-inseguridad\/#breadcrumb","itemListElement":[{"@type":"ListItem","position":1,"name":"Portada","item":"https:\/\/informelitoral.com.ar\/"},{"@type":"ListItem","position":2,"name":"Ram\u00edrez: convocan a una \u00abmovilizaci\u00f3n por la inseguridad\u00bb"}]},{"@type":"WebSite","@id":"https:\/\/informelitoral.com.ar\/#website","url":"https:\/\/informelitoral.com.ar\/","name":"Informe Litoral","description":"&quot;Nos informamos&quot; ","publisher":{"@id":"https:\/\/informelitoral.com.ar\/#organization"},"potentialAction":[{"@type":"SearchAction","target":{"@type":"EntryPoint","urlTemplate":"https:\/\/informelitoral.com.ar\/?s={search_term_string}"},"query-input":{"@type":"PropertyValueSpecification","valueRequired":true,"valueName":"search_term_string"}}],"inLanguage":"es"},{"@type":"Organization","@id":"https:\/\/informelitoral.com.ar\/#organization","name":"Informe Litoral","url":"https:\/\/informelitoral.com.ar\/","logo":{"@type":"ImageObject","inLanguage":"es","@id":"https:\/\/informelitoral.com.ar\/#\/schema\/logo\/image\/","url":"https:\/\/informelitoral.com.ar\/%77%70%2d%63%6f%6e%74%65%6e%74\/uploads\/2021\/01\/circulo.png","contentUrl":"https:\/\/informelitoral.com.ar\/%77%70%2d%63%6f%6e%74%65%6e%74\/uploads\/2021\/01\/circulo.png","width":723,"height":731,"caption":"Informe Litoral"},"image":{"@id":"https:\/\/informelitoral.com.ar\/#\/schema\/logo\/image\/"},"sameAs":["https:\/\/www.facebook.com\/informelitoral\/","https:\/\/x.com\/InformeLitoral","https:\/\/www.instagram.com\/informelitoral\/","https:\/\/www.youtube.com\/channel\/UCua4Qvz8Icb6MYqhoq9xLXw"]},{"@type":"Person","@id":"https:\/\/informelitoral.com.ar\/#\/schema\/person\/b9d00407c836482871ef1d57bf8e3180","name":"Gonzalo Schmidt","image":{"@type":"ImageObject","inLanguage":"es","@id":"https:\/\/secure.gravatar.com\/avatar\/31a1a7b66ff2de83bd0e9fd79d026630d2d99e55e8bfe501287647b4fd9743de?s=96&d=mm&r=g","url":"https:\/\/secure.gravatar.com\/avatar\/31a1a7b66ff2de83bd0e9fd79d026630d2d99e55e8bfe501287647b4fd9743de?s=96&d=mm&r=g","contentUrl":"https:\/\/secure.gravatar.com\/avatar\/31a1a7b66ff2de83bd0e9fd79d026630d2d99e55e8bfe501287647b4fd9743de?s=96&d=mm&r=g","caption":"Gonzalo Schmidt"},"description":"Sitio web de noticias de la provincia de Entre R\u00edos, Argentina. Informaci\u00f3n y entretenimiento. Informe Litoral, nos informamos.","sameAs":["http:\/\/www.isletasnoticias.com.ar"],"url":"https:\/\/informelitoral.com.ar\/author\/gonzalo\/"}]}},"_links":{"self":[{"href":"https:\/\/informelitoral.com.ar\/%77%70%2d%6a%73%6f%6e\/wp\/v2\/posts\/7938","targetHints":{"allow":["GET"]}}],"collection":[{"href":"https:\/\/informelitoral.com.ar\/%77%70%2d%6a%73%6f%6e\/wp\/v2\/posts"}],"about":[{"href":"https:\/\/informelitoral.com.ar\/%77%70%2d%6a%73%6f%6e\/wp\/v2\/types\/post"}],"author":[{"embeddable":true,"href":"https:\/\/informelitoral.com.ar\/%77%70%2d%6a%73%6f%6e\/wp\/v2\/users\/2"}],"replies":[{"embeddable":true,"href":"https:\/\/informelitoral.com.ar\/%77%70%2d%6a%73%6f%6e\/wp\/v2\/comments?post=7938"}],"version-history":[{"count":0,"href":"https:\/\/informelitoral.com.ar\/%77%70%2d%6a%73%6f%6e\/wp\/v2\/posts\/7938\/revisions"}],"wp:attachment":[{"href":"https:\/\/informelitoral.com.ar\/%77%70%2d%6a%73%6f%6e\/wp\/v2\/media?parent=7938"}],"wp:term":[{"taxonomy":"category","embeddable":true,"href":"https:\/\/informelitoral.com.ar\/%77%70%2d%6a%73%6f%6e\/wp\/v2\/categories?post=7938"},{"taxonomy":"post_tag","embeddable":true,"href":"https:\/\/informelitoral.com.ar\/%77%70%2d%6a%73%6f%6e\/wp\/v2\/tags?post=7938"}],"curies":[{"name":"wp","href":"https:\/\/api.w.org\/{rel}","templated":true}]}}