{"id":79299,"date":"2022-06-08T14:32:15","date_gmt":"2022-06-08T17:32:15","guid":{"rendered":"https:\/\/www.informelitoral.com.ar\/?p=79299"},"modified":"2022-06-08T20:15:42","modified_gmt":"2022-06-08T23:15:42","slug":"avanzan-las-obras-en-calle-hector-pedro-rohr","status":"publish","type":"post","link":"https:\/\/informelitoral.com.ar\/avanzan-las-obras-en-calle-hector-pedro-rohr\/","title":{"rendered":"Valle Mar\u00eda: Avanzan las obras en calle H\u00e9ctor Pedro Rohr"},"content":{"rendered":"<p>El personal municipal efect\u00faa trabajos en distintos sectores de la localidad, llevando a cabo obras que mejoran la circulaci\u00f3n en las calles, la evacuaci\u00f3n de las aguas pluviales y la calidad de vida de los vecinos y vecinas.<\/p>\n<p>Sobre\u00a0<strong>calle H\u00e9ctor Pedro Rohr<\/strong>, finaliz\u00f3 una importante obra que involucr\u00f3 distintas tareas.<\/p>\n<p>Por un lado, fue necesaria la reubicaci\u00f3n de los postes de energ\u00eda el\u00e9ctrica, que se encontraban dispuestos sobre la l\u00ednea de la calle. Luego de una serie de mediaciones, la Municipalidad de Valle Mar\u00eda abon\u00f3 el trabajo realizado por las compa\u00f1\u00edas Quebracho y ENERSA, con la finalidad de que sean retirados los postes que se ubicaban sobre la v\u00eda p\u00fablica y que sean dispuestos sobre la acera contraria.<\/p>\n<p>Asimismo, se llev\u00f3 a cabo la construcci\u00f3n de cord\u00f3n cuneta, en el tramo comprendido entre Alemanes del Volga y 8 de Diciembre. Esta obra se realiz\u00f3 a trav\u00e9s de la gesti\u00f3n del Proyecto Argentina Hace.<\/p>\n<p>En esta zona, se complet\u00f3 la v\u00eda p\u00fablica con brosa. Y est\u00e1 proyectado, pr\u00f3ximamente, realizar riego asf\u00e1ltico.<\/p>\n<p>Asimismo, en este sector se trabaj\u00f3 en un desag\u00fce pluvial, que desemboca en el canal principal que recorre la localidad de norte a sur. Esto permitir\u00e1 una adecuada evacuaci\u00f3n de las aguas en los d\u00edas de lluvia.<\/p>\n<p>Estas obras, indudablemente, tienen un impacto positivo en la vida de los vecinos que habitan en el sector. Y, adem\u00e1s de esto, son de importancia para toda la localidad ya que dicha arteria es la que comunica con la cancha de f\u00fatbol infantil, donde se desarrolla el Taller Municipal de F\u00fatbol Mixto, uno de los deportes m\u00e1s populares entre los peque\u00f1os.<\/p>\n","protected":false},"excerpt":{"rendered":"<p>En esta zona, se complet\u00f3 la v\u00eda p\u00fablica con broza. Adem\u00e1s est\u00e1 proyectado, pr\u00f3ximamente, realizar riego asf\u00e1ltico.<\/p>\n","protected":false},"author":8,"featured_media":79300,"comment_status":"open","ping_status":"open","sticky":false,"template":"","format":"standard","meta":{"fifu_image_url":"","fifu_image_alt":"","footnotes":""},"categories":[5],"tags":[111,201,283,316,61],"class_list":{"0":"post-79299","1":"post","2":"type-post","3":"status-publish","4":"format-standard","5":"has-post-thumbnail","7":"category-zonales","8":"tag-municipales","9":"tag-municipios","10":"tag-obras","11":"tag-obras-publicas","12":"tag-valle-maria"},"yoast_head":"<title>Valle Mar\u00eda: Avanzan las obras en calle H\u00e9ctor Pedro Rohr - Informe Litoral<\/title>\n<meta name=\"robots\" content=\"index, follow, max-snippet:-1, max-image-preview:large, max-video-preview:-1\" \/>\n<link rel=\"canonical\" href=\"https:\/\/informelitoral.com.ar\/avanzan-las-obras-en-calle-hector-pedro-rohr\/\" \/>\n<meta property=\"og:locale\" content=\"es_ES\" \/>\n<meta property=\"og:type\" content=\"article\" \/>\n<meta property=\"og:title\" content=\"Valle Mar\u00eda: Avanzan las obras en calle H\u00e9ctor Pedro Rohr - Informe Litoral\" \/>\n<meta property=\"og:description\" content=\"En esta zona, se complet\u00f3 la v\u00eda p\u00fablica con broza. Adem\u00e1s est\u00e1 proyectado, pr\u00f3ximamente, realizar riego asf\u00e1ltico.\" \/>\n<meta property=\"og:url\" content=\"https:\/\/informelitoral.com.ar\/avanzan-las-obras-en-calle-hector-pedro-rohr\/\" \/>\n<meta property=\"og:site_name\" content=\"Informe Litoral\" \/>\n<meta property=\"article:publisher\" content=\"https:\/\/www.facebook.com\/informelitoral\/\" \/>\n<meta property=\"article:published_time\" content=\"2022-06-08T17:32:15+00:00\" \/>\n<meta property=\"article:modified_time\" content=\"2022-06-08T23:15:42+00:00\" \/>\n<meta property=\"og:image\" content=\"https:\/\/informelitoral.com.ar\/%77%70%2d%63%6f%6e%74%65%6e%74\/uploads\/2022\/06\/rohr1-6_03_-_portada-1024x576.jpeg.webp\" \/>\n\t<meta property=\"og:image:width\" content=\"1024\" \/>\n\t<meta property=\"og:image:height\" content=\"576\" \/>\n\t<meta property=\"og:image:type\" content=\"image\/webp\" \/>\n<meta name=\"author\" content=\"Sebastian\" \/>\n<meta name=\"twitter:card\" content=\"summary_large_image\" \/>\n<meta name=\"twitter:creator\" content=\"@InformeLitoral\" \/>\n<meta name=\"twitter:site\" content=\"@InformeLitoral\" \/>\n<meta name=\"twitter:label1\" content=\"Escrito por\" \/>\n\t<meta name=\"twitter:data1\" content=\"Sebastian\" \/>\n\t<meta name=\"twitter:label2\" content=\"Tiempo de lectura\" \/>\n\t<meta name=\"twitter:data2\" content=\"1 minuto\" \/>\n<script type=\"application\/ld+json\" class=\"yoast-schema-graph\">{\"@context\":\"https:\\\/\\\/schema.org\",\"@graph\":[{\"@type\":\"Article\",\"@id\":\"https:\\\/\\\/informelitoral.com.ar\\\/avanzan-las-obras-en-calle-hector-pedro-rohr\\\/#article\",\"isPartOf\":{\"@id\":\"https:\\\/\\\/informelitoral.com.ar\\\/avanzan-las-obras-en-calle-hector-pedro-rohr\\\/\"},\"author\":{\"name\":\"Sebastian\",\"@id\":\"https:\\\/\\\/informelitoral.com.ar\\\/#\\\/schema\\\/person\\\/f05f9f461677119578717524b127d6d5\"},\"headline\":\"Valle Mar\u00eda: Avanzan las obras en calle H\u00e9ctor Pedro Rohr\",\"datePublished\":\"2022-06-08T17:32:15+00:00\",\"dateModified\":\"2022-06-08T23:15:42+00:00\",\"mainEntityOfPage\":{\"@id\":\"https:\\\/\\\/informelitoral.com.ar\\\/avanzan-las-obras-en-calle-hector-pedro-rohr\\\/\"},\"wordCount\":308,\"commentCount\":0,\"publisher\":{\"@id\":\"https:\\\/\\\/informelitoral.com.ar\\\/#organization\"},\"image\":{\"@id\":\"https:\\\/\\\/informelitoral.com.ar\\\/avanzan-las-obras-en-calle-hector-pedro-rohr\\\/#primaryimage\"},\"thumbnailUrl\":\"https:\\\/\\\/informelitoral.com.ar\\\/%77%70%2d%63%6f%6e%74%65%6e%74\\\/uploads\\\/2022\\\/06\\\/rohr1-6_03_-_portada-1024x576.jpeg.webp\",\"keywords\":[\"Municipales\",\"Municipios\",\"Obras\",\"Obras p\u00fablicas\",\"Valle Mar\u00eda\"],\"articleSection\":[\"Departamento Diamante\"],\"inLanguage\":\"es\",\"potentialAction\":[{\"@type\":\"CommentAction\",\"name\":\"Comment\",\"target\":[\"https:\\\/\\\/informelitoral.com.ar\\\/avanzan-las-obras-en-calle-hector-pedro-rohr\\\/#respond\"]}]},{\"@type\":\"WebPage\",\"@id\":\"https:\\\/\\\/informelitoral.com.ar\\\/avanzan-las-obras-en-calle-hector-pedro-rohr\\\/\",\"url\":\"https:\\\/\\\/informelitoral.com.ar\\\/avanzan-las-obras-en-calle-hector-pedro-rohr\\\/\",\"name\":\"Valle Mar\u00eda: Avanzan las obras en calle H\u00e9ctor Pedro Rohr - Informe Litoral\",\"isPartOf\":{\"@id\":\"https:\\\/\\\/informelitoral.com.ar\\\/#website\"},\"primaryImageOfPage\":{\"@id\":\"https:\\\/\\\/informelitoral.com.ar\\\/avanzan-las-obras-en-calle-hector-pedro-rohr\\\/#primaryimage\"},\"image\":{\"@id\":\"https:\\\/\\\/informelitoral.com.ar\\\/avanzan-las-obras-en-calle-hector-pedro-rohr\\\/#primaryimage\"},\"thumbnailUrl\":\"https:\\\/\\\/informelitoral.com.ar\\\/%77%70%2d%63%6f%6e%74%65%6e%74\\\/uploads\\\/2022\\\/06\\\/rohr1-6_03_-_portada-1024x576.jpeg.webp\",\"datePublished\":\"2022-06-08T17:32:15+00:00\",\"dateModified\":\"2022-06-08T23:15:42+00:00\",\"breadcrumb\":{\"@id\":\"https:\\\/\\\/informelitoral.com.ar\\\/avanzan-las-obras-en-calle-hector-pedro-rohr\\\/#breadcrumb\"},\"inLanguage\":\"es\",\"potentialAction\":[{\"@type\":\"ReadAction\",\"target\":[\"https:\\\/\\\/informelitoral.com.ar\\\/avanzan-las-obras-en-calle-hector-pedro-rohr\\\/\"]}]},{\"@type\":\"ImageObject\",\"inLanguage\":\"es\",\"@id\":\"https:\\\/\\\/informelitoral.com.ar\\\/avanzan-las-obras-en-calle-hector-pedro-rohr\\\/#primaryimage\",\"url\":\"https:\\\/\\\/informelitoral.com.ar\\\/%77%70%2d%63%6f%6e%74%65%6e%74\\\/uploads\\\/2022\\\/06\\\/rohr1-6_03_-_portada-1024x576.jpeg.webp\",\"contentUrl\":\"https:\\\/\\\/informelitoral.com.ar\\\/%77%70%2d%63%6f%6e%74%65%6e%74\\\/uploads\\\/2022\\\/06\\\/rohr1-6_03_-_portada-1024x576.jpeg.webp\",\"width\":1024,\"height\":576},{\"@type\":\"BreadcrumbList\",\"@id\":\"https:\\\/\\\/informelitoral.com.ar\\\/avanzan-las-obras-en-calle-hector-pedro-rohr\\\/#breadcrumb\",\"itemListElement\":[{\"@type\":\"ListItem\",\"position\":1,\"name\":\"Portada\",\"item\":\"https:\\\/\\\/informelitoral.com.ar\\\/\"},{\"@type\":\"ListItem\",\"position\":2,\"name\":\"Valle Mar\u00eda: Avanzan las obras en calle H\u00e9ctor Pedro Rohr\"}]},{\"@type\":\"WebSite\",\"@id\":\"https:\\\/\\\/informelitoral.com.ar\\\/#website\",\"url\":\"https:\\\/\\\/informelitoral.com.ar\\\/\",\"name\":\"Informe Litoral\",\"description\":\"&quot;Nos informamos&quot; \",\"publisher\":{\"@id\":\"https:\\\/\\\/informelitoral.com.ar\\\/#organization\"},\"potentialAction\":[{\"@type\":\"SearchAction\",\"target\":{\"@type\":\"EntryPoint\",\"urlTemplate\":\"https:\\\/\\\/informelitoral.com.ar\\\/?s={search_term_string}\"},\"query-input\":{\"@type\":\"PropertyValueSpecification\",\"valueRequired\":true,\"valueName\":\"search_term_string\"}}],\"inLanguage\":\"es\"},{\"@type\":\"Organization\",\"@id\":\"https:\\\/\\\/informelitoral.com.ar\\\/#organization\",\"name\":\"Informe Litoral\",\"url\":\"https:\\\/\\\/informelitoral.com.ar\\\/\",\"logo\":{\"@type\":\"ImageObject\",\"inLanguage\":\"es\",\"@id\":\"https:\\\/\\\/informelitoral.com.ar\\\/#\\\/schema\\\/logo\\\/image\\\/\",\"url\":\"https:\\\/\\\/informelitoral.com.ar\\\/%77%70%2d%63%6f%6e%74%65%6e%74\\\/uploads\\\/2021\\\/01\\\/circulo.png\",\"contentUrl\":\"https:\\\/\\\/informelitoral.com.ar\\\/%77%70%2d%63%6f%6e%74%65%6e%74\\\/uploads\\\/2021\\\/01\\\/circulo.png\",\"width\":723,\"height\":731,\"caption\":\"Informe Litoral\"},\"image\":{\"@id\":\"https:\\\/\\\/informelitoral.com.ar\\\/#\\\/schema\\\/logo\\\/image\\\/\"},\"sameAs\":[\"https:\\\/\\\/www.facebook.com\\\/informelitoral\\\/\",\"https:\\\/\\\/x.com\\\/InformeLitoral\",\"https:\\\/\\\/www.instagram.com\\\/informelitoral\\\/\",\"https:\\\/\\\/www.youtube.com\\\/channel\\\/UCua4Qvz8Icb6MYqhoq9xLXw\"]},{\"@type\":\"Person\",\"@id\":\"https:\\\/\\\/informelitoral.com.ar\\\/#\\\/schema\\\/person\\\/f05f9f461677119578717524b127d6d5\",\"name\":\"Sebastian\",\"image\":{\"@type\":\"ImageObject\",\"inLanguage\":\"es\",\"@id\":\"https:\\\/\\\/secure.gravatar.com\\\/avatar\\\/b71bf7481d447dfb9583c7f2798e7cc64de6efb9067b74633ed8c31059a3bd82?s=96&d=mm&r=g\",\"url\":\"https:\\\/\\\/secure.gravatar.com\\\/avatar\\\/b71bf7481d447dfb9583c7f2798e7cc64de6efb9067b74633ed8c31059a3bd82?s=96&d=mm&r=g\",\"contentUrl\":\"https:\\\/\\\/secure.gravatar.com\\\/avatar\\\/b71bf7481d447dfb9583c7f2798e7cc64de6efb9067b74633ed8c31059a3bd82?s=96&d=mm&r=g\",\"caption\":\"Sebastian\"},\"url\":\"https:\\\/\\\/informelitoral.com.ar\\\/author\\\/sebastian\\\/\"}]}<\/script>","yoast_head_json":{"title":"Valle Mar\u00eda: Avanzan las obras en calle H\u00e9ctor Pedro Rohr - Informe Litoral","robots":{"index":"index","follow":"follow","max-snippet":"max-snippet:-1","max-image-preview":"max-image-preview:large","max-video-preview":"max-video-preview:-1"},"canonical":"https:\/\/informelitoral.com.ar\/avanzan-las-obras-en-calle-hector-pedro-rohr\/","og_locale":"es_ES","og_type":"article","og_title":"Valle Mar\u00eda: Avanzan las obras en calle H\u00e9ctor Pedro Rohr - Informe Litoral","og_description":"En esta zona, se complet\u00f3 la v\u00eda p\u00fablica con broza. Adem\u00e1s est\u00e1 proyectado, pr\u00f3ximamente, realizar riego asf\u00e1ltico.","og_url":"https:\/\/informelitoral.com.ar\/avanzan-las-obras-en-calle-hector-pedro-rohr\/","og_site_name":"Informe Litoral","article_publisher":"https:\/\/www.facebook.com\/informelitoral\/","article_published_time":"2022-06-08T17:32:15+00:00","article_modified_time":"2022-06-08T23:15:42+00:00","og_image":[{"width":1024,"height":576,"url":"https:\/\/informelitoral.com.ar\/%77%70%2d%63%6f%6e%74%65%6e%74\/uploads\/2022\/06\/rohr1-6_03_-_portada-1024x576.jpeg.webp","type":"image\/webp"}],"author":"Sebastian","twitter_card":"summary_large_image","twitter_creator":"@InformeLitoral","twitter_site":"@InformeLitoral","twitter_misc":{"Escrito por":"Sebastian","Tiempo de lectura":"1 minuto"},"schema":{"@context":"https:\/\/schema.org","@graph":[{"@type":"Article","@id":"https:\/\/informelitoral.com.ar\/avanzan-las-obras-en-calle-hector-pedro-rohr\/#article","isPartOf":{"@id":"https:\/\/informelitoral.com.ar\/avanzan-las-obras-en-calle-hector-pedro-rohr\/"},"author":{"name":"Sebastian","@id":"https:\/\/informelitoral.com.ar\/#\/schema\/person\/f05f9f461677119578717524b127d6d5"},"headline":"Valle Mar\u00eda: Avanzan las obras en calle H\u00e9ctor Pedro Rohr","datePublished":"2022-06-08T17:32:15+00:00","dateModified":"2022-06-08T23:15:42+00:00","mainEntityOfPage":{"@id":"https:\/\/informelitoral.com.ar\/avanzan-las-obras-en-calle-hector-pedro-rohr\/"},"wordCount":308,"commentCount":0,"publisher":{"@id":"https:\/\/informelitoral.com.ar\/#organization"},"image":{"@id":"https:\/\/informelitoral.com.ar\/avanzan-las-obras-en-calle-hector-pedro-rohr\/#primaryimage"},"thumbnailUrl":"https:\/\/informelitoral.com.ar\/%77%70%2d%63%6f%6e%74%65%6e%74\/uploads\/2022\/06\/rohr1-6_03_-_portada-1024x576.jpeg.webp","keywords":["Municipales","Municipios","Obras","Obras p\u00fablicas","Valle Mar\u00eda"],"articleSection":["Departamento Diamante"],"inLanguage":"es","potentialAction":[{"@type":"CommentAction","name":"Comment","target":["https:\/\/informelitoral.com.ar\/avanzan-las-obras-en-calle-hector-pedro-rohr\/#respond"]}]},{"@type":"WebPage","@id":"https:\/\/informelitoral.com.ar\/avanzan-las-obras-en-calle-hector-pedro-rohr\/","url":"https:\/\/informelitoral.com.ar\/avanzan-las-obras-en-calle-hector-pedro-rohr\/","name":"Valle Mar\u00eda: Avanzan las obras en calle H\u00e9ctor Pedro Rohr - Informe Litoral","isPartOf":{"@id":"https:\/\/informelitoral.com.ar\/#website"},"primaryImageOfPage":{"@id":"https:\/\/informelitoral.com.ar\/avanzan-las-obras-en-calle-hector-pedro-rohr\/#primaryimage"},"image":{"@id":"https:\/\/informelitoral.com.ar\/avanzan-las-obras-en-calle-hector-pedro-rohr\/#primaryimage"},"thumbnailUrl":"https:\/\/informelitoral.com.ar\/%77%70%2d%63%6f%6e%74%65%6e%74\/uploads\/2022\/06\/rohr1-6_03_-_portada-1024x576.jpeg.webp","datePublished":"2022-06-08T17:32:15+00:00","dateModified":"2022-06-08T23:15:42+00:00","breadcrumb":{"@id":"https:\/\/informelitoral.com.ar\/avanzan-las-obras-en-calle-hector-pedro-rohr\/#breadcrumb"},"inLanguage":"es","potentialAction":[{"@type":"ReadAction","target":["https:\/\/informelitoral.com.ar\/avanzan-las-obras-en-calle-hector-pedro-rohr\/"]}]},{"@type":"ImageObject","inLanguage":"es","@id":"https:\/\/informelitoral.com.ar\/avanzan-las-obras-en-calle-hector-pedro-rohr\/#primaryimage","url":"https:\/\/informelitoral.com.ar\/%77%70%2d%63%6f%6e%74%65%6e%74\/uploads\/2022\/06\/rohr1-6_03_-_portada-1024x576.jpeg.webp","contentUrl":"https:\/\/informelitoral.com.ar\/%77%70%2d%63%6f%6e%74%65%6e%74\/uploads\/2022\/06\/rohr1-6_03_-_portada-1024x576.jpeg.webp","width":1024,"height":576},{"@type":"BreadcrumbList","@id":"https:\/\/informelitoral.com.ar\/avanzan-las-obras-en-calle-hector-pedro-rohr\/#breadcrumb","itemListElement":[{"@type":"ListItem","position":1,"name":"Portada","item":"https:\/\/informelitoral.com.ar\/"},{"@type":"ListItem","position":2,"name":"Valle Mar\u00eda: Avanzan las obras en calle H\u00e9ctor Pedro Rohr"}]},{"@type":"WebSite","@id":"https:\/\/informelitoral.com.ar\/#website","url":"https:\/\/informelitoral.com.ar\/","name":"Informe Litoral","description":"&quot;Nos informamos&quot; ","publisher":{"@id":"https:\/\/informelitoral.com.ar\/#organization"},"potentialAction":[{"@type":"SearchAction","target":{"@type":"EntryPoint","urlTemplate":"https:\/\/informelitoral.com.ar\/?s={search_term_string}"},"query-input":{"@type":"PropertyValueSpecification","valueRequired":true,"valueName":"search_term_string"}}],"inLanguage":"es"},{"@type":"Organization","@id":"https:\/\/informelitoral.com.ar\/#organization","name":"Informe Litoral","url":"https:\/\/informelitoral.com.ar\/","logo":{"@type":"ImageObject","inLanguage":"es","@id":"https:\/\/informelitoral.com.ar\/#\/schema\/logo\/image\/","url":"https:\/\/informelitoral.com.ar\/%77%70%2d%63%6f%6e%74%65%6e%74\/uploads\/2021\/01\/circulo.png","contentUrl":"https:\/\/informelitoral.com.ar\/%77%70%2d%63%6f%6e%74%65%6e%74\/uploads\/2021\/01\/circulo.png","width":723,"height":731,"caption":"Informe Litoral"},"image":{"@id":"https:\/\/informelitoral.com.ar\/#\/schema\/logo\/image\/"},"sameAs":["https:\/\/www.facebook.com\/informelitoral\/","https:\/\/x.com\/InformeLitoral","https:\/\/www.instagram.com\/informelitoral\/","https:\/\/www.youtube.com\/channel\/UCua4Qvz8Icb6MYqhoq9xLXw"]},{"@type":"Person","@id":"https:\/\/informelitoral.com.ar\/#\/schema\/person\/f05f9f461677119578717524b127d6d5","name":"Sebastian","image":{"@type":"ImageObject","inLanguage":"es","@id":"https:\/\/secure.gravatar.com\/avatar\/b71bf7481d447dfb9583c7f2798e7cc64de6efb9067b74633ed8c31059a3bd82?s=96&d=mm&r=g","url":"https:\/\/secure.gravatar.com\/avatar\/b71bf7481d447dfb9583c7f2798e7cc64de6efb9067b74633ed8c31059a3bd82?s=96&d=mm&r=g","contentUrl":"https:\/\/secure.gravatar.com\/avatar\/b71bf7481d447dfb9583c7f2798e7cc64de6efb9067b74633ed8c31059a3bd82?s=96&d=mm&r=g","caption":"Sebastian"},"url":"https:\/\/informelitoral.com.ar\/author\/sebastian\/"}]}},"_links":{"self":[{"href":"https:\/\/informelitoral.com.ar\/%77%70%2d%6a%73%6f%6e\/wp\/v2\/posts\/79299","targetHints":{"allow":["GET"]}}],"collection":[{"href":"https:\/\/informelitoral.com.ar\/%77%70%2d%6a%73%6f%6e\/wp\/v2\/posts"}],"about":[{"href":"https:\/\/informelitoral.com.ar\/%77%70%2d%6a%73%6f%6e\/wp\/v2\/types\/post"}],"author":[{"embeddable":true,"href":"https:\/\/informelitoral.com.ar\/%77%70%2d%6a%73%6f%6e\/wp\/v2\/users\/8"}],"replies":[{"embeddable":true,"href":"https:\/\/informelitoral.com.ar\/%77%70%2d%6a%73%6f%6e\/wp\/v2\/comments?post=79299"}],"version-history":[{"count":0,"href":"https:\/\/informelitoral.com.ar\/%77%70%2d%6a%73%6f%6e\/wp\/v2\/posts\/79299\/revisions"}],"wp:featuredmedia":[{"embeddable":true,"href":"https:\/\/informelitoral.com.ar\/%77%70%2d%6a%73%6f%6e\/wp\/v2\/media\/79300"}],"wp:attachment":[{"href":"https:\/\/informelitoral.com.ar\/%77%70%2d%6a%73%6f%6e\/wp\/v2\/media?parent=79299"}],"wp:term":[{"taxonomy":"category","embeddable":true,"href":"https:\/\/informelitoral.com.ar\/%77%70%2d%6a%73%6f%6e\/wp\/v2\/categories?post=79299"},{"taxonomy":"post_tag","embeddable":true,"href":"https:\/\/informelitoral.com.ar\/%77%70%2d%6a%73%6f%6e\/wp\/v2\/tags?post=79299"}],"curies":[{"name":"wp","href":"https:\/\/api.w.org\/{rel}","templated":true}]}}