{"id":79294,"date":"2022-06-08T13:43:03","date_gmt":"2022-06-08T16:43:03","guid":{"rendered":"https:\/\/www.informelitoral.com.ar\/?p=79294"},"modified":"2022-06-08T20:22:40","modified_gmt":"2022-06-08T23:22:40","slug":"el-kun-aguero-camiseta-del-barcelona-concentracion-y-ante-la-filial-de-river","status":"publish","type":"post","link":"https:\/\/informelitoral.com.ar\/el-kun-aguero-camiseta-del-barcelona-concentracion-y-ante-la-filial-de-river\/","title":{"rendered":"El Kun Ag\u00fcero volvi\u00f3 al f\u00fatbol: camiseta del Barcelona, concentraci\u00f3n y ante la filial de River"},"content":{"rendered":"<p class=\"paragraph\">El\u00a0<b>Kun Ag\u00fcero<\/b>\u00a0se divierte. Es esa la mejor v\u00eda de escape que encontr\u00f3 para transitar el proceso del\u00a0prematuro retiro al que se vio obligado\u00a0en diciembre pasado luego de sufrir una arritmia card\u00edaca durante\u00a0un partido que jugaba con el Barcelona por la Liga de Espa\u00f1a ante el Alav\u00e9s.<\/p>\n<p class=\"paragraph\">A partir de entonces las indicaciones m\u00e9dicas fueron precisas: no hab\u00eda m\u00e1s posibilidad para la pr\u00e1ctica del deporte profesional de alto rendimiento e incluso la recomendaci\u00f3n fue de evitar la pr\u00e1ctica recreativa de f\u00fatbol para evitar el aceleramiento de las pulsaciones. Una vez cada muy tanto.<\/p>\n<p>Y eso ocurri\u00f3 este martes por la noche cuando el Kun, que pasa sus d\u00edas en Miami, donde protagoniz\u00f3\u00a0una comentada fiesta de cumplea\u00f1os el pasado fin de semana, acept\u00f3 la invitaci\u00f3n de la Filial de River en Miami para jugar un partido en sint\u00e9tico al que se present\u00f3 con una musculosa del Barcelona con el dorsal N\u00b08, club en el que profesionalmente solo pudo disputar cinco encuentros, y se mostr\u00f3 hiper concentrado y competitivo.(<em>TN<\/em>)<\/p>\n","protected":false},"excerpt":{"rendered":"<p>El exfutbolista no practica el deporte con el que se transform\u00f3 en estrella mundial por recomendaci\u00f3n m\u00e9dica.<\/p>\n","protected":false},"author":8,"featured_media":79296,"comment_status":"open","ping_status":"open","sticky":false,"template":"","format":"standard","meta":{"fifu_image_url":"","fifu_image_alt":"","footnotes":""},"categories":[13],"tags":[2662],"class_list":{"0":"post-79294","1":"post","2":"type-post","3":"status-publish","4":"format-standard","5":"has-post-thumbnail","7":"category-deportes","8":"tag-kun-aguero"},"yoast_head":"<title>El Kun Ag\u00fcero volvi\u00f3 al f\u00fatbol: camiseta del Barcelona, concentraci\u00f3n y ante la filial de River - Informe Litoral<\/title>\n<meta name=\"robots\" content=\"index, follow, max-snippet:-1, max-image-preview:large, max-video-preview:-1\" \/>\n<link rel=\"canonical\" href=\"https:\/\/informelitoral.com.ar\/el-kun-aguero-camiseta-del-barcelona-concentracion-y-ante-la-filial-de-river\/\" \/>\n<meta property=\"og:locale\" content=\"es_ES\" \/>\n<meta property=\"og:type\" content=\"article\" \/>\n<meta property=\"og:title\" content=\"El Kun Ag\u00fcero volvi\u00f3 al f\u00fatbol: camiseta del Barcelona, concentraci\u00f3n y ante la filial de River - Informe Litoral\" \/>\n<meta property=\"og:description\" content=\"El exfutbolista no practica el deporte con el que se transform\u00f3 en estrella mundial por recomendaci\u00f3n m\u00e9dica.\" \/>\n<meta property=\"og:url\" content=\"https:\/\/informelitoral.com.ar\/el-kun-aguero-camiseta-del-barcelona-concentracion-y-ante-la-filial-de-river\/\" \/>\n<meta property=\"og:site_name\" content=\"Informe Litoral\" \/>\n<meta property=\"article:publisher\" content=\"https:\/\/www.facebook.com\/informelitoral\/\" \/>\n<meta property=\"article:published_time\" content=\"2022-06-08T16:43:03+00:00\" \/>\n<meta property=\"article:modified_time\" content=\"2022-06-08T23:22:40+00:00\" \/>\n<meta property=\"og:image\" content=\"https:\/\/informelitoral.com.ar\/%77%70%2d%63%6f%6e%74%65%6e%74\/uploads\/2022\/06\/f800x450-7471_58917_427.jpg\" \/>\n\t<meta property=\"og:image:width\" content=\"800\" \/>\n\t<meta property=\"og:image:height\" content=\"450\" \/>\n\t<meta property=\"og:image:type\" content=\"image\/jpeg\" \/>\n<meta name=\"author\" content=\"Sebastian\" \/>\n<meta name=\"twitter:card\" content=\"summary_large_image\" \/>\n<meta name=\"twitter:creator\" content=\"@InformeLitoral\" \/>\n<meta name=\"twitter:site\" content=\"@InformeLitoral\" \/>\n<meta name=\"twitter:label1\" content=\"Escrito por\" \/>\n\t<meta name=\"twitter:data1\" content=\"Sebastian\" \/>\n\t<meta name=\"twitter:label2\" content=\"Tiempo de lectura\" \/>\n\t<meta name=\"twitter:data2\" content=\"1 minuto\" \/>\n<script type=\"application\/ld+json\" class=\"yoast-schema-graph\">{\"@context\":\"https:\\\/\\\/schema.org\",\"@graph\":[{\"@type\":\"Article\",\"@id\":\"https:\\\/\\\/informelitoral.com.ar\\\/el-kun-aguero-camiseta-del-barcelona-concentracion-y-ante-la-filial-de-river\\\/#article\",\"isPartOf\":{\"@id\":\"https:\\\/\\\/informelitoral.com.ar\\\/el-kun-aguero-camiseta-del-barcelona-concentracion-y-ante-la-filial-de-river\\\/\"},\"author\":{\"name\":\"Sebastian\",\"@id\":\"https:\\\/\\\/informelitoral.com.ar\\\/#\\\/schema\\\/person\\\/f05f9f461677119578717524b127d6d5\"},\"headline\":\"El Kun Ag\u00fcero volvi\u00f3 al f\u00fatbol: camiseta del Barcelona, concentraci\u00f3n y ante la filial de River\",\"datePublished\":\"2022-06-08T16:43:03+00:00\",\"dateModified\":\"2022-06-08T23:22:40+00:00\",\"mainEntityOfPage\":{\"@id\":\"https:\\\/\\\/informelitoral.com.ar\\\/el-kun-aguero-camiseta-del-barcelona-concentracion-y-ante-la-filial-de-river\\\/\"},\"wordCount\":208,\"commentCount\":0,\"publisher\":{\"@id\":\"https:\\\/\\\/informelitoral.com.ar\\\/#organization\"},\"image\":{\"@id\":\"https:\\\/\\\/informelitoral.com.ar\\\/el-kun-aguero-camiseta-del-barcelona-concentracion-y-ante-la-filial-de-river\\\/#primaryimage\"},\"thumbnailUrl\":\"https:\\\/\\\/informelitoral.com.ar\\\/%77%70%2d%63%6f%6e%74%65%6e%74\\\/uploads\\\/2022\\\/06\\\/f800x450-7471_58917_427.jpg\",\"keywords\":[\"Kun Ag\u00fcero\"],\"articleSection\":[\"Deportes\"],\"inLanguage\":\"es\",\"potentialAction\":[{\"@type\":\"CommentAction\",\"name\":\"Comment\",\"target\":[\"https:\\\/\\\/informelitoral.com.ar\\\/el-kun-aguero-camiseta-del-barcelona-concentracion-y-ante-la-filial-de-river\\\/#respond\"]}]},{\"@type\":\"WebPage\",\"@id\":\"https:\\\/\\\/informelitoral.com.ar\\\/el-kun-aguero-camiseta-del-barcelona-concentracion-y-ante-la-filial-de-river\\\/\",\"url\":\"https:\\\/\\\/informelitoral.com.ar\\\/el-kun-aguero-camiseta-del-barcelona-concentracion-y-ante-la-filial-de-river\\\/\",\"name\":\"El Kun Ag\u00fcero volvi\u00f3 al f\u00fatbol: camiseta del Barcelona, concentraci\u00f3n y ante la filial de River - Informe Litoral\",\"isPartOf\":{\"@id\":\"https:\\\/\\\/informelitoral.com.ar\\\/#website\"},\"primaryImageOfPage\":{\"@id\":\"https:\\\/\\\/informelitoral.com.ar\\\/el-kun-aguero-camiseta-del-barcelona-concentracion-y-ante-la-filial-de-river\\\/#primaryimage\"},\"image\":{\"@id\":\"https:\\\/\\\/informelitoral.com.ar\\\/el-kun-aguero-camiseta-del-barcelona-concentracion-y-ante-la-filial-de-river\\\/#primaryimage\"},\"thumbnailUrl\":\"https:\\\/\\\/informelitoral.com.ar\\\/%77%70%2d%63%6f%6e%74%65%6e%74\\\/uploads\\\/2022\\\/06\\\/f800x450-7471_58917_427.jpg\",\"datePublished\":\"2022-06-08T16:43:03+00:00\",\"dateModified\":\"2022-06-08T23:22:40+00:00\",\"breadcrumb\":{\"@id\":\"https:\\\/\\\/informelitoral.com.ar\\\/el-kun-aguero-camiseta-del-barcelona-concentracion-y-ante-la-filial-de-river\\\/#breadcrumb\"},\"inLanguage\":\"es\",\"potentialAction\":[{\"@type\":\"ReadAction\",\"target\":[\"https:\\\/\\\/informelitoral.com.ar\\\/el-kun-aguero-camiseta-del-barcelona-concentracion-y-ante-la-filial-de-river\\\/\"]}]},{\"@type\":\"ImageObject\",\"inLanguage\":\"es\",\"@id\":\"https:\\\/\\\/informelitoral.com.ar\\\/el-kun-aguero-camiseta-del-barcelona-concentracion-y-ante-la-filial-de-river\\\/#primaryimage\",\"url\":\"https:\\\/\\\/informelitoral.com.ar\\\/%77%70%2d%63%6f%6e%74%65%6e%74\\\/uploads\\\/2022\\\/06\\\/f800x450-7471_58917_427.jpg\",\"contentUrl\":\"https:\\\/\\\/informelitoral.com.ar\\\/%77%70%2d%63%6f%6e%74%65%6e%74\\\/uploads\\\/2022\\\/06\\\/f800x450-7471_58917_427.jpg\",\"width\":800,\"height\":450},{\"@type\":\"BreadcrumbList\",\"@id\":\"https:\\\/\\\/informelitoral.com.ar\\\/el-kun-aguero-camiseta-del-barcelona-concentracion-y-ante-la-filial-de-river\\\/#breadcrumb\",\"itemListElement\":[{\"@type\":\"ListItem\",\"position\":1,\"name\":\"Portada\",\"item\":\"https:\\\/\\\/informelitoral.com.ar\\\/\"},{\"@type\":\"ListItem\",\"position\":2,\"name\":\"El Kun Ag\u00fcero volvi\u00f3 al f\u00fatbol: camiseta del Barcelona, concentraci\u00f3n y ante la filial de River\"}]},{\"@type\":\"WebSite\",\"@id\":\"https:\\\/\\\/informelitoral.com.ar\\\/#website\",\"url\":\"https:\\\/\\\/informelitoral.com.ar\\\/\",\"name\":\"Informe Litoral\",\"description\":\"&quot;Nos informamos&quot; \",\"publisher\":{\"@id\":\"https:\\\/\\\/informelitoral.com.ar\\\/#organization\"},\"potentialAction\":[{\"@type\":\"SearchAction\",\"target\":{\"@type\":\"EntryPoint\",\"urlTemplate\":\"https:\\\/\\\/informelitoral.com.ar\\\/?s={search_term_string}\"},\"query-input\":{\"@type\":\"PropertyValueSpecification\",\"valueRequired\":true,\"valueName\":\"search_term_string\"}}],\"inLanguage\":\"es\"},{\"@type\":\"Organization\",\"@id\":\"https:\\\/\\\/informelitoral.com.ar\\\/#organization\",\"name\":\"Informe Litoral\",\"url\":\"https:\\\/\\\/informelitoral.com.ar\\\/\",\"logo\":{\"@type\":\"ImageObject\",\"inLanguage\":\"es\",\"@id\":\"https:\\\/\\\/informelitoral.com.ar\\\/#\\\/schema\\\/logo\\\/image\\\/\",\"url\":\"https:\\\/\\\/informelitoral.com.ar\\\/%77%70%2d%63%6f%6e%74%65%6e%74\\\/uploads\\\/2021\\\/01\\\/circulo.png\",\"contentUrl\":\"https:\\\/\\\/informelitoral.com.ar\\\/%77%70%2d%63%6f%6e%74%65%6e%74\\\/uploads\\\/2021\\\/01\\\/circulo.png\",\"width\":723,\"height\":731,\"caption\":\"Informe Litoral\"},\"image\":{\"@id\":\"https:\\\/\\\/informelitoral.com.ar\\\/#\\\/schema\\\/logo\\\/image\\\/\"},\"sameAs\":[\"https:\\\/\\\/www.facebook.com\\\/informelitoral\\\/\",\"https:\\\/\\\/x.com\\\/InformeLitoral\",\"https:\\\/\\\/www.instagram.com\\\/informelitoral\\\/\",\"https:\\\/\\\/www.youtube.com\\\/channel\\\/UCua4Qvz8Icb6MYqhoq9xLXw\"]},{\"@type\":\"Person\",\"@id\":\"https:\\\/\\\/informelitoral.com.ar\\\/#\\\/schema\\\/person\\\/f05f9f461677119578717524b127d6d5\",\"name\":\"Sebastian\",\"image\":{\"@type\":\"ImageObject\",\"inLanguage\":\"es\",\"@id\":\"https:\\\/\\\/secure.gravatar.com\\\/avatar\\\/b71bf7481d447dfb9583c7f2798e7cc64de6efb9067b74633ed8c31059a3bd82?s=96&d=mm&r=g\",\"url\":\"https:\\\/\\\/secure.gravatar.com\\\/avatar\\\/b71bf7481d447dfb9583c7f2798e7cc64de6efb9067b74633ed8c31059a3bd82?s=96&d=mm&r=g\",\"contentUrl\":\"https:\\\/\\\/secure.gravatar.com\\\/avatar\\\/b71bf7481d447dfb9583c7f2798e7cc64de6efb9067b74633ed8c31059a3bd82?s=96&d=mm&r=g\",\"caption\":\"Sebastian\"},\"url\":\"https:\\\/\\\/informelitoral.com.ar\\\/author\\\/sebastian\\\/\"}]}<\/script>","yoast_head_json":{"title":"El Kun Ag\u00fcero volvi\u00f3 al f\u00fatbol: camiseta del Barcelona, concentraci\u00f3n y ante la filial de River - Informe Litoral","robots":{"index":"index","follow":"follow","max-snippet":"max-snippet:-1","max-image-preview":"max-image-preview:large","max-video-preview":"max-video-preview:-1"},"canonical":"https:\/\/informelitoral.com.ar\/el-kun-aguero-camiseta-del-barcelona-concentracion-y-ante-la-filial-de-river\/","og_locale":"es_ES","og_type":"article","og_title":"El Kun Ag\u00fcero volvi\u00f3 al f\u00fatbol: camiseta del Barcelona, concentraci\u00f3n y ante la filial de River - Informe Litoral","og_description":"El exfutbolista no practica el deporte con el que se transform\u00f3 en estrella mundial por recomendaci\u00f3n m\u00e9dica.","og_url":"https:\/\/informelitoral.com.ar\/el-kun-aguero-camiseta-del-barcelona-concentracion-y-ante-la-filial-de-river\/","og_site_name":"Informe Litoral","article_publisher":"https:\/\/www.facebook.com\/informelitoral\/","article_published_time":"2022-06-08T16:43:03+00:00","article_modified_time":"2022-06-08T23:22:40+00:00","og_image":[{"width":800,"height":450,"url":"https:\/\/informelitoral.com.ar\/%77%70%2d%63%6f%6e%74%65%6e%74\/uploads\/2022\/06\/f800x450-7471_58917_427.jpg","type":"image\/jpeg"}],"author":"Sebastian","twitter_card":"summary_large_image","twitter_creator":"@InformeLitoral","twitter_site":"@InformeLitoral","twitter_misc":{"Escrito por":"Sebastian","Tiempo de lectura":"1 minuto"},"schema":{"@context":"https:\/\/schema.org","@graph":[{"@type":"Article","@id":"https:\/\/informelitoral.com.ar\/el-kun-aguero-camiseta-del-barcelona-concentracion-y-ante-la-filial-de-river\/#article","isPartOf":{"@id":"https:\/\/informelitoral.com.ar\/el-kun-aguero-camiseta-del-barcelona-concentracion-y-ante-la-filial-de-river\/"},"author":{"name":"Sebastian","@id":"https:\/\/informelitoral.com.ar\/#\/schema\/person\/f05f9f461677119578717524b127d6d5"},"headline":"El Kun Ag\u00fcero volvi\u00f3 al f\u00fatbol: camiseta del Barcelona, concentraci\u00f3n y ante la filial de River","datePublished":"2022-06-08T16:43:03+00:00","dateModified":"2022-06-08T23:22:40+00:00","mainEntityOfPage":{"@id":"https:\/\/informelitoral.com.ar\/el-kun-aguero-camiseta-del-barcelona-concentracion-y-ante-la-filial-de-river\/"},"wordCount":208,"commentCount":0,"publisher":{"@id":"https:\/\/informelitoral.com.ar\/#organization"},"image":{"@id":"https:\/\/informelitoral.com.ar\/el-kun-aguero-camiseta-del-barcelona-concentracion-y-ante-la-filial-de-river\/#primaryimage"},"thumbnailUrl":"https:\/\/informelitoral.com.ar\/%77%70%2d%63%6f%6e%74%65%6e%74\/uploads\/2022\/06\/f800x450-7471_58917_427.jpg","keywords":["Kun Ag\u00fcero"],"articleSection":["Deportes"],"inLanguage":"es","potentialAction":[{"@type":"CommentAction","name":"Comment","target":["https:\/\/informelitoral.com.ar\/el-kun-aguero-camiseta-del-barcelona-concentracion-y-ante-la-filial-de-river\/#respond"]}]},{"@type":"WebPage","@id":"https:\/\/informelitoral.com.ar\/el-kun-aguero-camiseta-del-barcelona-concentracion-y-ante-la-filial-de-river\/","url":"https:\/\/informelitoral.com.ar\/el-kun-aguero-camiseta-del-barcelona-concentracion-y-ante-la-filial-de-river\/","name":"El Kun Ag\u00fcero volvi\u00f3 al f\u00fatbol: camiseta del Barcelona, concentraci\u00f3n y ante la filial de River - Informe Litoral","isPartOf":{"@id":"https:\/\/informelitoral.com.ar\/#website"},"primaryImageOfPage":{"@id":"https:\/\/informelitoral.com.ar\/el-kun-aguero-camiseta-del-barcelona-concentracion-y-ante-la-filial-de-river\/#primaryimage"},"image":{"@id":"https:\/\/informelitoral.com.ar\/el-kun-aguero-camiseta-del-barcelona-concentracion-y-ante-la-filial-de-river\/#primaryimage"},"thumbnailUrl":"https:\/\/informelitoral.com.ar\/%77%70%2d%63%6f%6e%74%65%6e%74\/uploads\/2022\/06\/f800x450-7471_58917_427.jpg","datePublished":"2022-06-08T16:43:03+00:00","dateModified":"2022-06-08T23:22:40+00:00","breadcrumb":{"@id":"https:\/\/informelitoral.com.ar\/el-kun-aguero-camiseta-del-barcelona-concentracion-y-ante-la-filial-de-river\/#breadcrumb"},"inLanguage":"es","potentialAction":[{"@type":"ReadAction","target":["https:\/\/informelitoral.com.ar\/el-kun-aguero-camiseta-del-barcelona-concentracion-y-ante-la-filial-de-river\/"]}]},{"@type":"ImageObject","inLanguage":"es","@id":"https:\/\/informelitoral.com.ar\/el-kun-aguero-camiseta-del-barcelona-concentracion-y-ante-la-filial-de-river\/#primaryimage","url":"https:\/\/informelitoral.com.ar\/%77%70%2d%63%6f%6e%74%65%6e%74\/uploads\/2022\/06\/f800x450-7471_58917_427.jpg","contentUrl":"https:\/\/informelitoral.com.ar\/%77%70%2d%63%6f%6e%74%65%6e%74\/uploads\/2022\/06\/f800x450-7471_58917_427.jpg","width":800,"height":450},{"@type":"BreadcrumbList","@id":"https:\/\/informelitoral.com.ar\/el-kun-aguero-camiseta-del-barcelona-concentracion-y-ante-la-filial-de-river\/#breadcrumb","itemListElement":[{"@type":"ListItem","position":1,"name":"Portada","item":"https:\/\/informelitoral.com.ar\/"},{"@type":"ListItem","position":2,"name":"El Kun Ag\u00fcero volvi\u00f3 al f\u00fatbol: camiseta del Barcelona, concentraci\u00f3n y ante la filial de River"}]},{"@type":"WebSite","@id":"https:\/\/informelitoral.com.ar\/#website","url":"https:\/\/informelitoral.com.ar\/","name":"Informe Litoral","description":"&quot;Nos informamos&quot; ","publisher":{"@id":"https:\/\/informelitoral.com.ar\/#organization"},"potentialAction":[{"@type":"SearchAction","target":{"@type":"EntryPoint","urlTemplate":"https:\/\/informelitoral.com.ar\/?s={search_term_string}"},"query-input":{"@type":"PropertyValueSpecification","valueRequired":true,"valueName":"search_term_string"}}],"inLanguage":"es"},{"@type":"Organization","@id":"https:\/\/informelitoral.com.ar\/#organization","name":"Informe Litoral","url":"https:\/\/informelitoral.com.ar\/","logo":{"@type":"ImageObject","inLanguage":"es","@id":"https:\/\/informelitoral.com.ar\/#\/schema\/logo\/image\/","url":"https:\/\/informelitoral.com.ar\/%77%70%2d%63%6f%6e%74%65%6e%74\/uploads\/2021\/01\/circulo.png","contentUrl":"https:\/\/informelitoral.com.ar\/%77%70%2d%63%6f%6e%74%65%6e%74\/uploads\/2021\/01\/circulo.png","width":723,"height":731,"caption":"Informe Litoral"},"image":{"@id":"https:\/\/informelitoral.com.ar\/#\/schema\/logo\/image\/"},"sameAs":["https:\/\/www.facebook.com\/informelitoral\/","https:\/\/x.com\/InformeLitoral","https:\/\/www.instagram.com\/informelitoral\/","https:\/\/www.youtube.com\/channel\/UCua4Qvz8Icb6MYqhoq9xLXw"]},{"@type":"Person","@id":"https:\/\/informelitoral.com.ar\/#\/schema\/person\/f05f9f461677119578717524b127d6d5","name":"Sebastian","image":{"@type":"ImageObject","inLanguage":"es","@id":"https:\/\/secure.gravatar.com\/avatar\/b71bf7481d447dfb9583c7f2798e7cc64de6efb9067b74633ed8c31059a3bd82?s=96&d=mm&r=g","url":"https:\/\/secure.gravatar.com\/avatar\/b71bf7481d447dfb9583c7f2798e7cc64de6efb9067b74633ed8c31059a3bd82?s=96&d=mm&r=g","contentUrl":"https:\/\/secure.gravatar.com\/avatar\/b71bf7481d447dfb9583c7f2798e7cc64de6efb9067b74633ed8c31059a3bd82?s=96&d=mm&r=g","caption":"Sebastian"},"url":"https:\/\/informelitoral.com.ar\/author\/sebastian\/"}]}},"_links":{"self":[{"href":"https:\/\/informelitoral.com.ar\/%77%70%2d%6a%73%6f%6e\/wp\/v2\/posts\/79294","targetHints":{"allow":["GET"]}}],"collection":[{"href":"https:\/\/informelitoral.com.ar\/%77%70%2d%6a%73%6f%6e\/wp\/v2\/posts"}],"about":[{"href":"https:\/\/informelitoral.com.ar\/%77%70%2d%6a%73%6f%6e\/wp\/v2\/types\/post"}],"author":[{"embeddable":true,"href":"https:\/\/informelitoral.com.ar\/%77%70%2d%6a%73%6f%6e\/wp\/v2\/users\/8"}],"replies":[{"embeddable":true,"href":"https:\/\/informelitoral.com.ar\/%77%70%2d%6a%73%6f%6e\/wp\/v2\/comments?post=79294"}],"version-history":[{"count":0,"href":"https:\/\/informelitoral.com.ar\/%77%70%2d%6a%73%6f%6e\/wp\/v2\/posts\/79294\/revisions"}],"wp:featuredmedia":[{"embeddable":true,"href":"https:\/\/informelitoral.com.ar\/%77%70%2d%6a%73%6f%6e\/wp\/v2\/media\/79296"}],"wp:attachment":[{"href":"https:\/\/informelitoral.com.ar\/%77%70%2d%6a%73%6f%6e\/wp\/v2\/media?parent=79294"}],"wp:term":[{"taxonomy":"category","embeddable":true,"href":"https:\/\/informelitoral.com.ar\/%77%70%2d%6a%73%6f%6e\/wp\/v2\/categories?post=79294"},{"taxonomy":"post_tag","embeddable":true,"href":"https:\/\/informelitoral.com.ar\/%77%70%2d%6a%73%6f%6e\/wp\/v2\/tags?post=79294"}],"curies":[{"name":"wp","href":"https:\/\/api.w.org\/{rel}","templated":true}]}}