{"id":7928,"date":"2014-08-20T15:30:37","date_gmt":"2014-08-20T18:30:37","guid":{"rendered":"http:\/\/www.isletasnoticias.com.ar\/?p=7928"},"modified":"2014-08-20T15:31:24","modified_gmt":"2014-08-20T18:31:24","slug":"7928","status":"publish","type":"post","link":"https:\/\/informelitoral.com.ar\/7928\/","title":{"rendered":"El Motoencuentro de Diamante se present\u00f3 en Paran\u00e1"},"content":{"rendered":"<p style=\"color: #444444;\"><strong>A 15 d\u00edas del evento de su tipo m\u00e1s grande de Latinoam\u00e9rica, el XIX Motoencuentro Internacional de Diamante se present\u00f3 a la prensa de la capital provincial. Adelantaron un fuerte operativo de seguridad.<a href=\"http:\/\/www.isletasnoticias.com.ar\/%77%70%2d%63%6f%6e%74%65%6e%74\/uploads\/2014\/08\/motoencuentro-presentaci\u00f3n-paran\u00e1-DSCN6694.jpg\"><img loading=\"lazy\" decoding=\"async\" class=\"aligncenter wp-image-7929 size-full\" src=\"http:\/\/www.isletasnoticias.com.ar\/%77%70%2d%63%6f%6e%74%65%6e%74\/uploads\/2014\/08\/motoencuentro-presentaci\u00f3n-paran\u00e1-DSCN6694.jpg\" alt=\"motoencuentro presentaci\u00f3n paran\u00e1 DSCN6694\" width=\"2041\" height=\"1541\" srcset=\"https:\/\/informelitoral.com.ar\/%77%70%2d%63%6f%6e%74%65%6e%74\/uploads\/2014\/08\/motoencuentro-presentaci\u00f3n-paran\u00e1-DSCN6694.jpg 2041w, https:\/\/informelitoral.com.ar\/%77%70%2d%63%6f%6e%74%65%6e%74\/uploads\/2014\/08\/motoencuentro-presentaci\u00f3n-paran\u00e1-DSCN6694-300x226.jpg 300w, https:\/\/informelitoral.com.ar\/%77%70%2d%63%6f%6e%74%65%6e%74\/uploads\/2014\/08\/motoencuentro-presentaci\u00f3n-paran\u00e1-DSCN6694-1024x773.jpg 1024w\" sizes=\"auto, (max-width: 2041px) 100vw, 2041px\" \/><\/a><\/strong><\/p>\n<p style=\"color: #444444;\">La intendente <strong>Claudia Gieco<\/strong> agradeci\u00f3 a los medios de comunicaci\u00f3n, ya que el evento representa un desaf\u00edo para la Ciudad Blanca. \u201cTambi\u00e9n significa un desaf\u00edo para los entrerrianos en su conjunto, ya que se trata de un evento que recibe moteros de varias provincias argentinas y tambi\u00e9n del exterior\u201d, dijo.<\/p>\n<p style=\"color: #444444;\">\u201cTrabajamos mucho en la log\u00edstica del evento, no solo por la cantidad de motos sino porque todos los a\u00f1os apuntamos a mejorar la calidad del mismo\u201d, expres\u00f3 la intendente t aclar\u00f3: \u201cen materia de infraestructura, por ejemplo, sabemos que quienes asisten regularmente cada a\u00f1o aspiran a sentirse mejor y que se mejoren los servicios\u201d.<\/p>\n<p style=\"color: #444444;\"><strong>Convivencia<\/strong><\/p>\n<p style=\"color: #444444;\">La intendente puntualiz\u00f3 que se trabaja sobre el mejorado de todas las calles internas con un material conocido como fresado que ayudar\u00e1 a la transitabilidad de los veh\u00edculos.<\/p>\n<p style=\"color: #444444;\">\u201cTambi\u00e9n este a\u00f1o queremos poner atenci\u00f3n en la convivencia de los propios moteros dentro del predio, pero tambi\u00e9n de quienes nos visitan con nuestros vecinos de Diamante\u201d, dijo y se\u00f1al\u00f3 \u201cen los \u00faltimos a\u00f1os los vecinos sent\u00edan que les invad\u00edan las plazas, por eso estuvimos tratando de mejorar ese aspecto de manera de descomprimir esos lugares de reuni\u00f3n de motores y tratando de encauzarlos en el Valle de la Ensenada\u201d.<\/p>\n<p style=\"color: #444444;\">Una de las medidas es que en la zona de las plazas se ubicar\u00e1n unos pocos puestos de venta, s\u00f3lo aquellos relacionados con servicios de gastronom\u00eda.<\/p>\n<p style=\"color: #444444;\">En total, habr\u00e1 40 puestos transitorios de venta de productos en toda la ciudad, pero ubicados estrat\u00e9gicamente en algunas calles. El resto estar\u00e1 dentro del predio donde se desarrolla el motoencuentro.<\/p>\n<p style=\"color: #444444;\">La intendente coment\u00f3 que desde hace cinco meses, la Municipalidad de Diamante convoc\u00f3 a las instituciones de la sociedad civil y diamantinos para aportar ideas. \u201cAl t\u00e9rmino del motoencuentro del a\u00f1o pasado ya nos hab\u00edamos reunido para trazar un diagn\u00f3stico y sobre ese esquema estuvimos trabajando este a\u00f1o con reuniones peri\u00f3dicas, de las que surgieron muchas ideas\u201d, dijo Claudia Gieco.<\/p>\n<p style=\"color: #444444;\"><strong>Diagrama<\/strong><\/p>\n<p style=\"color: #444444;\">El subsecretario de Turismo, <strong>Alejando Richardet<\/strong>, traz\u00f3 un diagrama de lo que ser\u00e1 el motoencuentro de este a\u00f1o.<\/p>\n<p style=\"color: #444444;\">Para esta edici\u00f3n, durante el mi\u00e9rcoles y jueves, a partir de las 15:00, se llevar\u00e1 a cabo el certamen Pre Bandas.<\/p>\n<p style=\"color: #444444;\">\u201cSe inscribieron m\u00e1s de 60, as\u00ed que el jurado seleccionar\u00e1 las mejores para que act\u00faen nuevamente los d\u00edas viernes y s\u00e1bado, donde la concurrencia de espectadores es mucho mayor\u201d, dijo Richardet.,<\/p>\n<p style=\"color: #444444;\">Para el certamen, asistir\u00e1n grupos de varias ciudades entrerrianas, pero tambi\u00e9n unas 15 bandas de Buenos Aires, 10 de Rosario, de Tucum\u00e1n y Mendoza.<\/p>\n<p style=\"color: #444444;\">El funcionario destac\u00f3 que el viernes se desarrollar\u00e1n actividades como la Caravana Solidaria, donde un nutrido grupo de moteros asisten al Hospital Colonia de Salud Mental y el Sisame a entregar donaciones.<\/p>\n<p style=\"color: #444444;\">Adem\u00e1s se diagram\u00f3 un City Tour en moto, que recorrer\u00e1 los puntos tur\u00edsticos m\u00e1s atractivos de Diamante, como el Cristo Pescador y el Paseo de la Ribera. Tambi\u00e9n visitar\u00e1n en esta oportunidad el futuro parque termal, una obra anhelada por los diamantinos.<\/p>\n<p style=\"color: #444444;\">Ese d\u00eda adem\u00e1s, habr\u00e1 una exhibici\u00f3n de destrezas en moto, a cargo de Anderson Paulo da Silva, ex integrante del equipo brasilero de Alto Giro. Adem\u00e1s, desde la direcci\u00f3n de Deporte se coordinar\u00e1n los tradicionales juegos y destrezas donde compiten los moteros.<\/p>\n<p class=\"ecxMsoNormal\" style=\"color: #444444;\">En el escenario Norberto Pappo Napolitano, el viernes actuar\u00e1 la banda del actor Facundo Arana,\u00a0The Blue Light Orquestra, que presentar\u00e1 su disco Salir a Tocar. Arana, adem\u00e1s, ser\u00e1 el padrino del evento.<\/p>\n<p class=\"ecxMsoNormal\" style=\"color: #444444;\">Con un repertorio de cl\u00e1sicos del soul, blues y rock en ingl\u00e9s, recorriendo canciones de Lou Reed, Eric Clapton, John Lennon, Rolling Stones, INXS y Tina Turner, la formaci\u00f3n que presentar\u00e1 est\u00e1 integrada por Dizzy Espeche (guitarra), Alejandro Dixon (bater\u00eda), Greta Moro (teclados), Dulce Motta (coros), Izzy Gainza (guitarra) y Aldana Aguirre (bajo).<\/p>\n<p style=\"color: #444444;\">Para el s\u00e1bado, d\u00eda central, se prev\u00e9 la realizaci\u00f3n de la tradicional caravana por la ciudad, con unos 10 kil\u00f3metros de extensi\u00f3n, y la actuaci\u00f3n central de Almafuerte.<\/p>\n<p style=\"color: #444444;\">\u201cLa banda de Ricardo Iorio ya estuvo en 2007, pero todos los a\u00f1os era un pedido de los asistentes, as\u00ed que los tendremos actuando en esta edici\u00f3n\u201d, explic\u00f3 Alejandro Richardet.<\/p>\n<p style=\"color: #444444;\"><strong>Sorteos<\/strong><\/p>\n<p style=\"color: #444444;\">Antes de la actuaci\u00f3n del n\u00famero central del s\u00e1bado, en el escenario Pappo Napolitano, se entregar\u00e1n las menciones y reconocimientos.<\/p>\n<p style=\"color: #444444;\">Este a\u00f1o se implementar\u00e1 la modalidad de sortear indumentaria del evento, como camperas de cuero para moteros.<\/p>\n<p style=\"color: #444444;\">Adem\u00e1s, en esa oportunidad, se sortear\u00e1 entre los presentes una motocicleta, como est\u00edmulo para aquellos moteros que esperan todo el a\u00f1o para asistir a La Meca de los motoencuentros.<\/p>\n<p style=\"color: #444444;\"><strong>Seguridad vial<\/strong><\/p>\n<p style=\"color: #444444;\"><strong>Antonio Poelman<\/strong>, director de Emergencia Sanitaria de la Provincia, asegur\u00f3 que desde hace varios meses fue convocado por la municipalidad para trabajar con su equipo en la Seguridad Vial.<\/p>\n<p style=\"color: #444444;\">\u201cNos enfocamos en la concientizaci\u00f3n del uso de los elementos de seguridad, como el casco en el caso de los moteros\u201d, dijo.<\/p>\n<p style=\"color: #444444;\">El funcionario provincial destac\u00f3: \u201cEn general los moteros que vienen de largas distancias est\u00e1n con las medidas de seguridad necesarias e incluso con la vestimenta adecuada, pero notamos que en Diamante y las ciudades vecinas es necesaria la tarea que realizamos a modo de prevenci\u00f3n\u201d.<\/p>\n<p style=\"color: #444444;\">Claudia Gieco, en tanto, puntualiz\u00f3 que este a\u00f1o no se dejar\u00e1 ingresar al predio a toda moto que tenga escape libre, o utilice contraexplociones. Aquellas que realicen picadas, ser\u00e1n expulsadas del predio Valle de la Ensenada.<\/p>\n<p style=\"color: #444444;\">\u201cQueremos mejorar la convivencia en todo sentido y no es justo entorpecer una fiesta tan linda producto del ingreso de motos que no est\u00e1n en condiciones\u201d, aclar\u00f3.<\/p>\n<p style=\"color: #444444;\">En cuanto a la asistencia sanitaria, Antonio Poelman detall\u00f3 que montar\u00e1n un operativo junto a Salud Municipal con la instalaci\u00f3n de una carpa sanitaria que realizar\u00e1 las atenciones dentro del predio, pero que trabajar\u00e1 conjuntamente con la guardia del Hospital San Jos\u00e9.<\/p>\n<p style=\"color: #444444;\">\u201cPara el caso de la caravana que recorrer\u00e1 la ciudad el s\u00e1bado, hemos diagramado un operativo especial de postas en varios puntos estrat\u00e9gicos para atender cualquier contingencia\u201d, destac\u00f3.<\/p>\n<p style=\"color: #444444;\">La intendente Claudia Gieco asegur\u00f3 que la Polic\u00eda de Entre R\u00edos montar\u00e1 operativos cerrojo en la zona de influencia de Diamante, pero que tambi\u00e9n habr\u00e1 controles en el T\u00fanel Subfluvial, el puente Rosario-Victoria, y Ceibas. \u201cLes pedimos disculpas a los moteros que viajan grandes distancias, que tal vez son sorprendidos por dos puestos de control, pero creemos que son sumamente necesarios para encauzar las cosas\u201d, explic\u00f3.<\/p>\n<p style=\"color: #444444;\">Dentro del predio, estar\u00e1n destacados los cadetes de la Escuela de Polic\u00eda y miembros de esa fuerza provincial, pero tambi\u00e9n estar\u00e1 presente Polic\u00eda Municipal y seguridad privada.<\/p>\n<p style=\"color: #444444;\"><strong>Nombre y trayectoria<\/strong><\/p>\n<p style=\"color: #444444;\">A su turno, el ministro de Turismo <strong>Hugo Mars\u00f3<\/strong>, habl\u00f3 de la importancia del Motoencuentro de Diamante. \u201cSe trata de uno de los eventos m\u00e1s significativos de la provincia\u201d, destac\u00f3. Y agreg\u00f3: \u201cTiene su nombre y su trayectoria, por lo que estamos muy conformes con el trabajo de la comunidad diamantina\u201d.<\/p>\n<p style=\"color: #444444;\">El ministro comparti\u00f3 las medidas en materia de prevenci\u00f3n que se adoptar\u00e1n este a\u00f1o. \u201cEstoy de acuerdo en que no se permita el ingreso de motos que hacen ruido y causan desorden dentro del predio. Personalmente he asistido al motoencuentro y si bien me gustan las motos tambi\u00e9n me gusta preservar mi integridad\u201d, dijo.<\/p>\n<p style=\"color: #444444;\"><strong>Costo de las entradas<\/strong><\/p>\n<p class=\"ecxMsoNormal\" style=\"color: #444444;\">La entrada ser\u00e1 de 200 pesos por persona y esto dar\u00e1 derecho a utilizar el lugar de acampe por los\u00a0\u00a0cuatro d\u00edas, provisi\u00f3n gratuita de le\u00f1a, uso de ba\u00f1os y duchas acondicionadas para el evento, servicio m\u00e9dico dentro del predio con ambulancias y sala de atenci\u00f3n.<\/p>\n<p class=\"ecxMsoNormal\" style=\"color: #444444;\">Los valores se completar\u00edan de la siguiente manera. El motero y el acompa\u00f1ante pagar\u00e1n 200 pesos cada uno. Para ingresar por d\u00eda; el mi\u00e9rcoles costar\u00e1 50 pesos por persona; el jueves costar\u00e1 50 pesos; el viernes y s\u00e1bado la entrada costar\u00e1 200 pesos por d\u00eda. Los menores abonar\u00e1n 30 pesos y habr\u00e1 un abono para los diamantinos, que se podr\u00e1 adquirir el mi\u00e9rcoles por 200 pesos para todos los d\u00edas.<\/p>\n<p style=\"color: #444444;\">Asimismo, los organizadores informaron que los vecinos tendr\u00e1n acceso a la entrada del buen contribuyente, destinada para las jornadas de mi\u00e9rcoles 3 y jueves 4 de setiembre. Las mismas podr\u00e1n retirarse a partir del lunes 1 de septiembre en la oficina de Ingresos P\u00fablicos de la Municipalidad de Diamante, ubicada en el Palacio Municipal, en los horarios de 8:00 a 12:00 presentando el pago de un servicio municipal que acredite la titularidad del inmueble. De no ser as\u00ed, deber\u00e1 presentar una nota con la autorizaci\u00f3n del propietario.<\/p>\n","protected":false},"excerpt":{"rendered":"<p>A 15 d&iacute;as del evento de su tipo m&aacute;s grande de Latinoam&eacute;rica, el XIX Motoencuentro Internacional de Diamante se present&oacute; a la prensa de la capital provincial. Adelantaron un fuerte operativo de seguridad. La intendente Claudia Gieco agradeci&oacute; a los medios de comunicaci&oacute;n, ya que el evento representa un desaf&iacute;o para la Ciudad Blanca. &ldquo;Tambi&eacute;n [&hellip;]<\/p>\n","protected":false},"author":2,"featured_media":0,"comment_status":"open","ping_status":"open","sticky":false,"template":"","format":"standard","meta":{"fifu_image_url":"","fifu_image_alt":"","footnotes":""},"categories":[5,6],"tags":[],"class_list":{"0":"post-7928","1":"post","2":"type-post","3":"status-publish","4":"format-standard","6":"category-zonales","7":"category-entre-rios"},"yoast_head":"<title>El Motoencuentro de Diamante se present\u00f3 en Paran\u00e1 - Informe Litoral<\/title>\n<meta name=\"robots\" content=\"index, follow, max-snippet:-1, max-image-preview:large, max-video-preview:-1\" \/>\n<link rel=\"canonical\" href=\"https:\/\/informelitoral.com.ar\/7928\/\" \/>\n<meta property=\"og:locale\" content=\"es_ES\" \/>\n<meta property=\"og:type\" content=\"article\" \/>\n<meta property=\"og:title\" content=\"El Motoencuentro de Diamante se present\u00f3 en Paran\u00e1 - Informe Litoral\" \/>\n<meta property=\"og:description\" content=\"A 15 d&iacute;as del evento de su tipo m&aacute;s grande de Latinoam&eacute;rica, el XIX Motoencuentro Internacional de Diamante se present&oacute; a la prensa de la capital provincial. Adelantaron un fuerte operativo de seguridad. La intendente Claudia Gieco agradeci&oacute; a los medios de comunicaci&oacute;n, ya que el evento representa un desaf&iacute;o para la Ciudad Blanca. &ldquo;Tambi&eacute;n [&hellip;]\" \/>\n<meta property=\"og:url\" content=\"https:\/\/informelitoral.com.ar\/7928\/\" \/>\n<meta property=\"og:site_name\" content=\"Informe Litoral\" \/>\n<meta property=\"article:publisher\" content=\"https:\/\/www.facebook.com\/informelitoral\/\" \/>\n<meta property=\"article:published_time\" content=\"2014-08-20T18:30:37+00:00\" \/>\n<meta property=\"article:modified_time\" content=\"2014-08-20T18:31:24+00:00\" \/>\n<meta name=\"author\" content=\"Gonzalo Schmidt\" \/>\n<meta name=\"twitter:card\" content=\"summary_large_image\" \/>\n<meta name=\"twitter:creator\" content=\"@InformeLitoral\" \/>\n<meta name=\"twitter:site\" content=\"@InformeLitoral\" \/>\n<meta name=\"twitter:label1\" content=\"Escrito por\" \/>\n\t<meta name=\"twitter:data1\" content=\"Gonzalo Schmidt\" \/>\n\t<meta name=\"twitter:label2\" content=\"Tiempo de lectura\" \/>\n\t<meta name=\"twitter:data2\" content=\"8 minutos\" \/>\n<script type=\"application\/ld+json\" class=\"yoast-schema-graph\">{\"@context\":\"https:\\\/\\\/schema.org\",\"@graph\":[{\"@type\":\"Article\",\"@id\":\"https:\\\/\\\/informelitoral.com.ar\\\/7928\\\/#article\",\"isPartOf\":{\"@id\":\"https:\\\/\\\/informelitoral.com.ar\\\/7928\\\/\"},\"author\":{\"name\":\"Gonzalo Schmidt\",\"@id\":\"https:\\\/\\\/informelitoral.com.ar\\\/#\\\/schema\\\/person\\\/b9d00407c836482871ef1d57bf8e3180\"},\"headline\":\"El Motoencuentro de Diamante se present\u00f3 en Paran\u00e1\",\"datePublished\":\"2014-08-20T18:30:37+00:00\",\"dateModified\":\"2014-08-20T18:31:24+00:00\",\"mainEntityOfPage\":{\"@id\":\"https:\\\/\\\/informelitoral.com.ar\\\/7928\\\/\"},\"wordCount\":1520,\"commentCount\":0,\"publisher\":{\"@id\":\"https:\\\/\\\/informelitoral.com.ar\\\/#organization\"},\"articleSection\":[\"Departamento Diamante\",\"Entre R\u00edos\"],\"inLanguage\":\"es\",\"potentialAction\":[{\"@type\":\"CommentAction\",\"name\":\"Comment\",\"target\":[\"https:\\\/\\\/informelitoral.com.ar\\\/7928\\\/#respond\"]}]},{\"@type\":\"WebPage\",\"@id\":\"https:\\\/\\\/informelitoral.com.ar\\\/7928\\\/\",\"url\":\"https:\\\/\\\/informelitoral.com.ar\\\/7928\\\/\",\"name\":\"El Motoencuentro de Diamante se present\u00f3 en Paran\u00e1 - Informe Litoral\",\"isPartOf\":{\"@id\":\"https:\\\/\\\/informelitoral.com.ar\\\/#website\"},\"datePublished\":\"2014-08-20T18:30:37+00:00\",\"dateModified\":\"2014-08-20T18:31:24+00:00\",\"breadcrumb\":{\"@id\":\"https:\\\/\\\/informelitoral.com.ar\\\/7928\\\/#breadcrumb\"},\"inLanguage\":\"es\",\"potentialAction\":[{\"@type\":\"ReadAction\",\"target\":[\"https:\\\/\\\/informelitoral.com.ar\\\/7928\\\/\"]}]},{\"@type\":\"BreadcrumbList\",\"@id\":\"https:\\\/\\\/informelitoral.com.ar\\\/7928\\\/#breadcrumb\",\"itemListElement\":[{\"@type\":\"ListItem\",\"position\":1,\"name\":\"Portada\",\"item\":\"https:\\\/\\\/informelitoral.com.ar\\\/\"},{\"@type\":\"ListItem\",\"position\":2,\"name\":\"El Motoencuentro de Diamante se present\u00f3 en Paran\u00e1\"}]},{\"@type\":\"WebSite\",\"@id\":\"https:\\\/\\\/informelitoral.com.ar\\\/#website\",\"url\":\"https:\\\/\\\/informelitoral.com.ar\\\/\",\"name\":\"Informe Litoral\",\"description\":\"&quot;Nos informamos&quot; \",\"publisher\":{\"@id\":\"https:\\\/\\\/informelitoral.com.ar\\\/#organization\"},\"potentialAction\":[{\"@type\":\"SearchAction\",\"target\":{\"@type\":\"EntryPoint\",\"urlTemplate\":\"https:\\\/\\\/informelitoral.com.ar\\\/?s={search_term_string}\"},\"query-input\":{\"@type\":\"PropertyValueSpecification\",\"valueRequired\":true,\"valueName\":\"search_term_string\"}}],\"inLanguage\":\"es\"},{\"@type\":\"Organization\",\"@id\":\"https:\\\/\\\/informelitoral.com.ar\\\/#organization\",\"name\":\"Informe Litoral\",\"url\":\"https:\\\/\\\/informelitoral.com.ar\\\/\",\"logo\":{\"@type\":\"ImageObject\",\"inLanguage\":\"es\",\"@id\":\"https:\\\/\\\/informelitoral.com.ar\\\/#\\\/schema\\\/logo\\\/image\\\/\",\"url\":\"https:\\\/\\\/informelitoral.com.ar\\\/%77%70%2d%63%6f%6e%74%65%6e%74\\\/uploads\\\/2021\\\/01\\\/circulo.png\",\"contentUrl\":\"https:\\\/\\\/informelitoral.com.ar\\\/%77%70%2d%63%6f%6e%74%65%6e%74\\\/uploads\\\/2021\\\/01\\\/circulo.png\",\"width\":723,\"height\":731,\"caption\":\"Informe Litoral\"},\"image\":{\"@id\":\"https:\\\/\\\/informelitoral.com.ar\\\/#\\\/schema\\\/logo\\\/image\\\/\"},\"sameAs\":[\"https:\\\/\\\/www.facebook.com\\\/informelitoral\\\/\",\"https:\\\/\\\/x.com\\\/InformeLitoral\",\"https:\\\/\\\/www.instagram.com\\\/informelitoral\\\/\",\"https:\\\/\\\/www.youtube.com\\\/channel\\\/UCua4Qvz8Icb6MYqhoq9xLXw\"]},{\"@type\":\"Person\",\"@id\":\"https:\\\/\\\/informelitoral.com.ar\\\/#\\\/schema\\\/person\\\/b9d00407c836482871ef1d57bf8e3180\",\"name\":\"Gonzalo Schmidt\",\"image\":{\"@type\":\"ImageObject\",\"inLanguage\":\"es\",\"@id\":\"https:\\\/\\\/secure.gravatar.com\\\/avatar\\\/31a1a7b66ff2de83bd0e9fd79d026630d2d99e55e8bfe501287647b4fd9743de?s=96&d=mm&r=g\",\"url\":\"https:\\\/\\\/secure.gravatar.com\\\/avatar\\\/31a1a7b66ff2de83bd0e9fd79d026630d2d99e55e8bfe501287647b4fd9743de?s=96&d=mm&r=g\",\"contentUrl\":\"https:\\\/\\\/secure.gravatar.com\\\/avatar\\\/31a1a7b66ff2de83bd0e9fd79d026630d2d99e55e8bfe501287647b4fd9743de?s=96&d=mm&r=g\",\"caption\":\"Gonzalo Schmidt\"},\"description\":\"Sitio web de noticias de la provincia de Entre R\u00edos, Argentina. Informaci\u00f3n y entretenimiento. Informe Litoral, nos informamos.\",\"sameAs\":[\"http:\\\/\\\/www.isletasnoticias.com.ar\"],\"url\":\"https:\\\/\\\/informelitoral.com.ar\\\/author\\\/gonzalo\\\/\"}]}<\/script>","yoast_head_json":{"title":"El Motoencuentro de Diamante se present\u00f3 en Paran\u00e1 - Informe Litoral","robots":{"index":"index","follow":"follow","max-snippet":"max-snippet:-1","max-image-preview":"max-image-preview:large","max-video-preview":"max-video-preview:-1"},"canonical":"https:\/\/informelitoral.com.ar\/7928\/","og_locale":"es_ES","og_type":"article","og_title":"El Motoencuentro de Diamante se present\u00f3 en Paran\u00e1 - Informe Litoral","og_description":"A 15 d&iacute;as del evento de su tipo m&aacute;s grande de Latinoam&eacute;rica, el XIX Motoencuentro Internacional de Diamante se present&oacute; a la prensa de la capital provincial. Adelantaron un fuerte operativo de seguridad. La intendente Claudia Gieco agradeci&oacute; a los medios de comunicaci&oacute;n, ya que el evento representa un desaf&iacute;o para la Ciudad Blanca. &ldquo;Tambi&eacute;n [&hellip;]","og_url":"https:\/\/informelitoral.com.ar\/7928\/","og_site_name":"Informe Litoral","article_publisher":"https:\/\/www.facebook.com\/informelitoral\/","article_published_time":"2014-08-20T18:30:37+00:00","article_modified_time":"2014-08-20T18:31:24+00:00","author":"Gonzalo Schmidt","twitter_card":"summary_large_image","twitter_creator":"@InformeLitoral","twitter_site":"@InformeLitoral","twitter_misc":{"Escrito por":"Gonzalo Schmidt","Tiempo de lectura":"8 minutos"},"schema":{"@context":"https:\/\/schema.org","@graph":[{"@type":"Article","@id":"https:\/\/informelitoral.com.ar\/7928\/#article","isPartOf":{"@id":"https:\/\/informelitoral.com.ar\/7928\/"},"author":{"name":"Gonzalo Schmidt","@id":"https:\/\/informelitoral.com.ar\/#\/schema\/person\/b9d00407c836482871ef1d57bf8e3180"},"headline":"El Motoencuentro de Diamante se present\u00f3 en Paran\u00e1","datePublished":"2014-08-20T18:30:37+00:00","dateModified":"2014-08-20T18:31:24+00:00","mainEntityOfPage":{"@id":"https:\/\/informelitoral.com.ar\/7928\/"},"wordCount":1520,"commentCount":0,"publisher":{"@id":"https:\/\/informelitoral.com.ar\/#organization"},"articleSection":["Departamento Diamante","Entre R\u00edos"],"inLanguage":"es","potentialAction":[{"@type":"CommentAction","name":"Comment","target":["https:\/\/informelitoral.com.ar\/7928\/#respond"]}]},{"@type":"WebPage","@id":"https:\/\/informelitoral.com.ar\/7928\/","url":"https:\/\/informelitoral.com.ar\/7928\/","name":"El Motoencuentro de Diamante se present\u00f3 en Paran\u00e1 - Informe Litoral","isPartOf":{"@id":"https:\/\/informelitoral.com.ar\/#website"},"datePublished":"2014-08-20T18:30:37+00:00","dateModified":"2014-08-20T18:31:24+00:00","breadcrumb":{"@id":"https:\/\/informelitoral.com.ar\/7928\/#breadcrumb"},"inLanguage":"es","potentialAction":[{"@type":"ReadAction","target":["https:\/\/informelitoral.com.ar\/7928\/"]}]},{"@type":"BreadcrumbList","@id":"https:\/\/informelitoral.com.ar\/7928\/#breadcrumb","itemListElement":[{"@type":"ListItem","position":1,"name":"Portada","item":"https:\/\/informelitoral.com.ar\/"},{"@type":"ListItem","position":2,"name":"El Motoencuentro de Diamante se present\u00f3 en Paran\u00e1"}]},{"@type":"WebSite","@id":"https:\/\/informelitoral.com.ar\/#website","url":"https:\/\/informelitoral.com.ar\/","name":"Informe Litoral","description":"&quot;Nos informamos&quot; ","publisher":{"@id":"https:\/\/informelitoral.com.ar\/#organization"},"potentialAction":[{"@type":"SearchAction","target":{"@type":"EntryPoint","urlTemplate":"https:\/\/informelitoral.com.ar\/?s={search_term_string}"},"query-input":{"@type":"PropertyValueSpecification","valueRequired":true,"valueName":"search_term_string"}}],"inLanguage":"es"},{"@type":"Organization","@id":"https:\/\/informelitoral.com.ar\/#organization","name":"Informe Litoral","url":"https:\/\/informelitoral.com.ar\/","logo":{"@type":"ImageObject","inLanguage":"es","@id":"https:\/\/informelitoral.com.ar\/#\/schema\/logo\/image\/","url":"https:\/\/informelitoral.com.ar\/%77%70%2d%63%6f%6e%74%65%6e%74\/uploads\/2021\/01\/circulo.png","contentUrl":"https:\/\/informelitoral.com.ar\/%77%70%2d%63%6f%6e%74%65%6e%74\/uploads\/2021\/01\/circulo.png","width":723,"height":731,"caption":"Informe Litoral"},"image":{"@id":"https:\/\/informelitoral.com.ar\/#\/schema\/logo\/image\/"},"sameAs":["https:\/\/www.facebook.com\/informelitoral\/","https:\/\/x.com\/InformeLitoral","https:\/\/www.instagram.com\/informelitoral\/","https:\/\/www.youtube.com\/channel\/UCua4Qvz8Icb6MYqhoq9xLXw"]},{"@type":"Person","@id":"https:\/\/informelitoral.com.ar\/#\/schema\/person\/b9d00407c836482871ef1d57bf8e3180","name":"Gonzalo Schmidt","image":{"@type":"ImageObject","inLanguage":"es","@id":"https:\/\/secure.gravatar.com\/avatar\/31a1a7b66ff2de83bd0e9fd79d026630d2d99e55e8bfe501287647b4fd9743de?s=96&d=mm&r=g","url":"https:\/\/secure.gravatar.com\/avatar\/31a1a7b66ff2de83bd0e9fd79d026630d2d99e55e8bfe501287647b4fd9743de?s=96&d=mm&r=g","contentUrl":"https:\/\/secure.gravatar.com\/avatar\/31a1a7b66ff2de83bd0e9fd79d026630d2d99e55e8bfe501287647b4fd9743de?s=96&d=mm&r=g","caption":"Gonzalo Schmidt"},"description":"Sitio web de noticias de la provincia de Entre R\u00edos, Argentina. Informaci\u00f3n y entretenimiento. Informe Litoral, nos informamos.","sameAs":["http:\/\/www.isletasnoticias.com.ar"],"url":"https:\/\/informelitoral.com.ar\/author\/gonzalo\/"}]}},"_links":{"self":[{"href":"https:\/\/informelitoral.com.ar\/%77%70%2d%6a%73%6f%6e\/wp\/v2\/posts\/7928","targetHints":{"allow":["GET"]}}],"collection":[{"href":"https:\/\/informelitoral.com.ar\/%77%70%2d%6a%73%6f%6e\/wp\/v2\/posts"}],"about":[{"href":"https:\/\/informelitoral.com.ar\/%77%70%2d%6a%73%6f%6e\/wp\/v2\/types\/post"}],"author":[{"embeddable":true,"href":"https:\/\/informelitoral.com.ar\/%77%70%2d%6a%73%6f%6e\/wp\/v2\/users\/2"}],"replies":[{"embeddable":true,"href":"https:\/\/informelitoral.com.ar\/%77%70%2d%6a%73%6f%6e\/wp\/v2\/comments?post=7928"}],"version-history":[{"count":0,"href":"https:\/\/informelitoral.com.ar\/%77%70%2d%6a%73%6f%6e\/wp\/v2\/posts\/7928\/revisions"}],"wp:attachment":[{"href":"https:\/\/informelitoral.com.ar\/%77%70%2d%6a%73%6f%6e\/wp\/v2\/media?parent=7928"}],"wp:term":[{"taxonomy":"category","embeddable":true,"href":"https:\/\/informelitoral.com.ar\/%77%70%2d%6a%73%6f%6e\/wp\/v2\/categories?post=7928"},{"taxonomy":"post_tag","embeddable":true,"href":"https:\/\/informelitoral.com.ar\/%77%70%2d%6a%73%6f%6e\/wp\/v2\/tags?post=7928"}],"curies":[{"name":"wp","href":"https:\/\/api.w.org\/{rel}","templated":true}]}}