{"id":7926,"date":"2014-08-19T22:51:59","date_gmt":"2014-08-20T01:51:59","guid":{"rendered":"http:\/\/www.isletasnoticias.com.ar\/?p=7926"},"modified":"2014-08-19T22:51:59","modified_gmt":"2014-08-20T01:51:59","slug":"libertador-san-martin-la-camara-de-diputados-declaro-patrimonio-historico-al-museo-dr-roberto-habenicht","status":"publish","type":"post","link":"https:\/\/informelitoral.com.ar\/libertador-san-martin-la-camara-de-diputados-declaro-patrimonio-historico-al-museo-dr-roberto-habenicht\/","title":{"rendered":"Libertador San Mart\u00edn: la C\u00e1mara de Diputados declar\u00f3 patrimonio hist\u00f3rico al Museo Dr. Roberto Habenicht"},"content":{"rendered":"<p><strong>En su sesi\u00f3n del martes 12, la c\u00e1mara de diputados de la provincia, aprob\u00f3 y remiti\u00f3 al Senado para su sanci\u00f3n definitiva, el proyecto de ley de autor\u00eda del diputado <em>Jorge Monge<\/em> (UCR \u2013 Diamante) por el que se declara Patrimonio Hist\u00f3rico de la provincia al edificio del Museo Hist\u00f3rico Regional, Dr. Roberto Habenicht, ubicado en el municipio de Libertador San Mart\u00edn, consider\u00e1ndose incluido en los alcances del Decreto Nro. 6.676\/03 MGJ.\u00a0<\/strong><\/p>\n<p><a href=\"http:\/\/www.isletasnoticias.com.ar\/%77%70%2d%63%6f%6e%74%65%6e%74\/uploads\/2013\/05\/50_Diputados-Monge.jpg\"><img loading=\"lazy\" decoding=\"async\" class=\"aligncenter wp-image-1666 size-full\" src=\"http:\/\/www.isletasnoticias.com.ar\/%77%70%2d%63%6f%6e%74%65%6e%74\/uploads\/2013\/05\/50_Diputados-Monge.jpg\" alt=\"50_Diputados Monge\" width=\"1457\" height=\"1457\" srcset=\"https:\/\/informelitoral.com.ar\/%77%70%2d%63%6f%6e%74%65%6e%74\/uploads\/2013\/05\/50_Diputados-Monge.jpg 1457w, https:\/\/informelitoral.com.ar\/%77%70%2d%63%6f%6e%74%65%6e%74\/uploads\/2013\/05\/50_Diputados-Monge-150x150.jpg 150w, https:\/\/informelitoral.com.ar\/%77%70%2d%63%6f%6e%74%65%6e%74\/uploads\/2013\/05\/50_Diputados-Monge-300x300.jpg 300w, https:\/\/informelitoral.com.ar\/%77%70%2d%63%6f%6e%74%65%6e%74\/uploads\/2013\/05\/50_Diputados-Monge-1024x1024.jpg 1024w\" sizes=\"auto, (max-width: 1457px) 100vw, 1457px\" \/><\/a><\/p>\n<p>El museo depende funcionalmente de la Municipalidad local \u201cy tiene como un alto valor de origen, dado que el mismo funciona en un edificio construido en el a\u00f1o 1914, y que presenta gran conservaci\u00f3n de lo que son los caracteres de su edificaci\u00f3n original, el cual fuera construido por el mismo Doctor Roberto Habenicht en lo que fueron las primeras edificaciones del hoy pujante municipio de Libertador San Martin\u201d, manifiest\u00f3 Monge, valorando que en este espacio se conserven y resguarden\u00a0 elementos que a partir de su contacto y visualizaci\u00f3n, se puede realizar una reconstrucci\u00f3n hist\u00f3rica de la localidad y sus or\u00edgenes\u201d; mientras que el nombre del museo \u201ctambi\u00e9n es relevante en la historia de la localidad, ya que es un homenaje a quien fue el pionero de la actividad m\u00e9dica en esa zona y que fue nada menos que el fundador del actual Sanatorio Adventista del Plata, cuyo prestigio en la prestaci\u00f3n de de servicios m\u00e9dicos de calidad viene precisamente desde su creador: Dr. Roberto Habenicht\u201d.<\/p>\n<p>Asimismo, el diputado record\u00f3 que, en l\u00ednea con esta iniciativa y sobre esta tem\u00e1tica, present\u00f3 otras iniciativas, como los proyectos de ley regulando la protecci\u00f3n, preservaci\u00f3n y conservaci\u00f3n de los museos existentes y la creaci\u00f3n del Registro Provincial de Museos e instaurando\u00a0 en el \u00e1mbito de la provincia de Entre R\u00edos, la celebraci\u00f3n anual del \u201cD\u00eda de los Muesos\u201d.<\/p>\n","protected":false},"excerpt":{"rendered":"<p>En su sesi&oacute;n del martes 12, la c&aacute;mara de diputados de la provincia, aprob&oacute; y remiti&oacute; al Senado para su sanci&oacute;n definitiva, el proyecto de ley de autor&iacute;a del diputado Jorge Monge (UCR &ndash; Diamante) por el que se declara Patrimonio Hist&oacute;rico de la provincia al edificio del Museo Hist&oacute;rico Regional, Dr. Roberto Habenicht, ubicado [&hellip;]<\/p>\n","protected":false},"author":2,"featured_media":0,"comment_status":"open","ping_status":"open","sticky":false,"template":"","format":"standard","meta":{"fifu_image_url":"","fifu_image_alt":"","footnotes":""},"categories":[5,6,16],"tags":[],"class_list":{"0":"post-7926","1":"post","2":"type-post","3":"status-publish","4":"format-standard","6":"category-zonales","7":"category-entre-rios","8":"category-politi"},"yoast_head":"<title>Libertador San Mart\u00edn: la C\u00e1mara de Diputados declar\u00f3 patrimonio hist\u00f3rico al Museo Dr. Roberto Habenicht - Informe Litoral<\/title>\n<meta name=\"robots\" content=\"index, follow, max-snippet:-1, max-image-preview:large, max-video-preview:-1\" \/>\n<link rel=\"canonical\" href=\"https:\/\/informelitoral.com.ar\/libertador-san-martin-la-camara-de-diputados-declaro-patrimonio-historico-al-museo-dr-roberto-habenicht\/\" \/>\n<meta property=\"og:locale\" content=\"es_ES\" \/>\n<meta property=\"og:type\" content=\"article\" \/>\n<meta property=\"og:title\" content=\"Libertador San Mart\u00edn: la C\u00e1mara de Diputados declar\u00f3 patrimonio hist\u00f3rico al Museo Dr. Roberto Habenicht - Informe Litoral\" \/>\n<meta property=\"og:description\" content=\"En su sesi&oacute;n del martes 12, la c&aacute;mara de diputados de la provincia, aprob&oacute; y remiti&oacute; al Senado para su sanci&oacute;n definitiva, el proyecto de ley de autor&iacute;a del diputado Jorge Monge (UCR &ndash; Diamante) por el que se declara Patrimonio Hist&oacute;rico de la provincia al edificio del Museo Hist&oacute;rico Regional, Dr. Roberto Habenicht, ubicado [&hellip;]\" \/>\n<meta property=\"og:url\" content=\"https:\/\/informelitoral.com.ar\/libertador-san-martin-la-camara-de-diputados-declaro-patrimonio-historico-al-museo-dr-roberto-habenicht\/\" \/>\n<meta property=\"og:site_name\" content=\"Informe Litoral\" \/>\n<meta property=\"article:publisher\" content=\"https:\/\/www.facebook.com\/informelitoral\/\" \/>\n<meta property=\"article:published_time\" content=\"2014-08-20T01:51:59+00:00\" \/>\n<meta property=\"og:image\" content=\"https:\/\/informelitoral.com.ar\/%77%70%2d%63%6f%6e%74%65%6e%74\/uploads\/2013\/05\/50_Diputados-Monge.jpg\" \/>\n\t<meta property=\"og:image:width\" content=\"1457\" \/>\n\t<meta property=\"og:image:height\" content=\"1457\" \/>\n\t<meta property=\"og:image:type\" content=\"image\/jpeg\" \/>\n<meta name=\"author\" content=\"Gonzalo Schmidt\" \/>\n<meta name=\"twitter:card\" content=\"summary_large_image\" \/>\n<meta name=\"twitter:creator\" content=\"@InformeLitoral\" \/>\n<meta name=\"twitter:site\" content=\"@InformeLitoral\" \/>\n<meta name=\"twitter:label1\" content=\"Escrito por\" \/>\n\t<meta name=\"twitter:data1\" content=\"Gonzalo Schmidt\" \/>\n\t<meta name=\"twitter:label2\" content=\"Tiempo de lectura\" \/>\n\t<meta name=\"twitter:data2\" content=\"2 minutos\" \/>\n<script type=\"application\/ld+json\" class=\"yoast-schema-graph\">{\"@context\":\"https:\\\/\\\/schema.org\",\"@graph\":[{\"@type\":\"Article\",\"@id\":\"https:\\\/\\\/informelitoral.com.ar\\\/libertador-san-martin-la-camara-de-diputados-declaro-patrimonio-historico-al-museo-dr-roberto-habenicht\\\/#article\",\"isPartOf\":{\"@id\":\"https:\\\/\\\/informelitoral.com.ar\\\/libertador-san-martin-la-camara-de-diputados-declaro-patrimonio-historico-al-museo-dr-roberto-habenicht\\\/\"},\"author\":{\"name\":\"Gonzalo Schmidt\",\"@id\":\"https:\\\/\\\/informelitoral.com.ar\\\/#\\\/schema\\\/person\\\/b9d00407c836482871ef1d57bf8e3180\"},\"headline\":\"Libertador San Mart\u00edn: la C\u00e1mara de Diputados declar\u00f3 patrimonio hist\u00f3rico al Museo Dr. Roberto Habenicht\",\"datePublished\":\"2014-08-20T01:51:59+00:00\",\"mainEntityOfPage\":{\"@id\":\"https:\\\/\\\/informelitoral.com.ar\\\/libertador-san-martin-la-camara-de-diputados-declaro-patrimonio-historico-al-museo-dr-roberto-habenicht\\\/\"},\"wordCount\":339,\"commentCount\":0,\"publisher\":{\"@id\":\"https:\\\/\\\/informelitoral.com.ar\\\/#organization\"},\"image\":{\"@id\":\"https:\\\/\\\/informelitoral.com.ar\\\/libertador-san-martin-la-camara-de-diputados-declaro-patrimonio-historico-al-museo-dr-roberto-habenicht\\\/#primaryimage\"},\"thumbnailUrl\":\"http:\\\/\\\/www.isletasnoticias.com.ar\\\/%77%70%2d%63%6f%6e%74%65%6e%74\\\/uploads\\\/2013\\\/05\\\/50_Diputados-Monge.jpg\",\"articleSection\":[\"Departamento Diamante\",\"Entre R\u00edos\",\"Politica\"],\"inLanguage\":\"es\",\"potentialAction\":[{\"@type\":\"CommentAction\",\"name\":\"Comment\",\"target\":[\"https:\\\/\\\/informelitoral.com.ar\\\/libertador-san-martin-la-camara-de-diputados-declaro-patrimonio-historico-al-museo-dr-roberto-habenicht\\\/#respond\"]}]},{\"@type\":\"WebPage\",\"@id\":\"https:\\\/\\\/informelitoral.com.ar\\\/libertador-san-martin-la-camara-de-diputados-declaro-patrimonio-historico-al-museo-dr-roberto-habenicht\\\/\",\"url\":\"https:\\\/\\\/informelitoral.com.ar\\\/libertador-san-martin-la-camara-de-diputados-declaro-patrimonio-historico-al-museo-dr-roberto-habenicht\\\/\",\"name\":\"Libertador San Mart\u00edn: la C\u00e1mara de Diputados declar\u00f3 patrimonio hist\u00f3rico al Museo Dr. Roberto Habenicht - Informe Litoral\",\"isPartOf\":{\"@id\":\"https:\\\/\\\/informelitoral.com.ar\\\/#website\"},\"primaryImageOfPage\":{\"@id\":\"https:\\\/\\\/informelitoral.com.ar\\\/libertador-san-martin-la-camara-de-diputados-declaro-patrimonio-historico-al-museo-dr-roberto-habenicht\\\/#primaryimage\"},\"image\":{\"@id\":\"https:\\\/\\\/informelitoral.com.ar\\\/libertador-san-martin-la-camara-de-diputados-declaro-patrimonio-historico-al-museo-dr-roberto-habenicht\\\/#primaryimage\"},\"thumbnailUrl\":\"http:\\\/\\\/www.isletasnoticias.com.ar\\\/%77%70%2d%63%6f%6e%74%65%6e%74\\\/uploads\\\/2013\\\/05\\\/50_Diputados-Monge.jpg\",\"datePublished\":\"2014-08-20T01:51:59+00:00\",\"breadcrumb\":{\"@id\":\"https:\\\/\\\/informelitoral.com.ar\\\/libertador-san-martin-la-camara-de-diputados-declaro-patrimonio-historico-al-museo-dr-roberto-habenicht\\\/#breadcrumb\"},\"inLanguage\":\"es\",\"potentialAction\":[{\"@type\":\"ReadAction\",\"target\":[\"https:\\\/\\\/informelitoral.com.ar\\\/libertador-san-martin-la-camara-de-diputados-declaro-patrimonio-historico-al-museo-dr-roberto-habenicht\\\/\"]}]},{\"@type\":\"ImageObject\",\"inLanguage\":\"es\",\"@id\":\"https:\\\/\\\/informelitoral.com.ar\\\/libertador-san-martin-la-camara-de-diputados-declaro-patrimonio-historico-al-museo-dr-roberto-habenicht\\\/#primaryimage\",\"url\":\"http:\\\/\\\/www.isletasnoticias.com.ar\\\/%77%70%2d%63%6f%6e%74%65%6e%74\\\/uploads\\\/2013\\\/05\\\/50_Diputados-Monge.jpg\",\"contentUrl\":\"http:\\\/\\\/www.isletasnoticias.com.ar\\\/%77%70%2d%63%6f%6e%74%65%6e%74\\\/uploads\\\/2013\\\/05\\\/50_Diputados-Monge.jpg\"},{\"@type\":\"BreadcrumbList\",\"@id\":\"https:\\\/\\\/informelitoral.com.ar\\\/libertador-san-martin-la-camara-de-diputados-declaro-patrimonio-historico-al-museo-dr-roberto-habenicht\\\/#breadcrumb\",\"itemListElement\":[{\"@type\":\"ListItem\",\"position\":1,\"name\":\"Portada\",\"item\":\"https:\\\/\\\/informelitoral.com.ar\\\/\"},{\"@type\":\"ListItem\",\"position\":2,\"name\":\"Libertador San Mart\u00edn: la C\u00e1mara de Diputados declar\u00f3 patrimonio hist\u00f3rico al Museo Dr. Roberto Habenicht\"}]},{\"@type\":\"WebSite\",\"@id\":\"https:\\\/\\\/informelitoral.com.ar\\\/#website\",\"url\":\"https:\\\/\\\/informelitoral.com.ar\\\/\",\"name\":\"Informe Litoral\",\"description\":\"&quot;Nos informamos&quot; \",\"publisher\":{\"@id\":\"https:\\\/\\\/informelitoral.com.ar\\\/#organization\"},\"potentialAction\":[{\"@type\":\"SearchAction\",\"target\":{\"@type\":\"EntryPoint\",\"urlTemplate\":\"https:\\\/\\\/informelitoral.com.ar\\\/?s={search_term_string}\"},\"query-input\":{\"@type\":\"PropertyValueSpecification\",\"valueRequired\":true,\"valueName\":\"search_term_string\"}}],\"inLanguage\":\"es\"},{\"@type\":\"Organization\",\"@id\":\"https:\\\/\\\/informelitoral.com.ar\\\/#organization\",\"name\":\"Informe Litoral\",\"url\":\"https:\\\/\\\/informelitoral.com.ar\\\/\",\"logo\":{\"@type\":\"ImageObject\",\"inLanguage\":\"es\",\"@id\":\"https:\\\/\\\/informelitoral.com.ar\\\/#\\\/schema\\\/logo\\\/image\\\/\",\"url\":\"https:\\\/\\\/informelitoral.com.ar\\\/%77%70%2d%63%6f%6e%74%65%6e%74\\\/uploads\\\/2021\\\/01\\\/circulo.png\",\"contentUrl\":\"https:\\\/\\\/informelitoral.com.ar\\\/%77%70%2d%63%6f%6e%74%65%6e%74\\\/uploads\\\/2021\\\/01\\\/circulo.png\",\"width\":723,\"height\":731,\"caption\":\"Informe Litoral\"},\"image\":{\"@id\":\"https:\\\/\\\/informelitoral.com.ar\\\/#\\\/schema\\\/logo\\\/image\\\/\"},\"sameAs\":[\"https:\\\/\\\/www.facebook.com\\\/informelitoral\\\/\",\"https:\\\/\\\/x.com\\\/InformeLitoral\",\"https:\\\/\\\/www.instagram.com\\\/informelitoral\\\/\",\"https:\\\/\\\/www.youtube.com\\\/channel\\\/UCua4Qvz8Icb6MYqhoq9xLXw\"]},{\"@type\":\"Person\",\"@id\":\"https:\\\/\\\/informelitoral.com.ar\\\/#\\\/schema\\\/person\\\/b9d00407c836482871ef1d57bf8e3180\",\"name\":\"Gonzalo Schmidt\",\"image\":{\"@type\":\"ImageObject\",\"inLanguage\":\"es\",\"@id\":\"https:\\\/\\\/secure.gravatar.com\\\/avatar\\\/31a1a7b66ff2de83bd0e9fd79d026630d2d99e55e8bfe501287647b4fd9743de?s=96&d=mm&r=g\",\"url\":\"https:\\\/\\\/secure.gravatar.com\\\/avatar\\\/31a1a7b66ff2de83bd0e9fd79d026630d2d99e55e8bfe501287647b4fd9743de?s=96&d=mm&r=g\",\"contentUrl\":\"https:\\\/\\\/secure.gravatar.com\\\/avatar\\\/31a1a7b66ff2de83bd0e9fd79d026630d2d99e55e8bfe501287647b4fd9743de?s=96&d=mm&r=g\",\"caption\":\"Gonzalo Schmidt\"},\"description\":\"Sitio web de noticias de la provincia de Entre R\u00edos, Argentina. Informaci\u00f3n y entretenimiento. Informe Litoral, nos informamos.\",\"sameAs\":[\"http:\\\/\\\/www.isletasnoticias.com.ar\"],\"url\":\"https:\\\/\\\/informelitoral.com.ar\\\/author\\\/gonzalo\\\/\"}]}<\/script>","yoast_head_json":{"title":"Libertador San Mart\u00edn: la C\u00e1mara de Diputados declar\u00f3 patrimonio hist\u00f3rico al Museo Dr. Roberto Habenicht - Informe Litoral","robots":{"index":"index","follow":"follow","max-snippet":"max-snippet:-1","max-image-preview":"max-image-preview:large","max-video-preview":"max-video-preview:-1"},"canonical":"https:\/\/informelitoral.com.ar\/libertador-san-martin-la-camara-de-diputados-declaro-patrimonio-historico-al-museo-dr-roberto-habenicht\/","og_locale":"es_ES","og_type":"article","og_title":"Libertador San Mart\u00edn: la C\u00e1mara de Diputados declar\u00f3 patrimonio hist\u00f3rico al Museo Dr. Roberto Habenicht - Informe Litoral","og_description":"En su sesi&oacute;n del martes 12, la c&aacute;mara de diputados de la provincia, aprob&oacute; y remiti&oacute; al Senado para su sanci&oacute;n definitiva, el proyecto de ley de autor&iacute;a del diputado Jorge Monge (UCR &ndash; Diamante) por el que se declara Patrimonio Hist&oacute;rico de la provincia al edificio del Museo Hist&oacute;rico Regional, Dr. Roberto Habenicht, ubicado [&hellip;]","og_url":"https:\/\/informelitoral.com.ar\/libertador-san-martin-la-camara-de-diputados-declaro-patrimonio-historico-al-museo-dr-roberto-habenicht\/","og_site_name":"Informe Litoral","article_publisher":"https:\/\/www.facebook.com\/informelitoral\/","article_published_time":"2014-08-20T01:51:59+00:00","og_image":[{"width":1457,"height":1457,"url":"https:\/\/informelitoral.com.ar\/%77%70%2d%63%6f%6e%74%65%6e%74\/uploads\/2013\/05\/50_Diputados-Monge.jpg","type":"image\/jpeg"}],"author":"Gonzalo Schmidt","twitter_card":"summary_large_image","twitter_creator":"@InformeLitoral","twitter_site":"@InformeLitoral","twitter_misc":{"Escrito por":"Gonzalo Schmidt","Tiempo de lectura":"2 minutos"},"schema":{"@context":"https:\/\/schema.org","@graph":[{"@type":"Article","@id":"https:\/\/informelitoral.com.ar\/libertador-san-martin-la-camara-de-diputados-declaro-patrimonio-historico-al-museo-dr-roberto-habenicht\/#article","isPartOf":{"@id":"https:\/\/informelitoral.com.ar\/libertador-san-martin-la-camara-de-diputados-declaro-patrimonio-historico-al-museo-dr-roberto-habenicht\/"},"author":{"name":"Gonzalo Schmidt","@id":"https:\/\/informelitoral.com.ar\/#\/schema\/person\/b9d00407c836482871ef1d57bf8e3180"},"headline":"Libertador San Mart\u00edn: la C\u00e1mara de Diputados declar\u00f3 patrimonio hist\u00f3rico al Museo Dr. Roberto Habenicht","datePublished":"2014-08-20T01:51:59+00:00","mainEntityOfPage":{"@id":"https:\/\/informelitoral.com.ar\/libertador-san-martin-la-camara-de-diputados-declaro-patrimonio-historico-al-museo-dr-roberto-habenicht\/"},"wordCount":339,"commentCount":0,"publisher":{"@id":"https:\/\/informelitoral.com.ar\/#organization"},"image":{"@id":"https:\/\/informelitoral.com.ar\/libertador-san-martin-la-camara-de-diputados-declaro-patrimonio-historico-al-museo-dr-roberto-habenicht\/#primaryimage"},"thumbnailUrl":"http:\/\/www.isletasnoticias.com.ar\/%77%70%2d%63%6f%6e%74%65%6e%74\/uploads\/2013\/05\/50_Diputados-Monge.jpg","articleSection":["Departamento Diamante","Entre R\u00edos","Politica"],"inLanguage":"es","potentialAction":[{"@type":"CommentAction","name":"Comment","target":["https:\/\/informelitoral.com.ar\/libertador-san-martin-la-camara-de-diputados-declaro-patrimonio-historico-al-museo-dr-roberto-habenicht\/#respond"]}]},{"@type":"WebPage","@id":"https:\/\/informelitoral.com.ar\/libertador-san-martin-la-camara-de-diputados-declaro-patrimonio-historico-al-museo-dr-roberto-habenicht\/","url":"https:\/\/informelitoral.com.ar\/libertador-san-martin-la-camara-de-diputados-declaro-patrimonio-historico-al-museo-dr-roberto-habenicht\/","name":"Libertador San Mart\u00edn: la C\u00e1mara de Diputados declar\u00f3 patrimonio hist\u00f3rico al Museo Dr. Roberto Habenicht - Informe Litoral","isPartOf":{"@id":"https:\/\/informelitoral.com.ar\/#website"},"primaryImageOfPage":{"@id":"https:\/\/informelitoral.com.ar\/libertador-san-martin-la-camara-de-diputados-declaro-patrimonio-historico-al-museo-dr-roberto-habenicht\/#primaryimage"},"image":{"@id":"https:\/\/informelitoral.com.ar\/libertador-san-martin-la-camara-de-diputados-declaro-patrimonio-historico-al-museo-dr-roberto-habenicht\/#primaryimage"},"thumbnailUrl":"http:\/\/www.isletasnoticias.com.ar\/%77%70%2d%63%6f%6e%74%65%6e%74\/uploads\/2013\/05\/50_Diputados-Monge.jpg","datePublished":"2014-08-20T01:51:59+00:00","breadcrumb":{"@id":"https:\/\/informelitoral.com.ar\/libertador-san-martin-la-camara-de-diputados-declaro-patrimonio-historico-al-museo-dr-roberto-habenicht\/#breadcrumb"},"inLanguage":"es","potentialAction":[{"@type":"ReadAction","target":["https:\/\/informelitoral.com.ar\/libertador-san-martin-la-camara-de-diputados-declaro-patrimonio-historico-al-museo-dr-roberto-habenicht\/"]}]},{"@type":"ImageObject","inLanguage":"es","@id":"https:\/\/informelitoral.com.ar\/libertador-san-martin-la-camara-de-diputados-declaro-patrimonio-historico-al-museo-dr-roberto-habenicht\/#primaryimage","url":"http:\/\/www.isletasnoticias.com.ar\/%77%70%2d%63%6f%6e%74%65%6e%74\/uploads\/2013\/05\/50_Diputados-Monge.jpg","contentUrl":"http:\/\/www.isletasnoticias.com.ar\/%77%70%2d%63%6f%6e%74%65%6e%74\/uploads\/2013\/05\/50_Diputados-Monge.jpg"},{"@type":"BreadcrumbList","@id":"https:\/\/informelitoral.com.ar\/libertador-san-martin-la-camara-de-diputados-declaro-patrimonio-historico-al-museo-dr-roberto-habenicht\/#breadcrumb","itemListElement":[{"@type":"ListItem","position":1,"name":"Portada","item":"https:\/\/informelitoral.com.ar\/"},{"@type":"ListItem","position":2,"name":"Libertador San Mart\u00edn: la C\u00e1mara de Diputados declar\u00f3 patrimonio hist\u00f3rico al Museo Dr. Roberto Habenicht"}]},{"@type":"WebSite","@id":"https:\/\/informelitoral.com.ar\/#website","url":"https:\/\/informelitoral.com.ar\/","name":"Informe Litoral","description":"&quot;Nos informamos&quot; ","publisher":{"@id":"https:\/\/informelitoral.com.ar\/#organization"},"potentialAction":[{"@type":"SearchAction","target":{"@type":"EntryPoint","urlTemplate":"https:\/\/informelitoral.com.ar\/?s={search_term_string}"},"query-input":{"@type":"PropertyValueSpecification","valueRequired":true,"valueName":"search_term_string"}}],"inLanguage":"es"},{"@type":"Organization","@id":"https:\/\/informelitoral.com.ar\/#organization","name":"Informe Litoral","url":"https:\/\/informelitoral.com.ar\/","logo":{"@type":"ImageObject","inLanguage":"es","@id":"https:\/\/informelitoral.com.ar\/#\/schema\/logo\/image\/","url":"https:\/\/informelitoral.com.ar\/%77%70%2d%63%6f%6e%74%65%6e%74\/uploads\/2021\/01\/circulo.png","contentUrl":"https:\/\/informelitoral.com.ar\/%77%70%2d%63%6f%6e%74%65%6e%74\/uploads\/2021\/01\/circulo.png","width":723,"height":731,"caption":"Informe Litoral"},"image":{"@id":"https:\/\/informelitoral.com.ar\/#\/schema\/logo\/image\/"},"sameAs":["https:\/\/www.facebook.com\/informelitoral\/","https:\/\/x.com\/InformeLitoral","https:\/\/www.instagram.com\/informelitoral\/","https:\/\/www.youtube.com\/channel\/UCua4Qvz8Icb6MYqhoq9xLXw"]},{"@type":"Person","@id":"https:\/\/informelitoral.com.ar\/#\/schema\/person\/b9d00407c836482871ef1d57bf8e3180","name":"Gonzalo Schmidt","image":{"@type":"ImageObject","inLanguage":"es","@id":"https:\/\/secure.gravatar.com\/avatar\/31a1a7b66ff2de83bd0e9fd79d026630d2d99e55e8bfe501287647b4fd9743de?s=96&d=mm&r=g","url":"https:\/\/secure.gravatar.com\/avatar\/31a1a7b66ff2de83bd0e9fd79d026630d2d99e55e8bfe501287647b4fd9743de?s=96&d=mm&r=g","contentUrl":"https:\/\/secure.gravatar.com\/avatar\/31a1a7b66ff2de83bd0e9fd79d026630d2d99e55e8bfe501287647b4fd9743de?s=96&d=mm&r=g","caption":"Gonzalo Schmidt"},"description":"Sitio web de noticias de la provincia de Entre R\u00edos, Argentina. Informaci\u00f3n y entretenimiento. Informe Litoral, nos informamos.","sameAs":["http:\/\/www.isletasnoticias.com.ar"],"url":"https:\/\/informelitoral.com.ar\/author\/gonzalo\/"}]}},"_links":{"self":[{"href":"https:\/\/informelitoral.com.ar\/%77%70%2d%6a%73%6f%6e\/wp\/v2\/posts\/7926","targetHints":{"allow":["GET"]}}],"collection":[{"href":"https:\/\/informelitoral.com.ar\/%77%70%2d%6a%73%6f%6e\/wp\/v2\/posts"}],"about":[{"href":"https:\/\/informelitoral.com.ar\/%77%70%2d%6a%73%6f%6e\/wp\/v2\/types\/post"}],"author":[{"embeddable":true,"href":"https:\/\/informelitoral.com.ar\/%77%70%2d%6a%73%6f%6e\/wp\/v2\/users\/2"}],"replies":[{"embeddable":true,"href":"https:\/\/informelitoral.com.ar\/%77%70%2d%6a%73%6f%6e\/wp\/v2\/comments?post=7926"}],"version-history":[{"count":0,"href":"https:\/\/informelitoral.com.ar\/%77%70%2d%6a%73%6f%6e\/wp\/v2\/posts\/7926\/revisions"}],"wp:attachment":[{"href":"https:\/\/informelitoral.com.ar\/%77%70%2d%6a%73%6f%6e\/wp\/v2\/media?parent=7926"}],"wp:term":[{"taxonomy":"category","embeddable":true,"href":"https:\/\/informelitoral.com.ar\/%77%70%2d%6a%73%6f%6e\/wp\/v2\/categories?post=7926"},{"taxonomy":"post_tag","embeddable":true,"href":"https:\/\/informelitoral.com.ar\/%77%70%2d%6a%73%6f%6e\/wp\/v2\/tags?post=7926"}],"curies":[{"name":"wp","href":"https:\/\/api.w.org\/{rel}","templated":true}]}}