{"id":79201,"date":"2022-06-07T10:07:57","date_gmt":"2022-06-07T13:07:57","guid":{"rendered":"https:\/\/www.informelitoral.com.ar\/?p=79201"},"modified":"2022-06-07T10:07:57","modified_gmt":"2022-06-07T13:07:57","slug":"anses-como-hacer-el-tramite-de-licencia-por-maternidad-cuanto-se-extiende-y-que-pasa-con-el-sueldo","status":"publish","type":"post","link":"https:\/\/informelitoral.com.ar\/anses-como-hacer-el-tramite-de-licencia-por-maternidad-cuanto-se-extiende-y-que-pasa-con-el-sueldo\/","title":{"rendered":"ANSES: c\u00f3mo hacer el tr\u00e1mite de Licencia por Maternidad, cu\u00e1nto se extiende y qu\u00e9 pasa con el sueldo"},"content":{"rendered":"<p class=\"paragraph\"><b>Todas las empleadas<\/b>\u00a0en relaci\u00f3n de dependencia, el empleo dom\u00e9stico y aquellas que se encuentren cobrando su\u00a0<b>sueldo<\/b>\u00a0a trav\u00e9s de una aseguradora en el marco de la Ley de Riesgos del Trabajo tienen derecho a una asignaci\u00f3n otorgada por la\u00a0<b>Administraci\u00f3n Nacional de la Seguridad Social de la Rep\u00fablica Argentina (ANSES)<\/b>\u00a0durante los<b>\u00a0<\/b>90 d\u00edas corridos de la\u00a0<b>Licencia por Maternidad<\/b> y hasta por 270 d\u00edas en los casos de beb\u00e9s con S\u00edndrome de Down.<\/p>\n<p class=\"paragraph\">El organismo previsional abona este beneficio a las trabajadoras siempre que tengan\u00a0<b>al menos 12 semanas de gestaci\u00f3n y tres meses de antig\u00fcedad en el empleo<\/b>\u00a0al momento de comenzar la licencia por maternidad, mientras en el caso de las trabajadoras de temporada tendr\u00e1n que estar con servicio efectivo al momento de iniciar la licencia.<\/p>\n<p class=\"paragraph\"><b>El monto otorgado corresponde al sueldo bruto de la trabajadora<\/b>, es decir sin los descuentos de jubilaci\u00f3n y obra social, y se cobra seg\u00fan el calendario de pagos de las asignaciones familiares.<\/p>\n<p class=\"paragraph\">Adem\u00e1s, durante la licencia por maternidad la\u00a0<b>ANSES cubrir\u00e1 el costo de la obra social<\/b>, pero no se contempla los de las empresas privadas de medicina prepaga. Hasta que la prestaci\u00f3n por licencia por maternidad se haga efectiva,\u00a0<b>el empleador debe continuar abonando el salario de la trabajadora<\/b>.<\/p>\n<p class=\"paragraph\">La legislaci\u00f3n proh\u00edbe \u201cel trabajo del personal femenino durante los 45 d\u00edas anteriores al parto y hasta 45 d\u00edas despu\u00e9s del mismo\u201d. No obstante,\u00a0<b>la beneficiaria tiene posibilidad de optar para que se reduzca la licencia anterior al parto<\/b>, pero \u201cno podr\u00e1 ser inferior a 30 d\u00edas\u201d. El resto de la licencia se acumular\u00e1 al per\u00edodo de descanso posterior al parto hasta completar el total de 90 d\u00edas.<\/p>\n<p class=\"paragraph\">Si la trabajadora est\u00e1 embarazada debe\u00a0<b>presentar a su empleador el Certificado m\u00e9dico con la \u201cfecha probable de parto\u201d<\/b>. Adem\u00e1s, debe notificarle si la licencia transcurrir\u00e1 45 d\u00edas antes y 45 d\u00edas despu\u00e9s de la fecha probable de parto o bien 30 d\u00edas antes y 60 d\u00edas despu\u00e9s de la fecha probable de parto.<\/p>\n<h4 class=\"font--primary\"><strong>Licencia por Maternidad: c\u00f3mo hacer el tr\u00e1mite<\/strong><\/h4>\n<ol class=\"ol__list list\">\n<li class=\"list__item\">Ingresar en Mi ANSES para verificar que todos los datos personales y familiares est\u00e9n actualizados y acreditar toda la informaci\u00f3n necesaria.<\/li>\n<li class=\"list__item\">Completar los formularios que est\u00e1n disponibles seg\u00fan se indica en el t\u00edtulo Documentaci\u00f3n.<\/li>\n<li class=\"list__item\">Entrar en la Atenci\u00f3n Virtual.<\/li>\n<\/ol>\n<p class=\"paragraph\">Tambi\u00e9n se puede sacar un turno si la oficina seleccionada se encuentre con atenci\u00f3n al p\u00fablico de forma presencial. En ese caso, la trabajadora debe presentar, con bastante anticipaci\u00f3n, el certificado m\u00e9dico informando el embarazo y un conjunto de documentaci\u00f3n que debe completar con su empleador.<\/p>\n<p class=\"paragraph\"><b>Trabajadoras en relaci\u00f3n de dependencia<\/b><\/p>\n<ul class=\"ul__list list\">\n<li class=\"list__item\">Formulario PS 2.55 Declaraci\u00f3n Jurada novedades unificadas de SUAF en los rubros 1, 3, 5, 6 y 10.<\/li>\n<li class=\"list__item\">Certificado m\u00e9dico que en el rubro 6 debe contener las mismas fechas del certificado m\u00e9dico con el que se declar\u00f3 el embarazo al empleador o puede reemplazarse el rubro 6 con el certificado m\u00e9dico con el cual el empleador tom\u00f3 conocimiento del estado de embarazo. El certificado de embarazo debe estar extendido por un m\u00e9dico o Licenciado en Obstetricia del que surja el nombre, apellido y tipo y n\u00famero de documento de la embarazada, semanas o meses de gestaci\u00f3n, fecha probable de parto, fecha de emisi\u00f3n del certificado, y firma y sello del m\u00e9dico o Licenciado en Obstetricia.<\/li>\n<li class=\"list__item\">El rubro 10 debe tener la firma de la trabajadora y la del empleador. Si por motivo del aislamiento social, preventivo y obligatorio el empleador no firm\u00f3 el formulario se podr\u00e1 adjuntar una nota, firmada por el empleador, en la cual informe los datos solicitados en el rubro 5, es decir, tu opci\u00f3n de licencia (30\/60 \u00f3 45\/45) y la fecha en la cual se declar\u00f3 el estado de embarazo y se efectu\u00f3 la opci\u00f3n de licencia.<\/li>\n<\/ul>\n<p class=\"paragraph\"><b>Trabajadoras de Casas Particulares<\/b><\/p>\n<ul class=\"ul__list list\">\n<li class=\"list__item\">Formulario PS 2.75 Declaraci\u00f3n Jurada Maternidad Servicio Dom\u00e9stico en los rubros 1, 2, 3, 4, 5 y 6.<\/li>\n<li class=\"list__item\">Certificado m\u00e9dico del rubro 4 debe contener las mismas fechas del certificado m\u00e9dico con el que se declar\u00f3 el embarazo al empleador o puede reemplazarse el rubro 4 con el certificado m\u00e9dico con el cual el empleador tom\u00f3 conocimiento del estado de embarazo. El certificado de embarazo debe estar extendido por un m\u00e9dico o Licenciado en Obstetricia del que surja el nombre, apellido y tipo y n\u00famero de documento de la embarazada, semanas o meses de gestaci\u00f3n, fecha probable de parto, fecha de emisi\u00f3n del certificado, y firma y sello del m\u00e9dico o Licenciado en Obstetricia.<\/li>\n<li class=\"list__item\">El rubro 6 debe tener la firma de la trabajadora y la del empleador. Si por motivo del aislamiento social, preventivo y obligatorio el empleador no firm\u00f3 el formulario podr\u00e1 adjuntarse una nota, firmada por el empleador, en la cual informe los datos solicitados en los rubros 3 y 5; eso implica la opci\u00f3n de licencia (30\/60 \u00f3 45\/45), la fecha en la cual se declar\u00f3 el estado de embarazo y se efectu\u00f3 la opci\u00f3n de licencia, las horas trabajadas semanalmente (menos de 12 horas, entre 12 y 16 horas \u00f3 m\u00e1s de 16 horas), monto que se percibe mensualmente, si es \u201ccon o sin Retiro\u201d del domicilio y la fecha de ingreso al empleo.<\/li>\n<\/ul>\n<p class=\"paragraph\"><b>Adem\u00e1s, por cada uno de sus empleos la trabajadora debe presentar:<\/b><\/p>\n<ul class=\"ul__list list\">\n<li class=\"list__item\">Constancia de \u201cAlta de Personal de Casas Particulares\u201d. Se obtiene por la p\u00e1gina de AFIP.<\/li>\n<li class=\"list__item\">Formulario AFIP F.102\/RT \u201cVolante de Pago Trabajador de Casas Particulares Aportes y Contribuciones\u201d o recibo de sueldo por cada uno de los empleos.(<em>TN<\/em>)<\/li>\n<\/ul>\n","protected":false},"excerpt":{"rendered":"<p>Las mujeres con trabajo registrado que den a luz a un hijo o hija podr\u00e1n acceder a un beneficio econ\u00f3mico. Todo lo que hay que saber.<\/p>\n","protected":false},"author":8,"featured_media":17650,"comment_status":"open","ping_status":"open","sticky":false,"template":"","format":"standard","meta":{"fifu_image_url":"","fifu_image_alt":"","footnotes":""},"categories":[1594],"tags":[269,3698,3699],"class_list":{"0":"post-79201","1":"post","2":"type-post","3":"status-publish","4":"format-standard","5":"has-post-thumbnail","7":"category-economia","8":"tag-anses","9":"tag-licencia","10":"tag-maternidad"},"yoast_head":"<title>ANSES: c\u00f3mo hacer el tr\u00e1mite de Licencia por Maternidad, cu\u00e1nto se extiende y qu\u00e9 pasa con el sueldo - Informe Litoral<\/title>\n<meta name=\"robots\" content=\"index, follow, max-snippet:-1, max-image-preview:large, max-video-preview:-1\" \/>\n<link rel=\"canonical\" href=\"https:\/\/informelitoral.com.ar\/anses-como-hacer-el-tramite-de-licencia-por-maternidad-cuanto-se-extiende-y-que-pasa-con-el-sueldo\/\" \/>\n<meta property=\"og:locale\" content=\"es_ES\" \/>\n<meta property=\"og:type\" content=\"article\" \/>\n<meta property=\"og:title\" content=\"ANSES: c\u00f3mo hacer el tr\u00e1mite de Licencia por Maternidad, cu\u00e1nto se extiende y qu\u00e9 pasa con el sueldo - Informe Litoral\" \/>\n<meta property=\"og:description\" content=\"Las mujeres con trabajo registrado que den a luz a un hijo o hija podr\u00e1n acceder a un beneficio econ\u00f3mico. Todo lo que hay que saber.\" \/>\n<meta property=\"og:url\" content=\"https:\/\/informelitoral.com.ar\/anses-como-hacer-el-tramite-de-licencia-por-maternidad-cuanto-se-extiende-y-que-pasa-con-el-sueldo\/\" \/>\n<meta property=\"og:site_name\" content=\"Informe Litoral\" \/>\n<meta property=\"article:publisher\" content=\"https:\/\/www.facebook.com\/informelitoral\/\" \/>\n<meta property=\"article:published_time\" content=\"2022-06-07T13:07:57+00:00\" \/>\n<meta property=\"og:image\" content=\"https:\/\/informelitoral.com.ar\/%77%70%2d%63%6f%6e%74%65%6e%74\/uploads\/2016\/08\/ANSES-1.jpg\" \/>\n\t<meta property=\"og:image:width\" content=\"1508\" \/>\n\t<meta property=\"og:image:height\" content=\"706\" \/>\n\t<meta property=\"og:image:type\" content=\"image\/jpeg\" \/>\n<meta name=\"author\" content=\"Sebastian\" \/>\n<meta name=\"twitter:card\" content=\"summary_large_image\" \/>\n<meta name=\"twitter:creator\" content=\"@InformeLitoral\" \/>\n<meta name=\"twitter:site\" content=\"@InformeLitoral\" \/>\n<meta name=\"twitter:label1\" content=\"Escrito por\" \/>\n\t<meta name=\"twitter:data1\" content=\"Sebastian\" \/>\n\t<meta name=\"twitter:label2\" content=\"Tiempo de lectura\" \/>\n\t<meta name=\"twitter:data2\" content=\"5 minutos\" \/>\n<script type=\"application\/ld+json\" class=\"yoast-schema-graph\">{\"@context\":\"https:\\\/\\\/schema.org\",\"@graph\":[{\"@type\":\"Article\",\"@id\":\"https:\\\/\\\/informelitoral.com.ar\\\/anses-como-hacer-el-tramite-de-licencia-por-maternidad-cuanto-se-extiende-y-que-pasa-con-el-sueldo\\\/#article\",\"isPartOf\":{\"@id\":\"https:\\\/\\\/informelitoral.com.ar\\\/anses-como-hacer-el-tramite-de-licencia-por-maternidad-cuanto-se-extiende-y-que-pasa-con-el-sueldo\\\/\"},\"author\":{\"name\":\"Sebastian\",\"@id\":\"https:\\\/\\\/informelitoral.com.ar\\\/#\\\/schema\\\/person\\\/f05f9f461677119578717524b127d6d5\"},\"headline\":\"ANSES: c\u00f3mo hacer el tr\u00e1mite de Licencia por Maternidad, cu\u00e1nto se extiende y qu\u00e9 pasa con el sueldo\",\"datePublished\":\"2022-06-07T13:07:57+00:00\",\"mainEntityOfPage\":{\"@id\":\"https:\\\/\\\/informelitoral.com.ar\\\/anses-como-hacer-el-tramite-de-licencia-por-maternidad-cuanto-se-extiende-y-que-pasa-con-el-sueldo\\\/\"},\"wordCount\":959,\"commentCount\":0,\"publisher\":{\"@id\":\"https:\\\/\\\/informelitoral.com.ar\\\/#organization\"},\"image\":{\"@id\":\"https:\\\/\\\/informelitoral.com.ar\\\/anses-como-hacer-el-tramite-de-licencia-por-maternidad-cuanto-se-extiende-y-que-pasa-con-el-sueldo\\\/#primaryimage\"},\"thumbnailUrl\":\"https:\\\/\\\/informelitoral.com.ar\\\/%77%70%2d%63%6f%6e%74%65%6e%74\\\/uploads\\\/2016\\\/08\\\/ANSES-1.jpg\",\"keywords\":[\"Anses\",\"Licencia\",\"Maternidad\"],\"articleSection\":[\"Econom\u00eda\"],\"inLanguage\":\"es\",\"potentialAction\":[{\"@type\":\"CommentAction\",\"name\":\"Comment\",\"target\":[\"https:\\\/\\\/informelitoral.com.ar\\\/anses-como-hacer-el-tramite-de-licencia-por-maternidad-cuanto-se-extiende-y-que-pasa-con-el-sueldo\\\/#respond\"]}]},{\"@type\":\"WebPage\",\"@id\":\"https:\\\/\\\/informelitoral.com.ar\\\/anses-como-hacer-el-tramite-de-licencia-por-maternidad-cuanto-se-extiende-y-que-pasa-con-el-sueldo\\\/\",\"url\":\"https:\\\/\\\/informelitoral.com.ar\\\/anses-como-hacer-el-tramite-de-licencia-por-maternidad-cuanto-se-extiende-y-que-pasa-con-el-sueldo\\\/\",\"name\":\"ANSES: c\u00f3mo hacer el tr\u00e1mite de Licencia por Maternidad, cu\u00e1nto se extiende y qu\u00e9 pasa con el sueldo - Informe Litoral\",\"isPartOf\":{\"@id\":\"https:\\\/\\\/informelitoral.com.ar\\\/#website\"},\"primaryImageOfPage\":{\"@id\":\"https:\\\/\\\/informelitoral.com.ar\\\/anses-como-hacer-el-tramite-de-licencia-por-maternidad-cuanto-se-extiende-y-que-pasa-con-el-sueldo\\\/#primaryimage\"},\"image\":{\"@id\":\"https:\\\/\\\/informelitoral.com.ar\\\/anses-como-hacer-el-tramite-de-licencia-por-maternidad-cuanto-se-extiende-y-que-pasa-con-el-sueldo\\\/#primaryimage\"},\"thumbnailUrl\":\"https:\\\/\\\/informelitoral.com.ar\\\/%77%70%2d%63%6f%6e%74%65%6e%74\\\/uploads\\\/2016\\\/08\\\/ANSES-1.jpg\",\"datePublished\":\"2022-06-07T13:07:57+00:00\",\"breadcrumb\":{\"@id\":\"https:\\\/\\\/informelitoral.com.ar\\\/anses-como-hacer-el-tramite-de-licencia-por-maternidad-cuanto-se-extiende-y-que-pasa-con-el-sueldo\\\/#breadcrumb\"},\"inLanguage\":\"es\",\"potentialAction\":[{\"@type\":\"ReadAction\",\"target\":[\"https:\\\/\\\/informelitoral.com.ar\\\/anses-como-hacer-el-tramite-de-licencia-por-maternidad-cuanto-se-extiende-y-que-pasa-con-el-sueldo\\\/\"]}]},{\"@type\":\"ImageObject\",\"inLanguage\":\"es\",\"@id\":\"https:\\\/\\\/informelitoral.com.ar\\\/anses-como-hacer-el-tramite-de-licencia-por-maternidad-cuanto-se-extiende-y-que-pasa-con-el-sueldo\\\/#primaryimage\",\"url\":\"https:\\\/\\\/informelitoral.com.ar\\\/%77%70%2d%63%6f%6e%74%65%6e%74\\\/uploads\\\/2016\\\/08\\\/ANSES-1.jpg\",\"contentUrl\":\"https:\\\/\\\/informelitoral.com.ar\\\/%77%70%2d%63%6f%6e%74%65%6e%74\\\/uploads\\\/2016\\\/08\\\/ANSES-1.jpg\",\"width\":1508,\"height\":706},{\"@type\":\"BreadcrumbList\",\"@id\":\"https:\\\/\\\/informelitoral.com.ar\\\/anses-como-hacer-el-tramite-de-licencia-por-maternidad-cuanto-se-extiende-y-que-pasa-con-el-sueldo\\\/#breadcrumb\",\"itemListElement\":[{\"@type\":\"ListItem\",\"position\":1,\"name\":\"Portada\",\"item\":\"https:\\\/\\\/informelitoral.com.ar\\\/\"},{\"@type\":\"ListItem\",\"position\":2,\"name\":\"ANSES: c\u00f3mo hacer el tr\u00e1mite de Licencia por Maternidad, cu\u00e1nto se extiende y qu\u00e9 pasa con el sueldo\"}]},{\"@type\":\"WebSite\",\"@id\":\"https:\\\/\\\/informelitoral.com.ar\\\/#website\",\"url\":\"https:\\\/\\\/informelitoral.com.ar\\\/\",\"name\":\"Informe Litoral\",\"description\":\"&quot;Nos informamos&quot; \",\"publisher\":{\"@id\":\"https:\\\/\\\/informelitoral.com.ar\\\/#organization\"},\"potentialAction\":[{\"@type\":\"SearchAction\",\"target\":{\"@type\":\"EntryPoint\",\"urlTemplate\":\"https:\\\/\\\/informelitoral.com.ar\\\/?s={search_term_string}\"},\"query-input\":{\"@type\":\"PropertyValueSpecification\",\"valueRequired\":true,\"valueName\":\"search_term_string\"}}],\"inLanguage\":\"es\"},{\"@type\":\"Organization\",\"@id\":\"https:\\\/\\\/informelitoral.com.ar\\\/#organization\",\"name\":\"Informe Litoral\",\"url\":\"https:\\\/\\\/informelitoral.com.ar\\\/\",\"logo\":{\"@type\":\"ImageObject\",\"inLanguage\":\"es\",\"@id\":\"https:\\\/\\\/informelitoral.com.ar\\\/#\\\/schema\\\/logo\\\/image\\\/\",\"url\":\"https:\\\/\\\/informelitoral.com.ar\\\/%77%70%2d%63%6f%6e%74%65%6e%74\\\/uploads\\\/2021\\\/01\\\/circulo.png\",\"contentUrl\":\"https:\\\/\\\/informelitoral.com.ar\\\/%77%70%2d%63%6f%6e%74%65%6e%74\\\/uploads\\\/2021\\\/01\\\/circulo.png\",\"width\":723,\"height\":731,\"caption\":\"Informe Litoral\"},\"image\":{\"@id\":\"https:\\\/\\\/informelitoral.com.ar\\\/#\\\/schema\\\/logo\\\/image\\\/\"},\"sameAs\":[\"https:\\\/\\\/www.facebook.com\\\/informelitoral\\\/\",\"https:\\\/\\\/x.com\\\/InformeLitoral\",\"https:\\\/\\\/www.instagram.com\\\/informelitoral\\\/\",\"https:\\\/\\\/www.youtube.com\\\/channel\\\/UCua4Qvz8Icb6MYqhoq9xLXw\"]},{\"@type\":\"Person\",\"@id\":\"https:\\\/\\\/informelitoral.com.ar\\\/#\\\/schema\\\/person\\\/f05f9f461677119578717524b127d6d5\",\"name\":\"Sebastian\",\"image\":{\"@type\":\"ImageObject\",\"inLanguage\":\"es\",\"@id\":\"https:\\\/\\\/secure.gravatar.com\\\/avatar\\\/b71bf7481d447dfb9583c7f2798e7cc64de6efb9067b74633ed8c31059a3bd82?s=96&d=mm&r=g\",\"url\":\"https:\\\/\\\/secure.gravatar.com\\\/avatar\\\/b71bf7481d447dfb9583c7f2798e7cc64de6efb9067b74633ed8c31059a3bd82?s=96&d=mm&r=g\",\"contentUrl\":\"https:\\\/\\\/secure.gravatar.com\\\/avatar\\\/b71bf7481d447dfb9583c7f2798e7cc64de6efb9067b74633ed8c31059a3bd82?s=96&d=mm&r=g\",\"caption\":\"Sebastian\"},\"url\":\"https:\\\/\\\/informelitoral.com.ar\\\/author\\\/sebastian\\\/\"}]}<\/script>","yoast_head_json":{"title":"ANSES: c\u00f3mo hacer el tr\u00e1mite de Licencia por Maternidad, cu\u00e1nto se extiende y qu\u00e9 pasa con el sueldo - Informe Litoral","robots":{"index":"index","follow":"follow","max-snippet":"max-snippet:-1","max-image-preview":"max-image-preview:large","max-video-preview":"max-video-preview:-1"},"canonical":"https:\/\/informelitoral.com.ar\/anses-como-hacer-el-tramite-de-licencia-por-maternidad-cuanto-se-extiende-y-que-pasa-con-el-sueldo\/","og_locale":"es_ES","og_type":"article","og_title":"ANSES: c\u00f3mo hacer el tr\u00e1mite de Licencia por Maternidad, cu\u00e1nto se extiende y qu\u00e9 pasa con el sueldo - Informe Litoral","og_description":"Las mujeres con trabajo registrado que den a luz a un hijo o hija podr\u00e1n acceder a un beneficio econ\u00f3mico. Todo lo que hay que saber.","og_url":"https:\/\/informelitoral.com.ar\/anses-como-hacer-el-tramite-de-licencia-por-maternidad-cuanto-se-extiende-y-que-pasa-con-el-sueldo\/","og_site_name":"Informe Litoral","article_publisher":"https:\/\/www.facebook.com\/informelitoral\/","article_published_time":"2022-06-07T13:07:57+00:00","og_image":[{"width":1508,"height":706,"url":"https:\/\/informelitoral.com.ar\/%77%70%2d%63%6f%6e%74%65%6e%74\/uploads\/2016\/08\/ANSES-1.jpg","type":"image\/jpeg"}],"author":"Sebastian","twitter_card":"summary_large_image","twitter_creator":"@InformeLitoral","twitter_site":"@InformeLitoral","twitter_misc":{"Escrito por":"Sebastian","Tiempo de lectura":"5 minutos"},"schema":{"@context":"https:\/\/schema.org","@graph":[{"@type":"Article","@id":"https:\/\/informelitoral.com.ar\/anses-como-hacer-el-tramite-de-licencia-por-maternidad-cuanto-se-extiende-y-que-pasa-con-el-sueldo\/#article","isPartOf":{"@id":"https:\/\/informelitoral.com.ar\/anses-como-hacer-el-tramite-de-licencia-por-maternidad-cuanto-se-extiende-y-que-pasa-con-el-sueldo\/"},"author":{"name":"Sebastian","@id":"https:\/\/informelitoral.com.ar\/#\/schema\/person\/f05f9f461677119578717524b127d6d5"},"headline":"ANSES: c\u00f3mo hacer el tr\u00e1mite de Licencia por Maternidad, cu\u00e1nto se extiende y qu\u00e9 pasa con el sueldo","datePublished":"2022-06-07T13:07:57+00:00","mainEntityOfPage":{"@id":"https:\/\/informelitoral.com.ar\/anses-como-hacer-el-tramite-de-licencia-por-maternidad-cuanto-se-extiende-y-que-pasa-con-el-sueldo\/"},"wordCount":959,"commentCount":0,"publisher":{"@id":"https:\/\/informelitoral.com.ar\/#organization"},"image":{"@id":"https:\/\/informelitoral.com.ar\/anses-como-hacer-el-tramite-de-licencia-por-maternidad-cuanto-se-extiende-y-que-pasa-con-el-sueldo\/#primaryimage"},"thumbnailUrl":"https:\/\/informelitoral.com.ar\/%77%70%2d%63%6f%6e%74%65%6e%74\/uploads\/2016\/08\/ANSES-1.jpg","keywords":["Anses","Licencia","Maternidad"],"articleSection":["Econom\u00eda"],"inLanguage":"es","potentialAction":[{"@type":"CommentAction","name":"Comment","target":["https:\/\/informelitoral.com.ar\/anses-como-hacer-el-tramite-de-licencia-por-maternidad-cuanto-se-extiende-y-que-pasa-con-el-sueldo\/#respond"]}]},{"@type":"WebPage","@id":"https:\/\/informelitoral.com.ar\/anses-como-hacer-el-tramite-de-licencia-por-maternidad-cuanto-se-extiende-y-que-pasa-con-el-sueldo\/","url":"https:\/\/informelitoral.com.ar\/anses-como-hacer-el-tramite-de-licencia-por-maternidad-cuanto-se-extiende-y-que-pasa-con-el-sueldo\/","name":"ANSES: c\u00f3mo hacer el tr\u00e1mite de Licencia por Maternidad, cu\u00e1nto se extiende y qu\u00e9 pasa con el sueldo - Informe Litoral","isPartOf":{"@id":"https:\/\/informelitoral.com.ar\/#website"},"primaryImageOfPage":{"@id":"https:\/\/informelitoral.com.ar\/anses-como-hacer-el-tramite-de-licencia-por-maternidad-cuanto-se-extiende-y-que-pasa-con-el-sueldo\/#primaryimage"},"image":{"@id":"https:\/\/informelitoral.com.ar\/anses-como-hacer-el-tramite-de-licencia-por-maternidad-cuanto-se-extiende-y-que-pasa-con-el-sueldo\/#primaryimage"},"thumbnailUrl":"https:\/\/informelitoral.com.ar\/%77%70%2d%63%6f%6e%74%65%6e%74\/uploads\/2016\/08\/ANSES-1.jpg","datePublished":"2022-06-07T13:07:57+00:00","breadcrumb":{"@id":"https:\/\/informelitoral.com.ar\/anses-como-hacer-el-tramite-de-licencia-por-maternidad-cuanto-se-extiende-y-que-pasa-con-el-sueldo\/#breadcrumb"},"inLanguage":"es","potentialAction":[{"@type":"ReadAction","target":["https:\/\/informelitoral.com.ar\/anses-como-hacer-el-tramite-de-licencia-por-maternidad-cuanto-se-extiende-y-que-pasa-con-el-sueldo\/"]}]},{"@type":"ImageObject","inLanguage":"es","@id":"https:\/\/informelitoral.com.ar\/anses-como-hacer-el-tramite-de-licencia-por-maternidad-cuanto-se-extiende-y-que-pasa-con-el-sueldo\/#primaryimage","url":"https:\/\/informelitoral.com.ar\/%77%70%2d%63%6f%6e%74%65%6e%74\/uploads\/2016\/08\/ANSES-1.jpg","contentUrl":"https:\/\/informelitoral.com.ar\/%77%70%2d%63%6f%6e%74%65%6e%74\/uploads\/2016\/08\/ANSES-1.jpg","width":1508,"height":706},{"@type":"BreadcrumbList","@id":"https:\/\/informelitoral.com.ar\/anses-como-hacer-el-tramite-de-licencia-por-maternidad-cuanto-se-extiende-y-que-pasa-con-el-sueldo\/#breadcrumb","itemListElement":[{"@type":"ListItem","position":1,"name":"Portada","item":"https:\/\/informelitoral.com.ar\/"},{"@type":"ListItem","position":2,"name":"ANSES: c\u00f3mo hacer el tr\u00e1mite de Licencia por Maternidad, cu\u00e1nto se extiende y qu\u00e9 pasa con el sueldo"}]},{"@type":"WebSite","@id":"https:\/\/informelitoral.com.ar\/#website","url":"https:\/\/informelitoral.com.ar\/","name":"Informe Litoral","description":"&quot;Nos informamos&quot; ","publisher":{"@id":"https:\/\/informelitoral.com.ar\/#organization"},"potentialAction":[{"@type":"SearchAction","target":{"@type":"EntryPoint","urlTemplate":"https:\/\/informelitoral.com.ar\/?s={search_term_string}"},"query-input":{"@type":"PropertyValueSpecification","valueRequired":true,"valueName":"search_term_string"}}],"inLanguage":"es"},{"@type":"Organization","@id":"https:\/\/informelitoral.com.ar\/#organization","name":"Informe Litoral","url":"https:\/\/informelitoral.com.ar\/","logo":{"@type":"ImageObject","inLanguage":"es","@id":"https:\/\/informelitoral.com.ar\/#\/schema\/logo\/image\/","url":"https:\/\/informelitoral.com.ar\/%77%70%2d%63%6f%6e%74%65%6e%74\/uploads\/2021\/01\/circulo.png","contentUrl":"https:\/\/informelitoral.com.ar\/%77%70%2d%63%6f%6e%74%65%6e%74\/uploads\/2021\/01\/circulo.png","width":723,"height":731,"caption":"Informe Litoral"},"image":{"@id":"https:\/\/informelitoral.com.ar\/#\/schema\/logo\/image\/"},"sameAs":["https:\/\/www.facebook.com\/informelitoral\/","https:\/\/x.com\/InformeLitoral","https:\/\/www.instagram.com\/informelitoral\/","https:\/\/www.youtube.com\/channel\/UCua4Qvz8Icb6MYqhoq9xLXw"]},{"@type":"Person","@id":"https:\/\/informelitoral.com.ar\/#\/schema\/person\/f05f9f461677119578717524b127d6d5","name":"Sebastian","image":{"@type":"ImageObject","inLanguage":"es","@id":"https:\/\/secure.gravatar.com\/avatar\/b71bf7481d447dfb9583c7f2798e7cc64de6efb9067b74633ed8c31059a3bd82?s=96&d=mm&r=g","url":"https:\/\/secure.gravatar.com\/avatar\/b71bf7481d447dfb9583c7f2798e7cc64de6efb9067b74633ed8c31059a3bd82?s=96&d=mm&r=g","contentUrl":"https:\/\/secure.gravatar.com\/avatar\/b71bf7481d447dfb9583c7f2798e7cc64de6efb9067b74633ed8c31059a3bd82?s=96&d=mm&r=g","caption":"Sebastian"},"url":"https:\/\/informelitoral.com.ar\/author\/sebastian\/"}]}},"_links":{"self":[{"href":"https:\/\/informelitoral.com.ar\/%77%70%2d%6a%73%6f%6e\/wp\/v2\/posts\/79201","targetHints":{"allow":["GET"]}}],"collection":[{"href":"https:\/\/informelitoral.com.ar\/%77%70%2d%6a%73%6f%6e\/wp\/v2\/posts"}],"about":[{"href":"https:\/\/informelitoral.com.ar\/%77%70%2d%6a%73%6f%6e\/wp\/v2\/types\/post"}],"author":[{"embeddable":true,"href":"https:\/\/informelitoral.com.ar\/%77%70%2d%6a%73%6f%6e\/wp\/v2\/users\/8"}],"replies":[{"embeddable":true,"href":"https:\/\/informelitoral.com.ar\/%77%70%2d%6a%73%6f%6e\/wp\/v2\/comments?post=79201"}],"version-history":[{"count":0,"href":"https:\/\/informelitoral.com.ar\/%77%70%2d%6a%73%6f%6e\/wp\/v2\/posts\/79201\/revisions"}],"wp:featuredmedia":[{"embeddable":true,"href":"https:\/\/informelitoral.com.ar\/%77%70%2d%6a%73%6f%6e\/wp\/v2\/media\/17650"}],"wp:attachment":[{"href":"https:\/\/informelitoral.com.ar\/%77%70%2d%6a%73%6f%6e\/wp\/v2\/media?parent=79201"}],"wp:term":[{"taxonomy":"category","embeddable":true,"href":"https:\/\/informelitoral.com.ar\/%77%70%2d%6a%73%6f%6e\/wp\/v2\/categories?post=79201"},{"taxonomy":"post_tag","embeddable":true,"href":"https:\/\/informelitoral.com.ar\/%77%70%2d%6a%73%6f%6e\/wp\/v2\/tags?post=79201"}],"curies":[{"name":"wp","href":"https:\/\/api.w.org\/{rel}","templated":true}]}}