{"id":79196,"date":"2022-06-07T09:26:50","date_gmt":"2022-06-07T12:26:50","guid":{"rendered":"https:\/\/www.informelitoral.com.ar\/?p=79196"},"modified":"2022-06-07T09:26:50","modified_gmt":"2022-06-07T12:26:50","slug":"rojo-y-benedetto-quedaron-fuera-de-la-lista-de-boca-para-la-copa-argentina-por-indisciplina","status":"publish","type":"post","link":"https:\/\/informelitoral.com.ar\/rojo-y-benedetto-quedaron-fuera-de-la-lista-de-boca-para-la-copa-argentina-por-indisciplina\/","title":{"rendered":"Rojo y Benedetto quedaron fuera de la lista de Boca para la Copa Argentina por indisciplina"},"content":{"rendered":"<p>Boca dio a conocer los concentrados para el duelo del mi\u00e9rcoles ante <b>Ferro<\/b>, por los 16avos de final de la\u00a0<b>Copa Argentina<\/b>. La gran sorpresa pas\u00f3 por la ausencia de\u00a0<b>Marcos Rojo y Dar\u00edo Benedetto<\/b>, quienes no presentan ninguna molestia f\u00edsica y hasta fueron titulares en las pr\u00e1cticas previa al encuentro.<\/p>\n<p class=\"paragraph\">Este lunes en horas de la noche trascendi\u00f3 que\u00a0<b>Rojo y Benedetto fueron sancionados por el entrenador\u00a0<\/b><b>Sebasti\u00e1n Battaglia<\/b><b>\u00a0debido a que no se presentaron a entrenar el domingo por la ma\u00f1ana.<\/b><\/p>\n<p class=\"paragraph\">El cuerpo t\u00e9cnico hab\u00eda dispuesto trabajos ese d\u00eda para aquellos jugadores que iban a ser preservados y que no iban a jugar por la Liga Profesional ante Arsenal. Pero\u00a0<b>Rojo y Benedetto no se presentaron<\/b>. Aunque desde el entorno de los jugadores dejaron entrever que ambos creyeron que se trataba de una pr\u00e1ctica optativa, la realidad marca que no concurrieron a la cita.<\/p>\n<p class=\"paragraph\">Tanto Rojo como Benedetto siguieron el debut del equipo en la Liga Profesional desde los palcos y este lunes quedaron afuera de la convocatoria para el duelo ante Ferro, a pesar de que se perfilaban como titulares.<\/p>\n<h4 class=\"font--primary\"><strong>Qu\u00e9 dijo Sebasti\u00e1n Battaglia sobre las indisciplinas en el plantel de Boca<\/strong><\/h4>\n<p class=\"paragraph\">El colombiano\u00a0<b>Jorman Campuzano<\/b>\u00a0no estuvo en el debut en la Liga Profesional ante Arsenal. \u00bfLa raz\u00f3n? Se ausent\u00f3 del primer entrenamiento despu\u00e9s del receso por una supuesta demora en el vuelo que lo trajo de vuelta de su pa\u00eds. Esta informaci\u00f3n fue confirmada por el propio Battaglia en conferencia de prensa.<\/p>\n<p class=\"paragraph\"><b>\u201cYo ya dije en reiteradas ocasiones que ten\u00edamos reglas que cumplir dentro de nuestro equipo y fui bastante claro en algunas cuestiones<\/b>. Por eso no tuvo la posibilidad de estar concentrado y de jugar\u201d, explic\u00f3 el DT, en una frase que tambi\u00e9n se puede trasladar a lo ocurrido con Rojo y Benedetto en las \u00faltimas horas.<\/p>\n<h4 class=\"font--primary\"><strong>El antecedente de Agust\u00edn Almendra: fue separado del grupo tras faltarle el respeto al DT<\/strong><\/h4>\n<p class=\"paragraph\">En el pasado, fueron otros los jugadores sancionados.\u00a0El caso m\u00e1s recordado es el de\u00a0<i>Agust\u00edn Almendra<\/i>: el joven mediocampista le falt\u00f3 el respeto durante una pr\u00e1ctica y desde entonces se entrena con la reserva.<\/p>\n<p class=\"paragraph\">Alan Varela, tambi\u00e9n estuvo marginado del plantel por temas de indisciplina. Tiempo despu\u00e9s, aprovech\u00f3 su posibilidad para ganarse un lugar dentro del 11 inicial del Xeneize.<\/p>\n<p class=\"paragraph\">En aquel entonces,\u00a0Dar\u00edo Bendetto sali\u00f3 a respaldar al entrenador del Xeneize. \u201cCon esto que pas\u00f3 con Alan y Agust\u00edn les tiene que quedar claro que\u00a0<b>la camiseta de Boca es muy grande como para que est\u00e9n de joda<\/b>\u201d, expres\u00f3 en aquel entonces.(<em>TN<\/em>)<\/p>\n","protected":false},"excerpt":{"rendered":"<p>El \u201cXeneize\u201d se medir\u00e1 el mi\u00e9rcoles ante Ferro, por los 16avos de final del certamen local. Los referentes se ausentaron de la pr\u00e1ctica del domingo y Battaglia los castig\u00f3.<\/p>\n","protected":false},"author":8,"featured_media":79195,"comment_status":"open","ping_status":"open","sticky":false,"template":"","format":"standard","meta":{"fifu_image_url":"","fifu_image_alt":"","footnotes":""},"categories":[13],"tags":[384],"class_list":{"0":"post-79196","1":"post","2":"type-post","3":"status-publish","4":"format-standard","5":"has-post-thumbnail","7":"category-deportes","8":"tag-boca-juniors"},"yoast_head":"<title>Rojo y Benedetto quedaron fuera de la lista de Boca para la Copa Argentina por indisciplina - Informe Litoral<\/title>\n<meta name=\"robots\" content=\"index, follow, max-snippet:-1, max-image-preview:large, max-video-preview:-1\" \/>\n<link rel=\"canonical\" href=\"https:\/\/informelitoral.com.ar\/rojo-y-benedetto-quedaron-fuera-de-la-lista-de-boca-para-la-copa-argentina-por-indisciplina\/\" \/>\n<meta property=\"og:locale\" content=\"es_ES\" \/>\n<meta property=\"og:type\" content=\"article\" \/>\n<meta property=\"og:title\" content=\"Rojo y Benedetto quedaron fuera de la lista de Boca para la Copa Argentina por indisciplina - Informe Litoral\" \/>\n<meta property=\"og:description\" content=\"El \u201cXeneize\u201d se medir\u00e1 el mi\u00e9rcoles ante Ferro, por los 16avos de final del certamen local. Los referentes se ausentaron de la pr\u00e1ctica del domingo y Battaglia los castig\u00f3.\" \/>\n<meta property=\"og:url\" content=\"https:\/\/informelitoral.com.ar\/rojo-y-benedetto-quedaron-fuera-de-la-lista-de-boca-para-la-copa-argentina-por-indisciplina\/\" \/>\n<meta property=\"og:site_name\" content=\"Informe Litoral\" \/>\n<meta property=\"article:publisher\" content=\"https:\/\/www.facebook.com\/informelitoral\/\" \/>\n<meta property=\"article:published_time\" content=\"2022-06-07T12:26:50+00:00\" \/>\n<meta property=\"og:image\" content=\"https:\/\/informelitoral.com.ar\/%77%70%2d%63%6f%6e%74%65%6e%74\/uploads\/2022\/06\/27RZYEIS6U5BAEKZ3S2T7XMDQE.jpg\" \/>\n\t<meta property=\"og:image:width\" content=\"1440\" \/>\n\t<meta property=\"og:image:height\" content=\"952\" \/>\n\t<meta property=\"og:image:type\" content=\"image\/jpeg\" \/>\n<meta name=\"author\" content=\"Sebastian\" \/>\n<meta name=\"twitter:card\" content=\"summary_large_image\" \/>\n<meta name=\"twitter:creator\" content=\"@InformeLitoral\" \/>\n<meta name=\"twitter:site\" content=\"@InformeLitoral\" \/>\n<meta name=\"twitter:label1\" content=\"Escrito por\" \/>\n\t<meta name=\"twitter:data1\" content=\"Sebastian\" \/>\n\t<meta name=\"twitter:label2\" content=\"Tiempo de lectura\" \/>\n\t<meta name=\"twitter:data2\" content=\"2 minutos\" \/>\n<script type=\"application\/ld+json\" class=\"yoast-schema-graph\">{\"@context\":\"https:\\\/\\\/schema.org\",\"@graph\":[{\"@type\":\"Article\",\"@id\":\"https:\\\/\\\/informelitoral.com.ar\\\/rojo-y-benedetto-quedaron-fuera-de-la-lista-de-boca-para-la-copa-argentina-por-indisciplina\\\/#article\",\"isPartOf\":{\"@id\":\"https:\\\/\\\/informelitoral.com.ar\\\/rojo-y-benedetto-quedaron-fuera-de-la-lista-de-boca-para-la-copa-argentina-por-indisciplina\\\/\"},\"author\":{\"name\":\"Sebastian\",\"@id\":\"https:\\\/\\\/informelitoral.com.ar\\\/#\\\/schema\\\/person\\\/f05f9f461677119578717524b127d6d5\"},\"headline\":\"Rojo y Benedetto quedaron fuera de la lista de Boca para la Copa Argentina por indisciplina\",\"datePublished\":\"2022-06-07T12:26:50+00:00\",\"mainEntityOfPage\":{\"@id\":\"https:\\\/\\\/informelitoral.com.ar\\\/rojo-y-benedetto-quedaron-fuera-de-la-lista-de-boca-para-la-copa-argentina-por-indisciplina\\\/\"},\"wordCount\":464,\"commentCount\":0,\"publisher\":{\"@id\":\"https:\\\/\\\/informelitoral.com.ar\\\/#organization\"},\"image\":{\"@id\":\"https:\\\/\\\/informelitoral.com.ar\\\/rojo-y-benedetto-quedaron-fuera-de-la-lista-de-boca-para-la-copa-argentina-por-indisciplina\\\/#primaryimage\"},\"thumbnailUrl\":\"https:\\\/\\\/informelitoral.com.ar\\\/%77%70%2d%63%6f%6e%74%65%6e%74\\\/uploads\\\/2022\\\/06\\\/27RZYEIS6U5BAEKZ3S2T7XMDQE.jpg\",\"keywords\":[\"Boca Juniors\"],\"articleSection\":[\"Deportes\"],\"inLanguage\":\"es\",\"potentialAction\":[{\"@type\":\"CommentAction\",\"name\":\"Comment\",\"target\":[\"https:\\\/\\\/informelitoral.com.ar\\\/rojo-y-benedetto-quedaron-fuera-de-la-lista-de-boca-para-la-copa-argentina-por-indisciplina\\\/#respond\"]}]},{\"@type\":\"WebPage\",\"@id\":\"https:\\\/\\\/informelitoral.com.ar\\\/rojo-y-benedetto-quedaron-fuera-de-la-lista-de-boca-para-la-copa-argentina-por-indisciplina\\\/\",\"url\":\"https:\\\/\\\/informelitoral.com.ar\\\/rojo-y-benedetto-quedaron-fuera-de-la-lista-de-boca-para-la-copa-argentina-por-indisciplina\\\/\",\"name\":\"Rojo y Benedetto quedaron fuera de la lista de Boca para la Copa Argentina por indisciplina - Informe Litoral\",\"isPartOf\":{\"@id\":\"https:\\\/\\\/informelitoral.com.ar\\\/#website\"},\"primaryImageOfPage\":{\"@id\":\"https:\\\/\\\/informelitoral.com.ar\\\/rojo-y-benedetto-quedaron-fuera-de-la-lista-de-boca-para-la-copa-argentina-por-indisciplina\\\/#primaryimage\"},\"image\":{\"@id\":\"https:\\\/\\\/informelitoral.com.ar\\\/rojo-y-benedetto-quedaron-fuera-de-la-lista-de-boca-para-la-copa-argentina-por-indisciplina\\\/#primaryimage\"},\"thumbnailUrl\":\"https:\\\/\\\/informelitoral.com.ar\\\/%77%70%2d%63%6f%6e%74%65%6e%74\\\/uploads\\\/2022\\\/06\\\/27RZYEIS6U5BAEKZ3S2T7XMDQE.jpg\",\"datePublished\":\"2022-06-07T12:26:50+00:00\",\"breadcrumb\":{\"@id\":\"https:\\\/\\\/informelitoral.com.ar\\\/rojo-y-benedetto-quedaron-fuera-de-la-lista-de-boca-para-la-copa-argentina-por-indisciplina\\\/#breadcrumb\"},\"inLanguage\":\"es\",\"potentialAction\":[{\"@type\":\"ReadAction\",\"target\":[\"https:\\\/\\\/informelitoral.com.ar\\\/rojo-y-benedetto-quedaron-fuera-de-la-lista-de-boca-para-la-copa-argentina-por-indisciplina\\\/\"]}]},{\"@type\":\"ImageObject\",\"inLanguage\":\"es\",\"@id\":\"https:\\\/\\\/informelitoral.com.ar\\\/rojo-y-benedetto-quedaron-fuera-de-la-lista-de-boca-para-la-copa-argentina-por-indisciplina\\\/#primaryimage\",\"url\":\"https:\\\/\\\/informelitoral.com.ar\\\/%77%70%2d%63%6f%6e%74%65%6e%74\\\/uploads\\\/2022\\\/06\\\/27RZYEIS6U5BAEKZ3S2T7XMDQE.jpg\",\"contentUrl\":\"https:\\\/\\\/informelitoral.com.ar\\\/%77%70%2d%63%6f%6e%74%65%6e%74\\\/uploads\\\/2022\\\/06\\\/27RZYEIS6U5BAEKZ3S2T7XMDQE.jpg\",\"width\":1440,\"height\":952},{\"@type\":\"BreadcrumbList\",\"@id\":\"https:\\\/\\\/informelitoral.com.ar\\\/rojo-y-benedetto-quedaron-fuera-de-la-lista-de-boca-para-la-copa-argentina-por-indisciplina\\\/#breadcrumb\",\"itemListElement\":[{\"@type\":\"ListItem\",\"position\":1,\"name\":\"Portada\",\"item\":\"https:\\\/\\\/informelitoral.com.ar\\\/\"},{\"@type\":\"ListItem\",\"position\":2,\"name\":\"Rojo y Benedetto quedaron fuera de la lista de Boca para la Copa Argentina por indisciplina\"}]},{\"@type\":\"WebSite\",\"@id\":\"https:\\\/\\\/informelitoral.com.ar\\\/#website\",\"url\":\"https:\\\/\\\/informelitoral.com.ar\\\/\",\"name\":\"Informe Litoral\",\"description\":\"&quot;Nos informamos&quot; \",\"publisher\":{\"@id\":\"https:\\\/\\\/informelitoral.com.ar\\\/#organization\"},\"potentialAction\":[{\"@type\":\"SearchAction\",\"target\":{\"@type\":\"EntryPoint\",\"urlTemplate\":\"https:\\\/\\\/informelitoral.com.ar\\\/?s={search_term_string}\"},\"query-input\":{\"@type\":\"PropertyValueSpecification\",\"valueRequired\":true,\"valueName\":\"search_term_string\"}}],\"inLanguage\":\"es\"},{\"@type\":\"Organization\",\"@id\":\"https:\\\/\\\/informelitoral.com.ar\\\/#organization\",\"name\":\"Informe Litoral\",\"url\":\"https:\\\/\\\/informelitoral.com.ar\\\/\",\"logo\":{\"@type\":\"ImageObject\",\"inLanguage\":\"es\",\"@id\":\"https:\\\/\\\/informelitoral.com.ar\\\/#\\\/schema\\\/logo\\\/image\\\/\",\"url\":\"https:\\\/\\\/informelitoral.com.ar\\\/%77%70%2d%63%6f%6e%74%65%6e%74\\\/uploads\\\/2021\\\/01\\\/circulo.png\",\"contentUrl\":\"https:\\\/\\\/informelitoral.com.ar\\\/%77%70%2d%63%6f%6e%74%65%6e%74\\\/uploads\\\/2021\\\/01\\\/circulo.png\",\"width\":723,\"height\":731,\"caption\":\"Informe Litoral\"},\"image\":{\"@id\":\"https:\\\/\\\/informelitoral.com.ar\\\/#\\\/schema\\\/logo\\\/image\\\/\"},\"sameAs\":[\"https:\\\/\\\/www.facebook.com\\\/informelitoral\\\/\",\"https:\\\/\\\/x.com\\\/InformeLitoral\",\"https:\\\/\\\/www.instagram.com\\\/informelitoral\\\/\",\"https:\\\/\\\/www.youtube.com\\\/channel\\\/UCua4Qvz8Icb6MYqhoq9xLXw\"]},{\"@type\":\"Person\",\"@id\":\"https:\\\/\\\/informelitoral.com.ar\\\/#\\\/schema\\\/person\\\/f05f9f461677119578717524b127d6d5\",\"name\":\"Sebastian\",\"image\":{\"@type\":\"ImageObject\",\"inLanguage\":\"es\",\"@id\":\"https:\\\/\\\/secure.gravatar.com\\\/avatar\\\/b71bf7481d447dfb9583c7f2798e7cc64de6efb9067b74633ed8c31059a3bd82?s=96&d=mm&r=g\",\"url\":\"https:\\\/\\\/secure.gravatar.com\\\/avatar\\\/b71bf7481d447dfb9583c7f2798e7cc64de6efb9067b74633ed8c31059a3bd82?s=96&d=mm&r=g\",\"contentUrl\":\"https:\\\/\\\/secure.gravatar.com\\\/avatar\\\/b71bf7481d447dfb9583c7f2798e7cc64de6efb9067b74633ed8c31059a3bd82?s=96&d=mm&r=g\",\"caption\":\"Sebastian\"},\"url\":\"https:\\\/\\\/informelitoral.com.ar\\\/author\\\/sebastian\\\/\"}]}<\/script>","yoast_head_json":{"title":"Rojo y Benedetto quedaron fuera de la lista de Boca para la Copa Argentina por indisciplina - Informe Litoral","robots":{"index":"index","follow":"follow","max-snippet":"max-snippet:-1","max-image-preview":"max-image-preview:large","max-video-preview":"max-video-preview:-1"},"canonical":"https:\/\/informelitoral.com.ar\/rojo-y-benedetto-quedaron-fuera-de-la-lista-de-boca-para-la-copa-argentina-por-indisciplina\/","og_locale":"es_ES","og_type":"article","og_title":"Rojo y Benedetto quedaron fuera de la lista de Boca para la Copa Argentina por indisciplina - Informe Litoral","og_description":"El \u201cXeneize\u201d se medir\u00e1 el mi\u00e9rcoles ante Ferro, por los 16avos de final del certamen local. Los referentes se ausentaron de la pr\u00e1ctica del domingo y Battaglia los castig\u00f3.","og_url":"https:\/\/informelitoral.com.ar\/rojo-y-benedetto-quedaron-fuera-de-la-lista-de-boca-para-la-copa-argentina-por-indisciplina\/","og_site_name":"Informe Litoral","article_publisher":"https:\/\/www.facebook.com\/informelitoral\/","article_published_time":"2022-06-07T12:26:50+00:00","og_image":[{"width":1440,"height":952,"url":"https:\/\/informelitoral.com.ar\/%77%70%2d%63%6f%6e%74%65%6e%74\/uploads\/2022\/06\/27RZYEIS6U5BAEKZ3S2T7XMDQE.jpg","type":"image\/jpeg"}],"author":"Sebastian","twitter_card":"summary_large_image","twitter_creator":"@InformeLitoral","twitter_site":"@InformeLitoral","twitter_misc":{"Escrito por":"Sebastian","Tiempo de lectura":"2 minutos"},"schema":{"@context":"https:\/\/schema.org","@graph":[{"@type":"Article","@id":"https:\/\/informelitoral.com.ar\/rojo-y-benedetto-quedaron-fuera-de-la-lista-de-boca-para-la-copa-argentina-por-indisciplina\/#article","isPartOf":{"@id":"https:\/\/informelitoral.com.ar\/rojo-y-benedetto-quedaron-fuera-de-la-lista-de-boca-para-la-copa-argentina-por-indisciplina\/"},"author":{"name":"Sebastian","@id":"https:\/\/informelitoral.com.ar\/#\/schema\/person\/f05f9f461677119578717524b127d6d5"},"headline":"Rojo y Benedetto quedaron fuera de la lista de Boca para la Copa Argentina por indisciplina","datePublished":"2022-06-07T12:26:50+00:00","mainEntityOfPage":{"@id":"https:\/\/informelitoral.com.ar\/rojo-y-benedetto-quedaron-fuera-de-la-lista-de-boca-para-la-copa-argentina-por-indisciplina\/"},"wordCount":464,"commentCount":0,"publisher":{"@id":"https:\/\/informelitoral.com.ar\/#organization"},"image":{"@id":"https:\/\/informelitoral.com.ar\/rojo-y-benedetto-quedaron-fuera-de-la-lista-de-boca-para-la-copa-argentina-por-indisciplina\/#primaryimage"},"thumbnailUrl":"https:\/\/informelitoral.com.ar\/%77%70%2d%63%6f%6e%74%65%6e%74\/uploads\/2022\/06\/27RZYEIS6U5BAEKZ3S2T7XMDQE.jpg","keywords":["Boca Juniors"],"articleSection":["Deportes"],"inLanguage":"es","potentialAction":[{"@type":"CommentAction","name":"Comment","target":["https:\/\/informelitoral.com.ar\/rojo-y-benedetto-quedaron-fuera-de-la-lista-de-boca-para-la-copa-argentina-por-indisciplina\/#respond"]}]},{"@type":"WebPage","@id":"https:\/\/informelitoral.com.ar\/rojo-y-benedetto-quedaron-fuera-de-la-lista-de-boca-para-la-copa-argentina-por-indisciplina\/","url":"https:\/\/informelitoral.com.ar\/rojo-y-benedetto-quedaron-fuera-de-la-lista-de-boca-para-la-copa-argentina-por-indisciplina\/","name":"Rojo y Benedetto quedaron fuera de la lista de Boca para la Copa Argentina por indisciplina - Informe Litoral","isPartOf":{"@id":"https:\/\/informelitoral.com.ar\/#website"},"primaryImageOfPage":{"@id":"https:\/\/informelitoral.com.ar\/rojo-y-benedetto-quedaron-fuera-de-la-lista-de-boca-para-la-copa-argentina-por-indisciplina\/#primaryimage"},"image":{"@id":"https:\/\/informelitoral.com.ar\/rojo-y-benedetto-quedaron-fuera-de-la-lista-de-boca-para-la-copa-argentina-por-indisciplina\/#primaryimage"},"thumbnailUrl":"https:\/\/informelitoral.com.ar\/%77%70%2d%63%6f%6e%74%65%6e%74\/uploads\/2022\/06\/27RZYEIS6U5BAEKZ3S2T7XMDQE.jpg","datePublished":"2022-06-07T12:26:50+00:00","breadcrumb":{"@id":"https:\/\/informelitoral.com.ar\/rojo-y-benedetto-quedaron-fuera-de-la-lista-de-boca-para-la-copa-argentina-por-indisciplina\/#breadcrumb"},"inLanguage":"es","potentialAction":[{"@type":"ReadAction","target":["https:\/\/informelitoral.com.ar\/rojo-y-benedetto-quedaron-fuera-de-la-lista-de-boca-para-la-copa-argentina-por-indisciplina\/"]}]},{"@type":"ImageObject","inLanguage":"es","@id":"https:\/\/informelitoral.com.ar\/rojo-y-benedetto-quedaron-fuera-de-la-lista-de-boca-para-la-copa-argentina-por-indisciplina\/#primaryimage","url":"https:\/\/informelitoral.com.ar\/%77%70%2d%63%6f%6e%74%65%6e%74\/uploads\/2022\/06\/27RZYEIS6U5BAEKZ3S2T7XMDQE.jpg","contentUrl":"https:\/\/informelitoral.com.ar\/%77%70%2d%63%6f%6e%74%65%6e%74\/uploads\/2022\/06\/27RZYEIS6U5BAEKZ3S2T7XMDQE.jpg","width":1440,"height":952},{"@type":"BreadcrumbList","@id":"https:\/\/informelitoral.com.ar\/rojo-y-benedetto-quedaron-fuera-de-la-lista-de-boca-para-la-copa-argentina-por-indisciplina\/#breadcrumb","itemListElement":[{"@type":"ListItem","position":1,"name":"Portada","item":"https:\/\/informelitoral.com.ar\/"},{"@type":"ListItem","position":2,"name":"Rojo y Benedetto quedaron fuera de la lista de Boca para la Copa Argentina por indisciplina"}]},{"@type":"WebSite","@id":"https:\/\/informelitoral.com.ar\/#website","url":"https:\/\/informelitoral.com.ar\/","name":"Informe Litoral","description":"&quot;Nos informamos&quot; ","publisher":{"@id":"https:\/\/informelitoral.com.ar\/#organization"},"potentialAction":[{"@type":"SearchAction","target":{"@type":"EntryPoint","urlTemplate":"https:\/\/informelitoral.com.ar\/?s={search_term_string}"},"query-input":{"@type":"PropertyValueSpecification","valueRequired":true,"valueName":"search_term_string"}}],"inLanguage":"es"},{"@type":"Organization","@id":"https:\/\/informelitoral.com.ar\/#organization","name":"Informe Litoral","url":"https:\/\/informelitoral.com.ar\/","logo":{"@type":"ImageObject","inLanguage":"es","@id":"https:\/\/informelitoral.com.ar\/#\/schema\/logo\/image\/","url":"https:\/\/informelitoral.com.ar\/%77%70%2d%63%6f%6e%74%65%6e%74\/uploads\/2021\/01\/circulo.png","contentUrl":"https:\/\/informelitoral.com.ar\/%77%70%2d%63%6f%6e%74%65%6e%74\/uploads\/2021\/01\/circulo.png","width":723,"height":731,"caption":"Informe Litoral"},"image":{"@id":"https:\/\/informelitoral.com.ar\/#\/schema\/logo\/image\/"},"sameAs":["https:\/\/www.facebook.com\/informelitoral\/","https:\/\/x.com\/InformeLitoral","https:\/\/www.instagram.com\/informelitoral\/","https:\/\/www.youtube.com\/channel\/UCua4Qvz8Icb6MYqhoq9xLXw"]},{"@type":"Person","@id":"https:\/\/informelitoral.com.ar\/#\/schema\/person\/f05f9f461677119578717524b127d6d5","name":"Sebastian","image":{"@type":"ImageObject","inLanguage":"es","@id":"https:\/\/secure.gravatar.com\/avatar\/b71bf7481d447dfb9583c7f2798e7cc64de6efb9067b74633ed8c31059a3bd82?s=96&d=mm&r=g","url":"https:\/\/secure.gravatar.com\/avatar\/b71bf7481d447dfb9583c7f2798e7cc64de6efb9067b74633ed8c31059a3bd82?s=96&d=mm&r=g","contentUrl":"https:\/\/secure.gravatar.com\/avatar\/b71bf7481d447dfb9583c7f2798e7cc64de6efb9067b74633ed8c31059a3bd82?s=96&d=mm&r=g","caption":"Sebastian"},"url":"https:\/\/informelitoral.com.ar\/author\/sebastian\/"}]}},"_links":{"self":[{"href":"https:\/\/informelitoral.com.ar\/%77%70%2d%6a%73%6f%6e\/wp\/v2\/posts\/79196","targetHints":{"allow":["GET"]}}],"collection":[{"href":"https:\/\/informelitoral.com.ar\/%77%70%2d%6a%73%6f%6e\/wp\/v2\/posts"}],"about":[{"href":"https:\/\/informelitoral.com.ar\/%77%70%2d%6a%73%6f%6e\/wp\/v2\/types\/post"}],"author":[{"embeddable":true,"href":"https:\/\/informelitoral.com.ar\/%77%70%2d%6a%73%6f%6e\/wp\/v2\/users\/8"}],"replies":[{"embeddable":true,"href":"https:\/\/informelitoral.com.ar\/%77%70%2d%6a%73%6f%6e\/wp\/v2\/comments?post=79196"}],"version-history":[{"count":0,"href":"https:\/\/informelitoral.com.ar\/%77%70%2d%6a%73%6f%6e\/wp\/v2\/posts\/79196\/revisions"}],"wp:featuredmedia":[{"embeddable":true,"href":"https:\/\/informelitoral.com.ar\/%77%70%2d%6a%73%6f%6e\/wp\/v2\/media\/79195"}],"wp:attachment":[{"href":"https:\/\/informelitoral.com.ar\/%77%70%2d%6a%73%6f%6e\/wp\/v2\/media?parent=79196"}],"wp:term":[{"taxonomy":"category","embeddable":true,"href":"https:\/\/informelitoral.com.ar\/%77%70%2d%6a%73%6f%6e\/wp\/v2\/categories?post=79196"},{"taxonomy":"post_tag","embeddable":true,"href":"https:\/\/informelitoral.com.ar\/%77%70%2d%6a%73%6f%6e\/wp\/v2\/tags?post=79196"}],"curies":[{"name":"wp","href":"https:\/\/api.w.org\/{rel}","templated":true}]}}