{"id":79186,"date":"2022-06-07T08:51:16","date_gmt":"2022-06-07T11:51:16","guid":{"rendered":"https:\/\/www.informelitoral.com.ar\/?p=79186"},"modified":"2022-06-07T08:51:16","modified_gmt":"2022-06-07T11:51:16","slug":"oficializaron-la-suba-del-minimo-no-imponible-del-impuesto-a-las-ganancias","status":"publish","type":"post","link":"https:\/\/informelitoral.com.ar\/oficializaron-la-suba-del-minimo-no-imponible-del-impuesto-a-las-ganancias\/","title":{"rendered":"Oficializaron la suba del m\u00ednimo no imponible del Impuesto a las Ganancias"},"content":{"rendered":"<p>El Gobierno estableci\u00f3 el nuevo piso del Impuesto a las Ganancias, que desde junio es de $280.792. La medida se hizo efectiva a partir de la publicaci\u00f3n en el Bolet\u00edn Oficial de Decreto 298\/2022.<\/p>\n<p>Con la firma del presidente Alberto Fern\u00e1ndez, del jefe de gabinete, Juan Manzur y del propio titular del Palacio de Hacienda, las autoridades nacionales informaron que ese ser\u00e1 el l\u00edmite a partir del cual quedar\u00e1n alcanzado por este gravamen los salarios brutos durante el actual periodo fiscal.<\/p>\n<p>Adem\u00e1s, se aclar\u00f3 que \u201cpara el caso de las rentas mencionadas en los incisos a), b) y c) del art\u00edculo 82 de la ley\u201d, quienes no superen ese monto mensual \u201cdeber\u00e1n adicionar a la deducci\u00f3n del apartado 2 del inciso c) del art\u00edculo 30 de la citada norma legal, un monto equivalente al que surja de restar a la ganancia neta las deducciones de los incisos a), b) y c) del citado art\u00edculo 30, de manera tal que ser\u00e1 igual al importe que -una vez computada- determine que la ganancia neta sujeta a impuesto sea igual a cero\u201d.<\/p>\n<p>En tanto, quienes excedan esa cifra pero no lleguen a una remuneraci\u00f3n o haber mayor de $324.182, inclusive, la Administraci\u00f3n Federal de Ingresos P\u00fablicos (AFIP) \u201cser\u00e1 la encargada de establecer el monto deducible adicional pertinente, conforme lo prev\u00e9 la segunda parte del ante\u00faltimo p\u00e1rrafo del inciso c) del art\u00edculo 30 de la ley del impuesto\u201d.<\/p>\n<p>Asimismo, se anticip\u00f3 que el organismo conducido por Mercedes Marc\u00f3 del Pont \u201cadecuar\u00e1 las disposiciones referidas al r\u00e9gimen de retenci\u00f3n aplicable, en virtud de las modificaciones introducidas\u201d a partir del incremento del m\u00ednimo no imponible de Ganancias.<\/p>\n<p>Por \u00faltimo, se ratific\u00f3 que \u201clas disposiciones del presente decreto entrar\u00e1n en vigencia el d\u00eda de su publicaci\u00f3n en el Bolet\u00edn Oficial y resultar\u00e1n de aplicaci\u00f3n para las remuneraciones y\/o haberes brutos mensuales devengados a partir del 1\u00b0 de junio de 2022, inclusive\u201d.<\/p>\n<p>En los considerandos del Decreto publicado este martes, el Gobierno se\u00f1al\u00f3 que resultaba \u201cnecesario anticipar parcialmente, y hasta su completa aplicaci\u00f3n, la actualizaci\u00f3n anual\u201d de los m\u00ednimos no imponibles de este gravamen, con el objetivo de \u201cevitar que la carga tributaria neutralice los beneficios vigentes y en consonancia con \u201cla correspondiente pol\u00edtica salarial\u201d.<\/p>\n","protected":false},"excerpt":{"rendered":"<p>Las disposiciones del Decreto 298\/2022 publicado en el Bolet\u00edn Oficial \u201cresultar\u00e1n de aplicaci\u00f3n para las remuneraciones y\/o haberes brutos mensuales devengados a partir del 1\u00b0 de junio de 2022, inclusive\u201d.<\/p>\n","protected":false},"author":8,"featured_media":49380,"comment_status":"open","ping_status":"open","sticky":false,"template":"","format":"standard","meta":{"fifu_image_url":"","fifu_image_alt":"","footnotes":""},"categories":[1594],"tags":[158,2247],"class_list":{"0":"post-79186","1":"post","2":"type-post","3":"status-publish","4":"format-standard","5":"has-post-thumbnail","7":"category-economia","8":"tag-afip","9":"tag-impuesto-a-las-ganancias"},"yoast_head":"<title>Oficializaron la suba del m\u00ednimo no imponible del Impuesto a las Ganancias - Informe Litoral<\/title>\n<meta name=\"robots\" content=\"index, follow, max-snippet:-1, max-image-preview:large, max-video-preview:-1\" \/>\n<link rel=\"canonical\" href=\"https:\/\/informelitoral.com.ar\/oficializaron-la-suba-del-minimo-no-imponible-del-impuesto-a-las-ganancias\/\" \/>\n<meta property=\"og:locale\" content=\"es_ES\" \/>\n<meta property=\"og:type\" content=\"article\" \/>\n<meta property=\"og:title\" content=\"Oficializaron la suba del m\u00ednimo no imponible del Impuesto a las Ganancias - Informe Litoral\" \/>\n<meta property=\"og:description\" content=\"Las disposiciones del Decreto 298\/2022 publicado en el Bolet\u00edn Oficial \u201cresultar\u00e1n de aplicaci\u00f3n para las remuneraciones y\/o haberes brutos mensuales devengados a partir del 1\u00b0 de junio de 2022, inclusive\u201d.\" \/>\n<meta property=\"og:url\" content=\"https:\/\/informelitoral.com.ar\/oficializaron-la-suba-del-minimo-no-imponible-del-impuesto-a-las-ganancias\/\" \/>\n<meta property=\"og:site_name\" content=\"Informe Litoral\" \/>\n<meta property=\"article:publisher\" content=\"https:\/\/www.facebook.com\/informelitoral\/\" \/>\n<meta property=\"article:published_time\" content=\"2022-06-07T11:51:16+00:00\" \/>\n<meta property=\"og:image\" content=\"https:\/\/informelitoral.com.ar\/%77%70%2d%63%6f%6e%74%65%6e%74\/uploads\/2020\/09\/Afip.jpg\" \/>\n\t<meta property=\"og:image:width\" content=\"1330\" \/>\n\t<meta property=\"og:image:height\" content=\"880\" \/>\n\t<meta property=\"og:image:type\" content=\"image\/jpeg\" \/>\n<meta name=\"author\" content=\"Sebastian\" \/>\n<meta name=\"twitter:card\" content=\"summary_large_image\" \/>\n<meta name=\"twitter:creator\" content=\"@InformeLitoral\" \/>\n<meta name=\"twitter:site\" content=\"@InformeLitoral\" \/>\n<meta name=\"twitter:label1\" content=\"Escrito por\" \/>\n\t<meta name=\"twitter:data1\" content=\"Sebastian\" \/>\n\t<meta name=\"twitter:label2\" content=\"Tiempo de lectura\" \/>\n\t<meta name=\"twitter:data2\" content=\"2 minutos\" \/>\n<script type=\"application\/ld+json\" class=\"yoast-schema-graph\">{\"@context\":\"https:\\\/\\\/schema.org\",\"@graph\":[{\"@type\":\"Article\",\"@id\":\"https:\\\/\\\/informelitoral.com.ar\\\/oficializaron-la-suba-del-minimo-no-imponible-del-impuesto-a-las-ganancias\\\/#article\",\"isPartOf\":{\"@id\":\"https:\\\/\\\/informelitoral.com.ar\\\/oficializaron-la-suba-del-minimo-no-imponible-del-impuesto-a-las-ganancias\\\/\"},\"author\":{\"name\":\"Sebastian\",\"@id\":\"https:\\\/\\\/informelitoral.com.ar\\\/#\\\/schema\\\/person\\\/f05f9f461677119578717524b127d6d5\"},\"headline\":\"Oficializaron la suba del m\u00ednimo no imponible del Impuesto a las Ganancias\",\"datePublished\":\"2022-06-07T11:51:16+00:00\",\"mainEntityOfPage\":{\"@id\":\"https:\\\/\\\/informelitoral.com.ar\\\/oficializaron-la-suba-del-minimo-no-imponible-del-impuesto-a-las-ganancias\\\/\"},\"wordCount\":402,\"commentCount\":0,\"publisher\":{\"@id\":\"https:\\\/\\\/informelitoral.com.ar\\\/#organization\"},\"image\":{\"@id\":\"https:\\\/\\\/informelitoral.com.ar\\\/oficializaron-la-suba-del-minimo-no-imponible-del-impuesto-a-las-ganancias\\\/#primaryimage\"},\"thumbnailUrl\":\"https:\\\/\\\/informelitoral.com.ar\\\/%77%70%2d%63%6f%6e%74%65%6e%74\\\/uploads\\\/2020\\\/09\\\/Afip.jpg\",\"keywords\":[\"AFIP\",\"Impuesto a las Ganancias\"],\"articleSection\":[\"Econom\u00eda\"],\"inLanguage\":\"es\",\"potentialAction\":[{\"@type\":\"CommentAction\",\"name\":\"Comment\",\"target\":[\"https:\\\/\\\/informelitoral.com.ar\\\/oficializaron-la-suba-del-minimo-no-imponible-del-impuesto-a-las-ganancias\\\/#respond\"]}]},{\"@type\":\"WebPage\",\"@id\":\"https:\\\/\\\/informelitoral.com.ar\\\/oficializaron-la-suba-del-minimo-no-imponible-del-impuesto-a-las-ganancias\\\/\",\"url\":\"https:\\\/\\\/informelitoral.com.ar\\\/oficializaron-la-suba-del-minimo-no-imponible-del-impuesto-a-las-ganancias\\\/\",\"name\":\"Oficializaron la suba del m\u00ednimo no imponible del Impuesto a las Ganancias - Informe Litoral\",\"isPartOf\":{\"@id\":\"https:\\\/\\\/informelitoral.com.ar\\\/#website\"},\"primaryImageOfPage\":{\"@id\":\"https:\\\/\\\/informelitoral.com.ar\\\/oficializaron-la-suba-del-minimo-no-imponible-del-impuesto-a-las-ganancias\\\/#primaryimage\"},\"image\":{\"@id\":\"https:\\\/\\\/informelitoral.com.ar\\\/oficializaron-la-suba-del-minimo-no-imponible-del-impuesto-a-las-ganancias\\\/#primaryimage\"},\"thumbnailUrl\":\"https:\\\/\\\/informelitoral.com.ar\\\/%77%70%2d%63%6f%6e%74%65%6e%74\\\/uploads\\\/2020\\\/09\\\/Afip.jpg\",\"datePublished\":\"2022-06-07T11:51:16+00:00\",\"breadcrumb\":{\"@id\":\"https:\\\/\\\/informelitoral.com.ar\\\/oficializaron-la-suba-del-minimo-no-imponible-del-impuesto-a-las-ganancias\\\/#breadcrumb\"},\"inLanguage\":\"es\",\"potentialAction\":[{\"@type\":\"ReadAction\",\"target\":[\"https:\\\/\\\/informelitoral.com.ar\\\/oficializaron-la-suba-del-minimo-no-imponible-del-impuesto-a-las-ganancias\\\/\"]}]},{\"@type\":\"ImageObject\",\"inLanguage\":\"es\",\"@id\":\"https:\\\/\\\/informelitoral.com.ar\\\/oficializaron-la-suba-del-minimo-no-imponible-del-impuesto-a-las-ganancias\\\/#primaryimage\",\"url\":\"https:\\\/\\\/informelitoral.com.ar\\\/%77%70%2d%63%6f%6e%74%65%6e%74\\\/uploads\\\/2020\\\/09\\\/Afip.jpg\",\"contentUrl\":\"https:\\\/\\\/informelitoral.com.ar\\\/%77%70%2d%63%6f%6e%74%65%6e%74\\\/uploads\\\/2020\\\/09\\\/Afip.jpg\",\"width\":1330,\"height\":880},{\"@type\":\"BreadcrumbList\",\"@id\":\"https:\\\/\\\/informelitoral.com.ar\\\/oficializaron-la-suba-del-minimo-no-imponible-del-impuesto-a-las-ganancias\\\/#breadcrumb\",\"itemListElement\":[{\"@type\":\"ListItem\",\"position\":1,\"name\":\"Portada\",\"item\":\"https:\\\/\\\/informelitoral.com.ar\\\/\"},{\"@type\":\"ListItem\",\"position\":2,\"name\":\"Oficializaron la suba del m\u00ednimo no imponible del Impuesto a las Ganancias\"}]},{\"@type\":\"WebSite\",\"@id\":\"https:\\\/\\\/informelitoral.com.ar\\\/#website\",\"url\":\"https:\\\/\\\/informelitoral.com.ar\\\/\",\"name\":\"Informe Litoral\",\"description\":\"&quot;Nos informamos&quot; \",\"publisher\":{\"@id\":\"https:\\\/\\\/informelitoral.com.ar\\\/#organization\"},\"potentialAction\":[{\"@type\":\"SearchAction\",\"target\":{\"@type\":\"EntryPoint\",\"urlTemplate\":\"https:\\\/\\\/informelitoral.com.ar\\\/?s={search_term_string}\"},\"query-input\":{\"@type\":\"PropertyValueSpecification\",\"valueRequired\":true,\"valueName\":\"search_term_string\"}}],\"inLanguage\":\"es\"},{\"@type\":\"Organization\",\"@id\":\"https:\\\/\\\/informelitoral.com.ar\\\/#organization\",\"name\":\"Informe Litoral\",\"url\":\"https:\\\/\\\/informelitoral.com.ar\\\/\",\"logo\":{\"@type\":\"ImageObject\",\"inLanguage\":\"es\",\"@id\":\"https:\\\/\\\/informelitoral.com.ar\\\/#\\\/schema\\\/logo\\\/image\\\/\",\"url\":\"https:\\\/\\\/informelitoral.com.ar\\\/%77%70%2d%63%6f%6e%74%65%6e%74\\\/uploads\\\/2021\\\/01\\\/circulo.png\",\"contentUrl\":\"https:\\\/\\\/informelitoral.com.ar\\\/%77%70%2d%63%6f%6e%74%65%6e%74\\\/uploads\\\/2021\\\/01\\\/circulo.png\",\"width\":723,\"height\":731,\"caption\":\"Informe Litoral\"},\"image\":{\"@id\":\"https:\\\/\\\/informelitoral.com.ar\\\/#\\\/schema\\\/logo\\\/image\\\/\"},\"sameAs\":[\"https:\\\/\\\/www.facebook.com\\\/informelitoral\\\/\",\"https:\\\/\\\/x.com\\\/InformeLitoral\",\"https:\\\/\\\/www.instagram.com\\\/informelitoral\\\/\",\"https:\\\/\\\/www.youtube.com\\\/channel\\\/UCua4Qvz8Icb6MYqhoq9xLXw\"]},{\"@type\":\"Person\",\"@id\":\"https:\\\/\\\/informelitoral.com.ar\\\/#\\\/schema\\\/person\\\/f05f9f461677119578717524b127d6d5\",\"name\":\"Sebastian\",\"image\":{\"@type\":\"ImageObject\",\"inLanguage\":\"es\",\"@id\":\"https:\\\/\\\/secure.gravatar.com\\\/avatar\\\/b71bf7481d447dfb9583c7f2798e7cc64de6efb9067b74633ed8c31059a3bd82?s=96&d=mm&r=g\",\"url\":\"https:\\\/\\\/secure.gravatar.com\\\/avatar\\\/b71bf7481d447dfb9583c7f2798e7cc64de6efb9067b74633ed8c31059a3bd82?s=96&d=mm&r=g\",\"contentUrl\":\"https:\\\/\\\/secure.gravatar.com\\\/avatar\\\/b71bf7481d447dfb9583c7f2798e7cc64de6efb9067b74633ed8c31059a3bd82?s=96&d=mm&r=g\",\"caption\":\"Sebastian\"},\"url\":\"https:\\\/\\\/informelitoral.com.ar\\\/author\\\/sebastian\\\/\"}]}<\/script>","yoast_head_json":{"title":"Oficializaron la suba del m\u00ednimo no imponible del Impuesto a las Ganancias - Informe Litoral","robots":{"index":"index","follow":"follow","max-snippet":"max-snippet:-1","max-image-preview":"max-image-preview:large","max-video-preview":"max-video-preview:-1"},"canonical":"https:\/\/informelitoral.com.ar\/oficializaron-la-suba-del-minimo-no-imponible-del-impuesto-a-las-ganancias\/","og_locale":"es_ES","og_type":"article","og_title":"Oficializaron la suba del m\u00ednimo no imponible del Impuesto a las Ganancias - Informe Litoral","og_description":"Las disposiciones del Decreto 298\/2022 publicado en el Bolet\u00edn Oficial \u201cresultar\u00e1n de aplicaci\u00f3n para las remuneraciones y\/o haberes brutos mensuales devengados a partir del 1\u00b0 de junio de 2022, inclusive\u201d.","og_url":"https:\/\/informelitoral.com.ar\/oficializaron-la-suba-del-minimo-no-imponible-del-impuesto-a-las-ganancias\/","og_site_name":"Informe Litoral","article_publisher":"https:\/\/www.facebook.com\/informelitoral\/","article_published_time":"2022-06-07T11:51:16+00:00","og_image":[{"width":1330,"height":880,"url":"https:\/\/informelitoral.com.ar\/%77%70%2d%63%6f%6e%74%65%6e%74\/uploads\/2020\/09\/Afip.jpg","type":"image\/jpeg"}],"author":"Sebastian","twitter_card":"summary_large_image","twitter_creator":"@InformeLitoral","twitter_site":"@InformeLitoral","twitter_misc":{"Escrito por":"Sebastian","Tiempo de lectura":"2 minutos"},"schema":{"@context":"https:\/\/schema.org","@graph":[{"@type":"Article","@id":"https:\/\/informelitoral.com.ar\/oficializaron-la-suba-del-minimo-no-imponible-del-impuesto-a-las-ganancias\/#article","isPartOf":{"@id":"https:\/\/informelitoral.com.ar\/oficializaron-la-suba-del-minimo-no-imponible-del-impuesto-a-las-ganancias\/"},"author":{"name":"Sebastian","@id":"https:\/\/informelitoral.com.ar\/#\/schema\/person\/f05f9f461677119578717524b127d6d5"},"headline":"Oficializaron la suba del m\u00ednimo no imponible del Impuesto a las Ganancias","datePublished":"2022-06-07T11:51:16+00:00","mainEntityOfPage":{"@id":"https:\/\/informelitoral.com.ar\/oficializaron-la-suba-del-minimo-no-imponible-del-impuesto-a-las-ganancias\/"},"wordCount":402,"commentCount":0,"publisher":{"@id":"https:\/\/informelitoral.com.ar\/#organization"},"image":{"@id":"https:\/\/informelitoral.com.ar\/oficializaron-la-suba-del-minimo-no-imponible-del-impuesto-a-las-ganancias\/#primaryimage"},"thumbnailUrl":"https:\/\/informelitoral.com.ar\/%77%70%2d%63%6f%6e%74%65%6e%74\/uploads\/2020\/09\/Afip.jpg","keywords":["AFIP","Impuesto a las Ganancias"],"articleSection":["Econom\u00eda"],"inLanguage":"es","potentialAction":[{"@type":"CommentAction","name":"Comment","target":["https:\/\/informelitoral.com.ar\/oficializaron-la-suba-del-minimo-no-imponible-del-impuesto-a-las-ganancias\/#respond"]}]},{"@type":"WebPage","@id":"https:\/\/informelitoral.com.ar\/oficializaron-la-suba-del-minimo-no-imponible-del-impuesto-a-las-ganancias\/","url":"https:\/\/informelitoral.com.ar\/oficializaron-la-suba-del-minimo-no-imponible-del-impuesto-a-las-ganancias\/","name":"Oficializaron la suba del m\u00ednimo no imponible del Impuesto a las Ganancias - Informe Litoral","isPartOf":{"@id":"https:\/\/informelitoral.com.ar\/#website"},"primaryImageOfPage":{"@id":"https:\/\/informelitoral.com.ar\/oficializaron-la-suba-del-minimo-no-imponible-del-impuesto-a-las-ganancias\/#primaryimage"},"image":{"@id":"https:\/\/informelitoral.com.ar\/oficializaron-la-suba-del-minimo-no-imponible-del-impuesto-a-las-ganancias\/#primaryimage"},"thumbnailUrl":"https:\/\/informelitoral.com.ar\/%77%70%2d%63%6f%6e%74%65%6e%74\/uploads\/2020\/09\/Afip.jpg","datePublished":"2022-06-07T11:51:16+00:00","breadcrumb":{"@id":"https:\/\/informelitoral.com.ar\/oficializaron-la-suba-del-minimo-no-imponible-del-impuesto-a-las-ganancias\/#breadcrumb"},"inLanguage":"es","potentialAction":[{"@type":"ReadAction","target":["https:\/\/informelitoral.com.ar\/oficializaron-la-suba-del-minimo-no-imponible-del-impuesto-a-las-ganancias\/"]}]},{"@type":"ImageObject","inLanguage":"es","@id":"https:\/\/informelitoral.com.ar\/oficializaron-la-suba-del-minimo-no-imponible-del-impuesto-a-las-ganancias\/#primaryimage","url":"https:\/\/informelitoral.com.ar\/%77%70%2d%63%6f%6e%74%65%6e%74\/uploads\/2020\/09\/Afip.jpg","contentUrl":"https:\/\/informelitoral.com.ar\/%77%70%2d%63%6f%6e%74%65%6e%74\/uploads\/2020\/09\/Afip.jpg","width":1330,"height":880},{"@type":"BreadcrumbList","@id":"https:\/\/informelitoral.com.ar\/oficializaron-la-suba-del-minimo-no-imponible-del-impuesto-a-las-ganancias\/#breadcrumb","itemListElement":[{"@type":"ListItem","position":1,"name":"Portada","item":"https:\/\/informelitoral.com.ar\/"},{"@type":"ListItem","position":2,"name":"Oficializaron la suba del m\u00ednimo no imponible del Impuesto a las Ganancias"}]},{"@type":"WebSite","@id":"https:\/\/informelitoral.com.ar\/#website","url":"https:\/\/informelitoral.com.ar\/","name":"Informe Litoral","description":"&quot;Nos informamos&quot; ","publisher":{"@id":"https:\/\/informelitoral.com.ar\/#organization"},"potentialAction":[{"@type":"SearchAction","target":{"@type":"EntryPoint","urlTemplate":"https:\/\/informelitoral.com.ar\/?s={search_term_string}"},"query-input":{"@type":"PropertyValueSpecification","valueRequired":true,"valueName":"search_term_string"}}],"inLanguage":"es"},{"@type":"Organization","@id":"https:\/\/informelitoral.com.ar\/#organization","name":"Informe Litoral","url":"https:\/\/informelitoral.com.ar\/","logo":{"@type":"ImageObject","inLanguage":"es","@id":"https:\/\/informelitoral.com.ar\/#\/schema\/logo\/image\/","url":"https:\/\/informelitoral.com.ar\/%77%70%2d%63%6f%6e%74%65%6e%74\/uploads\/2021\/01\/circulo.png","contentUrl":"https:\/\/informelitoral.com.ar\/%77%70%2d%63%6f%6e%74%65%6e%74\/uploads\/2021\/01\/circulo.png","width":723,"height":731,"caption":"Informe Litoral"},"image":{"@id":"https:\/\/informelitoral.com.ar\/#\/schema\/logo\/image\/"},"sameAs":["https:\/\/www.facebook.com\/informelitoral\/","https:\/\/x.com\/InformeLitoral","https:\/\/www.instagram.com\/informelitoral\/","https:\/\/www.youtube.com\/channel\/UCua4Qvz8Icb6MYqhoq9xLXw"]},{"@type":"Person","@id":"https:\/\/informelitoral.com.ar\/#\/schema\/person\/f05f9f461677119578717524b127d6d5","name":"Sebastian","image":{"@type":"ImageObject","inLanguage":"es","@id":"https:\/\/secure.gravatar.com\/avatar\/b71bf7481d447dfb9583c7f2798e7cc64de6efb9067b74633ed8c31059a3bd82?s=96&d=mm&r=g","url":"https:\/\/secure.gravatar.com\/avatar\/b71bf7481d447dfb9583c7f2798e7cc64de6efb9067b74633ed8c31059a3bd82?s=96&d=mm&r=g","contentUrl":"https:\/\/secure.gravatar.com\/avatar\/b71bf7481d447dfb9583c7f2798e7cc64de6efb9067b74633ed8c31059a3bd82?s=96&d=mm&r=g","caption":"Sebastian"},"url":"https:\/\/informelitoral.com.ar\/author\/sebastian\/"}]}},"_links":{"self":[{"href":"https:\/\/informelitoral.com.ar\/%77%70%2d%6a%73%6f%6e\/wp\/v2\/posts\/79186","targetHints":{"allow":["GET"]}}],"collection":[{"href":"https:\/\/informelitoral.com.ar\/%77%70%2d%6a%73%6f%6e\/wp\/v2\/posts"}],"about":[{"href":"https:\/\/informelitoral.com.ar\/%77%70%2d%6a%73%6f%6e\/wp\/v2\/types\/post"}],"author":[{"embeddable":true,"href":"https:\/\/informelitoral.com.ar\/%77%70%2d%6a%73%6f%6e\/wp\/v2\/users\/8"}],"replies":[{"embeddable":true,"href":"https:\/\/informelitoral.com.ar\/%77%70%2d%6a%73%6f%6e\/wp\/v2\/comments?post=79186"}],"version-history":[{"count":0,"href":"https:\/\/informelitoral.com.ar\/%77%70%2d%6a%73%6f%6e\/wp\/v2\/posts\/79186\/revisions"}],"wp:featuredmedia":[{"embeddable":true,"href":"https:\/\/informelitoral.com.ar\/%77%70%2d%6a%73%6f%6e\/wp\/v2\/media\/49380"}],"wp:attachment":[{"href":"https:\/\/informelitoral.com.ar\/%77%70%2d%6a%73%6f%6e\/wp\/v2\/media?parent=79186"}],"wp:term":[{"taxonomy":"category","embeddable":true,"href":"https:\/\/informelitoral.com.ar\/%77%70%2d%6a%73%6f%6e\/wp\/v2\/categories?post=79186"},{"taxonomy":"post_tag","embeddable":true,"href":"https:\/\/informelitoral.com.ar\/%77%70%2d%6a%73%6f%6e\/wp\/v2\/tags?post=79186"}],"curies":[{"name":"wp","href":"https:\/\/api.w.org\/{rel}","templated":true}]}}