{"id":79174,"date":"2022-06-07T08:17:19","date_gmt":"2022-06-07T11:17:19","guid":{"rendered":"https:\/\/www.informelitoral.com.ar\/?p=79174"},"modified":"2022-06-07T15:16:09","modified_gmt":"2022-06-07T18:16:09","slug":"continua-alerta-por-nieblas-y-pronostican-dias-helados-a-partir-del-viernes","status":"publish","type":"post","link":"https:\/\/informelitoral.com.ar\/continua-alerta-por-nieblas-y-pronostican-dias-helados-a-partir-del-viernes\/","title":{"rendered":"Contin\u00faa alerta por nieblas y pronostican d\u00edas helados a partir del viernes"},"content":{"rendered":"<p>La niebla contin\u00faa siendo la caracter\u00edstica meteorol\u00f3gica sobresaliente de estas jornadas en Entre R\u00edos, La zona sigue bajo alerta violeta por este fen\u00f3meno que se extender\u00eda al menos hasta ma\u00f1ana.<\/p>\n<p>Para las primeras horas de hoy se prev\u00e9 en Entre R\u00edos despejado a muy poco nuboso, aunque con presencia de nieblas y neblinas, sobre todo en \u00e1reas suburbanas.<\/p>\n<p><b>Cu\u00e1ndo vuelve el fr\u00edo intenso<\/b><\/p>\n<p>Los d\u00edas helados est\u00e1n danto una tregua que ya tiene fecha de finalizaci\u00f3n, ya que se espera la llegada de un pulso de aire fr\u00edo muy importante. El descenso comenzar\u00eda el jueves, se notar\u00eda con fuerza a partir del viernes y la jornada con registros t\u00e9rmicos m\u00e1s bajos ser\u00eda la del s\u00e1bado. Se pronostican para Entre R\u00edos m\u00ednimas que oscilar\u00e1n entre cero y cuatro grados. Las m\u00e1ximas estar\u00edan entre los 13 y 15 grados.<\/p>\n","protected":false},"excerpt":{"rendered":"<p>Para hoy se anuncian un incremento de la temperatura. La tregua del fr\u00edo intenso tiene fecha de finalizaci\u00f3n. Hacia el fin de semana pronostican m\u00ednimas que oscilar\u00e1n entre cero y cuatro grados en Entre R\u00edos.<\/p>\n","protected":false},"author":8,"featured_media":79175,"comment_status":"open","ping_status":"open","sticky":false,"template":"","format":"standard","meta":{"fifu_image_url":"","fifu_image_alt":"","footnotes":""},"categories":[6],"tags":[38,113],"class_list":{"0":"post-79174","1":"post","2":"type-post","3":"status-publish","4":"format-standard","5":"has-post-thumbnail","7":"category-entre-rios","8":"tag-el-tiempo","9":"tag-smn"},"yoast_head":"<title>Contin\u00faa alerta por nieblas y pronostican d\u00edas helados a partir del viernes - Informe Litoral<\/title>\n<meta name=\"robots\" content=\"index, follow, max-snippet:-1, max-image-preview:large, max-video-preview:-1\" \/>\n<link rel=\"canonical\" href=\"https:\/\/informelitoral.com.ar\/continua-alerta-por-nieblas-y-pronostican-dias-helados-a-partir-del-viernes\/\" \/>\n<meta property=\"og:locale\" content=\"es_ES\" \/>\n<meta property=\"og:type\" content=\"article\" \/>\n<meta property=\"og:title\" content=\"Contin\u00faa alerta por nieblas y pronostican d\u00edas helados a partir del viernes - Informe Litoral\" \/>\n<meta property=\"og:description\" content=\"Para hoy se anuncian un incremento de la temperatura. La tregua del fr\u00edo intenso tiene fecha de finalizaci\u00f3n. Hacia el fin de semana pronostican m\u00ednimas que oscilar\u00e1n entre cero y cuatro grados en Entre R\u00edos.\" \/>\n<meta property=\"og:url\" content=\"https:\/\/informelitoral.com.ar\/continua-alerta-por-nieblas-y-pronostican-dias-helados-a-partir-del-viernes\/\" \/>\n<meta property=\"og:site_name\" content=\"Informe Litoral\" \/>\n<meta property=\"article:publisher\" content=\"https:\/\/www.facebook.com\/informelitoral\/\" \/>\n<meta property=\"article:published_time\" content=\"2022-06-07T11:17:19+00:00\" \/>\n<meta property=\"article:modified_time\" content=\"2022-06-07T18:16:09+00:00\" \/>\n<meta property=\"og:image\" content=\"https:\/\/informelitoral.com.ar\/%77%70%2d%63%6f%6e%74%65%6e%74\/uploads\/2022\/06\/the-fog-907531_960_720.jpg\" \/>\n\t<meta property=\"og:image:width\" content=\"960\" \/>\n\t<meta property=\"og:image:height\" content=\"642\" \/>\n\t<meta property=\"og:image:type\" content=\"image\/jpeg\" \/>\n<meta name=\"author\" content=\"Sebastian\" \/>\n<meta name=\"twitter:card\" content=\"summary_large_image\" \/>\n<meta name=\"twitter:creator\" content=\"@InformeLitoral\" \/>\n<meta name=\"twitter:site\" content=\"@InformeLitoral\" \/>\n<meta name=\"twitter:label1\" content=\"Escrito por\" \/>\n\t<meta name=\"twitter:data1\" content=\"Sebastian\" \/>\n\t<meta name=\"twitter:label2\" content=\"Tiempo de lectura\" \/>\n\t<meta name=\"twitter:data2\" content=\"1 minuto\" \/>\n<script type=\"application\/ld+json\" class=\"yoast-schema-graph\">{\"@context\":\"https:\\\/\\\/schema.org\",\"@graph\":[{\"@type\":\"Article\",\"@id\":\"https:\\\/\\\/informelitoral.com.ar\\\/continua-alerta-por-nieblas-y-pronostican-dias-helados-a-partir-del-viernes\\\/#article\",\"isPartOf\":{\"@id\":\"https:\\\/\\\/informelitoral.com.ar\\\/continua-alerta-por-nieblas-y-pronostican-dias-helados-a-partir-del-viernes\\\/\"},\"author\":{\"name\":\"Sebastian\",\"@id\":\"https:\\\/\\\/informelitoral.com.ar\\\/#\\\/schema\\\/person\\\/f05f9f461677119578717524b127d6d5\"},\"headline\":\"Contin\u00faa alerta por nieblas y pronostican d\u00edas helados a partir del viernes\",\"datePublished\":\"2022-06-07T11:17:19+00:00\",\"dateModified\":\"2022-06-07T18:16:09+00:00\",\"mainEntityOfPage\":{\"@id\":\"https:\\\/\\\/informelitoral.com.ar\\\/continua-alerta-por-nieblas-y-pronostican-dias-helados-a-partir-del-viernes\\\/\"},\"wordCount\":174,\"commentCount\":0,\"publisher\":{\"@id\":\"https:\\\/\\\/informelitoral.com.ar\\\/#organization\"},\"image\":{\"@id\":\"https:\\\/\\\/informelitoral.com.ar\\\/continua-alerta-por-nieblas-y-pronostican-dias-helados-a-partir-del-viernes\\\/#primaryimage\"},\"thumbnailUrl\":\"https:\\\/\\\/informelitoral.com.ar\\\/%77%70%2d%63%6f%6e%74%65%6e%74\\\/uploads\\\/2022\\\/06\\\/the-fog-907531_960_720.jpg\",\"keywords\":[\"El tiempo\",\"SMN\"],\"articleSection\":[\"Entre R\u00edos\"],\"inLanguage\":\"es\",\"potentialAction\":[{\"@type\":\"CommentAction\",\"name\":\"Comment\",\"target\":[\"https:\\\/\\\/informelitoral.com.ar\\\/continua-alerta-por-nieblas-y-pronostican-dias-helados-a-partir-del-viernes\\\/#respond\"]}]},{\"@type\":\"WebPage\",\"@id\":\"https:\\\/\\\/informelitoral.com.ar\\\/continua-alerta-por-nieblas-y-pronostican-dias-helados-a-partir-del-viernes\\\/\",\"url\":\"https:\\\/\\\/informelitoral.com.ar\\\/continua-alerta-por-nieblas-y-pronostican-dias-helados-a-partir-del-viernes\\\/\",\"name\":\"Contin\u00faa alerta por nieblas y pronostican d\u00edas helados a partir del viernes - Informe Litoral\",\"isPartOf\":{\"@id\":\"https:\\\/\\\/informelitoral.com.ar\\\/#website\"},\"primaryImageOfPage\":{\"@id\":\"https:\\\/\\\/informelitoral.com.ar\\\/continua-alerta-por-nieblas-y-pronostican-dias-helados-a-partir-del-viernes\\\/#primaryimage\"},\"image\":{\"@id\":\"https:\\\/\\\/informelitoral.com.ar\\\/continua-alerta-por-nieblas-y-pronostican-dias-helados-a-partir-del-viernes\\\/#primaryimage\"},\"thumbnailUrl\":\"https:\\\/\\\/informelitoral.com.ar\\\/%77%70%2d%63%6f%6e%74%65%6e%74\\\/uploads\\\/2022\\\/06\\\/the-fog-907531_960_720.jpg\",\"datePublished\":\"2022-06-07T11:17:19+00:00\",\"dateModified\":\"2022-06-07T18:16:09+00:00\",\"breadcrumb\":{\"@id\":\"https:\\\/\\\/informelitoral.com.ar\\\/continua-alerta-por-nieblas-y-pronostican-dias-helados-a-partir-del-viernes\\\/#breadcrumb\"},\"inLanguage\":\"es\",\"potentialAction\":[{\"@type\":\"ReadAction\",\"target\":[\"https:\\\/\\\/informelitoral.com.ar\\\/continua-alerta-por-nieblas-y-pronostican-dias-helados-a-partir-del-viernes\\\/\"]}]},{\"@type\":\"ImageObject\",\"inLanguage\":\"es\",\"@id\":\"https:\\\/\\\/informelitoral.com.ar\\\/continua-alerta-por-nieblas-y-pronostican-dias-helados-a-partir-del-viernes\\\/#primaryimage\",\"url\":\"https:\\\/\\\/informelitoral.com.ar\\\/%77%70%2d%63%6f%6e%74%65%6e%74\\\/uploads\\\/2022\\\/06\\\/the-fog-907531_960_720.jpg\",\"contentUrl\":\"https:\\\/\\\/informelitoral.com.ar\\\/%77%70%2d%63%6f%6e%74%65%6e%74\\\/uploads\\\/2022\\\/06\\\/the-fog-907531_960_720.jpg\",\"width\":960,\"height\":642},{\"@type\":\"BreadcrumbList\",\"@id\":\"https:\\\/\\\/informelitoral.com.ar\\\/continua-alerta-por-nieblas-y-pronostican-dias-helados-a-partir-del-viernes\\\/#breadcrumb\",\"itemListElement\":[{\"@type\":\"ListItem\",\"position\":1,\"name\":\"Portada\",\"item\":\"https:\\\/\\\/informelitoral.com.ar\\\/\"},{\"@type\":\"ListItem\",\"position\":2,\"name\":\"Contin\u00faa alerta por nieblas y pronostican d\u00edas helados a partir del viernes\"}]},{\"@type\":\"WebSite\",\"@id\":\"https:\\\/\\\/informelitoral.com.ar\\\/#website\",\"url\":\"https:\\\/\\\/informelitoral.com.ar\\\/\",\"name\":\"Informe Litoral\",\"description\":\"&quot;Nos informamos&quot; \",\"publisher\":{\"@id\":\"https:\\\/\\\/informelitoral.com.ar\\\/#organization\"},\"potentialAction\":[{\"@type\":\"SearchAction\",\"target\":{\"@type\":\"EntryPoint\",\"urlTemplate\":\"https:\\\/\\\/informelitoral.com.ar\\\/?s={search_term_string}\"},\"query-input\":{\"@type\":\"PropertyValueSpecification\",\"valueRequired\":true,\"valueName\":\"search_term_string\"}}],\"inLanguage\":\"es\"},{\"@type\":\"Organization\",\"@id\":\"https:\\\/\\\/informelitoral.com.ar\\\/#organization\",\"name\":\"Informe Litoral\",\"url\":\"https:\\\/\\\/informelitoral.com.ar\\\/\",\"logo\":{\"@type\":\"ImageObject\",\"inLanguage\":\"es\",\"@id\":\"https:\\\/\\\/informelitoral.com.ar\\\/#\\\/schema\\\/logo\\\/image\\\/\",\"url\":\"https:\\\/\\\/informelitoral.com.ar\\\/%77%70%2d%63%6f%6e%74%65%6e%74\\\/uploads\\\/2021\\\/01\\\/circulo.png\",\"contentUrl\":\"https:\\\/\\\/informelitoral.com.ar\\\/%77%70%2d%63%6f%6e%74%65%6e%74\\\/uploads\\\/2021\\\/01\\\/circulo.png\",\"width\":723,\"height\":731,\"caption\":\"Informe Litoral\"},\"image\":{\"@id\":\"https:\\\/\\\/informelitoral.com.ar\\\/#\\\/schema\\\/logo\\\/image\\\/\"},\"sameAs\":[\"https:\\\/\\\/www.facebook.com\\\/informelitoral\\\/\",\"https:\\\/\\\/x.com\\\/InformeLitoral\",\"https:\\\/\\\/www.instagram.com\\\/informelitoral\\\/\",\"https:\\\/\\\/www.youtube.com\\\/channel\\\/UCua4Qvz8Icb6MYqhoq9xLXw\"]},{\"@type\":\"Person\",\"@id\":\"https:\\\/\\\/informelitoral.com.ar\\\/#\\\/schema\\\/person\\\/f05f9f461677119578717524b127d6d5\",\"name\":\"Sebastian\",\"image\":{\"@type\":\"ImageObject\",\"inLanguage\":\"es\",\"@id\":\"https:\\\/\\\/secure.gravatar.com\\\/avatar\\\/b71bf7481d447dfb9583c7f2798e7cc64de6efb9067b74633ed8c31059a3bd82?s=96&d=mm&r=g\",\"url\":\"https:\\\/\\\/secure.gravatar.com\\\/avatar\\\/b71bf7481d447dfb9583c7f2798e7cc64de6efb9067b74633ed8c31059a3bd82?s=96&d=mm&r=g\",\"contentUrl\":\"https:\\\/\\\/secure.gravatar.com\\\/avatar\\\/b71bf7481d447dfb9583c7f2798e7cc64de6efb9067b74633ed8c31059a3bd82?s=96&d=mm&r=g\",\"caption\":\"Sebastian\"},\"url\":\"https:\\\/\\\/informelitoral.com.ar\\\/author\\\/sebastian\\\/\"}]}<\/script>","yoast_head_json":{"title":"Contin\u00faa alerta por nieblas y pronostican d\u00edas helados a partir del viernes - Informe Litoral","robots":{"index":"index","follow":"follow","max-snippet":"max-snippet:-1","max-image-preview":"max-image-preview:large","max-video-preview":"max-video-preview:-1"},"canonical":"https:\/\/informelitoral.com.ar\/continua-alerta-por-nieblas-y-pronostican-dias-helados-a-partir-del-viernes\/","og_locale":"es_ES","og_type":"article","og_title":"Contin\u00faa alerta por nieblas y pronostican d\u00edas helados a partir del viernes - Informe Litoral","og_description":"Para hoy se anuncian un incremento de la temperatura. La tregua del fr\u00edo intenso tiene fecha de finalizaci\u00f3n. Hacia el fin de semana pronostican m\u00ednimas que oscilar\u00e1n entre cero y cuatro grados en Entre R\u00edos.","og_url":"https:\/\/informelitoral.com.ar\/continua-alerta-por-nieblas-y-pronostican-dias-helados-a-partir-del-viernes\/","og_site_name":"Informe Litoral","article_publisher":"https:\/\/www.facebook.com\/informelitoral\/","article_published_time":"2022-06-07T11:17:19+00:00","article_modified_time":"2022-06-07T18:16:09+00:00","og_image":[{"width":960,"height":642,"url":"https:\/\/informelitoral.com.ar\/%77%70%2d%63%6f%6e%74%65%6e%74\/uploads\/2022\/06\/the-fog-907531_960_720.jpg","type":"image\/jpeg"}],"author":"Sebastian","twitter_card":"summary_large_image","twitter_creator":"@InformeLitoral","twitter_site":"@InformeLitoral","twitter_misc":{"Escrito por":"Sebastian","Tiempo de lectura":"1 minuto"},"schema":{"@context":"https:\/\/schema.org","@graph":[{"@type":"Article","@id":"https:\/\/informelitoral.com.ar\/continua-alerta-por-nieblas-y-pronostican-dias-helados-a-partir-del-viernes\/#article","isPartOf":{"@id":"https:\/\/informelitoral.com.ar\/continua-alerta-por-nieblas-y-pronostican-dias-helados-a-partir-del-viernes\/"},"author":{"name":"Sebastian","@id":"https:\/\/informelitoral.com.ar\/#\/schema\/person\/f05f9f461677119578717524b127d6d5"},"headline":"Contin\u00faa alerta por nieblas y pronostican d\u00edas helados a partir del viernes","datePublished":"2022-06-07T11:17:19+00:00","dateModified":"2022-06-07T18:16:09+00:00","mainEntityOfPage":{"@id":"https:\/\/informelitoral.com.ar\/continua-alerta-por-nieblas-y-pronostican-dias-helados-a-partir-del-viernes\/"},"wordCount":174,"commentCount":0,"publisher":{"@id":"https:\/\/informelitoral.com.ar\/#organization"},"image":{"@id":"https:\/\/informelitoral.com.ar\/continua-alerta-por-nieblas-y-pronostican-dias-helados-a-partir-del-viernes\/#primaryimage"},"thumbnailUrl":"https:\/\/informelitoral.com.ar\/%77%70%2d%63%6f%6e%74%65%6e%74\/uploads\/2022\/06\/the-fog-907531_960_720.jpg","keywords":["El tiempo","SMN"],"articleSection":["Entre R\u00edos"],"inLanguage":"es","potentialAction":[{"@type":"CommentAction","name":"Comment","target":["https:\/\/informelitoral.com.ar\/continua-alerta-por-nieblas-y-pronostican-dias-helados-a-partir-del-viernes\/#respond"]}]},{"@type":"WebPage","@id":"https:\/\/informelitoral.com.ar\/continua-alerta-por-nieblas-y-pronostican-dias-helados-a-partir-del-viernes\/","url":"https:\/\/informelitoral.com.ar\/continua-alerta-por-nieblas-y-pronostican-dias-helados-a-partir-del-viernes\/","name":"Contin\u00faa alerta por nieblas y pronostican d\u00edas helados a partir del viernes - Informe Litoral","isPartOf":{"@id":"https:\/\/informelitoral.com.ar\/#website"},"primaryImageOfPage":{"@id":"https:\/\/informelitoral.com.ar\/continua-alerta-por-nieblas-y-pronostican-dias-helados-a-partir-del-viernes\/#primaryimage"},"image":{"@id":"https:\/\/informelitoral.com.ar\/continua-alerta-por-nieblas-y-pronostican-dias-helados-a-partir-del-viernes\/#primaryimage"},"thumbnailUrl":"https:\/\/informelitoral.com.ar\/%77%70%2d%63%6f%6e%74%65%6e%74\/uploads\/2022\/06\/the-fog-907531_960_720.jpg","datePublished":"2022-06-07T11:17:19+00:00","dateModified":"2022-06-07T18:16:09+00:00","breadcrumb":{"@id":"https:\/\/informelitoral.com.ar\/continua-alerta-por-nieblas-y-pronostican-dias-helados-a-partir-del-viernes\/#breadcrumb"},"inLanguage":"es","potentialAction":[{"@type":"ReadAction","target":["https:\/\/informelitoral.com.ar\/continua-alerta-por-nieblas-y-pronostican-dias-helados-a-partir-del-viernes\/"]}]},{"@type":"ImageObject","inLanguage":"es","@id":"https:\/\/informelitoral.com.ar\/continua-alerta-por-nieblas-y-pronostican-dias-helados-a-partir-del-viernes\/#primaryimage","url":"https:\/\/informelitoral.com.ar\/%77%70%2d%63%6f%6e%74%65%6e%74\/uploads\/2022\/06\/the-fog-907531_960_720.jpg","contentUrl":"https:\/\/informelitoral.com.ar\/%77%70%2d%63%6f%6e%74%65%6e%74\/uploads\/2022\/06\/the-fog-907531_960_720.jpg","width":960,"height":642},{"@type":"BreadcrumbList","@id":"https:\/\/informelitoral.com.ar\/continua-alerta-por-nieblas-y-pronostican-dias-helados-a-partir-del-viernes\/#breadcrumb","itemListElement":[{"@type":"ListItem","position":1,"name":"Portada","item":"https:\/\/informelitoral.com.ar\/"},{"@type":"ListItem","position":2,"name":"Contin\u00faa alerta por nieblas y pronostican d\u00edas helados a partir del viernes"}]},{"@type":"WebSite","@id":"https:\/\/informelitoral.com.ar\/#website","url":"https:\/\/informelitoral.com.ar\/","name":"Informe Litoral","description":"&quot;Nos informamos&quot; ","publisher":{"@id":"https:\/\/informelitoral.com.ar\/#organization"},"potentialAction":[{"@type":"SearchAction","target":{"@type":"EntryPoint","urlTemplate":"https:\/\/informelitoral.com.ar\/?s={search_term_string}"},"query-input":{"@type":"PropertyValueSpecification","valueRequired":true,"valueName":"search_term_string"}}],"inLanguage":"es"},{"@type":"Organization","@id":"https:\/\/informelitoral.com.ar\/#organization","name":"Informe Litoral","url":"https:\/\/informelitoral.com.ar\/","logo":{"@type":"ImageObject","inLanguage":"es","@id":"https:\/\/informelitoral.com.ar\/#\/schema\/logo\/image\/","url":"https:\/\/informelitoral.com.ar\/%77%70%2d%63%6f%6e%74%65%6e%74\/uploads\/2021\/01\/circulo.png","contentUrl":"https:\/\/informelitoral.com.ar\/%77%70%2d%63%6f%6e%74%65%6e%74\/uploads\/2021\/01\/circulo.png","width":723,"height":731,"caption":"Informe Litoral"},"image":{"@id":"https:\/\/informelitoral.com.ar\/#\/schema\/logo\/image\/"},"sameAs":["https:\/\/www.facebook.com\/informelitoral\/","https:\/\/x.com\/InformeLitoral","https:\/\/www.instagram.com\/informelitoral\/","https:\/\/www.youtube.com\/channel\/UCua4Qvz8Icb6MYqhoq9xLXw"]},{"@type":"Person","@id":"https:\/\/informelitoral.com.ar\/#\/schema\/person\/f05f9f461677119578717524b127d6d5","name":"Sebastian","image":{"@type":"ImageObject","inLanguage":"es","@id":"https:\/\/secure.gravatar.com\/avatar\/b71bf7481d447dfb9583c7f2798e7cc64de6efb9067b74633ed8c31059a3bd82?s=96&d=mm&r=g","url":"https:\/\/secure.gravatar.com\/avatar\/b71bf7481d447dfb9583c7f2798e7cc64de6efb9067b74633ed8c31059a3bd82?s=96&d=mm&r=g","contentUrl":"https:\/\/secure.gravatar.com\/avatar\/b71bf7481d447dfb9583c7f2798e7cc64de6efb9067b74633ed8c31059a3bd82?s=96&d=mm&r=g","caption":"Sebastian"},"url":"https:\/\/informelitoral.com.ar\/author\/sebastian\/"}]}},"_links":{"self":[{"href":"https:\/\/informelitoral.com.ar\/%77%70%2d%6a%73%6f%6e\/wp\/v2\/posts\/79174","targetHints":{"allow":["GET"]}}],"collection":[{"href":"https:\/\/informelitoral.com.ar\/%77%70%2d%6a%73%6f%6e\/wp\/v2\/posts"}],"about":[{"href":"https:\/\/informelitoral.com.ar\/%77%70%2d%6a%73%6f%6e\/wp\/v2\/types\/post"}],"author":[{"embeddable":true,"href":"https:\/\/informelitoral.com.ar\/%77%70%2d%6a%73%6f%6e\/wp\/v2\/users\/8"}],"replies":[{"embeddable":true,"href":"https:\/\/informelitoral.com.ar\/%77%70%2d%6a%73%6f%6e\/wp\/v2\/comments?post=79174"}],"version-history":[{"count":0,"href":"https:\/\/informelitoral.com.ar\/%77%70%2d%6a%73%6f%6e\/wp\/v2\/posts\/79174\/revisions"}],"wp:featuredmedia":[{"embeddable":true,"href":"https:\/\/informelitoral.com.ar\/%77%70%2d%6a%73%6f%6e\/wp\/v2\/media\/79175"}],"wp:attachment":[{"href":"https:\/\/informelitoral.com.ar\/%77%70%2d%6a%73%6f%6e\/wp\/v2\/media?parent=79174"}],"wp:term":[{"taxonomy":"category","embeddable":true,"href":"https:\/\/informelitoral.com.ar\/%77%70%2d%6a%73%6f%6e\/wp\/v2\/categories?post=79174"},{"taxonomy":"post_tag","embeddable":true,"href":"https:\/\/informelitoral.com.ar\/%77%70%2d%6a%73%6f%6e\/wp\/v2\/tags?post=79174"}],"curies":[{"name":"wp","href":"https:\/\/api.w.org\/{rel}","templated":true}]}}