{"id":7912,"date":"2014-08-19T08:28:39","date_gmt":"2014-08-19T11:28:39","guid":{"rendered":"http:\/\/www.isletasnoticias.com.ar\/?p=7912"},"modified":"2014-08-19T17:53:28","modified_gmt":"2014-08-19T20:53:28","slug":"procesaron-al-ex-jardinero-de-los-kirchner","status":"publish","type":"post","link":"https:\/\/informelitoral.com.ar\/procesaron-al-ex-jardinero-de-los-kirchner\/","title":{"rendered":"Procesaron al ex jardinero de los Kirchner"},"content":{"rendered":"<p><strong>El ex jardinero de los Kirchner y actual empresario <em>Ricardo Barreiro<\/em> fue procesado por el delito de falsificaci\u00f3n ideol\u00f3gica de documento p\u00fablico, por haber introducido datos falsos en la declaraci\u00f3n jurada que present\u00f3 al inscribirse como proveedor del Estado.<a href=\"http:\/\/www.isletasnoticias.com.ar\/%77%70%2d%63%6f%6e%74%65%6e%74\/uploads\/2014\/08\/jardinero-de-kirchner-ricardo-barreiro.jpg\"><img loading=\"lazy\" decoding=\"async\" class=\"aligncenter wp-image-7913 size-full\" src=\"http:\/\/www.isletasnoticias.com.ar\/%77%70%2d%63%6f%6e%74%65%6e%74\/uploads\/2014\/08\/jardinero-de-kirchner-ricardo-barreiro.jpg\" alt=\"jardinero-de-kirchner-ricardo-barreiro\" width=\"600\" height=\"406\" srcset=\"https:\/\/informelitoral.com.ar\/%77%70%2d%63%6f%6e%74%65%6e%74\/uploads\/2014\/08\/jardinero-de-kirchner-ricardo-barreiro.jpg 600w, https:\/\/informelitoral.com.ar\/%77%70%2d%63%6f%6e%74%65%6e%74\/uploads\/2014\/08\/jardinero-de-kirchner-ricardo-barreiro-300x203.jpg 300w\" sizes=\"auto, (max-width: 600px) 100vw, 600px\" \/><\/a><\/strong><\/p>\n<p>El procesamiento fue dictado por el juez de Paran\u00e1, <strong>Humberto Franchi<\/strong>, quien adem\u00e1s le pidi\u00f3 al fiscal que investigue si Barreiro no incurri\u00f3 tambi\u00e9n en el delito de negociaciones incompatibles con la funci\u00f3n p\u00fablica. Esto es por su doble condici\u00f3n de asesor ad honorem en el Ministerio de Cultura y Comunicaci\u00f3n de la provincia y proveedor del Estado a trav\u00e9s de su empresa RP Transportes SA.<\/p>\n<p>\u201cYo me entero que era jardinero de los K por la prensa y que ten\u00eda un helic\u00f3ptero para turismo, despu\u00e9s que era funcionario de la provincia de Entre R\u00edos, asesor ad honorem y a pesar de ello se present\u00f3 y gan\u00f3 una licitaci\u00f3n RP SRL para que hiciera el traslado de los chicos desde distintos puntos de Entre R\u00edos\u201d, dijo el abogado denunciante Guillermo Mullet a <em>Radio Mitre <\/em>y reprodujo<em> Clar\u00edn.\u00a0<\/em><\/p>\n<p>Barreiro \u201cacept\u00f3 y ejerci\u00f3 el cargo propuesto, es m\u00e1s, se sirvi\u00f3 de la correspondiente funci\u00f3n para conocer los pormenores de la licitaci\u00f3n llevada cabo por el Ministerio de Turismo de la provincia para, en base a sus contactos, participar de la licitaci\u00f3n 30\/2012 y resultar \u00fanico y exclusivo competidor \u201d.<\/p>\n<p>\u201cSu conducta se ha visto materializada (\u2026) en el perjuicio moral ocasionado al Estado provincial, por el hecho de poner en tela de juicio la transparencia de la licitaci\u00f3n p\u00fablica de la que result\u00f3 ganador Barreiro al haber negado en el formulario de inscripci\u00f3n su condici\u00f3n de funcionario p\u00fablico ad-honorem\u201d, dijo el juez Franchi en el procesamiento.<\/p>\n","protected":false},"excerpt":{"rendered":"<p>El ex jardinero de los Kirchner y actual empresario Ricardo Barreiro fue procesado por el delito de falsificaci&oacute;n ideol&oacute;gica de documento p&uacute;blico, por haber introducido datos falsos en la declaraci&oacute;n jurada que present&oacute; al inscribirse como proveedor del Estado. El procesamiento fue dictado por el juez de Paran&aacute;, Humberto Franchi, quien adem&aacute;s le pidi&oacute; al [&hellip;]<\/p>\n","protected":false},"author":2,"featured_media":0,"comment_status":"open","ping_status":"open","sticky":false,"template":"","format":"standard","meta":{"fifu_image_url":"","fifu_image_alt":"","footnotes":""},"categories":[6,16],"tags":[],"class_list":{"0":"post-7912","1":"post","2":"type-post","3":"status-publish","4":"format-standard","6":"category-entre-rios","7":"category-politi"},"yoast_head":"<title>Procesaron al ex jardinero de los Kirchner - Informe Litoral<\/title>\n<meta name=\"robots\" content=\"index, follow, max-snippet:-1, max-image-preview:large, max-video-preview:-1\" \/>\n<link rel=\"canonical\" href=\"https:\/\/informelitoral.com.ar\/procesaron-al-ex-jardinero-de-los-kirchner\/\" \/>\n<meta property=\"og:locale\" content=\"es_ES\" \/>\n<meta property=\"og:type\" content=\"article\" \/>\n<meta property=\"og:title\" content=\"Procesaron al ex jardinero de los Kirchner - Informe Litoral\" \/>\n<meta property=\"og:description\" content=\"El ex jardinero de los Kirchner y actual empresario Ricardo Barreiro fue procesado por el delito de falsificaci&oacute;n ideol&oacute;gica de documento p&uacute;blico, por haber introducido datos falsos en la declaraci&oacute;n jurada que present&oacute; al inscribirse como proveedor del Estado. El procesamiento fue dictado por el juez de Paran&aacute;, Humberto Franchi, quien adem&aacute;s le pidi&oacute; al [&hellip;]\" \/>\n<meta property=\"og:url\" content=\"https:\/\/informelitoral.com.ar\/procesaron-al-ex-jardinero-de-los-kirchner\/\" \/>\n<meta property=\"og:site_name\" content=\"Informe Litoral\" \/>\n<meta property=\"article:publisher\" content=\"https:\/\/www.facebook.com\/informelitoral\/\" \/>\n<meta property=\"article:published_time\" content=\"2014-08-19T11:28:39+00:00\" \/>\n<meta property=\"article:modified_time\" content=\"2014-08-19T20:53:28+00:00\" \/>\n<meta property=\"og:image\" content=\"https:\/\/informelitoral.com.ar\/%77%70%2d%63%6f%6e%74%65%6e%74\/uploads\/2014\/08\/jardinero-de-kirchner-ricardo-barreiro.jpg\" \/>\n\t<meta property=\"og:image:width\" content=\"600\" \/>\n\t<meta property=\"og:image:height\" content=\"406\" \/>\n\t<meta property=\"og:image:type\" content=\"image\/jpeg\" \/>\n<meta name=\"author\" content=\"Gonzalo Schmidt\" \/>\n<meta name=\"twitter:card\" content=\"summary_large_image\" \/>\n<meta name=\"twitter:creator\" content=\"@InformeLitoral\" \/>\n<meta name=\"twitter:site\" content=\"@InformeLitoral\" \/>\n<meta name=\"twitter:label1\" content=\"Escrito por\" \/>\n\t<meta name=\"twitter:data1\" content=\"Gonzalo Schmidt\" \/>\n\t<meta name=\"twitter:label2\" content=\"Tiempo de lectura\" \/>\n\t<meta name=\"twitter:data2\" content=\"2 minutos\" \/>\n<script type=\"application\/ld+json\" class=\"yoast-schema-graph\">{\"@context\":\"https:\\\/\\\/schema.org\",\"@graph\":[{\"@type\":\"Article\",\"@id\":\"https:\\\/\\\/informelitoral.com.ar\\\/procesaron-al-ex-jardinero-de-los-kirchner\\\/#article\",\"isPartOf\":{\"@id\":\"https:\\\/\\\/informelitoral.com.ar\\\/procesaron-al-ex-jardinero-de-los-kirchner\\\/\"},\"author\":{\"name\":\"Gonzalo Schmidt\",\"@id\":\"https:\\\/\\\/informelitoral.com.ar\\\/#\\\/schema\\\/person\\\/b9d00407c836482871ef1d57bf8e3180\"},\"headline\":\"Procesaron al ex jardinero de los Kirchner\",\"datePublished\":\"2014-08-19T11:28:39+00:00\",\"dateModified\":\"2014-08-19T20:53:28+00:00\",\"mainEntityOfPage\":{\"@id\":\"https:\\\/\\\/informelitoral.com.ar\\\/procesaron-al-ex-jardinero-de-los-kirchner\\\/\"},\"wordCount\":314,\"commentCount\":0,\"publisher\":{\"@id\":\"https:\\\/\\\/informelitoral.com.ar\\\/#organization\"},\"image\":{\"@id\":\"https:\\\/\\\/informelitoral.com.ar\\\/procesaron-al-ex-jardinero-de-los-kirchner\\\/#primaryimage\"},\"thumbnailUrl\":\"http:\\\/\\\/www.isletasnoticias.com.ar\\\/%77%70%2d%63%6f%6e%74%65%6e%74\\\/uploads\\\/2014\\\/08\\\/jardinero-de-kirchner-ricardo-barreiro.jpg\",\"articleSection\":[\"Entre R\u00edos\",\"Politica\"],\"inLanguage\":\"es\",\"potentialAction\":[{\"@type\":\"CommentAction\",\"name\":\"Comment\",\"target\":[\"https:\\\/\\\/informelitoral.com.ar\\\/procesaron-al-ex-jardinero-de-los-kirchner\\\/#respond\"]}]},{\"@type\":\"WebPage\",\"@id\":\"https:\\\/\\\/informelitoral.com.ar\\\/procesaron-al-ex-jardinero-de-los-kirchner\\\/\",\"url\":\"https:\\\/\\\/informelitoral.com.ar\\\/procesaron-al-ex-jardinero-de-los-kirchner\\\/\",\"name\":\"Procesaron al ex jardinero de los Kirchner - Informe Litoral\",\"isPartOf\":{\"@id\":\"https:\\\/\\\/informelitoral.com.ar\\\/#website\"},\"primaryImageOfPage\":{\"@id\":\"https:\\\/\\\/informelitoral.com.ar\\\/procesaron-al-ex-jardinero-de-los-kirchner\\\/#primaryimage\"},\"image\":{\"@id\":\"https:\\\/\\\/informelitoral.com.ar\\\/procesaron-al-ex-jardinero-de-los-kirchner\\\/#primaryimage\"},\"thumbnailUrl\":\"http:\\\/\\\/www.isletasnoticias.com.ar\\\/%77%70%2d%63%6f%6e%74%65%6e%74\\\/uploads\\\/2014\\\/08\\\/jardinero-de-kirchner-ricardo-barreiro.jpg\",\"datePublished\":\"2014-08-19T11:28:39+00:00\",\"dateModified\":\"2014-08-19T20:53:28+00:00\",\"breadcrumb\":{\"@id\":\"https:\\\/\\\/informelitoral.com.ar\\\/procesaron-al-ex-jardinero-de-los-kirchner\\\/#breadcrumb\"},\"inLanguage\":\"es\",\"potentialAction\":[{\"@type\":\"ReadAction\",\"target\":[\"https:\\\/\\\/informelitoral.com.ar\\\/procesaron-al-ex-jardinero-de-los-kirchner\\\/\"]}]},{\"@type\":\"ImageObject\",\"inLanguage\":\"es\",\"@id\":\"https:\\\/\\\/informelitoral.com.ar\\\/procesaron-al-ex-jardinero-de-los-kirchner\\\/#primaryimage\",\"url\":\"http:\\\/\\\/www.isletasnoticias.com.ar\\\/%77%70%2d%63%6f%6e%74%65%6e%74\\\/uploads\\\/2014\\\/08\\\/jardinero-de-kirchner-ricardo-barreiro.jpg\",\"contentUrl\":\"http:\\\/\\\/www.isletasnoticias.com.ar\\\/%77%70%2d%63%6f%6e%74%65%6e%74\\\/uploads\\\/2014\\\/08\\\/jardinero-de-kirchner-ricardo-barreiro.jpg\"},{\"@type\":\"BreadcrumbList\",\"@id\":\"https:\\\/\\\/informelitoral.com.ar\\\/procesaron-al-ex-jardinero-de-los-kirchner\\\/#breadcrumb\",\"itemListElement\":[{\"@type\":\"ListItem\",\"position\":1,\"name\":\"Portada\",\"item\":\"https:\\\/\\\/informelitoral.com.ar\\\/\"},{\"@type\":\"ListItem\",\"position\":2,\"name\":\"Procesaron al ex jardinero de los Kirchner\"}]},{\"@type\":\"WebSite\",\"@id\":\"https:\\\/\\\/informelitoral.com.ar\\\/#website\",\"url\":\"https:\\\/\\\/informelitoral.com.ar\\\/\",\"name\":\"Informe Litoral\",\"description\":\"&quot;Nos informamos&quot; \",\"publisher\":{\"@id\":\"https:\\\/\\\/informelitoral.com.ar\\\/#organization\"},\"potentialAction\":[{\"@type\":\"SearchAction\",\"target\":{\"@type\":\"EntryPoint\",\"urlTemplate\":\"https:\\\/\\\/informelitoral.com.ar\\\/?s={search_term_string}\"},\"query-input\":{\"@type\":\"PropertyValueSpecification\",\"valueRequired\":true,\"valueName\":\"search_term_string\"}}],\"inLanguage\":\"es\"},{\"@type\":\"Organization\",\"@id\":\"https:\\\/\\\/informelitoral.com.ar\\\/#organization\",\"name\":\"Informe Litoral\",\"url\":\"https:\\\/\\\/informelitoral.com.ar\\\/\",\"logo\":{\"@type\":\"ImageObject\",\"inLanguage\":\"es\",\"@id\":\"https:\\\/\\\/informelitoral.com.ar\\\/#\\\/schema\\\/logo\\\/image\\\/\",\"url\":\"https:\\\/\\\/informelitoral.com.ar\\\/%77%70%2d%63%6f%6e%74%65%6e%74\\\/uploads\\\/2021\\\/01\\\/circulo.png\",\"contentUrl\":\"https:\\\/\\\/informelitoral.com.ar\\\/%77%70%2d%63%6f%6e%74%65%6e%74\\\/uploads\\\/2021\\\/01\\\/circulo.png\",\"width\":723,\"height\":731,\"caption\":\"Informe Litoral\"},\"image\":{\"@id\":\"https:\\\/\\\/informelitoral.com.ar\\\/#\\\/schema\\\/logo\\\/image\\\/\"},\"sameAs\":[\"https:\\\/\\\/www.facebook.com\\\/informelitoral\\\/\",\"https:\\\/\\\/x.com\\\/InformeLitoral\",\"https:\\\/\\\/www.instagram.com\\\/informelitoral\\\/\",\"https:\\\/\\\/www.youtube.com\\\/channel\\\/UCua4Qvz8Icb6MYqhoq9xLXw\"]},{\"@type\":\"Person\",\"@id\":\"https:\\\/\\\/informelitoral.com.ar\\\/#\\\/schema\\\/person\\\/b9d00407c836482871ef1d57bf8e3180\",\"name\":\"Gonzalo Schmidt\",\"image\":{\"@type\":\"ImageObject\",\"inLanguage\":\"es\",\"@id\":\"https:\\\/\\\/secure.gravatar.com\\\/avatar\\\/31a1a7b66ff2de83bd0e9fd79d026630d2d99e55e8bfe501287647b4fd9743de?s=96&d=mm&r=g\",\"url\":\"https:\\\/\\\/secure.gravatar.com\\\/avatar\\\/31a1a7b66ff2de83bd0e9fd79d026630d2d99e55e8bfe501287647b4fd9743de?s=96&d=mm&r=g\",\"contentUrl\":\"https:\\\/\\\/secure.gravatar.com\\\/avatar\\\/31a1a7b66ff2de83bd0e9fd79d026630d2d99e55e8bfe501287647b4fd9743de?s=96&d=mm&r=g\",\"caption\":\"Gonzalo Schmidt\"},\"description\":\"Sitio web de noticias de la provincia de Entre R\u00edos, Argentina. Informaci\u00f3n y entretenimiento. Informe Litoral, nos informamos.\",\"sameAs\":[\"http:\\\/\\\/www.isletasnoticias.com.ar\"],\"url\":\"https:\\\/\\\/informelitoral.com.ar\\\/author\\\/gonzalo\\\/\"}]}<\/script>","yoast_head_json":{"title":"Procesaron al ex jardinero de los Kirchner - Informe Litoral","robots":{"index":"index","follow":"follow","max-snippet":"max-snippet:-1","max-image-preview":"max-image-preview:large","max-video-preview":"max-video-preview:-1"},"canonical":"https:\/\/informelitoral.com.ar\/procesaron-al-ex-jardinero-de-los-kirchner\/","og_locale":"es_ES","og_type":"article","og_title":"Procesaron al ex jardinero de los Kirchner - Informe Litoral","og_description":"El ex jardinero de los Kirchner y actual empresario Ricardo Barreiro fue procesado por el delito de falsificaci&oacute;n ideol&oacute;gica de documento p&uacute;blico, por haber introducido datos falsos en la declaraci&oacute;n jurada que present&oacute; al inscribirse como proveedor del Estado. El procesamiento fue dictado por el juez de Paran&aacute;, Humberto Franchi, quien adem&aacute;s le pidi&oacute; al [&hellip;]","og_url":"https:\/\/informelitoral.com.ar\/procesaron-al-ex-jardinero-de-los-kirchner\/","og_site_name":"Informe Litoral","article_publisher":"https:\/\/www.facebook.com\/informelitoral\/","article_published_time":"2014-08-19T11:28:39+00:00","article_modified_time":"2014-08-19T20:53:28+00:00","og_image":[{"width":600,"height":406,"url":"https:\/\/informelitoral.com.ar\/%77%70%2d%63%6f%6e%74%65%6e%74\/uploads\/2014\/08\/jardinero-de-kirchner-ricardo-barreiro.jpg","type":"image\/jpeg"}],"author":"Gonzalo Schmidt","twitter_card":"summary_large_image","twitter_creator":"@InformeLitoral","twitter_site":"@InformeLitoral","twitter_misc":{"Escrito por":"Gonzalo Schmidt","Tiempo de lectura":"2 minutos"},"schema":{"@context":"https:\/\/schema.org","@graph":[{"@type":"Article","@id":"https:\/\/informelitoral.com.ar\/procesaron-al-ex-jardinero-de-los-kirchner\/#article","isPartOf":{"@id":"https:\/\/informelitoral.com.ar\/procesaron-al-ex-jardinero-de-los-kirchner\/"},"author":{"name":"Gonzalo Schmidt","@id":"https:\/\/informelitoral.com.ar\/#\/schema\/person\/b9d00407c836482871ef1d57bf8e3180"},"headline":"Procesaron al ex jardinero de los Kirchner","datePublished":"2014-08-19T11:28:39+00:00","dateModified":"2014-08-19T20:53:28+00:00","mainEntityOfPage":{"@id":"https:\/\/informelitoral.com.ar\/procesaron-al-ex-jardinero-de-los-kirchner\/"},"wordCount":314,"commentCount":0,"publisher":{"@id":"https:\/\/informelitoral.com.ar\/#organization"},"image":{"@id":"https:\/\/informelitoral.com.ar\/procesaron-al-ex-jardinero-de-los-kirchner\/#primaryimage"},"thumbnailUrl":"http:\/\/www.isletasnoticias.com.ar\/%77%70%2d%63%6f%6e%74%65%6e%74\/uploads\/2014\/08\/jardinero-de-kirchner-ricardo-barreiro.jpg","articleSection":["Entre R\u00edos","Politica"],"inLanguage":"es","potentialAction":[{"@type":"CommentAction","name":"Comment","target":["https:\/\/informelitoral.com.ar\/procesaron-al-ex-jardinero-de-los-kirchner\/#respond"]}]},{"@type":"WebPage","@id":"https:\/\/informelitoral.com.ar\/procesaron-al-ex-jardinero-de-los-kirchner\/","url":"https:\/\/informelitoral.com.ar\/procesaron-al-ex-jardinero-de-los-kirchner\/","name":"Procesaron al ex jardinero de los Kirchner - Informe Litoral","isPartOf":{"@id":"https:\/\/informelitoral.com.ar\/#website"},"primaryImageOfPage":{"@id":"https:\/\/informelitoral.com.ar\/procesaron-al-ex-jardinero-de-los-kirchner\/#primaryimage"},"image":{"@id":"https:\/\/informelitoral.com.ar\/procesaron-al-ex-jardinero-de-los-kirchner\/#primaryimage"},"thumbnailUrl":"http:\/\/www.isletasnoticias.com.ar\/%77%70%2d%63%6f%6e%74%65%6e%74\/uploads\/2014\/08\/jardinero-de-kirchner-ricardo-barreiro.jpg","datePublished":"2014-08-19T11:28:39+00:00","dateModified":"2014-08-19T20:53:28+00:00","breadcrumb":{"@id":"https:\/\/informelitoral.com.ar\/procesaron-al-ex-jardinero-de-los-kirchner\/#breadcrumb"},"inLanguage":"es","potentialAction":[{"@type":"ReadAction","target":["https:\/\/informelitoral.com.ar\/procesaron-al-ex-jardinero-de-los-kirchner\/"]}]},{"@type":"ImageObject","inLanguage":"es","@id":"https:\/\/informelitoral.com.ar\/procesaron-al-ex-jardinero-de-los-kirchner\/#primaryimage","url":"http:\/\/www.isletasnoticias.com.ar\/%77%70%2d%63%6f%6e%74%65%6e%74\/uploads\/2014\/08\/jardinero-de-kirchner-ricardo-barreiro.jpg","contentUrl":"http:\/\/www.isletasnoticias.com.ar\/%77%70%2d%63%6f%6e%74%65%6e%74\/uploads\/2014\/08\/jardinero-de-kirchner-ricardo-barreiro.jpg"},{"@type":"BreadcrumbList","@id":"https:\/\/informelitoral.com.ar\/procesaron-al-ex-jardinero-de-los-kirchner\/#breadcrumb","itemListElement":[{"@type":"ListItem","position":1,"name":"Portada","item":"https:\/\/informelitoral.com.ar\/"},{"@type":"ListItem","position":2,"name":"Procesaron al ex jardinero de los Kirchner"}]},{"@type":"WebSite","@id":"https:\/\/informelitoral.com.ar\/#website","url":"https:\/\/informelitoral.com.ar\/","name":"Informe Litoral","description":"&quot;Nos informamos&quot; ","publisher":{"@id":"https:\/\/informelitoral.com.ar\/#organization"},"potentialAction":[{"@type":"SearchAction","target":{"@type":"EntryPoint","urlTemplate":"https:\/\/informelitoral.com.ar\/?s={search_term_string}"},"query-input":{"@type":"PropertyValueSpecification","valueRequired":true,"valueName":"search_term_string"}}],"inLanguage":"es"},{"@type":"Organization","@id":"https:\/\/informelitoral.com.ar\/#organization","name":"Informe Litoral","url":"https:\/\/informelitoral.com.ar\/","logo":{"@type":"ImageObject","inLanguage":"es","@id":"https:\/\/informelitoral.com.ar\/#\/schema\/logo\/image\/","url":"https:\/\/informelitoral.com.ar\/%77%70%2d%63%6f%6e%74%65%6e%74\/uploads\/2021\/01\/circulo.png","contentUrl":"https:\/\/informelitoral.com.ar\/%77%70%2d%63%6f%6e%74%65%6e%74\/uploads\/2021\/01\/circulo.png","width":723,"height":731,"caption":"Informe Litoral"},"image":{"@id":"https:\/\/informelitoral.com.ar\/#\/schema\/logo\/image\/"},"sameAs":["https:\/\/www.facebook.com\/informelitoral\/","https:\/\/x.com\/InformeLitoral","https:\/\/www.instagram.com\/informelitoral\/","https:\/\/www.youtube.com\/channel\/UCua4Qvz8Icb6MYqhoq9xLXw"]},{"@type":"Person","@id":"https:\/\/informelitoral.com.ar\/#\/schema\/person\/b9d00407c836482871ef1d57bf8e3180","name":"Gonzalo Schmidt","image":{"@type":"ImageObject","inLanguage":"es","@id":"https:\/\/secure.gravatar.com\/avatar\/31a1a7b66ff2de83bd0e9fd79d026630d2d99e55e8bfe501287647b4fd9743de?s=96&d=mm&r=g","url":"https:\/\/secure.gravatar.com\/avatar\/31a1a7b66ff2de83bd0e9fd79d026630d2d99e55e8bfe501287647b4fd9743de?s=96&d=mm&r=g","contentUrl":"https:\/\/secure.gravatar.com\/avatar\/31a1a7b66ff2de83bd0e9fd79d026630d2d99e55e8bfe501287647b4fd9743de?s=96&d=mm&r=g","caption":"Gonzalo Schmidt"},"description":"Sitio web de noticias de la provincia de Entre R\u00edos, Argentina. Informaci\u00f3n y entretenimiento. Informe Litoral, nos informamos.","sameAs":["http:\/\/www.isletasnoticias.com.ar"],"url":"https:\/\/informelitoral.com.ar\/author\/gonzalo\/"}]}},"_links":{"self":[{"href":"https:\/\/informelitoral.com.ar\/%77%70%2d%6a%73%6f%6e\/wp\/v2\/posts\/7912","targetHints":{"allow":["GET"]}}],"collection":[{"href":"https:\/\/informelitoral.com.ar\/%77%70%2d%6a%73%6f%6e\/wp\/v2\/posts"}],"about":[{"href":"https:\/\/informelitoral.com.ar\/%77%70%2d%6a%73%6f%6e\/wp\/v2\/types\/post"}],"author":[{"embeddable":true,"href":"https:\/\/informelitoral.com.ar\/%77%70%2d%6a%73%6f%6e\/wp\/v2\/users\/2"}],"replies":[{"embeddable":true,"href":"https:\/\/informelitoral.com.ar\/%77%70%2d%6a%73%6f%6e\/wp\/v2\/comments?post=7912"}],"version-history":[{"count":0,"href":"https:\/\/informelitoral.com.ar\/%77%70%2d%6a%73%6f%6e\/wp\/v2\/posts\/7912\/revisions"}],"wp:attachment":[{"href":"https:\/\/informelitoral.com.ar\/%77%70%2d%6a%73%6f%6e\/wp\/v2\/media?parent=7912"}],"wp:term":[{"taxonomy":"category","embeddable":true,"href":"https:\/\/informelitoral.com.ar\/%77%70%2d%6a%73%6f%6e\/wp\/v2\/categories?post=7912"},{"taxonomy":"post_tag","embeddable":true,"href":"https:\/\/informelitoral.com.ar\/%77%70%2d%6a%73%6f%6e\/wp\/v2\/tags?post=7912"}],"curies":[{"name":"wp","href":"https:\/\/api.w.org\/{rel}","templated":true}]}}