{"id":79088,"date":"2022-06-06T07:50:19","date_gmt":"2022-06-06T10:50:19","guid":{"rendered":"https:\/\/www.informelitoral.com.ar\/?p=79088"},"modified":"2022-06-06T08:27:35","modified_gmt":"2022-06-06T11:27:35","slug":"bordet-definio-obras-para-diamante-con-el-intendente-darrichon","status":"publish","type":"post","link":"https:\/\/informelitoral.com.ar\/bordet-definio-obras-para-diamante-con-el-intendente-darrichon\/","title":{"rendered":"Bordet defini\u00f3 obras para Diamante con el intendente Darrich\u00f3n"},"content":{"rendered":"<p>Tras el encuentro, el intendente Darrich\u00f3n indic\u00f3 que plante\u00f3 \u201calgunas cuestiones que son preocupantes para los diamantinos, como la estabilizaci\u00f3n de barrancas, un proyecto que ya est\u00e1 elaborado, se est\u00e1 buscando financiamiento y ya ten\u00eda algunos avances. Me voy satisfecho porque habr\u00eda posibilidades de en breve estar haciendo el llamado a licitaci\u00f3n, y para nosotros es una tranquilidad\u201d, remarc\u00f3.<\/p>\n<p>\u201cTambi\u00e9n charlamos sobre el proyecto tur\u00edstico que tenemos con el parque termal. Tendremos el financiamiento de la provincia para lo que va a ser la limpieza de nuestro pozo termal, lo que es una muy buena noticia que nos motiva mucho porque Diamante tiene una belleza natural que es muy rica pero en el invierno se nos complica con lo que es el turismo. De esta manera, estar\u00edamos cerrando una propuesta tur\u00edstica que va a traer beneficios y generar\u00e1 trabajo inmediatamente\u201d, coment\u00f3 Darrich\u00f3n, quien finalmente concluy\u00f3 que \u201cfue una muy buena reuni\u00f3n\u201d.<\/p>\n","protected":false},"excerpt":{"rendered":"<p>El gobernador Gustavo Bordet mantuvo una reuni\u00f3n del trabajo con el intendente de Diamante, Juan Carlos Darrich\u00f3n, con quien avanz\u00f3 sobre las posibilidades de financiamiento para obras de envergadura en esa ciudad, como la estabilizaci\u00f3n de barrancas.<\/p>\n","protected":false},"author":8,"featured_media":79089,"comment_status":"open","ping_status":"open","sticky":false,"template":"","format":"standard","meta":{"fifu_image_url":"","fifu_image_alt":"","footnotes":""},"categories":[5],"tags":[34,167,1281,283],"class_list":{"0":"post-79088","1":"post","2":"type-post","3":"status-publish","4":"format-standard","5":"has-post-thumbnail","7":"category-zonales","8":"tag-diamante","9":"tag-gustavo-bordet","10":"tag-juan-carlos-darrichon","11":"tag-obras"},"yoast_head":"<title>Bordet defini\u00f3 obras para Diamante con el intendente Darrich\u00f3n - Informe Litoral<\/title>\n<meta name=\"robots\" content=\"index, follow, max-snippet:-1, max-image-preview:large, max-video-preview:-1\" \/>\n<link rel=\"canonical\" href=\"https:\/\/informelitoral.com.ar\/bordet-definio-obras-para-diamante-con-el-intendente-darrichon\/\" \/>\n<meta property=\"og:locale\" content=\"es_ES\" \/>\n<meta property=\"og:type\" content=\"article\" \/>\n<meta property=\"og:title\" content=\"Bordet defini\u00f3 obras para Diamante con el intendente Darrich\u00f3n - Informe Litoral\" \/>\n<meta property=\"og:description\" content=\"El gobernador Gustavo Bordet mantuvo una reuni\u00f3n del trabajo con el intendente de Diamante, Juan Carlos Darrich\u00f3n, con quien avanz\u00f3 sobre las posibilidades de financiamiento para obras de envergadura en esa ciudad, como la estabilizaci\u00f3n de barrancas.\" \/>\n<meta property=\"og:url\" content=\"https:\/\/informelitoral.com.ar\/bordet-definio-obras-para-diamante-con-el-intendente-darrichon\/\" \/>\n<meta property=\"og:site_name\" content=\"Informe Litoral\" \/>\n<meta property=\"article:publisher\" content=\"https:\/\/www.facebook.com\/informelitoral\/\" \/>\n<meta property=\"article:published_time\" content=\"2022-06-06T10:50:19+00:00\" \/>\n<meta property=\"article:modified_time\" content=\"2022-06-06T11:27:35+00:00\" \/>\n<meta property=\"og:image\" content=\"https:\/\/informelitoral.com.ar\/%77%70%2d%63%6f%6e%74%65%6e%74\/uploads\/2022\/06\/p_1654348830.jpg\" \/>\n\t<meta property=\"og:image:width\" content=\"1920\" \/>\n\t<meta property=\"og:image:height\" content=\"800\" \/>\n\t<meta property=\"og:image:type\" content=\"image\/jpeg\" \/>\n<meta name=\"author\" content=\"Sebastian\" \/>\n<meta name=\"twitter:card\" content=\"summary_large_image\" \/>\n<meta name=\"twitter:creator\" content=\"@InformeLitoral\" \/>\n<meta name=\"twitter:site\" content=\"@InformeLitoral\" \/>\n<meta name=\"twitter:label1\" content=\"Escrito por\" \/>\n\t<meta name=\"twitter:data1\" content=\"Sebastian\" \/>\n\t<meta name=\"twitter:label2\" content=\"Tiempo de lectura\" \/>\n\t<meta name=\"twitter:data2\" content=\"1 minuto\" \/>\n<script type=\"application\/ld+json\" class=\"yoast-schema-graph\">{\"@context\":\"https:\\\/\\\/schema.org\",\"@graph\":[{\"@type\":\"Article\",\"@id\":\"https:\\\/\\\/informelitoral.com.ar\\\/bordet-definio-obras-para-diamante-con-el-intendente-darrichon\\\/#article\",\"isPartOf\":{\"@id\":\"https:\\\/\\\/informelitoral.com.ar\\\/bordet-definio-obras-para-diamante-con-el-intendente-darrichon\\\/\"},\"author\":{\"name\":\"Sebastian\",\"@id\":\"https:\\\/\\\/informelitoral.com.ar\\\/#\\\/schema\\\/person\\\/f05f9f461677119578717524b127d6d5\"},\"headline\":\"Bordet defini\u00f3 obras para Diamante con el intendente Darrich\u00f3n\",\"datePublished\":\"2022-06-06T10:50:19+00:00\",\"dateModified\":\"2022-06-06T11:27:35+00:00\",\"mainEntityOfPage\":{\"@id\":\"https:\\\/\\\/informelitoral.com.ar\\\/bordet-definio-obras-para-diamante-con-el-intendente-darrichon\\\/\"},\"wordCount\":172,\"commentCount\":0,\"publisher\":{\"@id\":\"https:\\\/\\\/informelitoral.com.ar\\\/#organization\"},\"image\":{\"@id\":\"https:\\\/\\\/informelitoral.com.ar\\\/bordet-definio-obras-para-diamante-con-el-intendente-darrichon\\\/#primaryimage\"},\"thumbnailUrl\":\"https:\\\/\\\/informelitoral.com.ar\\\/%77%70%2d%63%6f%6e%74%65%6e%74\\\/uploads\\\/2022\\\/06\\\/p_1654348830.jpg\",\"keywords\":[\"Diamante\",\"Gustavo Bordet\",\"Juan Carlos Darrich\u00f3n\",\"Obras\"],\"articleSection\":[\"Departamento Diamante\"],\"inLanguage\":\"es\",\"potentialAction\":[{\"@type\":\"CommentAction\",\"name\":\"Comment\",\"target\":[\"https:\\\/\\\/informelitoral.com.ar\\\/bordet-definio-obras-para-diamante-con-el-intendente-darrichon\\\/#respond\"]}]},{\"@type\":\"WebPage\",\"@id\":\"https:\\\/\\\/informelitoral.com.ar\\\/bordet-definio-obras-para-diamante-con-el-intendente-darrichon\\\/\",\"url\":\"https:\\\/\\\/informelitoral.com.ar\\\/bordet-definio-obras-para-diamante-con-el-intendente-darrichon\\\/\",\"name\":\"Bordet defini\u00f3 obras para Diamante con el intendente Darrich\u00f3n - Informe Litoral\",\"isPartOf\":{\"@id\":\"https:\\\/\\\/informelitoral.com.ar\\\/#website\"},\"primaryImageOfPage\":{\"@id\":\"https:\\\/\\\/informelitoral.com.ar\\\/bordet-definio-obras-para-diamante-con-el-intendente-darrichon\\\/#primaryimage\"},\"image\":{\"@id\":\"https:\\\/\\\/informelitoral.com.ar\\\/bordet-definio-obras-para-diamante-con-el-intendente-darrichon\\\/#primaryimage\"},\"thumbnailUrl\":\"https:\\\/\\\/informelitoral.com.ar\\\/%77%70%2d%63%6f%6e%74%65%6e%74\\\/uploads\\\/2022\\\/06\\\/p_1654348830.jpg\",\"datePublished\":\"2022-06-06T10:50:19+00:00\",\"dateModified\":\"2022-06-06T11:27:35+00:00\",\"breadcrumb\":{\"@id\":\"https:\\\/\\\/informelitoral.com.ar\\\/bordet-definio-obras-para-diamante-con-el-intendente-darrichon\\\/#breadcrumb\"},\"inLanguage\":\"es\",\"potentialAction\":[{\"@type\":\"ReadAction\",\"target\":[\"https:\\\/\\\/informelitoral.com.ar\\\/bordet-definio-obras-para-diamante-con-el-intendente-darrichon\\\/\"]}]},{\"@type\":\"ImageObject\",\"inLanguage\":\"es\",\"@id\":\"https:\\\/\\\/informelitoral.com.ar\\\/bordet-definio-obras-para-diamante-con-el-intendente-darrichon\\\/#primaryimage\",\"url\":\"https:\\\/\\\/informelitoral.com.ar\\\/%77%70%2d%63%6f%6e%74%65%6e%74\\\/uploads\\\/2022\\\/06\\\/p_1654348830.jpg\",\"contentUrl\":\"https:\\\/\\\/informelitoral.com.ar\\\/%77%70%2d%63%6f%6e%74%65%6e%74\\\/uploads\\\/2022\\\/06\\\/p_1654348830.jpg\",\"width\":1920,\"height\":800},{\"@type\":\"BreadcrumbList\",\"@id\":\"https:\\\/\\\/informelitoral.com.ar\\\/bordet-definio-obras-para-diamante-con-el-intendente-darrichon\\\/#breadcrumb\",\"itemListElement\":[{\"@type\":\"ListItem\",\"position\":1,\"name\":\"Portada\",\"item\":\"https:\\\/\\\/informelitoral.com.ar\\\/\"},{\"@type\":\"ListItem\",\"position\":2,\"name\":\"Bordet defini\u00f3 obras para Diamante con el intendente Darrich\u00f3n\"}]},{\"@type\":\"WebSite\",\"@id\":\"https:\\\/\\\/informelitoral.com.ar\\\/#website\",\"url\":\"https:\\\/\\\/informelitoral.com.ar\\\/\",\"name\":\"Informe Litoral\",\"description\":\"&quot;Nos informamos&quot; \",\"publisher\":{\"@id\":\"https:\\\/\\\/informelitoral.com.ar\\\/#organization\"},\"potentialAction\":[{\"@type\":\"SearchAction\",\"target\":{\"@type\":\"EntryPoint\",\"urlTemplate\":\"https:\\\/\\\/informelitoral.com.ar\\\/?s={search_term_string}\"},\"query-input\":{\"@type\":\"PropertyValueSpecification\",\"valueRequired\":true,\"valueName\":\"search_term_string\"}}],\"inLanguage\":\"es\"},{\"@type\":\"Organization\",\"@id\":\"https:\\\/\\\/informelitoral.com.ar\\\/#organization\",\"name\":\"Informe Litoral\",\"url\":\"https:\\\/\\\/informelitoral.com.ar\\\/\",\"logo\":{\"@type\":\"ImageObject\",\"inLanguage\":\"es\",\"@id\":\"https:\\\/\\\/informelitoral.com.ar\\\/#\\\/schema\\\/logo\\\/image\\\/\",\"url\":\"https:\\\/\\\/informelitoral.com.ar\\\/%77%70%2d%63%6f%6e%74%65%6e%74\\\/uploads\\\/2021\\\/01\\\/circulo.png\",\"contentUrl\":\"https:\\\/\\\/informelitoral.com.ar\\\/%77%70%2d%63%6f%6e%74%65%6e%74\\\/uploads\\\/2021\\\/01\\\/circulo.png\",\"width\":723,\"height\":731,\"caption\":\"Informe Litoral\"},\"image\":{\"@id\":\"https:\\\/\\\/informelitoral.com.ar\\\/#\\\/schema\\\/logo\\\/image\\\/\"},\"sameAs\":[\"https:\\\/\\\/www.facebook.com\\\/informelitoral\\\/\",\"https:\\\/\\\/x.com\\\/InformeLitoral\",\"https:\\\/\\\/www.instagram.com\\\/informelitoral\\\/\",\"https:\\\/\\\/www.youtube.com\\\/channel\\\/UCua4Qvz8Icb6MYqhoq9xLXw\"]},{\"@type\":\"Person\",\"@id\":\"https:\\\/\\\/informelitoral.com.ar\\\/#\\\/schema\\\/person\\\/f05f9f461677119578717524b127d6d5\",\"name\":\"Sebastian\",\"image\":{\"@type\":\"ImageObject\",\"inLanguage\":\"es\",\"@id\":\"https:\\\/\\\/secure.gravatar.com\\\/avatar\\\/b71bf7481d447dfb9583c7f2798e7cc64de6efb9067b74633ed8c31059a3bd82?s=96&d=mm&r=g\",\"url\":\"https:\\\/\\\/secure.gravatar.com\\\/avatar\\\/b71bf7481d447dfb9583c7f2798e7cc64de6efb9067b74633ed8c31059a3bd82?s=96&d=mm&r=g\",\"contentUrl\":\"https:\\\/\\\/secure.gravatar.com\\\/avatar\\\/b71bf7481d447dfb9583c7f2798e7cc64de6efb9067b74633ed8c31059a3bd82?s=96&d=mm&r=g\",\"caption\":\"Sebastian\"},\"url\":\"https:\\\/\\\/informelitoral.com.ar\\\/author\\\/sebastian\\\/\"}]}<\/script>","yoast_head_json":{"title":"Bordet defini\u00f3 obras para Diamante con el intendente Darrich\u00f3n - Informe Litoral","robots":{"index":"index","follow":"follow","max-snippet":"max-snippet:-1","max-image-preview":"max-image-preview:large","max-video-preview":"max-video-preview:-1"},"canonical":"https:\/\/informelitoral.com.ar\/bordet-definio-obras-para-diamante-con-el-intendente-darrichon\/","og_locale":"es_ES","og_type":"article","og_title":"Bordet defini\u00f3 obras para Diamante con el intendente Darrich\u00f3n - Informe Litoral","og_description":"El gobernador Gustavo Bordet mantuvo una reuni\u00f3n del trabajo con el intendente de Diamante, Juan Carlos Darrich\u00f3n, con quien avanz\u00f3 sobre las posibilidades de financiamiento para obras de envergadura en esa ciudad, como la estabilizaci\u00f3n de barrancas.","og_url":"https:\/\/informelitoral.com.ar\/bordet-definio-obras-para-diamante-con-el-intendente-darrichon\/","og_site_name":"Informe Litoral","article_publisher":"https:\/\/www.facebook.com\/informelitoral\/","article_published_time":"2022-06-06T10:50:19+00:00","article_modified_time":"2022-06-06T11:27:35+00:00","og_image":[{"width":1920,"height":800,"url":"https:\/\/informelitoral.com.ar\/%77%70%2d%63%6f%6e%74%65%6e%74\/uploads\/2022\/06\/p_1654348830.jpg","type":"image\/jpeg"}],"author":"Sebastian","twitter_card":"summary_large_image","twitter_creator":"@InformeLitoral","twitter_site":"@InformeLitoral","twitter_misc":{"Escrito por":"Sebastian","Tiempo de lectura":"1 minuto"},"schema":{"@context":"https:\/\/schema.org","@graph":[{"@type":"Article","@id":"https:\/\/informelitoral.com.ar\/bordet-definio-obras-para-diamante-con-el-intendente-darrichon\/#article","isPartOf":{"@id":"https:\/\/informelitoral.com.ar\/bordet-definio-obras-para-diamante-con-el-intendente-darrichon\/"},"author":{"name":"Sebastian","@id":"https:\/\/informelitoral.com.ar\/#\/schema\/person\/f05f9f461677119578717524b127d6d5"},"headline":"Bordet defini\u00f3 obras para Diamante con el intendente Darrich\u00f3n","datePublished":"2022-06-06T10:50:19+00:00","dateModified":"2022-06-06T11:27:35+00:00","mainEntityOfPage":{"@id":"https:\/\/informelitoral.com.ar\/bordet-definio-obras-para-diamante-con-el-intendente-darrichon\/"},"wordCount":172,"commentCount":0,"publisher":{"@id":"https:\/\/informelitoral.com.ar\/#organization"},"image":{"@id":"https:\/\/informelitoral.com.ar\/bordet-definio-obras-para-diamante-con-el-intendente-darrichon\/#primaryimage"},"thumbnailUrl":"https:\/\/informelitoral.com.ar\/%77%70%2d%63%6f%6e%74%65%6e%74\/uploads\/2022\/06\/p_1654348830.jpg","keywords":["Diamante","Gustavo Bordet","Juan Carlos Darrich\u00f3n","Obras"],"articleSection":["Departamento Diamante"],"inLanguage":"es","potentialAction":[{"@type":"CommentAction","name":"Comment","target":["https:\/\/informelitoral.com.ar\/bordet-definio-obras-para-diamante-con-el-intendente-darrichon\/#respond"]}]},{"@type":"WebPage","@id":"https:\/\/informelitoral.com.ar\/bordet-definio-obras-para-diamante-con-el-intendente-darrichon\/","url":"https:\/\/informelitoral.com.ar\/bordet-definio-obras-para-diamante-con-el-intendente-darrichon\/","name":"Bordet defini\u00f3 obras para Diamante con el intendente Darrich\u00f3n - Informe Litoral","isPartOf":{"@id":"https:\/\/informelitoral.com.ar\/#website"},"primaryImageOfPage":{"@id":"https:\/\/informelitoral.com.ar\/bordet-definio-obras-para-diamante-con-el-intendente-darrichon\/#primaryimage"},"image":{"@id":"https:\/\/informelitoral.com.ar\/bordet-definio-obras-para-diamante-con-el-intendente-darrichon\/#primaryimage"},"thumbnailUrl":"https:\/\/informelitoral.com.ar\/%77%70%2d%63%6f%6e%74%65%6e%74\/uploads\/2022\/06\/p_1654348830.jpg","datePublished":"2022-06-06T10:50:19+00:00","dateModified":"2022-06-06T11:27:35+00:00","breadcrumb":{"@id":"https:\/\/informelitoral.com.ar\/bordet-definio-obras-para-diamante-con-el-intendente-darrichon\/#breadcrumb"},"inLanguage":"es","potentialAction":[{"@type":"ReadAction","target":["https:\/\/informelitoral.com.ar\/bordet-definio-obras-para-diamante-con-el-intendente-darrichon\/"]}]},{"@type":"ImageObject","inLanguage":"es","@id":"https:\/\/informelitoral.com.ar\/bordet-definio-obras-para-diamante-con-el-intendente-darrichon\/#primaryimage","url":"https:\/\/informelitoral.com.ar\/%77%70%2d%63%6f%6e%74%65%6e%74\/uploads\/2022\/06\/p_1654348830.jpg","contentUrl":"https:\/\/informelitoral.com.ar\/%77%70%2d%63%6f%6e%74%65%6e%74\/uploads\/2022\/06\/p_1654348830.jpg","width":1920,"height":800},{"@type":"BreadcrumbList","@id":"https:\/\/informelitoral.com.ar\/bordet-definio-obras-para-diamante-con-el-intendente-darrichon\/#breadcrumb","itemListElement":[{"@type":"ListItem","position":1,"name":"Portada","item":"https:\/\/informelitoral.com.ar\/"},{"@type":"ListItem","position":2,"name":"Bordet defini\u00f3 obras para Diamante con el intendente Darrich\u00f3n"}]},{"@type":"WebSite","@id":"https:\/\/informelitoral.com.ar\/#website","url":"https:\/\/informelitoral.com.ar\/","name":"Informe Litoral","description":"&quot;Nos informamos&quot; ","publisher":{"@id":"https:\/\/informelitoral.com.ar\/#organization"},"potentialAction":[{"@type":"SearchAction","target":{"@type":"EntryPoint","urlTemplate":"https:\/\/informelitoral.com.ar\/?s={search_term_string}"},"query-input":{"@type":"PropertyValueSpecification","valueRequired":true,"valueName":"search_term_string"}}],"inLanguage":"es"},{"@type":"Organization","@id":"https:\/\/informelitoral.com.ar\/#organization","name":"Informe Litoral","url":"https:\/\/informelitoral.com.ar\/","logo":{"@type":"ImageObject","inLanguage":"es","@id":"https:\/\/informelitoral.com.ar\/#\/schema\/logo\/image\/","url":"https:\/\/informelitoral.com.ar\/%77%70%2d%63%6f%6e%74%65%6e%74\/uploads\/2021\/01\/circulo.png","contentUrl":"https:\/\/informelitoral.com.ar\/%77%70%2d%63%6f%6e%74%65%6e%74\/uploads\/2021\/01\/circulo.png","width":723,"height":731,"caption":"Informe Litoral"},"image":{"@id":"https:\/\/informelitoral.com.ar\/#\/schema\/logo\/image\/"},"sameAs":["https:\/\/www.facebook.com\/informelitoral\/","https:\/\/x.com\/InformeLitoral","https:\/\/www.instagram.com\/informelitoral\/","https:\/\/www.youtube.com\/channel\/UCua4Qvz8Icb6MYqhoq9xLXw"]},{"@type":"Person","@id":"https:\/\/informelitoral.com.ar\/#\/schema\/person\/f05f9f461677119578717524b127d6d5","name":"Sebastian","image":{"@type":"ImageObject","inLanguage":"es","@id":"https:\/\/secure.gravatar.com\/avatar\/b71bf7481d447dfb9583c7f2798e7cc64de6efb9067b74633ed8c31059a3bd82?s=96&d=mm&r=g","url":"https:\/\/secure.gravatar.com\/avatar\/b71bf7481d447dfb9583c7f2798e7cc64de6efb9067b74633ed8c31059a3bd82?s=96&d=mm&r=g","contentUrl":"https:\/\/secure.gravatar.com\/avatar\/b71bf7481d447dfb9583c7f2798e7cc64de6efb9067b74633ed8c31059a3bd82?s=96&d=mm&r=g","caption":"Sebastian"},"url":"https:\/\/informelitoral.com.ar\/author\/sebastian\/"}]}},"_links":{"self":[{"href":"https:\/\/informelitoral.com.ar\/%77%70%2d%6a%73%6f%6e\/wp\/v2\/posts\/79088","targetHints":{"allow":["GET"]}}],"collection":[{"href":"https:\/\/informelitoral.com.ar\/%77%70%2d%6a%73%6f%6e\/wp\/v2\/posts"}],"about":[{"href":"https:\/\/informelitoral.com.ar\/%77%70%2d%6a%73%6f%6e\/wp\/v2\/types\/post"}],"author":[{"embeddable":true,"href":"https:\/\/informelitoral.com.ar\/%77%70%2d%6a%73%6f%6e\/wp\/v2\/users\/8"}],"replies":[{"embeddable":true,"href":"https:\/\/informelitoral.com.ar\/%77%70%2d%6a%73%6f%6e\/wp\/v2\/comments?post=79088"}],"version-history":[{"count":0,"href":"https:\/\/informelitoral.com.ar\/%77%70%2d%6a%73%6f%6e\/wp\/v2\/posts\/79088\/revisions"}],"wp:featuredmedia":[{"embeddable":true,"href":"https:\/\/informelitoral.com.ar\/%77%70%2d%6a%73%6f%6e\/wp\/v2\/media\/79089"}],"wp:attachment":[{"href":"https:\/\/informelitoral.com.ar\/%77%70%2d%6a%73%6f%6e\/wp\/v2\/media?parent=79088"}],"wp:term":[{"taxonomy":"category","embeddable":true,"href":"https:\/\/informelitoral.com.ar\/%77%70%2d%6a%73%6f%6e\/wp\/v2\/categories?post=79088"},{"taxonomy":"post_tag","embeddable":true,"href":"https:\/\/informelitoral.com.ar\/%77%70%2d%6a%73%6f%6e\/wp\/v2\/tags?post=79088"}],"curies":[{"name":"wp","href":"https:\/\/api.w.org\/{rel}","templated":true}]}}