{"id":79071,"date":"2022-06-05T21:00:46","date_gmt":"2022-06-06T00:00:46","guid":{"rendered":"https:\/\/www.informelitoral.com.ar\/?p=79071"},"modified":"2022-06-05T21:06:28","modified_gmt":"2022-06-06T00:06:28","slug":"la-ganadera-logro-un-acuerdo-para-comprar-hacienda-en-junio-y-pagar-en-febrero-de-2023","status":"publish","type":"post","link":"https:\/\/informelitoral.com.ar\/la-ganadera-logro-un-acuerdo-para-comprar-hacienda-en-junio-y-pagar-en-febrero-de-2023\/","title":{"rendered":"La Ganadera logr\u00f3 un acuerdo para comprar hacienda en junio y pagar en febrero de 2023"},"content":{"rendered":"<p><strong>Cooperativa La Ganadera de General Ram\u00edrez,<\/strong> alcanz\u00f3 un acuerdo con el <strong>Banco Naci\u00f3n<\/strong> para que los <span style=\"background-color: #ffff00;\"><strong>productores puedan acceder a una linea financiera para la compra de cualquier categor\u00eda de hacienda a una tasa del 27%, durante el mes de junio, a pagar hasta el 28 de febrero de 2023.<\/strong><\/span><\/p>\n<p><em>\u00abCreemos que es una tasa muy conveniente respecto a lo que hoy tenemos en el marcado\u00bb,<\/em> asegur\u00f3 <strong>Fabricio Orsich<\/strong>, integrante del equipo gerencial.<\/p>\n<p>La l\u00ednea se implementa en las diferentes ferias de La Ganadera, al igual que en el <a href=\"https:\/\/www.informelitoral.com.ar\/cooperativa-la-ganadera-anuncia-un-nuevo-remate-televisado-para-junio\/\">remate televisado de este viernes 10 de junio,<\/a> como en transacciones particulares, supo <em><strong>Informe Litoral.\u00a0<\/strong><\/em><\/p>\n<h4><strong>Palabras de Fabricio Orsich, integrante del equipo gerencial de La Ganadera:\u00a0<\/strong><\/h4>\n<div class=\"youtube-embed\" data-video_id=\"ohtUFHG6rmU\"><iframe loading=\"lazy\" title=\"Plan ganadero - l\u00ednea financiera\" width=\"696\" height=\"392\" src=\"https:\/\/www.youtube.com\/embed\/ohtUFHG6rmU?feature=oembed&#038;enablejsapi=1\" frameborder=\"0\" allow=\"accelerometer; autoplay; clipboard-write; encrypted-media; gyroscope; picture-in-picture\" allowfullscreen><\/iframe><\/div>\n","protected":false},"excerpt":{"rendered":"<p>Fabricio Orsich, del equipo gerencial de la cooperativa entrerriana, cont\u00f3 detalles del acuerdo logrado con el Banco Naci\u00f3n para la compra de hacienda. Esto se da mediante un cr\u00e9dito en pesos a 270 d\u00edas. M\u00e1s detalles en esta nota. <\/p>\n","protected":false},"author":2,"featured_media":79072,"comment_status":"open","ping_status":"open","sticky":false,"template":"","format":"standard","meta":{"fifu_image_url":"","fifu_image_alt":"","footnotes":""},"categories":[10],"tags":[137,162,55],"class_list":{"0":"post-79071","1":"post","2":"type-post","3":"status-publish","4":"format-standard","5":"has-post-thumbnail","7":"category-campo","8":"tag-cooperativa","9":"tag-ganaderia","10":"tag-la-ganadera"},"yoast_head":"<title>La Ganadera logr\u00f3 un acuerdo para comprar hacienda en junio y pagar en febrero de 2023 - Informe Litoral<\/title>\n<meta name=\"robots\" content=\"index, follow, max-snippet:-1, max-image-preview:large, max-video-preview:-1\" \/>\n<link rel=\"canonical\" href=\"https:\/\/informelitoral.com.ar\/la-ganadera-logro-un-acuerdo-para-comprar-hacienda-en-junio-y-pagar-en-febrero-de-2023\/\" \/>\n<meta property=\"og:locale\" content=\"es_ES\" \/>\n<meta property=\"og:type\" content=\"article\" \/>\n<meta property=\"og:title\" content=\"La Ganadera logr\u00f3 un acuerdo para comprar hacienda en junio y pagar en febrero de 2023 - Informe Litoral\" \/>\n<meta property=\"og:description\" content=\"Fabricio Orsich, del equipo gerencial de la cooperativa entrerriana, cont\u00f3 detalles del acuerdo logrado con el Banco Naci\u00f3n para la compra de hacienda. Esto se da mediante un cr\u00e9dito en pesos a 270 d\u00edas. M\u00e1s detalles en esta nota.\" \/>\n<meta property=\"og:url\" content=\"https:\/\/informelitoral.com.ar\/la-ganadera-logro-un-acuerdo-para-comprar-hacienda-en-junio-y-pagar-en-febrero-de-2023\/\" \/>\n<meta property=\"og:site_name\" content=\"Informe Litoral\" \/>\n<meta property=\"article:publisher\" content=\"https:\/\/www.facebook.com\/informelitoral\/\" \/>\n<meta property=\"article:published_time\" content=\"2022-06-06T00:00:46+00:00\" \/>\n<meta property=\"article:modified_time\" content=\"2022-06-06T00:06:28+00:00\" \/>\n<meta property=\"og:image\" content=\"https:\/\/informelitoral.com.ar\/%77%70%2d%63%6f%6e%74%65%6e%74\/uploads\/2022\/06\/hacienda.jpg\" \/>\n\t<meta property=\"og:image:width\" content=\"1000\" \/>\n\t<meta property=\"og:image:height\" content=\"570\" \/>\n\t<meta property=\"og:image:type\" content=\"image\/jpeg\" \/>\n<meta name=\"author\" content=\"Gonzalo Schmidt\" \/>\n<meta name=\"twitter:card\" content=\"summary_large_image\" \/>\n<meta name=\"twitter:creator\" content=\"@InformeLitoral\" \/>\n<meta name=\"twitter:site\" content=\"@InformeLitoral\" \/>\n<meta name=\"twitter:label1\" content=\"Escrito por\" \/>\n\t<meta name=\"twitter:data1\" content=\"Gonzalo Schmidt\" \/>\n\t<meta name=\"twitter:label2\" content=\"Tiempo de lectura\" \/>\n\t<meta name=\"twitter:data2\" content=\"1 minuto\" \/>\n<script type=\"application\/ld+json\" class=\"yoast-schema-graph\">{\"@context\":\"https:\\\/\\\/schema.org\",\"@graph\":[{\"@type\":\"Article\",\"@id\":\"https:\\\/\\\/informelitoral.com.ar\\\/la-ganadera-logro-un-acuerdo-para-comprar-hacienda-en-junio-y-pagar-en-febrero-de-2023\\\/#article\",\"isPartOf\":{\"@id\":\"https:\\\/\\\/informelitoral.com.ar\\\/la-ganadera-logro-un-acuerdo-para-comprar-hacienda-en-junio-y-pagar-en-febrero-de-2023\\\/\"},\"author\":{\"name\":\"Gonzalo Schmidt\",\"@id\":\"https:\\\/\\\/informelitoral.com.ar\\\/#\\\/schema\\\/person\\\/b9d00407c836482871ef1d57bf8e3180\"},\"headline\":\"La Ganadera logr\u00f3 un acuerdo para comprar hacienda en junio y pagar en febrero de 2023\",\"datePublished\":\"2022-06-06T00:00:46+00:00\",\"dateModified\":\"2022-06-06T00:06:28+00:00\",\"mainEntityOfPage\":{\"@id\":\"https:\\\/\\\/informelitoral.com.ar\\\/la-ganadera-logro-un-acuerdo-para-comprar-hacienda-en-junio-y-pagar-en-febrero-de-2023\\\/\"},\"wordCount\":138,\"commentCount\":0,\"publisher\":{\"@id\":\"https:\\\/\\\/informelitoral.com.ar\\\/#organization\"},\"image\":{\"@id\":\"https:\\\/\\\/informelitoral.com.ar\\\/la-ganadera-logro-un-acuerdo-para-comprar-hacienda-en-junio-y-pagar-en-febrero-de-2023\\\/#primaryimage\"},\"thumbnailUrl\":\"https:\\\/\\\/informelitoral.com.ar\\\/%77%70%2d%63%6f%6e%74%65%6e%74\\\/uploads\\\/2022\\\/06\\\/hacienda.jpg\",\"keywords\":[\"Cooperativa\",\"Ganader\u00eda\",\"La Ganadera\"],\"articleSection\":[\"Campo\"],\"inLanguage\":\"es\",\"potentialAction\":[{\"@type\":\"CommentAction\",\"name\":\"Comment\",\"target\":[\"https:\\\/\\\/informelitoral.com.ar\\\/la-ganadera-logro-un-acuerdo-para-comprar-hacienda-en-junio-y-pagar-en-febrero-de-2023\\\/#respond\"]}]},{\"@type\":\"WebPage\",\"@id\":\"https:\\\/\\\/informelitoral.com.ar\\\/la-ganadera-logro-un-acuerdo-para-comprar-hacienda-en-junio-y-pagar-en-febrero-de-2023\\\/\",\"url\":\"https:\\\/\\\/informelitoral.com.ar\\\/la-ganadera-logro-un-acuerdo-para-comprar-hacienda-en-junio-y-pagar-en-febrero-de-2023\\\/\",\"name\":\"La Ganadera logr\u00f3 un acuerdo para comprar hacienda en junio y pagar en febrero de 2023 - Informe Litoral\",\"isPartOf\":{\"@id\":\"https:\\\/\\\/informelitoral.com.ar\\\/#website\"},\"primaryImageOfPage\":{\"@id\":\"https:\\\/\\\/informelitoral.com.ar\\\/la-ganadera-logro-un-acuerdo-para-comprar-hacienda-en-junio-y-pagar-en-febrero-de-2023\\\/#primaryimage\"},\"image\":{\"@id\":\"https:\\\/\\\/informelitoral.com.ar\\\/la-ganadera-logro-un-acuerdo-para-comprar-hacienda-en-junio-y-pagar-en-febrero-de-2023\\\/#primaryimage\"},\"thumbnailUrl\":\"https:\\\/\\\/informelitoral.com.ar\\\/%77%70%2d%63%6f%6e%74%65%6e%74\\\/uploads\\\/2022\\\/06\\\/hacienda.jpg\",\"datePublished\":\"2022-06-06T00:00:46+00:00\",\"dateModified\":\"2022-06-06T00:06:28+00:00\",\"breadcrumb\":{\"@id\":\"https:\\\/\\\/informelitoral.com.ar\\\/la-ganadera-logro-un-acuerdo-para-comprar-hacienda-en-junio-y-pagar-en-febrero-de-2023\\\/#breadcrumb\"},\"inLanguage\":\"es\",\"potentialAction\":[{\"@type\":\"ReadAction\",\"target\":[\"https:\\\/\\\/informelitoral.com.ar\\\/la-ganadera-logro-un-acuerdo-para-comprar-hacienda-en-junio-y-pagar-en-febrero-de-2023\\\/\"]}]},{\"@type\":\"ImageObject\",\"inLanguage\":\"es\",\"@id\":\"https:\\\/\\\/informelitoral.com.ar\\\/la-ganadera-logro-un-acuerdo-para-comprar-hacienda-en-junio-y-pagar-en-febrero-de-2023\\\/#primaryimage\",\"url\":\"https:\\\/\\\/informelitoral.com.ar\\\/%77%70%2d%63%6f%6e%74%65%6e%74\\\/uploads\\\/2022\\\/06\\\/hacienda.jpg\",\"contentUrl\":\"https:\\\/\\\/informelitoral.com.ar\\\/%77%70%2d%63%6f%6e%74%65%6e%74\\\/uploads\\\/2022\\\/06\\\/hacienda.jpg\",\"width\":1000,\"height\":570},{\"@type\":\"BreadcrumbList\",\"@id\":\"https:\\\/\\\/informelitoral.com.ar\\\/la-ganadera-logro-un-acuerdo-para-comprar-hacienda-en-junio-y-pagar-en-febrero-de-2023\\\/#breadcrumb\",\"itemListElement\":[{\"@type\":\"ListItem\",\"position\":1,\"name\":\"Portada\",\"item\":\"https:\\\/\\\/informelitoral.com.ar\\\/\"},{\"@type\":\"ListItem\",\"position\":2,\"name\":\"La Ganadera logr\u00f3 un acuerdo para comprar hacienda en junio y pagar en febrero de 2023\"}]},{\"@type\":\"WebSite\",\"@id\":\"https:\\\/\\\/informelitoral.com.ar\\\/#website\",\"url\":\"https:\\\/\\\/informelitoral.com.ar\\\/\",\"name\":\"Informe Litoral\",\"description\":\"&quot;Nos informamos&quot; \",\"publisher\":{\"@id\":\"https:\\\/\\\/informelitoral.com.ar\\\/#organization\"},\"potentialAction\":[{\"@type\":\"SearchAction\",\"target\":{\"@type\":\"EntryPoint\",\"urlTemplate\":\"https:\\\/\\\/informelitoral.com.ar\\\/?s={search_term_string}\"},\"query-input\":{\"@type\":\"PropertyValueSpecification\",\"valueRequired\":true,\"valueName\":\"search_term_string\"}}],\"inLanguage\":\"es\"},{\"@type\":\"Organization\",\"@id\":\"https:\\\/\\\/informelitoral.com.ar\\\/#organization\",\"name\":\"Informe Litoral\",\"url\":\"https:\\\/\\\/informelitoral.com.ar\\\/\",\"logo\":{\"@type\":\"ImageObject\",\"inLanguage\":\"es\",\"@id\":\"https:\\\/\\\/informelitoral.com.ar\\\/#\\\/schema\\\/logo\\\/image\\\/\",\"url\":\"https:\\\/\\\/informelitoral.com.ar\\\/%77%70%2d%63%6f%6e%74%65%6e%74\\\/uploads\\\/2021\\\/01\\\/circulo.png\",\"contentUrl\":\"https:\\\/\\\/informelitoral.com.ar\\\/%77%70%2d%63%6f%6e%74%65%6e%74\\\/uploads\\\/2021\\\/01\\\/circulo.png\",\"width\":723,\"height\":731,\"caption\":\"Informe Litoral\"},\"image\":{\"@id\":\"https:\\\/\\\/informelitoral.com.ar\\\/#\\\/schema\\\/logo\\\/image\\\/\"},\"sameAs\":[\"https:\\\/\\\/www.facebook.com\\\/informelitoral\\\/\",\"https:\\\/\\\/x.com\\\/InformeLitoral\",\"https:\\\/\\\/www.instagram.com\\\/informelitoral\\\/\",\"https:\\\/\\\/www.youtube.com\\\/channel\\\/UCua4Qvz8Icb6MYqhoq9xLXw\"]},{\"@type\":\"Person\",\"@id\":\"https:\\\/\\\/informelitoral.com.ar\\\/#\\\/schema\\\/person\\\/b9d00407c836482871ef1d57bf8e3180\",\"name\":\"Gonzalo Schmidt\",\"image\":{\"@type\":\"ImageObject\",\"inLanguage\":\"es\",\"@id\":\"https:\\\/\\\/secure.gravatar.com\\\/avatar\\\/31a1a7b66ff2de83bd0e9fd79d026630d2d99e55e8bfe501287647b4fd9743de?s=96&d=mm&r=g\",\"url\":\"https:\\\/\\\/secure.gravatar.com\\\/avatar\\\/31a1a7b66ff2de83bd0e9fd79d026630d2d99e55e8bfe501287647b4fd9743de?s=96&d=mm&r=g\",\"contentUrl\":\"https:\\\/\\\/secure.gravatar.com\\\/avatar\\\/31a1a7b66ff2de83bd0e9fd79d026630d2d99e55e8bfe501287647b4fd9743de?s=96&d=mm&r=g\",\"caption\":\"Gonzalo Schmidt\"},\"description\":\"Sitio web de noticias de la provincia de Entre R\u00edos, Argentina. Informaci\u00f3n y entretenimiento. Informe Litoral, nos informamos.\",\"sameAs\":[\"http:\\\/\\\/www.isletasnoticias.com.ar\"],\"url\":\"https:\\\/\\\/informelitoral.com.ar\\\/author\\\/gonzalo\\\/\"}]}<\/script>","yoast_head_json":{"title":"La Ganadera logr\u00f3 un acuerdo para comprar hacienda en junio y pagar en febrero de 2023 - Informe Litoral","robots":{"index":"index","follow":"follow","max-snippet":"max-snippet:-1","max-image-preview":"max-image-preview:large","max-video-preview":"max-video-preview:-1"},"canonical":"https:\/\/informelitoral.com.ar\/la-ganadera-logro-un-acuerdo-para-comprar-hacienda-en-junio-y-pagar-en-febrero-de-2023\/","og_locale":"es_ES","og_type":"article","og_title":"La Ganadera logr\u00f3 un acuerdo para comprar hacienda en junio y pagar en febrero de 2023 - Informe Litoral","og_description":"Fabricio Orsich, del equipo gerencial de la cooperativa entrerriana, cont\u00f3 detalles del acuerdo logrado con el Banco Naci\u00f3n para la compra de hacienda. Esto se da mediante un cr\u00e9dito en pesos a 270 d\u00edas. M\u00e1s detalles en esta nota.","og_url":"https:\/\/informelitoral.com.ar\/la-ganadera-logro-un-acuerdo-para-comprar-hacienda-en-junio-y-pagar-en-febrero-de-2023\/","og_site_name":"Informe Litoral","article_publisher":"https:\/\/www.facebook.com\/informelitoral\/","article_published_time":"2022-06-06T00:00:46+00:00","article_modified_time":"2022-06-06T00:06:28+00:00","og_image":[{"width":1000,"height":570,"url":"https:\/\/informelitoral.com.ar\/%77%70%2d%63%6f%6e%74%65%6e%74\/uploads\/2022\/06\/hacienda.jpg","type":"image\/jpeg"}],"author":"Gonzalo Schmidt","twitter_card":"summary_large_image","twitter_creator":"@InformeLitoral","twitter_site":"@InformeLitoral","twitter_misc":{"Escrito por":"Gonzalo Schmidt","Tiempo de lectura":"1 minuto"},"schema":{"@context":"https:\/\/schema.org","@graph":[{"@type":"Article","@id":"https:\/\/informelitoral.com.ar\/la-ganadera-logro-un-acuerdo-para-comprar-hacienda-en-junio-y-pagar-en-febrero-de-2023\/#article","isPartOf":{"@id":"https:\/\/informelitoral.com.ar\/la-ganadera-logro-un-acuerdo-para-comprar-hacienda-en-junio-y-pagar-en-febrero-de-2023\/"},"author":{"name":"Gonzalo Schmidt","@id":"https:\/\/informelitoral.com.ar\/#\/schema\/person\/b9d00407c836482871ef1d57bf8e3180"},"headline":"La Ganadera logr\u00f3 un acuerdo para comprar hacienda en junio y pagar en febrero de 2023","datePublished":"2022-06-06T00:00:46+00:00","dateModified":"2022-06-06T00:06:28+00:00","mainEntityOfPage":{"@id":"https:\/\/informelitoral.com.ar\/la-ganadera-logro-un-acuerdo-para-comprar-hacienda-en-junio-y-pagar-en-febrero-de-2023\/"},"wordCount":138,"commentCount":0,"publisher":{"@id":"https:\/\/informelitoral.com.ar\/#organization"},"image":{"@id":"https:\/\/informelitoral.com.ar\/la-ganadera-logro-un-acuerdo-para-comprar-hacienda-en-junio-y-pagar-en-febrero-de-2023\/#primaryimage"},"thumbnailUrl":"https:\/\/informelitoral.com.ar\/%77%70%2d%63%6f%6e%74%65%6e%74\/uploads\/2022\/06\/hacienda.jpg","keywords":["Cooperativa","Ganader\u00eda","La Ganadera"],"articleSection":["Campo"],"inLanguage":"es","potentialAction":[{"@type":"CommentAction","name":"Comment","target":["https:\/\/informelitoral.com.ar\/la-ganadera-logro-un-acuerdo-para-comprar-hacienda-en-junio-y-pagar-en-febrero-de-2023\/#respond"]}]},{"@type":"WebPage","@id":"https:\/\/informelitoral.com.ar\/la-ganadera-logro-un-acuerdo-para-comprar-hacienda-en-junio-y-pagar-en-febrero-de-2023\/","url":"https:\/\/informelitoral.com.ar\/la-ganadera-logro-un-acuerdo-para-comprar-hacienda-en-junio-y-pagar-en-febrero-de-2023\/","name":"La Ganadera logr\u00f3 un acuerdo para comprar hacienda en junio y pagar en febrero de 2023 - Informe Litoral","isPartOf":{"@id":"https:\/\/informelitoral.com.ar\/#website"},"primaryImageOfPage":{"@id":"https:\/\/informelitoral.com.ar\/la-ganadera-logro-un-acuerdo-para-comprar-hacienda-en-junio-y-pagar-en-febrero-de-2023\/#primaryimage"},"image":{"@id":"https:\/\/informelitoral.com.ar\/la-ganadera-logro-un-acuerdo-para-comprar-hacienda-en-junio-y-pagar-en-febrero-de-2023\/#primaryimage"},"thumbnailUrl":"https:\/\/informelitoral.com.ar\/%77%70%2d%63%6f%6e%74%65%6e%74\/uploads\/2022\/06\/hacienda.jpg","datePublished":"2022-06-06T00:00:46+00:00","dateModified":"2022-06-06T00:06:28+00:00","breadcrumb":{"@id":"https:\/\/informelitoral.com.ar\/la-ganadera-logro-un-acuerdo-para-comprar-hacienda-en-junio-y-pagar-en-febrero-de-2023\/#breadcrumb"},"inLanguage":"es","potentialAction":[{"@type":"ReadAction","target":["https:\/\/informelitoral.com.ar\/la-ganadera-logro-un-acuerdo-para-comprar-hacienda-en-junio-y-pagar-en-febrero-de-2023\/"]}]},{"@type":"ImageObject","inLanguage":"es","@id":"https:\/\/informelitoral.com.ar\/la-ganadera-logro-un-acuerdo-para-comprar-hacienda-en-junio-y-pagar-en-febrero-de-2023\/#primaryimage","url":"https:\/\/informelitoral.com.ar\/%77%70%2d%63%6f%6e%74%65%6e%74\/uploads\/2022\/06\/hacienda.jpg","contentUrl":"https:\/\/informelitoral.com.ar\/%77%70%2d%63%6f%6e%74%65%6e%74\/uploads\/2022\/06\/hacienda.jpg","width":1000,"height":570},{"@type":"BreadcrumbList","@id":"https:\/\/informelitoral.com.ar\/la-ganadera-logro-un-acuerdo-para-comprar-hacienda-en-junio-y-pagar-en-febrero-de-2023\/#breadcrumb","itemListElement":[{"@type":"ListItem","position":1,"name":"Portada","item":"https:\/\/informelitoral.com.ar\/"},{"@type":"ListItem","position":2,"name":"La Ganadera logr\u00f3 un acuerdo para comprar hacienda en junio y pagar en febrero de 2023"}]},{"@type":"WebSite","@id":"https:\/\/informelitoral.com.ar\/#website","url":"https:\/\/informelitoral.com.ar\/","name":"Informe Litoral","description":"&quot;Nos informamos&quot; ","publisher":{"@id":"https:\/\/informelitoral.com.ar\/#organization"},"potentialAction":[{"@type":"SearchAction","target":{"@type":"EntryPoint","urlTemplate":"https:\/\/informelitoral.com.ar\/?s={search_term_string}"},"query-input":{"@type":"PropertyValueSpecification","valueRequired":true,"valueName":"search_term_string"}}],"inLanguage":"es"},{"@type":"Organization","@id":"https:\/\/informelitoral.com.ar\/#organization","name":"Informe Litoral","url":"https:\/\/informelitoral.com.ar\/","logo":{"@type":"ImageObject","inLanguage":"es","@id":"https:\/\/informelitoral.com.ar\/#\/schema\/logo\/image\/","url":"https:\/\/informelitoral.com.ar\/%77%70%2d%63%6f%6e%74%65%6e%74\/uploads\/2021\/01\/circulo.png","contentUrl":"https:\/\/informelitoral.com.ar\/%77%70%2d%63%6f%6e%74%65%6e%74\/uploads\/2021\/01\/circulo.png","width":723,"height":731,"caption":"Informe Litoral"},"image":{"@id":"https:\/\/informelitoral.com.ar\/#\/schema\/logo\/image\/"},"sameAs":["https:\/\/www.facebook.com\/informelitoral\/","https:\/\/x.com\/InformeLitoral","https:\/\/www.instagram.com\/informelitoral\/","https:\/\/www.youtube.com\/channel\/UCua4Qvz8Icb6MYqhoq9xLXw"]},{"@type":"Person","@id":"https:\/\/informelitoral.com.ar\/#\/schema\/person\/b9d00407c836482871ef1d57bf8e3180","name":"Gonzalo Schmidt","image":{"@type":"ImageObject","inLanguage":"es","@id":"https:\/\/secure.gravatar.com\/avatar\/31a1a7b66ff2de83bd0e9fd79d026630d2d99e55e8bfe501287647b4fd9743de?s=96&d=mm&r=g","url":"https:\/\/secure.gravatar.com\/avatar\/31a1a7b66ff2de83bd0e9fd79d026630d2d99e55e8bfe501287647b4fd9743de?s=96&d=mm&r=g","contentUrl":"https:\/\/secure.gravatar.com\/avatar\/31a1a7b66ff2de83bd0e9fd79d026630d2d99e55e8bfe501287647b4fd9743de?s=96&d=mm&r=g","caption":"Gonzalo Schmidt"},"description":"Sitio web de noticias de la provincia de Entre R\u00edos, Argentina. Informaci\u00f3n y entretenimiento. Informe Litoral, nos informamos.","sameAs":["http:\/\/www.isletasnoticias.com.ar"],"url":"https:\/\/informelitoral.com.ar\/author\/gonzalo\/"}]}},"_links":{"self":[{"href":"https:\/\/informelitoral.com.ar\/%77%70%2d%6a%73%6f%6e\/wp\/v2\/posts\/79071","targetHints":{"allow":["GET"]}}],"collection":[{"href":"https:\/\/informelitoral.com.ar\/%77%70%2d%6a%73%6f%6e\/wp\/v2\/posts"}],"about":[{"href":"https:\/\/informelitoral.com.ar\/%77%70%2d%6a%73%6f%6e\/wp\/v2\/types\/post"}],"author":[{"embeddable":true,"href":"https:\/\/informelitoral.com.ar\/%77%70%2d%6a%73%6f%6e\/wp\/v2\/users\/2"}],"replies":[{"embeddable":true,"href":"https:\/\/informelitoral.com.ar\/%77%70%2d%6a%73%6f%6e\/wp\/v2\/comments?post=79071"}],"version-history":[{"count":0,"href":"https:\/\/informelitoral.com.ar\/%77%70%2d%6a%73%6f%6e\/wp\/v2\/posts\/79071\/revisions"}],"wp:featuredmedia":[{"embeddable":true,"href":"https:\/\/informelitoral.com.ar\/%77%70%2d%6a%73%6f%6e\/wp\/v2\/media\/79072"}],"wp:attachment":[{"href":"https:\/\/informelitoral.com.ar\/%77%70%2d%6a%73%6f%6e\/wp\/v2\/media?parent=79071"}],"wp:term":[{"taxonomy":"category","embeddable":true,"href":"https:\/\/informelitoral.com.ar\/%77%70%2d%6a%73%6f%6e\/wp\/v2\/categories?post=79071"},{"taxonomy":"post_tag","embeddable":true,"href":"https:\/\/informelitoral.com.ar\/%77%70%2d%6a%73%6f%6e\/wp\/v2\/tags?post=79071"}],"curies":[{"name":"wp","href":"https:\/\/api.w.org\/{rel}","templated":true}]}}