{"id":79062,"date":"2022-06-05T20:40:29","date_gmt":"2022-06-05T23:40:29","guid":{"rendered":"https:\/\/www.informelitoral.com.ar\/?p=79062"},"modified":"2022-06-05T20:41:54","modified_gmt":"2022-06-05T23:41:54","slug":"el-aporte-de-una-escuela-entrerriana-al-cuidado-del-monte-nativo","status":"publish","type":"post","link":"https:\/\/informelitoral.com.ar\/el-aporte-de-una-escuela-entrerriana-al-cuidado-del-monte-nativo\/","title":{"rendered":"El aporte de una escuela entrerriana al cuidado del monte nativo"},"content":{"rendered":"<p>\u201cEl proyecto surge en 2017, formulado en conjunto con el parque General San Mart\u00edn, con el fin de producir plantas nativas de la zona del espinal y concientizar a tanto a los alumnos como a la sociedad sobre algo tan importante como es la conservaci\u00f3n de nuestro medioambiente; adem\u00e1s de producci\u00f3n para la venta. Los ingresos se destinan al financiamiento de las distintas actividades que se realizan en la escuela\u201d, indic\u00f3 <strong>Sergio Ar\u00e9valo,<\/strong> ingeniero agr\u00f3nomo y director del vivero.<\/p>\n<p><a href=\"https:\/\/www.informelitoral.com.ar\/%77%70%2d%63%6f%6e%74%65%6e%74\/uploads\/2022\/06\/fe2c206f-22aa-4377-9bf1-86bc55aa486b.jpg\"><img loading=\"lazy\" decoding=\"async\" class=\"aligncenter wp-image-79069 size-full\" src=\"https:\/\/www.informelitoral.com.ar\/%77%70%2d%63%6f%6e%74%65%6e%74\/uploads\/2022\/06\/fe2c206f-22aa-4377-9bf1-86bc55aa486b.jpg\" alt=\"\" width=\"983\" height=\"691\" srcset=\"https:\/\/informelitoral.com.ar\/%77%70%2d%63%6f%6e%74%65%6e%74\/uploads\/2022\/06\/fe2c206f-22aa-4377-9bf1-86bc55aa486b.jpg 983w, https:\/\/informelitoral.com.ar\/%77%70%2d%63%6f%6e%74%65%6e%74\/uploads\/2022\/06\/fe2c206f-22aa-4377-9bf1-86bc55aa486b-300x211.jpg 300w, https:\/\/informelitoral.com.ar\/%77%70%2d%63%6f%6e%74%65%6e%74\/uploads\/2022\/06\/fe2c206f-22aa-4377-9bf1-86bc55aa486b-768x540.jpg 768w, https:\/\/informelitoral.com.ar\/%77%70%2d%63%6f%6e%74%65%6e%74\/uploads\/2022\/06\/fe2c206f-22aa-4377-9bf1-86bc55aa486b-696x489.jpg 696w, https:\/\/informelitoral.com.ar\/%77%70%2d%63%6f%6e%74%65%6e%74\/uploads\/2022\/06\/fe2c206f-22aa-4377-9bf1-86bc55aa486b-597x420.jpg 597w, https:\/\/informelitoral.com.ar\/%77%70%2d%63%6f%6e%74%65%6e%74\/uploads\/2022\/06\/fe2c206f-22aa-4377-9bf1-86bc55aa486b-100x70.jpg 100w\" sizes=\"auto, (max-width: 983px) 100vw, 983px\" \/><\/a><\/p>\n<p>Agreg\u00f3 adem\u00e1s que durante los \u00faltimos a\u00f1os la producci\u00f3n ascendi\u00f3 a 2000 \u00e1rboles anuales, entre los cuales se encuentran especies representativas del monte entrerriano como el \u00f1andubay, el aromito, algarrobo blanco y negro, sen del campo, ceibo, y otras menos conocidas como el viraj\u00fa; y que el deseo es no s\u00f3lo ir superando esa cantidad mes a mes, sino tambi\u00e9n incorporar nuevas especies.<\/p>\n<p>\u201cEs un trabajo m\u00e1s bien artesanal: la mayor\u00eda de semillas que usamos vienen dentro de vainas o chauchas, por lo que tenemos que extraerlas de ah\u00ed con un alicate y seleccionarlas. De esa selecci\u00f3n se hace generalmente un escarificado con una lija en un borde de la semilla para luego colocarla en agua\u201d, expres\u00f3 Ar\u00e9valo cuando le consultamos acerca del modo de producir.<\/p>\n<p>Algunas variedades, como el sen del campo, representaron un mayor desaf\u00edo para el equipo de El Aromito: \u201cHicimos varias pruebas con diferentes temperaturas, diferentes tiempos en agua, tambi\u00e9n la escarificamos. Lo que aprendimos de esa semilla es que necesita un cierto tiempo, pasar de un a\u00f1o a otro, para que pueda comenzar la germinaci\u00f3n\u201d. \u201cCada semilla tiene su secreto\u201d, confi\u00f3.<\/p>\n<p><a href=\"https:\/\/www.informelitoral.com.ar\/%77%70%2d%63%6f%6e%74%65%6e%74\/uploads\/2022\/06\/f28b3a67-de40-45e2-bd07-a4dc9ed17d42.jpg\"><img loading=\"lazy\" decoding=\"async\" class=\"aligncenter wp-image-79068 size-full\" src=\"https:\/\/www.informelitoral.com.ar\/%77%70%2d%63%6f%6e%74%65%6e%74\/uploads\/2022\/06\/f28b3a67-de40-45e2-bd07-a4dc9ed17d42.jpg\" alt=\"\" width=\"997\" height=\"550\" srcset=\"https:\/\/informelitoral.com.ar\/%77%70%2d%63%6f%6e%74%65%6e%74\/uploads\/2022\/06\/f28b3a67-de40-45e2-bd07-a4dc9ed17d42.jpg 997w, https:\/\/informelitoral.com.ar\/%77%70%2d%63%6f%6e%74%65%6e%74\/uploads\/2022\/06\/f28b3a67-de40-45e2-bd07-a4dc9ed17d42-300x165.jpg 300w, https:\/\/informelitoral.com.ar\/%77%70%2d%63%6f%6e%74%65%6e%74\/uploads\/2022\/06\/f28b3a67-de40-45e2-bd07-a4dc9ed17d42-768x424.jpg 768w, https:\/\/informelitoral.com.ar\/%77%70%2d%63%6f%6e%74%65%6e%74\/uploads\/2022\/06\/f28b3a67-de40-45e2-bd07-a4dc9ed17d42-696x385.jpg 696w, https:\/\/informelitoral.com.ar\/%77%70%2d%63%6f%6e%74%65%6e%74\/uploads\/2022\/06\/f28b3a67-de40-45e2-bd07-a4dc9ed17d42-761x420.jpg 761w\" sizes=\"auto, (max-width: 997px) 100vw, 997px\" \/><\/a><\/p>\n<p>Considerando la alta tasa de deforestaci\u00f3n que presenta la provincia, este es sin dudas un proyecto de alta importancia ecol\u00f3gica. Existe una amplia diversidad de animales que necesitan de estos nichos ecol\u00f3gicos para poder reproducirse y conservar la especie, es por ello que destruir su h\u00e1bitat natural conlleva el peligro de generar un desastre ecol\u00f3gico.<\/p>\n<p>El director del proyecto desliz\u00f3 que el primer impacto positivo que pudieron notar fue en los alumnos y en la misma comunidad educativa, como as\u00ed tambi\u00e9n mucha gente se acerca a conocer el vivero: \u201cPor ejemplo, vecinos de la zona se acercan a preguntar y se llevan un ejemplar, se va conformando una cadena. La difusi\u00f3n que posee nuestra escuela a nivel medios, al ser agrot\u00e9cnica, es muy buena: afortunadamente la gente va leyendo, se va enterando y vamos captando su atenci\u00f3n\u201d, sintetiz\u00f3.<\/p>\n<p><em>Augusto Olivieri \/ Colaboraci\u00f3n para Campo en Acci\u00f3n<\/em><\/p>\n","protected":false},"excerpt":{"rendered":"<p>El vivero El Aromito, ubicado en la Escuela Normal Rural Almafuerte de La Picada, contribuye a la reforestaci\u00f3n de especies nativas de la provincia con un enfoque educativo.<\/p>\n","protected":false},"author":2,"featured_media":79067,"comment_status":"open","ping_status":"open","sticky":false,"template":"","format":"standard","meta":{"fifu_image_url":"","fifu_image_alt":"","footnotes":""},"categories":[10],"tags":[2843,1459],"class_list":{"0":"post-79062","1":"post","2":"type-post","3":"status-publish","4":"format-standard","5":"has-post-thumbnail","7":"category-campo","8":"tag-la-picada","9":"tag-monte-nativo"},"yoast_head":"<title>El aporte de una escuela entrerriana al cuidado del monte nativo - Informe Litoral<\/title>\n<meta name=\"robots\" content=\"index, follow, max-snippet:-1, max-image-preview:large, max-video-preview:-1\" \/>\n<link rel=\"canonical\" href=\"https:\/\/informelitoral.com.ar\/el-aporte-de-una-escuela-entrerriana-al-cuidado-del-monte-nativo\/\" \/>\n<meta property=\"og:locale\" content=\"es_ES\" \/>\n<meta property=\"og:type\" content=\"article\" \/>\n<meta property=\"og:title\" content=\"El aporte de una escuela entrerriana al cuidado del monte nativo - Informe Litoral\" \/>\n<meta property=\"og:description\" content=\"El vivero El Aromito, ubicado en la Escuela Normal Rural Almafuerte de La Picada, contribuye a la reforestaci\u00f3n de especies nativas de la provincia con un enfoque educativo.\" \/>\n<meta property=\"og:url\" content=\"https:\/\/informelitoral.com.ar\/el-aporte-de-una-escuela-entrerriana-al-cuidado-del-monte-nativo\/\" \/>\n<meta property=\"og:site_name\" content=\"Informe Litoral\" \/>\n<meta property=\"article:publisher\" content=\"https:\/\/www.facebook.com\/informelitoral\/\" \/>\n<meta property=\"article:published_time\" content=\"2022-06-05T23:40:29+00:00\" \/>\n<meta property=\"article:modified_time\" content=\"2022-06-05T23:41:54+00:00\" \/>\n<meta property=\"og:image\" content=\"https:\/\/informelitoral.com.ar\/%77%70%2d%63%6f%6e%74%65%6e%74\/uploads\/2022\/06\/edf58999-be82-4686-aa24-cd014d1966c9.jpg\" \/>\n\t<meta property=\"og:image:width\" content=\"988\" \/>\n\t<meta property=\"og:image:height\" content=\"555\" \/>\n\t<meta property=\"og:image:type\" content=\"image\/jpeg\" \/>\n<meta name=\"author\" content=\"Gonzalo Schmidt\" \/>\n<meta name=\"twitter:card\" content=\"summary_large_image\" \/>\n<meta name=\"twitter:creator\" content=\"@InformeLitoral\" \/>\n<meta name=\"twitter:site\" content=\"@InformeLitoral\" \/>\n<meta name=\"twitter:label1\" content=\"Escrito por\" \/>\n\t<meta name=\"twitter:data1\" content=\"Gonzalo Schmidt\" \/>\n\t<meta name=\"twitter:label2\" content=\"Tiempo de lectura\" \/>\n\t<meta name=\"twitter:data2\" content=\"2 minutos\" \/>\n<script type=\"application\/ld+json\" class=\"yoast-schema-graph\">{\"@context\":\"https:\\\/\\\/schema.org\",\"@graph\":[{\"@type\":\"Article\",\"@id\":\"https:\\\/\\\/informelitoral.com.ar\\\/el-aporte-de-una-escuela-entrerriana-al-cuidado-del-monte-nativo\\\/#article\",\"isPartOf\":{\"@id\":\"https:\\\/\\\/informelitoral.com.ar\\\/el-aporte-de-una-escuela-entrerriana-al-cuidado-del-monte-nativo\\\/\"},\"author\":{\"name\":\"Gonzalo Schmidt\",\"@id\":\"https:\\\/\\\/informelitoral.com.ar\\\/#\\\/schema\\\/person\\\/b9d00407c836482871ef1d57bf8e3180\"},\"headline\":\"El aporte de una escuela entrerriana al cuidado del monte nativo\",\"datePublished\":\"2022-06-05T23:40:29+00:00\",\"dateModified\":\"2022-06-05T23:41:54+00:00\",\"mainEntityOfPage\":{\"@id\":\"https:\\\/\\\/informelitoral.com.ar\\\/el-aporte-de-una-escuela-entrerriana-al-cuidado-del-monte-nativo\\\/\"},\"wordCount\":449,\"commentCount\":0,\"publisher\":{\"@id\":\"https:\\\/\\\/informelitoral.com.ar\\\/#organization\"},\"image\":{\"@id\":\"https:\\\/\\\/informelitoral.com.ar\\\/el-aporte-de-una-escuela-entrerriana-al-cuidado-del-monte-nativo\\\/#primaryimage\"},\"thumbnailUrl\":\"https:\\\/\\\/informelitoral.com.ar\\\/%77%70%2d%63%6f%6e%74%65%6e%74\\\/uploads\\\/2022\\\/06\\\/edf58999-be82-4686-aa24-cd014d1966c9.jpg\",\"keywords\":[\"La Picada\",\"monte nativo\"],\"articleSection\":[\"Campo\"],\"inLanguage\":\"es\",\"potentialAction\":[{\"@type\":\"CommentAction\",\"name\":\"Comment\",\"target\":[\"https:\\\/\\\/informelitoral.com.ar\\\/el-aporte-de-una-escuela-entrerriana-al-cuidado-del-monte-nativo\\\/#respond\"]}]},{\"@type\":\"WebPage\",\"@id\":\"https:\\\/\\\/informelitoral.com.ar\\\/el-aporte-de-una-escuela-entrerriana-al-cuidado-del-monte-nativo\\\/\",\"url\":\"https:\\\/\\\/informelitoral.com.ar\\\/el-aporte-de-una-escuela-entrerriana-al-cuidado-del-monte-nativo\\\/\",\"name\":\"El aporte de una escuela entrerriana al cuidado del monte nativo - Informe Litoral\",\"isPartOf\":{\"@id\":\"https:\\\/\\\/informelitoral.com.ar\\\/#website\"},\"primaryImageOfPage\":{\"@id\":\"https:\\\/\\\/informelitoral.com.ar\\\/el-aporte-de-una-escuela-entrerriana-al-cuidado-del-monte-nativo\\\/#primaryimage\"},\"image\":{\"@id\":\"https:\\\/\\\/informelitoral.com.ar\\\/el-aporte-de-una-escuela-entrerriana-al-cuidado-del-monte-nativo\\\/#primaryimage\"},\"thumbnailUrl\":\"https:\\\/\\\/informelitoral.com.ar\\\/%77%70%2d%63%6f%6e%74%65%6e%74\\\/uploads\\\/2022\\\/06\\\/edf58999-be82-4686-aa24-cd014d1966c9.jpg\",\"datePublished\":\"2022-06-05T23:40:29+00:00\",\"dateModified\":\"2022-06-05T23:41:54+00:00\",\"breadcrumb\":{\"@id\":\"https:\\\/\\\/informelitoral.com.ar\\\/el-aporte-de-una-escuela-entrerriana-al-cuidado-del-monte-nativo\\\/#breadcrumb\"},\"inLanguage\":\"es\",\"potentialAction\":[{\"@type\":\"ReadAction\",\"target\":[\"https:\\\/\\\/informelitoral.com.ar\\\/el-aporte-de-una-escuela-entrerriana-al-cuidado-del-monte-nativo\\\/\"]}]},{\"@type\":\"ImageObject\",\"inLanguage\":\"es\",\"@id\":\"https:\\\/\\\/informelitoral.com.ar\\\/el-aporte-de-una-escuela-entrerriana-al-cuidado-del-monte-nativo\\\/#primaryimage\",\"url\":\"https:\\\/\\\/informelitoral.com.ar\\\/%77%70%2d%63%6f%6e%74%65%6e%74\\\/uploads\\\/2022\\\/06\\\/edf58999-be82-4686-aa24-cd014d1966c9.jpg\",\"contentUrl\":\"https:\\\/\\\/informelitoral.com.ar\\\/%77%70%2d%63%6f%6e%74%65%6e%74\\\/uploads\\\/2022\\\/06\\\/edf58999-be82-4686-aa24-cd014d1966c9.jpg\",\"width\":988,\"height\":555},{\"@type\":\"BreadcrumbList\",\"@id\":\"https:\\\/\\\/informelitoral.com.ar\\\/el-aporte-de-una-escuela-entrerriana-al-cuidado-del-monte-nativo\\\/#breadcrumb\",\"itemListElement\":[{\"@type\":\"ListItem\",\"position\":1,\"name\":\"Portada\",\"item\":\"https:\\\/\\\/informelitoral.com.ar\\\/\"},{\"@type\":\"ListItem\",\"position\":2,\"name\":\"El aporte de una escuela entrerriana al cuidado del monte nativo\"}]},{\"@type\":\"WebSite\",\"@id\":\"https:\\\/\\\/informelitoral.com.ar\\\/#website\",\"url\":\"https:\\\/\\\/informelitoral.com.ar\\\/\",\"name\":\"Informe Litoral\",\"description\":\"&quot;Nos informamos&quot; \",\"publisher\":{\"@id\":\"https:\\\/\\\/informelitoral.com.ar\\\/#organization\"},\"potentialAction\":[{\"@type\":\"SearchAction\",\"target\":{\"@type\":\"EntryPoint\",\"urlTemplate\":\"https:\\\/\\\/informelitoral.com.ar\\\/?s={search_term_string}\"},\"query-input\":{\"@type\":\"PropertyValueSpecification\",\"valueRequired\":true,\"valueName\":\"search_term_string\"}}],\"inLanguage\":\"es\"},{\"@type\":\"Organization\",\"@id\":\"https:\\\/\\\/informelitoral.com.ar\\\/#organization\",\"name\":\"Informe Litoral\",\"url\":\"https:\\\/\\\/informelitoral.com.ar\\\/\",\"logo\":{\"@type\":\"ImageObject\",\"inLanguage\":\"es\",\"@id\":\"https:\\\/\\\/informelitoral.com.ar\\\/#\\\/schema\\\/logo\\\/image\\\/\",\"url\":\"https:\\\/\\\/informelitoral.com.ar\\\/%77%70%2d%63%6f%6e%74%65%6e%74\\\/uploads\\\/2021\\\/01\\\/circulo.png\",\"contentUrl\":\"https:\\\/\\\/informelitoral.com.ar\\\/%77%70%2d%63%6f%6e%74%65%6e%74\\\/uploads\\\/2021\\\/01\\\/circulo.png\",\"width\":723,\"height\":731,\"caption\":\"Informe Litoral\"},\"image\":{\"@id\":\"https:\\\/\\\/informelitoral.com.ar\\\/#\\\/schema\\\/logo\\\/image\\\/\"},\"sameAs\":[\"https:\\\/\\\/www.facebook.com\\\/informelitoral\\\/\",\"https:\\\/\\\/x.com\\\/InformeLitoral\",\"https:\\\/\\\/www.instagram.com\\\/informelitoral\\\/\",\"https:\\\/\\\/www.youtube.com\\\/channel\\\/UCua4Qvz8Icb6MYqhoq9xLXw\"]},{\"@type\":\"Person\",\"@id\":\"https:\\\/\\\/informelitoral.com.ar\\\/#\\\/schema\\\/person\\\/b9d00407c836482871ef1d57bf8e3180\",\"name\":\"Gonzalo Schmidt\",\"image\":{\"@type\":\"ImageObject\",\"inLanguage\":\"es\",\"@id\":\"https:\\\/\\\/secure.gravatar.com\\\/avatar\\\/31a1a7b66ff2de83bd0e9fd79d026630d2d99e55e8bfe501287647b4fd9743de?s=96&d=mm&r=g\",\"url\":\"https:\\\/\\\/secure.gravatar.com\\\/avatar\\\/31a1a7b66ff2de83bd0e9fd79d026630d2d99e55e8bfe501287647b4fd9743de?s=96&d=mm&r=g\",\"contentUrl\":\"https:\\\/\\\/secure.gravatar.com\\\/avatar\\\/31a1a7b66ff2de83bd0e9fd79d026630d2d99e55e8bfe501287647b4fd9743de?s=96&d=mm&r=g\",\"caption\":\"Gonzalo Schmidt\"},\"description\":\"Sitio web de noticias de la provincia de Entre R\u00edos, Argentina. Informaci\u00f3n y entretenimiento. Informe Litoral, nos informamos.\",\"sameAs\":[\"http:\\\/\\\/www.isletasnoticias.com.ar\"],\"url\":\"https:\\\/\\\/informelitoral.com.ar\\\/author\\\/gonzalo\\\/\"}]}<\/script>","yoast_head_json":{"title":"El aporte de una escuela entrerriana al cuidado del monte nativo - Informe Litoral","robots":{"index":"index","follow":"follow","max-snippet":"max-snippet:-1","max-image-preview":"max-image-preview:large","max-video-preview":"max-video-preview:-1"},"canonical":"https:\/\/informelitoral.com.ar\/el-aporte-de-una-escuela-entrerriana-al-cuidado-del-monte-nativo\/","og_locale":"es_ES","og_type":"article","og_title":"El aporte de una escuela entrerriana al cuidado del monte nativo - Informe Litoral","og_description":"El vivero El Aromito, ubicado en la Escuela Normal Rural Almafuerte de La Picada, contribuye a la reforestaci\u00f3n de especies nativas de la provincia con un enfoque educativo.","og_url":"https:\/\/informelitoral.com.ar\/el-aporte-de-una-escuela-entrerriana-al-cuidado-del-monte-nativo\/","og_site_name":"Informe Litoral","article_publisher":"https:\/\/www.facebook.com\/informelitoral\/","article_published_time":"2022-06-05T23:40:29+00:00","article_modified_time":"2022-06-05T23:41:54+00:00","og_image":[{"width":988,"height":555,"url":"https:\/\/informelitoral.com.ar\/%77%70%2d%63%6f%6e%74%65%6e%74\/uploads\/2022\/06\/edf58999-be82-4686-aa24-cd014d1966c9.jpg","type":"image\/jpeg"}],"author":"Gonzalo Schmidt","twitter_card":"summary_large_image","twitter_creator":"@InformeLitoral","twitter_site":"@InformeLitoral","twitter_misc":{"Escrito por":"Gonzalo Schmidt","Tiempo de lectura":"2 minutos"},"schema":{"@context":"https:\/\/schema.org","@graph":[{"@type":"Article","@id":"https:\/\/informelitoral.com.ar\/el-aporte-de-una-escuela-entrerriana-al-cuidado-del-monte-nativo\/#article","isPartOf":{"@id":"https:\/\/informelitoral.com.ar\/el-aporte-de-una-escuela-entrerriana-al-cuidado-del-monte-nativo\/"},"author":{"name":"Gonzalo Schmidt","@id":"https:\/\/informelitoral.com.ar\/#\/schema\/person\/b9d00407c836482871ef1d57bf8e3180"},"headline":"El aporte de una escuela entrerriana al cuidado del monte nativo","datePublished":"2022-06-05T23:40:29+00:00","dateModified":"2022-06-05T23:41:54+00:00","mainEntityOfPage":{"@id":"https:\/\/informelitoral.com.ar\/el-aporte-de-una-escuela-entrerriana-al-cuidado-del-monte-nativo\/"},"wordCount":449,"commentCount":0,"publisher":{"@id":"https:\/\/informelitoral.com.ar\/#organization"},"image":{"@id":"https:\/\/informelitoral.com.ar\/el-aporte-de-una-escuela-entrerriana-al-cuidado-del-monte-nativo\/#primaryimage"},"thumbnailUrl":"https:\/\/informelitoral.com.ar\/%77%70%2d%63%6f%6e%74%65%6e%74\/uploads\/2022\/06\/edf58999-be82-4686-aa24-cd014d1966c9.jpg","keywords":["La Picada","monte nativo"],"articleSection":["Campo"],"inLanguage":"es","potentialAction":[{"@type":"CommentAction","name":"Comment","target":["https:\/\/informelitoral.com.ar\/el-aporte-de-una-escuela-entrerriana-al-cuidado-del-monte-nativo\/#respond"]}]},{"@type":"WebPage","@id":"https:\/\/informelitoral.com.ar\/el-aporte-de-una-escuela-entrerriana-al-cuidado-del-monte-nativo\/","url":"https:\/\/informelitoral.com.ar\/el-aporte-de-una-escuela-entrerriana-al-cuidado-del-monte-nativo\/","name":"El aporte de una escuela entrerriana al cuidado del monte nativo - Informe Litoral","isPartOf":{"@id":"https:\/\/informelitoral.com.ar\/#website"},"primaryImageOfPage":{"@id":"https:\/\/informelitoral.com.ar\/el-aporte-de-una-escuela-entrerriana-al-cuidado-del-monte-nativo\/#primaryimage"},"image":{"@id":"https:\/\/informelitoral.com.ar\/el-aporte-de-una-escuela-entrerriana-al-cuidado-del-monte-nativo\/#primaryimage"},"thumbnailUrl":"https:\/\/informelitoral.com.ar\/%77%70%2d%63%6f%6e%74%65%6e%74\/uploads\/2022\/06\/edf58999-be82-4686-aa24-cd014d1966c9.jpg","datePublished":"2022-06-05T23:40:29+00:00","dateModified":"2022-06-05T23:41:54+00:00","breadcrumb":{"@id":"https:\/\/informelitoral.com.ar\/el-aporte-de-una-escuela-entrerriana-al-cuidado-del-monte-nativo\/#breadcrumb"},"inLanguage":"es","potentialAction":[{"@type":"ReadAction","target":["https:\/\/informelitoral.com.ar\/el-aporte-de-una-escuela-entrerriana-al-cuidado-del-monte-nativo\/"]}]},{"@type":"ImageObject","inLanguage":"es","@id":"https:\/\/informelitoral.com.ar\/el-aporte-de-una-escuela-entrerriana-al-cuidado-del-monte-nativo\/#primaryimage","url":"https:\/\/informelitoral.com.ar\/%77%70%2d%63%6f%6e%74%65%6e%74\/uploads\/2022\/06\/edf58999-be82-4686-aa24-cd014d1966c9.jpg","contentUrl":"https:\/\/informelitoral.com.ar\/%77%70%2d%63%6f%6e%74%65%6e%74\/uploads\/2022\/06\/edf58999-be82-4686-aa24-cd014d1966c9.jpg","width":988,"height":555},{"@type":"BreadcrumbList","@id":"https:\/\/informelitoral.com.ar\/el-aporte-de-una-escuela-entrerriana-al-cuidado-del-monte-nativo\/#breadcrumb","itemListElement":[{"@type":"ListItem","position":1,"name":"Portada","item":"https:\/\/informelitoral.com.ar\/"},{"@type":"ListItem","position":2,"name":"El aporte de una escuela entrerriana al cuidado del monte nativo"}]},{"@type":"WebSite","@id":"https:\/\/informelitoral.com.ar\/#website","url":"https:\/\/informelitoral.com.ar\/","name":"Informe Litoral","description":"&quot;Nos informamos&quot; ","publisher":{"@id":"https:\/\/informelitoral.com.ar\/#organization"},"potentialAction":[{"@type":"SearchAction","target":{"@type":"EntryPoint","urlTemplate":"https:\/\/informelitoral.com.ar\/?s={search_term_string}"},"query-input":{"@type":"PropertyValueSpecification","valueRequired":true,"valueName":"search_term_string"}}],"inLanguage":"es"},{"@type":"Organization","@id":"https:\/\/informelitoral.com.ar\/#organization","name":"Informe Litoral","url":"https:\/\/informelitoral.com.ar\/","logo":{"@type":"ImageObject","inLanguage":"es","@id":"https:\/\/informelitoral.com.ar\/#\/schema\/logo\/image\/","url":"https:\/\/informelitoral.com.ar\/%77%70%2d%63%6f%6e%74%65%6e%74\/uploads\/2021\/01\/circulo.png","contentUrl":"https:\/\/informelitoral.com.ar\/%77%70%2d%63%6f%6e%74%65%6e%74\/uploads\/2021\/01\/circulo.png","width":723,"height":731,"caption":"Informe Litoral"},"image":{"@id":"https:\/\/informelitoral.com.ar\/#\/schema\/logo\/image\/"},"sameAs":["https:\/\/www.facebook.com\/informelitoral\/","https:\/\/x.com\/InformeLitoral","https:\/\/www.instagram.com\/informelitoral\/","https:\/\/www.youtube.com\/channel\/UCua4Qvz8Icb6MYqhoq9xLXw"]},{"@type":"Person","@id":"https:\/\/informelitoral.com.ar\/#\/schema\/person\/b9d00407c836482871ef1d57bf8e3180","name":"Gonzalo Schmidt","image":{"@type":"ImageObject","inLanguage":"es","@id":"https:\/\/secure.gravatar.com\/avatar\/31a1a7b66ff2de83bd0e9fd79d026630d2d99e55e8bfe501287647b4fd9743de?s=96&d=mm&r=g","url":"https:\/\/secure.gravatar.com\/avatar\/31a1a7b66ff2de83bd0e9fd79d026630d2d99e55e8bfe501287647b4fd9743de?s=96&d=mm&r=g","contentUrl":"https:\/\/secure.gravatar.com\/avatar\/31a1a7b66ff2de83bd0e9fd79d026630d2d99e55e8bfe501287647b4fd9743de?s=96&d=mm&r=g","caption":"Gonzalo Schmidt"},"description":"Sitio web de noticias de la provincia de Entre R\u00edos, Argentina. Informaci\u00f3n y entretenimiento. Informe Litoral, nos informamos.","sameAs":["http:\/\/www.isletasnoticias.com.ar"],"url":"https:\/\/informelitoral.com.ar\/author\/gonzalo\/"}]}},"_links":{"self":[{"href":"https:\/\/informelitoral.com.ar\/%77%70%2d%6a%73%6f%6e\/wp\/v2\/posts\/79062","targetHints":{"allow":["GET"]}}],"collection":[{"href":"https:\/\/informelitoral.com.ar\/%77%70%2d%6a%73%6f%6e\/wp\/v2\/posts"}],"about":[{"href":"https:\/\/informelitoral.com.ar\/%77%70%2d%6a%73%6f%6e\/wp\/v2\/types\/post"}],"author":[{"embeddable":true,"href":"https:\/\/informelitoral.com.ar\/%77%70%2d%6a%73%6f%6e\/wp\/v2\/users\/2"}],"replies":[{"embeddable":true,"href":"https:\/\/informelitoral.com.ar\/%77%70%2d%6a%73%6f%6e\/wp\/v2\/comments?post=79062"}],"version-history":[{"count":0,"href":"https:\/\/informelitoral.com.ar\/%77%70%2d%6a%73%6f%6e\/wp\/v2\/posts\/79062\/revisions"}],"wp:featuredmedia":[{"embeddable":true,"href":"https:\/\/informelitoral.com.ar\/%77%70%2d%6a%73%6f%6e\/wp\/v2\/media\/79067"}],"wp:attachment":[{"href":"https:\/\/informelitoral.com.ar\/%77%70%2d%6a%73%6f%6e\/wp\/v2\/media?parent=79062"}],"wp:term":[{"taxonomy":"category","embeddable":true,"href":"https:\/\/informelitoral.com.ar\/%77%70%2d%6a%73%6f%6e\/wp\/v2\/categories?post=79062"},{"taxonomy":"post_tag","embeddable":true,"href":"https:\/\/informelitoral.com.ar\/%77%70%2d%6a%73%6f%6e\/wp\/v2\/tags?post=79062"}],"curies":[{"name":"wp","href":"https:\/\/api.w.org\/{rel}","templated":true}]}}