{"id":7903,"date":"2014-08-18T21:48:19","date_gmt":"2014-08-19T00:48:19","guid":{"rendered":"http:\/\/www.isletasnoticias.com.ar\/?p=7903"},"modified":"2014-08-19T17:54:49","modified_gmt":"2014-08-19T20:54:49","slug":"el-veranito-de-agosto-seguira-esta-semana-con-temperaturas-que-rondaran-los-27-grados","status":"publish","type":"post","link":"https:\/\/informelitoral.com.ar\/el-veranito-de-agosto-seguira-esta-semana-con-temperaturas-que-rondaran-los-27-grados\/","title":{"rendered":"El \u00abveranito\u00bb de agosto seguir\u00e1 esta semana con temperaturas que rondar\u00e1n los 27 grados"},"content":{"rendered":"<p><strong><span style=\"color: #000000;\">Los d\u00edas de aire c\u00e1lido con inusuales temperaturas para esta \u00e9poca del a\u00f1o continuar\u00e1n reinando en una amplia zona del pa\u00eds hasta el pr\u00f3ximo fin de semana. Las m\u00e1ximas se combinar\u00e1n con d\u00edas soleados al menos hasta el pr\u00f3ximo viernes.<a href=\"http:\/\/www.isletasnoticias.com.ar\/%77%70%2d%63%6f%6e%74%65%6e%74\/uploads\/2014\/08\/0002714094.jpg\"><img loading=\"lazy\" decoding=\"async\" class=\"aligncenter wp-image-7904 size-full\" src=\"http:\/\/www.isletasnoticias.com.ar\/%77%70%2d%63%6f%6e%74%65%6e%74\/uploads\/2014\/08\/0002714094.jpg\" alt=\"0002714094\" width=\"602\" height=\"338\" srcset=\"https:\/\/informelitoral.com.ar\/%77%70%2d%63%6f%6e%74%65%6e%74\/uploads\/2014\/08\/0002714094.jpg 602w, https:\/\/informelitoral.com.ar\/%77%70%2d%63%6f%6e%74%65%6e%74\/uploads\/2014\/08\/0002714094-300x168.jpg 300w\" sizes=\"auto, (max-width: 602px) 100vw, 602px\" \/><\/a><\/span><\/strong><\/p>\n<p><span style=\"color: #000000;\">Los d\u00edas de aire c\u00e1lido con inusuales temperaturas para esta \u00e9poca del a\u00f1o continuar\u00e1n reinando en una amplia zona del pa\u00eds hasta el pr\u00f3ximo fin de semana cuando ingrese un frente fr\u00edo que pondr\u00eda fin al \u00abveranito\u00bb de agosto.\u00a0<\/span><\/p>\n<p><span style=\"color: #000000;\">En algunas localidades, las temperaturas superaron este lunes los 30 grados, con lugares como Villa Reynolds, en la provincia de San Luis, donde lleg\u00f3 a los 34,6\u00b0 y la ciudad capital cordobesa, con 33 grados.\u00a0<\/span><\/p>\n<p><span style=\"color: #000000;\">Un centro de alta presi\u00f3n ubicado en el centro del pa\u00eds imped\u00eda el pase del aire fr\u00edo proveniente de la zona sur y el viento imperante del norte y el noreste, situaci\u00f3n que hizo las delicias este fin de semana de los miles de turistas que se desplazaron a distintas ciudades por el feriado largo, correspondiente al aniversario de la muerte del general Jos\u00e9 de San Mart\u00edn.<\/span><\/p>\n<p><span style=\"color: #000000;\">Este lunes, la temperatura lleg\u00f3 a los 24 grados en la zona metropolitana porte\u00f1a alrededor del mediod\u00eda, mientras que a las 15:00 el registro t\u00e9rmico ya hab\u00eda alcanzado los 26,4 grados, un valor cercano a los 27 estimados para esta jornada, en la que la gente volvi\u00f3 a lucir remeras y hasta musculosas en paseos y parques.\u00a0<\/span><\/p>\n<p><span style=\"color: #000000;\">En tanto, en distintos sectores del norte y centro del pa\u00eds las temperaturas estuvieron por encima de los 30 grados.\u00a0<\/span><\/p>\n<p><span style=\"color: #000000;\">Adem\u00e1s de los lugares ya mencionados, el registro t\u00e9rmico trep\u00f3 hasta los 31,2 grados, a las 14:00, en la localidad salte\u00f1a de Or\u00e1n, mientras que a esa misma hora la ciudad cordobesa de R\u00edo Cuarto tuvo 31,1 grados, las capitales de la provincia de San Luis y Santiago del Estero, 30,8\u00b0, y San Miguel de Tucum\u00e1n, 30,4\u00b0.\u00a0<\/span><\/p>\n<p><span style=\"color: #000000;\">En la localidad santafesina de Seres, la temperatura lleg\u00f3 a los 30,2 grados, en la capital de Catamarca alcanz\u00f3 los 30,1; y Roque S\u00e1enz Pe\u00f1a, en el Chaco, 30 grados.\u00a0<\/span><br style=\"color: #000000;\" \/><br style=\"color: #000000;\" \/><span style=\"color: #000000;\">En Paran\u00e1, se espera durante esta semana que las m\u00e1ximas se combinen con d\u00edas soleados al menos hasta el pr\u00f3ximo viernes, siempre en el orden de los 27 grados como para configurar jornadas espl\u00e9ndidas y podr\u00edan llegar a 31 grados.\u00a0<\/span><\/p>\n<p><span style=\"color: #000000;\">Las noches, en tanto, ser\u00e1n frescas, con m\u00ednimas de unos 15 grados, m\u00e1s acordes a septiembre que a agosto, lo que representar\u00eda tambi\u00e9n un alivio para las engrosadas tarifas de los servicios p\u00fablicos.\u00a0<\/span><\/p>\n<p><span style=\"color: #000000;\">Los pron\u00f3sticos indican que el clima comenzar\u00e1 a entrar en una inestabilidad a partir del viernes pr\u00f3ximo, cuando crecer\u00e1 la posibilidad de que se produzcan lluvias.\u00a0<\/span><\/p>\n<p><span style=\"color: #000000;\">No obstante, el clima diurno seguir\u00eda siendo al menos primaveral, hasta el pr\u00f3ximo domingo, cuando un frente fr\u00edo nos recuerde que falta bastante para que finalice el invierno en esta parte del mundo.\u00a0<\/span><br style=\"color: #000000;\" \/><br style=\"color: #000000;\" \/><span style=\"color: #000000;\">En una ins\u00f3lita jornada veraniega para esta \u00e9poca del a\u00f1o, muchos turistas aprovecharon algunas horas m\u00e1s de descanso este lunes y emprendieron el regreso m\u00e1s la tarde, ya que alrededor de Las inusuales temperaturas para esta \u00e9poca del a\u00f1o que se vienen dando en los \u00faltimos d\u00edas fueron una grata sorpresa para los miles de turistas que disfrutaron de este fin de semana en distintas ciudades del pa\u00eds.\u00a0<\/span><\/p>\n<p><span style=\"color: #000000;\">Las provincias de C\u00f3rdoba, Mendoza, la zona del Litoral y las Cataratas del Iguaz\u00fa, donde en los \u00faltimos d\u00edas hubo temperaturas superiores a los 26 grados, tambi\u00e9n tuvieron durante este fin de semana largo un importante cantidad de visitantes. (N.A. Elonce)<\/span><\/p>\n","protected":false},"excerpt":{"rendered":"<p>Los d&iacute;as de aire c&aacute;lido con inusuales temperaturas para esta &eacute;poca del a&ntilde;o continuar&aacute;n reinando en una amplia zona del pa&iacute;s hasta el pr&oacute;ximo fin de semana. Las m&aacute;ximas se combinar&aacute;n con d&iacute;as soleados al menos hasta el pr&oacute;ximo viernes. Los d&iacute;as de aire c&aacute;lido con inusuales temperaturas para esta &eacute;poca del a&ntilde;o continuar&aacute;n reinando [&hellip;]<\/p>\n","protected":false},"author":2,"featured_media":0,"comment_status":"open","ping_status":"open","sticky":false,"template":"","format":"standard","meta":{"fifu_image_url":"","fifu_image_alt":"","footnotes":""},"categories":[7],"tags":[],"class_list":{"0":"post-7903","1":"post","2":"type-post","3":"status-publish","4":"format-standard","6":"category-nacionales"},"yoast_head":"<title>El &quot;veranito&quot; de agosto seguir\u00e1 esta semana con temperaturas que rondar\u00e1n los 27 grados  - Informe Litoral<\/title>\n<meta name=\"robots\" content=\"index, follow, max-snippet:-1, max-image-preview:large, max-video-preview:-1\" \/>\n<link rel=\"canonical\" href=\"https:\/\/informelitoral.com.ar\/el-veranito-de-agosto-seguira-esta-semana-con-temperaturas-que-rondaran-los-27-grados\/\" \/>\n<meta property=\"og:locale\" content=\"es_ES\" \/>\n<meta property=\"og:type\" content=\"article\" \/>\n<meta property=\"og:title\" content=\"El &quot;veranito&quot; de agosto seguir\u00e1 esta semana con temperaturas que rondar\u00e1n los 27 grados  - Informe Litoral\" \/>\n<meta property=\"og:description\" content=\"Los d&iacute;as de aire c&aacute;lido con inusuales temperaturas para esta &eacute;poca del a&ntilde;o continuar&aacute;n reinando en una amplia zona del pa&iacute;s hasta el pr&oacute;ximo fin de semana. Las m&aacute;ximas se combinar&aacute;n con d&iacute;as soleados al menos hasta el pr&oacute;ximo viernes. Los d&iacute;as de aire c&aacute;lido con inusuales temperaturas para esta &eacute;poca del a&ntilde;o continuar&aacute;n reinando [&hellip;]\" \/>\n<meta property=\"og:url\" content=\"https:\/\/informelitoral.com.ar\/el-veranito-de-agosto-seguira-esta-semana-con-temperaturas-que-rondaran-los-27-grados\/\" \/>\n<meta property=\"og:site_name\" content=\"Informe Litoral\" \/>\n<meta property=\"article:publisher\" content=\"https:\/\/www.facebook.com\/informelitoral\/\" \/>\n<meta property=\"article:published_time\" content=\"2014-08-19T00:48:19+00:00\" \/>\n<meta property=\"article:modified_time\" content=\"2014-08-19T20:54:49+00:00\" \/>\n<meta property=\"og:image\" content=\"https:\/\/informelitoral.com.ar\/%77%70%2d%63%6f%6e%74%65%6e%74\/uploads\/2014\/08\/0002714094.jpg\" \/>\n\t<meta property=\"og:image:width\" content=\"602\" \/>\n\t<meta property=\"og:image:height\" content=\"338\" \/>\n\t<meta property=\"og:image:type\" content=\"image\/jpeg\" \/>\n<meta name=\"author\" content=\"Gonzalo Schmidt\" \/>\n<meta name=\"twitter:card\" content=\"summary_large_image\" \/>\n<meta name=\"twitter:creator\" content=\"@InformeLitoral\" \/>\n<meta name=\"twitter:site\" content=\"@InformeLitoral\" \/>\n<meta name=\"twitter:label1\" content=\"Escrito por\" \/>\n\t<meta name=\"twitter:data1\" content=\"Gonzalo Schmidt\" \/>\n\t<meta name=\"twitter:label2\" content=\"Tiempo de lectura\" \/>\n\t<meta name=\"twitter:data2\" content=\"3 minutos\" \/>\n<script type=\"application\/ld+json\" class=\"yoast-schema-graph\">{\"@context\":\"https:\\\/\\\/schema.org\",\"@graph\":[{\"@type\":\"Article\",\"@id\":\"https:\\\/\\\/informelitoral.com.ar\\\/el-veranito-de-agosto-seguira-esta-semana-con-temperaturas-que-rondaran-los-27-grados\\\/#article\",\"isPartOf\":{\"@id\":\"https:\\\/\\\/informelitoral.com.ar\\\/el-veranito-de-agosto-seguira-esta-semana-con-temperaturas-que-rondaran-los-27-grados\\\/\"},\"author\":{\"name\":\"Gonzalo Schmidt\",\"@id\":\"https:\\\/\\\/informelitoral.com.ar\\\/#\\\/schema\\\/person\\\/b9d00407c836482871ef1d57bf8e3180\"},\"headline\":\"El \u00abveranito\u00bb de agosto seguir\u00e1 esta semana con temperaturas que rondar\u00e1n los 27 grados\",\"datePublished\":\"2014-08-19T00:48:19+00:00\",\"dateModified\":\"2014-08-19T20:54:49+00:00\",\"mainEntityOfPage\":{\"@id\":\"https:\\\/\\\/informelitoral.com.ar\\\/el-veranito-de-agosto-seguira-esta-semana-con-temperaturas-que-rondaran-los-27-grados\\\/\"},\"wordCount\":644,\"commentCount\":0,\"publisher\":{\"@id\":\"https:\\\/\\\/informelitoral.com.ar\\\/#organization\"},\"image\":{\"@id\":\"https:\\\/\\\/informelitoral.com.ar\\\/el-veranito-de-agosto-seguira-esta-semana-con-temperaturas-que-rondaran-los-27-grados\\\/#primaryimage\"},\"thumbnailUrl\":\"http:\\\/\\\/www.isletasnoticias.com.ar\\\/%77%70%2d%63%6f%6e%74%65%6e%74\\\/uploads\\\/2014\\\/08\\\/0002714094.jpg\",\"articleSection\":[\"Nacionales\"],\"inLanguage\":\"es\",\"potentialAction\":[{\"@type\":\"CommentAction\",\"name\":\"Comment\",\"target\":[\"https:\\\/\\\/informelitoral.com.ar\\\/el-veranito-de-agosto-seguira-esta-semana-con-temperaturas-que-rondaran-los-27-grados\\\/#respond\"]}]},{\"@type\":\"WebPage\",\"@id\":\"https:\\\/\\\/informelitoral.com.ar\\\/el-veranito-de-agosto-seguira-esta-semana-con-temperaturas-que-rondaran-los-27-grados\\\/\",\"url\":\"https:\\\/\\\/informelitoral.com.ar\\\/el-veranito-de-agosto-seguira-esta-semana-con-temperaturas-que-rondaran-los-27-grados\\\/\",\"name\":\"El \\\"veranito\\\" de agosto seguir\u00e1 esta semana con temperaturas que rondar\u00e1n los 27 grados - Informe Litoral\",\"isPartOf\":{\"@id\":\"https:\\\/\\\/informelitoral.com.ar\\\/#website\"},\"primaryImageOfPage\":{\"@id\":\"https:\\\/\\\/informelitoral.com.ar\\\/el-veranito-de-agosto-seguira-esta-semana-con-temperaturas-que-rondaran-los-27-grados\\\/#primaryimage\"},\"image\":{\"@id\":\"https:\\\/\\\/informelitoral.com.ar\\\/el-veranito-de-agosto-seguira-esta-semana-con-temperaturas-que-rondaran-los-27-grados\\\/#primaryimage\"},\"thumbnailUrl\":\"http:\\\/\\\/www.isletasnoticias.com.ar\\\/%77%70%2d%63%6f%6e%74%65%6e%74\\\/uploads\\\/2014\\\/08\\\/0002714094.jpg\",\"datePublished\":\"2014-08-19T00:48:19+00:00\",\"dateModified\":\"2014-08-19T20:54:49+00:00\",\"breadcrumb\":{\"@id\":\"https:\\\/\\\/informelitoral.com.ar\\\/el-veranito-de-agosto-seguira-esta-semana-con-temperaturas-que-rondaran-los-27-grados\\\/#breadcrumb\"},\"inLanguage\":\"es\",\"potentialAction\":[{\"@type\":\"ReadAction\",\"target\":[\"https:\\\/\\\/informelitoral.com.ar\\\/el-veranito-de-agosto-seguira-esta-semana-con-temperaturas-que-rondaran-los-27-grados\\\/\"]}]},{\"@type\":\"ImageObject\",\"inLanguage\":\"es\",\"@id\":\"https:\\\/\\\/informelitoral.com.ar\\\/el-veranito-de-agosto-seguira-esta-semana-con-temperaturas-que-rondaran-los-27-grados\\\/#primaryimage\",\"url\":\"http:\\\/\\\/www.isletasnoticias.com.ar\\\/%77%70%2d%63%6f%6e%74%65%6e%74\\\/uploads\\\/2014\\\/08\\\/0002714094.jpg\",\"contentUrl\":\"http:\\\/\\\/www.isletasnoticias.com.ar\\\/%77%70%2d%63%6f%6e%74%65%6e%74\\\/uploads\\\/2014\\\/08\\\/0002714094.jpg\"},{\"@type\":\"BreadcrumbList\",\"@id\":\"https:\\\/\\\/informelitoral.com.ar\\\/el-veranito-de-agosto-seguira-esta-semana-con-temperaturas-que-rondaran-los-27-grados\\\/#breadcrumb\",\"itemListElement\":[{\"@type\":\"ListItem\",\"position\":1,\"name\":\"Portada\",\"item\":\"https:\\\/\\\/informelitoral.com.ar\\\/\"},{\"@type\":\"ListItem\",\"position\":2,\"name\":\"El \u00abveranito\u00bb de agosto seguir\u00e1 esta semana con temperaturas que rondar\u00e1n los 27 grados\"}]},{\"@type\":\"WebSite\",\"@id\":\"https:\\\/\\\/informelitoral.com.ar\\\/#website\",\"url\":\"https:\\\/\\\/informelitoral.com.ar\\\/\",\"name\":\"Informe Litoral\",\"description\":\"&quot;Nos informamos&quot; \",\"publisher\":{\"@id\":\"https:\\\/\\\/informelitoral.com.ar\\\/#organization\"},\"potentialAction\":[{\"@type\":\"SearchAction\",\"target\":{\"@type\":\"EntryPoint\",\"urlTemplate\":\"https:\\\/\\\/informelitoral.com.ar\\\/?s={search_term_string}\"},\"query-input\":{\"@type\":\"PropertyValueSpecification\",\"valueRequired\":true,\"valueName\":\"search_term_string\"}}],\"inLanguage\":\"es\"},{\"@type\":\"Organization\",\"@id\":\"https:\\\/\\\/informelitoral.com.ar\\\/#organization\",\"name\":\"Informe Litoral\",\"url\":\"https:\\\/\\\/informelitoral.com.ar\\\/\",\"logo\":{\"@type\":\"ImageObject\",\"inLanguage\":\"es\",\"@id\":\"https:\\\/\\\/informelitoral.com.ar\\\/#\\\/schema\\\/logo\\\/image\\\/\",\"url\":\"https:\\\/\\\/informelitoral.com.ar\\\/%77%70%2d%63%6f%6e%74%65%6e%74\\\/uploads\\\/2021\\\/01\\\/circulo.png\",\"contentUrl\":\"https:\\\/\\\/informelitoral.com.ar\\\/%77%70%2d%63%6f%6e%74%65%6e%74\\\/uploads\\\/2021\\\/01\\\/circulo.png\",\"width\":723,\"height\":731,\"caption\":\"Informe Litoral\"},\"image\":{\"@id\":\"https:\\\/\\\/informelitoral.com.ar\\\/#\\\/schema\\\/logo\\\/image\\\/\"},\"sameAs\":[\"https:\\\/\\\/www.facebook.com\\\/informelitoral\\\/\",\"https:\\\/\\\/x.com\\\/InformeLitoral\",\"https:\\\/\\\/www.instagram.com\\\/informelitoral\\\/\",\"https:\\\/\\\/www.youtube.com\\\/channel\\\/UCua4Qvz8Icb6MYqhoq9xLXw\"]},{\"@type\":\"Person\",\"@id\":\"https:\\\/\\\/informelitoral.com.ar\\\/#\\\/schema\\\/person\\\/b9d00407c836482871ef1d57bf8e3180\",\"name\":\"Gonzalo Schmidt\",\"image\":{\"@type\":\"ImageObject\",\"inLanguage\":\"es\",\"@id\":\"https:\\\/\\\/secure.gravatar.com\\\/avatar\\\/31a1a7b66ff2de83bd0e9fd79d026630d2d99e55e8bfe501287647b4fd9743de?s=96&d=mm&r=g\",\"url\":\"https:\\\/\\\/secure.gravatar.com\\\/avatar\\\/31a1a7b66ff2de83bd0e9fd79d026630d2d99e55e8bfe501287647b4fd9743de?s=96&d=mm&r=g\",\"contentUrl\":\"https:\\\/\\\/secure.gravatar.com\\\/avatar\\\/31a1a7b66ff2de83bd0e9fd79d026630d2d99e55e8bfe501287647b4fd9743de?s=96&d=mm&r=g\",\"caption\":\"Gonzalo Schmidt\"},\"description\":\"Sitio web de noticias de la provincia de Entre R\u00edos, Argentina. Informaci\u00f3n y entretenimiento. Informe Litoral, nos informamos.\",\"sameAs\":[\"http:\\\/\\\/www.isletasnoticias.com.ar\"],\"url\":\"https:\\\/\\\/informelitoral.com.ar\\\/author\\\/gonzalo\\\/\"}]}<\/script>","yoast_head_json":{"title":"El \"veranito\" de agosto seguir\u00e1 esta semana con temperaturas que rondar\u00e1n los 27 grados  - Informe Litoral","robots":{"index":"index","follow":"follow","max-snippet":"max-snippet:-1","max-image-preview":"max-image-preview:large","max-video-preview":"max-video-preview:-1"},"canonical":"https:\/\/informelitoral.com.ar\/el-veranito-de-agosto-seguira-esta-semana-con-temperaturas-que-rondaran-los-27-grados\/","og_locale":"es_ES","og_type":"article","og_title":"El \"veranito\" de agosto seguir\u00e1 esta semana con temperaturas que rondar\u00e1n los 27 grados  - Informe Litoral","og_description":"Los d&iacute;as de aire c&aacute;lido con inusuales temperaturas para esta &eacute;poca del a&ntilde;o continuar&aacute;n reinando en una amplia zona del pa&iacute;s hasta el pr&oacute;ximo fin de semana. Las m&aacute;ximas se combinar&aacute;n con d&iacute;as soleados al menos hasta el pr&oacute;ximo viernes. Los d&iacute;as de aire c&aacute;lido con inusuales temperaturas para esta &eacute;poca del a&ntilde;o continuar&aacute;n reinando [&hellip;]","og_url":"https:\/\/informelitoral.com.ar\/el-veranito-de-agosto-seguira-esta-semana-con-temperaturas-que-rondaran-los-27-grados\/","og_site_name":"Informe Litoral","article_publisher":"https:\/\/www.facebook.com\/informelitoral\/","article_published_time":"2014-08-19T00:48:19+00:00","article_modified_time":"2014-08-19T20:54:49+00:00","og_image":[{"width":602,"height":338,"url":"https:\/\/informelitoral.com.ar\/%77%70%2d%63%6f%6e%74%65%6e%74\/uploads\/2014\/08\/0002714094.jpg","type":"image\/jpeg"}],"author":"Gonzalo Schmidt","twitter_card":"summary_large_image","twitter_creator":"@InformeLitoral","twitter_site":"@InformeLitoral","twitter_misc":{"Escrito por":"Gonzalo Schmidt","Tiempo de lectura":"3 minutos"},"schema":{"@context":"https:\/\/schema.org","@graph":[{"@type":"Article","@id":"https:\/\/informelitoral.com.ar\/el-veranito-de-agosto-seguira-esta-semana-con-temperaturas-que-rondaran-los-27-grados\/#article","isPartOf":{"@id":"https:\/\/informelitoral.com.ar\/el-veranito-de-agosto-seguira-esta-semana-con-temperaturas-que-rondaran-los-27-grados\/"},"author":{"name":"Gonzalo Schmidt","@id":"https:\/\/informelitoral.com.ar\/#\/schema\/person\/b9d00407c836482871ef1d57bf8e3180"},"headline":"El \u00abveranito\u00bb de agosto seguir\u00e1 esta semana con temperaturas que rondar\u00e1n los 27 grados","datePublished":"2014-08-19T00:48:19+00:00","dateModified":"2014-08-19T20:54:49+00:00","mainEntityOfPage":{"@id":"https:\/\/informelitoral.com.ar\/el-veranito-de-agosto-seguira-esta-semana-con-temperaturas-que-rondaran-los-27-grados\/"},"wordCount":644,"commentCount":0,"publisher":{"@id":"https:\/\/informelitoral.com.ar\/#organization"},"image":{"@id":"https:\/\/informelitoral.com.ar\/el-veranito-de-agosto-seguira-esta-semana-con-temperaturas-que-rondaran-los-27-grados\/#primaryimage"},"thumbnailUrl":"http:\/\/www.isletasnoticias.com.ar\/%77%70%2d%63%6f%6e%74%65%6e%74\/uploads\/2014\/08\/0002714094.jpg","articleSection":["Nacionales"],"inLanguage":"es","potentialAction":[{"@type":"CommentAction","name":"Comment","target":["https:\/\/informelitoral.com.ar\/el-veranito-de-agosto-seguira-esta-semana-con-temperaturas-que-rondaran-los-27-grados\/#respond"]}]},{"@type":"WebPage","@id":"https:\/\/informelitoral.com.ar\/el-veranito-de-agosto-seguira-esta-semana-con-temperaturas-que-rondaran-los-27-grados\/","url":"https:\/\/informelitoral.com.ar\/el-veranito-de-agosto-seguira-esta-semana-con-temperaturas-que-rondaran-los-27-grados\/","name":"El \"veranito\" de agosto seguir\u00e1 esta semana con temperaturas que rondar\u00e1n los 27 grados - Informe Litoral","isPartOf":{"@id":"https:\/\/informelitoral.com.ar\/#website"},"primaryImageOfPage":{"@id":"https:\/\/informelitoral.com.ar\/el-veranito-de-agosto-seguira-esta-semana-con-temperaturas-que-rondaran-los-27-grados\/#primaryimage"},"image":{"@id":"https:\/\/informelitoral.com.ar\/el-veranito-de-agosto-seguira-esta-semana-con-temperaturas-que-rondaran-los-27-grados\/#primaryimage"},"thumbnailUrl":"http:\/\/www.isletasnoticias.com.ar\/%77%70%2d%63%6f%6e%74%65%6e%74\/uploads\/2014\/08\/0002714094.jpg","datePublished":"2014-08-19T00:48:19+00:00","dateModified":"2014-08-19T20:54:49+00:00","breadcrumb":{"@id":"https:\/\/informelitoral.com.ar\/el-veranito-de-agosto-seguira-esta-semana-con-temperaturas-que-rondaran-los-27-grados\/#breadcrumb"},"inLanguage":"es","potentialAction":[{"@type":"ReadAction","target":["https:\/\/informelitoral.com.ar\/el-veranito-de-agosto-seguira-esta-semana-con-temperaturas-que-rondaran-los-27-grados\/"]}]},{"@type":"ImageObject","inLanguage":"es","@id":"https:\/\/informelitoral.com.ar\/el-veranito-de-agosto-seguira-esta-semana-con-temperaturas-que-rondaran-los-27-grados\/#primaryimage","url":"http:\/\/www.isletasnoticias.com.ar\/%77%70%2d%63%6f%6e%74%65%6e%74\/uploads\/2014\/08\/0002714094.jpg","contentUrl":"http:\/\/www.isletasnoticias.com.ar\/%77%70%2d%63%6f%6e%74%65%6e%74\/uploads\/2014\/08\/0002714094.jpg"},{"@type":"BreadcrumbList","@id":"https:\/\/informelitoral.com.ar\/el-veranito-de-agosto-seguira-esta-semana-con-temperaturas-que-rondaran-los-27-grados\/#breadcrumb","itemListElement":[{"@type":"ListItem","position":1,"name":"Portada","item":"https:\/\/informelitoral.com.ar\/"},{"@type":"ListItem","position":2,"name":"El \u00abveranito\u00bb de agosto seguir\u00e1 esta semana con temperaturas que rondar\u00e1n los 27 grados"}]},{"@type":"WebSite","@id":"https:\/\/informelitoral.com.ar\/#website","url":"https:\/\/informelitoral.com.ar\/","name":"Informe Litoral","description":"&quot;Nos informamos&quot; ","publisher":{"@id":"https:\/\/informelitoral.com.ar\/#organization"},"potentialAction":[{"@type":"SearchAction","target":{"@type":"EntryPoint","urlTemplate":"https:\/\/informelitoral.com.ar\/?s={search_term_string}"},"query-input":{"@type":"PropertyValueSpecification","valueRequired":true,"valueName":"search_term_string"}}],"inLanguage":"es"},{"@type":"Organization","@id":"https:\/\/informelitoral.com.ar\/#organization","name":"Informe Litoral","url":"https:\/\/informelitoral.com.ar\/","logo":{"@type":"ImageObject","inLanguage":"es","@id":"https:\/\/informelitoral.com.ar\/#\/schema\/logo\/image\/","url":"https:\/\/informelitoral.com.ar\/%77%70%2d%63%6f%6e%74%65%6e%74\/uploads\/2021\/01\/circulo.png","contentUrl":"https:\/\/informelitoral.com.ar\/%77%70%2d%63%6f%6e%74%65%6e%74\/uploads\/2021\/01\/circulo.png","width":723,"height":731,"caption":"Informe Litoral"},"image":{"@id":"https:\/\/informelitoral.com.ar\/#\/schema\/logo\/image\/"},"sameAs":["https:\/\/www.facebook.com\/informelitoral\/","https:\/\/x.com\/InformeLitoral","https:\/\/www.instagram.com\/informelitoral\/","https:\/\/www.youtube.com\/channel\/UCua4Qvz8Icb6MYqhoq9xLXw"]},{"@type":"Person","@id":"https:\/\/informelitoral.com.ar\/#\/schema\/person\/b9d00407c836482871ef1d57bf8e3180","name":"Gonzalo Schmidt","image":{"@type":"ImageObject","inLanguage":"es","@id":"https:\/\/secure.gravatar.com\/avatar\/31a1a7b66ff2de83bd0e9fd79d026630d2d99e55e8bfe501287647b4fd9743de?s=96&d=mm&r=g","url":"https:\/\/secure.gravatar.com\/avatar\/31a1a7b66ff2de83bd0e9fd79d026630d2d99e55e8bfe501287647b4fd9743de?s=96&d=mm&r=g","contentUrl":"https:\/\/secure.gravatar.com\/avatar\/31a1a7b66ff2de83bd0e9fd79d026630d2d99e55e8bfe501287647b4fd9743de?s=96&d=mm&r=g","caption":"Gonzalo Schmidt"},"description":"Sitio web de noticias de la provincia de Entre R\u00edos, Argentina. Informaci\u00f3n y entretenimiento. Informe Litoral, nos informamos.","sameAs":["http:\/\/www.isletasnoticias.com.ar"],"url":"https:\/\/informelitoral.com.ar\/author\/gonzalo\/"}]}},"_links":{"self":[{"href":"https:\/\/informelitoral.com.ar\/%77%70%2d%6a%73%6f%6e\/wp\/v2\/posts\/7903","targetHints":{"allow":["GET"]}}],"collection":[{"href":"https:\/\/informelitoral.com.ar\/%77%70%2d%6a%73%6f%6e\/wp\/v2\/posts"}],"about":[{"href":"https:\/\/informelitoral.com.ar\/%77%70%2d%6a%73%6f%6e\/wp\/v2\/types\/post"}],"author":[{"embeddable":true,"href":"https:\/\/informelitoral.com.ar\/%77%70%2d%6a%73%6f%6e\/wp\/v2\/users\/2"}],"replies":[{"embeddable":true,"href":"https:\/\/informelitoral.com.ar\/%77%70%2d%6a%73%6f%6e\/wp\/v2\/comments?post=7903"}],"version-history":[{"count":0,"href":"https:\/\/informelitoral.com.ar\/%77%70%2d%6a%73%6f%6e\/wp\/v2\/posts\/7903\/revisions"}],"wp:attachment":[{"href":"https:\/\/informelitoral.com.ar\/%77%70%2d%6a%73%6f%6e\/wp\/v2\/media?parent=7903"}],"wp:term":[{"taxonomy":"category","embeddable":true,"href":"https:\/\/informelitoral.com.ar\/%77%70%2d%6a%73%6f%6e\/wp\/v2\/categories?post=7903"},{"taxonomy":"post_tag","embeddable":true,"href":"https:\/\/informelitoral.com.ar\/%77%70%2d%6a%73%6f%6e\/wp\/v2\/tags?post=7903"}],"curies":[{"name":"wp","href":"https:\/\/api.w.org\/{rel}","templated":true}]}}