{"id":78747,"date":"2022-05-31T20:15:55","date_gmt":"2022-05-31T23:15:55","guid":{"rendered":"https:\/\/www.informelitoral.com.ar\/?p=78747"},"modified":"2022-06-01T10:17:20","modified_gmt":"2022-06-01T13:17:20","slug":"informe-ganadero-de-mayo-2022-presentado-por-cooperativa-la-ganadera","status":"publish","type":"post","link":"https:\/\/informelitoral.com.ar\/informe-ganadero-de-mayo-2022-presentado-por-cooperativa-la-ganadera\/","title":{"rendered":"Informe ganadero de mayo 2022 presentado por Cooperativa La Ganadera"},"content":{"rendered":"<p>De acuerdo a los precios logrados por Cooperativa La Ganadera en sus distintas instalaciones de remates ferias, que se han realizado durante el mes de mayo, podemos notar que fue un mes con valores positivos para la mayor\u00eda de las categor\u00edas.<\/p>\n<p>Las categor\u00edas de hacienda para faena lograron precios de consideraci\u00f3n en la primera quincena del mes, la falta de consumo especial y de buena terminaci\u00f3n fueron factores claves, para acompa\u00f1ar una gran demanda por parte de los frigor\u00edficos consumeros.<\/p>\n<p>En cuanto a frigor\u00edficos exportadores, fue un mes con duras ca\u00eddas, la falta de mercados exteriores y una sobre oferta de hacienda provoco una notable baja en los precios. Las categor\u00edas mas afectadas fueron vacas gordas con ca\u00eddas del 6,11% y conservas 4,95% tambi\u00e9n acompa\u00f1aron esta baja la categor\u00eda de toros con un 4,98%.<\/p>\n<p>Respecto la hacienda de invernada, logro valores sostenidos con peque\u00f1os quebrantos en lotes puntuales, logrando estabilizarse a lo largo del mes. La hembras obtuvieron una m\u00ednima baja del 0,21% y los machos una peque\u00f1a suba del 0,60%.<\/p>\n<p><a href=\"https:\/\/www.informelitoral.com.ar\/%77%70%2d%63%6f%6e%74%65%6e%74\/uploads\/2022\/05\/284511379_134615902507597_1100544917603373112_n.jpg\"><img loading=\"lazy\" decoding=\"async\" class=\"aligncenter wp-image-78748 size-full\" src=\"https:\/\/www.informelitoral.com.ar\/%77%70%2d%63%6f%6e%74%65%6e%74\/uploads\/2022\/05\/284511379_134615902507597_1100544917603373112_n.jpg\" alt=\"\" width=\"708\" height=\"960\" srcset=\"https:\/\/informelitoral.com.ar\/%77%70%2d%63%6f%6e%74%65%6e%74\/uploads\/2022\/05\/284511379_134615902507597_1100544917603373112_n.jpg 708w, https:\/\/informelitoral.com.ar\/%77%70%2d%63%6f%6e%74%65%6e%74\/uploads\/2022\/05\/284511379_134615902507597_1100544917603373112_n-221x300.jpg 221w, https:\/\/informelitoral.com.ar\/%77%70%2d%63%6f%6e%74%65%6e%74\/uploads\/2022\/05\/284511379_134615902507597_1100544917603373112_n-696x944.jpg 696w, https:\/\/informelitoral.com.ar\/%77%70%2d%63%6f%6e%74%65%6e%74\/uploads\/2022\/05\/284511379_134615902507597_1100544917603373112_n-310x420.jpg 310w\" sizes=\"auto, (max-width: 708px) 100vw, 708px\" \/><\/a><\/p>\n","protected":false},"excerpt":{"rendered":"<p>Aseguran que fue un mes positivo para la mayor\u00eda de las categor\u00edas. Las categor\u00edas de hacienda para faena lograron precios de consideraci\u00f3n durante la primera quincena. Ca\u00eddas para frigor\u00edficos exportadores y valores estabilizados para invernada. <\/p>\n","protected":false},"author":2,"featured_media":72907,"comment_status":"open","ping_status":"open","sticky":false,"template":"","format":"standard","meta":{"fifu_image_url":"","fifu_image_alt":"","footnotes":""},"categories":[10],"tags":[162,453,2418],"class_list":{"0":"post-78747","1":"post","2":"type-post","3":"status-publish","4":"format-standard","5":"has-post-thumbnail","7":"category-campo","8":"tag-ganaderia","9":"tag-hacienda","10":"tag-informe-ganadero"},"yoast_head":"<title>Informe ganadero de mayo 2022 presentado por Cooperativa La Ganadera - Informe Litoral<\/title>\n<meta name=\"robots\" content=\"index, follow, max-snippet:-1, max-image-preview:large, max-video-preview:-1\" \/>\n<link rel=\"canonical\" href=\"https:\/\/informelitoral.com.ar\/informe-ganadero-de-mayo-2022-presentado-por-cooperativa-la-ganadera\/\" \/>\n<meta property=\"og:locale\" content=\"es_ES\" \/>\n<meta property=\"og:type\" content=\"article\" \/>\n<meta property=\"og:title\" content=\"Informe ganadero de mayo 2022 presentado por Cooperativa La Ganadera - Informe Litoral\" \/>\n<meta property=\"og:description\" content=\"Aseguran que fue un mes positivo para la mayor\u00eda de las categor\u00edas. Las categor\u00edas de hacienda para faena lograron precios de consideraci\u00f3n durante la primera quincena. Ca\u00eddas para frigor\u00edficos exportadores y valores estabilizados para invernada.\" \/>\n<meta property=\"og:url\" content=\"https:\/\/informelitoral.com.ar\/informe-ganadero-de-mayo-2022-presentado-por-cooperativa-la-ganadera\/\" \/>\n<meta property=\"og:site_name\" content=\"Informe Litoral\" \/>\n<meta property=\"article:publisher\" content=\"https:\/\/www.facebook.com\/informelitoral\/\" \/>\n<meta property=\"article:published_time\" content=\"2022-05-31T23:15:55+00:00\" \/>\n<meta property=\"article:modified_time\" content=\"2022-06-01T13:17:20+00:00\" \/>\n<meta property=\"og:image\" content=\"https:\/\/informelitoral.com.ar\/%77%70%2d%63%6f%6e%74%65%6e%74\/uploads\/2022\/03\/Ganaderia-.jpg\" \/>\n\t<meta property=\"og:image:width\" content=\"660\" \/>\n\t<meta property=\"og:image:height\" content=\"460\" \/>\n\t<meta property=\"og:image:type\" content=\"image\/jpeg\" \/>\n<meta name=\"author\" content=\"Gonzalo Schmidt\" \/>\n<meta name=\"twitter:card\" content=\"summary_large_image\" \/>\n<meta name=\"twitter:creator\" content=\"@InformeLitoral\" \/>\n<meta name=\"twitter:site\" content=\"@InformeLitoral\" \/>\n<meta name=\"twitter:label1\" content=\"Escrito por\" \/>\n\t<meta name=\"twitter:data1\" content=\"Gonzalo Schmidt\" \/>\n\t<meta name=\"twitter:label2\" content=\"Tiempo de lectura\" \/>\n\t<meta name=\"twitter:data2\" content=\"1 minuto\" \/>\n<script type=\"application\/ld+json\" class=\"yoast-schema-graph\">{\"@context\":\"https:\\\/\\\/schema.org\",\"@graph\":[{\"@type\":\"Article\",\"@id\":\"https:\\\/\\\/informelitoral.com.ar\\\/informe-ganadero-de-mayo-2022-presentado-por-cooperativa-la-ganadera\\\/#article\",\"isPartOf\":{\"@id\":\"https:\\\/\\\/informelitoral.com.ar\\\/informe-ganadero-de-mayo-2022-presentado-por-cooperativa-la-ganadera\\\/\"},\"author\":{\"name\":\"Gonzalo Schmidt\",\"@id\":\"https:\\\/\\\/informelitoral.com.ar\\\/#\\\/schema\\\/person\\\/b9d00407c836482871ef1d57bf8e3180\"},\"headline\":\"Informe ganadero de mayo 2022 presentado por Cooperativa La Ganadera\",\"datePublished\":\"2022-05-31T23:15:55+00:00\",\"dateModified\":\"2022-06-01T13:17:20+00:00\",\"mainEntityOfPage\":{\"@id\":\"https:\\\/\\\/informelitoral.com.ar\\\/informe-ganadero-de-mayo-2022-presentado-por-cooperativa-la-ganadera\\\/\"},\"wordCount\":192,\"commentCount\":0,\"publisher\":{\"@id\":\"https:\\\/\\\/informelitoral.com.ar\\\/#organization\"},\"image\":{\"@id\":\"https:\\\/\\\/informelitoral.com.ar\\\/informe-ganadero-de-mayo-2022-presentado-por-cooperativa-la-ganadera\\\/#primaryimage\"},\"thumbnailUrl\":\"https:\\\/\\\/informelitoral.com.ar\\\/%77%70%2d%63%6f%6e%74%65%6e%74\\\/uploads\\\/2022\\\/03\\\/Ganaderia-.jpg\",\"keywords\":[\"Ganader\u00eda\",\"Hacienda\",\"Informe ganadero\"],\"articleSection\":[\"Campo\"],\"inLanguage\":\"es\",\"potentialAction\":[{\"@type\":\"CommentAction\",\"name\":\"Comment\",\"target\":[\"https:\\\/\\\/informelitoral.com.ar\\\/informe-ganadero-de-mayo-2022-presentado-por-cooperativa-la-ganadera\\\/#respond\"]}]},{\"@type\":\"WebPage\",\"@id\":\"https:\\\/\\\/informelitoral.com.ar\\\/informe-ganadero-de-mayo-2022-presentado-por-cooperativa-la-ganadera\\\/\",\"url\":\"https:\\\/\\\/informelitoral.com.ar\\\/informe-ganadero-de-mayo-2022-presentado-por-cooperativa-la-ganadera\\\/\",\"name\":\"Informe ganadero de mayo 2022 presentado por Cooperativa La Ganadera - Informe Litoral\",\"isPartOf\":{\"@id\":\"https:\\\/\\\/informelitoral.com.ar\\\/#website\"},\"primaryImageOfPage\":{\"@id\":\"https:\\\/\\\/informelitoral.com.ar\\\/informe-ganadero-de-mayo-2022-presentado-por-cooperativa-la-ganadera\\\/#primaryimage\"},\"image\":{\"@id\":\"https:\\\/\\\/informelitoral.com.ar\\\/informe-ganadero-de-mayo-2022-presentado-por-cooperativa-la-ganadera\\\/#primaryimage\"},\"thumbnailUrl\":\"https:\\\/\\\/informelitoral.com.ar\\\/%77%70%2d%63%6f%6e%74%65%6e%74\\\/uploads\\\/2022\\\/03\\\/Ganaderia-.jpg\",\"datePublished\":\"2022-05-31T23:15:55+00:00\",\"dateModified\":\"2022-06-01T13:17:20+00:00\",\"breadcrumb\":{\"@id\":\"https:\\\/\\\/informelitoral.com.ar\\\/informe-ganadero-de-mayo-2022-presentado-por-cooperativa-la-ganadera\\\/#breadcrumb\"},\"inLanguage\":\"es\",\"potentialAction\":[{\"@type\":\"ReadAction\",\"target\":[\"https:\\\/\\\/informelitoral.com.ar\\\/informe-ganadero-de-mayo-2022-presentado-por-cooperativa-la-ganadera\\\/\"]}]},{\"@type\":\"ImageObject\",\"inLanguage\":\"es\",\"@id\":\"https:\\\/\\\/informelitoral.com.ar\\\/informe-ganadero-de-mayo-2022-presentado-por-cooperativa-la-ganadera\\\/#primaryimage\",\"url\":\"https:\\\/\\\/informelitoral.com.ar\\\/%77%70%2d%63%6f%6e%74%65%6e%74\\\/uploads\\\/2022\\\/03\\\/Ganaderia-.jpg\",\"contentUrl\":\"https:\\\/\\\/informelitoral.com.ar\\\/%77%70%2d%63%6f%6e%74%65%6e%74\\\/uploads\\\/2022\\\/03\\\/Ganaderia-.jpg\",\"width\":660,\"height\":460},{\"@type\":\"BreadcrumbList\",\"@id\":\"https:\\\/\\\/informelitoral.com.ar\\\/informe-ganadero-de-mayo-2022-presentado-por-cooperativa-la-ganadera\\\/#breadcrumb\",\"itemListElement\":[{\"@type\":\"ListItem\",\"position\":1,\"name\":\"Portada\",\"item\":\"https:\\\/\\\/informelitoral.com.ar\\\/\"},{\"@type\":\"ListItem\",\"position\":2,\"name\":\"Informe ganadero de mayo 2022 presentado por Cooperativa La Ganadera\"}]},{\"@type\":\"WebSite\",\"@id\":\"https:\\\/\\\/informelitoral.com.ar\\\/#website\",\"url\":\"https:\\\/\\\/informelitoral.com.ar\\\/\",\"name\":\"Informe Litoral\",\"description\":\"&quot;Nos informamos&quot; \",\"publisher\":{\"@id\":\"https:\\\/\\\/informelitoral.com.ar\\\/#organization\"},\"potentialAction\":[{\"@type\":\"SearchAction\",\"target\":{\"@type\":\"EntryPoint\",\"urlTemplate\":\"https:\\\/\\\/informelitoral.com.ar\\\/?s={search_term_string}\"},\"query-input\":{\"@type\":\"PropertyValueSpecification\",\"valueRequired\":true,\"valueName\":\"search_term_string\"}}],\"inLanguage\":\"es\"},{\"@type\":\"Organization\",\"@id\":\"https:\\\/\\\/informelitoral.com.ar\\\/#organization\",\"name\":\"Informe Litoral\",\"url\":\"https:\\\/\\\/informelitoral.com.ar\\\/\",\"logo\":{\"@type\":\"ImageObject\",\"inLanguage\":\"es\",\"@id\":\"https:\\\/\\\/informelitoral.com.ar\\\/#\\\/schema\\\/logo\\\/image\\\/\",\"url\":\"https:\\\/\\\/informelitoral.com.ar\\\/%77%70%2d%63%6f%6e%74%65%6e%74\\\/uploads\\\/2021\\\/01\\\/circulo.png\",\"contentUrl\":\"https:\\\/\\\/informelitoral.com.ar\\\/%77%70%2d%63%6f%6e%74%65%6e%74\\\/uploads\\\/2021\\\/01\\\/circulo.png\",\"width\":723,\"height\":731,\"caption\":\"Informe Litoral\"},\"image\":{\"@id\":\"https:\\\/\\\/informelitoral.com.ar\\\/#\\\/schema\\\/logo\\\/image\\\/\"},\"sameAs\":[\"https:\\\/\\\/www.facebook.com\\\/informelitoral\\\/\",\"https:\\\/\\\/x.com\\\/InformeLitoral\",\"https:\\\/\\\/www.instagram.com\\\/informelitoral\\\/\",\"https:\\\/\\\/www.youtube.com\\\/channel\\\/UCua4Qvz8Icb6MYqhoq9xLXw\"]},{\"@type\":\"Person\",\"@id\":\"https:\\\/\\\/informelitoral.com.ar\\\/#\\\/schema\\\/person\\\/b9d00407c836482871ef1d57bf8e3180\",\"name\":\"Gonzalo Schmidt\",\"image\":{\"@type\":\"ImageObject\",\"inLanguage\":\"es\",\"@id\":\"https:\\\/\\\/secure.gravatar.com\\\/avatar\\\/31a1a7b66ff2de83bd0e9fd79d026630d2d99e55e8bfe501287647b4fd9743de?s=96&d=mm&r=g\",\"url\":\"https:\\\/\\\/secure.gravatar.com\\\/avatar\\\/31a1a7b66ff2de83bd0e9fd79d026630d2d99e55e8bfe501287647b4fd9743de?s=96&d=mm&r=g\",\"contentUrl\":\"https:\\\/\\\/secure.gravatar.com\\\/avatar\\\/31a1a7b66ff2de83bd0e9fd79d026630d2d99e55e8bfe501287647b4fd9743de?s=96&d=mm&r=g\",\"caption\":\"Gonzalo Schmidt\"},\"description\":\"Sitio web de noticias de la provincia de Entre R\u00edos, Argentina. Informaci\u00f3n y entretenimiento. Informe Litoral, nos informamos.\",\"sameAs\":[\"http:\\\/\\\/www.isletasnoticias.com.ar\"],\"url\":\"https:\\\/\\\/informelitoral.com.ar\\\/author\\\/gonzalo\\\/\"}]}<\/script>","yoast_head_json":{"title":"Informe ganadero de mayo 2022 presentado por Cooperativa La Ganadera - Informe Litoral","robots":{"index":"index","follow":"follow","max-snippet":"max-snippet:-1","max-image-preview":"max-image-preview:large","max-video-preview":"max-video-preview:-1"},"canonical":"https:\/\/informelitoral.com.ar\/informe-ganadero-de-mayo-2022-presentado-por-cooperativa-la-ganadera\/","og_locale":"es_ES","og_type":"article","og_title":"Informe ganadero de mayo 2022 presentado por Cooperativa La Ganadera - Informe Litoral","og_description":"Aseguran que fue un mes positivo para la mayor\u00eda de las categor\u00edas. Las categor\u00edas de hacienda para faena lograron precios de consideraci\u00f3n durante la primera quincena. Ca\u00eddas para frigor\u00edficos exportadores y valores estabilizados para invernada.","og_url":"https:\/\/informelitoral.com.ar\/informe-ganadero-de-mayo-2022-presentado-por-cooperativa-la-ganadera\/","og_site_name":"Informe Litoral","article_publisher":"https:\/\/www.facebook.com\/informelitoral\/","article_published_time":"2022-05-31T23:15:55+00:00","article_modified_time":"2022-06-01T13:17:20+00:00","og_image":[{"width":660,"height":460,"url":"https:\/\/informelitoral.com.ar\/%77%70%2d%63%6f%6e%74%65%6e%74\/uploads\/2022\/03\/Ganaderia-.jpg","type":"image\/jpeg"}],"author":"Gonzalo Schmidt","twitter_card":"summary_large_image","twitter_creator":"@InformeLitoral","twitter_site":"@InformeLitoral","twitter_misc":{"Escrito por":"Gonzalo Schmidt","Tiempo de lectura":"1 minuto"},"schema":{"@context":"https:\/\/schema.org","@graph":[{"@type":"Article","@id":"https:\/\/informelitoral.com.ar\/informe-ganadero-de-mayo-2022-presentado-por-cooperativa-la-ganadera\/#article","isPartOf":{"@id":"https:\/\/informelitoral.com.ar\/informe-ganadero-de-mayo-2022-presentado-por-cooperativa-la-ganadera\/"},"author":{"name":"Gonzalo Schmidt","@id":"https:\/\/informelitoral.com.ar\/#\/schema\/person\/b9d00407c836482871ef1d57bf8e3180"},"headline":"Informe ganadero de mayo 2022 presentado por Cooperativa La Ganadera","datePublished":"2022-05-31T23:15:55+00:00","dateModified":"2022-06-01T13:17:20+00:00","mainEntityOfPage":{"@id":"https:\/\/informelitoral.com.ar\/informe-ganadero-de-mayo-2022-presentado-por-cooperativa-la-ganadera\/"},"wordCount":192,"commentCount":0,"publisher":{"@id":"https:\/\/informelitoral.com.ar\/#organization"},"image":{"@id":"https:\/\/informelitoral.com.ar\/informe-ganadero-de-mayo-2022-presentado-por-cooperativa-la-ganadera\/#primaryimage"},"thumbnailUrl":"https:\/\/informelitoral.com.ar\/%77%70%2d%63%6f%6e%74%65%6e%74\/uploads\/2022\/03\/Ganaderia-.jpg","keywords":["Ganader\u00eda","Hacienda","Informe ganadero"],"articleSection":["Campo"],"inLanguage":"es","potentialAction":[{"@type":"CommentAction","name":"Comment","target":["https:\/\/informelitoral.com.ar\/informe-ganadero-de-mayo-2022-presentado-por-cooperativa-la-ganadera\/#respond"]}]},{"@type":"WebPage","@id":"https:\/\/informelitoral.com.ar\/informe-ganadero-de-mayo-2022-presentado-por-cooperativa-la-ganadera\/","url":"https:\/\/informelitoral.com.ar\/informe-ganadero-de-mayo-2022-presentado-por-cooperativa-la-ganadera\/","name":"Informe ganadero de mayo 2022 presentado por Cooperativa La Ganadera - Informe Litoral","isPartOf":{"@id":"https:\/\/informelitoral.com.ar\/#website"},"primaryImageOfPage":{"@id":"https:\/\/informelitoral.com.ar\/informe-ganadero-de-mayo-2022-presentado-por-cooperativa-la-ganadera\/#primaryimage"},"image":{"@id":"https:\/\/informelitoral.com.ar\/informe-ganadero-de-mayo-2022-presentado-por-cooperativa-la-ganadera\/#primaryimage"},"thumbnailUrl":"https:\/\/informelitoral.com.ar\/%77%70%2d%63%6f%6e%74%65%6e%74\/uploads\/2022\/03\/Ganaderia-.jpg","datePublished":"2022-05-31T23:15:55+00:00","dateModified":"2022-06-01T13:17:20+00:00","breadcrumb":{"@id":"https:\/\/informelitoral.com.ar\/informe-ganadero-de-mayo-2022-presentado-por-cooperativa-la-ganadera\/#breadcrumb"},"inLanguage":"es","potentialAction":[{"@type":"ReadAction","target":["https:\/\/informelitoral.com.ar\/informe-ganadero-de-mayo-2022-presentado-por-cooperativa-la-ganadera\/"]}]},{"@type":"ImageObject","inLanguage":"es","@id":"https:\/\/informelitoral.com.ar\/informe-ganadero-de-mayo-2022-presentado-por-cooperativa-la-ganadera\/#primaryimage","url":"https:\/\/informelitoral.com.ar\/%77%70%2d%63%6f%6e%74%65%6e%74\/uploads\/2022\/03\/Ganaderia-.jpg","contentUrl":"https:\/\/informelitoral.com.ar\/%77%70%2d%63%6f%6e%74%65%6e%74\/uploads\/2022\/03\/Ganaderia-.jpg","width":660,"height":460},{"@type":"BreadcrumbList","@id":"https:\/\/informelitoral.com.ar\/informe-ganadero-de-mayo-2022-presentado-por-cooperativa-la-ganadera\/#breadcrumb","itemListElement":[{"@type":"ListItem","position":1,"name":"Portada","item":"https:\/\/informelitoral.com.ar\/"},{"@type":"ListItem","position":2,"name":"Informe ganadero de mayo 2022 presentado por Cooperativa La Ganadera"}]},{"@type":"WebSite","@id":"https:\/\/informelitoral.com.ar\/#website","url":"https:\/\/informelitoral.com.ar\/","name":"Informe Litoral","description":"&quot;Nos informamos&quot; ","publisher":{"@id":"https:\/\/informelitoral.com.ar\/#organization"},"potentialAction":[{"@type":"SearchAction","target":{"@type":"EntryPoint","urlTemplate":"https:\/\/informelitoral.com.ar\/?s={search_term_string}"},"query-input":{"@type":"PropertyValueSpecification","valueRequired":true,"valueName":"search_term_string"}}],"inLanguage":"es"},{"@type":"Organization","@id":"https:\/\/informelitoral.com.ar\/#organization","name":"Informe Litoral","url":"https:\/\/informelitoral.com.ar\/","logo":{"@type":"ImageObject","inLanguage":"es","@id":"https:\/\/informelitoral.com.ar\/#\/schema\/logo\/image\/","url":"https:\/\/informelitoral.com.ar\/%77%70%2d%63%6f%6e%74%65%6e%74\/uploads\/2021\/01\/circulo.png","contentUrl":"https:\/\/informelitoral.com.ar\/%77%70%2d%63%6f%6e%74%65%6e%74\/uploads\/2021\/01\/circulo.png","width":723,"height":731,"caption":"Informe Litoral"},"image":{"@id":"https:\/\/informelitoral.com.ar\/#\/schema\/logo\/image\/"},"sameAs":["https:\/\/www.facebook.com\/informelitoral\/","https:\/\/x.com\/InformeLitoral","https:\/\/www.instagram.com\/informelitoral\/","https:\/\/www.youtube.com\/channel\/UCua4Qvz8Icb6MYqhoq9xLXw"]},{"@type":"Person","@id":"https:\/\/informelitoral.com.ar\/#\/schema\/person\/b9d00407c836482871ef1d57bf8e3180","name":"Gonzalo Schmidt","image":{"@type":"ImageObject","inLanguage":"es","@id":"https:\/\/secure.gravatar.com\/avatar\/31a1a7b66ff2de83bd0e9fd79d026630d2d99e55e8bfe501287647b4fd9743de?s=96&d=mm&r=g","url":"https:\/\/secure.gravatar.com\/avatar\/31a1a7b66ff2de83bd0e9fd79d026630d2d99e55e8bfe501287647b4fd9743de?s=96&d=mm&r=g","contentUrl":"https:\/\/secure.gravatar.com\/avatar\/31a1a7b66ff2de83bd0e9fd79d026630d2d99e55e8bfe501287647b4fd9743de?s=96&d=mm&r=g","caption":"Gonzalo Schmidt"},"description":"Sitio web de noticias de la provincia de Entre R\u00edos, Argentina. Informaci\u00f3n y entretenimiento. Informe Litoral, nos informamos.","sameAs":["http:\/\/www.isletasnoticias.com.ar"],"url":"https:\/\/informelitoral.com.ar\/author\/gonzalo\/"}]}},"_links":{"self":[{"href":"https:\/\/informelitoral.com.ar\/%77%70%2d%6a%73%6f%6e\/wp\/v2\/posts\/78747","targetHints":{"allow":["GET"]}}],"collection":[{"href":"https:\/\/informelitoral.com.ar\/%77%70%2d%6a%73%6f%6e\/wp\/v2\/posts"}],"about":[{"href":"https:\/\/informelitoral.com.ar\/%77%70%2d%6a%73%6f%6e\/wp\/v2\/types\/post"}],"author":[{"embeddable":true,"href":"https:\/\/informelitoral.com.ar\/%77%70%2d%6a%73%6f%6e\/wp\/v2\/users\/2"}],"replies":[{"embeddable":true,"href":"https:\/\/informelitoral.com.ar\/%77%70%2d%6a%73%6f%6e\/wp\/v2\/comments?post=78747"}],"version-history":[{"count":0,"href":"https:\/\/informelitoral.com.ar\/%77%70%2d%6a%73%6f%6e\/wp\/v2\/posts\/78747\/revisions"}],"wp:featuredmedia":[{"embeddable":true,"href":"https:\/\/informelitoral.com.ar\/%77%70%2d%6a%73%6f%6e\/wp\/v2\/media\/72907"}],"wp:attachment":[{"href":"https:\/\/informelitoral.com.ar\/%77%70%2d%6a%73%6f%6e\/wp\/v2\/media?parent=78747"}],"wp:term":[{"taxonomy":"category","embeddable":true,"href":"https:\/\/informelitoral.com.ar\/%77%70%2d%6a%73%6f%6e\/wp\/v2\/categories?post=78747"},{"taxonomy":"post_tag","embeddable":true,"href":"https:\/\/informelitoral.com.ar\/%77%70%2d%6a%73%6f%6e\/wp\/v2\/tags?post=78747"}],"curies":[{"name":"wp","href":"https:\/\/api.w.org\/{rel}","templated":true}]}}