{"id":78737,"date":"2022-05-31T13:46:33","date_gmt":"2022-05-31T16:46:33","guid":{"rendered":"https:\/\/www.informelitoral.com.ar\/?p=78737"},"modified":"2022-05-31T17:25:32","modified_gmt":"2022-05-31T20:25:32","slug":"alivio-fiscal-para-monotributistas-como-quedarian-las-nuevas-categorias","status":"publish","type":"post","link":"https:\/\/informelitoral.com.ar\/alivio-fiscal-para-monotributistas-como-quedarian-las-nuevas-categorias\/","title":{"rendered":"Alivio fiscal para monotributistas: c\u00f3mo quedar\u00edan las nuevas categor\u00edas"},"content":{"rendered":"<p>La iniciativa tiene el respaldo del jefe del interbloque Federal, Alejandro \u00abTopo\u00bb Rodr\u00edguez, y la diputada de Juntos por el Cambio Margarita Stolbizer.<\/p>\n<p>Seg\u00fan se\u00f1alaron fuentes legislativas, el proyecto de Massa, que tambi\u00e9n lleva las firmas de Leandro Santoro y M\u00f3nica Litza, tiene los votos para ser aprobado en el recinto.<\/p>\n<p>La iniciativa que Massa ingres\u00f3 al Congreso contempla adelantar a julio parte de la actualizaci\u00f3n anual del monotributo, que suele hacerse desde el 1\u00b0 de enero de cada a\u00f1o a trav\u00e9s de la f\u00f3rmula de movilidad jubilatoria.<\/p>\n<p>Las escalas de facturaci\u00f3n de ese r\u00e9gimen quedaron desactualizadas por la escalada inflacionaria.<\/p>\n<p>En el primer semestre de este a\u00f1o, las jubilaciones y dem\u00e1s prestaciones que paga la ANSeS acumular\u00e1n una suba de 29,1%. El proyecto apunta a que ese porcentaje se utilice para actualizar las escalas de facturaci\u00f3n de las distintas categor\u00edas del monotributo desde el 1\u00b0 de julio de 2022.<\/p>\n<p>Adem\u00e1s, no incluyo aumento en las cuotas mensuales a pagar, sino que se buscar\u00e1 una actualizaci\u00f3n de los topes m\u00e1ximos de facturaci\u00f3n, para que los cuatro millones de monotributistas no tengan que saltar hacia una escala mayor -o quedar afuera del R\u00e9gimen Simplificado- si su facturaci\u00f3n creci\u00f3 en t\u00e9rminos nominales por efecto de la inflaci\u00f3n, seg\u00fan la propuesta de Massa.<\/p>\n<p>Con relaci\u00f3n a los aut\u00f3nomos que est\u00e1n alcanzados por el Impuestos a las Ganancias y que en la actualidad deben pagar el tributo con ingresos mensuales superiores a $63.000, la soluci\u00f3n que contempla el proyecto es actualizar las escalas y deducciones a fin de que el m\u00ednimo no imponible quede en l\u00ednea o cercano a los empleados en relaci\u00f3n de dependencia, que desde el mes que viene ser\u00e1 de $289.792.<\/p>\n<section class=\"texto\">El paso siguiente ser\u00eda establecer un mecanismo de ajuste que se aplique por la evoluci\u00f3n salarial o la f\u00f3rmula de movilidad, que hasta ahora determina los montos que esos contribuyentes deben pagar mensualmente como aporte jubilatorio.Massa impuls\u00f3 la semana pasada una actualizaci\u00f3n del piso de Ganancias, que comenzar\u00e1 a regir desde junio y destac\u00f3 que esa medida busca \u00abdefender el poder de compra de los salarios\u00bb, al igual que el proyecto sobre monotributistas y aut\u00f3nomos.<\/p>\n<p><b>Las nuevas escalas de facturaci\u00f3n quedar\u00edan de esta forma:<\/b><\/p>\n<p>Categor\u00eda &#8212;- Hoy &#8212;&#8212;&#8212;&#8212;&#8212;Propuesta<br \/>\n&#8212;&#8212;A &#8212;&#8211;$ 466.201,59&#8212;&#8212;&#8212; $ 601.959,49.<br \/>\n&#8212;&#8211; B &#8212;&#8211;$ 693.002,36&#8212;&#8212;&#8212; $ 894.804,65.<br \/>\n&#8212;&#8212; C &#8212;&#8211;$ 970.203,30&#8212;&#8212;&#8212; $ 1.252.726,50.<br \/>\n&#8212;&#8212;D &#8212;&#8211;$ 1.335.604,55&#8212;&#8212;&#8212; $ 1.724.532,59.<br \/>\n&#8212;&#8212;E &#8212;&#8211;$ 1.764.006,01&#8212;&#8212;&#8212; $ 2.277.684,56.<br \/>\n&#8212;&#8212;F&#8212;&#8211; $ 2.205.007,51&#8212;&#8212;&#8212; $ 2.847.105,70.<br \/>\n&#8212;&#8212;G&#8212;&#8211; $ 2.646.009,01&#8212;&#8212;&#8212; $ 3.416.526,83.<br \/>\n&#8212;&#8212;H&#8212;&#8211; $ 3.276.011,15&#8212;&#8212;&#8212; $ 4.229.985,60.<br \/>\n&#8212;&#8212;I &#8212;&#8211;$ 3.666.612,48&#8212;&#8212;&#8212; $ 4.734.330,03.<br \/>\n&#8212;&#8212; J&#8212;&#8211; $ 4.202.114,31&#8212;&#8212;&#8212; $ 5.425.770,00.<br \/>\n&#8212;&#8212;K&#8212;&#8211; $ 4.662.015,87&#8212;&#8212;&#8212; $ 6.019.594,89.<\/p>\n<\/section>\n<div>\n<div class=\"builder-1eSmv\">\n<div class=\"builder-2KnXd\">\n<div id=\"v-elonce-0\">\n<div id=\"_vdo_ads_player_ai_5302\" class=\"vdo_content\">\n<p>&nbsp;<\/p>\n<div class=\"vjs-poster\" tabindex=\"-1\" aria-disabled=\"false\"><\/div>\n<div class=\"vjs-text-track-display\" aria-live=\"off\" aria-atomic=\"true\">\n<div><\/div>\n<\/div>\n<div class=\"vjs-control-bar\" dir=\"ltr\"><\/div>\n<\/div>\n<\/div>\n<\/div>\n<\/div>\n<\/div>\n","protected":false},"excerpt":{"rendered":"<p>El proyecto de ley de actualizaci\u00f3n de monotributo contempla una suba del orden de 29 % para todas las escalas que comenzar\u00eda a regir desde el 1 de julio. Las cuotas a pagar se mantienen en los mismos montos.<\/p>\n","protected":false},"author":8,"featured_media":49380,"comment_status":"open","ping_status":"open","sticky":false,"template":"","format":"standard","meta":{"fifu_image_url":"","fifu_image_alt":"","footnotes":""},"categories":[1594],"tags":[3671,2462],"class_list":{"0":"post-78737","1":"post","2":"type-post","3":"status-publish","4":"format-standard","5":"has-post-thumbnail","7":"category-economia","8":"tag-alivio-fiscal","9":"tag-monotributistas"},"yoast_head":"<title>Alivio fiscal para monotributistas: c\u00f3mo quedar\u00edan las nuevas categor\u00edas - Informe Litoral<\/title>\n<meta name=\"robots\" content=\"index, follow, max-snippet:-1, max-image-preview:large, max-video-preview:-1\" \/>\n<link rel=\"canonical\" href=\"https:\/\/informelitoral.com.ar\/alivio-fiscal-para-monotributistas-como-quedarian-las-nuevas-categorias\/\" \/>\n<meta property=\"og:locale\" content=\"es_ES\" \/>\n<meta property=\"og:type\" content=\"article\" \/>\n<meta property=\"og:title\" content=\"Alivio fiscal para monotributistas: c\u00f3mo quedar\u00edan las nuevas categor\u00edas - Informe Litoral\" \/>\n<meta property=\"og:description\" content=\"El proyecto de ley de actualizaci\u00f3n de monotributo contempla una suba del orden de 29 % para todas las escalas que comenzar\u00eda a regir desde el 1 de julio. Las cuotas a pagar se mantienen en los mismos montos.\" \/>\n<meta property=\"og:url\" content=\"https:\/\/informelitoral.com.ar\/alivio-fiscal-para-monotributistas-como-quedarian-las-nuevas-categorias\/\" \/>\n<meta property=\"og:site_name\" content=\"Informe Litoral\" \/>\n<meta property=\"article:publisher\" content=\"https:\/\/www.facebook.com\/informelitoral\/\" \/>\n<meta property=\"article:published_time\" content=\"2022-05-31T16:46:33+00:00\" \/>\n<meta property=\"article:modified_time\" content=\"2022-05-31T20:25:32+00:00\" \/>\n<meta property=\"og:image\" content=\"https:\/\/informelitoral.com.ar\/%77%70%2d%63%6f%6e%74%65%6e%74\/uploads\/2020\/09\/Afip.jpg\" \/>\n\t<meta property=\"og:image:width\" content=\"1330\" \/>\n\t<meta property=\"og:image:height\" content=\"880\" \/>\n\t<meta property=\"og:image:type\" content=\"image\/jpeg\" \/>\n<meta name=\"author\" content=\"Sebastian\" \/>\n<meta name=\"twitter:card\" content=\"summary_large_image\" \/>\n<meta name=\"twitter:creator\" content=\"@InformeLitoral\" \/>\n<meta name=\"twitter:site\" content=\"@InformeLitoral\" \/>\n<meta name=\"twitter:label1\" content=\"Escrito por\" \/>\n\t<meta name=\"twitter:data1\" content=\"Sebastian\" \/>\n\t<meta name=\"twitter:label2\" content=\"Tiempo de lectura\" \/>\n\t<meta name=\"twitter:data2\" content=\"2 minutos\" \/>\n<script type=\"application\/ld+json\" class=\"yoast-schema-graph\">{\"@context\":\"https:\\\/\\\/schema.org\",\"@graph\":[{\"@type\":\"Article\",\"@id\":\"https:\\\/\\\/informelitoral.com.ar\\\/alivio-fiscal-para-monotributistas-como-quedarian-las-nuevas-categorias\\\/#article\",\"isPartOf\":{\"@id\":\"https:\\\/\\\/informelitoral.com.ar\\\/alivio-fiscal-para-monotributistas-como-quedarian-las-nuevas-categorias\\\/\"},\"author\":{\"name\":\"Sebastian\",\"@id\":\"https:\\\/\\\/informelitoral.com.ar\\\/#\\\/schema\\\/person\\\/f05f9f461677119578717524b127d6d5\"},\"headline\":\"Alivio fiscal para monotributistas: c\u00f3mo quedar\u00edan las nuevas categor\u00edas\",\"datePublished\":\"2022-05-31T16:46:33+00:00\",\"dateModified\":\"2022-05-31T20:25:32+00:00\",\"mainEntityOfPage\":{\"@id\":\"https:\\\/\\\/informelitoral.com.ar\\\/alivio-fiscal-para-monotributistas-como-quedarian-las-nuevas-categorias\\\/\"},\"wordCount\":447,\"commentCount\":0,\"publisher\":{\"@id\":\"https:\\\/\\\/informelitoral.com.ar\\\/#organization\"},\"image\":{\"@id\":\"https:\\\/\\\/informelitoral.com.ar\\\/alivio-fiscal-para-monotributistas-como-quedarian-las-nuevas-categorias\\\/#primaryimage\"},\"thumbnailUrl\":\"https:\\\/\\\/informelitoral.com.ar\\\/%77%70%2d%63%6f%6e%74%65%6e%74\\\/uploads\\\/2020\\\/09\\\/Afip.jpg\",\"keywords\":[\"Alivio fiscal\",\"Monotributistas\"],\"articleSection\":[\"Econom\u00eda\"],\"inLanguage\":\"es\",\"potentialAction\":[{\"@type\":\"CommentAction\",\"name\":\"Comment\",\"target\":[\"https:\\\/\\\/informelitoral.com.ar\\\/alivio-fiscal-para-monotributistas-como-quedarian-las-nuevas-categorias\\\/#respond\"]}]},{\"@type\":\"WebPage\",\"@id\":\"https:\\\/\\\/informelitoral.com.ar\\\/alivio-fiscal-para-monotributistas-como-quedarian-las-nuevas-categorias\\\/\",\"url\":\"https:\\\/\\\/informelitoral.com.ar\\\/alivio-fiscal-para-monotributistas-como-quedarian-las-nuevas-categorias\\\/\",\"name\":\"Alivio fiscal para monotributistas: c\u00f3mo quedar\u00edan las nuevas categor\u00edas - Informe Litoral\",\"isPartOf\":{\"@id\":\"https:\\\/\\\/informelitoral.com.ar\\\/#website\"},\"primaryImageOfPage\":{\"@id\":\"https:\\\/\\\/informelitoral.com.ar\\\/alivio-fiscal-para-monotributistas-como-quedarian-las-nuevas-categorias\\\/#primaryimage\"},\"image\":{\"@id\":\"https:\\\/\\\/informelitoral.com.ar\\\/alivio-fiscal-para-monotributistas-como-quedarian-las-nuevas-categorias\\\/#primaryimage\"},\"thumbnailUrl\":\"https:\\\/\\\/informelitoral.com.ar\\\/%77%70%2d%63%6f%6e%74%65%6e%74\\\/uploads\\\/2020\\\/09\\\/Afip.jpg\",\"datePublished\":\"2022-05-31T16:46:33+00:00\",\"dateModified\":\"2022-05-31T20:25:32+00:00\",\"breadcrumb\":{\"@id\":\"https:\\\/\\\/informelitoral.com.ar\\\/alivio-fiscal-para-monotributistas-como-quedarian-las-nuevas-categorias\\\/#breadcrumb\"},\"inLanguage\":\"es\",\"potentialAction\":[{\"@type\":\"ReadAction\",\"target\":[\"https:\\\/\\\/informelitoral.com.ar\\\/alivio-fiscal-para-monotributistas-como-quedarian-las-nuevas-categorias\\\/\"]}]},{\"@type\":\"ImageObject\",\"inLanguage\":\"es\",\"@id\":\"https:\\\/\\\/informelitoral.com.ar\\\/alivio-fiscal-para-monotributistas-como-quedarian-las-nuevas-categorias\\\/#primaryimage\",\"url\":\"https:\\\/\\\/informelitoral.com.ar\\\/%77%70%2d%63%6f%6e%74%65%6e%74\\\/uploads\\\/2020\\\/09\\\/Afip.jpg\",\"contentUrl\":\"https:\\\/\\\/informelitoral.com.ar\\\/%77%70%2d%63%6f%6e%74%65%6e%74\\\/uploads\\\/2020\\\/09\\\/Afip.jpg\",\"width\":1330,\"height\":880},{\"@type\":\"BreadcrumbList\",\"@id\":\"https:\\\/\\\/informelitoral.com.ar\\\/alivio-fiscal-para-monotributistas-como-quedarian-las-nuevas-categorias\\\/#breadcrumb\",\"itemListElement\":[{\"@type\":\"ListItem\",\"position\":1,\"name\":\"Portada\",\"item\":\"https:\\\/\\\/informelitoral.com.ar\\\/\"},{\"@type\":\"ListItem\",\"position\":2,\"name\":\"Alivio fiscal para monotributistas: c\u00f3mo quedar\u00edan las nuevas categor\u00edas\"}]},{\"@type\":\"WebSite\",\"@id\":\"https:\\\/\\\/informelitoral.com.ar\\\/#website\",\"url\":\"https:\\\/\\\/informelitoral.com.ar\\\/\",\"name\":\"Informe Litoral\",\"description\":\"&quot;Nos informamos&quot; \",\"publisher\":{\"@id\":\"https:\\\/\\\/informelitoral.com.ar\\\/#organization\"},\"potentialAction\":[{\"@type\":\"SearchAction\",\"target\":{\"@type\":\"EntryPoint\",\"urlTemplate\":\"https:\\\/\\\/informelitoral.com.ar\\\/?s={search_term_string}\"},\"query-input\":{\"@type\":\"PropertyValueSpecification\",\"valueRequired\":true,\"valueName\":\"search_term_string\"}}],\"inLanguage\":\"es\"},{\"@type\":\"Organization\",\"@id\":\"https:\\\/\\\/informelitoral.com.ar\\\/#organization\",\"name\":\"Informe Litoral\",\"url\":\"https:\\\/\\\/informelitoral.com.ar\\\/\",\"logo\":{\"@type\":\"ImageObject\",\"inLanguage\":\"es\",\"@id\":\"https:\\\/\\\/informelitoral.com.ar\\\/#\\\/schema\\\/logo\\\/image\\\/\",\"url\":\"https:\\\/\\\/informelitoral.com.ar\\\/%77%70%2d%63%6f%6e%74%65%6e%74\\\/uploads\\\/2021\\\/01\\\/circulo.png\",\"contentUrl\":\"https:\\\/\\\/informelitoral.com.ar\\\/%77%70%2d%63%6f%6e%74%65%6e%74\\\/uploads\\\/2021\\\/01\\\/circulo.png\",\"width\":723,\"height\":731,\"caption\":\"Informe Litoral\"},\"image\":{\"@id\":\"https:\\\/\\\/informelitoral.com.ar\\\/#\\\/schema\\\/logo\\\/image\\\/\"},\"sameAs\":[\"https:\\\/\\\/www.facebook.com\\\/informelitoral\\\/\",\"https:\\\/\\\/x.com\\\/InformeLitoral\",\"https:\\\/\\\/www.instagram.com\\\/informelitoral\\\/\",\"https:\\\/\\\/www.youtube.com\\\/channel\\\/UCua4Qvz8Icb6MYqhoq9xLXw\"]},{\"@type\":\"Person\",\"@id\":\"https:\\\/\\\/informelitoral.com.ar\\\/#\\\/schema\\\/person\\\/f05f9f461677119578717524b127d6d5\",\"name\":\"Sebastian\",\"image\":{\"@type\":\"ImageObject\",\"inLanguage\":\"es\",\"@id\":\"https:\\\/\\\/secure.gravatar.com\\\/avatar\\\/b71bf7481d447dfb9583c7f2798e7cc64de6efb9067b74633ed8c31059a3bd82?s=96&d=mm&r=g\",\"url\":\"https:\\\/\\\/secure.gravatar.com\\\/avatar\\\/b71bf7481d447dfb9583c7f2798e7cc64de6efb9067b74633ed8c31059a3bd82?s=96&d=mm&r=g\",\"contentUrl\":\"https:\\\/\\\/secure.gravatar.com\\\/avatar\\\/b71bf7481d447dfb9583c7f2798e7cc64de6efb9067b74633ed8c31059a3bd82?s=96&d=mm&r=g\",\"caption\":\"Sebastian\"},\"url\":\"https:\\\/\\\/informelitoral.com.ar\\\/author\\\/sebastian\\\/\"}]}<\/script>","yoast_head_json":{"title":"Alivio fiscal para monotributistas: c\u00f3mo quedar\u00edan las nuevas categor\u00edas - Informe Litoral","robots":{"index":"index","follow":"follow","max-snippet":"max-snippet:-1","max-image-preview":"max-image-preview:large","max-video-preview":"max-video-preview:-1"},"canonical":"https:\/\/informelitoral.com.ar\/alivio-fiscal-para-monotributistas-como-quedarian-las-nuevas-categorias\/","og_locale":"es_ES","og_type":"article","og_title":"Alivio fiscal para monotributistas: c\u00f3mo quedar\u00edan las nuevas categor\u00edas - Informe Litoral","og_description":"El proyecto de ley de actualizaci\u00f3n de monotributo contempla una suba del orden de 29 % para todas las escalas que comenzar\u00eda a regir desde el 1 de julio. Las cuotas a pagar se mantienen en los mismos montos.","og_url":"https:\/\/informelitoral.com.ar\/alivio-fiscal-para-monotributistas-como-quedarian-las-nuevas-categorias\/","og_site_name":"Informe Litoral","article_publisher":"https:\/\/www.facebook.com\/informelitoral\/","article_published_time":"2022-05-31T16:46:33+00:00","article_modified_time":"2022-05-31T20:25:32+00:00","og_image":[{"width":1330,"height":880,"url":"https:\/\/informelitoral.com.ar\/%77%70%2d%63%6f%6e%74%65%6e%74\/uploads\/2020\/09\/Afip.jpg","type":"image\/jpeg"}],"author":"Sebastian","twitter_card":"summary_large_image","twitter_creator":"@InformeLitoral","twitter_site":"@InformeLitoral","twitter_misc":{"Escrito por":"Sebastian","Tiempo de lectura":"2 minutos"},"schema":{"@context":"https:\/\/schema.org","@graph":[{"@type":"Article","@id":"https:\/\/informelitoral.com.ar\/alivio-fiscal-para-monotributistas-como-quedarian-las-nuevas-categorias\/#article","isPartOf":{"@id":"https:\/\/informelitoral.com.ar\/alivio-fiscal-para-monotributistas-como-quedarian-las-nuevas-categorias\/"},"author":{"name":"Sebastian","@id":"https:\/\/informelitoral.com.ar\/#\/schema\/person\/f05f9f461677119578717524b127d6d5"},"headline":"Alivio fiscal para monotributistas: c\u00f3mo quedar\u00edan las nuevas categor\u00edas","datePublished":"2022-05-31T16:46:33+00:00","dateModified":"2022-05-31T20:25:32+00:00","mainEntityOfPage":{"@id":"https:\/\/informelitoral.com.ar\/alivio-fiscal-para-monotributistas-como-quedarian-las-nuevas-categorias\/"},"wordCount":447,"commentCount":0,"publisher":{"@id":"https:\/\/informelitoral.com.ar\/#organization"},"image":{"@id":"https:\/\/informelitoral.com.ar\/alivio-fiscal-para-monotributistas-como-quedarian-las-nuevas-categorias\/#primaryimage"},"thumbnailUrl":"https:\/\/informelitoral.com.ar\/%77%70%2d%63%6f%6e%74%65%6e%74\/uploads\/2020\/09\/Afip.jpg","keywords":["Alivio fiscal","Monotributistas"],"articleSection":["Econom\u00eda"],"inLanguage":"es","potentialAction":[{"@type":"CommentAction","name":"Comment","target":["https:\/\/informelitoral.com.ar\/alivio-fiscal-para-monotributistas-como-quedarian-las-nuevas-categorias\/#respond"]}]},{"@type":"WebPage","@id":"https:\/\/informelitoral.com.ar\/alivio-fiscal-para-monotributistas-como-quedarian-las-nuevas-categorias\/","url":"https:\/\/informelitoral.com.ar\/alivio-fiscal-para-monotributistas-como-quedarian-las-nuevas-categorias\/","name":"Alivio fiscal para monotributistas: c\u00f3mo quedar\u00edan las nuevas categor\u00edas - Informe Litoral","isPartOf":{"@id":"https:\/\/informelitoral.com.ar\/#website"},"primaryImageOfPage":{"@id":"https:\/\/informelitoral.com.ar\/alivio-fiscal-para-monotributistas-como-quedarian-las-nuevas-categorias\/#primaryimage"},"image":{"@id":"https:\/\/informelitoral.com.ar\/alivio-fiscal-para-monotributistas-como-quedarian-las-nuevas-categorias\/#primaryimage"},"thumbnailUrl":"https:\/\/informelitoral.com.ar\/%77%70%2d%63%6f%6e%74%65%6e%74\/uploads\/2020\/09\/Afip.jpg","datePublished":"2022-05-31T16:46:33+00:00","dateModified":"2022-05-31T20:25:32+00:00","breadcrumb":{"@id":"https:\/\/informelitoral.com.ar\/alivio-fiscal-para-monotributistas-como-quedarian-las-nuevas-categorias\/#breadcrumb"},"inLanguage":"es","potentialAction":[{"@type":"ReadAction","target":["https:\/\/informelitoral.com.ar\/alivio-fiscal-para-monotributistas-como-quedarian-las-nuevas-categorias\/"]}]},{"@type":"ImageObject","inLanguage":"es","@id":"https:\/\/informelitoral.com.ar\/alivio-fiscal-para-monotributistas-como-quedarian-las-nuevas-categorias\/#primaryimage","url":"https:\/\/informelitoral.com.ar\/%77%70%2d%63%6f%6e%74%65%6e%74\/uploads\/2020\/09\/Afip.jpg","contentUrl":"https:\/\/informelitoral.com.ar\/%77%70%2d%63%6f%6e%74%65%6e%74\/uploads\/2020\/09\/Afip.jpg","width":1330,"height":880},{"@type":"BreadcrumbList","@id":"https:\/\/informelitoral.com.ar\/alivio-fiscal-para-monotributistas-como-quedarian-las-nuevas-categorias\/#breadcrumb","itemListElement":[{"@type":"ListItem","position":1,"name":"Portada","item":"https:\/\/informelitoral.com.ar\/"},{"@type":"ListItem","position":2,"name":"Alivio fiscal para monotributistas: c\u00f3mo quedar\u00edan las nuevas categor\u00edas"}]},{"@type":"WebSite","@id":"https:\/\/informelitoral.com.ar\/#website","url":"https:\/\/informelitoral.com.ar\/","name":"Informe Litoral","description":"&quot;Nos informamos&quot; ","publisher":{"@id":"https:\/\/informelitoral.com.ar\/#organization"},"potentialAction":[{"@type":"SearchAction","target":{"@type":"EntryPoint","urlTemplate":"https:\/\/informelitoral.com.ar\/?s={search_term_string}"},"query-input":{"@type":"PropertyValueSpecification","valueRequired":true,"valueName":"search_term_string"}}],"inLanguage":"es"},{"@type":"Organization","@id":"https:\/\/informelitoral.com.ar\/#organization","name":"Informe Litoral","url":"https:\/\/informelitoral.com.ar\/","logo":{"@type":"ImageObject","inLanguage":"es","@id":"https:\/\/informelitoral.com.ar\/#\/schema\/logo\/image\/","url":"https:\/\/informelitoral.com.ar\/%77%70%2d%63%6f%6e%74%65%6e%74\/uploads\/2021\/01\/circulo.png","contentUrl":"https:\/\/informelitoral.com.ar\/%77%70%2d%63%6f%6e%74%65%6e%74\/uploads\/2021\/01\/circulo.png","width":723,"height":731,"caption":"Informe Litoral"},"image":{"@id":"https:\/\/informelitoral.com.ar\/#\/schema\/logo\/image\/"},"sameAs":["https:\/\/www.facebook.com\/informelitoral\/","https:\/\/x.com\/InformeLitoral","https:\/\/www.instagram.com\/informelitoral\/","https:\/\/www.youtube.com\/channel\/UCua4Qvz8Icb6MYqhoq9xLXw"]},{"@type":"Person","@id":"https:\/\/informelitoral.com.ar\/#\/schema\/person\/f05f9f461677119578717524b127d6d5","name":"Sebastian","image":{"@type":"ImageObject","inLanguage":"es","@id":"https:\/\/secure.gravatar.com\/avatar\/b71bf7481d447dfb9583c7f2798e7cc64de6efb9067b74633ed8c31059a3bd82?s=96&d=mm&r=g","url":"https:\/\/secure.gravatar.com\/avatar\/b71bf7481d447dfb9583c7f2798e7cc64de6efb9067b74633ed8c31059a3bd82?s=96&d=mm&r=g","contentUrl":"https:\/\/secure.gravatar.com\/avatar\/b71bf7481d447dfb9583c7f2798e7cc64de6efb9067b74633ed8c31059a3bd82?s=96&d=mm&r=g","caption":"Sebastian"},"url":"https:\/\/informelitoral.com.ar\/author\/sebastian\/"}]}},"_links":{"self":[{"href":"https:\/\/informelitoral.com.ar\/%77%70%2d%6a%73%6f%6e\/wp\/v2\/posts\/78737","targetHints":{"allow":["GET"]}}],"collection":[{"href":"https:\/\/informelitoral.com.ar\/%77%70%2d%6a%73%6f%6e\/wp\/v2\/posts"}],"about":[{"href":"https:\/\/informelitoral.com.ar\/%77%70%2d%6a%73%6f%6e\/wp\/v2\/types\/post"}],"author":[{"embeddable":true,"href":"https:\/\/informelitoral.com.ar\/%77%70%2d%6a%73%6f%6e\/wp\/v2\/users\/8"}],"replies":[{"embeddable":true,"href":"https:\/\/informelitoral.com.ar\/%77%70%2d%6a%73%6f%6e\/wp\/v2\/comments?post=78737"}],"version-history":[{"count":0,"href":"https:\/\/informelitoral.com.ar\/%77%70%2d%6a%73%6f%6e\/wp\/v2\/posts\/78737\/revisions"}],"wp:featuredmedia":[{"embeddable":true,"href":"https:\/\/informelitoral.com.ar\/%77%70%2d%6a%73%6f%6e\/wp\/v2\/media\/49380"}],"wp:attachment":[{"href":"https:\/\/informelitoral.com.ar\/%77%70%2d%6a%73%6f%6e\/wp\/v2\/media?parent=78737"}],"wp:term":[{"taxonomy":"category","embeddable":true,"href":"https:\/\/informelitoral.com.ar\/%77%70%2d%6a%73%6f%6e\/wp\/v2\/categories?post=78737"},{"taxonomy":"post_tag","embeddable":true,"href":"https:\/\/informelitoral.com.ar\/%77%70%2d%6a%73%6f%6e\/wp\/v2\/tags?post=78737"}],"curies":[{"name":"wp","href":"https:\/\/api.w.org\/{rel}","templated":true}]}}