{"id":787,"date":"2013-04-04T21:00:50","date_gmt":"2013-04-05T00:00:50","guid":{"rendered":"http:\/\/www.isletasnoticias.com.ar\/?p=787"},"modified":"2013-04-04T22:27:53","modified_gmt":"2013-04-05T01:27:53","slug":"el-gobierno-expreso-su-malestar-por-los-dichos-de-mujica-sobre-la-presidente","status":"publish","type":"post","link":"https:\/\/informelitoral.com.ar\/el-gobierno-expreso-su-malestar-por-los-dichos-de-mujica-sobre-la-presidente\/","title":{"rendered":"El Gobierno expres\u00f3 su malestar por los dichos de Mujica sobre la Presidente"},"content":{"rendered":"<div>\n<p><strong>El canciller <em>Timerman<\/em> entreg\u00f3 una dura nota al embajador uruguayo en la que califica de <em>\u00abinaceptables\u00bb<\/em>\u00a0<a href=\"http:\/\/www.infobae.com\/notas\/704242-Polemicos-dichos-del-presidente-Jose-Mujica-Esta-vieja-es-peor-q.html\" target=\"_blank\">los comentarios<\/a>\u00a0<em>\u00abofensivos\u00bb<\/em>\u00a0del mandatario oriental.<\/strong><\/p>\n<\/div>\n<p><a style=\"text-align: center;\" href=\"http:\/\/www.isletasnoticias.com.ar\/%77%70%2d%63%6f%6e%74%65%6e%74\/uploads\/2013\/04\/Cristina_44.jpg\"><img loading=\"lazy\" decoding=\"async\" class=\"size-medium wp-image-788 aligncenter\" alt=\"Cristina_44\" src=\"http:\/\/www.isletasnoticias.com.ar\/%77%70%2d%63%6f%6e%74%65%6e%74\/uploads\/2013\/04\/Cristina_44-300x168.jpg\" width=\"300\" height=\"168\" srcset=\"https:\/\/informelitoral.com.ar\/%77%70%2d%63%6f%6e%74%65%6e%74\/uploads\/2013\/04\/Cristina_44-300x168.jpg 300w, https:\/\/informelitoral.com.ar\/%77%70%2d%63%6f%6e%74%65%6e%74\/uploads\/2013\/04\/Cristina_44.jpg 652w\" sizes=\"auto, (max-width: 300px) 100vw, 300px\" \/><\/a><\/p>\n<p style=\"text-align: left;\">La Casa Rosada reaccion\u00f3 esta tarde a las pol\u00e9micas declaraciones del gobernante uruguayo en las que pareci\u00f3 referirse de manera despectiva a la presidente <strong>Cristina Kirchner<\/strong> y a su difunto esposo, <strong>N\u00e9stor Kirchner<\/strong>, al decir:\u00a0<em><strong>\u00abEsta vieja es peor que el tuerto\u00bb.<\/strong><\/em><\/p>\n<div style=\"text-align: left;\">\n<p>Pese a que\u00a0<a href=\"http:\/\/www.infobae.com\/notas\/704258-Pepe-Mujica-tras-la-polemica-Nunca-hable-publicamente-de-la-Argentina.html\" target=\"_blank\">Mujica asegur\u00f3 que no se refer\u00eda a la mandataria<\/a>, el canciller<strong> H\u00e9ctor Timerman<\/strong> cit\u00f3 esta tarde al embajador\u00a0<strong>Guillermo Pomi<\/strong>, a quien entreg\u00f3 una nota de protesta por el hecho.<\/p>\n<p><em>\u201cEl Ministerio de Relaciones Exteriores y Culto se dirige a la Embajada de la Rep\u00fablica Oriental del Uruguay para expresarle el\u00a0<strong>profundo malestar<\/strong>\u00a0que han producido las expresiones vertidas por el Se\u00f1or Presidente Jos\u00e9 Mujica referidas al ex Presidente de la Rep\u00fablica Argentina, Dr. N\u00e9stor Kirchner\u201d<\/em>, indica el texto.<\/p>\n<\/div>\n<p style=\"text-align: left;\">En el documento, el Gobierno sostiene que<em> \u201ces inaceptable que\u00a0<strong>comentarios denigrantes que ofenden la memoria y la investidura de una persona fallecida<\/strong>, que no puede replicar ni defenderse, hayan sido realizadas, particularmente, por alguien a quien el Dr. Kirchner\u00a0<strong>consideraba su amigo<\/strong>\u201d.<\/em><\/p>\n<p style=\"text-align: left;\">Y contin\u00faa: <em>\u201cCon relaci\u00f3n a las palabras que utiliz\u00f3 el Presidente Mujica para describir a la Presidenta de la Rep\u00fablica Argentina, Dra. Cristina Fern\u00e1ndez\u00a0\u00a0de Kirchner, se le solicita a dicha Representaci\u00f3n que por instrucci\u00f3n de la Sra.<\/em>\u00a0<em>Presidenta le haga saber al Gobierno de su pa\u00eds que la\u00a0<strong>Dra. Fern\u00e1ndez de Kirchner no va a realizar comentario alguno sobre dichos agravios<\/strong>\u201d.<\/em><\/p>\n<p style=\"text-align: left;\"><em>\u201cLa Canciller\u00eda\u00a0considera que las hist\u00f3ricas relaciones que han unido a nuestros pa\u00edses no deber\u00edan ser afectadas por expresiones que ofenden a quienes representaron y representan a la Rep\u00fablica Argentina y a su pueblo\u201d<\/em>, culmina.<\/p>\n<p style=\"text-align: left;\">Pese a que los gobernantes de ambos pa\u00edses profesan una amistad mutua, las relaciones bilaterales atraviesan hace meses momentos r\u00edspidos, principalmente por las diferencias en materia de pol\u00edtica econ\u00f3mica.<\/p>\n<p style=\"text-align: left;\">Las palabras de Mujica tienen\u00a0<a href=\"http:\/\/www.infobae.com\/notas\/704261-Los-antecedentes-de-otros-politicos-uruguayos-criticando-a-la-Argentina.html\" target=\"_blank\">antecedentes\u00a0<\/a>como el de el ex presidente\u00a0<strong>Jorge Batlle<\/strong>, quien durante su mandato afirm\u00f3 que \u00ablos argentinos son una manga de ladrones\u00bb, palabras de las que m\u00e1s tarde se arrepinti\u00f3 entre l\u00e1grimas.\u00a0<a href=\"http:\/\/www.isletasnoticias.com.ar\/%77%70%2d%63%6f%6e%74%65%6e%74\/uploads\/2013\/04\/Cristina_44.jpg\"><br \/>\n<\/a><\/p>\n<p style=\"text-align: left;\">Fuente: Infobae.<\/p>\n","protected":false},"excerpt":{"rendered":"<p>El canciller Timerman entreg&oacute; una dura nota al embajador uruguayo en la que califica de &laquo;inaceptables&raquo;&nbsp;los comentarios&nbsp;&laquo;ofensivos&raquo;&nbsp;del mandatario oriental. La Casa Rosada reaccion&oacute; esta tarde a las pol&eacute;micas declaraciones del gobernante uruguayo en las que pareci&oacute; referirse de manera despectiva a la presidente Cristina Kirchner y a su difunto esposo, N&eacute;stor Kirchner, al decir:&nbsp;&laquo;Esta vieja [&hellip;]<\/p>\n","protected":false},"author":2,"featured_media":0,"comment_status":"open","ping_status":"open","sticky":false,"template":"","format":"standard","meta":{"fifu_image_url":"","fifu_image_alt":"","footnotes":""},"categories":[8,16],"tags":[],"class_list":{"0":"post-787","1":"post","2":"type-post","3":"status-publish","4":"format-standard","6":"category-internacionales","7":"category-politi"},"yoast_head":"<title>El Gobierno expres\u00f3 su malestar por los dichos de Mujica sobre la Presidente - Informe Litoral<\/title>\n<meta name=\"robots\" content=\"index, follow, max-snippet:-1, max-image-preview:large, max-video-preview:-1\" \/>\n<link rel=\"canonical\" href=\"https:\/\/informelitoral.com.ar\/el-gobierno-expreso-su-malestar-por-los-dichos-de-mujica-sobre-la-presidente\/\" \/>\n<meta property=\"og:locale\" content=\"es_ES\" \/>\n<meta property=\"og:type\" content=\"article\" \/>\n<meta property=\"og:title\" content=\"El Gobierno expres\u00f3 su malestar por los dichos de Mujica sobre la Presidente - Informe Litoral\" \/>\n<meta property=\"og:description\" content=\"El canciller Timerman entreg&oacute; una dura nota al embajador uruguayo en la que califica de &laquo;inaceptables&raquo;&nbsp;los comentarios&nbsp;&laquo;ofensivos&raquo;&nbsp;del mandatario oriental. La Casa Rosada reaccion&oacute; esta tarde a las pol&eacute;micas declaraciones del gobernante uruguayo en las que pareci&oacute; referirse de manera despectiva a la presidente Cristina Kirchner y a su difunto esposo, N&eacute;stor Kirchner, al decir:&nbsp;&laquo;Esta vieja [&hellip;]\" \/>\n<meta property=\"og:url\" content=\"https:\/\/informelitoral.com.ar\/el-gobierno-expreso-su-malestar-por-los-dichos-de-mujica-sobre-la-presidente\/\" \/>\n<meta property=\"og:site_name\" content=\"Informe Litoral\" \/>\n<meta property=\"article:publisher\" content=\"https:\/\/www.facebook.com\/informelitoral\/\" \/>\n<meta property=\"article:published_time\" content=\"2013-04-05T00:00:50+00:00\" \/>\n<meta property=\"article:modified_time\" content=\"2013-04-05T01:27:53+00:00\" \/>\n<meta property=\"og:image\" content=\"https:\/\/informelitoral.com.ar\/%77%70%2d%63%6f%6e%74%65%6e%74\/uploads\/2013\/04\/Cristina_44.jpg\" \/>\n\t<meta property=\"og:image:width\" content=\"652\" \/>\n\t<meta property=\"og:image:height\" content=\"366\" \/>\n\t<meta property=\"og:image:type\" content=\"image\/jpeg\" \/>\n<meta name=\"author\" content=\"Gonzalo Schmidt\" \/>\n<meta name=\"twitter:card\" content=\"summary_large_image\" \/>\n<meta name=\"twitter:creator\" content=\"@InformeLitoral\" \/>\n<meta name=\"twitter:site\" content=\"@InformeLitoral\" \/>\n<meta name=\"twitter:label1\" content=\"Escrito por\" \/>\n\t<meta name=\"twitter:data1\" content=\"Gonzalo Schmidt\" \/>\n\t<meta name=\"twitter:label2\" content=\"Tiempo de lectura\" \/>\n\t<meta name=\"twitter:data2\" content=\"2 minutos\" \/>\n<script type=\"application\/ld+json\" class=\"yoast-schema-graph\">{\"@context\":\"https:\\\/\\\/schema.org\",\"@graph\":[{\"@type\":\"Article\",\"@id\":\"https:\\\/\\\/informelitoral.com.ar\\\/el-gobierno-expreso-su-malestar-por-los-dichos-de-mujica-sobre-la-presidente\\\/#article\",\"isPartOf\":{\"@id\":\"https:\\\/\\\/informelitoral.com.ar\\\/el-gobierno-expreso-su-malestar-por-los-dichos-de-mujica-sobre-la-presidente\\\/\"},\"author\":{\"name\":\"Gonzalo Schmidt\",\"@id\":\"https:\\\/\\\/informelitoral.com.ar\\\/#\\\/schema\\\/person\\\/b9d00407c836482871ef1d57bf8e3180\"},\"headline\":\"El Gobierno expres\u00f3 su malestar por los dichos de Mujica sobre la Presidente\",\"datePublished\":\"2013-04-05T00:00:50+00:00\",\"dateModified\":\"2013-04-05T01:27:53+00:00\",\"mainEntityOfPage\":{\"@id\":\"https:\\\/\\\/informelitoral.com.ar\\\/el-gobierno-expreso-su-malestar-por-los-dichos-de-mujica-sobre-la-presidente\\\/\"},\"wordCount\":394,\"commentCount\":0,\"publisher\":{\"@id\":\"https:\\\/\\\/informelitoral.com.ar\\\/#organization\"},\"image\":{\"@id\":\"https:\\\/\\\/informelitoral.com.ar\\\/el-gobierno-expreso-su-malestar-por-los-dichos-de-mujica-sobre-la-presidente\\\/#primaryimage\"},\"thumbnailUrl\":\"http:\\\/\\\/www.isletasnoticias.com.ar\\\/%77%70%2d%63%6f%6e%74%65%6e%74\\\/uploads\\\/2013\\\/04\\\/Cristina_44-300x168.jpg\",\"articleSection\":[\"Internacionales\",\"Politica\"],\"inLanguage\":\"es\",\"potentialAction\":[{\"@type\":\"CommentAction\",\"name\":\"Comment\",\"target\":[\"https:\\\/\\\/informelitoral.com.ar\\\/el-gobierno-expreso-su-malestar-por-los-dichos-de-mujica-sobre-la-presidente\\\/#respond\"]}]},{\"@type\":\"WebPage\",\"@id\":\"https:\\\/\\\/informelitoral.com.ar\\\/el-gobierno-expreso-su-malestar-por-los-dichos-de-mujica-sobre-la-presidente\\\/\",\"url\":\"https:\\\/\\\/informelitoral.com.ar\\\/el-gobierno-expreso-su-malestar-por-los-dichos-de-mujica-sobre-la-presidente\\\/\",\"name\":\"El Gobierno expres\u00f3 su malestar por los dichos de Mujica sobre la Presidente - Informe Litoral\",\"isPartOf\":{\"@id\":\"https:\\\/\\\/informelitoral.com.ar\\\/#website\"},\"primaryImageOfPage\":{\"@id\":\"https:\\\/\\\/informelitoral.com.ar\\\/el-gobierno-expreso-su-malestar-por-los-dichos-de-mujica-sobre-la-presidente\\\/#primaryimage\"},\"image\":{\"@id\":\"https:\\\/\\\/informelitoral.com.ar\\\/el-gobierno-expreso-su-malestar-por-los-dichos-de-mujica-sobre-la-presidente\\\/#primaryimage\"},\"thumbnailUrl\":\"http:\\\/\\\/www.isletasnoticias.com.ar\\\/%77%70%2d%63%6f%6e%74%65%6e%74\\\/uploads\\\/2013\\\/04\\\/Cristina_44-300x168.jpg\",\"datePublished\":\"2013-04-05T00:00:50+00:00\",\"dateModified\":\"2013-04-05T01:27:53+00:00\",\"breadcrumb\":{\"@id\":\"https:\\\/\\\/informelitoral.com.ar\\\/el-gobierno-expreso-su-malestar-por-los-dichos-de-mujica-sobre-la-presidente\\\/#breadcrumb\"},\"inLanguage\":\"es\",\"potentialAction\":[{\"@type\":\"ReadAction\",\"target\":[\"https:\\\/\\\/informelitoral.com.ar\\\/el-gobierno-expreso-su-malestar-por-los-dichos-de-mujica-sobre-la-presidente\\\/\"]}]},{\"@type\":\"ImageObject\",\"inLanguage\":\"es\",\"@id\":\"https:\\\/\\\/informelitoral.com.ar\\\/el-gobierno-expreso-su-malestar-por-los-dichos-de-mujica-sobre-la-presidente\\\/#primaryimage\",\"url\":\"http:\\\/\\\/www.isletasnoticias.com.ar\\\/%77%70%2d%63%6f%6e%74%65%6e%74\\\/uploads\\\/2013\\\/04\\\/Cristina_44-300x168.jpg\",\"contentUrl\":\"http:\\\/\\\/www.isletasnoticias.com.ar\\\/%77%70%2d%63%6f%6e%74%65%6e%74\\\/uploads\\\/2013\\\/04\\\/Cristina_44-300x168.jpg\"},{\"@type\":\"BreadcrumbList\",\"@id\":\"https:\\\/\\\/informelitoral.com.ar\\\/el-gobierno-expreso-su-malestar-por-los-dichos-de-mujica-sobre-la-presidente\\\/#breadcrumb\",\"itemListElement\":[{\"@type\":\"ListItem\",\"position\":1,\"name\":\"Portada\",\"item\":\"https:\\\/\\\/informelitoral.com.ar\\\/\"},{\"@type\":\"ListItem\",\"position\":2,\"name\":\"El Gobierno expres\u00f3 su malestar por los dichos de Mujica sobre la Presidente\"}]},{\"@type\":\"WebSite\",\"@id\":\"https:\\\/\\\/informelitoral.com.ar\\\/#website\",\"url\":\"https:\\\/\\\/informelitoral.com.ar\\\/\",\"name\":\"Informe Litoral\",\"description\":\"&quot;Nos informamos&quot; \",\"publisher\":{\"@id\":\"https:\\\/\\\/informelitoral.com.ar\\\/#organization\"},\"potentialAction\":[{\"@type\":\"SearchAction\",\"target\":{\"@type\":\"EntryPoint\",\"urlTemplate\":\"https:\\\/\\\/informelitoral.com.ar\\\/?s={search_term_string}\"},\"query-input\":{\"@type\":\"PropertyValueSpecification\",\"valueRequired\":true,\"valueName\":\"search_term_string\"}}],\"inLanguage\":\"es\"},{\"@type\":\"Organization\",\"@id\":\"https:\\\/\\\/informelitoral.com.ar\\\/#organization\",\"name\":\"Informe Litoral\",\"url\":\"https:\\\/\\\/informelitoral.com.ar\\\/\",\"logo\":{\"@type\":\"ImageObject\",\"inLanguage\":\"es\",\"@id\":\"https:\\\/\\\/informelitoral.com.ar\\\/#\\\/schema\\\/logo\\\/image\\\/\",\"url\":\"https:\\\/\\\/informelitoral.com.ar\\\/%77%70%2d%63%6f%6e%74%65%6e%74\\\/uploads\\\/2021\\\/01\\\/circulo.png\",\"contentUrl\":\"https:\\\/\\\/informelitoral.com.ar\\\/%77%70%2d%63%6f%6e%74%65%6e%74\\\/uploads\\\/2021\\\/01\\\/circulo.png\",\"width\":723,\"height\":731,\"caption\":\"Informe Litoral\"},\"image\":{\"@id\":\"https:\\\/\\\/informelitoral.com.ar\\\/#\\\/schema\\\/logo\\\/image\\\/\"},\"sameAs\":[\"https:\\\/\\\/www.facebook.com\\\/informelitoral\\\/\",\"https:\\\/\\\/x.com\\\/InformeLitoral\",\"https:\\\/\\\/www.instagram.com\\\/informelitoral\\\/\",\"https:\\\/\\\/www.youtube.com\\\/channel\\\/UCua4Qvz8Icb6MYqhoq9xLXw\"]},{\"@type\":\"Person\",\"@id\":\"https:\\\/\\\/informelitoral.com.ar\\\/#\\\/schema\\\/person\\\/b9d00407c836482871ef1d57bf8e3180\",\"name\":\"Gonzalo Schmidt\",\"image\":{\"@type\":\"ImageObject\",\"inLanguage\":\"es\",\"@id\":\"https:\\\/\\\/secure.gravatar.com\\\/avatar\\\/31a1a7b66ff2de83bd0e9fd79d026630d2d99e55e8bfe501287647b4fd9743de?s=96&d=mm&r=g\",\"url\":\"https:\\\/\\\/secure.gravatar.com\\\/avatar\\\/31a1a7b66ff2de83bd0e9fd79d026630d2d99e55e8bfe501287647b4fd9743de?s=96&d=mm&r=g\",\"contentUrl\":\"https:\\\/\\\/secure.gravatar.com\\\/avatar\\\/31a1a7b66ff2de83bd0e9fd79d026630d2d99e55e8bfe501287647b4fd9743de?s=96&d=mm&r=g\",\"caption\":\"Gonzalo Schmidt\"},\"description\":\"Sitio web de noticias de la provincia de Entre R\u00edos, Argentina. Informaci\u00f3n y entretenimiento. Informe Litoral, nos informamos.\",\"sameAs\":[\"http:\\\/\\\/www.isletasnoticias.com.ar\"],\"url\":\"https:\\\/\\\/informelitoral.com.ar\\\/author\\\/gonzalo\\\/\"}]}<\/script>","yoast_head_json":{"title":"El Gobierno expres\u00f3 su malestar por los dichos de Mujica sobre la Presidente - Informe Litoral","robots":{"index":"index","follow":"follow","max-snippet":"max-snippet:-1","max-image-preview":"max-image-preview:large","max-video-preview":"max-video-preview:-1"},"canonical":"https:\/\/informelitoral.com.ar\/el-gobierno-expreso-su-malestar-por-los-dichos-de-mujica-sobre-la-presidente\/","og_locale":"es_ES","og_type":"article","og_title":"El Gobierno expres\u00f3 su malestar por los dichos de Mujica sobre la Presidente - Informe Litoral","og_description":"El canciller Timerman entreg&oacute; una dura nota al embajador uruguayo en la que califica de &laquo;inaceptables&raquo;&nbsp;los comentarios&nbsp;&laquo;ofensivos&raquo;&nbsp;del mandatario oriental. La Casa Rosada reaccion&oacute; esta tarde a las pol&eacute;micas declaraciones del gobernante uruguayo en las que pareci&oacute; referirse de manera despectiva a la presidente Cristina Kirchner y a su difunto esposo, N&eacute;stor Kirchner, al decir:&nbsp;&laquo;Esta vieja [&hellip;]","og_url":"https:\/\/informelitoral.com.ar\/el-gobierno-expreso-su-malestar-por-los-dichos-de-mujica-sobre-la-presidente\/","og_site_name":"Informe Litoral","article_publisher":"https:\/\/www.facebook.com\/informelitoral\/","article_published_time":"2013-04-05T00:00:50+00:00","article_modified_time":"2013-04-05T01:27:53+00:00","og_image":[{"width":652,"height":366,"url":"https:\/\/informelitoral.com.ar\/%77%70%2d%63%6f%6e%74%65%6e%74\/uploads\/2013\/04\/Cristina_44.jpg","type":"image\/jpeg"}],"author":"Gonzalo Schmidt","twitter_card":"summary_large_image","twitter_creator":"@InformeLitoral","twitter_site":"@InformeLitoral","twitter_misc":{"Escrito por":"Gonzalo Schmidt","Tiempo de lectura":"2 minutos"},"schema":{"@context":"https:\/\/schema.org","@graph":[{"@type":"Article","@id":"https:\/\/informelitoral.com.ar\/el-gobierno-expreso-su-malestar-por-los-dichos-de-mujica-sobre-la-presidente\/#article","isPartOf":{"@id":"https:\/\/informelitoral.com.ar\/el-gobierno-expreso-su-malestar-por-los-dichos-de-mujica-sobre-la-presidente\/"},"author":{"name":"Gonzalo Schmidt","@id":"https:\/\/informelitoral.com.ar\/#\/schema\/person\/b9d00407c836482871ef1d57bf8e3180"},"headline":"El Gobierno expres\u00f3 su malestar por los dichos de Mujica sobre la Presidente","datePublished":"2013-04-05T00:00:50+00:00","dateModified":"2013-04-05T01:27:53+00:00","mainEntityOfPage":{"@id":"https:\/\/informelitoral.com.ar\/el-gobierno-expreso-su-malestar-por-los-dichos-de-mujica-sobre-la-presidente\/"},"wordCount":394,"commentCount":0,"publisher":{"@id":"https:\/\/informelitoral.com.ar\/#organization"},"image":{"@id":"https:\/\/informelitoral.com.ar\/el-gobierno-expreso-su-malestar-por-los-dichos-de-mujica-sobre-la-presidente\/#primaryimage"},"thumbnailUrl":"http:\/\/www.isletasnoticias.com.ar\/%77%70%2d%63%6f%6e%74%65%6e%74\/uploads\/2013\/04\/Cristina_44-300x168.jpg","articleSection":["Internacionales","Politica"],"inLanguage":"es","potentialAction":[{"@type":"CommentAction","name":"Comment","target":["https:\/\/informelitoral.com.ar\/el-gobierno-expreso-su-malestar-por-los-dichos-de-mujica-sobre-la-presidente\/#respond"]}]},{"@type":"WebPage","@id":"https:\/\/informelitoral.com.ar\/el-gobierno-expreso-su-malestar-por-los-dichos-de-mujica-sobre-la-presidente\/","url":"https:\/\/informelitoral.com.ar\/el-gobierno-expreso-su-malestar-por-los-dichos-de-mujica-sobre-la-presidente\/","name":"El Gobierno expres\u00f3 su malestar por los dichos de Mujica sobre la Presidente - Informe Litoral","isPartOf":{"@id":"https:\/\/informelitoral.com.ar\/#website"},"primaryImageOfPage":{"@id":"https:\/\/informelitoral.com.ar\/el-gobierno-expreso-su-malestar-por-los-dichos-de-mujica-sobre-la-presidente\/#primaryimage"},"image":{"@id":"https:\/\/informelitoral.com.ar\/el-gobierno-expreso-su-malestar-por-los-dichos-de-mujica-sobre-la-presidente\/#primaryimage"},"thumbnailUrl":"http:\/\/www.isletasnoticias.com.ar\/%77%70%2d%63%6f%6e%74%65%6e%74\/uploads\/2013\/04\/Cristina_44-300x168.jpg","datePublished":"2013-04-05T00:00:50+00:00","dateModified":"2013-04-05T01:27:53+00:00","breadcrumb":{"@id":"https:\/\/informelitoral.com.ar\/el-gobierno-expreso-su-malestar-por-los-dichos-de-mujica-sobre-la-presidente\/#breadcrumb"},"inLanguage":"es","potentialAction":[{"@type":"ReadAction","target":["https:\/\/informelitoral.com.ar\/el-gobierno-expreso-su-malestar-por-los-dichos-de-mujica-sobre-la-presidente\/"]}]},{"@type":"ImageObject","inLanguage":"es","@id":"https:\/\/informelitoral.com.ar\/el-gobierno-expreso-su-malestar-por-los-dichos-de-mujica-sobre-la-presidente\/#primaryimage","url":"http:\/\/www.isletasnoticias.com.ar\/%77%70%2d%63%6f%6e%74%65%6e%74\/uploads\/2013\/04\/Cristina_44-300x168.jpg","contentUrl":"http:\/\/www.isletasnoticias.com.ar\/%77%70%2d%63%6f%6e%74%65%6e%74\/uploads\/2013\/04\/Cristina_44-300x168.jpg"},{"@type":"BreadcrumbList","@id":"https:\/\/informelitoral.com.ar\/el-gobierno-expreso-su-malestar-por-los-dichos-de-mujica-sobre-la-presidente\/#breadcrumb","itemListElement":[{"@type":"ListItem","position":1,"name":"Portada","item":"https:\/\/informelitoral.com.ar\/"},{"@type":"ListItem","position":2,"name":"El Gobierno expres\u00f3 su malestar por los dichos de Mujica sobre la Presidente"}]},{"@type":"WebSite","@id":"https:\/\/informelitoral.com.ar\/#website","url":"https:\/\/informelitoral.com.ar\/","name":"Informe Litoral","description":"&quot;Nos informamos&quot; ","publisher":{"@id":"https:\/\/informelitoral.com.ar\/#organization"},"potentialAction":[{"@type":"SearchAction","target":{"@type":"EntryPoint","urlTemplate":"https:\/\/informelitoral.com.ar\/?s={search_term_string}"},"query-input":{"@type":"PropertyValueSpecification","valueRequired":true,"valueName":"search_term_string"}}],"inLanguage":"es"},{"@type":"Organization","@id":"https:\/\/informelitoral.com.ar\/#organization","name":"Informe Litoral","url":"https:\/\/informelitoral.com.ar\/","logo":{"@type":"ImageObject","inLanguage":"es","@id":"https:\/\/informelitoral.com.ar\/#\/schema\/logo\/image\/","url":"https:\/\/informelitoral.com.ar\/%77%70%2d%63%6f%6e%74%65%6e%74\/uploads\/2021\/01\/circulo.png","contentUrl":"https:\/\/informelitoral.com.ar\/%77%70%2d%63%6f%6e%74%65%6e%74\/uploads\/2021\/01\/circulo.png","width":723,"height":731,"caption":"Informe Litoral"},"image":{"@id":"https:\/\/informelitoral.com.ar\/#\/schema\/logo\/image\/"},"sameAs":["https:\/\/www.facebook.com\/informelitoral\/","https:\/\/x.com\/InformeLitoral","https:\/\/www.instagram.com\/informelitoral\/","https:\/\/www.youtube.com\/channel\/UCua4Qvz8Icb6MYqhoq9xLXw"]},{"@type":"Person","@id":"https:\/\/informelitoral.com.ar\/#\/schema\/person\/b9d00407c836482871ef1d57bf8e3180","name":"Gonzalo Schmidt","image":{"@type":"ImageObject","inLanguage":"es","@id":"https:\/\/secure.gravatar.com\/avatar\/31a1a7b66ff2de83bd0e9fd79d026630d2d99e55e8bfe501287647b4fd9743de?s=96&d=mm&r=g","url":"https:\/\/secure.gravatar.com\/avatar\/31a1a7b66ff2de83bd0e9fd79d026630d2d99e55e8bfe501287647b4fd9743de?s=96&d=mm&r=g","contentUrl":"https:\/\/secure.gravatar.com\/avatar\/31a1a7b66ff2de83bd0e9fd79d026630d2d99e55e8bfe501287647b4fd9743de?s=96&d=mm&r=g","caption":"Gonzalo Schmidt"},"description":"Sitio web de noticias de la provincia de Entre R\u00edos, Argentina. Informaci\u00f3n y entretenimiento. Informe Litoral, nos informamos.","sameAs":["http:\/\/www.isletasnoticias.com.ar"],"url":"https:\/\/informelitoral.com.ar\/author\/gonzalo\/"}]}},"_links":{"self":[{"href":"https:\/\/informelitoral.com.ar\/%77%70%2d%6a%73%6f%6e\/wp\/v2\/posts\/787","targetHints":{"allow":["GET"]}}],"collection":[{"href":"https:\/\/informelitoral.com.ar\/%77%70%2d%6a%73%6f%6e\/wp\/v2\/posts"}],"about":[{"href":"https:\/\/informelitoral.com.ar\/%77%70%2d%6a%73%6f%6e\/wp\/v2\/types\/post"}],"author":[{"embeddable":true,"href":"https:\/\/informelitoral.com.ar\/%77%70%2d%6a%73%6f%6e\/wp\/v2\/users\/2"}],"replies":[{"embeddable":true,"href":"https:\/\/informelitoral.com.ar\/%77%70%2d%6a%73%6f%6e\/wp\/v2\/comments?post=787"}],"version-history":[{"count":0,"href":"https:\/\/informelitoral.com.ar\/%77%70%2d%6a%73%6f%6e\/wp\/v2\/posts\/787\/revisions"}],"wp:attachment":[{"href":"https:\/\/informelitoral.com.ar\/%77%70%2d%6a%73%6f%6e\/wp\/v2\/media?parent=787"}],"wp:term":[{"taxonomy":"category","embeddable":true,"href":"https:\/\/informelitoral.com.ar\/%77%70%2d%6a%73%6f%6e\/wp\/v2\/categories?post=787"},{"taxonomy":"post_tag","embeddable":true,"href":"https:\/\/informelitoral.com.ar\/%77%70%2d%6a%73%6f%6e\/wp\/v2\/tags?post=787"}],"curies":[{"name":"wp","href":"https:\/\/api.w.org\/{rel}","templated":true}]}}