{"id":78695,"date":"2022-05-31T08:50:20","date_gmt":"2022-05-31T11:50:20","guid":{"rendered":"https:\/\/www.informelitoral.com.ar\/?p=78695"},"modified":"2022-05-31T08:50:20","modified_gmt":"2022-05-31T11:50:20","slug":"el-gobierno-provincial-profundiza-las-acciones-de-cuidado-para-la-primera-infancia-junto-a-unicef","status":"publish","type":"post","link":"https:\/\/informelitoral.com.ar\/el-gobierno-provincial-profundiza-las-acciones-de-cuidado-para-la-primera-infancia-junto-a-unicef\/","title":{"rendered":"El gobierno provincial profundiza las acciones de cuidado para la primera infancia junto a UNICEF"},"content":{"rendered":"<p>La directora Regional de UNICEF para Am\u00e9rica Latina y el Caribe, Jean Gough; la representante de UNICEF Argentina, Luisa Brumana; el especialista en Inclusi\u00f3n Social y Monitoreo, Sebasti\u00e1n Waisgrais, y el analista en Inclusi\u00f3n, Javier Quesada, arribaron a la provincia para compartir el encuentro de trabajo con la ministra de Desarrollo Social, Marisa Paira; el presidente del Consejo General de Educaci\u00f3n (CGE), Mart\u00edn M\u00fcller; el presidente del Consejo Provincial del Ni\u00f1o, el Adolescente y la Familia (Copnaf), Gabriel Leconte; el secretario de Pol\u00edticas de Salud y Bienestar del Ministerio de Salud, Guillermo Zanuttini; la subsecretaria de Desarrollo Humano y Pol\u00edticas del Cuidado, Muriel Stablun; el subsecretario de Pol\u00edticas Alimentarias, Lautaro Valdiviezo; el director General del Registro Civil y Capacidad de las Personas del Ministerio de Gobierno y Justicia, Juan Pablo Cinto; la directora de Protecci\u00f3n Integral de Infancias, Cecilia Olmedo; la coordinadora por Entre R\u00edos de la Secretar\u00eda Nacional de Ni\u00f1ez Adolescencia y Familia, Maricruz Balbi, y el secretario de Investigaci\u00f3n de la Facultad de Ciencias Econ\u00f3micas de la Universidad Nacional de Entre R\u00edos (UNER), Gabriel Weidman.<\/p>\n<p>Tambi\u00e9n participaron de la actividad, en el Centro Provincial de Convenciones (CPC) en Paran\u00e1, la vocal del CGE, Griselda Di Lelo; la secretaria t\u00e9cnica del Observatorio de Pol\u00edticas Sociales, Florencia Fita; la representante del equipo de Primera Infancia de la Direcci\u00f3n de Salud Materno Infantil del Ministerio de Salud, Juliana Boeykens; la coordinadora t\u00e9cnica del Instituto Provincial de Discapacidad (Iprodi); Yanina Rodr\u00edguez, y la jefa del \u00c1rea de Gesti\u00f3n de Servicio del Instituto, Mar\u00eda Jos\u00e9 Leconte.<\/p>\n<p>Al abrir la jornada, la vicegobernadora se\u00f1al\u00f3 la importancia de \u201cla evoluci\u00f3n del convenio marco que hicimos en el 2016 con UNICEF, que ha tenido instancias curriculares y que marcan el camino que venimos recorriendo en la articulaci\u00f3n y cooperaci\u00f3n entendiendo que las miradas integrales nos permiten generar respuestas integrales a las grandes demandas que nos plantean en nuestra sociedad\u201d.<\/p>\n<p>En este sentido, Stratta resalt\u00f3 \u201cla particularidad de animarnos a abordar interministerialmente e intersectorialmente siempre es un desaf\u00edo para quienes formamos parte del Estado, pero tambi\u00e9n es una necesidad imperiosa pensar las pol\u00edticas de esta manera\u201d.<\/p>\n<p>\u201cLos desaf\u00edos que tenemos son enormes y m\u00e1s cuando se trata de las pol\u00edticas en torno a la primera infancia\u201d, dijo la vicegobernadora tras valorar la importancia que le otorga el gobernador Gustavo Bordet \u201cal desarrollo social y humano, y en particular tambi\u00e9n a las pol\u00edticas de primera infancia\u201d.<\/p>\n<p>\u201cHay una vocaci\u00f3n de entender al Estado como un Estado que hace las cosas bien, que est\u00e1 presente, que es promotor, que es activo y que es din\u00e1mico, pero sobre todo que es impulsor de pol\u00edticas que nos permitan transformar la realidad que duele\u201d, expres\u00f3 finalmente.<\/p>\n<p>Por su parte, la directora Regional de UNICEF para Am\u00e9rica Latina y el Caribe, Jean Gough, dirigi\u00e9ndose a las y los presentes, expres\u00f3: \u201cLos felicito y los insto a seguir construyendo estas pol\u00edticas. Creo en las coberturas en el territorio y, en ese sentido, considero que ni\u00f1os y ni\u00f1as tienen que tener oportunidades, independientemente del lugar donde nazcan. Me gust\u00f3 el espacio que se gener\u00f3, y escucharlos a todos. Me llevo ideas para poder aplicar en otros pa\u00edses. Me parece que tenemos un futuro mejor para los ni\u00f1os y ni\u00f1as de Entre R\u00edos si ustedes construyen realmente esta visi\u00f3n con las metas claras\u201d.<\/p>\n<p>A su turno, la representante de UNICEF Argentina, Luisa Brumana, coment\u00f3: \u201cLa \u00faltima vez que vinimos a Entre R\u00edos fue antes de la pandemia y ve\u00edamos que se estaba armando este espacio y que estaban empezando a trabajar juntos. Y esto es justamente lo que planteamos para reforzar hoy: la importancia del trabajo mancomunado a nivel provincial. Una de las cosas que distingue a esta provincia, y por eso decidimos venir, es el trabajo intersectorial. Hemos apoyado y seguiremos apoyando esta Mesa, dado que tambi\u00e9n tenemos claro el plan que desarrollaron y por el cual quiero felicitarlos\u201d.<\/p>\n<p>De la misma forma, la ministra de Desarrollo Social asegur\u00f3: \u201cQue hoy estemos ac\u00e1 es producto de una larga trayectoria, que arranc\u00f3 en 2016, en el que se conjugaron la decisi\u00f3n pol\u00edtica del gobernador Gustavo Bordet y el apoyo sostenido de UNICEF Argentina, que acompa\u00f1a este proceso a partir de la escucha atenta, que nos posibilita el dise\u00f1o y desarrollo de pol\u00edticas a partir de la realidad propia de nuestras comunidades\u00bb.<\/p>\n<p>A su vez, a referirse al trabajo de la Mesa Interministerial, Paira manifest\u00f3: \u00abCuando analizamos la marcha de las metas que nos propusimos, podemos ver la importancia que tiene la construcci\u00f3n de datos fiables para fortalecer los programas existentes y los que tenemos que construir para mejorar la accesibilidad de derechos y achicar las brechas de desigualdad desde los primeros d\u00edas de vida. Estamos convencidos de que la presencia del Estado en esta etapa inicial es fundamental para lograr el desarrollo de un proyecto de vida, por eso agradecemos a UNICEF la escucha y el trabajo para pensar juntos las estrategias territoriales\u00bb.<\/p>\n<p><b>Experiencias de trabajo<\/b><\/p>\n<p>A lo largo del encuentro, las y los participantes compartieron la experiencia de trabajo de cada \u00e1rea y destacaron la importancia del trabajo conjunto y mancomunado en relaci\u00f3n con las pol\u00edticas de primera infancia en Entre R\u00edos.<\/p>\n<p>\u201cLa importancia de la Mesa Interministerial de Primera Infancia, en el redise\u00f1o de las dos direcciones t\u00e9cnicas del Copnaf, divididas por franja etaria, hace que sea la pol\u00edtica p\u00fablica m\u00e1s importante dentro de la Direcci\u00f3n de Adolescencias\u201d, plante\u00f3 el presidente del Copnaf, Gabriel Leconte, que tambi\u00e9n resalt\u00f3 que concluy\u00f3 la elaboraci\u00f3n de un proyecto de aprobaci\u00f3n y contralor de los Espacios de Cuidado, llevado adelante conjuntamente con el CGE, que ser\u00e1 analizado por la Mesa. Y destac\u00f3 que se concret\u00f3 el Plan de Formaci\u00f3n y Capacitaci\u00f3n destinado a efectores de servicios de cuidado y educaci\u00f3n de la Primera Infancia.<\/p>\n<p>Durante su intervenci\u00f3n, el presidente del Consejo General de Educaci\u00f3n, Mart\u00edn M\u00fcller, dijo: \u201cCelebramos dos cuestiones que a nosotros nos parecen muy importantes de parte del Consejo General de Educaci\u00f3n como unidad integral. Una es esta posibilidad de la construcci\u00f3n con tantos organismos juntos, me parece que se va a instalar una forma de construir pol\u00edticas p\u00fablicas basadas en evidencia, que nos sirven de ejemplo a todas las \u00e1reas de gobierno. Y en segundo lugar, es esta posibilidad de sensibilizaci\u00f3n territorial, de estas instancias de mesas, que nos va abriendo las puertas para hacer estas articulaciones en materia educativa entre el gobierno provincial y el municipal. Gracias a las autoridades de UNICEF que se encuentran presentes\u00bb.<\/p>\n<p>Asimismo, el secretario de Pol\u00edticas de Salud y Bienestar, Guillermo Zanuttini, record\u00f3 que la decisi\u00f3n de la provincia de generar la Mesa Intersectorial de Primera Infancia antecede a la Ley de los 1000 d\u00edas, y en ese sentido repas\u00f3 las pol\u00edticas p\u00fablicas desde el Ministerio de Salud relativas a este grupo. \u201cPartimos del concepto de maternidad segura centrada en la familia donde en la provincia hay un proceso de regionalizaci\u00f3n perinatal por el cual a nivel p\u00fablico, el 94 por ciento de los nacimientos vivos han ocurrido en maternidades con CONE\u201d, sostuvo. Al mismo tiempo agreg\u00f3: \u201cLa continuidad de la atenci\u00f3n que planteamos es la contrarreferencia activa del binomio persona con capacidad de gestar-hije, para luego darle curso a la salud integral de la infancia y la adolescencia. Con esta premisa es que hacemos hincapi\u00e9 en el eje 1.000 d\u00edas, donde el Alta Conjunta es un componente estrat\u00e9gico\u201d.<\/p>\n<p>En tanto, el director General del Registro Civil y Capacidad de las Personas, Juan Pablo Cinto, explic\u00f3: \u201cNuestra tarea desde el organismo es darle una identidad, un nombre, a cada dato y n\u00famero que se construye en Entre R\u00edos. En ese marco, y con las dificultades que a veces se suscitan, nuestro objetivo como Mesa Intersectorial e Interministerial es alcanzar y garantizar la inscripci\u00f3n del 100 por ciento de los nacimientos que se producen en la provincia. Celebro mucho este espacio, y el hecho de poder ver que las metas planteadas se vuelven m\u00e1s cercanas, mediante la construcci\u00f3n del dato conjunto y el asesoramiento interinstitucional\u201d.<\/p>\n<p>Por \u00faltimo, el secretario de Investigaci\u00f3n de la Facultad de Ciencias Econ\u00f3micas, Gabriel Weidman, apunt\u00f3: \u201cDesde la universidad estamos acompa\u00f1ando la iniciativa Municipio Unido por la Ni\u00f1ez y la Adolescencia, a trav\u00e9s de un convenio de colaboraci\u00f3n con UNICEF, para la contrataci\u00f3n de consultores con el objeto de acompa\u00f1ar espec\u00edficamente en lo ateniente a la Mesa de Primera Infancia. Estos especialistas brindar\u00e1n una capacitaci\u00f3n acerca de los registros de los Centros de Primera Infancia, y brindar\u00e1n una instancia de formaci\u00f3n para las personas que se desempe\u00f1an en los Centros de Desarrollo Infantil\u201d.<\/p>\n","protected":false},"excerpt":{"rendered":"<p>La vicegobernadora Laura Stratta encabez\u00f3 la reuni\u00f3n de la Mesa Interministerial de Primera Infancia con representantes de UNICEF Argentina y UNICEF para Am\u00e9rica Latina y el Caribe, realizada con el objetivo de reconocer y valorar el trabajo que se viene realizando en la provincia.<\/p>\n","protected":false},"author":8,"featured_media":78697,"comment_status":"open","ping_status":"open","sticky":false,"template":"","format":"standard","meta":{"fifu_image_url":"","fifu_image_alt":"","footnotes":""},"categories":[6],"tags":[680,3673],"class_list":{"0":"post-78695","1":"post","2":"type-post","3":"status-publish","4":"format-standard","5":"has-post-thumbnail","7":"category-entre-rios","8":"tag-laura-stratta","9":"tag-unicef"},"yoast_head":"<title>El gobierno provincial profundiza las acciones de cuidado para la primera infancia junto a UNICEF - Informe Litoral<\/title>\n<meta name=\"robots\" content=\"index, follow, max-snippet:-1, max-image-preview:large, max-video-preview:-1\" \/>\n<link rel=\"canonical\" href=\"https:\/\/informelitoral.com.ar\/el-gobierno-provincial-profundiza-las-acciones-de-cuidado-para-la-primera-infancia-junto-a-unicef\/\" \/>\n<meta property=\"og:locale\" content=\"es_ES\" \/>\n<meta property=\"og:type\" content=\"article\" \/>\n<meta property=\"og:title\" content=\"El gobierno provincial profundiza las acciones de cuidado para la primera infancia junto a UNICEF - Informe Litoral\" \/>\n<meta property=\"og:description\" content=\"La vicegobernadora Laura Stratta encabez\u00f3 la reuni\u00f3n de la Mesa Interministerial de Primera Infancia con representantes de UNICEF Argentina y UNICEF para Am\u00e9rica Latina y el Caribe, realizada con el objetivo de reconocer y valorar el trabajo que se viene realizando en la provincia.\" \/>\n<meta property=\"og:url\" content=\"https:\/\/informelitoral.com.ar\/el-gobierno-provincial-profundiza-las-acciones-de-cuidado-para-la-primera-infancia-junto-a-unicef\/\" \/>\n<meta property=\"og:site_name\" content=\"Informe Litoral\" \/>\n<meta property=\"article:publisher\" content=\"https:\/\/www.facebook.com\/informelitoral\/\" \/>\n<meta property=\"article:published_time\" content=\"2022-05-31T11:50:20+00:00\" \/>\n<meta property=\"og:image\" content=\"https:\/\/informelitoral.com.ar\/%77%70%2d%63%6f%6e%74%65%6e%74\/uploads\/2022\/05\/p_1653941440.jpg\" \/>\n\t<meta property=\"og:image:width\" content=\"1920\" \/>\n\t<meta property=\"og:image:height\" content=\"800\" \/>\n\t<meta property=\"og:image:type\" content=\"image\/jpeg\" \/>\n<meta name=\"author\" content=\"Sebastian\" \/>\n<meta name=\"twitter:card\" content=\"summary_large_image\" \/>\n<meta name=\"twitter:creator\" content=\"@InformeLitoral\" \/>\n<meta name=\"twitter:site\" content=\"@InformeLitoral\" \/>\n<meta name=\"twitter:label1\" content=\"Escrito por\" \/>\n\t<meta name=\"twitter:data1\" content=\"Sebastian\" \/>\n\t<meta name=\"twitter:label2\" content=\"Tiempo de lectura\" \/>\n\t<meta name=\"twitter:data2\" content=\"8 minutos\" \/>\n<script type=\"application\/ld+json\" class=\"yoast-schema-graph\">{\"@context\":\"https:\\\/\\\/schema.org\",\"@graph\":[{\"@type\":\"Article\",\"@id\":\"https:\\\/\\\/informelitoral.com.ar\\\/el-gobierno-provincial-profundiza-las-acciones-de-cuidado-para-la-primera-infancia-junto-a-unicef\\\/#article\",\"isPartOf\":{\"@id\":\"https:\\\/\\\/informelitoral.com.ar\\\/el-gobierno-provincial-profundiza-las-acciones-de-cuidado-para-la-primera-infancia-junto-a-unicef\\\/\"},\"author\":{\"name\":\"Sebastian\",\"@id\":\"https:\\\/\\\/informelitoral.com.ar\\\/#\\\/schema\\\/person\\\/f05f9f461677119578717524b127d6d5\"},\"headline\":\"El gobierno provincial profundiza las acciones de cuidado para la primera infancia junto a UNICEF\",\"datePublished\":\"2022-05-31T11:50:20+00:00\",\"mainEntityOfPage\":{\"@id\":\"https:\\\/\\\/informelitoral.com.ar\\\/el-gobierno-provincial-profundiza-las-acciones-de-cuidado-para-la-primera-infancia-junto-a-unicef\\\/\"},\"wordCount\":1540,\"commentCount\":0,\"publisher\":{\"@id\":\"https:\\\/\\\/informelitoral.com.ar\\\/#organization\"},\"image\":{\"@id\":\"https:\\\/\\\/informelitoral.com.ar\\\/el-gobierno-provincial-profundiza-las-acciones-de-cuidado-para-la-primera-infancia-junto-a-unicef\\\/#primaryimage\"},\"thumbnailUrl\":\"https:\\\/\\\/informelitoral.com.ar\\\/%77%70%2d%63%6f%6e%74%65%6e%74\\\/uploads\\\/2022\\\/05\\\/p_1653941440.jpg\",\"keywords\":[\"Laura Stratta\",\"UNICEF\"],\"articleSection\":[\"Entre R\u00edos\"],\"inLanguage\":\"es\",\"potentialAction\":[{\"@type\":\"CommentAction\",\"name\":\"Comment\",\"target\":[\"https:\\\/\\\/informelitoral.com.ar\\\/el-gobierno-provincial-profundiza-las-acciones-de-cuidado-para-la-primera-infancia-junto-a-unicef\\\/#respond\"]}]},{\"@type\":\"WebPage\",\"@id\":\"https:\\\/\\\/informelitoral.com.ar\\\/el-gobierno-provincial-profundiza-las-acciones-de-cuidado-para-la-primera-infancia-junto-a-unicef\\\/\",\"url\":\"https:\\\/\\\/informelitoral.com.ar\\\/el-gobierno-provincial-profundiza-las-acciones-de-cuidado-para-la-primera-infancia-junto-a-unicef\\\/\",\"name\":\"El gobierno provincial profundiza las acciones de cuidado para la primera infancia junto a UNICEF - Informe Litoral\",\"isPartOf\":{\"@id\":\"https:\\\/\\\/informelitoral.com.ar\\\/#website\"},\"primaryImageOfPage\":{\"@id\":\"https:\\\/\\\/informelitoral.com.ar\\\/el-gobierno-provincial-profundiza-las-acciones-de-cuidado-para-la-primera-infancia-junto-a-unicef\\\/#primaryimage\"},\"image\":{\"@id\":\"https:\\\/\\\/informelitoral.com.ar\\\/el-gobierno-provincial-profundiza-las-acciones-de-cuidado-para-la-primera-infancia-junto-a-unicef\\\/#primaryimage\"},\"thumbnailUrl\":\"https:\\\/\\\/informelitoral.com.ar\\\/%77%70%2d%63%6f%6e%74%65%6e%74\\\/uploads\\\/2022\\\/05\\\/p_1653941440.jpg\",\"datePublished\":\"2022-05-31T11:50:20+00:00\",\"breadcrumb\":{\"@id\":\"https:\\\/\\\/informelitoral.com.ar\\\/el-gobierno-provincial-profundiza-las-acciones-de-cuidado-para-la-primera-infancia-junto-a-unicef\\\/#breadcrumb\"},\"inLanguage\":\"es\",\"potentialAction\":[{\"@type\":\"ReadAction\",\"target\":[\"https:\\\/\\\/informelitoral.com.ar\\\/el-gobierno-provincial-profundiza-las-acciones-de-cuidado-para-la-primera-infancia-junto-a-unicef\\\/\"]}]},{\"@type\":\"ImageObject\",\"inLanguage\":\"es\",\"@id\":\"https:\\\/\\\/informelitoral.com.ar\\\/el-gobierno-provincial-profundiza-las-acciones-de-cuidado-para-la-primera-infancia-junto-a-unicef\\\/#primaryimage\",\"url\":\"https:\\\/\\\/informelitoral.com.ar\\\/%77%70%2d%63%6f%6e%74%65%6e%74\\\/uploads\\\/2022\\\/05\\\/p_1653941440.jpg\",\"contentUrl\":\"https:\\\/\\\/informelitoral.com.ar\\\/%77%70%2d%63%6f%6e%74%65%6e%74\\\/uploads\\\/2022\\\/05\\\/p_1653941440.jpg\",\"width\":1920,\"height\":800},{\"@type\":\"BreadcrumbList\",\"@id\":\"https:\\\/\\\/informelitoral.com.ar\\\/el-gobierno-provincial-profundiza-las-acciones-de-cuidado-para-la-primera-infancia-junto-a-unicef\\\/#breadcrumb\",\"itemListElement\":[{\"@type\":\"ListItem\",\"position\":1,\"name\":\"Portada\",\"item\":\"https:\\\/\\\/informelitoral.com.ar\\\/\"},{\"@type\":\"ListItem\",\"position\":2,\"name\":\"El gobierno provincial profundiza las acciones de cuidado para la primera infancia junto a UNICEF\"}]},{\"@type\":\"WebSite\",\"@id\":\"https:\\\/\\\/informelitoral.com.ar\\\/#website\",\"url\":\"https:\\\/\\\/informelitoral.com.ar\\\/\",\"name\":\"Informe Litoral\",\"description\":\"&quot;Nos informamos&quot; \",\"publisher\":{\"@id\":\"https:\\\/\\\/informelitoral.com.ar\\\/#organization\"},\"potentialAction\":[{\"@type\":\"SearchAction\",\"target\":{\"@type\":\"EntryPoint\",\"urlTemplate\":\"https:\\\/\\\/informelitoral.com.ar\\\/?s={search_term_string}\"},\"query-input\":{\"@type\":\"PropertyValueSpecification\",\"valueRequired\":true,\"valueName\":\"search_term_string\"}}],\"inLanguage\":\"es\"},{\"@type\":\"Organization\",\"@id\":\"https:\\\/\\\/informelitoral.com.ar\\\/#organization\",\"name\":\"Informe Litoral\",\"url\":\"https:\\\/\\\/informelitoral.com.ar\\\/\",\"logo\":{\"@type\":\"ImageObject\",\"inLanguage\":\"es\",\"@id\":\"https:\\\/\\\/informelitoral.com.ar\\\/#\\\/schema\\\/logo\\\/image\\\/\",\"url\":\"https:\\\/\\\/informelitoral.com.ar\\\/%77%70%2d%63%6f%6e%74%65%6e%74\\\/uploads\\\/2021\\\/01\\\/circulo.png\",\"contentUrl\":\"https:\\\/\\\/informelitoral.com.ar\\\/%77%70%2d%63%6f%6e%74%65%6e%74\\\/uploads\\\/2021\\\/01\\\/circulo.png\",\"width\":723,\"height\":731,\"caption\":\"Informe Litoral\"},\"image\":{\"@id\":\"https:\\\/\\\/informelitoral.com.ar\\\/#\\\/schema\\\/logo\\\/image\\\/\"},\"sameAs\":[\"https:\\\/\\\/www.facebook.com\\\/informelitoral\\\/\",\"https:\\\/\\\/x.com\\\/InformeLitoral\",\"https:\\\/\\\/www.instagram.com\\\/informelitoral\\\/\",\"https:\\\/\\\/www.youtube.com\\\/channel\\\/UCua4Qvz8Icb6MYqhoq9xLXw\"]},{\"@type\":\"Person\",\"@id\":\"https:\\\/\\\/informelitoral.com.ar\\\/#\\\/schema\\\/person\\\/f05f9f461677119578717524b127d6d5\",\"name\":\"Sebastian\",\"image\":{\"@type\":\"ImageObject\",\"inLanguage\":\"es\",\"@id\":\"https:\\\/\\\/secure.gravatar.com\\\/avatar\\\/b71bf7481d447dfb9583c7f2798e7cc64de6efb9067b74633ed8c31059a3bd82?s=96&d=mm&r=g\",\"url\":\"https:\\\/\\\/secure.gravatar.com\\\/avatar\\\/b71bf7481d447dfb9583c7f2798e7cc64de6efb9067b74633ed8c31059a3bd82?s=96&d=mm&r=g\",\"contentUrl\":\"https:\\\/\\\/secure.gravatar.com\\\/avatar\\\/b71bf7481d447dfb9583c7f2798e7cc64de6efb9067b74633ed8c31059a3bd82?s=96&d=mm&r=g\",\"caption\":\"Sebastian\"},\"url\":\"https:\\\/\\\/informelitoral.com.ar\\\/author\\\/sebastian\\\/\"}]}<\/script>","yoast_head_json":{"title":"El gobierno provincial profundiza las acciones de cuidado para la primera infancia junto a UNICEF - Informe Litoral","robots":{"index":"index","follow":"follow","max-snippet":"max-snippet:-1","max-image-preview":"max-image-preview:large","max-video-preview":"max-video-preview:-1"},"canonical":"https:\/\/informelitoral.com.ar\/el-gobierno-provincial-profundiza-las-acciones-de-cuidado-para-la-primera-infancia-junto-a-unicef\/","og_locale":"es_ES","og_type":"article","og_title":"El gobierno provincial profundiza las acciones de cuidado para la primera infancia junto a UNICEF - Informe Litoral","og_description":"La vicegobernadora Laura Stratta encabez\u00f3 la reuni\u00f3n de la Mesa Interministerial de Primera Infancia con representantes de UNICEF Argentina y UNICEF para Am\u00e9rica Latina y el Caribe, realizada con el objetivo de reconocer y valorar el trabajo que se viene realizando en la provincia.","og_url":"https:\/\/informelitoral.com.ar\/el-gobierno-provincial-profundiza-las-acciones-de-cuidado-para-la-primera-infancia-junto-a-unicef\/","og_site_name":"Informe Litoral","article_publisher":"https:\/\/www.facebook.com\/informelitoral\/","article_published_time":"2022-05-31T11:50:20+00:00","og_image":[{"width":1920,"height":800,"url":"https:\/\/informelitoral.com.ar\/%77%70%2d%63%6f%6e%74%65%6e%74\/uploads\/2022\/05\/p_1653941440.jpg","type":"image\/jpeg"}],"author":"Sebastian","twitter_card":"summary_large_image","twitter_creator":"@InformeLitoral","twitter_site":"@InformeLitoral","twitter_misc":{"Escrito por":"Sebastian","Tiempo de lectura":"8 minutos"},"schema":{"@context":"https:\/\/schema.org","@graph":[{"@type":"Article","@id":"https:\/\/informelitoral.com.ar\/el-gobierno-provincial-profundiza-las-acciones-de-cuidado-para-la-primera-infancia-junto-a-unicef\/#article","isPartOf":{"@id":"https:\/\/informelitoral.com.ar\/el-gobierno-provincial-profundiza-las-acciones-de-cuidado-para-la-primera-infancia-junto-a-unicef\/"},"author":{"name":"Sebastian","@id":"https:\/\/informelitoral.com.ar\/#\/schema\/person\/f05f9f461677119578717524b127d6d5"},"headline":"El gobierno provincial profundiza las acciones de cuidado para la primera infancia junto a UNICEF","datePublished":"2022-05-31T11:50:20+00:00","mainEntityOfPage":{"@id":"https:\/\/informelitoral.com.ar\/el-gobierno-provincial-profundiza-las-acciones-de-cuidado-para-la-primera-infancia-junto-a-unicef\/"},"wordCount":1540,"commentCount":0,"publisher":{"@id":"https:\/\/informelitoral.com.ar\/#organization"},"image":{"@id":"https:\/\/informelitoral.com.ar\/el-gobierno-provincial-profundiza-las-acciones-de-cuidado-para-la-primera-infancia-junto-a-unicef\/#primaryimage"},"thumbnailUrl":"https:\/\/informelitoral.com.ar\/%77%70%2d%63%6f%6e%74%65%6e%74\/uploads\/2022\/05\/p_1653941440.jpg","keywords":["Laura Stratta","UNICEF"],"articleSection":["Entre R\u00edos"],"inLanguage":"es","potentialAction":[{"@type":"CommentAction","name":"Comment","target":["https:\/\/informelitoral.com.ar\/el-gobierno-provincial-profundiza-las-acciones-de-cuidado-para-la-primera-infancia-junto-a-unicef\/#respond"]}]},{"@type":"WebPage","@id":"https:\/\/informelitoral.com.ar\/el-gobierno-provincial-profundiza-las-acciones-de-cuidado-para-la-primera-infancia-junto-a-unicef\/","url":"https:\/\/informelitoral.com.ar\/el-gobierno-provincial-profundiza-las-acciones-de-cuidado-para-la-primera-infancia-junto-a-unicef\/","name":"El gobierno provincial profundiza las acciones de cuidado para la primera infancia junto a UNICEF - Informe Litoral","isPartOf":{"@id":"https:\/\/informelitoral.com.ar\/#website"},"primaryImageOfPage":{"@id":"https:\/\/informelitoral.com.ar\/el-gobierno-provincial-profundiza-las-acciones-de-cuidado-para-la-primera-infancia-junto-a-unicef\/#primaryimage"},"image":{"@id":"https:\/\/informelitoral.com.ar\/el-gobierno-provincial-profundiza-las-acciones-de-cuidado-para-la-primera-infancia-junto-a-unicef\/#primaryimage"},"thumbnailUrl":"https:\/\/informelitoral.com.ar\/%77%70%2d%63%6f%6e%74%65%6e%74\/uploads\/2022\/05\/p_1653941440.jpg","datePublished":"2022-05-31T11:50:20+00:00","breadcrumb":{"@id":"https:\/\/informelitoral.com.ar\/el-gobierno-provincial-profundiza-las-acciones-de-cuidado-para-la-primera-infancia-junto-a-unicef\/#breadcrumb"},"inLanguage":"es","potentialAction":[{"@type":"ReadAction","target":["https:\/\/informelitoral.com.ar\/el-gobierno-provincial-profundiza-las-acciones-de-cuidado-para-la-primera-infancia-junto-a-unicef\/"]}]},{"@type":"ImageObject","inLanguage":"es","@id":"https:\/\/informelitoral.com.ar\/el-gobierno-provincial-profundiza-las-acciones-de-cuidado-para-la-primera-infancia-junto-a-unicef\/#primaryimage","url":"https:\/\/informelitoral.com.ar\/%77%70%2d%63%6f%6e%74%65%6e%74\/uploads\/2022\/05\/p_1653941440.jpg","contentUrl":"https:\/\/informelitoral.com.ar\/%77%70%2d%63%6f%6e%74%65%6e%74\/uploads\/2022\/05\/p_1653941440.jpg","width":1920,"height":800},{"@type":"BreadcrumbList","@id":"https:\/\/informelitoral.com.ar\/el-gobierno-provincial-profundiza-las-acciones-de-cuidado-para-la-primera-infancia-junto-a-unicef\/#breadcrumb","itemListElement":[{"@type":"ListItem","position":1,"name":"Portada","item":"https:\/\/informelitoral.com.ar\/"},{"@type":"ListItem","position":2,"name":"El gobierno provincial profundiza las acciones de cuidado para la primera infancia junto a UNICEF"}]},{"@type":"WebSite","@id":"https:\/\/informelitoral.com.ar\/#website","url":"https:\/\/informelitoral.com.ar\/","name":"Informe Litoral","description":"&quot;Nos informamos&quot; ","publisher":{"@id":"https:\/\/informelitoral.com.ar\/#organization"},"potentialAction":[{"@type":"SearchAction","target":{"@type":"EntryPoint","urlTemplate":"https:\/\/informelitoral.com.ar\/?s={search_term_string}"},"query-input":{"@type":"PropertyValueSpecification","valueRequired":true,"valueName":"search_term_string"}}],"inLanguage":"es"},{"@type":"Organization","@id":"https:\/\/informelitoral.com.ar\/#organization","name":"Informe Litoral","url":"https:\/\/informelitoral.com.ar\/","logo":{"@type":"ImageObject","inLanguage":"es","@id":"https:\/\/informelitoral.com.ar\/#\/schema\/logo\/image\/","url":"https:\/\/informelitoral.com.ar\/%77%70%2d%63%6f%6e%74%65%6e%74\/uploads\/2021\/01\/circulo.png","contentUrl":"https:\/\/informelitoral.com.ar\/%77%70%2d%63%6f%6e%74%65%6e%74\/uploads\/2021\/01\/circulo.png","width":723,"height":731,"caption":"Informe Litoral"},"image":{"@id":"https:\/\/informelitoral.com.ar\/#\/schema\/logo\/image\/"},"sameAs":["https:\/\/www.facebook.com\/informelitoral\/","https:\/\/x.com\/InformeLitoral","https:\/\/www.instagram.com\/informelitoral\/","https:\/\/www.youtube.com\/channel\/UCua4Qvz8Icb6MYqhoq9xLXw"]},{"@type":"Person","@id":"https:\/\/informelitoral.com.ar\/#\/schema\/person\/f05f9f461677119578717524b127d6d5","name":"Sebastian","image":{"@type":"ImageObject","inLanguage":"es","@id":"https:\/\/secure.gravatar.com\/avatar\/b71bf7481d447dfb9583c7f2798e7cc64de6efb9067b74633ed8c31059a3bd82?s=96&d=mm&r=g","url":"https:\/\/secure.gravatar.com\/avatar\/b71bf7481d447dfb9583c7f2798e7cc64de6efb9067b74633ed8c31059a3bd82?s=96&d=mm&r=g","contentUrl":"https:\/\/secure.gravatar.com\/avatar\/b71bf7481d447dfb9583c7f2798e7cc64de6efb9067b74633ed8c31059a3bd82?s=96&d=mm&r=g","caption":"Sebastian"},"url":"https:\/\/informelitoral.com.ar\/author\/sebastian\/"}]}},"_links":{"self":[{"href":"https:\/\/informelitoral.com.ar\/%77%70%2d%6a%73%6f%6e\/wp\/v2\/posts\/78695","targetHints":{"allow":["GET"]}}],"collection":[{"href":"https:\/\/informelitoral.com.ar\/%77%70%2d%6a%73%6f%6e\/wp\/v2\/posts"}],"about":[{"href":"https:\/\/informelitoral.com.ar\/%77%70%2d%6a%73%6f%6e\/wp\/v2\/types\/post"}],"author":[{"embeddable":true,"href":"https:\/\/informelitoral.com.ar\/%77%70%2d%6a%73%6f%6e\/wp\/v2\/users\/8"}],"replies":[{"embeddable":true,"href":"https:\/\/informelitoral.com.ar\/%77%70%2d%6a%73%6f%6e\/wp\/v2\/comments?post=78695"}],"version-history":[{"count":0,"href":"https:\/\/informelitoral.com.ar\/%77%70%2d%6a%73%6f%6e\/wp\/v2\/posts\/78695\/revisions"}],"wp:featuredmedia":[{"embeddable":true,"href":"https:\/\/informelitoral.com.ar\/%77%70%2d%6a%73%6f%6e\/wp\/v2\/media\/78697"}],"wp:attachment":[{"href":"https:\/\/informelitoral.com.ar\/%77%70%2d%6a%73%6f%6e\/wp\/v2\/media?parent=78695"}],"wp:term":[{"taxonomy":"category","embeddable":true,"href":"https:\/\/informelitoral.com.ar\/%77%70%2d%6a%73%6f%6e\/wp\/v2\/categories?post=78695"},{"taxonomy":"post_tag","embeddable":true,"href":"https:\/\/informelitoral.com.ar\/%77%70%2d%6a%73%6f%6e\/wp\/v2\/tags?post=78695"}],"curies":[{"name":"wp","href":"https:\/\/api.w.org\/{rel}","templated":true}]}}