{"id":78501,"date":"2022-05-27T13:59:57","date_gmt":"2022-05-27T16:59:57","guid":{"rendered":"https:\/\/www.informelitoral.com.ar\/?p=78501"},"modified":"2022-05-28T15:09:31","modified_gmt":"2022-05-28T18:09:31","slug":"el-gobierno-anuncio-el-nuevo-piso-del-impuesto-a-las-ganancias","status":"publish","type":"post","link":"https:\/\/informelitoral.com.ar\/el-gobierno-anuncio-el-nuevo-piso-del-impuesto-a-las-ganancias\/","title":{"rendered":"El Gobierno anunci\u00f3 el nuevo piso del Impuesto a las Ganancias"},"content":{"rendered":"<p class=\"paragraph\">Luego de una extensa reuni\u00f3n en Casa Rosada, el gobierno nacional anunci\u00f3 que\u00a0<mark class=\"hl_yellow\"><b>decidi\u00f3 subir el piso del Impuesto a las Ganancias a $280.792.<\/b><\/mark><\/p>\n<p class=\"paragraph\">\u201c<b>Llevamos adelante un esquema de pol\u00edticas econ\u00f3micas que transforma realidades<\/b>\u201d, destac\u00f3\u00a0<b>Mart\u00edn Guzm\u00e1n<\/b>\u00a0al formalizar el anuncio en la explanada del palacio gubernamental.<\/p>\n<p>Por su parte,\u00a0<b>Sergio Massa<\/b>\u00a0destac\u00f3 que se haya tomado esta medida que busca frenar la ca\u00edda del salario como tambi\u00e9n el adelanto de las paritarias que ya cerraron la mayor\u00eda de los salarios. \u201cComo estado tenemos que hacer un esfuerzo para que el trabajador no pierda al momento de pagar los impuestos.<mark class=\"hl_yellow\"><b>\u00a0La suba del m\u00ednimo no imponible nos permite mantener la idea de que<\/b><b>\u00a0el salario no es ganancia<\/b><\/mark>\u00a0sino remuneraci\u00f3n\u201d.<\/p>\n<p>En na rueda de prensa que se dio en la puerta de la Casa Rosada, se especific\u00f3 que\u00a0<mark class=\"hl_yellow\">el adelantamiento de la medida evitar\u00e1 el impacto en el aguinaldo. Adem\u00e1s se apunt\u00f3 que el segundo tramo de la escala del tributo estar\u00e1 en los 324.000 pesos<\/mark>.<\/p>\n<p>El decreto que se est\u00e1 impulsando para actualizar el tope, a partir del que se tributa el impuesto a las Ganancias de las personas humanas, comprende la actualizaci\u00f3n de la deducci\u00f3n especial en los dos tramos previstos en la ley original, seg\u00fan las proyecciones actualizadas de salarios. Adem\u00e1s, exime a la primera y segunda cuota del sueldo anual complementario para ese universo de contribuyentes.<\/p>\n","protected":false},"excerpt":{"rendered":"<p>La decisi\u00f3n fue comunicada por Mart\u00edn Guzm\u00e1n, luego de una reuni\u00f3n que se realiz\u00f3 en Casa Rosada en la que estuvieron el presidente Alberto Fern\u00e1ndez, Sergio Massa y la c\u00fapula de la CGT<\/p>\n","protected":false},"author":8,"featured_media":78503,"comment_status":"open","ping_status":"open","sticky":false,"template":"","format":"standard","meta":{"fifu_image_url":"","fifu_image_alt":"","footnotes":""},"categories":[1594,16],"tags":[2247],"class_list":{"0":"post-78501","1":"post","2":"type-post","3":"status-publish","4":"format-standard","5":"has-post-thumbnail","7":"category-economia","8":"category-politi","9":"tag-impuesto-a-las-ganancias"},"yoast_head":"<title>El Gobierno anunci\u00f3 el nuevo piso del Impuesto a las Ganancias - Informe Litoral<\/title>\n<meta name=\"robots\" content=\"index, follow, max-snippet:-1, max-image-preview:large, max-video-preview:-1\" \/>\n<link rel=\"canonical\" href=\"https:\/\/informelitoral.com.ar\/el-gobierno-anuncio-el-nuevo-piso-del-impuesto-a-las-ganancias\/\" \/>\n<meta property=\"og:locale\" content=\"es_ES\" \/>\n<meta property=\"og:type\" content=\"article\" \/>\n<meta property=\"og:title\" content=\"El Gobierno anunci\u00f3 el nuevo piso del Impuesto a las Ganancias - Informe Litoral\" \/>\n<meta property=\"og:description\" content=\"La decisi\u00f3n fue comunicada por Mart\u00edn Guzm\u00e1n, luego de una reuni\u00f3n que se realiz\u00f3 en Casa Rosada en la que estuvieron el presidente Alberto Fern\u00e1ndez, Sergio Massa y la c\u00fapula de la CGT\" \/>\n<meta property=\"og:url\" content=\"https:\/\/informelitoral.com.ar\/el-gobierno-anuncio-el-nuevo-piso-del-impuesto-a-las-ganancias\/\" \/>\n<meta property=\"og:site_name\" content=\"Informe Litoral\" \/>\n<meta property=\"article:publisher\" content=\"https:\/\/www.facebook.com\/informelitoral\/\" \/>\n<meta property=\"article:published_time\" content=\"2022-05-27T16:59:57+00:00\" \/>\n<meta property=\"article:modified_time\" content=\"2022-05-28T18:09:31+00:00\" \/>\n<meta property=\"og:image\" content=\"https:\/\/informelitoral.com.ar\/%77%70%2d%63%6f%6e%74%65%6e%74\/uploads\/2022\/05\/f848x477-1160193_1217996_4340.jpg\" \/>\n\t<meta property=\"og:image:width\" content=\"848\" \/>\n\t<meta property=\"og:image:height\" content=\"477\" \/>\n\t<meta property=\"og:image:type\" content=\"image\/jpeg\" \/>\n<meta name=\"author\" content=\"Sebastian\" \/>\n<meta name=\"twitter:card\" content=\"summary_large_image\" \/>\n<meta name=\"twitter:creator\" content=\"@InformeLitoral\" \/>\n<meta name=\"twitter:site\" content=\"@InformeLitoral\" \/>\n<meta name=\"twitter:label1\" content=\"Escrito por\" \/>\n\t<meta name=\"twitter:data1\" content=\"Sebastian\" \/>\n\t<meta name=\"twitter:label2\" content=\"Tiempo de lectura\" \/>\n\t<meta name=\"twitter:data2\" content=\"1 minuto\" \/>\n<script type=\"application\/ld+json\" class=\"yoast-schema-graph\">{\"@context\":\"https:\\\/\\\/schema.org\",\"@graph\":[{\"@type\":\"Article\",\"@id\":\"https:\\\/\\\/informelitoral.com.ar\\\/el-gobierno-anuncio-el-nuevo-piso-del-impuesto-a-las-ganancias\\\/#article\",\"isPartOf\":{\"@id\":\"https:\\\/\\\/informelitoral.com.ar\\\/el-gobierno-anuncio-el-nuevo-piso-del-impuesto-a-las-ganancias\\\/\"},\"author\":{\"name\":\"Sebastian\",\"@id\":\"https:\\\/\\\/informelitoral.com.ar\\\/#\\\/schema\\\/person\\\/f05f9f461677119578717524b127d6d5\"},\"headline\":\"El Gobierno anunci\u00f3 el nuevo piso del Impuesto a las Ganancias\",\"datePublished\":\"2022-05-27T16:59:57+00:00\",\"dateModified\":\"2022-05-28T18:09:31+00:00\",\"mainEntityOfPage\":{\"@id\":\"https:\\\/\\\/informelitoral.com.ar\\\/el-gobierno-anuncio-el-nuevo-piso-del-impuesto-a-las-ganancias\\\/\"},\"wordCount\":254,\"commentCount\":0,\"publisher\":{\"@id\":\"https:\\\/\\\/informelitoral.com.ar\\\/#organization\"},\"image\":{\"@id\":\"https:\\\/\\\/informelitoral.com.ar\\\/el-gobierno-anuncio-el-nuevo-piso-del-impuesto-a-las-ganancias\\\/#primaryimage\"},\"thumbnailUrl\":\"https:\\\/\\\/informelitoral.com.ar\\\/%77%70%2d%63%6f%6e%74%65%6e%74\\\/uploads\\\/2022\\\/05\\\/f848x477-1160193_1217996_4340.jpg\",\"keywords\":[\"Impuesto a las Ganancias\"],\"articleSection\":[\"Econom\u00eda\",\"Politica\"],\"inLanguage\":\"es\",\"potentialAction\":[{\"@type\":\"CommentAction\",\"name\":\"Comment\",\"target\":[\"https:\\\/\\\/informelitoral.com.ar\\\/el-gobierno-anuncio-el-nuevo-piso-del-impuesto-a-las-ganancias\\\/#respond\"]}]},{\"@type\":\"WebPage\",\"@id\":\"https:\\\/\\\/informelitoral.com.ar\\\/el-gobierno-anuncio-el-nuevo-piso-del-impuesto-a-las-ganancias\\\/\",\"url\":\"https:\\\/\\\/informelitoral.com.ar\\\/el-gobierno-anuncio-el-nuevo-piso-del-impuesto-a-las-ganancias\\\/\",\"name\":\"El Gobierno anunci\u00f3 el nuevo piso del Impuesto a las Ganancias - Informe Litoral\",\"isPartOf\":{\"@id\":\"https:\\\/\\\/informelitoral.com.ar\\\/#website\"},\"primaryImageOfPage\":{\"@id\":\"https:\\\/\\\/informelitoral.com.ar\\\/el-gobierno-anuncio-el-nuevo-piso-del-impuesto-a-las-ganancias\\\/#primaryimage\"},\"image\":{\"@id\":\"https:\\\/\\\/informelitoral.com.ar\\\/el-gobierno-anuncio-el-nuevo-piso-del-impuesto-a-las-ganancias\\\/#primaryimage\"},\"thumbnailUrl\":\"https:\\\/\\\/informelitoral.com.ar\\\/%77%70%2d%63%6f%6e%74%65%6e%74\\\/uploads\\\/2022\\\/05\\\/f848x477-1160193_1217996_4340.jpg\",\"datePublished\":\"2022-05-27T16:59:57+00:00\",\"dateModified\":\"2022-05-28T18:09:31+00:00\",\"breadcrumb\":{\"@id\":\"https:\\\/\\\/informelitoral.com.ar\\\/el-gobierno-anuncio-el-nuevo-piso-del-impuesto-a-las-ganancias\\\/#breadcrumb\"},\"inLanguage\":\"es\",\"potentialAction\":[{\"@type\":\"ReadAction\",\"target\":[\"https:\\\/\\\/informelitoral.com.ar\\\/el-gobierno-anuncio-el-nuevo-piso-del-impuesto-a-las-ganancias\\\/\"]}]},{\"@type\":\"ImageObject\",\"inLanguage\":\"es\",\"@id\":\"https:\\\/\\\/informelitoral.com.ar\\\/el-gobierno-anuncio-el-nuevo-piso-del-impuesto-a-las-ganancias\\\/#primaryimage\",\"url\":\"https:\\\/\\\/informelitoral.com.ar\\\/%77%70%2d%63%6f%6e%74%65%6e%74\\\/uploads\\\/2022\\\/05\\\/f848x477-1160193_1217996_4340.jpg\",\"contentUrl\":\"https:\\\/\\\/informelitoral.com.ar\\\/%77%70%2d%63%6f%6e%74%65%6e%74\\\/uploads\\\/2022\\\/05\\\/f848x477-1160193_1217996_4340.jpg\",\"width\":848,\"height\":477},{\"@type\":\"BreadcrumbList\",\"@id\":\"https:\\\/\\\/informelitoral.com.ar\\\/el-gobierno-anuncio-el-nuevo-piso-del-impuesto-a-las-ganancias\\\/#breadcrumb\",\"itemListElement\":[{\"@type\":\"ListItem\",\"position\":1,\"name\":\"Portada\",\"item\":\"https:\\\/\\\/informelitoral.com.ar\\\/\"},{\"@type\":\"ListItem\",\"position\":2,\"name\":\"El Gobierno anunci\u00f3 el nuevo piso del Impuesto a las Ganancias\"}]},{\"@type\":\"WebSite\",\"@id\":\"https:\\\/\\\/informelitoral.com.ar\\\/#website\",\"url\":\"https:\\\/\\\/informelitoral.com.ar\\\/\",\"name\":\"Informe Litoral\",\"description\":\"&quot;Nos informamos&quot; \",\"publisher\":{\"@id\":\"https:\\\/\\\/informelitoral.com.ar\\\/#organization\"},\"potentialAction\":[{\"@type\":\"SearchAction\",\"target\":{\"@type\":\"EntryPoint\",\"urlTemplate\":\"https:\\\/\\\/informelitoral.com.ar\\\/?s={search_term_string}\"},\"query-input\":{\"@type\":\"PropertyValueSpecification\",\"valueRequired\":true,\"valueName\":\"search_term_string\"}}],\"inLanguage\":\"es\"},{\"@type\":\"Organization\",\"@id\":\"https:\\\/\\\/informelitoral.com.ar\\\/#organization\",\"name\":\"Informe Litoral\",\"url\":\"https:\\\/\\\/informelitoral.com.ar\\\/\",\"logo\":{\"@type\":\"ImageObject\",\"inLanguage\":\"es\",\"@id\":\"https:\\\/\\\/informelitoral.com.ar\\\/#\\\/schema\\\/logo\\\/image\\\/\",\"url\":\"https:\\\/\\\/informelitoral.com.ar\\\/%77%70%2d%63%6f%6e%74%65%6e%74\\\/uploads\\\/2021\\\/01\\\/circulo.png\",\"contentUrl\":\"https:\\\/\\\/informelitoral.com.ar\\\/%77%70%2d%63%6f%6e%74%65%6e%74\\\/uploads\\\/2021\\\/01\\\/circulo.png\",\"width\":723,\"height\":731,\"caption\":\"Informe Litoral\"},\"image\":{\"@id\":\"https:\\\/\\\/informelitoral.com.ar\\\/#\\\/schema\\\/logo\\\/image\\\/\"},\"sameAs\":[\"https:\\\/\\\/www.facebook.com\\\/informelitoral\\\/\",\"https:\\\/\\\/x.com\\\/InformeLitoral\",\"https:\\\/\\\/www.instagram.com\\\/informelitoral\\\/\",\"https:\\\/\\\/www.youtube.com\\\/channel\\\/UCua4Qvz8Icb6MYqhoq9xLXw\"]},{\"@type\":\"Person\",\"@id\":\"https:\\\/\\\/informelitoral.com.ar\\\/#\\\/schema\\\/person\\\/f05f9f461677119578717524b127d6d5\",\"name\":\"Sebastian\",\"image\":{\"@type\":\"ImageObject\",\"inLanguage\":\"es\",\"@id\":\"https:\\\/\\\/secure.gravatar.com\\\/avatar\\\/b71bf7481d447dfb9583c7f2798e7cc64de6efb9067b74633ed8c31059a3bd82?s=96&d=mm&r=g\",\"url\":\"https:\\\/\\\/secure.gravatar.com\\\/avatar\\\/b71bf7481d447dfb9583c7f2798e7cc64de6efb9067b74633ed8c31059a3bd82?s=96&d=mm&r=g\",\"contentUrl\":\"https:\\\/\\\/secure.gravatar.com\\\/avatar\\\/b71bf7481d447dfb9583c7f2798e7cc64de6efb9067b74633ed8c31059a3bd82?s=96&d=mm&r=g\",\"caption\":\"Sebastian\"},\"url\":\"https:\\\/\\\/informelitoral.com.ar\\\/author\\\/sebastian\\\/\"}]}<\/script>","yoast_head_json":{"title":"El Gobierno anunci\u00f3 el nuevo piso del Impuesto a las Ganancias - Informe Litoral","robots":{"index":"index","follow":"follow","max-snippet":"max-snippet:-1","max-image-preview":"max-image-preview:large","max-video-preview":"max-video-preview:-1"},"canonical":"https:\/\/informelitoral.com.ar\/el-gobierno-anuncio-el-nuevo-piso-del-impuesto-a-las-ganancias\/","og_locale":"es_ES","og_type":"article","og_title":"El Gobierno anunci\u00f3 el nuevo piso del Impuesto a las Ganancias - Informe Litoral","og_description":"La decisi\u00f3n fue comunicada por Mart\u00edn Guzm\u00e1n, luego de una reuni\u00f3n que se realiz\u00f3 en Casa Rosada en la que estuvieron el presidente Alberto Fern\u00e1ndez, Sergio Massa y la c\u00fapula de la CGT","og_url":"https:\/\/informelitoral.com.ar\/el-gobierno-anuncio-el-nuevo-piso-del-impuesto-a-las-ganancias\/","og_site_name":"Informe Litoral","article_publisher":"https:\/\/www.facebook.com\/informelitoral\/","article_published_time":"2022-05-27T16:59:57+00:00","article_modified_time":"2022-05-28T18:09:31+00:00","og_image":[{"width":848,"height":477,"url":"https:\/\/informelitoral.com.ar\/%77%70%2d%63%6f%6e%74%65%6e%74\/uploads\/2022\/05\/f848x477-1160193_1217996_4340.jpg","type":"image\/jpeg"}],"author":"Sebastian","twitter_card":"summary_large_image","twitter_creator":"@InformeLitoral","twitter_site":"@InformeLitoral","twitter_misc":{"Escrito por":"Sebastian","Tiempo de lectura":"1 minuto"},"schema":{"@context":"https:\/\/schema.org","@graph":[{"@type":"Article","@id":"https:\/\/informelitoral.com.ar\/el-gobierno-anuncio-el-nuevo-piso-del-impuesto-a-las-ganancias\/#article","isPartOf":{"@id":"https:\/\/informelitoral.com.ar\/el-gobierno-anuncio-el-nuevo-piso-del-impuesto-a-las-ganancias\/"},"author":{"name":"Sebastian","@id":"https:\/\/informelitoral.com.ar\/#\/schema\/person\/f05f9f461677119578717524b127d6d5"},"headline":"El Gobierno anunci\u00f3 el nuevo piso del Impuesto a las Ganancias","datePublished":"2022-05-27T16:59:57+00:00","dateModified":"2022-05-28T18:09:31+00:00","mainEntityOfPage":{"@id":"https:\/\/informelitoral.com.ar\/el-gobierno-anuncio-el-nuevo-piso-del-impuesto-a-las-ganancias\/"},"wordCount":254,"commentCount":0,"publisher":{"@id":"https:\/\/informelitoral.com.ar\/#organization"},"image":{"@id":"https:\/\/informelitoral.com.ar\/el-gobierno-anuncio-el-nuevo-piso-del-impuesto-a-las-ganancias\/#primaryimage"},"thumbnailUrl":"https:\/\/informelitoral.com.ar\/%77%70%2d%63%6f%6e%74%65%6e%74\/uploads\/2022\/05\/f848x477-1160193_1217996_4340.jpg","keywords":["Impuesto a las Ganancias"],"articleSection":["Econom\u00eda","Politica"],"inLanguage":"es","potentialAction":[{"@type":"CommentAction","name":"Comment","target":["https:\/\/informelitoral.com.ar\/el-gobierno-anuncio-el-nuevo-piso-del-impuesto-a-las-ganancias\/#respond"]}]},{"@type":"WebPage","@id":"https:\/\/informelitoral.com.ar\/el-gobierno-anuncio-el-nuevo-piso-del-impuesto-a-las-ganancias\/","url":"https:\/\/informelitoral.com.ar\/el-gobierno-anuncio-el-nuevo-piso-del-impuesto-a-las-ganancias\/","name":"El Gobierno anunci\u00f3 el nuevo piso del Impuesto a las Ganancias - Informe Litoral","isPartOf":{"@id":"https:\/\/informelitoral.com.ar\/#website"},"primaryImageOfPage":{"@id":"https:\/\/informelitoral.com.ar\/el-gobierno-anuncio-el-nuevo-piso-del-impuesto-a-las-ganancias\/#primaryimage"},"image":{"@id":"https:\/\/informelitoral.com.ar\/el-gobierno-anuncio-el-nuevo-piso-del-impuesto-a-las-ganancias\/#primaryimage"},"thumbnailUrl":"https:\/\/informelitoral.com.ar\/%77%70%2d%63%6f%6e%74%65%6e%74\/uploads\/2022\/05\/f848x477-1160193_1217996_4340.jpg","datePublished":"2022-05-27T16:59:57+00:00","dateModified":"2022-05-28T18:09:31+00:00","breadcrumb":{"@id":"https:\/\/informelitoral.com.ar\/el-gobierno-anuncio-el-nuevo-piso-del-impuesto-a-las-ganancias\/#breadcrumb"},"inLanguage":"es","potentialAction":[{"@type":"ReadAction","target":["https:\/\/informelitoral.com.ar\/el-gobierno-anuncio-el-nuevo-piso-del-impuesto-a-las-ganancias\/"]}]},{"@type":"ImageObject","inLanguage":"es","@id":"https:\/\/informelitoral.com.ar\/el-gobierno-anuncio-el-nuevo-piso-del-impuesto-a-las-ganancias\/#primaryimage","url":"https:\/\/informelitoral.com.ar\/%77%70%2d%63%6f%6e%74%65%6e%74\/uploads\/2022\/05\/f848x477-1160193_1217996_4340.jpg","contentUrl":"https:\/\/informelitoral.com.ar\/%77%70%2d%63%6f%6e%74%65%6e%74\/uploads\/2022\/05\/f848x477-1160193_1217996_4340.jpg","width":848,"height":477},{"@type":"BreadcrumbList","@id":"https:\/\/informelitoral.com.ar\/el-gobierno-anuncio-el-nuevo-piso-del-impuesto-a-las-ganancias\/#breadcrumb","itemListElement":[{"@type":"ListItem","position":1,"name":"Portada","item":"https:\/\/informelitoral.com.ar\/"},{"@type":"ListItem","position":2,"name":"El Gobierno anunci\u00f3 el nuevo piso del Impuesto a las Ganancias"}]},{"@type":"WebSite","@id":"https:\/\/informelitoral.com.ar\/#website","url":"https:\/\/informelitoral.com.ar\/","name":"Informe Litoral","description":"&quot;Nos informamos&quot; ","publisher":{"@id":"https:\/\/informelitoral.com.ar\/#organization"},"potentialAction":[{"@type":"SearchAction","target":{"@type":"EntryPoint","urlTemplate":"https:\/\/informelitoral.com.ar\/?s={search_term_string}"},"query-input":{"@type":"PropertyValueSpecification","valueRequired":true,"valueName":"search_term_string"}}],"inLanguage":"es"},{"@type":"Organization","@id":"https:\/\/informelitoral.com.ar\/#organization","name":"Informe Litoral","url":"https:\/\/informelitoral.com.ar\/","logo":{"@type":"ImageObject","inLanguage":"es","@id":"https:\/\/informelitoral.com.ar\/#\/schema\/logo\/image\/","url":"https:\/\/informelitoral.com.ar\/%77%70%2d%63%6f%6e%74%65%6e%74\/uploads\/2021\/01\/circulo.png","contentUrl":"https:\/\/informelitoral.com.ar\/%77%70%2d%63%6f%6e%74%65%6e%74\/uploads\/2021\/01\/circulo.png","width":723,"height":731,"caption":"Informe Litoral"},"image":{"@id":"https:\/\/informelitoral.com.ar\/#\/schema\/logo\/image\/"},"sameAs":["https:\/\/www.facebook.com\/informelitoral\/","https:\/\/x.com\/InformeLitoral","https:\/\/www.instagram.com\/informelitoral\/","https:\/\/www.youtube.com\/channel\/UCua4Qvz8Icb6MYqhoq9xLXw"]},{"@type":"Person","@id":"https:\/\/informelitoral.com.ar\/#\/schema\/person\/f05f9f461677119578717524b127d6d5","name":"Sebastian","image":{"@type":"ImageObject","inLanguage":"es","@id":"https:\/\/secure.gravatar.com\/avatar\/b71bf7481d447dfb9583c7f2798e7cc64de6efb9067b74633ed8c31059a3bd82?s=96&d=mm&r=g","url":"https:\/\/secure.gravatar.com\/avatar\/b71bf7481d447dfb9583c7f2798e7cc64de6efb9067b74633ed8c31059a3bd82?s=96&d=mm&r=g","contentUrl":"https:\/\/secure.gravatar.com\/avatar\/b71bf7481d447dfb9583c7f2798e7cc64de6efb9067b74633ed8c31059a3bd82?s=96&d=mm&r=g","caption":"Sebastian"},"url":"https:\/\/informelitoral.com.ar\/author\/sebastian\/"}]}},"_links":{"self":[{"href":"https:\/\/informelitoral.com.ar\/%77%70%2d%6a%73%6f%6e\/wp\/v2\/posts\/78501","targetHints":{"allow":["GET"]}}],"collection":[{"href":"https:\/\/informelitoral.com.ar\/%77%70%2d%6a%73%6f%6e\/wp\/v2\/posts"}],"about":[{"href":"https:\/\/informelitoral.com.ar\/%77%70%2d%6a%73%6f%6e\/wp\/v2\/types\/post"}],"author":[{"embeddable":true,"href":"https:\/\/informelitoral.com.ar\/%77%70%2d%6a%73%6f%6e\/wp\/v2\/users\/8"}],"replies":[{"embeddable":true,"href":"https:\/\/informelitoral.com.ar\/%77%70%2d%6a%73%6f%6e\/wp\/v2\/comments?post=78501"}],"version-history":[{"count":0,"href":"https:\/\/informelitoral.com.ar\/%77%70%2d%6a%73%6f%6e\/wp\/v2\/posts\/78501\/revisions"}],"wp:featuredmedia":[{"embeddable":true,"href":"https:\/\/informelitoral.com.ar\/%77%70%2d%6a%73%6f%6e\/wp\/v2\/media\/78503"}],"wp:attachment":[{"href":"https:\/\/informelitoral.com.ar\/%77%70%2d%6a%73%6f%6e\/wp\/v2\/media?parent=78501"}],"wp:term":[{"taxonomy":"category","embeddable":true,"href":"https:\/\/informelitoral.com.ar\/%77%70%2d%6a%73%6f%6e\/wp\/v2\/categories?post=78501"},{"taxonomy":"post_tag","embeddable":true,"href":"https:\/\/informelitoral.com.ar\/%77%70%2d%6a%73%6f%6e\/wp\/v2\/tags?post=78501"}],"curies":[{"name":"wp","href":"https:\/\/api.w.org\/{rel}","templated":true}]}}